{"id":1590,"date":"2020-09-13T10:15:23","date_gmt":"2020-09-13T08:15:23","guid":{"rendered":"https:\/\/radioleinewelle.de\/?p=1590"},"modified":"2020-09-13T10:15:23","modified_gmt":"2020-09-13T08:15:23","slug":"was-tun-gegen-hate-speech-und-digitale-gewalt","status":"publish","type":"post","link":"https:\/\/radioleinewelle.de\/index.php\/2020\/09\/13\/was-tun-gegen-hate-speech-und-digitale-gewalt\/","title":{"rendered":"Was tun gegen Hate Speech und digitale Gewalt?"},"content":{"rendered":"<div class=\"magazinetext\">\n<div class=\"magazineshorttext\">\n<p>Wo Frauen sich im Netz \u00f6ffentlich oder politisch \u00e4u\u00dfern, riskieren sie sexistische Anmache, pornografische P\u00f6beleien und Vergewaltigungsdrohungen. Hass im Netz hat eine Geschlechterdimension und Frauen sind von digitaler Gewalt besonders betroffen. Diesem Thema widmete sich die Veranstaltung \u201eHate Speech und digitale Gewalt gegen Frauen \u2013 Handlungsbedarf!\u201c.<\/p>\n<\/div>\n<\/div>\n<p>Hate Speech macht auch online vorhandene diskriminierende Auffassungen und Haltungen sichtbar und verst\u00e4rkt diese. Die Veranstaltung f\u00fchrte ein in das Ph\u00e4nomen der Hate Speech und digitalen Gewalt gegen Frauen machte gleichzeitig Mut, sich trotz alledem politisch einzumischen. Amina Yousaf, Netzaktivistin und Speakerin, gab einen \u00dcberblick \u00fcber die aktuelle Situation und die rechtlichen Rahmenbedingungen . Wie gro\u00df das Problem mittlerweile in der Kommunalpolitik ist, zeigen Umfragen. 40% der Rath\u00e4user haben es mittlerweile mit Stalking,und Drohungen zu tun, auch der Kontakt mit Reichsb\u00fcrgern bewegt sich auf hohem Niveau.<\/p>\n<p>Doris Schr\u00f6der-K\u00f6pf, MdL und Landesbeauftragte f\u00fcr Migration und Teilhabe, erlebt seit 20 Jahren Gewalt im Netz und berichtete \u00fcber ihre Erfahrungen w\u00e4hrend einer ca. halbst\u00fcndigen Liveschaltung.<\/p>\n<p>Mittlerweile haben auch die Justizbeh\u00f6rden die &#8222;Hatecrimes&#8220; im Netz deutlicher im Fokus. Svenja Meininghaus, Staatsanw\u00e4ltin der neugeschaffenen Zentralstelle zur Bek\u00e4mpfung der Hasskriminalit\u00e4t im Internet, gab einen \u00dcberblick \u00fcber gesetzliche Rahmenbedingungen und Ma\u00dfnahmen gegen die verbale Internetgewalt. Die Staatsanw\u00e4ltin ermutigt Betroffene, die Attacken nicht zu ignoriere, sondern aktiv mittels Anzeige dagegen vorzugehen. Voraussetzung ist die vorherige Meldung des Posts an das jeweilige Anbieterportal.<\/p>\n<p>Abschlie\u00dfend wurde eine ganze Palette von konkreten Ma\u00dfnahmen, unabh\u00e4ngig von einer m\u00f6glichen Strafverfolgung, pr\u00e4sentiert.\u00a0 Organisiert wurde die Veranstaltung im Ratssaal vom Gleichstellungsb\u00fcro der Stadt G\u00f6ttingen.<\/p>\n<p>Radio Leinewelle wird die Vortr\u00e4ge in den n\u00e4chsten Tagen als Podcast \u00a0zur Verf\u00fcgung stellen.<\/p>\n<p>Foto: Amina Yousaf, Svenja Meininghaus und Christine M\u00fcller \u00a9\u00a0Radio Leinewelle (ue)<\/p>\n","protected":false},"excerpt":{"rendered":"<p>Wo Frauen sich im Netz \u00f6ffentlich oder politisch \u00e4u\u00dfern, riskieren sie sexistische Anmache, pornografische P\u00f6beleien und Vergewaltigungsdrohungen. Hass im Netz hat eine Geschlechterdimension und Frauen sind von digitaler Gewalt besonders betroffen. Diesem Thema widmete sich die Veranstaltung \u201eHate Speech und digitale Gewalt gegen Frauen \u2013 Handlungsbedarf!\u201c. Hate Speech macht auch online vorhandene diskriminierende Auffassungen und [&hellip;]<\/p>\n","protected":false},"author":1,"featured_media":0,"comment_status":"closed","ping_status":"closed","sticky":false,"template":"","format":"standard","meta":{"saved_in_kubio":false,"footnotes":""},"categories":[1],"tags":[],"class_list":["post-1590","post","type-post","status-publish","format-standard","hentry","category-allgemein"],"yoast_head":"<!-- This site is optimized with the Yoast SEO plugin v27.5 - https:\/\/yoast.com\/product\/yoast-seo-wordpress\/ -->\n<title>Was tun gegen Hate Speech und digitale Gewalt? - Radio Leinewelle<\/title>\n<meta name=\"robots\" content=\"index, follow, max-snippet:-1, max-image-preview:large, max-video-preview:-1\" \/>\n<link rel=\"canonical\" href=\"https:\/\/radioleinewelle.de\/index.php\/2020\/09\/13\/was-tun-gegen-hate-speech-und-digitale-gewalt\/\" \/>\n<meta property=\"og:locale\" content=\"de_DE\" \/>\n<meta property=\"og:type\" content=\"article\" \/>\n<meta property=\"og:title\" content=\"Was tun gegen Hate Speech und digitale Gewalt? - Radio Leinewelle\" \/>\n<meta property=\"og:description\" content=\"Wo Frauen sich im Netz \u00f6ffentlich oder politisch \u00e4u\u00dfern, riskieren sie sexistische Anmache, pornografische P\u00f6beleien und Vergewaltigungsdrohungen. Hass im Netz hat eine Geschlechterdimension und Frauen sind von digitaler Gewalt besonders betroffen. Diesem Thema widmete sich die Veranstaltung \u201eHate Speech und digitale Gewalt gegen Frauen \u2013 Handlungsbedarf!\u201c. Hate Speech macht auch online vorhandene diskriminierende Auffassungen und [&hellip;]\" \/>\n<meta property=\"og:url\" content=\"https:\/\/radioleinewelle.de\/index.php\/2020\/09\/13\/was-tun-gegen-hate-speech-und-digitale-gewalt\/\" \/>\n<meta property=\"og:site_name\" content=\"Radio Leinewelle\" \/>\n<meta property=\"article:publisher\" content=\"https:\/\/www.facebook.com\/radioleinewelle\" \/>\n<meta property=\"article:author\" content=\"https:\/\/www.facebook.com\/radioleinewelle\" \/>\n<meta property=\"article:published_time\" content=\"2020-09-13T08:15:23+00:00\" \/>\n<meta name=\"author\" content=\"Leinewelle\" \/>\n<meta name=\"twitter:card\" content=\"summary_large_image\" \/>\n<meta name=\"twitter:creator\" content=\"@https:\/\/twitter.com\/RLeinewelle?ref_src=twsrcgoogletwcampserptwgrauthor\" \/>\n<meta name=\"twitter:site\" content=\"@RLeinewelle\" \/>\n<meta name=\"twitter:label1\" content=\"Verfasst von\" \/>\n\t<meta name=\"twitter:data1\" content=\"Leinewelle\" \/>\n\t<meta name=\"twitter:label2\" content=\"Gesch\u00e4tzte Lesezeit\" \/>\n\t<meta name=\"twitter:data2\" content=\"1\u00a0Minute\" \/>\n<script type=\"application\/ld+json\" class=\"yoast-schema-graph\">{\"@context\":\"https:\\\/\\\/schema.org\",\"@graph\":[{\"@type\":\"Article\",\"@id\":\"https:\\\/\\\/radioleinewelle.de\\\/index.php\\\/2020\\\/09\\\/13\\\/was-tun-gegen-hate-speech-und-digitale-gewalt\\\/#article\",\"isPartOf\":{\"@id\":\"https:\\\/\\\/radioleinewelle.de\\\/index.php\\\/2020\\\/09\\\/13\\\/was-tun-gegen-hate-speech-und-digitale-gewalt\\\/\"},\"author\":{\"name\":\"Leinewelle\",\"@id\":\"https:\\\/\\\/radioleinewelle.de\\\/#\\\/schema\\\/person\\\/45606f348637df637192dc1b68399a63\"},\"headline\":\"Was tun gegen Hate Speech und digitale Gewalt?\",\"datePublished\":\"2020-09-13T08:15:23+00:00\",\"mainEntityOfPage\":{\"@id\":\"https:\\\/\\\/radioleinewelle.de\\\/index.php\\\/2020\\\/09\\\/13\\\/was-tun-gegen-hate-speech-und-digitale-gewalt\\\/\"},\"wordCount\":304,\"publisher\":{\"@id\":\"https:\\\/\\\/radioleinewelle.de\\\/#organization\"},\"inLanguage\":\"de\"},{\"@type\":\"WebPage\",\"@id\":\"https:\\\/\\\/radioleinewelle.de\\\/index.php\\\/2020\\\/09\\\/13\\\/was-tun-gegen-hate-speech-und-digitale-gewalt\\\/\",\"url\":\"https:\\\/\\\/radioleinewelle.de\\\/index.php\\\/2020\\\/09\\\/13\\\/was-tun-gegen-hate-speech-und-digitale-gewalt\\\/\",\"name\":\"Was tun gegen Hate Speech und digitale Gewalt? - Radio Leinewelle\",\"isPartOf\":{\"@id\":\"https:\\\/\\\/radioleinewelle.de\\\/#website\"},\"datePublished\":\"2020-09-13T08:15:23+00:00\",\"breadcrumb\":{\"@id\":\"https:\\\/\\\/radioleinewelle.de\\\/index.php\\\/2020\\\/09\\\/13\\\/was-tun-gegen-hate-speech-und-digitale-gewalt\\\/#breadcrumb\"},\"inLanguage\":\"de\",\"potentialAction\":[{\"@type\":\"ReadAction\",\"target\":[\"https:\\\/\\\/radioleinewelle.de\\\/index.php\\\/2020\\\/09\\\/13\\\/was-tun-gegen-hate-speech-und-digitale-gewalt\\\/\"]}]},{\"@type\":\"BreadcrumbList\",\"@id\":\"https:\\\/\\\/radioleinewelle.de\\\/index.php\\\/2020\\\/09\\\/13\\\/was-tun-gegen-hate-speech-und-digitale-gewalt\\\/#breadcrumb\",\"itemListElement\":[{\"@type\":\"ListItem\",\"position\":1,\"name\":\"Startseite\",\"item\":\"https:\\\/\\\/radioleinewelle.de\\\/\"},{\"@type\":\"ListItem\",\"position\":2,\"name\":\"Was tun gegen Hate Speech und digitale Gewalt?\"}]},{\"@type\":\"WebSite\",\"@id\":\"https:\\\/\\\/radioleinewelle.de\\\/#website\",\"url\":\"https:\\\/\\\/radioleinewelle.de\\\/\",\"name\":\"Radio Leinewelle\",\"description\":\"\",\"publisher\":{\"@id\":\"https:\\\/\\\/radioleinewelle.de\\\/#organization\"},\"potentialAction\":[{\"@type\":\"SearchAction\",\"target\":{\"@type\":\"EntryPoint\",\"urlTemplate\":\"https:\\\/\\\/radioleinewelle.de\\\/?s={search_term_string}\"},\"query-input\":{\"@type\":\"PropertyValueSpecification\",\"valueRequired\":true,\"valueName\":\"search_term_string\"}}],\"inLanguage\":\"de\"},{\"@type\":\"Organization\",\"@id\":\"https:\\\/\\\/radioleinewelle.de\\\/#organization\",\"name\":\"Radio Leinewelle\",\"alternateName\":\"Mein Radio f\u00fcr S\u00fcdniedersachsen\",\"url\":\"https:\\\/\\\/radioleinewelle.de\\\/\",\"logo\":{\"@type\":\"ImageObject\",\"inLanguage\":\"de\",\"@id\":\"https:\\\/\\\/radioleinewelle.de\\\/#\\\/schema\\\/logo\\\/image\\\/\",\"url\":\"https:\\\/\\\/radioleinewelle.de\\\/wp-content\\\/uploads\\\/2023\\\/11\\\/cropped-Leinewelle_Logo_weiss.png\",\"contentUrl\":\"https:\\\/\\\/radioleinewelle.de\\\/wp-content\\\/uploads\\\/2023\\\/11\\\/cropped-Leinewelle_Logo_weiss.png\",\"width\":854,\"height\":260,\"caption\":\"Radio Leinewelle\"},\"image\":{\"@id\":\"https:\\\/\\\/radioleinewelle.de\\\/#\\\/schema\\\/logo\\\/image\\\/\"},\"sameAs\":[\"https:\\\/\\\/www.facebook.com\\\/radioleinewelle\",\"https:\\\/\\\/x.com\\\/RLeinewelle\",\"https:\\\/\\\/www.instagram.com\\\/radioleinewelle\\\/?hl=de\"]},{\"@type\":\"Person\",\"@id\":\"https:\\\/\\\/radioleinewelle.de\\\/#\\\/schema\\\/person\\\/45606f348637df637192dc1b68399a63\",\"name\":\"Leinewelle\",\"image\":{\"@type\":\"ImageObject\",\"inLanguage\":\"de\",\"@id\":\"https:\\\/\\\/secure.gravatar.com\\\/avatar\\\/05c9a17bc973052ee5d91549bd32fb4dd0dc85b7b85ae94b2e2b4943476bbea5?s=96&d=blank&r=g\",\"url\":\"https:\\\/\\\/secure.gravatar.com\\\/avatar\\\/05c9a17bc973052ee5d91549bd32fb4dd0dc85b7b85ae94b2e2b4943476bbea5?s=96&d=blank&r=g\",\"contentUrl\":\"https:\\\/\\\/secure.gravatar.com\\\/avatar\\\/05c9a17bc973052ee5d91549bd32fb4dd0dc85b7b85ae94b2e2b4943476bbea5?s=96&d=blank&r=g\",\"caption\":\"Leinewelle\"},\"sameAs\":[\"http:\\\/\\\/localhost\\\/radio%20leinewelle\\\/wordpress\",\"https:\\\/\\\/www.facebook.com\\\/radioleinewelle\",\"https:\\\/\\\/www.instagram.com\\\/radioleinewelle\",\"https:\\\/\\\/x.com\\\/https:\\\/\\\/twitter.com\\\/RLeinewelle?ref_src=twsrcgoogletwcampserptwgrauthor\",\"https:\\\/\\\/soundcloud.com\\\/foerderverein-lokalradio?utm_source=clipboard&utm_medium=text&utm_campaign=social_sharing\"],\"url\":\"https:\\\/\\\/radioleinewelle.de\\\/index.php\\\/author\\\/leinewelle\\\/\"}]}<\/script>\n<!-- \/ Yoast SEO plugin. -->","yoast_head_json":{"title":"Was tun gegen Hate Speech und digitale Gewalt? - Radio Leinewelle","robots":{"index":"index","follow":"follow","max-snippet":"max-snippet:-1","max-image-preview":"max-image-preview:large","max-video-preview":"max-video-preview:-1"},"canonical":"https:\/\/radioleinewelle.de\/index.php\/2020\/09\/13\/was-tun-gegen-hate-speech-und-digitale-gewalt\/","og_locale":"de_DE","og_type":"article","og_title":"Was tun gegen Hate Speech und digitale Gewalt? - Radio Leinewelle","og_description":"Wo Frauen sich im Netz \u00f6ffentlich oder politisch \u00e4u\u00dfern, riskieren sie sexistische Anmache, pornografische P\u00f6beleien und Vergewaltigungsdrohungen. Hass im Netz hat eine Geschlechterdimension und Frauen sind von digitaler Gewalt besonders betroffen. Diesem Thema widmete sich die Veranstaltung \u201eHate Speech und digitale Gewalt gegen Frauen \u2013 Handlungsbedarf!\u201c. Hate Speech macht auch online vorhandene diskriminierende Auffassungen und [&hellip;]","og_url":"https:\/\/radioleinewelle.de\/index.php\/2020\/09\/13\/was-tun-gegen-hate-speech-und-digitale-gewalt\/","og_site_name":"Radio Leinewelle","article_publisher":"https:\/\/www.facebook.com\/radioleinewelle","article_author":"https:\/\/www.facebook.com\/radioleinewelle","article_published_time":"2020-09-13T08:15:23+00:00","author":"Leinewelle","twitter_card":"summary_large_image","twitter_creator":"@https:\/\/twitter.com\/RLeinewelle?ref_src=twsrcgoogletwcampserptwgrauthor","twitter_site":"@RLeinewelle","twitter_misc":{"Verfasst von":"Leinewelle","Gesch\u00e4tzte Lesezeit":"1\u00a0Minute"},"schema":{"@context":"https:\/\/schema.org","@graph":[{"@type":"Article","@id":"https:\/\/radioleinewelle.de\/index.php\/2020\/09\/13\/was-tun-gegen-hate-speech-und-digitale-gewalt\/#article","isPartOf":{"@id":"https:\/\/radioleinewelle.de\/index.php\/2020\/09\/13\/was-tun-gegen-hate-speech-und-digitale-gewalt\/"},"author":{"name":"Leinewelle","@id":"https:\/\/radioleinewelle.de\/#\/schema\/person\/45606f348637df637192dc1b68399a63"},"headline":"Was tun gegen Hate Speech und digitale Gewalt?","datePublished":"2020-09-13T08:15:23+00:00","mainEntityOfPage":{"@id":"https:\/\/radioleinewelle.de\/index.php\/2020\/09\/13\/was-tun-gegen-hate-speech-und-digitale-gewalt\/"},"wordCount":304,"publisher":{"@id":"https:\/\/radioleinewelle.de\/#organization"},"inLanguage":"de"},{"@type":"WebPage","@id":"https:\/\/radioleinewelle.de\/index.php\/2020\/09\/13\/was-tun-gegen-hate-speech-und-digitale-gewalt\/","url":"https:\/\/radioleinewelle.de\/index.php\/2020\/09\/13\/was-tun-gegen-hate-speech-und-digitale-gewalt\/","name":"Was tun gegen Hate Speech und digitale Gewalt? - Radio Leinewelle","isPartOf":{"@id":"https:\/\/radioleinewelle.de\/#website"},"datePublished":"2020-09-13T08:15:23+00:00","breadcrumb":{"@id":"https:\/\/radioleinewelle.de\/index.php\/2020\/09\/13\/was-tun-gegen-hate-speech-und-digitale-gewalt\/#breadcrumb"},"inLanguage":"de","potentialAction":[{"@type":"ReadAction","target":["https:\/\/radioleinewelle.de\/index.php\/2020\/09\/13\/was-tun-gegen-hate-speech-und-digitale-gewalt\/"]}]},{"@type":"BreadcrumbList","@id":"https:\/\/radioleinewelle.de\/index.php\/2020\/09\/13\/was-tun-gegen-hate-speech-und-digitale-gewalt\/#breadcrumb","itemListElement":[{"@type":"ListItem","position":1,"name":"Startseite","item":"https:\/\/radioleinewelle.de\/"},{"@type":"ListItem","position":2,"name":"Was tun gegen Hate Speech und digitale Gewalt?"}]},{"@type":"WebSite","@id":"https:\/\/radioleinewelle.de\/#website","url":"https:\/\/radioleinewelle.de\/","name":"Radio Leinewelle","description":"","publisher":{"@id":"https:\/\/radioleinewelle.de\/#organization"},"potentialAction":[{"@type":"SearchAction","target":{"@type":"EntryPoint","urlTemplate":"https:\/\/radioleinewelle.de\/?s={search_term_string}"},"query-input":{"@type":"PropertyValueSpecification","valueRequired":true,"valueName":"search_term_string"}}],"inLanguage":"de"},{"@type":"Organization","@id":"https:\/\/radioleinewelle.de\/#organization","name":"Radio Leinewelle","alternateName":"Mein Radio f\u00fcr S\u00fcdniedersachsen","url":"https:\/\/radioleinewelle.de\/","logo":{"@type":"ImageObject","inLanguage":"de","@id":"https:\/\/radioleinewelle.de\/#\/schema\/logo\/image\/","url":"https:\/\/radioleinewelle.de\/wp-content\/uploads\/2023\/11\/cropped-Leinewelle_Logo_weiss.png","contentUrl":"https:\/\/radioleinewelle.de\/wp-content\/uploads\/2023\/11\/cropped-Leinewelle_Logo_weiss.png","width":854,"height":260,"caption":"Radio Leinewelle"},"image":{"@id":"https:\/\/radioleinewelle.de\/#\/schema\/logo\/image\/"},"sameAs":["https:\/\/www.facebook.com\/radioleinewelle","https:\/\/x.com\/RLeinewelle","https:\/\/www.instagram.com\/radioleinewelle\/?hl=de"]},{"@type":"Person","@id":"https:\/\/radioleinewelle.de\/#\/schema\/person\/45606f348637df637192dc1b68399a63","name":"Leinewelle","image":{"@type":"ImageObject","inLanguage":"de","@id":"https:\/\/secure.gravatar.com\/avatar\/05c9a17bc973052ee5d91549bd32fb4dd0dc85b7b85ae94b2e2b4943476bbea5?s=96&d=blank&r=g","url":"https:\/\/secure.gravatar.com\/avatar\/05c9a17bc973052ee5d91549bd32fb4dd0dc85b7b85ae94b2e2b4943476bbea5?s=96&d=blank&r=g","contentUrl":"https:\/\/secure.gravatar.com\/avatar\/05c9a17bc973052ee5d91549bd32fb4dd0dc85b7b85ae94b2e2b4943476bbea5?s=96&d=blank&r=g","caption":"Leinewelle"},"sameAs":["http:\/\/localhost\/radio%20leinewelle\/wordpress","https:\/\/www.facebook.com\/radioleinewelle","https:\/\/www.instagram.com\/radioleinewelle","https:\/\/x.com\/https:\/\/twitter.com\/RLeinewelle?ref_src=twsrcgoogletwcampserptwgrauthor","https:\/\/soundcloud.com\/foerderverein-lokalradio?utm_source=clipboard&utm_medium=text&utm_campaign=social_sharing"],"url":"https:\/\/radioleinewelle.de\/index.php\/author\/leinewelle\/"}]}},"_links":{"self":[{"href":"https:\/\/radioleinewelle.de\/index.php\/wp-json\/wp\/v2\/posts\/1590","targetHints":{"allow":["GET"]}}],"collection":[{"href":"https:\/\/radioleinewelle.de\/index.php\/wp-json\/wp\/v2\/posts"}],"about":[{"href":"https:\/\/radioleinewelle.de\/index.php\/wp-json\/wp\/v2\/types\/post"}],"author":[{"embeddable":true,"href":"https:\/\/radioleinewelle.de\/index.php\/wp-json\/wp\/v2\/users\/1"}],"replies":[{"embeddable":true,"href":"https:\/\/radioleinewelle.de\/index.php\/wp-json\/wp\/v2\/comments?post=1590"}],"version-history":[{"count":0,"href":"https:\/\/radioleinewelle.de\/index.php\/wp-json\/wp\/v2\/posts\/1590\/revisions"}],"wp:attachment":[{"href":"https:\/\/radioleinewelle.de\/index.php\/wp-json\/wp\/v2\/media?parent=1590"}],"wp:term":[{"taxonomy":"category","embeddable":true,"href":"https:\/\/radioleinewelle.de\/index.php\/wp-json\/wp\/v2\/categories?post=1590"},{"taxonomy":"post_tag","embeddable":true,"href":"https:\/\/radioleinewelle.de\/index.php\/wp-json\/wp\/v2\/tags?post=1590"}],"curies":[{"name":"wp","href":"https:\/\/api.w.org\/{rel}","templated":true}]}}