{"id":1598,"date":"2020-09-12T22:17:29","date_gmt":"2020-09-12T20:17:29","guid":{"rendered":"https:\/\/radioleinewelle.de\/?p=1598"},"modified":"2020-09-12T22:17:29","modified_gmt":"2020-09-12T20:17:29","slug":"weender-buerger-demonstrieren-gegen-geplantes-betonmischwerk","status":"publish","type":"post","link":"https:\/\/radioleinewelle.de\/index.php\/2020\/09\/12\/weender-buerger-demonstrieren-gegen-geplantes-betonmischwerk\/","title":{"rendered":"Weender B\u00fcrger demonstrieren gegen geplantes Betonmischwerk"},"content":{"rendered":"<p>(hr) Etwa 250 Personen (Polizeiangabe) demonstrierten heute in Weende gegen das geplante Gewerbegebiet auf dem Dragoneranger zwischen Weende und Holtenser Berg. Unter dem Motto \u201eAcker statt Beton\u201c ging die Demo vom Weender Freibad mit einem Zwischenstopp an der Kreuzung Hannoversche Stra\u00dfe\/Gro\u00dfe Breite bis zum Dragoneranger. Kritisiert wurde, dass durch das dort geplante Betonmischwerk wertvoller Ackerboden versiegelt<\/p>\n<p><img loading=\"lazy\" decoding=\"async\" class=\"alignnone size-full wp-image-1601\" src=\"https:\/\/radioleinewelle.de\/wp-content\/uploads\/2020\/09\/Demo-Weende-2-e1599941487306.jpg\" alt=\"Demo Weende 2\" width=\"600\" height=\"400\" srcset=\"https:\/\/radioleinewelle.de\/wp-content\/uploads\/2020\/09\/Demo-Weende-2-e1599941487306.jpg 600w, https:\/\/radioleinewelle.de\/wp-content\/uploads\/2020\/09\/Demo-Weende-2-e1599941487306-300x200.jpg 300w\" sizes=\"(max-width: 600px) 100vw, 600px\" \/><\/p>\n<p>und ein beliebtes\u00a0Naherholungsgebiet mit seltenem Vogelaufkommen zerst\u00f6rt werde.Au\u00dferdem bef\u00fcrchtet die B\u00fcrgerinitiative mehr L\u00e4rm, Staub und Umweltverschmutzung in Weende sowie ein erh\u00f6htes Verkehrsaufkommen durch Schwerlastverkehr auch in der Nacht.\u00a0Die Demo-Teilnehmer, darunter viele Kinder, forderten den sofortigen Stopp der Planungen, die von der Stadt G\u00f6ttingen allerdings als alternativlos bezeichnet werden.<\/p>\n<p>Fotos: \u00a9Radio Leinewelle (hr)<\/p>\n","protected":false},"excerpt":{"rendered":"<p>(hr) Etwa 250 Personen (Polizeiangabe) demonstrierten heute in Weende gegen das geplante Gewerbegebiet auf dem Dragoneranger zwischen Weende und Holtenser Berg. Unter dem Motto \u201eAcker statt Beton\u201c ging die Demo vom Weender Freibad mit einem Zwischenstopp an der Kreuzung Hannoversche Stra\u00dfe\/Gro\u00dfe Breite bis zum Dragoneranger. Kritisiert wurde, dass durch das dort geplante Betonmischwerk wertvoller Ackerboden [&hellip;]<\/p>\n","protected":false},"author":1,"featured_media":1599,"comment_status":"closed","ping_status":"closed","sticky":false,"template":"","format":"standard","meta":{"saved_in_kubio":false,"footnotes":""},"categories":[24],"tags":[],"class_list":["post-1598","post","type-post","status-publish","format-standard","has-post-thumbnail","hentry","category-news"],"yoast_head":"<!-- This site is optimized with the Yoast SEO plugin v27.5 - https:\/\/yoast.com\/product\/yoast-seo-wordpress\/ -->\n<title>Weender B\u00fcrger demonstrieren gegen geplantes Betonmischwerk - Radio Leinewelle<\/title>\n<meta name=\"robots\" content=\"index, follow, max-snippet:-1, max-image-preview:large, max-video-preview:-1\" \/>\n<link rel=\"canonical\" href=\"https:\/\/radioleinewelle.de\/index.php\/2020\/09\/12\/weender-buerger-demonstrieren-gegen-geplantes-betonmischwerk\/\" \/>\n<meta property=\"og:locale\" content=\"de_DE\" \/>\n<meta property=\"og:type\" content=\"article\" \/>\n<meta property=\"og:title\" content=\"Weender B\u00fcrger demonstrieren gegen geplantes Betonmischwerk - Radio Leinewelle\" \/>\n<meta property=\"og:description\" content=\"(hr) Etwa 250 Personen (Polizeiangabe) demonstrierten heute in Weende gegen das geplante Gewerbegebiet auf dem Dragoneranger zwischen Weende und Holtenser Berg. Unter dem Motto \u201eAcker statt Beton\u201c ging die Demo vom Weender Freibad mit einem Zwischenstopp an der Kreuzung Hannoversche Stra\u00dfe\/Gro\u00dfe Breite bis zum Dragoneranger. Kritisiert wurde, dass durch das dort geplante Betonmischwerk wertvoller Ackerboden [&hellip;]\" \/>\n<meta property=\"og:url\" content=\"https:\/\/radioleinewelle.de\/index.php\/2020\/09\/12\/weender-buerger-demonstrieren-gegen-geplantes-betonmischwerk\/\" \/>\n<meta property=\"og:site_name\" content=\"Radio Leinewelle\" \/>\n<meta property=\"article:publisher\" content=\"https:\/\/www.facebook.com\/radioleinewelle\" \/>\n<meta property=\"article:author\" content=\"https:\/\/www.facebook.com\/radioleinewelle\" \/>\n<meta property=\"article:published_time\" content=\"2020-09-12T20:17:29+00:00\" \/>\n<meta property=\"og:image\" content=\"https:\/\/radioleinewelle.de\/wp-content\/uploads\/2020\/09\/Demo-Weende-e1599941298317.jpg\" \/>\n\t<meta property=\"og:image:width\" content=\"600\" \/>\n\t<meta property=\"og:image:height\" content=\"400\" \/>\n\t<meta property=\"og:image:type\" content=\"image\/jpeg\" \/>\n<meta name=\"author\" content=\"Leinewelle\" \/>\n<meta name=\"twitter:card\" content=\"summary_large_image\" \/>\n<meta name=\"twitter:creator\" content=\"@https:\/\/twitter.com\/RLeinewelle?ref_src=twsrcgoogletwcampserptwgrauthor\" \/>\n<meta name=\"twitter:site\" content=\"@RLeinewelle\" \/>\n<meta name=\"twitter:label1\" content=\"Verfasst von\" \/>\n\t<meta name=\"twitter:data1\" content=\"Leinewelle\" \/>\n\t<meta name=\"twitter:label2\" content=\"Gesch\u00e4tzte Lesezeit\" \/>\n\t<meta name=\"twitter:data2\" content=\"1\u00a0Minute\" \/>\n<script type=\"application\/ld+json\" class=\"yoast-schema-graph\">{\"@context\":\"https:\\\/\\\/schema.org\",\"@graph\":[{\"@type\":\"Article\",\"@id\":\"https:\\\/\\\/radioleinewelle.de\\\/index.php\\\/2020\\\/09\\\/12\\\/weender-buerger-demonstrieren-gegen-geplantes-betonmischwerk\\\/#article\",\"isPartOf\":{\"@id\":\"https:\\\/\\\/radioleinewelle.de\\\/index.php\\\/2020\\\/09\\\/12\\\/weender-buerger-demonstrieren-gegen-geplantes-betonmischwerk\\\/\"},\"author\":{\"name\":\"Leinewelle\",\"@id\":\"https:\\\/\\\/radioleinewelle.de\\\/#\\\/schema\\\/person\\\/45606f348637df637192dc1b68399a63\"},\"headline\":\"Weender B\u00fcrger demonstrieren gegen geplantes Betonmischwerk\",\"datePublished\":\"2020-09-12T20:17:29+00:00\",\"mainEntityOfPage\":{\"@id\":\"https:\\\/\\\/radioleinewelle.de\\\/index.php\\\/2020\\\/09\\\/12\\\/weender-buerger-demonstrieren-gegen-geplantes-betonmischwerk\\\/\"},\"wordCount\":127,\"publisher\":{\"@id\":\"https:\\\/\\\/radioleinewelle.de\\\/#organization\"},\"image\":{\"@id\":\"https:\\\/\\\/radioleinewelle.de\\\/index.php\\\/2020\\\/09\\\/12\\\/weender-buerger-demonstrieren-gegen-geplantes-betonmischwerk\\\/#primaryimage\"},\"thumbnailUrl\":\"https:\\\/\\\/radioleinewelle.de\\\/wp-content\\\/uploads\\\/2020\\\/09\\\/Demo-Weende-e1599941298317.jpg\",\"articleSection\":[\"Aktuelle Nachrichten\"],\"inLanguage\":\"de\"},{\"@type\":\"WebPage\",\"@id\":\"https:\\\/\\\/radioleinewelle.de\\\/index.php\\\/2020\\\/09\\\/12\\\/weender-buerger-demonstrieren-gegen-geplantes-betonmischwerk\\\/\",\"url\":\"https:\\\/\\\/radioleinewelle.de\\\/index.php\\\/2020\\\/09\\\/12\\\/weender-buerger-demonstrieren-gegen-geplantes-betonmischwerk\\\/\",\"name\":\"Weender B\u00fcrger demonstrieren gegen geplantes Betonmischwerk - Radio Leinewelle\",\"isPartOf\":{\"@id\":\"https:\\\/\\\/radioleinewelle.de\\\/#website\"},\"primaryImageOfPage\":{\"@id\":\"https:\\\/\\\/radioleinewelle.de\\\/index.php\\\/2020\\\/09\\\/12\\\/weender-buerger-demonstrieren-gegen-geplantes-betonmischwerk\\\/#primaryimage\"},\"image\":{\"@id\":\"https:\\\/\\\/radioleinewelle.de\\\/index.php\\\/2020\\\/09\\\/12\\\/weender-buerger-demonstrieren-gegen-geplantes-betonmischwerk\\\/#primaryimage\"},\"thumbnailUrl\":\"https:\\\/\\\/radioleinewelle.de\\\/wp-content\\\/uploads\\\/2020\\\/09\\\/Demo-Weende-e1599941298317.jpg\",\"datePublished\":\"2020-09-12T20:17:29+00:00\",\"breadcrumb\":{\"@id\":\"https:\\\/\\\/radioleinewelle.de\\\/index.php\\\/2020\\\/09\\\/12\\\/weender-buerger-demonstrieren-gegen-geplantes-betonmischwerk\\\/#breadcrumb\"},\"inLanguage\":\"de\",\"potentialAction\":[{\"@type\":\"ReadAction\",\"target\":[\"https:\\\/\\\/radioleinewelle.de\\\/index.php\\\/2020\\\/09\\\/12\\\/weender-buerger-demonstrieren-gegen-geplantes-betonmischwerk\\\/\"]}]},{\"@type\":\"ImageObject\",\"inLanguage\":\"de\",\"@id\":\"https:\\\/\\\/radioleinewelle.de\\\/index.php\\\/2020\\\/09\\\/12\\\/weender-buerger-demonstrieren-gegen-geplantes-betonmischwerk\\\/#primaryimage\",\"url\":\"https:\\\/\\\/radioleinewelle.de\\\/wp-content\\\/uploads\\\/2020\\\/09\\\/Demo-Weende-e1599941298317.jpg\",\"contentUrl\":\"https:\\\/\\\/radioleinewelle.de\\\/wp-content\\\/uploads\\\/2020\\\/09\\\/Demo-Weende-e1599941298317.jpg\",\"width\":600,\"height\":400},{\"@type\":\"BreadcrumbList\",\"@id\":\"https:\\\/\\\/radioleinewelle.de\\\/index.php\\\/2020\\\/09\\\/12\\\/weender-buerger-demonstrieren-gegen-geplantes-betonmischwerk\\\/#breadcrumb\",\"itemListElement\":[{\"@type\":\"ListItem\",\"position\":1,\"name\":\"Startseite\",\"item\":\"https:\\\/\\\/radioleinewelle.de\\\/\"},{\"@type\":\"ListItem\",\"position\":2,\"name\":\"Weender B\u00fcrger demonstrieren gegen geplantes Betonmischwerk\"}]},{\"@type\":\"WebSite\",\"@id\":\"https:\\\/\\\/radioleinewelle.de\\\/#website\",\"url\":\"https:\\\/\\\/radioleinewelle.de\\\/\",\"name\":\"Radio Leinewelle\",\"description\":\"\",\"publisher\":{\"@id\":\"https:\\\/\\\/radioleinewelle.de\\\/#organization\"},\"potentialAction\":[{\"@type\":\"SearchAction\",\"target\":{\"@type\":\"EntryPoint\",\"urlTemplate\":\"https:\\\/\\\/radioleinewelle.de\\\/?s={search_term_string}\"},\"query-input\":{\"@type\":\"PropertyValueSpecification\",\"valueRequired\":true,\"valueName\":\"search_term_string\"}}],\"inLanguage\":\"de\"},{\"@type\":\"Organization\",\"@id\":\"https:\\\/\\\/radioleinewelle.de\\\/#organization\",\"name\":\"Radio Leinewelle\",\"alternateName\":\"Mein Radio f\u00fcr S\u00fcdniedersachsen\",\"url\":\"https:\\\/\\\/radioleinewelle.de\\\/\",\"logo\":{\"@type\":\"ImageObject\",\"inLanguage\":\"de\",\"@id\":\"https:\\\/\\\/radioleinewelle.de\\\/#\\\/schema\\\/logo\\\/image\\\/\",\"url\":\"https:\\\/\\\/radioleinewelle.de\\\/wp-content\\\/uploads\\\/2023\\\/11\\\/cropped-Leinewelle_Logo_weiss.png\",\"contentUrl\":\"https:\\\/\\\/radioleinewelle.de\\\/wp-content\\\/uploads\\\/2023\\\/11\\\/cropped-Leinewelle_Logo_weiss.png\",\"width\":854,\"height\":260,\"caption\":\"Radio Leinewelle\"},\"image\":{\"@id\":\"https:\\\/\\\/radioleinewelle.de\\\/#\\\/schema\\\/logo\\\/image\\\/\"},\"sameAs\":[\"https:\\\/\\\/www.facebook.com\\\/radioleinewelle\",\"https:\\\/\\\/x.com\\\/RLeinewelle\",\"https:\\\/\\\/www.instagram.com\\\/radioleinewelle\\\/?hl=de\"]},{\"@type\":\"Person\",\"@id\":\"https:\\\/\\\/radioleinewelle.de\\\/#\\\/schema\\\/person\\\/45606f348637df637192dc1b68399a63\",\"name\":\"Leinewelle\",\"image\":{\"@type\":\"ImageObject\",\"inLanguage\":\"de\",\"@id\":\"https:\\\/\\\/secure.gravatar.com\\\/avatar\\\/05c9a17bc973052ee5d91549bd32fb4dd0dc85b7b85ae94b2e2b4943476bbea5?s=96&d=blank&r=g\",\"url\":\"https:\\\/\\\/secure.gravatar.com\\\/avatar\\\/05c9a17bc973052ee5d91549bd32fb4dd0dc85b7b85ae94b2e2b4943476bbea5?s=96&d=blank&r=g\",\"contentUrl\":\"https:\\\/\\\/secure.gravatar.com\\\/avatar\\\/05c9a17bc973052ee5d91549bd32fb4dd0dc85b7b85ae94b2e2b4943476bbea5?s=96&d=blank&r=g\",\"caption\":\"Leinewelle\"},\"sameAs\":[\"http:\\\/\\\/localhost\\\/radio%20leinewelle\\\/wordpress\",\"https:\\\/\\\/www.facebook.com\\\/radioleinewelle\",\"https:\\\/\\\/www.instagram.com\\\/radioleinewelle\",\"https:\\\/\\\/x.com\\\/https:\\\/\\\/twitter.com\\\/RLeinewelle?ref_src=twsrcgoogletwcampserptwgrauthor\",\"https:\\\/\\\/soundcloud.com\\\/foerderverein-lokalradio?utm_source=clipboard&utm_medium=text&utm_campaign=social_sharing\"],\"url\":\"https:\\\/\\\/radioleinewelle.de\\\/index.php\\\/author\\\/leinewelle\\\/\"}]}<\/script>\n<!-- \/ Yoast SEO plugin. -->","yoast_head_json":{"title":"Weender B\u00fcrger demonstrieren gegen geplantes Betonmischwerk - Radio Leinewelle","robots":{"index":"index","follow":"follow","max-snippet":"max-snippet:-1","max-image-preview":"max-image-preview:large","max-video-preview":"max-video-preview:-1"},"canonical":"https:\/\/radioleinewelle.de\/index.php\/2020\/09\/12\/weender-buerger-demonstrieren-gegen-geplantes-betonmischwerk\/","og_locale":"de_DE","og_type":"article","og_title":"Weender B\u00fcrger demonstrieren gegen geplantes Betonmischwerk - Radio Leinewelle","og_description":"(hr) Etwa 250 Personen (Polizeiangabe) demonstrierten heute in Weende gegen das geplante Gewerbegebiet auf dem Dragoneranger zwischen Weende und Holtenser Berg. Unter dem Motto \u201eAcker statt Beton\u201c ging die Demo vom Weender Freibad mit einem Zwischenstopp an der Kreuzung Hannoversche Stra\u00dfe\/Gro\u00dfe Breite bis zum Dragoneranger. Kritisiert wurde, dass durch das dort geplante Betonmischwerk wertvoller Ackerboden [&hellip;]","og_url":"https:\/\/radioleinewelle.de\/index.php\/2020\/09\/12\/weender-buerger-demonstrieren-gegen-geplantes-betonmischwerk\/","og_site_name":"Radio Leinewelle","article_publisher":"https:\/\/www.facebook.com\/radioleinewelle","article_author":"https:\/\/www.facebook.com\/radioleinewelle","article_published_time":"2020-09-12T20:17:29+00:00","og_image":[{"width":600,"height":400,"url":"https:\/\/radioleinewelle.de\/wp-content\/uploads\/2020\/09\/Demo-Weende-e1599941298317.jpg","type":"image\/jpeg"}],"author":"Leinewelle","twitter_card":"summary_large_image","twitter_creator":"@https:\/\/twitter.com\/RLeinewelle?ref_src=twsrcgoogletwcampserptwgrauthor","twitter_site":"@RLeinewelle","twitter_misc":{"Verfasst von":"Leinewelle","Gesch\u00e4tzte Lesezeit":"1\u00a0Minute"},"schema":{"@context":"https:\/\/schema.org","@graph":[{"@type":"Article","@id":"https:\/\/radioleinewelle.de\/index.php\/2020\/09\/12\/weender-buerger-demonstrieren-gegen-geplantes-betonmischwerk\/#article","isPartOf":{"@id":"https:\/\/radioleinewelle.de\/index.php\/2020\/09\/12\/weender-buerger-demonstrieren-gegen-geplantes-betonmischwerk\/"},"author":{"name":"Leinewelle","@id":"https:\/\/radioleinewelle.de\/#\/schema\/person\/45606f348637df637192dc1b68399a63"},"headline":"Weender B\u00fcrger demonstrieren gegen geplantes Betonmischwerk","datePublished":"2020-09-12T20:17:29+00:00","mainEntityOfPage":{"@id":"https:\/\/radioleinewelle.de\/index.php\/2020\/09\/12\/weender-buerger-demonstrieren-gegen-geplantes-betonmischwerk\/"},"wordCount":127,"publisher":{"@id":"https:\/\/radioleinewelle.de\/#organization"},"image":{"@id":"https:\/\/radioleinewelle.de\/index.php\/2020\/09\/12\/weender-buerger-demonstrieren-gegen-geplantes-betonmischwerk\/#primaryimage"},"thumbnailUrl":"https:\/\/radioleinewelle.de\/wp-content\/uploads\/2020\/09\/Demo-Weende-e1599941298317.jpg","articleSection":["Aktuelle Nachrichten"],"inLanguage":"de"},{"@type":"WebPage","@id":"https:\/\/radioleinewelle.de\/index.php\/2020\/09\/12\/weender-buerger-demonstrieren-gegen-geplantes-betonmischwerk\/","url":"https:\/\/radioleinewelle.de\/index.php\/2020\/09\/12\/weender-buerger-demonstrieren-gegen-geplantes-betonmischwerk\/","name":"Weender B\u00fcrger demonstrieren gegen geplantes Betonmischwerk - Radio Leinewelle","isPartOf":{"@id":"https:\/\/radioleinewelle.de\/#website"},"primaryImageOfPage":{"@id":"https:\/\/radioleinewelle.de\/index.php\/2020\/09\/12\/weender-buerger-demonstrieren-gegen-geplantes-betonmischwerk\/#primaryimage"},"image":{"@id":"https:\/\/radioleinewelle.de\/index.php\/2020\/09\/12\/weender-buerger-demonstrieren-gegen-geplantes-betonmischwerk\/#primaryimage"},"thumbnailUrl":"https:\/\/radioleinewelle.de\/wp-content\/uploads\/2020\/09\/Demo-Weende-e1599941298317.jpg","datePublished":"2020-09-12T20:17:29+00:00","breadcrumb":{"@id":"https:\/\/radioleinewelle.de\/index.php\/2020\/09\/12\/weender-buerger-demonstrieren-gegen-geplantes-betonmischwerk\/#breadcrumb"},"inLanguage":"de","potentialAction":[{"@type":"ReadAction","target":["https:\/\/radioleinewelle.de\/index.php\/2020\/09\/12\/weender-buerger-demonstrieren-gegen-geplantes-betonmischwerk\/"]}]},{"@type":"ImageObject","inLanguage":"de","@id":"https:\/\/radioleinewelle.de\/index.php\/2020\/09\/12\/weender-buerger-demonstrieren-gegen-geplantes-betonmischwerk\/#primaryimage","url":"https:\/\/radioleinewelle.de\/wp-content\/uploads\/2020\/09\/Demo-Weende-e1599941298317.jpg","contentUrl":"https:\/\/radioleinewelle.de\/wp-content\/uploads\/2020\/09\/Demo-Weende-e1599941298317.jpg","width":600,"height":400},{"@type":"BreadcrumbList","@id":"https:\/\/radioleinewelle.de\/index.php\/2020\/09\/12\/weender-buerger-demonstrieren-gegen-geplantes-betonmischwerk\/#breadcrumb","itemListElement":[{"@type":"ListItem","position":1,"name":"Startseite","item":"https:\/\/radioleinewelle.de\/"},{"@type":"ListItem","position":2,"name":"Weender B\u00fcrger demonstrieren gegen geplantes Betonmischwerk"}]},{"@type":"WebSite","@id":"https:\/\/radioleinewelle.de\/#website","url":"https:\/\/radioleinewelle.de\/","name":"Radio Leinewelle","description":"","publisher":{"@id":"https:\/\/radioleinewelle.de\/#organization"},"potentialAction":[{"@type":"SearchAction","target":{"@type":"EntryPoint","urlTemplate":"https:\/\/radioleinewelle.de\/?s={search_term_string}"},"query-input":{"@type":"PropertyValueSpecification","valueRequired":true,"valueName":"search_term_string"}}],"inLanguage":"de"},{"@type":"Organization","@id":"https:\/\/radioleinewelle.de\/#organization","name":"Radio Leinewelle","alternateName":"Mein Radio f\u00fcr S\u00fcdniedersachsen","url":"https:\/\/radioleinewelle.de\/","logo":{"@type":"ImageObject","inLanguage":"de","@id":"https:\/\/radioleinewelle.de\/#\/schema\/logo\/image\/","url":"https:\/\/radioleinewelle.de\/wp-content\/uploads\/2023\/11\/cropped-Leinewelle_Logo_weiss.png","contentUrl":"https:\/\/radioleinewelle.de\/wp-content\/uploads\/2023\/11\/cropped-Leinewelle_Logo_weiss.png","width":854,"height":260,"caption":"Radio Leinewelle"},"image":{"@id":"https:\/\/radioleinewelle.de\/#\/schema\/logo\/image\/"},"sameAs":["https:\/\/www.facebook.com\/radioleinewelle","https:\/\/x.com\/RLeinewelle","https:\/\/www.instagram.com\/radioleinewelle\/?hl=de"]},{"@type":"Person","@id":"https:\/\/radioleinewelle.de\/#\/schema\/person\/45606f348637df637192dc1b68399a63","name":"Leinewelle","image":{"@type":"ImageObject","inLanguage":"de","@id":"https:\/\/secure.gravatar.com\/avatar\/05c9a17bc973052ee5d91549bd32fb4dd0dc85b7b85ae94b2e2b4943476bbea5?s=96&d=blank&r=g","url":"https:\/\/secure.gravatar.com\/avatar\/05c9a17bc973052ee5d91549bd32fb4dd0dc85b7b85ae94b2e2b4943476bbea5?s=96&d=blank&r=g","contentUrl":"https:\/\/secure.gravatar.com\/avatar\/05c9a17bc973052ee5d91549bd32fb4dd0dc85b7b85ae94b2e2b4943476bbea5?s=96&d=blank&r=g","caption":"Leinewelle"},"sameAs":["http:\/\/localhost\/radio%20leinewelle\/wordpress","https:\/\/www.facebook.com\/radioleinewelle","https:\/\/www.instagram.com\/radioleinewelle","https:\/\/x.com\/https:\/\/twitter.com\/RLeinewelle?ref_src=twsrcgoogletwcampserptwgrauthor","https:\/\/soundcloud.com\/foerderverein-lokalradio?utm_source=clipboard&utm_medium=text&utm_campaign=social_sharing"],"url":"https:\/\/radioleinewelle.de\/index.php\/author\/leinewelle\/"}]}},"_links":{"self":[{"href":"https:\/\/radioleinewelle.de\/index.php\/wp-json\/wp\/v2\/posts\/1598","targetHints":{"allow":["GET"]}}],"collection":[{"href":"https:\/\/radioleinewelle.de\/index.php\/wp-json\/wp\/v2\/posts"}],"about":[{"href":"https:\/\/radioleinewelle.de\/index.php\/wp-json\/wp\/v2\/types\/post"}],"author":[{"embeddable":true,"href":"https:\/\/radioleinewelle.de\/index.php\/wp-json\/wp\/v2\/users\/1"}],"replies":[{"embeddable":true,"href":"https:\/\/radioleinewelle.de\/index.php\/wp-json\/wp\/v2\/comments?post=1598"}],"version-history":[{"count":0,"href":"https:\/\/radioleinewelle.de\/index.php\/wp-json\/wp\/v2\/posts\/1598\/revisions"}],"wp:featuredmedia":[{"embeddable":true,"href":"https:\/\/radioleinewelle.de\/index.php\/wp-json\/wp\/v2\/media\/1599"}],"wp:attachment":[{"href":"https:\/\/radioleinewelle.de\/index.php\/wp-json\/wp\/v2\/media?parent=1598"}],"wp:term":[{"taxonomy":"category","embeddable":true,"href":"https:\/\/radioleinewelle.de\/index.php\/wp-json\/wp\/v2\/categories?post=1598"},{"taxonomy":"post_tag","embeddable":true,"href":"https:\/\/radioleinewelle.de\/index.php\/wp-json\/wp\/v2\/tags?post=1598"}],"curies":[{"name":"wp","href":"https:\/\/api.w.org\/{rel}","templated":true}]}}