{"id":1607,"date":"2020-09-12T22:32:57","date_gmt":"2020-09-12T20:32:57","guid":{"rendered":"https:\/\/radioleinewelle.de\/?p=1607"},"modified":"2020-09-12T22:32:57","modified_gmt":"2020-09-12T20:32:57","slug":"sonntag-13-09-themenfuehrung-zur-goettinger-wissenschaftsgeschichte","status":"publish","type":"post","link":"https:\/\/radioleinewelle.de\/index.php\/2020\/09\/12\/sonntag-13-09-themenfuehrung-zur-goettinger-wissenschaftsgeschichte\/","title":{"rendered":"Sonntag 13.09. &#8211; Themenf\u00fchrung zur G\u00f6ttinger Wissenschaftsgeschichte"},"content":{"rendered":"<p><span class=\"b\">Von Querdenkern, Pionieren und Nobelpreistr\u00e4gern &#8211; Themenf\u00fchrung zur G\u00f6ttinger Wissenschaftsgeschichte<\/span><\/p>\n<p><span class=\"b\">Universit\u00e4tsstadt G\u00f6ttingen (tig). Im Rahmen ihrer \u00f6ffentlichen Themenf\u00fchrungen bietet die Tourist-Information G\u00f6ttingen am Sonntag, 13. September 2020, einen Streifzug durch die G\u00f6ttinger Wissenschaftsgeschichte an. Im Mittelpunkt stehen &#8222;Querdenker, Pioniere und Nobelpreistr\u00e4ger&#8220; &#8211; so das Motto der F\u00fchrung.<\/span><\/p>\n<p>Zensur- und Religionsfreiheit und eine wohlsortierte, gut zug\u00e4ngliche Bibliothek lockten gleich zu Beginn zahlreiche helle K\u00f6pfe an die 1734 gegr\u00fcndete Georg-August-Universit\u00e4t G\u00f6ttingen. Die Professoren w\u00fcrden schon die Folgen ihres Tuns bedenken und sich notfalls selbst beschr\u00e4nken, davon gingen Gr\u00fcnder Georg August von Hannover und Kurator Gerlach Adolph von M\u00fcnchhausen fest aus. Und selbst Studenten durften B\u00fccher lesen. Darum ist die G\u00f6ttinger Universit\u00e4tsgeschichte auch eine Geschichte von wissenschaftlichen Gratwanderungen, technischen Revolutionen und ethischen Grenz\u00fcberschreitungen.<\/p>\n<p>Die Teilnehmerinnen und Teilnehmer erfahren auf diesem Rundgang, warum ein Blitzableiter nicht wider die g\u00f6ttliche Ordnung ist, warum ein weiblicher Kopf sehr wohl f\u00fcr die Mathematik geeignet ist und was die Entzifferung der babylonischen Keilschrift mit dem Star-Trek-Universum zu tun hat. Sie begegnen Rebellen und Opportunisten, Selbstzweiflern und Vision\u00e4ren. Und sie finden heraus, was passiert, wenn gleich drei Nobelpreistr\u00e4ger einen Bundeskanzler \u00f6ffentlich mahnen.<\/p>\n<p><strong><span class=\"b\">Die zweist\u00fcndige F\u00fchrung startet am Sonntag, 13.09.2020, um 11.00 Uhr vor der Tourist-Information am Alten Rathaus.<\/span><\/strong><\/p>\n<p>Karten sind in der Tourist-Information am Alten Rathaus zum Preis von 9,00 Euro pro Person erh\u00e4ltlich. Da die Teilnehmerzahl begrenzt ist, empfiehlt sich ein rechtzeitiger Kartenkauf oder die Vorbestellung unter Tel. (05 51) 4 99 80-31.F\u00fcr die Teilnahme gelten die Vorgaben der allgemeinen Verordnung des Landes Niedersachsen zum Schutz vor Neu-Infektionen mit dem Corona-Virus. Das bedeutet, dass die Teilnehmenden w\u00e4hrend des Stadtrundgangs eine Mund-Nasen-Bedeckung tragen sowie zu Personen aus einem fremden Haushalt mindestens 1,5 m Abstand halten m\u00fcssen. Auf der<a class=\"uri-ext outbound event-trigger\" href=\"https:\/\/www.facebook.com\/meingoettingen\" target=\"_blank\" data-category=\"story-outlink\" data-label=\"4702094\" data-action=\"click\" data-callback=\"link\" rel=\"noopener\"> Facebook-Seite<\/a> und dem neuen <a class=\"uri-ext outbound event-trigger\" href=\"https:\/\/www.instagram.com\/meingoettingen\/\" target=\"_blank\" data-category=\"story-outlink\" data-label=\"4702094\" data-action=\"click\" data-callback=\"link\" rel=\"noopener\">Instagram-Profil<\/a> \u201eMein G\u00f6ttingen\u201c informiert G\u00f6ttingen Tourismus regelm\u00e4\u00dfig \u00fcber weitere Stadtf\u00fchrungen und Veranstaltungen.<br \/>\nBild von <a href=\"https:\/\/pixabay.com\/de\/users\/Skitterphoto-324082\/?utm_source=link-attribution&amp;utm_medium=referral&amp;utm_campaign=image&amp;utm_content=1269450\">Rudy and Peter Skitterians<\/a> auf <a href=\"https:\/\/pixabay.com\/de\/?utm_source=link-attribution&amp;utm_medium=referral&amp;utm_campaign=image&amp;utm_content=1269450\">Pixabay<\/a><\/p>\n","protected":false},"excerpt":{"rendered":"<p>Von Querdenkern, Pionieren und Nobelpreistr\u00e4gern &#8211; Themenf\u00fchrung zur G\u00f6ttinger Wissenschaftsgeschichte Universit\u00e4tsstadt G\u00f6ttingen (tig). Im Rahmen ihrer \u00f6ffentlichen Themenf\u00fchrungen bietet die Tourist-Information G\u00f6ttingen am Sonntag, 13. September 2020, einen Streifzug durch die G\u00f6ttinger Wissenschaftsgeschichte an. Im Mittelpunkt stehen &#8222;Querdenker, Pioniere und Nobelpreistr\u00e4ger&#8220; &#8211; so das Motto der F\u00fchrung. Zensur- und Religionsfreiheit und eine wohlsortierte, gut zug\u00e4ngliche [&hellip;]<\/p>\n","protected":false},"author":1,"featured_media":0,"comment_status":"closed","ping_status":"closed","sticky":false,"template":"","format":"standard","meta":{"saved_in_kubio":false,"footnotes":""},"categories":[1],"tags":[],"class_list":["post-1607","post","type-post","status-publish","format-standard","hentry","category-allgemein"],"yoast_head":"<!-- This site is optimized with the Yoast SEO plugin v27.5 - https:\/\/yoast.com\/product\/yoast-seo-wordpress\/ -->\n<title>Sonntag 13.09. - Themenf\u00fchrung zur G\u00f6ttinger Wissenschaftsgeschichte - Radio Leinewelle<\/title>\n<meta name=\"robots\" content=\"index, follow, max-snippet:-1, max-image-preview:large, max-video-preview:-1\" \/>\n<link rel=\"canonical\" href=\"https:\/\/radioleinewelle.de\/index.php\/2020\/09\/12\/sonntag-13-09-themenfuehrung-zur-goettinger-wissenschaftsgeschichte\/\" \/>\n<meta property=\"og:locale\" content=\"de_DE\" \/>\n<meta property=\"og:type\" content=\"article\" \/>\n<meta property=\"og:title\" content=\"Sonntag 13.09. - Themenf\u00fchrung zur G\u00f6ttinger Wissenschaftsgeschichte - Radio Leinewelle\" \/>\n<meta property=\"og:description\" content=\"Von Querdenkern, Pionieren und Nobelpreistr\u00e4gern &#8211; Themenf\u00fchrung zur G\u00f6ttinger Wissenschaftsgeschichte Universit\u00e4tsstadt G\u00f6ttingen (tig). Im Rahmen ihrer \u00f6ffentlichen Themenf\u00fchrungen bietet die Tourist-Information G\u00f6ttingen am Sonntag, 13. September 2020, einen Streifzug durch die G\u00f6ttinger Wissenschaftsgeschichte an. Im Mittelpunkt stehen &#8222;Querdenker, Pioniere und Nobelpreistr\u00e4ger&#8220; &#8211; so das Motto der F\u00fchrung. Zensur- und Religionsfreiheit und eine wohlsortierte, gut zug\u00e4ngliche [&hellip;]\" \/>\n<meta property=\"og:url\" content=\"https:\/\/radioleinewelle.de\/index.php\/2020\/09\/12\/sonntag-13-09-themenfuehrung-zur-goettinger-wissenschaftsgeschichte\/\" \/>\n<meta property=\"og:site_name\" content=\"Radio Leinewelle\" \/>\n<meta property=\"article:publisher\" content=\"https:\/\/www.facebook.com\/radioleinewelle\" \/>\n<meta property=\"article:author\" content=\"https:\/\/www.facebook.com\/radioleinewelle\" \/>\n<meta property=\"article:published_time\" content=\"2020-09-12T20:32:57+00:00\" \/>\n<meta name=\"author\" content=\"Leinewelle\" \/>\n<meta name=\"twitter:card\" content=\"summary_large_image\" \/>\n<meta name=\"twitter:creator\" content=\"@https:\/\/twitter.com\/RLeinewelle?ref_src=twsrcgoogletwcampserptwgrauthor\" \/>\n<meta name=\"twitter:site\" content=\"@RLeinewelle\" \/>\n<meta name=\"twitter:label1\" content=\"Verfasst von\" \/>\n\t<meta name=\"twitter:data1\" content=\"Leinewelle\" \/>\n\t<meta name=\"twitter:label2\" content=\"Gesch\u00e4tzte Lesezeit\" \/>\n\t<meta name=\"twitter:data2\" content=\"2\u00a0Minuten\" \/>\n<script type=\"application\/ld+json\" class=\"yoast-schema-graph\">{\"@context\":\"https:\\\/\\\/schema.org\",\"@graph\":[{\"@type\":\"Article\",\"@id\":\"https:\\\/\\\/radioleinewelle.de\\\/index.php\\\/2020\\\/09\\\/12\\\/sonntag-13-09-themenfuehrung-zur-goettinger-wissenschaftsgeschichte\\\/#article\",\"isPartOf\":{\"@id\":\"https:\\\/\\\/radioleinewelle.de\\\/index.php\\\/2020\\\/09\\\/12\\\/sonntag-13-09-themenfuehrung-zur-goettinger-wissenschaftsgeschichte\\\/\"},\"author\":{\"name\":\"Leinewelle\",\"@id\":\"https:\\\/\\\/radioleinewelle.de\\\/#\\\/schema\\\/person\\\/45606f348637df637192dc1b68399a63\"},\"headline\":\"Sonntag 13.09. &#8211; Themenf\u00fchrung zur G\u00f6ttinger Wissenschaftsgeschichte\",\"datePublished\":\"2020-09-12T20:32:57+00:00\",\"mainEntityOfPage\":{\"@id\":\"https:\\\/\\\/radioleinewelle.de\\\/index.php\\\/2020\\\/09\\\/12\\\/sonntag-13-09-themenfuehrung-zur-goettinger-wissenschaftsgeschichte\\\/\"},\"wordCount\":338,\"publisher\":{\"@id\":\"https:\\\/\\\/radioleinewelle.de\\\/#organization\"},\"inLanguage\":\"de\"},{\"@type\":\"WebPage\",\"@id\":\"https:\\\/\\\/radioleinewelle.de\\\/index.php\\\/2020\\\/09\\\/12\\\/sonntag-13-09-themenfuehrung-zur-goettinger-wissenschaftsgeschichte\\\/\",\"url\":\"https:\\\/\\\/radioleinewelle.de\\\/index.php\\\/2020\\\/09\\\/12\\\/sonntag-13-09-themenfuehrung-zur-goettinger-wissenschaftsgeschichte\\\/\",\"name\":\"Sonntag 13.09. - Themenf\u00fchrung zur G\u00f6ttinger Wissenschaftsgeschichte - Radio Leinewelle\",\"isPartOf\":{\"@id\":\"https:\\\/\\\/radioleinewelle.de\\\/#website\"},\"datePublished\":\"2020-09-12T20:32:57+00:00\",\"breadcrumb\":{\"@id\":\"https:\\\/\\\/radioleinewelle.de\\\/index.php\\\/2020\\\/09\\\/12\\\/sonntag-13-09-themenfuehrung-zur-goettinger-wissenschaftsgeschichte\\\/#breadcrumb\"},\"inLanguage\":\"de\",\"potentialAction\":[{\"@type\":\"ReadAction\",\"target\":[\"https:\\\/\\\/radioleinewelle.de\\\/index.php\\\/2020\\\/09\\\/12\\\/sonntag-13-09-themenfuehrung-zur-goettinger-wissenschaftsgeschichte\\\/\"]}]},{\"@type\":\"BreadcrumbList\",\"@id\":\"https:\\\/\\\/radioleinewelle.de\\\/index.php\\\/2020\\\/09\\\/12\\\/sonntag-13-09-themenfuehrung-zur-goettinger-wissenschaftsgeschichte\\\/#breadcrumb\",\"itemListElement\":[{\"@type\":\"ListItem\",\"position\":1,\"name\":\"Startseite\",\"item\":\"https:\\\/\\\/radioleinewelle.de\\\/\"},{\"@type\":\"ListItem\",\"position\":2,\"name\":\"Sonntag 13.09. &#8211; Themenf\u00fchrung zur G\u00f6ttinger Wissenschaftsgeschichte\"}]},{\"@type\":\"WebSite\",\"@id\":\"https:\\\/\\\/radioleinewelle.de\\\/#website\",\"url\":\"https:\\\/\\\/radioleinewelle.de\\\/\",\"name\":\"Radio Leinewelle\",\"description\":\"\",\"publisher\":{\"@id\":\"https:\\\/\\\/radioleinewelle.de\\\/#organization\"},\"potentialAction\":[{\"@type\":\"SearchAction\",\"target\":{\"@type\":\"EntryPoint\",\"urlTemplate\":\"https:\\\/\\\/radioleinewelle.de\\\/?s={search_term_string}\"},\"query-input\":{\"@type\":\"PropertyValueSpecification\",\"valueRequired\":true,\"valueName\":\"search_term_string\"}}],\"inLanguage\":\"de\"},{\"@type\":\"Organization\",\"@id\":\"https:\\\/\\\/radioleinewelle.de\\\/#organization\",\"name\":\"Radio Leinewelle\",\"alternateName\":\"Mein Radio f\u00fcr S\u00fcdniedersachsen\",\"url\":\"https:\\\/\\\/radioleinewelle.de\\\/\",\"logo\":{\"@type\":\"ImageObject\",\"inLanguage\":\"de\",\"@id\":\"https:\\\/\\\/radioleinewelle.de\\\/#\\\/schema\\\/logo\\\/image\\\/\",\"url\":\"https:\\\/\\\/radioleinewelle.de\\\/wp-content\\\/uploads\\\/2023\\\/11\\\/cropped-Leinewelle_Logo_weiss.png\",\"contentUrl\":\"https:\\\/\\\/radioleinewelle.de\\\/wp-content\\\/uploads\\\/2023\\\/11\\\/cropped-Leinewelle_Logo_weiss.png\",\"width\":854,\"height\":260,\"caption\":\"Radio Leinewelle\"},\"image\":{\"@id\":\"https:\\\/\\\/radioleinewelle.de\\\/#\\\/schema\\\/logo\\\/image\\\/\"},\"sameAs\":[\"https:\\\/\\\/www.facebook.com\\\/radioleinewelle\",\"https:\\\/\\\/x.com\\\/RLeinewelle\",\"https:\\\/\\\/www.instagram.com\\\/radioleinewelle\\\/?hl=de\"]},{\"@type\":\"Person\",\"@id\":\"https:\\\/\\\/radioleinewelle.de\\\/#\\\/schema\\\/person\\\/45606f348637df637192dc1b68399a63\",\"name\":\"Leinewelle\",\"image\":{\"@type\":\"ImageObject\",\"inLanguage\":\"de\",\"@id\":\"https:\\\/\\\/secure.gravatar.com\\\/avatar\\\/05c9a17bc973052ee5d91549bd32fb4dd0dc85b7b85ae94b2e2b4943476bbea5?s=96&d=blank&r=g\",\"url\":\"https:\\\/\\\/secure.gravatar.com\\\/avatar\\\/05c9a17bc973052ee5d91549bd32fb4dd0dc85b7b85ae94b2e2b4943476bbea5?s=96&d=blank&r=g\",\"contentUrl\":\"https:\\\/\\\/secure.gravatar.com\\\/avatar\\\/05c9a17bc973052ee5d91549bd32fb4dd0dc85b7b85ae94b2e2b4943476bbea5?s=96&d=blank&r=g\",\"caption\":\"Leinewelle\"},\"sameAs\":[\"http:\\\/\\\/localhost\\\/radio%20leinewelle\\\/wordpress\",\"https:\\\/\\\/www.facebook.com\\\/radioleinewelle\",\"https:\\\/\\\/www.instagram.com\\\/radioleinewelle\",\"https:\\\/\\\/x.com\\\/https:\\\/\\\/twitter.com\\\/RLeinewelle?ref_src=twsrcgoogletwcampserptwgrauthor\",\"https:\\\/\\\/soundcloud.com\\\/foerderverein-lokalradio?utm_source=clipboard&utm_medium=text&utm_campaign=social_sharing\"],\"url\":\"https:\\\/\\\/radioleinewelle.de\\\/index.php\\\/author\\\/leinewelle\\\/\"}]}<\/script>\n<!-- \/ Yoast SEO plugin. -->","yoast_head_json":{"title":"Sonntag 13.09. - Themenf\u00fchrung zur G\u00f6ttinger Wissenschaftsgeschichte - Radio Leinewelle","robots":{"index":"index","follow":"follow","max-snippet":"max-snippet:-1","max-image-preview":"max-image-preview:large","max-video-preview":"max-video-preview:-1"},"canonical":"https:\/\/radioleinewelle.de\/index.php\/2020\/09\/12\/sonntag-13-09-themenfuehrung-zur-goettinger-wissenschaftsgeschichte\/","og_locale":"de_DE","og_type":"article","og_title":"Sonntag 13.09. - Themenf\u00fchrung zur G\u00f6ttinger Wissenschaftsgeschichte - Radio Leinewelle","og_description":"Von Querdenkern, Pionieren und Nobelpreistr\u00e4gern &#8211; Themenf\u00fchrung zur G\u00f6ttinger Wissenschaftsgeschichte Universit\u00e4tsstadt G\u00f6ttingen (tig). Im Rahmen ihrer \u00f6ffentlichen Themenf\u00fchrungen bietet die Tourist-Information G\u00f6ttingen am Sonntag, 13. September 2020, einen Streifzug durch die G\u00f6ttinger Wissenschaftsgeschichte an. Im Mittelpunkt stehen &#8222;Querdenker, Pioniere und Nobelpreistr\u00e4ger&#8220; &#8211; so das Motto der F\u00fchrung. Zensur- und Religionsfreiheit und eine wohlsortierte, gut zug\u00e4ngliche [&hellip;]","og_url":"https:\/\/radioleinewelle.de\/index.php\/2020\/09\/12\/sonntag-13-09-themenfuehrung-zur-goettinger-wissenschaftsgeschichte\/","og_site_name":"Radio Leinewelle","article_publisher":"https:\/\/www.facebook.com\/radioleinewelle","article_author":"https:\/\/www.facebook.com\/radioleinewelle","article_published_time":"2020-09-12T20:32:57+00:00","author":"Leinewelle","twitter_card":"summary_large_image","twitter_creator":"@https:\/\/twitter.com\/RLeinewelle?ref_src=twsrcgoogletwcampserptwgrauthor","twitter_site":"@RLeinewelle","twitter_misc":{"Verfasst von":"Leinewelle","Gesch\u00e4tzte Lesezeit":"2\u00a0Minuten"},"schema":{"@context":"https:\/\/schema.org","@graph":[{"@type":"Article","@id":"https:\/\/radioleinewelle.de\/index.php\/2020\/09\/12\/sonntag-13-09-themenfuehrung-zur-goettinger-wissenschaftsgeschichte\/#article","isPartOf":{"@id":"https:\/\/radioleinewelle.de\/index.php\/2020\/09\/12\/sonntag-13-09-themenfuehrung-zur-goettinger-wissenschaftsgeschichte\/"},"author":{"name":"Leinewelle","@id":"https:\/\/radioleinewelle.de\/#\/schema\/person\/45606f348637df637192dc1b68399a63"},"headline":"Sonntag 13.09. &#8211; Themenf\u00fchrung zur G\u00f6ttinger Wissenschaftsgeschichte","datePublished":"2020-09-12T20:32:57+00:00","mainEntityOfPage":{"@id":"https:\/\/radioleinewelle.de\/index.php\/2020\/09\/12\/sonntag-13-09-themenfuehrung-zur-goettinger-wissenschaftsgeschichte\/"},"wordCount":338,"publisher":{"@id":"https:\/\/radioleinewelle.de\/#organization"},"inLanguage":"de"},{"@type":"WebPage","@id":"https:\/\/radioleinewelle.de\/index.php\/2020\/09\/12\/sonntag-13-09-themenfuehrung-zur-goettinger-wissenschaftsgeschichte\/","url":"https:\/\/radioleinewelle.de\/index.php\/2020\/09\/12\/sonntag-13-09-themenfuehrung-zur-goettinger-wissenschaftsgeschichte\/","name":"Sonntag 13.09. - Themenf\u00fchrung zur G\u00f6ttinger Wissenschaftsgeschichte - Radio Leinewelle","isPartOf":{"@id":"https:\/\/radioleinewelle.de\/#website"},"datePublished":"2020-09-12T20:32:57+00:00","breadcrumb":{"@id":"https:\/\/radioleinewelle.de\/index.php\/2020\/09\/12\/sonntag-13-09-themenfuehrung-zur-goettinger-wissenschaftsgeschichte\/#breadcrumb"},"inLanguage":"de","potentialAction":[{"@type":"ReadAction","target":["https:\/\/radioleinewelle.de\/index.php\/2020\/09\/12\/sonntag-13-09-themenfuehrung-zur-goettinger-wissenschaftsgeschichte\/"]}]},{"@type":"BreadcrumbList","@id":"https:\/\/radioleinewelle.de\/index.php\/2020\/09\/12\/sonntag-13-09-themenfuehrung-zur-goettinger-wissenschaftsgeschichte\/#breadcrumb","itemListElement":[{"@type":"ListItem","position":1,"name":"Startseite","item":"https:\/\/radioleinewelle.de\/"},{"@type":"ListItem","position":2,"name":"Sonntag 13.09. &#8211; Themenf\u00fchrung zur G\u00f6ttinger Wissenschaftsgeschichte"}]},{"@type":"WebSite","@id":"https:\/\/radioleinewelle.de\/#website","url":"https:\/\/radioleinewelle.de\/","name":"Radio Leinewelle","description":"","publisher":{"@id":"https:\/\/radioleinewelle.de\/#organization"},"potentialAction":[{"@type":"SearchAction","target":{"@type":"EntryPoint","urlTemplate":"https:\/\/radioleinewelle.de\/?s={search_term_string}"},"query-input":{"@type":"PropertyValueSpecification","valueRequired":true,"valueName":"search_term_string"}}],"inLanguage":"de"},{"@type":"Organization","@id":"https:\/\/radioleinewelle.de\/#organization","name":"Radio Leinewelle","alternateName":"Mein Radio f\u00fcr S\u00fcdniedersachsen","url":"https:\/\/radioleinewelle.de\/","logo":{"@type":"ImageObject","inLanguage":"de","@id":"https:\/\/radioleinewelle.de\/#\/schema\/logo\/image\/","url":"https:\/\/radioleinewelle.de\/wp-content\/uploads\/2023\/11\/cropped-Leinewelle_Logo_weiss.png","contentUrl":"https:\/\/radioleinewelle.de\/wp-content\/uploads\/2023\/11\/cropped-Leinewelle_Logo_weiss.png","width":854,"height":260,"caption":"Radio Leinewelle"},"image":{"@id":"https:\/\/radioleinewelle.de\/#\/schema\/logo\/image\/"},"sameAs":["https:\/\/www.facebook.com\/radioleinewelle","https:\/\/x.com\/RLeinewelle","https:\/\/www.instagram.com\/radioleinewelle\/?hl=de"]},{"@type":"Person","@id":"https:\/\/radioleinewelle.de\/#\/schema\/person\/45606f348637df637192dc1b68399a63","name":"Leinewelle","image":{"@type":"ImageObject","inLanguage":"de","@id":"https:\/\/secure.gravatar.com\/avatar\/05c9a17bc973052ee5d91549bd32fb4dd0dc85b7b85ae94b2e2b4943476bbea5?s=96&d=blank&r=g","url":"https:\/\/secure.gravatar.com\/avatar\/05c9a17bc973052ee5d91549bd32fb4dd0dc85b7b85ae94b2e2b4943476bbea5?s=96&d=blank&r=g","contentUrl":"https:\/\/secure.gravatar.com\/avatar\/05c9a17bc973052ee5d91549bd32fb4dd0dc85b7b85ae94b2e2b4943476bbea5?s=96&d=blank&r=g","caption":"Leinewelle"},"sameAs":["http:\/\/localhost\/radio%20leinewelle\/wordpress","https:\/\/www.facebook.com\/radioleinewelle","https:\/\/www.instagram.com\/radioleinewelle","https:\/\/x.com\/https:\/\/twitter.com\/RLeinewelle?ref_src=twsrcgoogletwcampserptwgrauthor","https:\/\/soundcloud.com\/foerderverein-lokalradio?utm_source=clipboard&utm_medium=text&utm_campaign=social_sharing"],"url":"https:\/\/radioleinewelle.de\/index.php\/author\/leinewelle\/"}]}},"_links":{"self":[{"href":"https:\/\/radioleinewelle.de\/index.php\/wp-json\/wp\/v2\/posts\/1607","targetHints":{"allow":["GET"]}}],"collection":[{"href":"https:\/\/radioleinewelle.de\/index.php\/wp-json\/wp\/v2\/posts"}],"about":[{"href":"https:\/\/radioleinewelle.de\/index.php\/wp-json\/wp\/v2\/types\/post"}],"author":[{"embeddable":true,"href":"https:\/\/radioleinewelle.de\/index.php\/wp-json\/wp\/v2\/users\/1"}],"replies":[{"embeddable":true,"href":"https:\/\/radioleinewelle.de\/index.php\/wp-json\/wp\/v2\/comments?post=1607"}],"version-history":[{"count":0,"href":"https:\/\/radioleinewelle.de\/index.php\/wp-json\/wp\/v2\/posts\/1607\/revisions"}],"wp:attachment":[{"href":"https:\/\/radioleinewelle.de\/index.php\/wp-json\/wp\/v2\/media?parent=1607"}],"wp:term":[{"taxonomy":"category","embeddable":true,"href":"https:\/\/radioleinewelle.de\/index.php\/wp-json\/wp\/v2\/categories?post=1607"},{"taxonomy":"post_tag","embeddable":true,"href":"https:\/\/radioleinewelle.de\/index.php\/wp-json\/wp\/v2\/tags?post=1607"}],"curies":[{"name":"wp","href":"https:\/\/api.w.org\/{rel}","templated":true}]}}