{"id":16089,"date":"2022-10-06T09:24:00","date_gmt":"2022-10-06T07:24:00","guid":{"rendered":"https:\/\/radioleinewelle.de\/?p=16089"},"modified":"2022-10-06T09:24:00","modified_gmt":"2022-10-06T07:24:00","slug":"heute-auf-ein-wort-mit-stephan-weil","status":"publish","type":"post","link":"https:\/\/radioleinewelle.de\/index.php\/2022\/10\/06\/heute-auf-ein-wort-mit-stephan-weil\/","title":{"rendered":"&#8222;Auf ein Wort&#8220; mit Stephan Weil"},"content":{"rendered":"\n<p>Der nieders\u00e4chsische Ministerpr\u00e4sident Stephan Weil war gestern auf Wahlkampftour in G\u00f6ttingen. Die Veranstaltung &#8222;Auf ein Wort\u201c mit Stephan Weil&nbsp;fand vor dem Alten Rathaus in G\u00f6ttingen statt. Neben dem SPD-Landesvorsitzenden stellten sich auch die vier sozialdemokratischen LandtagskandidatInnen B\u00e4rbel Diebel-Geries, Gerd Hujahn, Karola Margraf und Alexander Saade  gemeinsam mit Stephan Weil den Fragen der B\u00fcrgerinnen und B\u00fcrger. Die Thematik ging Querbeet. \u00dcber die Fortsetzung des 9 Eurotickets und die Probleme des \u00f6ffentlichen Nahverkehrs, die Haltung zu einem Tempolimit, das Energieproblem und die steigenden Mietpreise. Mit gro\u00dfen Finanzzusagen hielt sich der Ministerpr\u00e4sident zur\u00fcck. Ca. 200 B\u00fcrger und B\u00fcrgerinnen verfolgten die Veranstaltung. Nur wenige St\u00f6rer versuchen sich bei der Veranstaltung bemerkbar zu machen. Am kommenden Sonntag haben jetzt die W\u00e4hler*innen das letzte Wort.<\/p>\n\n\n\n<p><strong>Foto: <\/strong>\u00a9Radio Leinewelle (je)<\/p>\n","protected":false},"excerpt":{"rendered":"<p>Der nieders\u00e4chsische Ministerpr\u00e4sident Stephan Weil war gestern auf Wahlkampftour in G\u00f6ttingen. Die Veranstaltung &#8222;Auf ein Wort\u201c mit Stephan Weil&nbsp;fand vor dem Alten Rathaus in G\u00f6ttingen statt. Neben dem SPD-Landesvorsitzenden stellten sich auch die vier sozialdemokratischen LandtagskandidatInnen B\u00e4rbel Diebel-Geries, Gerd Hujahn, Karola Margraf und Alexander Saade gemeinsam mit Stephan Weil den Fragen der B\u00fcrgerinnen und B\u00fcrger. [&hellip;]<\/p>\n","protected":false},"author":1,"featured_media":16107,"comment_status":"closed","ping_status":"closed","sticky":false,"template":"","format":"standard","meta":{"saved_in_kubio":false,"footnotes":""},"categories":[3378],"tags":[3414,125,3415],"class_list":["post-16089","post","type-post","status-publish","format-standard","has-post-thumbnail","hentry","category-wahlen-2022","tag-landtagswahlen","tag-stephan-weil","tag-wahlkampf"],"yoast_head":"<!-- This site is optimized with the Yoast SEO plugin v27.5 - https:\/\/yoast.com\/product\/yoast-seo-wordpress\/ -->\n<title>&quot;Auf ein Wort&quot; mit Stephan Weil - Radio Leinewelle<\/title>\n<meta name=\"robots\" content=\"index, follow, max-snippet:-1, max-image-preview:large, max-video-preview:-1\" \/>\n<link rel=\"canonical\" href=\"https:\/\/radioleinewelle.de\/index.php\/2022\/10\/06\/heute-auf-ein-wort-mit-stephan-weil\/\" \/>\n<meta property=\"og:locale\" content=\"de_DE\" \/>\n<meta property=\"og:type\" content=\"article\" \/>\n<meta property=\"og:title\" content=\"&quot;Auf ein Wort&quot; mit Stephan Weil - Radio Leinewelle\" \/>\n<meta property=\"og:description\" content=\"Der nieders\u00e4chsische Ministerpr\u00e4sident Stephan Weil war gestern auf Wahlkampftour in G\u00f6ttingen. Die Veranstaltung &#8222;Auf ein Wort\u201c mit Stephan Weil&nbsp;fand vor dem Alten Rathaus in G\u00f6ttingen statt. Neben dem SPD-Landesvorsitzenden stellten sich auch die vier sozialdemokratischen LandtagskandidatInnen B\u00e4rbel Diebel-Geries, Gerd Hujahn, Karola Margraf und Alexander Saade gemeinsam mit Stephan Weil den Fragen der B\u00fcrgerinnen und B\u00fcrger. [&hellip;]\" \/>\n<meta property=\"og:url\" content=\"https:\/\/radioleinewelle.de\/index.php\/2022\/10\/06\/heute-auf-ein-wort-mit-stephan-weil\/\" \/>\n<meta property=\"og:site_name\" content=\"Radio Leinewelle\" \/>\n<meta property=\"article:publisher\" content=\"https:\/\/www.facebook.com\/radioleinewelle\" \/>\n<meta property=\"article:author\" content=\"https:\/\/www.facebook.com\/radioleinewelle\" \/>\n<meta property=\"article:published_time\" content=\"2022-10-06T07:24:00+00:00\" \/>\n<meta property=\"og:image\" content=\"https:\/\/radioleinewelle.de\/wp-content\/uploads\/2022\/10\/Auf-ein-Wort-Stephan-Weil-Goettingen-95-1-scaled-e1665044202319.jpg\" \/>\n\t<meta property=\"og:image:width\" content=\"546\" \/>\n\t<meta property=\"og:image:height\" content=\"343\" \/>\n\t<meta property=\"og:image:type\" content=\"image\/jpeg\" \/>\n<meta name=\"author\" content=\"Leinewelle\" \/>\n<meta name=\"twitter:card\" content=\"summary_large_image\" \/>\n<meta name=\"twitter:creator\" content=\"@https:\/\/twitter.com\/RLeinewelle?ref_src=twsrcgoogletwcampserptwgrauthor\" \/>\n<meta name=\"twitter:site\" content=\"@RLeinewelle\" \/>\n<meta name=\"twitter:label1\" content=\"Verfasst von\" \/>\n\t<meta name=\"twitter:data1\" content=\"Leinewelle\" \/>\n<script type=\"application\/ld+json\" class=\"yoast-schema-graph\">{\"@context\":\"https:\\\/\\\/schema.org\",\"@graph\":[{\"@type\":\"Article\",\"@id\":\"https:\\\/\\\/radioleinewelle.de\\\/index.php\\\/2022\\\/10\\\/06\\\/heute-auf-ein-wort-mit-stephan-weil\\\/#article\",\"isPartOf\":{\"@id\":\"https:\\\/\\\/radioleinewelle.de\\\/index.php\\\/2022\\\/10\\\/06\\\/heute-auf-ein-wort-mit-stephan-weil\\\/\"},\"author\":{\"name\":\"Leinewelle\",\"@id\":\"https:\\\/\\\/radioleinewelle.de\\\/#\\\/schema\\\/person\\\/45606f348637df637192dc1b68399a63\"},\"headline\":\"&#8222;Auf ein Wort&#8220; mit Stephan Weil\",\"datePublished\":\"2022-10-06T07:24:00+00:00\",\"mainEntityOfPage\":{\"@id\":\"https:\\\/\\\/radioleinewelle.de\\\/index.php\\\/2022\\\/10\\\/06\\\/heute-auf-ein-wort-mit-stephan-weil\\\/\"},\"wordCount\":144,\"publisher\":{\"@id\":\"https:\\\/\\\/radioleinewelle.de\\\/#organization\"},\"image\":{\"@id\":\"https:\\\/\\\/radioleinewelle.de\\\/index.php\\\/2022\\\/10\\\/06\\\/heute-auf-ein-wort-mit-stephan-weil\\\/#primaryimage\"},\"thumbnailUrl\":\"https:\\\/\\\/radioleinewelle.de\\\/wp-content\\\/uploads\\\/2022\\\/10\\\/Auf-ein-Wort-Stephan-Weil-Goettingen-95-1-scaled-e1665044202319.jpg\",\"keywords\":[\"Landtagswahlen\",\"Stephan Weil\",\"Wahlkampf\"],\"articleSection\":[\"Wahlen 2022\"],\"inLanguage\":\"de\"},{\"@type\":\"WebPage\",\"@id\":\"https:\\\/\\\/radioleinewelle.de\\\/index.php\\\/2022\\\/10\\\/06\\\/heute-auf-ein-wort-mit-stephan-weil\\\/\",\"url\":\"https:\\\/\\\/radioleinewelle.de\\\/index.php\\\/2022\\\/10\\\/06\\\/heute-auf-ein-wort-mit-stephan-weil\\\/\",\"name\":\"\\\"Auf ein Wort\\\" mit Stephan Weil - Radio Leinewelle\",\"isPartOf\":{\"@id\":\"https:\\\/\\\/radioleinewelle.de\\\/#website\"},\"primaryImageOfPage\":{\"@id\":\"https:\\\/\\\/radioleinewelle.de\\\/index.php\\\/2022\\\/10\\\/06\\\/heute-auf-ein-wort-mit-stephan-weil\\\/#primaryimage\"},\"image\":{\"@id\":\"https:\\\/\\\/radioleinewelle.de\\\/index.php\\\/2022\\\/10\\\/06\\\/heute-auf-ein-wort-mit-stephan-weil\\\/#primaryimage\"},\"thumbnailUrl\":\"https:\\\/\\\/radioleinewelle.de\\\/wp-content\\\/uploads\\\/2022\\\/10\\\/Auf-ein-Wort-Stephan-Weil-Goettingen-95-1-scaled-e1665044202319.jpg\",\"datePublished\":\"2022-10-06T07:24:00+00:00\",\"breadcrumb\":{\"@id\":\"https:\\\/\\\/radioleinewelle.de\\\/index.php\\\/2022\\\/10\\\/06\\\/heute-auf-ein-wort-mit-stephan-weil\\\/#breadcrumb\"},\"inLanguage\":\"de\",\"potentialAction\":[{\"@type\":\"ReadAction\",\"target\":[\"https:\\\/\\\/radioleinewelle.de\\\/index.php\\\/2022\\\/10\\\/06\\\/heute-auf-ein-wort-mit-stephan-weil\\\/\"]}]},{\"@type\":\"ImageObject\",\"inLanguage\":\"de\",\"@id\":\"https:\\\/\\\/radioleinewelle.de\\\/index.php\\\/2022\\\/10\\\/06\\\/heute-auf-ein-wort-mit-stephan-weil\\\/#primaryimage\",\"url\":\"https:\\\/\\\/radioleinewelle.de\\\/wp-content\\\/uploads\\\/2022\\\/10\\\/Auf-ein-Wort-Stephan-Weil-Goettingen-95-1-scaled-e1665044202319.jpg\",\"contentUrl\":\"https:\\\/\\\/radioleinewelle.de\\\/wp-content\\\/uploads\\\/2022\\\/10\\\/Auf-ein-Wort-Stephan-Weil-Goettingen-95-1-scaled-e1665044202319.jpg\",\"width\":546,\"height\":343},{\"@type\":\"BreadcrumbList\",\"@id\":\"https:\\\/\\\/radioleinewelle.de\\\/index.php\\\/2022\\\/10\\\/06\\\/heute-auf-ein-wort-mit-stephan-weil\\\/#breadcrumb\",\"itemListElement\":[{\"@type\":\"ListItem\",\"position\":1,\"name\":\"Startseite\",\"item\":\"https:\\\/\\\/radioleinewelle.de\\\/\"},{\"@type\":\"ListItem\",\"position\":2,\"name\":\"&#8222;Auf ein Wort&#8220; mit Stephan Weil\"}]},{\"@type\":\"WebSite\",\"@id\":\"https:\\\/\\\/radioleinewelle.de\\\/#website\",\"url\":\"https:\\\/\\\/radioleinewelle.de\\\/\",\"name\":\"Radio Leinewelle\",\"description\":\"\",\"publisher\":{\"@id\":\"https:\\\/\\\/radioleinewelle.de\\\/#organization\"},\"potentialAction\":[{\"@type\":\"SearchAction\",\"target\":{\"@type\":\"EntryPoint\",\"urlTemplate\":\"https:\\\/\\\/radioleinewelle.de\\\/?s={search_term_string}\"},\"query-input\":{\"@type\":\"PropertyValueSpecification\",\"valueRequired\":true,\"valueName\":\"search_term_string\"}}],\"inLanguage\":\"de\"},{\"@type\":\"Organization\",\"@id\":\"https:\\\/\\\/radioleinewelle.de\\\/#organization\",\"name\":\"Radio Leinewelle\",\"alternateName\":\"Mein Radio f\u00fcr S\u00fcdniedersachsen\",\"url\":\"https:\\\/\\\/radioleinewelle.de\\\/\",\"logo\":{\"@type\":\"ImageObject\",\"inLanguage\":\"de\",\"@id\":\"https:\\\/\\\/radioleinewelle.de\\\/#\\\/schema\\\/logo\\\/image\\\/\",\"url\":\"https:\\\/\\\/radioleinewelle.de\\\/wp-content\\\/uploads\\\/2023\\\/11\\\/cropped-Leinewelle_Logo_weiss.png\",\"contentUrl\":\"https:\\\/\\\/radioleinewelle.de\\\/wp-content\\\/uploads\\\/2023\\\/11\\\/cropped-Leinewelle_Logo_weiss.png\",\"width\":854,\"height\":260,\"caption\":\"Radio Leinewelle\"},\"image\":{\"@id\":\"https:\\\/\\\/radioleinewelle.de\\\/#\\\/schema\\\/logo\\\/image\\\/\"},\"sameAs\":[\"https:\\\/\\\/www.facebook.com\\\/radioleinewelle\",\"https:\\\/\\\/x.com\\\/RLeinewelle\",\"https:\\\/\\\/www.instagram.com\\\/radioleinewelle\\\/?hl=de\"]},{\"@type\":\"Person\",\"@id\":\"https:\\\/\\\/radioleinewelle.de\\\/#\\\/schema\\\/person\\\/45606f348637df637192dc1b68399a63\",\"name\":\"Leinewelle\",\"image\":{\"@type\":\"ImageObject\",\"inLanguage\":\"de\",\"@id\":\"https:\\\/\\\/secure.gravatar.com\\\/avatar\\\/05c9a17bc973052ee5d91549bd32fb4dd0dc85b7b85ae94b2e2b4943476bbea5?s=96&d=blank&r=g\",\"url\":\"https:\\\/\\\/secure.gravatar.com\\\/avatar\\\/05c9a17bc973052ee5d91549bd32fb4dd0dc85b7b85ae94b2e2b4943476bbea5?s=96&d=blank&r=g\",\"contentUrl\":\"https:\\\/\\\/secure.gravatar.com\\\/avatar\\\/05c9a17bc973052ee5d91549bd32fb4dd0dc85b7b85ae94b2e2b4943476bbea5?s=96&d=blank&r=g\",\"caption\":\"Leinewelle\"},\"sameAs\":[\"http:\\\/\\\/localhost\\\/radio%20leinewelle\\\/wordpress\",\"https:\\\/\\\/www.facebook.com\\\/radioleinewelle\",\"https:\\\/\\\/www.instagram.com\\\/radioleinewelle\",\"https:\\\/\\\/x.com\\\/https:\\\/\\\/twitter.com\\\/RLeinewelle?ref_src=twsrcgoogletwcampserptwgrauthor\",\"https:\\\/\\\/soundcloud.com\\\/foerderverein-lokalradio?utm_source=clipboard&utm_medium=text&utm_campaign=social_sharing\"],\"url\":\"https:\\\/\\\/radioleinewelle.de\\\/index.php\\\/author\\\/leinewelle\\\/\"}]}<\/script>\n<!-- \/ Yoast SEO plugin. -->","yoast_head_json":{"title":"\"Auf ein Wort\" mit Stephan Weil - Radio Leinewelle","robots":{"index":"index","follow":"follow","max-snippet":"max-snippet:-1","max-image-preview":"max-image-preview:large","max-video-preview":"max-video-preview:-1"},"canonical":"https:\/\/radioleinewelle.de\/index.php\/2022\/10\/06\/heute-auf-ein-wort-mit-stephan-weil\/","og_locale":"de_DE","og_type":"article","og_title":"\"Auf ein Wort\" mit Stephan Weil - Radio Leinewelle","og_description":"Der nieders\u00e4chsische Ministerpr\u00e4sident Stephan Weil war gestern auf Wahlkampftour in G\u00f6ttingen. Die Veranstaltung &#8222;Auf ein Wort\u201c mit Stephan Weil&nbsp;fand vor dem Alten Rathaus in G\u00f6ttingen statt. Neben dem SPD-Landesvorsitzenden stellten sich auch die vier sozialdemokratischen LandtagskandidatInnen B\u00e4rbel Diebel-Geries, Gerd Hujahn, Karola Margraf und Alexander Saade gemeinsam mit Stephan Weil den Fragen der B\u00fcrgerinnen und B\u00fcrger. [&hellip;]","og_url":"https:\/\/radioleinewelle.de\/index.php\/2022\/10\/06\/heute-auf-ein-wort-mit-stephan-weil\/","og_site_name":"Radio Leinewelle","article_publisher":"https:\/\/www.facebook.com\/radioleinewelle","article_author":"https:\/\/www.facebook.com\/radioleinewelle","article_published_time":"2022-10-06T07:24:00+00:00","og_image":[{"width":546,"height":343,"url":"https:\/\/radioleinewelle.de\/wp-content\/uploads\/2022\/10\/Auf-ein-Wort-Stephan-Weil-Goettingen-95-1-scaled-e1665044202319.jpg","type":"image\/jpeg"}],"author":"Leinewelle","twitter_card":"summary_large_image","twitter_creator":"@https:\/\/twitter.com\/RLeinewelle?ref_src=twsrcgoogletwcampserptwgrauthor","twitter_site":"@RLeinewelle","twitter_misc":{"Verfasst von":"Leinewelle"},"schema":{"@context":"https:\/\/schema.org","@graph":[{"@type":"Article","@id":"https:\/\/radioleinewelle.de\/index.php\/2022\/10\/06\/heute-auf-ein-wort-mit-stephan-weil\/#article","isPartOf":{"@id":"https:\/\/radioleinewelle.de\/index.php\/2022\/10\/06\/heute-auf-ein-wort-mit-stephan-weil\/"},"author":{"name":"Leinewelle","@id":"https:\/\/radioleinewelle.de\/#\/schema\/person\/45606f348637df637192dc1b68399a63"},"headline":"&#8222;Auf ein Wort&#8220; mit Stephan Weil","datePublished":"2022-10-06T07:24:00+00:00","mainEntityOfPage":{"@id":"https:\/\/radioleinewelle.de\/index.php\/2022\/10\/06\/heute-auf-ein-wort-mit-stephan-weil\/"},"wordCount":144,"publisher":{"@id":"https:\/\/radioleinewelle.de\/#organization"},"image":{"@id":"https:\/\/radioleinewelle.de\/index.php\/2022\/10\/06\/heute-auf-ein-wort-mit-stephan-weil\/#primaryimage"},"thumbnailUrl":"https:\/\/radioleinewelle.de\/wp-content\/uploads\/2022\/10\/Auf-ein-Wort-Stephan-Weil-Goettingen-95-1-scaled-e1665044202319.jpg","keywords":["Landtagswahlen","Stephan Weil","Wahlkampf"],"articleSection":["Wahlen 2022"],"inLanguage":"de"},{"@type":"WebPage","@id":"https:\/\/radioleinewelle.de\/index.php\/2022\/10\/06\/heute-auf-ein-wort-mit-stephan-weil\/","url":"https:\/\/radioleinewelle.de\/index.php\/2022\/10\/06\/heute-auf-ein-wort-mit-stephan-weil\/","name":"\"Auf ein Wort\" mit Stephan Weil - Radio Leinewelle","isPartOf":{"@id":"https:\/\/radioleinewelle.de\/#website"},"primaryImageOfPage":{"@id":"https:\/\/radioleinewelle.de\/index.php\/2022\/10\/06\/heute-auf-ein-wort-mit-stephan-weil\/#primaryimage"},"image":{"@id":"https:\/\/radioleinewelle.de\/index.php\/2022\/10\/06\/heute-auf-ein-wort-mit-stephan-weil\/#primaryimage"},"thumbnailUrl":"https:\/\/radioleinewelle.de\/wp-content\/uploads\/2022\/10\/Auf-ein-Wort-Stephan-Weil-Goettingen-95-1-scaled-e1665044202319.jpg","datePublished":"2022-10-06T07:24:00+00:00","breadcrumb":{"@id":"https:\/\/radioleinewelle.de\/index.php\/2022\/10\/06\/heute-auf-ein-wort-mit-stephan-weil\/#breadcrumb"},"inLanguage":"de","potentialAction":[{"@type":"ReadAction","target":["https:\/\/radioleinewelle.de\/index.php\/2022\/10\/06\/heute-auf-ein-wort-mit-stephan-weil\/"]}]},{"@type":"ImageObject","inLanguage":"de","@id":"https:\/\/radioleinewelle.de\/index.php\/2022\/10\/06\/heute-auf-ein-wort-mit-stephan-weil\/#primaryimage","url":"https:\/\/radioleinewelle.de\/wp-content\/uploads\/2022\/10\/Auf-ein-Wort-Stephan-Weil-Goettingen-95-1-scaled-e1665044202319.jpg","contentUrl":"https:\/\/radioleinewelle.de\/wp-content\/uploads\/2022\/10\/Auf-ein-Wort-Stephan-Weil-Goettingen-95-1-scaled-e1665044202319.jpg","width":546,"height":343},{"@type":"BreadcrumbList","@id":"https:\/\/radioleinewelle.de\/index.php\/2022\/10\/06\/heute-auf-ein-wort-mit-stephan-weil\/#breadcrumb","itemListElement":[{"@type":"ListItem","position":1,"name":"Startseite","item":"https:\/\/radioleinewelle.de\/"},{"@type":"ListItem","position":2,"name":"&#8222;Auf ein Wort&#8220; mit Stephan Weil"}]},{"@type":"WebSite","@id":"https:\/\/radioleinewelle.de\/#website","url":"https:\/\/radioleinewelle.de\/","name":"Radio Leinewelle","description":"","publisher":{"@id":"https:\/\/radioleinewelle.de\/#organization"},"potentialAction":[{"@type":"SearchAction","target":{"@type":"EntryPoint","urlTemplate":"https:\/\/radioleinewelle.de\/?s={search_term_string}"},"query-input":{"@type":"PropertyValueSpecification","valueRequired":true,"valueName":"search_term_string"}}],"inLanguage":"de"},{"@type":"Organization","@id":"https:\/\/radioleinewelle.de\/#organization","name":"Radio Leinewelle","alternateName":"Mein Radio f\u00fcr S\u00fcdniedersachsen","url":"https:\/\/radioleinewelle.de\/","logo":{"@type":"ImageObject","inLanguage":"de","@id":"https:\/\/radioleinewelle.de\/#\/schema\/logo\/image\/","url":"https:\/\/radioleinewelle.de\/wp-content\/uploads\/2023\/11\/cropped-Leinewelle_Logo_weiss.png","contentUrl":"https:\/\/radioleinewelle.de\/wp-content\/uploads\/2023\/11\/cropped-Leinewelle_Logo_weiss.png","width":854,"height":260,"caption":"Radio Leinewelle"},"image":{"@id":"https:\/\/radioleinewelle.de\/#\/schema\/logo\/image\/"},"sameAs":["https:\/\/www.facebook.com\/radioleinewelle","https:\/\/x.com\/RLeinewelle","https:\/\/www.instagram.com\/radioleinewelle\/?hl=de"]},{"@type":"Person","@id":"https:\/\/radioleinewelle.de\/#\/schema\/person\/45606f348637df637192dc1b68399a63","name":"Leinewelle","image":{"@type":"ImageObject","inLanguage":"de","@id":"https:\/\/secure.gravatar.com\/avatar\/05c9a17bc973052ee5d91549bd32fb4dd0dc85b7b85ae94b2e2b4943476bbea5?s=96&d=blank&r=g","url":"https:\/\/secure.gravatar.com\/avatar\/05c9a17bc973052ee5d91549bd32fb4dd0dc85b7b85ae94b2e2b4943476bbea5?s=96&d=blank&r=g","contentUrl":"https:\/\/secure.gravatar.com\/avatar\/05c9a17bc973052ee5d91549bd32fb4dd0dc85b7b85ae94b2e2b4943476bbea5?s=96&d=blank&r=g","caption":"Leinewelle"},"sameAs":["http:\/\/localhost\/radio%20leinewelle\/wordpress","https:\/\/www.facebook.com\/radioleinewelle","https:\/\/www.instagram.com\/radioleinewelle","https:\/\/x.com\/https:\/\/twitter.com\/RLeinewelle?ref_src=twsrcgoogletwcampserptwgrauthor","https:\/\/soundcloud.com\/foerderverein-lokalradio?utm_source=clipboard&utm_medium=text&utm_campaign=social_sharing"],"url":"https:\/\/radioleinewelle.de\/index.php\/author\/leinewelle\/"}]}},"_links":{"self":[{"href":"https:\/\/radioleinewelle.de\/index.php\/wp-json\/wp\/v2\/posts\/16089","targetHints":{"allow":["GET"]}}],"collection":[{"href":"https:\/\/radioleinewelle.de\/index.php\/wp-json\/wp\/v2\/posts"}],"about":[{"href":"https:\/\/radioleinewelle.de\/index.php\/wp-json\/wp\/v2\/types\/post"}],"author":[{"embeddable":true,"href":"https:\/\/radioleinewelle.de\/index.php\/wp-json\/wp\/v2\/users\/1"}],"replies":[{"embeddable":true,"href":"https:\/\/radioleinewelle.de\/index.php\/wp-json\/wp\/v2\/comments?post=16089"}],"version-history":[{"count":0,"href":"https:\/\/radioleinewelle.de\/index.php\/wp-json\/wp\/v2\/posts\/16089\/revisions"}],"wp:featuredmedia":[{"embeddable":true,"href":"https:\/\/radioleinewelle.de\/index.php\/wp-json\/wp\/v2\/media\/16107"}],"wp:attachment":[{"href":"https:\/\/radioleinewelle.de\/index.php\/wp-json\/wp\/v2\/media?parent=16089"}],"wp:term":[{"taxonomy":"category","embeddable":true,"href":"https:\/\/radioleinewelle.de\/index.php\/wp-json\/wp\/v2\/categories?post=16089"},{"taxonomy":"post_tag","embeddable":true,"href":"https:\/\/radioleinewelle.de\/index.php\/wp-json\/wp\/v2\/tags?post=16089"}],"curies":[{"name":"wp","href":"https:\/\/api.w.org\/{rel}","templated":true}]}}