{"id":1613,"date":"2020-09-13T10:00:19","date_gmt":"2020-09-13T08:00:19","guid":{"rendered":"https:\/\/radioleinewelle.de\/?p=1613"},"modified":"2020-09-13T10:00:19","modified_gmt":"2020-09-13T08:00:19","slug":"landratswahl-2021-spd-will-kreisdezernent-marcel-riethig-als-landratskandidat","status":"publish","type":"post","link":"https:\/\/radioleinewelle.de\/index.php\/2020\/09\/13\/landratswahl-2021-spd-will-kreisdezernent-marcel-riethig-als-landratskandidat\/","title":{"rendered":"Landratswahl 2021: SPD will Kreisdezernent Marcel Riethig als Landratskandidat"},"content":{"rendered":"<div class=\"article__section\">\n<div class=\"text u-font-weight-bold\">Der SPD-Unterbezirksvorstand will bei der Landratswahl im September 2021 den Kreisrat Marcel Riethig ins Rennen schicken. Nachdem Landrat Bernhard Reuter seinen Verzicht auf eine erneute Kandidatur angek\u00fcndigt hatte, nominierte der Vorstand den aus Bovenden stammenden Sozialdemokraten Riethig einstimmig als m\u00f6glichen Nachfolger.<\/div>\n<\/div>\n<div class=\"article__section\">\n<div class=\"text\">\n<p>\u201eSowohl der Landkreis als auch der SPD-Unterbezirk G\u00f6ttingen sind Landrat Bernhard Reuter zu gro\u00dfem Dank verpflichtet. Zu seinen herausragenden Leistungen geh\u00f6rt die erfolgreiche Fusion der Landkreise G\u00f6ttingen und Osterode. Zugleich hat er den Landkreis nach Jahren der Misswirtschaft entschuldet und finanziell wieder auf sicheren Boden gestellt\u201c, erkl\u00e4rt Thomas Oppermann, SPD-Unterbezirksvorsitzender. \u201eMarcel Riethig ist ein Kandidat, der an diese Erfolge nahtlos ankn\u00fcpfen kann\u201c, ist Oppermann \u00fcberzeugt. \u201eMit Marcel Riethig wollen wir auch einen Generationenwechsel vollziehen \u2013 mit ihm haben wir einen jungen und zugleich schon sehr erfahrenen Kandidaten gewinnen k\u00f6nnen.\u201c<\/p>\n<p>Riethig: \u201eIch kandidiere, weil ich f\u00fcr meine Heimat weiter Verantwortung \u00fcbernehmen m\u00f6chte. In den St\u00e4dten und Gemeinden unseres Landkreises leben viele Menschen, die mit guten Ideen, Tatkraft und Leidenschaft unser Miteinander gestalten. Sie sind Mutmacher. Ich bin total motiviert, als Landrat mit diesen Menschen unseren Landkreis in die Zukunft zu f\u00fchren. Gemeinsam will ich ein neues Miteinander gestalten\u201c.<\/p>\n<p>Drei Kernthemen sind Riethig besonders wichtig: \u201eIch will, dass wir ein kinderfreundlicher Landkreis bleiben und Familien weiter st\u00e4rken. Dort, wo Kinder gut aufwachsen k\u00f6nnen, f\u00fchlen sich alle Menschen wohl.\u201c Weiterhin will Riethig die Unternehmen dabei unterst\u00fctzen, ein neues Selbstbewusstsein zu entwickeln. \u201eUnser Landkreis G\u00f6ttingen ist ein so genannter <em>Hidden Champion<\/em> \u2013 wir m\u00fcssen die vielen Vorz\u00fcge unserer Region weiter herausarbeiten und dies auch selbstbewusst nach au\u00dfen tragen\u201c, so Riethig weiter. Als drittes Thema liegt Riethig die St\u00e4rkung des l\u00e4ndlichen Raums am Herzen: \u201eIch will den l\u00e4ndlichen Raum, die Mittelzentren und das Oberzentrum G\u00f6ttingen besser miteinander vernetzen, wovon alle profitieren w\u00fcrden. Wenn wir alle am gleichen Strang ziehen, k\u00f6nnen wir den Herausforderungen der Zukunft mit neuer St\u00e4rke begegnen.\u201c<\/p>\n<p>Marcel Riethig ist 37 Jahre alt, verheiratet und Vater von zwei S\u00f6hnen. 2014 w\u00e4hlte ihn der Kreistag zum Kreisrat. Er tr\u00e4gt seitdem Verantwortung f\u00fcr die Bereiche Jugend, Bildung, Arbeit, Soziales und Kultur beim Landkreis G\u00f6ttingen. 2016 wurde er im Zuge der Kreisfusion wiedergew\u00e4hlt. Marcel Riethig besuchte in G\u00f6ttingen die Schule und studierte an der G\u00f6ttinger Georg-August-Universit\u00e4t Sozialwissenschaften. 2011 wechselte er als Landkreissprecher und Leiter der Stabsstelle strategische Steuerung zum Landkreis G\u00f6ttingen. Dort war er unter anderem verantwortlich f\u00fcr die IT-Abteilung, das Kreistagsb\u00fcro und die \u00d6ffentlichkeitsarbeit des Landkreises.<\/p>\n<p>Marcel Riethig soll auf der Wahlkonferenz des SPD-Unterbezirks G\u00f6ttingen am 7. November 2020 zum Kandidaten gew\u00e4hlt werden.<\/p>\n<\/div>\n<\/div>\n","protected":false},"excerpt":{"rendered":"<p>Der SPD-Unterbezirksvorstand will bei der Landratswahl im September 2021 den Kreisrat Marcel Riethig ins Rennen schicken. Nachdem Landrat Bernhard Reuter seinen Verzicht auf eine erneute Kandidatur angek\u00fcndigt hatte, nominierte der Vorstand den aus Bovenden stammenden Sozialdemokraten Riethig einstimmig als m\u00f6glichen Nachfolger. \u201eSowohl der Landkreis als auch der SPD-Unterbezirk G\u00f6ttingen sind Landrat Bernhard Reuter zu gro\u00dfem [&hellip;]<\/p>\n","protected":false},"author":1,"featured_media":0,"comment_status":"closed","ping_status":"closed","sticky":false,"template":"","format":"standard","meta":{"saved_in_kubio":false,"footnotes":""},"categories":[24],"tags":[],"class_list":["post-1613","post","type-post","status-publish","format-standard","hentry","category-news"],"yoast_head":"<!-- This site is optimized with the Yoast SEO plugin v27.5 - https:\/\/yoast.com\/product\/yoast-seo-wordpress\/ -->\n<title>Landratswahl 2021: SPD will Kreisdezernent Marcel Riethig als Landratskandidat - Radio Leinewelle<\/title>\n<meta name=\"robots\" content=\"index, follow, max-snippet:-1, max-image-preview:large, max-video-preview:-1\" \/>\n<link rel=\"canonical\" href=\"https:\/\/radioleinewelle.de\/index.php\/2020\/09\/13\/landratswahl-2021-spd-will-kreisdezernent-marcel-riethig-als-landratskandidat\/\" \/>\n<meta property=\"og:locale\" content=\"de_DE\" \/>\n<meta property=\"og:type\" content=\"article\" \/>\n<meta property=\"og:title\" content=\"Landratswahl 2021: SPD will Kreisdezernent Marcel Riethig als Landratskandidat - Radio Leinewelle\" \/>\n<meta property=\"og:description\" content=\"Der SPD-Unterbezirksvorstand will bei der Landratswahl im September 2021 den Kreisrat Marcel Riethig ins Rennen schicken. Nachdem Landrat Bernhard Reuter seinen Verzicht auf eine erneute Kandidatur angek\u00fcndigt hatte, nominierte der Vorstand den aus Bovenden stammenden Sozialdemokraten Riethig einstimmig als m\u00f6glichen Nachfolger. \u201eSowohl der Landkreis als auch der SPD-Unterbezirk G\u00f6ttingen sind Landrat Bernhard Reuter zu gro\u00dfem [&hellip;]\" \/>\n<meta property=\"og:url\" content=\"https:\/\/radioleinewelle.de\/index.php\/2020\/09\/13\/landratswahl-2021-spd-will-kreisdezernent-marcel-riethig-als-landratskandidat\/\" \/>\n<meta property=\"og:site_name\" content=\"Radio Leinewelle\" \/>\n<meta property=\"article:publisher\" content=\"https:\/\/www.facebook.com\/radioleinewelle\" \/>\n<meta property=\"article:author\" content=\"https:\/\/www.facebook.com\/radioleinewelle\" \/>\n<meta property=\"article:published_time\" content=\"2020-09-13T08:00:19+00:00\" \/>\n<meta name=\"author\" content=\"Leinewelle\" \/>\n<meta name=\"twitter:card\" content=\"summary_large_image\" \/>\n<meta name=\"twitter:creator\" content=\"@https:\/\/twitter.com\/RLeinewelle?ref_src=twsrcgoogletwcampserptwgrauthor\" \/>\n<meta name=\"twitter:site\" content=\"@RLeinewelle\" \/>\n<meta name=\"twitter:label1\" content=\"Verfasst von\" \/>\n\t<meta name=\"twitter:data1\" content=\"Leinewelle\" \/>\n\t<meta name=\"twitter:label2\" content=\"Gesch\u00e4tzte Lesezeit\" \/>\n\t<meta name=\"twitter:data2\" content=\"2\u00a0Minuten\" \/>\n<script type=\"application\/ld+json\" class=\"yoast-schema-graph\">{\"@context\":\"https:\\\/\\\/schema.org\",\"@graph\":[{\"@type\":\"Article\",\"@id\":\"https:\\\/\\\/radioleinewelle.de\\\/index.php\\\/2020\\\/09\\\/13\\\/landratswahl-2021-spd-will-kreisdezernent-marcel-riethig-als-landratskandidat\\\/#article\",\"isPartOf\":{\"@id\":\"https:\\\/\\\/radioleinewelle.de\\\/index.php\\\/2020\\\/09\\\/13\\\/landratswahl-2021-spd-will-kreisdezernent-marcel-riethig-als-landratskandidat\\\/\"},\"author\":{\"name\":\"Leinewelle\",\"@id\":\"https:\\\/\\\/radioleinewelle.de\\\/#\\\/schema\\\/person\\\/45606f348637df637192dc1b68399a63\"},\"headline\":\"Landratswahl 2021: SPD will Kreisdezernent Marcel Riethig als Landratskandidat\",\"datePublished\":\"2020-09-13T08:00:19+00:00\",\"mainEntityOfPage\":{\"@id\":\"https:\\\/\\\/radioleinewelle.de\\\/index.php\\\/2020\\\/09\\\/13\\\/landratswahl-2021-spd-will-kreisdezernent-marcel-riethig-als-landratskandidat\\\/\"},\"wordCount\":450,\"publisher\":{\"@id\":\"https:\\\/\\\/radioleinewelle.de\\\/#organization\"},\"articleSection\":[\"Aktuelle Nachrichten\"],\"inLanguage\":\"de\"},{\"@type\":\"WebPage\",\"@id\":\"https:\\\/\\\/radioleinewelle.de\\\/index.php\\\/2020\\\/09\\\/13\\\/landratswahl-2021-spd-will-kreisdezernent-marcel-riethig-als-landratskandidat\\\/\",\"url\":\"https:\\\/\\\/radioleinewelle.de\\\/index.php\\\/2020\\\/09\\\/13\\\/landratswahl-2021-spd-will-kreisdezernent-marcel-riethig-als-landratskandidat\\\/\",\"name\":\"Landratswahl 2021: SPD will Kreisdezernent Marcel Riethig als Landratskandidat - Radio Leinewelle\",\"isPartOf\":{\"@id\":\"https:\\\/\\\/radioleinewelle.de\\\/#website\"},\"datePublished\":\"2020-09-13T08:00:19+00:00\",\"breadcrumb\":{\"@id\":\"https:\\\/\\\/radioleinewelle.de\\\/index.php\\\/2020\\\/09\\\/13\\\/landratswahl-2021-spd-will-kreisdezernent-marcel-riethig-als-landratskandidat\\\/#breadcrumb\"},\"inLanguage\":\"de\",\"potentialAction\":[{\"@type\":\"ReadAction\",\"target\":[\"https:\\\/\\\/radioleinewelle.de\\\/index.php\\\/2020\\\/09\\\/13\\\/landratswahl-2021-spd-will-kreisdezernent-marcel-riethig-als-landratskandidat\\\/\"]}]},{\"@type\":\"BreadcrumbList\",\"@id\":\"https:\\\/\\\/radioleinewelle.de\\\/index.php\\\/2020\\\/09\\\/13\\\/landratswahl-2021-spd-will-kreisdezernent-marcel-riethig-als-landratskandidat\\\/#breadcrumb\",\"itemListElement\":[{\"@type\":\"ListItem\",\"position\":1,\"name\":\"Startseite\",\"item\":\"https:\\\/\\\/radioleinewelle.de\\\/\"},{\"@type\":\"ListItem\",\"position\":2,\"name\":\"Landratswahl 2021: SPD will Kreisdezernent Marcel Riethig als Landratskandidat\"}]},{\"@type\":\"WebSite\",\"@id\":\"https:\\\/\\\/radioleinewelle.de\\\/#website\",\"url\":\"https:\\\/\\\/radioleinewelle.de\\\/\",\"name\":\"Radio Leinewelle\",\"description\":\"\",\"publisher\":{\"@id\":\"https:\\\/\\\/radioleinewelle.de\\\/#organization\"},\"potentialAction\":[{\"@type\":\"SearchAction\",\"target\":{\"@type\":\"EntryPoint\",\"urlTemplate\":\"https:\\\/\\\/radioleinewelle.de\\\/?s={search_term_string}\"},\"query-input\":{\"@type\":\"PropertyValueSpecification\",\"valueRequired\":true,\"valueName\":\"search_term_string\"}}],\"inLanguage\":\"de\"},{\"@type\":\"Organization\",\"@id\":\"https:\\\/\\\/radioleinewelle.de\\\/#organization\",\"name\":\"Radio Leinewelle\",\"alternateName\":\"Mein Radio f\u00fcr S\u00fcdniedersachsen\",\"url\":\"https:\\\/\\\/radioleinewelle.de\\\/\",\"logo\":{\"@type\":\"ImageObject\",\"inLanguage\":\"de\",\"@id\":\"https:\\\/\\\/radioleinewelle.de\\\/#\\\/schema\\\/logo\\\/image\\\/\",\"url\":\"https:\\\/\\\/radioleinewelle.de\\\/wp-content\\\/uploads\\\/2023\\\/11\\\/cropped-Leinewelle_Logo_weiss.png\",\"contentUrl\":\"https:\\\/\\\/radioleinewelle.de\\\/wp-content\\\/uploads\\\/2023\\\/11\\\/cropped-Leinewelle_Logo_weiss.png\",\"width\":854,\"height\":260,\"caption\":\"Radio Leinewelle\"},\"image\":{\"@id\":\"https:\\\/\\\/radioleinewelle.de\\\/#\\\/schema\\\/logo\\\/image\\\/\"},\"sameAs\":[\"https:\\\/\\\/www.facebook.com\\\/radioleinewelle\",\"https:\\\/\\\/x.com\\\/RLeinewelle\",\"https:\\\/\\\/www.instagram.com\\\/radioleinewelle\\\/?hl=de\"]},{\"@type\":\"Person\",\"@id\":\"https:\\\/\\\/radioleinewelle.de\\\/#\\\/schema\\\/person\\\/45606f348637df637192dc1b68399a63\",\"name\":\"Leinewelle\",\"image\":{\"@type\":\"ImageObject\",\"inLanguage\":\"de\",\"@id\":\"https:\\\/\\\/secure.gravatar.com\\\/avatar\\\/05c9a17bc973052ee5d91549bd32fb4dd0dc85b7b85ae94b2e2b4943476bbea5?s=96&d=blank&r=g\",\"url\":\"https:\\\/\\\/secure.gravatar.com\\\/avatar\\\/05c9a17bc973052ee5d91549bd32fb4dd0dc85b7b85ae94b2e2b4943476bbea5?s=96&d=blank&r=g\",\"contentUrl\":\"https:\\\/\\\/secure.gravatar.com\\\/avatar\\\/05c9a17bc973052ee5d91549bd32fb4dd0dc85b7b85ae94b2e2b4943476bbea5?s=96&d=blank&r=g\",\"caption\":\"Leinewelle\"},\"sameAs\":[\"http:\\\/\\\/localhost\\\/radio%20leinewelle\\\/wordpress\",\"https:\\\/\\\/www.facebook.com\\\/radioleinewelle\",\"https:\\\/\\\/www.instagram.com\\\/radioleinewelle\",\"https:\\\/\\\/x.com\\\/https:\\\/\\\/twitter.com\\\/RLeinewelle?ref_src=twsrcgoogletwcampserptwgrauthor\",\"https:\\\/\\\/soundcloud.com\\\/foerderverein-lokalradio?utm_source=clipboard&utm_medium=text&utm_campaign=social_sharing\"],\"url\":\"https:\\\/\\\/radioleinewelle.de\\\/index.php\\\/author\\\/leinewelle\\\/\"}]}<\/script>\n<!-- \/ Yoast SEO plugin. -->","yoast_head_json":{"title":"Landratswahl 2021: SPD will Kreisdezernent Marcel Riethig als Landratskandidat - Radio Leinewelle","robots":{"index":"index","follow":"follow","max-snippet":"max-snippet:-1","max-image-preview":"max-image-preview:large","max-video-preview":"max-video-preview:-1"},"canonical":"https:\/\/radioleinewelle.de\/index.php\/2020\/09\/13\/landratswahl-2021-spd-will-kreisdezernent-marcel-riethig-als-landratskandidat\/","og_locale":"de_DE","og_type":"article","og_title":"Landratswahl 2021: SPD will Kreisdezernent Marcel Riethig als Landratskandidat - Radio Leinewelle","og_description":"Der SPD-Unterbezirksvorstand will bei der Landratswahl im September 2021 den Kreisrat Marcel Riethig ins Rennen schicken. Nachdem Landrat Bernhard Reuter seinen Verzicht auf eine erneute Kandidatur angek\u00fcndigt hatte, nominierte der Vorstand den aus Bovenden stammenden Sozialdemokraten Riethig einstimmig als m\u00f6glichen Nachfolger. \u201eSowohl der Landkreis als auch der SPD-Unterbezirk G\u00f6ttingen sind Landrat Bernhard Reuter zu gro\u00dfem [&hellip;]","og_url":"https:\/\/radioleinewelle.de\/index.php\/2020\/09\/13\/landratswahl-2021-spd-will-kreisdezernent-marcel-riethig-als-landratskandidat\/","og_site_name":"Radio Leinewelle","article_publisher":"https:\/\/www.facebook.com\/radioleinewelle","article_author":"https:\/\/www.facebook.com\/radioleinewelle","article_published_time":"2020-09-13T08:00:19+00:00","author":"Leinewelle","twitter_card":"summary_large_image","twitter_creator":"@https:\/\/twitter.com\/RLeinewelle?ref_src=twsrcgoogletwcampserptwgrauthor","twitter_site":"@RLeinewelle","twitter_misc":{"Verfasst von":"Leinewelle","Gesch\u00e4tzte Lesezeit":"2\u00a0Minuten"},"schema":{"@context":"https:\/\/schema.org","@graph":[{"@type":"Article","@id":"https:\/\/radioleinewelle.de\/index.php\/2020\/09\/13\/landratswahl-2021-spd-will-kreisdezernent-marcel-riethig-als-landratskandidat\/#article","isPartOf":{"@id":"https:\/\/radioleinewelle.de\/index.php\/2020\/09\/13\/landratswahl-2021-spd-will-kreisdezernent-marcel-riethig-als-landratskandidat\/"},"author":{"name":"Leinewelle","@id":"https:\/\/radioleinewelle.de\/#\/schema\/person\/45606f348637df637192dc1b68399a63"},"headline":"Landratswahl 2021: SPD will Kreisdezernent Marcel Riethig als Landratskandidat","datePublished":"2020-09-13T08:00:19+00:00","mainEntityOfPage":{"@id":"https:\/\/radioleinewelle.de\/index.php\/2020\/09\/13\/landratswahl-2021-spd-will-kreisdezernent-marcel-riethig-als-landratskandidat\/"},"wordCount":450,"publisher":{"@id":"https:\/\/radioleinewelle.de\/#organization"},"articleSection":["Aktuelle Nachrichten"],"inLanguage":"de"},{"@type":"WebPage","@id":"https:\/\/radioleinewelle.de\/index.php\/2020\/09\/13\/landratswahl-2021-spd-will-kreisdezernent-marcel-riethig-als-landratskandidat\/","url":"https:\/\/radioleinewelle.de\/index.php\/2020\/09\/13\/landratswahl-2021-spd-will-kreisdezernent-marcel-riethig-als-landratskandidat\/","name":"Landratswahl 2021: SPD will Kreisdezernent Marcel Riethig als Landratskandidat - Radio Leinewelle","isPartOf":{"@id":"https:\/\/radioleinewelle.de\/#website"},"datePublished":"2020-09-13T08:00:19+00:00","breadcrumb":{"@id":"https:\/\/radioleinewelle.de\/index.php\/2020\/09\/13\/landratswahl-2021-spd-will-kreisdezernent-marcel-riethig-als-landratskandidat\/#breadcrumb"},"inLanguage":"de","potentialAction":[{"@type":"ReadAction","target":["https:\/\/radioleinewelle.de\/index.php\/2020\/09\/13\/landratswahl-2021-spd-will-kreisdezernent-marcel-riethig-als-landratskandidat\/"]}]},{"@type":"BreadcrumbList","@id":"https:\/\/radioleinewelle.de\/index.php\/2020\/09\/13\/landratswahl-2021-spd-will-kreisdezernent-marcel-riethig-als-landratskandidat\/#breadcrumb","itemListElement":[{"@type":"ListItem","position":1,"name":"Startseite","item":"https:\/\/radioleinewelle.de\/"},{"@type":"ListItem","position":2,"name":"Landratswahl 2021: SPD will Kreisdezernent Marcel Riethig als Landratskandidat"}]},{"@type":"WebSite","@id":"https:\/\/radioleinewelle.de\/#website","url":"https:\/\/radioleinewelle.de\/","name":"Radio Leinewelle","description":"","publisher":{"@id":"https:\/\/radioleinewelle.de\/#organization"},"potentialAction":[{"@type":"SearchAction","target":{"@type":"EntryPoint","urlTemplate":"https:\/\/radioleinewelle.de\/?s={search_term_string}"},"query-input":{"@type":"PropertyValueSpecification","valueRequired":true,"valueName":"search_term_string"}}],"inLanguage":"de"},{"@type":"Organization","@id":"https:\/\/radioleinewelle.de\/#organization","name":"Radio Leinewelle","alternateName":"Mein Radio f\u00fcr S\u00fcdniedersachsen","url":"https:\/\/radioleinewelle.de\/","logo":{"@type":"ImageObject","inLanguage":"de","@id":"https:\/\/radioleinewelle.de\/#\/schema\/logo\/image\/","url":"https:\/\/radioleinewelle.de\/wp-content\/uploads\/2023\/11\/cropped-Leinewelle_Logo_weiss.png","contentUrl":"https:\/\/radioleinewelle.de\/wp-content\/uploads\/2023\/11\/cropped-Leinewelle_Logo_weiss.png","width":854,"height":260,"caption":"Radio Leinewelle"},"image":{"@id":"https:\/\/radioleinewelle.de\/#\/schema\/logo\/image\/"},"sameAs":["https:\/\/www.facebook.com\/radioleinewelle","https:\/\/x.com\/RLeinewelle","https:\/\/www.instagram.com\/radioleinewelle\/?hl=de"]},{"@type":"Person","@id":"https:\/\/radioleinewelle.de\/#\/schema\/person\/45606f348637df637192dc1b68399a63","name":"Leinewelle","image":{"@type":"ImageObject","inLanguage":"de","@id":"https:\/\/secure.gravatar.com\/avatar\/05c9a17bc973052ee5d91549bd32fb4dd0dc85b7b85ae94b2e2b4943476bbea5?s=96&d=blank&r=g","url":"https:\/\/secure.gravatar.com\/avatar\/05c9a17bc973052ee5d91549bd32fb4dd0dc85b7b85ae94b2e2b4943476bbea5?s=96&d=blank&r=g","contentUrl":"https:\/\/secure.gravatar.com\/avatar\/05c9a17bc973052ee5d91549bd32fb4dd0dc85b7b85ae94b2e2b4943476bbea5?s=96&d=blank&r=g","caption":"Leinewelle"},"sameAs":["http:\/\/localhost\/radio%20leinewelle\/wordpress","https:\/\/www.facebook.com\/radioleinewelle","https:\/\/www.instagram.com\/radioleinewelle","https:\/\/x.com\/https:\/\/twitter.com\/RLeinewelle?ref_src=twsrcgoogletwcampserptwgrauthor","https:\/\/soundcloud.com\/foerderverein-lokalradio?utm_source=clipboard&utm_medium=text&utm_campaign=social_sharing"],"url":"https:\/\/radioleinewelle.de\/index.php\/author\/leinewelle\/"}]}},"_links":{"self":[{"href":"https:\/\/radioleinewelle.de\/index.php\/wp-json\/wp\/v2\/posts\/1613","targetHints":{"allow":["GET"]}}],"collection":[{"href":"https:\/\/radioleinewelle.de\/index.php\/wp-json\/wp\/v2\/posts"}],"about":[{"href":"https:\/\/radioleinewelle.de\/index.php\/wp-json\/wp\/v2\/types\/post"}],"author":[{"embeddable":true,"href":"https:\/\/radioleinewelle.de\/index.php\/wp-json\/wp\/v2\/users\/1"}],"replies":[{"embeddable":true,"href":"https:\/\/radioleinewelle.de\/index.php\/wp-json\/wp\/v2\/comments?post=1613"}],"version-history":[{"count":0,"href":"https:\/\/radioleinewelle.de\/index.php\/wp-json\/wp\/v2\/posts\/1613\/revisions"}],"wp:attachment":[{"href":"https:\/\/radioleinewelle.de\/index.php\/wp-json\/wp\/v2\/media?parent=1613"}],"wp:term":[{"taxonomy":"category","embeddable":true,"href":"https:\/\/radioleinewelle.de\/index.php\/wp-json\/wp\/v2\/categories?post=1613"},{"taxonomy":"post_tag","embeddable":true,"href":"https:\/\/radioleinewelle.de\/index.php\/wp-json\/wp\/v2\/tags?post=1613"}],"curies":[{"name":"wp","href":"https:\/\/api.w.org\/{rel}","templated":true}]}}