{"id":16133,"date":"2022-10-07T12:18:37","date_gmt":"2022-10-07T10:18:37","guid":{"rendered":"https:\/\/radioleinewelle.de\/?p=16133"},"modified":"2022-10-07T12:18:37","modified_gmt":"2022-10-07T10:18:37","slug":"samstag-aktionstag-fuer-einen-mietstopp","status":"publish","type":"post","link":"https:\/\/radioleinewelle.de\/index.php\/2022\/10\/07\/samstag-aktionstag-fuer-einen-mietstopp\/","title":{"rendered":"Samstag Aktionstag f\u00fcr einen Mietenstopp"},"content":{"rendered":"\n<p>Seit Jahren kennen die Mieten in G\u00f6ttingen nur eine Richtung \u2013 und zwar nach oben. Geringverdienende, Studis, Gefl\u00fcchtete, junge Familien finden keinen bezahlbaren Wohnraum. Wohnungslose sind sowieso chancenlos auf dem Markt etwas zu finden. Dieser Stadt fehlt sozialer und bezahlbarer Wohnraum. Krisenbedingt versch\u00e4rft sich die Lage, denn die Preise f\u00fcr Lebensmittel steigen und die f\u00fcr Energie explodieren. Sp\u00e4testens die Betriebskostenabrechnung f\u00fcr das Jahr 2022 werden viele Menschen nicht mehr zahlen k\u00f6nnen. Der DGB, der G\u00f6ttinger Mieterverein und das G\u00f6ttinger Mieter*innen-B\u00fcndnisses&nbsp;<strong>\u201eGUTES WOHNEN F\u00dcR ALLE\u201c&nbsp;<\/strong>rufen zum bundesweiten Aktionstag auf. <strong>Am Samstag den 8. Oktober gibt es St\u00e4nde, Infos, Umfragen 11-15 Uhr. Kundgebung um 12 Uhr. Markt\/Altes Rathaus G\u00f6ttingen.<\/strong><\/p>\n\n\n\n<p>Vermieter*innen begr\u00fcnden eine Anhebung der Kaltmiete mit der anziehenden Inflation. Das ist zumeist mietrechtlich nicht zul\u00e4ssig. Die inflationstreibenden Energiekosten werden ohnehin schon \u00fcber die Betriebskosten an die Mieter*innen weitergereicht.&nbsp;In den letzten 10 Jahren sind die Mieten stark gestiegen und die Immobilienwirtschaft hat &#8211; auch in der Corona- Krise \u2013 satte Gewinne eingefahren. Ein sechsj\u00e4hriger Mietenstopp ist mehr denn je geboten!&nbsp;<\/p>\n\n\n\n<p>&nbsp;<strong>BETRIEBSKOSTENANSTIEG STOPPEN&nbsp;<\/strong><\/p>\n\n\n\n<p>Die Preise f\u00fcr Energie steigen seit Monaten rasant. Gesch\u00e4tzt kommen auf die Mieter*innen Nachzahlungen f\u00fcr Heizung und Warmwasser allein f\u00fcr das Jahr 2022 in H\u00f6he von ein bis zwei Monatsmieten zu. K\u00f6nnen die Kosten nicht beglichen werden, droht Betroffenen der Verlust ihrer Wohnung.&nbsp;<\/p>\n\n\n\n<p><strong>Forderungen der Initiativen<\/strong><\/p>\n\n\n\n<ul class=\"wp-block-list\"><li>Die K\u00fcndigung von Mietvertr\u00e4gen zu verbieten, wenn diese aufgrund nicht gezahlter Nebenkosten droht<\/li><li>Ein Aussetzen von Strom- und Gassperren<\/li><li>Die \u00dcbernahme der Stromkosten f\u00fcr Grundsicherungsbeziehende<\/li><li>Eine substanzielle Unterst\u00fctzung von Menschen mit niedrigen Einkommen durch Anhebung und derAusweitung des Wohngeldes, des BAf\u00f6Gs und Erh\u00f6hung der Leistungen in der sozialen Mindestsicherung&nbsp;<\/li><\/ul>\n","protected":false},"excerpt":{"rendered":"<p>Seit Jahren kennen die Mieten in G\u00f6ttingen nur eine Richtung \u2013 und zwar nach oben. Geringverdienende, Studis, Gefl\u00fcchtete, junge Familien finden keinen bezahlbaren Wohnraum. Wohnungslose sind sowieso chancenlos auf dem Markt etwas zu finden. Dieser Stadt fehlt sozialer und bezahlbarer Wohnraum. Krisenbedingt versch\u00e4rft sich die Lage, denn die Preise f\u00fcr Lebensmittel steigen und die f\u00fcr [&hellip;]<\/p>\n","protected":false},"author":1,"featured_media":16135,"comment_status":"closed","ping_status":"closed","sticky":false,"template":"","format":"standard","meta":{"saved_in_kubio":false,"footnotes":""},"categories":[3422],"tags":[925,3420,3421],"class_list":["post-16133","post","type-post","status-publish","format-standard","has-post-thumbnail","hentry","category-wohnen","tag-dgb-suedniedersachsen","tag-goettinger-mieterverein","tag-gutes-wohnen-fuer-alle"],"yoast_head":"<!-- This site is optimized with the Yoast SEO plugin v27.4 - https:\/\/yoast.com\/product\/yoast-seo-wordpress\/ -->\n<title>Samstag Aktionstag f\u00fcr einen Mietenstopp - Radio Leinewelle<\/title>\n<meta name=\"robots\" content=\"index, follow, max-snippet:-1, max-image-preview:large, max-video-preview:-1\" \/>\n<link rel=\"canonical\" href=\"https:\/\/radioleinewelle.de\/index.php\/2022\/10\/07\/samstag-aktionstag-fuer-einen-mietstopp\/\" \/>\n<meta property=\"og:locale\" content=\"de_DE\" \/>\n<meta property=\"og:type\" content=\"article\" \/>\n<meta property=\"og:title\" content=\"Samstag Aktionstag f\u00fcr einen Mietenstopp - Radio Leinewelle\" \/>\n<meta property=\"og:description\" content=\"Seit Jahren kennen die Mieten in G\u00f6ttingen nur eine Richtung \u2013 und zwar nach oben. Geringverdienende, Studis, Gefl\u00fcchtete, junge Familien finden keinen bezahlbaren Wohnraum. Wohnungslose sind sowieso chancenlos auf dem Markt etwas zu finden. Dieser Stadt fehlt sozialer und bezahlbarer Wohnraum. Krisenbedingt versch\u00e4rft sich die Lage, denn die Preise f\u00fcr Lebensmittel steigen und die f\u00fcr [&hellip;]\" \/>\n<meta property=\"og:url\" content=\"https:\/\/radioleinewelle.de\/index.php\/2022\/10\/07\/samstag-aktionstag-fuer-einen-mietstopp\/\" \/>\n<meta property=\"og:site_name\" content=\"Radio Leinewelle\" \/>\n<meta property=\"article:publisher\" content=\"https:\/\/www.facebook.com\/radioleinewelle\" \/>\n<meta property=\"article:author\" content=\"https:\/\/www.facebook.com\/radioleinewelle\" \/>\n<meta property=\"article:published_time\" content=\"2022-10-07T10:18:37+00:00\" \/>\n<meta property=\"og:image\" content=\"https:\/\/radioleinewelle.de\/wp-content\/uploads\/2022\/10\/Mietenstopp-e1665137904779.jpg\" \/>\n\t<meta property=\"og:image:width\" content=\"600\" \/>\n\t<meta property=\"og:image:height\" content=\"500\" \/>\n\t<meta property=\"og:image:type\" content=\"image\/jpeg\" \/>\n<meta name=\"author\" content=\"Leinewelle\" \/>\n<meta name=\"twitter:card\" content=\"summary_large_image\" \/>\n<meta name=\"twitter:creator\" content=\"@https:\/\/twitter.com\/RLeinewelle?ref_src=twsrcgoogletwcampserptwgrauthor\" \/>\n<meta name=\"twitter:site\" content=\"@RLeinewelle\" \/>\n<meta name=\"twitter:label1\" content=\"Verfasst von\" \/>\n\t<meta name=\"twitter:data1\" content=\"Leinewelle\" \/>\n<script type=\"application\/ld+json\" class=\"yoast-schema-graph\">{\"@context\":\"https:\\\/\\\/schema.org\",\"@graph\":[{\"@type\":\"Article\",\"@id\":\"https:\\\/\\\/radioleinewelle.de\\\/index.php\\\/2022\\\/10\\\/07\\\/samstag-aktionstag-fuer-einen-mietstopp\\\/#article\",\"isPartOf\":{\"@id\":\"https:\\\/\\\/radioleinewelle.de\\\/index.php\\\/2022\\\/10\\\/07\\\/samstag-aktionstag-fuer-einen-mietstopp\\\/\"},\"author\":{\"name\":\"Leinewelle\",\"@id\":\"https:\\\/\\\/radioleinewelle.de\\\/#\\\/schema\\\/person\\\/45606f348637df637192dc1b68399a63\"},\"headline\":\"Samstag Aktionstag f\u00fcr einen Mietenstopp\",\"datePublished\":\"2022-10-07T10:18:37+00:00\",\"mainEntityOfPage\":{\"@id\":\"https:\\\/\\\/radioleinewelle.de\\\/index.php\\\/2022\\\/10\\\/07\\\/samstag-aktionstag-fuer-einen-mietstopp\\\/\"},\"wordCount\":307,\"publisher\":{\"@id\":\"https:\\\/\\\/radioleinewelle.de\\\/#organization\"},\"image\":{\"@id\":\"https:\\\/\\\/radioleinewelle.de\\\/index.php\\\/2022\\\/10\\\/07\\\/samstag-aktionstag-fuer-einen-mietstopp\\\/#primaryimage\"},\"thumbnailUrl\":\"https:\\\/\\\/radioleinewelle.de\\\/wp-content\\\/uploads\\\/2022\\\/10\\\/Mietenstopp-e1665137904779.jpg\",\"keywords\":[\"DGB S\u00fcdniedersachsen\",\"G\u00f6ttinger Mieterverein\",\"Gutes Wohnen f\u00fcr Alle\"],\"articleSection\":[\"Wohnen\"],\"inLanguage\":\"de\"},{\"@type\":\"WebPage\",\"@id\":\"https:\\\/\\\/radioleinewelle.de\\\/index.php\\\/2022\\\/10\\\/07\\\/samstag-aktionstag-fuer-einen-mietstopp\\\/\",\"url\":\"https:\\\/\\\/radioleinewelle.de\\\/index.php\\\/2022\\\/10\\\/07\\\/samstag-aktionstag-fuer-einen-mietstopp\\\/\",\"name\":\"Samstag Aktionstag f\u00fcr einen Mietenstopp - Radio Leinewelle\",\"isPartOf\":{\"@id\":\"https:\\\/\\\/radioleinewelle.de\\\/#website\"},\"primaryImageOfPage\":{\"@id\":\"https:\\\/\\\/radioleinewelle.de\\\/index.php\\\/2022\\\/10\\\/07\\\/samstag-aktionstag-fuer-einen-mietstopp\\\/#primaryimage\"},\"image\":{\"@id\":\"https:\\\/\\\/radioleinewelle.de\\\/index.php\\\/2022\\\/10\\\/07\\\/samstag-aktionstag-fuer-einen-mietstopp\\\/#primaryimage\"},\"thumbnailUrl\":\"https:\\\/\\\/radioleinewelle.de\\\/wp-content\\\/uploads\\\/2022\\\/10\\\/Mietenstopp-e1665137904779.jpg\",\"datePublished\":\"2022-10-07T10:18:37+00:00\",\"breadcrumb\":{\"@id\":\"https:\\\/\\\/radioleinewelle.de\\\/index.php\\\/2022\\\/10\\\/07\\\/samstag-aktionstag-fuer-einen-mietstopp\\\/#breadcrumb\"},\"inLanguage\":\"de\",\"potentialAction\":[{\"@type\":\"ReadAction\",\"target\":[\"https:\\\/\\\/radioleinewelle.de\\\/index.php\\\/2022\\\/10\\\/07\\\/samstag-aktionstag-fuer-einen-mietstopp\\\/\"]}]},{\"@type\":\"ImageObject\",\"inLanguage\":\"de\",\"@id\":\"https:\\\/\\\/radioleinewelle.de\\\/index.php\\\/2022\\\/10\\\/07\\\/samstag-aktionstag-fuer-einen-mietstopp\\\/#primaryimage\",\"url\":\"https:\\\/\\\/radioleinewelle.de\\\/wp-content\\\/uploads\\\/2022\\\/10\\\/Mietenstopp-e1665137904779.jpg\",\"contentUrl\":\"https:\\\/\\\/radioleinewelle.de\\\/wp-content\\\/uploads\\\/2022\\\/10\\\/Mietenstopp-e1665137904779.jpg\",\"width\":600,\"height\":500},{\"@type\":\"BreadcrumbList\",\"@id\":\"https:\\\/\\\/radioleinewelle.de\\\/index.php\\\/2022\\\/10\\\/07\\\/samstag-aktionstag-fuer-einen-mietstopp\\\/#breadcrumb\",\"itemListElement\":[{\"@type\":\"ListItem\",\"position\":1,\"name\":\"Startseite\",\"item\":\"https:\\\/\\\/radioleinewelle.de\\\/\"},{\"@type\":\"ListItem\",\"position\":2,\"name\":\"Samstag Aktionstag f\u00fcr einen Mietenstopp\"}]},{\"@type\":\"WebSite\",\"@id\":\"https:\\\/\\\/radioleinewelle.de\\\/#website\",\"url\":\"https:\\\/\\\/radioleinewelle.de\\\/\",\"name\":\"Radio Leinewelle\",\"description\":\"\",\"publisher\":{\"@id\":\"https:\\\/\\\/radioleinewelle.de\\\/#organization\"},\"potentialAction\":[{\"@type\":\"SearchAction\",\"target\":{\"@type\":\"EntryPoint\",\"urlTemplate\":\"https:\\\/\\\/radioleinewelle.de\\\/?s={search_term_string}\"},\"query-input\":{\"@type\":\"PropertyValueSpecification\",\"valueRequired\":true,\"valueName\":\"search_term_string\"}}],\"inLanguage\":\"de\"},{\"@type\":\"Organization\",\"@id\":\"https:\\\/\\\/radioleinewelle.de\\\/#organization\",\"name\":\"Radio Leinewelle\",\"alternateName\":\"Mein Radio f\u00fcr S\u00fcdniedersachsen\",\"url\":\"https:\\\/\\\/radioleinewelle.de\\\/\",\"logo\":{\"@type\":\"ImageObject\",\"inLanguage\":\"de\",\"@id\":\"https:\\\/\\\/radioleinewelle.de\\\/#\\\/schema\\\/logo\\\/image\\\/\",\"url\":\"https:\\\/\\\/radioleinewelle.de\\\/wp-content\\\/uploads\\\/2023\\\/11\\\/cropped-Leinewelle_Logo_weiss.png\",\"contentUrl\":\"https:\\\/\\\/radioleinewelle.de\\\/wp-content\\\/uploads\\\/2023\\\/11\\\/cropped-Leinewelle_Logo_weiss.png\",\"width\":854,\"height\":260,\"caption\":\"Radio Leinewelle\"},\"image\":{\"@id\":\"https:\\\/\\\/radioleinewelle.de\\\/#\\\/schema\\\/logo\\\/image\\\/\"},\"sameAs\":[\"https:\\\/\\\/www.facebook.com\\\/radioleinewelle\",\"https:\\\/\\\/x.com\\\/RLeinewelle\",\"https:\\\/\\\/www.instagram.com\\\/radioleinewelle\\\/?hl=de\"]},{\"@type\":\"Person\",\"@id\":\"https:\\\/\\\/radioleinewelle.de\\\/#\\\/schema\\\/person\\\/45606f348637df637192dc1b68399a63\",\"name\":\"Leinewelle\",\"image\":{\"@type\":\"ImageObject\",\"inLanguage\":\"de\",\"@id\":\"https:\\\/\\\/secure.gravatar.com\\\/avatar\\\/05c9a17bc973052ee5d91549bd32fb4dd0dc85b7b85ae94b2e2b4943476bbea5?s=96&d=blank&r=g\",\"url\":\"https:\\\/\\\/secure.gravatar.com\\\/avatar\\\/05c9a17bc973052ee5d91549bd32fb4dd0dc85b7b85ae94b2e2b4943476bbea5?s=96&d=blank&r=g\",\"contentUrl\":\"https:\\\/\\\/secure.gravatar.com\\\/avatar\\\/05c9a17bc973052ee5d91549bd32fb4dd0dc85b7b85ae94b2e2b4943476bbea5?s=96&d=blank&r=g\",\"caption\":\"Leinewelle\"},\"sameAs\":[\"http:\\\/\\\/localhost\\\/radio%20leinewelle\\\/wordpress\",\"https:\\\/\\\/www.facebook.com\\\/radioleinewelle\",\"https:\\\/\\\/www.instagram.com\\\/radioleinewelle\",\"https:\\\/\\\/x.com\\\/https:\\\/\\\/twitter.com\\\/RLeinewelle?ref_src=twsrcgoogletwcampserptwgrauthor\",\"https:\\\/\\\/soundcloud.com\\\/foerderverein-lokalradio?utm_source=clipboard&utm_medium=text&utm_campaign=social_sharing\"],\"url\":\"https:\\\/\\\/radioleinewelle.de\\\/index.php\\\/author\\\/leinewelle\\\/\"}]}<\/script>\n<!-- \/ Yoast SEO plugin. -->","yoast_head_json":{"title":"Samstag Aktionstag f\u00fcr einen Mietenstopp - Radio Leinewelle","robots":{"index":"index","follow":"follow","max-snippet":"max-snippet:-1","max-image-preview":"max-image-preview:large","max-video-preview":"max-video-preview:-1"},"canonical":"https:\/\/radioleinewelle.de\/index.php\/2022\/10\/07\/samstag-aktionstag-fuer-einen-mietstopp\/","og_locale":"de_DE","og_type":"article","og_title":"Samstag Aktionstag f\u00fcr einen Mietenstopp - Radio Leinewelle","og_description":"Seit Jahren kennen die Mieten in G\u00f6ttingen nur eine Richtung \u2013 und zwar nach oben. Geringverdienende, Studis, Gefl\u00fcchtete, junge Familien finden keinen bezahlbaren Wohnraum. Wohnungslose sind sowieso chancenlos auf dem Markt etwas zu finden. Dieser Stadt fehlt sozialer und bezahlbarer Wohnraum. Krisenbedingt versch\u00e4rft sich die Lage, denn die Preise f\u00fcr Lebensmittel steigen und die f\u00fcr [&hellip;]","og_url":"https:\/\/radioleinewelle.de\/index.php\/2022\/10\/07\/samstag-aktionstag-fuer-einen-mietstopp\/","og_site_name":"Radio Leinewelle","article_publisher":"https:\/\/www.facebook.com\/radioleinewelle","article_author":"https:\/\/www.facebook.com\/radioleinewelle","article_published_time":"2022-10-07T10:18:37+00:00","og_image":[{"width":600,"height":500,"url":"https:\/\/radioleinewelle.de\/wp-content\/uploads\/2022\/10\/Mietenstopp-e1665137904779.jpg","type":"image\/jpeg"}],"author":"Leinewelle","twitter_card":"summary_large_image","twitter_creator":"@https:\/\/twitter.com\/RLeinewelle?ref_src=twsrcgoogletwcampserptwgrauthor","twitter_site":"@RLeinewelle","twitter_misc":{"Verfasst von":"Leinewelle"},"schema":{"@context":"https:\/\/schema.org","@graph":[{"@type":"Article","@id":"https:\/\/radioleinewelle.de\/index.php\/2022\/10\/07\/samstag-aktionstag-fuer-einen-mietstopp\/#article","isPartOf":{"@id":"https:\/\/radioleinewelle.de\/index.php\/2022\/10\/07\/samstag-aktionstag-fuer-einen-mietstopp\/"},"author":{"name":"Leinewelle","@id":"https:\/\/radioleinewelle.de\/#\/schema\/person\/45606f348637df637192dc1b68399a63"},"headline":"Samstag Aktionstag f\u00fcr einen Mietenstopp","datePublished":"2022-10-07T10:18:37+00:00","mainEntityOfPage":{"@id":"https:\/\/radioleinewelle.de\/index.php\/2022\/10\/07\/samstag-aktionstag-fuer-einen-mietstopp\/"},"wordCount":307,"publisher":{"@id":"https:\/\/radioleinewelle.de\/#organization"},"image":{"@id":"https:\/\/radioleinewelle.de\/index.php\/2022\/10\/07\/samstag-aktionstag-fuer-einen-mietstopp\/#primaryimage"},"thumbnailUrl":"https:\/\/radioleinewelle.de\/wp-content\/uploads\/2022\/10\/Mietenstopp-e1665137904779.jpg","keywords":["DGB S\u00fcdniedersachsen","G\u00f6ttinger Mieterverein","Gutes Wohnen f\u00fcr Alle"],"articleSection":["Wohnen"],"inLanguage":"de"},{"@type":"WebPage","@id":"https:\/\/radioleinewelle.de\/index.php\/2022\/10\/07\/samstag-aktionstag-fuer-einen-mietstopp\/","url":"https:\/\/radioleinewelle.de\/index.php\/2022\/10\/07\/samstag-aktionstag-fuer-einen-mietstopp\/","name":"Samstag Aktionstag f\u00fcr einen Mietenstopp - Radio Leinewelle","isPartOf":{"@id":"https:\/\/radioleinewelle.de\/#website"},"primaryImageOfPage":{"@id":"https:\/\/radioleinewelle.de\/index.php\/2022\/10\/07\/samstag-aktionstag-fuer-einen-mietstopp\/#primaryimage"},"image":{"@id":"https:\/\/radioleinewelle.de\/index.php\/2022\/10\/07\/samstag-aktionstag-fuer-einen-mietstopp\/#primaryimage"},"thumbnailUrl":"https:\/\/radioleinewelle.de\/wp-content\/uploads\/2022\/10\/Mietenstopp-e1665137904779.jpg","datePublished":"2022-10-07T10:18:37+00:00","breadcrumb":{"@id":"https:\/\/radioleinewelle.de\/index.php\/2022\/10\/07\/samstag-aktionstag-fuer-einen-mietstopp\/#breadcrumb"},"inLanguage":"de","potentialAction":[{"@type":"ReadAction","target":["https:\/\/radioleinewelle.de\/index.php\/2022\/10\/07\/samstag-aktionstag-fuer-einen-mietstopp\/"]}]},{"@type":"ImageObject","inLanguage":"de","@id":"https:\/\/radioleinewelle.de\/index.php\/2022\/10\/07\/samstag-aktionstag-fuer-einen-mietstopp\/#primaryimage","url":"https:\/\/radioleinewelle.de\/wp-content\/uploads\/2022\/10\/Mietenstopp-e1665137904779.jpg","contentUrl":"https:\/\/radioleinewelle.de\/wp-content\/uploads\/2022\/10\/Mietenstopp-e1665137904779.jpg","width":600,"height":500},{"@type":"BreadcrumbList","@id":"https:\/\/radioleinewelle.de\/index.php\/2022\/10\/07\/samstag-aktionstag-fuer-einen-mietstopp\/#breadcrumb","itemListElement":[{"@type":"ListItem","position":1,"name":"Startseite","item":"https:\/\/radioleinewelle.de\/"},{"@type":"ListItem","position":2,"name":"Samstag Aktionstag f\u00fcr einen Mietenstopp"}]},{"@type":"WebSite","@id":"https:\/\/radioleinewelle.de\/#website","url":"https:\/\/radioleinewelle.de\/","name":"Radio Leinewelle","description":"","publisher":{"@id":"https:\/\/radioleinewelle.de\/#organization"},"potentialAction":[{"@type":"SearchAction","target":{"@type":"EntryPoint","urlTemplate":"https:\/\/radioleinewelle.de\/?s={search_term_string}"},"query-input":{"@type":"PropertyValueSpecification","valueRequired":true,"valueName":"search_term_string"}}],"inLanguage":"de"},{"@type":"Organization","@id":"https:\/\/radioleinewelle.de\/#organization","name":"Radio Leinewelle","alternateName":"Mein Radio f\u00fcr S\u00fcdniedersachsen","url":"https:\/\/radioleinewelle.de\/","logo":{"@type":"ImageObject","inLanguage":"de","@id":"https:\/\/radioleinewelle.de\/#\/schema\/logo\/image\/","url":"https:\/\/radioleinewelle.de\/wp-content\/uploads\/2023\/11\/cropped-Leinewelle_Logo_weiss.png","contentUrl":"https:\/\/radioleinewelle.de\/wp-content\/uploads\/2023\/11\/cropped-Leinewelle_Logo_weiss.png","width":854,"height":260,"caption":"Radio Leinewelle"},"image":{"@id":"https:\/\/radioleinewelle.de\/#\/schema\/logo\/image\/"},"sameAs":["https:\/\/www.facebook.com\/radioleinewelle","https:\/\/x.com\/RLeinewelle","https:\/\/www.instagram.com\/radioleinewelle\/?hl=de"]},{"@type":"Person","@id":"https:\/\/radioleinewelle.de\/#\/schema\/person\/45606f348637df637192dc1b68399a63","name":"Leinewelle","image":{"@type":"ImageObject","inLanguage":"de","@id":"https:\/\/secure.gravatar.com\/avatar\/05c9a17bc973052ee5d91549bd32fb4dd0dc85b7b85ae94b2e2b4943476bbea5?s=96&d=blank&r=g","url":"https:\/\/secure.gravatar.com\/avatar\/05c9a17bc973052ee5d91549bd32fb4dd0dc85b7b85ae94b2e2b4943476bbea5?s=96&d=blank&r=g","contentUrl":"https:\/\/secure.gravatar.com\/avatar\/05c9a17bc973052ee5d91549bd32fb4dd0dc85b7b85ae94b2e2b4943476bbea5?s=96&d=blank&r=g","caption":"Leinewelle"},"sameAs":["http:\/\/localhost\/radio%20leinewelle\/wordpress","https:\/\/www.facebook.com\/radioleinewelle","https:\/\/www.instagram.com\/radioleinewelle","https:\/\/x.com\/https:\/\/twitter.com\/RLeinewelle?ref_src=twsrcgoogletwcampserptwgrauthor","https:\/\/soundcloud.com\/foerderverein-lokalradio?utm_source=clipboard&utm_medium=text&utm_campaign=social_sharing"],"url":"https:\/\/radioleinewelle.de\/index.php\/author\/leinewelle\/"}]}},"_links":{"self":[{"href":"https:\/\/radioleinewelle.de\/index.php\/wp-json\/wp\/v2\/posts\/16133","targetHints":{"allow":["GET"]}}],"collection":[{"href":"https:\/\/radioleinewelle.de\/index.php\/wp-json\/wp\/v2\/posts"}],"about":[{"href":"https:\/\/radioleinewelle.de\/index.php\/wp-json\/wp\/v2\/types\/post"}],"author":[{"embeddable":true,"href":"https:\/\/radioleinewelle.de\/index.php\/wp-json\/wp\/v2\/users\/1"}],"replies":[{"embeddable":true,"href":"https:\/\/radioleinewelle.de\/index.php\/wp-json\/wp\/v2\/comments?post=16133"}],"version-history":[{"count":0,"href":"https:\/\/radioleinewelle.de\/index.php\/wp-json\/wp\/v2\/posts\/16133\/revisions"}],"wp:featuredmedia":[{"embeddable":true,"href":"https:\/\/radioleinewelle.de\/index.php\/wp-json\/wp\/v2\/media\/16135"}],"wp:attachment":[{"href":"https:\/\/radioleinewelle.de\/index.php\/wp-json\/wp\/v2\/media?parent=16133"}],"wp:term":[{"taxonomy":"category","embeddable":true,"href":"https:\/\/radioleinewelle.de\/index.php\/wp-json\/wp\/v2\/categories?post=16133"},{"taxonomy":"post_tag","embeddable":true,"href":"https:\/\/radioleinewelle.de\/index.php\/wp-json\/wp\/v2\/tags?post=16133"}],"curies":[{"name":"wp","href":"https:\/\/api.w.org\/{rel}","templated":true}]}}