{"id":16157,"date":"2022-10-09T11:11:42","date_gmt":"2022-10-09T09:11:42","guid":{"rendered":"https:\/\/radioleinewelle.de\/?p=16157"},"modified":"2022-10-09T11:11:42","modified_gmt":"2022-10-09T09:11:42","slug":"wir-haben-die-wahl","status":"publish","type":"post","link":"https:\/\/radioleinewelle.de\/index.php\/2022\/10\/09\/wir-haben-die-wahl\/","title":{"rendered":"Wir haben die Wahl"},"content":{"rendered":"\n<p>Der nieders\u00e4chsische Landtagswahlkampf ist vorbei, jetzt haben die W\u00e4hlerinnen und W\u00e4hler das letzte Wort. \u00dcber zwanzig Parteien bewerben sich um Sitze im Landtag in Hannover. Anl\u00e4sslich der heutigen Landtagswahl sagt Landtagspr\u00e4sidentin Dr. Gabriele Andretta: \u201eDie Demokratie lebt von der aktiven Beteiligung ihrer B\u00fcrgerinnen und B\u00fcrger. Bitte gehen Sie am 9. Oktober w\u00e4hlen! Entscheiden Sie mit \u00fcber die Zusammensetzung Ihres Landtages und nehmen Sie Einfluss auf die Zukunft unseres Landes. St\u00e4rken Sie die Demokratie!\u201c<\/p>\n\n\n\n<p>Welche Partei erh\u00e4lt die meisten Stimmen f\u00fcr den Nieders\u00e4chsischen Landtag? Welche Kandidatin oder welcher Kandidat entscheidet die Wahl f\u00fcr sich? Die Ergebnisse der Landtagswahl am Sonntag, 9. Oktober 2022, gibt es online ab 18.00 Uhr zum Nachlesen.<\/p>\n\n\n\n<p>\u00dcber den Stand der Ausz\u00e4hlungen und die vorl\u00e4ufigen Wahlergebnisse k\u00f6nnen sich B\u00fcrger*innen unter&nbsp;<a href=\"https:\/\/goe.de\/wahlergebnisse\" target=\"_blank\" rel=\"noreferrer noopener\">goe.de\/wahlergebnisse<\/a>&nbsp;informieren. Alternativ geht es&nbsp;<a href=\"https:\/\/votemanager.kdo.de\/20221009\/03159016\/praesentation\/index.html\" target=\"_blank\" rel=\"noreferrer noopener\">hier zu den Ergebnissen der Landtagswahl<\/a>&nbsp;in der Stadt G\u00f6ttingen. Alle Ergebnisse aus Niedersachsen gibt es&nbsp;<a href=\"https:\/\/wahlen.kdo.de\/public\/\" target=\"_blank\" rel=\"noreferrer noopener\">hier<\/a>&nbsp;im \u00dcberblick.&nbsp;<\/p>\n\n\n\n<p>Weitere Informationen zum Hintergrund und zum Ablauf der Wahlen gibt es unter&nbsp;<a href=\"https:\/\/www.wahlen.goettingen.de\/\" target=\"_blank\" rel=\"noreferrer noopener\">wahlen.goettingen.de<\/a>.<\/p>\n\n\n\n<h4 class=\"wp-block-heading\">Amtliches Wahlergebnis<\/h4>\n\n\n\n<p>Das amtliche Wahlergebnis wird in \u00f6ffentlicher Sitzung am Donnerstag, 13. Oktober 2022, ab 16 Uhr im Geb\u00e4ude der Ortsfeuerwehr Weende, James-Franck-Ring 1C; durch den Kreiswahlausschuss des Wahlkreises 16 &#8211; G\u00f6ttingen-Stadt festgestellt.<\/p>\n\n\n\n<p>Radio Leinewelle informiert auf <strong><a href=\"https:\/\/mobile.twitter.com\/rleinewelle\">Twitter<\/a><\/strong> \u00fcber die aktuellsten regionalen Ergebnisse<\/p>\n","protected":false},"excerpt":{"rendered":"<p>Der nieders\u00e4chsische Landtagswahlkampf ist vorbei, jetzt haben die W\u00e4hlerinnen und W\u00e4hler das letzte Wort. \u00dcber zwanzig Parteien bewerben sich um Sitze im Landtag in Hannover. Anl\u00e4sslich der heutigen Landtagswahl sagt Landtagspr\u00e4sidentin Dr. Gabriele Andretta: \u201eDie Demokratie lebt von der aktiven Beteiligung ihrer B\u00fcrgerinnen und B\u00fcrger. Bitte gehen Sie am 9. Oktober w\u00e4hlen! Entscheiden Sie mit [&hellip;]<\/p>\n","protected":false},"author":1,"featured_media":16158,"comment_status":"closed","ping_status":"closed","sticky":false,"template":"","format":"standard","meta":{"saved_in_kubio":false,"footnotes":""},"categories":[3378],"tags":[2888],"class_list":["post-16157","post","type-post","status-publish","format-standard","has-post-thumbnail","hentry","category-wahlen-2022","tag-landtagswahl-2022"],"yoast_head":"<!-- This site is optimized with the Yoast SEO plugin v27.4 - https:\/\/yoast.com\/product\/yoast-seo-wordpress\/ -->\n<title>Wir haben die Wahl - Radio Leinewelle<\/title>\n<meta name=\"robots\" content=\"index, follow, max-snippet:-1, max-image-preview:large, max-video-preview:-1\" \/>\n<link rel=\"canonical\" href=\"https:\/\/radioleinewelle.de\/index.php\/2022\/10\/09\/wir-haben-die-wahl\/\" \/>\n<meta property=\"og:locale\" content=\"de_DE\" \/>\n<meta property=\"og:type\" content=\"article\" \/>\n<meta property=\"og:title\" content=\"Wir haben die Wahl - Radio Leinewelle\" \/>\n<meta property=\"og:description\" content=\"Der nieders\u00e4chsische Landtagswahlkampf ist vorbei, jetzt haben die W\u00e4hlerinnen und W\u00e4hler das letzte Wort. \u00dcber zwanzig Parteien bewerben sich um Sitze im Landtag in Hannover. Anl\u00e4sslich der heutigen Landtagswahl sagt Landtagspr\u00e4sidentin Dr. Gabriele Andretta: \u201eDie Demokratie lebt von der aktiven Beteiligung ihrer B\u00fcrgerinnen und B\u00fcrger. Bitte gehen Sie am 9. Oktober w\u00e4hlen! Entscheiden Sie mit [&hellip;]\" \/>\n<meta property=\"og:url\" content=\"https:\/\/radioleinewelle.de\/index.php\/2022\/10\/09\/wir-haben-die-wahl\/\" \/>\n<meta property=\"og:site_name\" content=\"Radio Leinewelle\" \/>\n<meta property=\"article:publisher\" content=\"https:\/\/www.facebook.com\/radioleinewelle\" \/>\n<meta property=\"article:author\" content=\"https:\/\/www.facebook.com\/radioleinewelle\" \/>\n<meta property=\"article:published_time\" content=\"2022-10-09T09:11:42+00:00\" \/>\n<meta property=\"og:image\" content=\"https:\/\/radioleinewelle.de\/wp-content\/uploads\/2022\/10\/Plakate-Landtagswahl-2022-e1665306692818.jpg\" \/>\n\t<meta property=\"og:image:width\" content=\"574\" \/>\n\t<meta property=\"og:image:height\" content=\"328\" \/>\n\t<meta property=\"og:image:type\" content=\"image\/jpeg\" \/>\n<meta name=\"author\" content=\"Leinewelle\" \/>\n<meta name=\"twitter:card\" content=\"summary_large_image\" \/>\n<meta name=\"twitter:creator\" content=\"@https:\/\/twitter.com\/RLeinewelle?ref_src=twsrcgoogletwcampserptwgrauthor\" \/>\n<meta name=\"twitter:site\" content=\"@RLeinewelle\" \/>\n<meta name=\"twitter:label1\" content=\"Verfasst von\" \/>\n\t<meta name=\"twitter:data1\" content=\"Leinewelle\" \/>\n\t<meta name=\"twitter:label2\" content=\"Gesch\u00e4tzte Lesezeit\" \/>\n\t<meta name=\"twitter:data2\" content=\"2\u00a0Minuten\" \/>\n<script type=\"application\/ld+json\" class=\"yoast-schema-graph\">{\"@context\":\"https:\\\/\\\/schema.org\",\"@graph\":[{\"@type\":\"Article\",\"@id\":\"https:\\\/\\\/radioleinewelle.de\\\/index.php\\\/2022\\\/10\\\/09\\\/wir-haben-die-wahl\\\/#article\",\"isPartOf\":{\"@id\":\"https:\\\/\\\/radioleinewelle.de\\\/index.php\\\/2022\\\/10\\\/09\\\/wir-haben-die-wahl\\\/\"},\"author\":{\"name\":\"Leinewelle\",\"@id\":\"https:\\\/\\\/radioleinewelle.de\\\/#\\\/schema\\\/person\\\/45606f348637df637192dc1b68399a63\"},\"headline\":\"Wir haben die Wahl\",\"datePublished\":\"2022-10-09T09:11:42+00:00\",\"mainEntityOfPage\":{\"@id\":\"https:\\\/\\\/radioleinewelle.de\\\/index.php\\\/2022\\\/10\\\/09\\\/wir-haben-die-wahl\\\/\"},\"wordCount\":232,\"publisher\":{\"@id\":\"https:\\\/\\\/radioleinewelle.de\\\/#organization\"},\"image\":{\"@id\":\"https:\\\/\\\/radioleinewelle.de\\\/index.php\\\/2022\\\/10\\\/09\\\/wir-haben-die-wahl\\\/#primaryimage\"},\"thumbnailUrl\":\"https:\\\/\\\/radioleinewelle.de\\\/wp-content\\\/uploads\\\/2022\\\/10\\\/Plakate-Landtagswahl-2022-e1665306692818.jpg\",\"keywords\":[\"Landtagswahl 2022\"],\"articleSection\":[\"Wahlen 2022\"],\"inLanguage\":\"de\"},{\"@type\":\"WebPage\",\"@id\":\"https:\\\/\\\/radioleinewelle.de\\\/index.php\\\/2022\\\/10\\\/09\\\/wir-haben-die-wahl\\\/\",\"url\":\"https:\\\/\\\/radioleinewelle.de\\\/index.php\\\/2022\\\/10\\\/09\\\/wir-haben-die-wahl\\\/\",\"name\":\"Wir haben die Wahl - Radio Leinewelle\",\"isPartOf\":{\"@id\":\"https:\\\/\\\/radioleinewelle.de\\\/#website\"},\"primaryImageOfPage\":{\"@id\":\"https:\\\/\\\/radioleinewelle.de\\\/index.php\\\/2022\\\/10\\\/09\\\/wir-haben-die-wahl\\\/#primaryimage\"},\"image\":{\"@id\":\"https:\\\/\\\/radioleinewelle.de\\\/index.php\\\/2022\\\/10\\\/09\\\/wir-haben-die-wahl\\\/#primaryimage\"},\"thumbnailUrl\":\"https:\\\/\\\/radioleinewelle.de\\\/wp-content\\\/uploads\\\/2022\\\/10\\\/Plakate-Landtagswahl-2022-e1665306692818.jpg\",\"datePublished\":\"2022-10-09T09:11:42+00:00\",\"breadcrumb\":{\"@id\":\"https:\\\/\\\/radioleinewelle.de\\\/index.php\\\/2022\\\/10\\\/09\\\/wir-haben-die-wahl\\\/#breadcrumb\"},\"inLanguage\":\"de\",\"potentialAction\":[{\"@type\":\"ReadAction\",\"target\":[\"https:\\\/\\\/radioleinewelle.de\\\/index.php\\\/2022\\\/10\\\/09\\\/wir-haben-die-wahl\\\/\"]}]},{\"@type\":\"ImageObject\",\"inLanguage\":\"de\",\"@id\":\"https:\\\/\\\/radioleinewelle.de\\\/index.php\\\/2022\\\/10\\\/09\\\/wir-haben-die-wahl\\\/#primaryimage\",\"url\":\"https:\\\/\\\/radioleinewelle.de\\\/wp-content\\\/uploads\\\/2022\\\/10\\\/Plakate-Landtagswahl-2022-e1665306692818.jpg\",\"contentUrl\":\"https:\\\/\\\/radioleinewelle.de\\\/wp-content\\\/uploads\\\/2022\\\/10\\\/Plakate-Landtagswahl-2022-e1665306692818.jpg\",\"width\":574,\"height\":328},{\"@type\":\"BreadcrumbList\",\"@id\":\"https:\\\/\\\/radioleinewelle.de\\\/index.php\\\/2022\\\/10\\\/09\\\/wir-haben-die-wahl\\\/#breadcrumb\",\"itemListElement\":[{\"@type\":\"ListItem\",\"position\":1,\"name\":\"Startseite\",\"item\":\"https:\\\/\\\/radioleinewelle.de\\\/\"},{\"@type\":\"ListItem\",\"position\":2,\"name\":\"Wir haben die Wahl\"}]},{\"@type\":\"WebSite\",\"@id\":\"https:\\\/\\\/radioleinewelle.de\\\/#website\",\"url\":\"https:\\\/\\\/radioleinewelle.de\\\/\",\"name\":\"Radio Leinewelle\",\"description\":\"\",\"publisher\":{\"@id\":\"https:\\\/\\\/radioleinewelle.de\\\/#organization\"},\"potentialAction\":[{\"@type\":\"SearchAction\",\"target\":{\"@type\":\"EntryPoint\",\"urlTemplate\":\"https:\\\/\\\/radioleinewelle.de\\\/?s={search_term_string}\"},\"query-input\":{\"@type\":\"PropertyValueSpecification\",\"valueRequired\":true,\"valueName\":\"search_term_string\"}}],\"inLanguage\":\"de\"},{\"@type\":\"Organization\",\"@id\":\"https:\\\/\\\/radioleinewelle.de\\\/#organization\",\"name\":\"Radio Leinewelle\",\"alternateName\":\"Mein Radio f\u00fcr S\u00fcdniedersachsen\",\"url\":\"https:\\\/\\\/radioleinewelle.de\\\/\",\"logo\":{\"@type\":\"ImageObject\",\"inLanguage\":\"de\",\"@id\":\"https:\\\/\\\/radioleinewelle.de\\\/#\\\/schema\\\/logo\\\/image\\\/\",\"url\":\"https:\\\/\\\/radioleinewelle.de\\\/wp-content\\\/uploads\\\/2023\\\/11\\\/cropped-Leinewelle_Logo_weiss.png\",\"contentUrl\":\"https:\\\/\\\/radioleinewelle.de\\\/wp-content\\\/uploads\\\/2023\\\/11\\\/cropped-Leinewelle_Logo_weiss.png\",\"width\":854,\"height\":260,\"caption\":\"Radio Leinewelle\"},\"image\":{\"@id\":\"https:\\\/\\\/radioleinewelle.de\\\/#\\\/schema\\\/logo\\\/image\\\/\"},\"sameAs\":[\"https:\\\/\\\/www.facebook.com\\\/radioleinewelle\",\"https:\\\/\\\/x.com\\\/RLeinewelle\",\"https:\\\/\\\/www.instagram.com\\\/radioleinewelle\\\/?hl=de\"]},{\"@type\":\"Person\",\"@id\":\"https:\\\/\\\/radioleinewelle.de\\\/#\\\/schema\\\/person\\\/45606f348637df637192dc1b68399a63\",\"name\":\"Leinewelle\",\"image\":{\"@type\":\"ImageObject\",\"inLanguage\":\"de\",\"@id\":\"https:\\\/\\\/secure.gravatar.com\\\/avatar\\\/05c9a17bc973052ee5d91549bd32fb4dd0dc85b7b85ae94b2e2b4943476bbea5?s=96&d=blank&r=g\",\"url\":\"https:\\\/\\\/secure.gravatar.com\\\/avatar\\\/05c9a17bc973052ee5d91549bd32fb4dd0dc85b7b85ae94b2e2b4943476bbea5?s=96&d=blank&r=g\",\"contentUrl\":\"https:\\\/\\\/secure.gravatar.com\\\/avatar\\\/05c9a17bc973052ee5d91549bd32fb4dd0dc85b7b85ae94b2e2b4943476bbea5?s=96&d=blank&r=g\",\"caption\":\"Leinewelle\"},\"sameAs\":[\"http:\\\/\\\/localhost\\\/radio%20leinewelle\\\/wordpress\",\"https:\\\/\\\/www.facebook.com\\\/radioleinewelle\",\"https:\\\/\\\/www.instagram.com\\\/radioleinewelle\",\"https:\\\/\\\/x.com\\\/https:\\\/\\\/twitter.com\\\/RLeinewelle?ref_src=twsrcgoogletwcampserptwgrauthor\",\"https:\\\/\\\/soundcloud.com\\\/foerderverein-lokalradio?utm_source=clipboard&utm_medium=text&utm_campaign=social_sharing\"],\"url\":\"https:\\\/\\\/radioleinewelle.de\\\/index.php\\\/author\\\/leinewelle\\\/\"}]}<\/script>\n<!-- \/ Yoast SEO plugin. -->","yoast_head_json":{"title":"Wir haben die Wahl - Radio Leinewelle","robots":{"index":"index","follow":"follow","max-snippet":"max-snippet:-1","max-image-preview":"max-image-preview:large","max-video-preview":"max-video-preview:-1"},"canonical":"https:\/\/radioleinewelle.de\/index.php\/2022\/10\/09\/wir-haben-die-wahl\/","og_locale":"de_DE","og_type":"article","og_title":"Wir haben die Wahl - Radio Leinewelle","og_description":"Der nieders\u00e4chsische Landtagswahlkampf ist vorbei, jetzt haben die W\u00e4hlerinnen und W\u00e4hler das letzte Wort. \u00dcber zwanzig Parteien bewerben sich um Sitze im Landtag in Hannover. Anl\u00e4sslich der heutigen Landtagswahl sagt Landtagspr\u00e4sidentin Dr. Gabriele Andretta: \u201eDie Demokratie lebt von der aktiven Beteiligung ihrer B\u00fcrgerinnen und B\u00fcrger. Bitte gehen Sie am 9. Oktober w\u00e4hlen! Entscheiden Sie mit [&hellip;]","og_url":"https:\/\/radioleinewelle.de\/index.php\/2022\/10\/09\/wir-haben-die-wahl\/","og_site_name":"Radio Leinewelle","article_publisher":"https:\/\/www.facebook.com\/radioleinewelle","article_author":"https:\/\/www.facebook.com\/radioleinewelle","article_published_time":"2022-10-09T09:11:42+00:00","og_image":[{"width":574,"height":328,"url":"https:\/\/radioleinewelle.de\/wp-content\/uploads\/2022\/10\/Plakate-Landtagswahl-2022-e1665306692818.jpg","type":"image\/jpeg"}],"author":"Leinewelle","twitter_card":"summary_large_image","twitter_creator":"@https:\/\/twitter.com\/RLeinewelle?ref_src=twsrcgoogletwcampserptwgrauthor","twitter_site":"@RLeinewelle","twitter_misc":{"Verfasst von":"Leinewelle","Gesch\u00e4tzte Lesezeit":"2\u00a0Minuten"},"schema":{"@context":"https:\/\/schema.org","@graph":[{"@type":"Article","@id":"https:\/\/radioleinewelle.de\/index.php\/2022\/10\/09\/wir-haben-die-wahl\/#article","isPartOf":{"@id":"https:\/\/radioleinewelle.de\/index.php\/2022\/10\/09\/wir-haben-die-wahl\/"},"author":{"name":"Leinewelle","@id":"https:\/\/radioleinewelle.de\/#\/schema\/person\/45606f348637df637192dc1b68399a63"},"headline":"Wir haben die Wahl","datePublished":"2022-10-09T09:11:42+00:00","mainEntityOfPage":{"@id":"https:\/\/radioleinewelle.de\/index.php\/2022\/10\/09\/wir-haben-die-wahl\/"},"wordCount":232,"publisher":{"@id":"https:\/\/radioleinewelle.de\/#organization"},"image":{"@id":"https:\/\/radioleinewelle.de\/index.php\/2022\/10\/09\/wir-haben-die-wahl\/#primaryimage"},"thumbnailUrl":"https:\/\/radioleinewelle.de\/wp-content\/uploads\/2022\/10\/Plakate-Landtagswahl-2022-e1665306692818.jpg","keywords":["Landtagswahl 2022"],"articleSection":["Wahlen 2022"],"inLanguage":"de"},{"@type":"WebPage","@id":"https:\/\/radioleinewelle.de\/index.php\/2022\/10\/09\/wir-haben-die-wahl\/","url":"https:\/\/radioleinewelle.de\/index.php\/2022\/10\/09\/wir-haben-die-wahl\/","name":"Wir haben die Wahl - Radio Leinewelle","isPartOf":{"@id":"https:\/\/radioleinewelle.de\/#website"},"primaryImageOfPage":{"@id":"https:\/\/radioleinewelle.de\/index.php\/2022\/10\/09\/wir-haben-die-wahl\/#primaryimage"},"image":{"@id":"https:\/\/radioleinewelle.de\/index.php\/2022\/10\/09\/wir-haben-die-wahl\/#primaryimage"},"thumbnailUrl":"https:\/\/radioleinewelle.de\/wp-content\/uploads\/2022\/10\/Plakate-Landtagswahl-2022-e1665306692818.jpg","datePublished":"2022-10-09T09:11:42+00:00","breadcrumb":{"@id":"https:\/\/radioleinewelle.de\/index.php\/2022\/10\/09\/wir-haben-die-wahl\/#breadcrumb"},"inLanguage":"de","potentialAction":[{"@type":"ReadAction","target":["https:\/\/radioleinewelle.de\/index.php\/2022\/10\/09\/wir-haben-die-wahl\/"]}]},{"@type":"ImageObject","inLanguage":"de","@id":"https:\/\/radioleinewelle.de\/index.php\/2022\/10\/09\/wir-haben-die-wahl\/#primaryimage","url":"https:\/\/radioleinewelle.de\/wp-content\/uploads\/2022\/10\/Plakate-Landtagswahl-2022-e1665306692818.jpg","contentUrl":"https:\/\/radioleinewelle.de\/wp-content\/uploads\/2022\/10\/Plakate-Landtagswahl-2022-e1665306692818.jpg","width":574,"height":328},{"@type":"BreadcrumbList","@id":"https:\/\/radioleinewelle.de\/index.php\/2022\/10\/09\/wir-haben-die-wahl\/#breadcrumb","itemListElement":[{"@type":"ListItem","position":1,"name":"Startseite","item":"https:\/\/radioleinewelle.de\/"},{"@type":"ListItem","position":2,"name":"Wir haben die Wahl"}]},{"@type":"WebSite","@id":"https:\/\/radioleinewelle.de\/#website","url":"https:\/\/radioleinewelle.de\/","name":"Radio Leinewelle","description":"","publisher":{"@id":"https:\/\/radioleinewelle.de\/#organization"},"potentialAction":[{"@type":"SearchAction","target":{"@type":"EntryPoint","urlTemplate":"https:\/\/radioleinewelle.de\/?s={search_term_string}"},"query-input":{"@type":"PropertyValueSpecification","valueRequired":true,"valueName":"search_term_string"}}],"inLanguage":"de"},{"@type":"Organization","@id":"https:\/\/radioleinewelle.de\/#organization","name":"Radio Leinewelle","alternateName":"Mein Radio f\u00fcr S\u00fcdniedersachsen","url":"https:\/\/radioleinewelle.de\/","logo":{"@type":"ImageObject","inLanguage":"de","@id":"https:\/\/radioleinewelle.de\/#\/schema\/logo\/image\/","url":"https:\/\/radioleinewelle.de\/wp-content\/uploads\/2023\/11\/cropped-Leinewelle_Logo_weiss.png","contentUrl":"https:\/\/radioleinewelle.de\/wp-content\/uploads\/2023\/11\/cropped-Leinewelle_Logo_weiss.png","width":854,"height":260,"caption":"Radio Leinewelle"},"image":{"@id":"https:\/\/radioleinewelle.de\/#\/schema\/logo\/image\/"},"sameAs":["https:\/\/www.facebook.com\/radioleinewelle","https:\/\/x.com\/RLeinewelle","https:\/\/www.instagram.com\/radioleinewelle\/?hl=de"]},{"@type":"Person","@id":"https:\/\/radioleinewelle.de\/#\/schema\/person\/45606f348637df637192dc1b68399a63","name":"Leinewelle","image":{"@type":"ImageObject","inLanguage":"de","@id":"https:\/\/secure.gravatar.com\/avatar\/05c9a17bc973052ee5d91549bd32fb4dd0dc85b7b85ae94b2e2b4943476bbea5?s=96&d=blank&r=g","url":"https:\/\/secure.gravatar.com\/avatar\/05c9a17bc973052ee5d91549bd32fb4dd0dc85b7b85ae94b2e2b4943476bbea5?s=96&d=blank&r=g","contentUrl":"https:\/\/secure.gravatar.com\/avatar\/05c9a17bc973052ee5d91549bd32fb4dd0dc85b7b85ae94b2e2b4943476bbea5?s=96&d=blank&r=g","caption":"Leinewelle"},"sameAs":["http:\/\/localhost\/radio%20leinewelle\/wordpress","https:\/\/www.facebook.com\/radioleinewelle","https:\/\/www.instagram.com\/radioleinewelle","https:\/\/x.com\/https:\/\/twitter.com\/RLeinewelle?ref_src=twsrcgoogletwcampserptwgrauthor","https:\/\/soundcloud.com\/foerderverein-lokalradio?utm_source=clipboard&utm_medium=text&utm_campaign=social_sharing"],"url":"https:\/\/radioleinewelle.de\/index.php\/author\/leinewelle\/"}]}},"_links":{"self":[{"href":"https:\/\/radioleinewelle.de\/index.php\/wp-json\/wp\/v2\/posts\/16157","targetHints":{"allow":["GET"]}}],"collection":[{"href":"https:\/\/radioleinewelle.de\/index.php\/wp-json\/wp\/v2\/posts"}],"about":[{"href":"https:\/\/radioleinewelle.de\/index.php\/wp-json\/wp\/v2\/types\/post"}],"author":[{"embeddable":true,"href":"https:\/\/radioleinewelle.de\/index.php\/wp-json\/wp\/v2\/users\/1"}],"replies":[{"embeddable":true,"href":"https:\/\/radioleinewelle.de\/index.php\/wp-json\/wp\/v2\/comments?post=16157"}],"version-history":[{"count":0,"href":"https:\/\/radioleinewelle.de\/index.php\/wp-json\/wp\/v2\/posts\/16157\/revisions"}],"wp:featuredmedia":[{"embeddable":true,"href":"https:\/\/radioleinewelle.de\/index.php\/wp-json\/wp\/v2\/media\/16158"}],"wp:attachment":[{"href":"https:\/\/radioleinewelle.de\/index.php\/wp-json\/wp\/v2\/media?parent=16157"}],"wp:term":[{"taxonomy":"category","embeddable":true,"href":"https:\/\/radioleinewelle.de\/index.php\/wp-json\/wp\/v2\/categories?post=16157"},{"taxonomy":"post_tag","embeddable":true,"href":"https:\/\/radioleinewelle.de\/index.php\/wp-json\/wp\/v2\/tags?post=16157"}],"curies":[{"name":"wp","href":"https:\/\/api.w.org\/{rel}","templated":true}]}}