{"id":16208,"date":"2022-10-13T10:16:13","date_gmt":"2022-10-13T08:16:13","guid":{"rendered":"https:\/\/radioleinewelle.de\/?p=16208"},"modified":"2022-10-13T10:16:13","modified_gmt":"2022-10-13T08:16:13","slug":"21-jaehrige-auf-der-wallanlage-von-unbekanntem-koerperlich-attackiert","status":"publish","type":"post","link":"https:\/\/radioleinewelle.de\/index.php\/2022\/10\/13\/21-jaehrige-auf-der-wallanlage-von-unbekanntem-koerperlich-attackiert\/","title":{"rendered":"21-j\u00e4hrige auf der Wallanlage von Unbekanntem k\u00f6rperlich attackiert"},"content":{"rendered":"\n<p>Auf der G\u00f6ttinger Wallanlage, zwischen Nikolaistra\u00dfe und dem Gau\u00df-Weber-Denkmal, soll ein bislang unbekannter 65-70j\u00e4hriger Mann bereits am vergangenen Donnerstag gegen 11:40 Uhr eine junge Frau angegangen haben, nachdem diese ihn wegen Verrichtung seiner Notdurft unmittelbar vor einer Schule zur Rede stellen wollte. Die Polizei G\u00f6ttingen ermittelt.<\/p>\n\n\n\n<p>Nach derzeitigem Stand der Ermittlungen bemerkte das sp\u00e4tere Opfer den Unbekannten beim Urinieren in einem Geb\u00fcsch unmittelbar vor der Schule und wies ihn in sachlichem Ton auf sein Fehlverhalten hin, zumal auch Sch\u00fcler dies h\u00e4tten mitbekommen k\u00f6nnen.<\/p>\n\n\n\n<p>Der Ertappte regte sich daraufhin immens auf, beschimpfte die Frau und entfernte sich zun\u00e4chst in Richtung Gau\u00df-Weber-Denkmal. Nach wenigen Metern kehrte der Mann um, ging auf die Frau zu, packte sie am Kragen und w\u00fcrgte sie kurzzeitig mit der Hand. Daraufhin lie\u00df er wieder von seinem Opfer ab und entfernte sich schlie\u00dflich in Richtung Hospitalstra\u00dfe.<\/p>\n\n\n\n<p>Der Gesuchte soll ca. 65-70 Jahre alt gewesen sein, ca. 175 cm gro\u00df, hatte eine dickliche Statur und eine Halbglatze mit grauen Haaren. Er trug eine schwarze Hose, eine schwarze Fliegerbrille sowie eine hellblaue Jeansjacke mit der Aufschrift &#8222;Los Angeles&#8220; auf dem R\u00fccken. Er sprach akzentfreies Deutsch.<\/p>\n\n\n\n<p>Zeugen zu dem Vorfall, oder denen der Mann bekannt ist, werden gebeten, sich unter Telefon 0551\/491-2115 bei der Polizei in G\u00f6ttingen zu melden.<\/p>\n","protected":false},"excerpt":{"rendered":"<p>Auf der G\u00f6ttinger Wallanlage, zwischen Nikolaistra\u00dfe und dem Gau\u00df-Weber-Denkmal, soll ein bislang unbekannter 65-70j\u00e4hriger Mann bereits am vergangenen Donnerstag gegen 11:40 Uhr eine junge Frau angegangen haben, nachdem diese ihn wegen Verrichtung seiner Notdurft unmittelbar vor einer Schule zur Rede stellen wollte. Die Polizei G\u00f6ttingen ermittelt. Nach derzeitigem Stand der Ermittlungen bemerkte das sp\u00e4tere Opfer [&hellip;]<\/p>\n","protected":false},"author":1,"featured_media":0,"comment_status":"closed","ping_status":"closed","sticky":false,"template":"","format":"standard","meta":{"saved_in_kubio":false,"footnotes":""},"categories":[24],"tags":[],"class_list":["post-16208","post","type-post","status-publish","format-standard","hentry","category-news"],"yoast_head":"<!-- This site is optimized with the Yoast SEO plugin v27.4 - https:\/\/yoast.com\/product\/yoast-seo-wordpress\/ -->\n<title>21-j\u00e4hrige auf der Wallanlage von Unbekanntem k\u00f6rperlich attackiert - Radio Leinewelle<\/title>\n<meta name=\"robots\" content=\"index, follow, max-snippet:-1, max-image-preview:large, max-video-preview:-1\" \/>\n<link rel=\"canonical\" href=\"https:\/\/radioleinewelle.de\/index.php\/2022\/10\/13\/21-jaehrige-auf-der-wallanlage-von-unbekanntem-koerperlich-attackiert\/\" \/>\n<meta property=\"og:locale\" content=\"de_DE\" \/>\n<meta property=\"og:type\" content=\"article\" \/>\n<meta property=\"og:title\" content=\"21-j\u00e4hrige auf der Wallanlage von Unbekanntem k\u00f6rperlich attackiert - Radio Leinewelle\" \/>\n<meta property=\"og:description\" content=\"Auf der G\u00f6ttinger Wallanlage, zwischen Nikolaistra\u00dfe und dem Gau\u00df-Weber-Denkmal, soll ein bislang unbekannter 65-70j\u00e4hriger Mann bereits am vergangenen Donnerstag gegen 11:40 Uhr eine junge Frau angegangen haben, nachdem diese ihn wegen Verrichtung seiner Notdurft unmittelbar vor einer Schule zur Rede stellen wollte. Die Polizei G\u00f6ttingen ermittelt. Nach derzeitigem Stand der Ermittlungen bemerkte das sp\u00e4tere Opfer [&hellip;]\" \/>\n<meta property=\"og:url\" content=\"https:\/\/radioleinewelle.de\/index.php\/2022\/10\/13\/21-jaehrige-auf-der-wallanlage-von-unbekanntem-koerperlich-attackiert\/\" \/>\n<meta property=\"og:site_name\" content=\"Radio Leinewelle\" \/>\n<meta property=\"article:publisher\" content=\"https:\/\/www.facebook.com\/radioleinewelle\" \/>\n<meta property=\"article:author\" content=\"https:\/\/www.facebook.com\/radioleinewelle\" \/>\n<meta property=\"article:published_time\" content=\"2022-10-13T08:16:13+00:00\" \/>\n<meta name=\"author\" content=\"Leinewelle\" \/>\n<meta name=\"twitter:card\" content=\"summary_large_image\" \/>\n<meta name=\"twitter:creator\" content=\"@https:\/\/twitter.com\/RLeinewelle?ref_src=twsrcgoogletwcampserptwgrauthor\" \/>\n<meta name=\"twitter:site\" content=\"@RLeinewelle\" \/>\n<meta name=\"twitter:label1\" content=\"Verfasst von\" \/>\n\t<meta name=\"twitter:data1\" content=\"Leinewelle\" \/>\n\t<meta name=\"twitter:label2\" content=\"Gesch\u00e4tzte Lesezeit\" \/>\n\t<meta name=\"twitter:data2\" content=\"2\u00a0Minuten\" \/>\n<script type=\"application\/ld+json\" class=\"yoast-schema-graph\">{\"@context\":\"https:\\\/\\\/schema.org\",\"@graph\":[{\"@type\":\"Article\",\"@id\":\"https:\\\/\\\/radioleinewelle.de\\\/index.php\\\/2022\\\/10\\\/13\\\/21-jaehrige-auf-der-wallanlage-von-unbekanntem-koerperlich-attackiert\\\/#article\",\"isPartOf\":{\"@id\":\"https:\\\/\\\/radioleinewelle.de\\\/index.php\\\/2022\\\/10\\\/13\\\/21-jaehrige-auf-der-wallanlage-von-unbekanntem-koerperlich-attackiert\\\/\"},\"author\":{\"name\":\"Leinewelle\",\"@id\":\"https:\\\/\\\/radioleinewelle.de\\\/#\\\/schema\\\/person\\\/45606f348637df637192dc1b68399a63\"},\"headline\":\"21-j\u00e4hrige auf der Wallanlage von Unbekanntem k\u00f6rperlich attackiert\",\"datePublished\":\"2022-10-13T08:16:13+00:00\",\"mainEntityOfPage\":{\"@id\":\"https:\\\/\\\/radioleinewelle.de\\\/index.php\\\/2022\\\/10\\\/13\\\/21-jaehrige-auf-der-wallanlage-von-unbekanntem-koerperlich-attackiert\\\/\"},\"wordCount\":234,\"publisher\":{\"@id\":\"https:\\\/\\\/radioleinewelle.de\\\/#organization\"},\"articleSection\":[\"Aktuelle Nachrichten\"],\"inLanguage\":\"de\"},{\"@type\":\"WebPage\",\"@id\":\"https:\\\/\\\/radioleinewelle.de\\\/index.php\\\/2022\\\/10\\\/13\\\/21-jaehrige-auf-der-wallanlage-von-unbekanntem-koerperlich-attackiert\\\/\",\"url\":\"https:\\\/\\\/radioleinewelle.de\\\/index.php\\\/2022\\\/10\\\/13\\\/21-jaehrige-auf-der-wallanlage-von-unbekanntem-koerperlich-attackiert\\\/\",\"name\":\"21-j\u00e4hrige auf der Wallanlage von Unbekanntem k\u00f6rperlich attackiert - Radio Leinewelle\",\"isPartOf\":{\"@id\":\"https:\\\/\\\/radioleinewelle.de\\\/#website\"},\"datePublished\":\"2022-10-13T08:16:13+00:00\",\"breadcrumb\":{\"@id\":\"https:\\\/\\\/radioleinewelle.de\\\/index.php\\\/2022\\\/10\\\/13\\\/21-jaehrige-auf-der-wallanlage-von-unbekanntem-koerperlich-attackiert\\\/#breadcrumb\"},\"inLanguage\":\"de\",\"potentialAction\":[{\"@type\":\"ReadAction\",\"target\":[\"https:\\\/\\\/radioleinewelle.de\\\/index.php\\\/2022\\\/10\\\/13\\\/21-jaehrige-auf-der-wallanlage-von-unbekanntem-koerperlich-attackiert\\\/\"]}]},{\"@type\":\"BreadcrumbList\",\"@id\":\"https:\\\/\\\/radioleinewelle.de\\\/index.php\\\/2022\\\/10\\\/13\\\/21-jaehrige-auf-der-wallanlage-von-unbekanntem-koerperlich-attackiert\\\/#breadcrumb\",\"itemListElement\":[{\"@type\":\"ListItem\",\"position\":1,\"name\":\"Startseite\",\"item\":\"https:\\\/\\\/radioleinewelle.de\\\/\"},{\"@type\":\"ListItem\",\"position\":2,\"name\":\"21-j\u00e4hrige auf der Wallanlage von Unbekanntem k\u00f6rperlich attackiert\"}]},{\"@type\":\"WebSite\",\"@id\":\"https:\\\/\\\/radioleinewelle.de\\\/#website\",\"url\":\"https:\\\/\\\/radioleinewelle.de\\\/\",\"name\":\"Radio Leinewelle\",\"description\":\"\",\"publisher\":{\"@id\":\"https:\\\/\\\/radioleinewelle.de\\\/#organization\"},\"potentialAction\":[{\"@type\":\"SearchAction\",\"target\":{\"@type\":\"EntryPoint\",\"urlTemplate\":\"https:\\\/\\\/radioleinewelle.de\\\/?s={search_term_string}\"},\"query-input\":{\"@type\":\"PropertyValueSpecification\",\"valueRequired\":true,\"valueName\":\"search_term_string\"}}],\"inLanguage\":\"de\"},{\"@type\":\"Organization\",\"@id\":\"https:\\\/\\\/radioleinewelle.de\\\/#organization\",\"name\":\"Radio Leinewelle\",\"alternateName\":\"Mein Radio f\u00fcr S\u00fcdniedersachsen\",\"url\":\"https:\\\/\\\/radioleinewelle.de\\\/\",\"logo\":{\"@type\":\"ImageObject\",\"inLanguage\":\"de\",\"@id\":\"https:\\\/\\\/radioleinewelle.de\\\/#\\\/schema\\\/logo\\\/image\\\/\",\"url\":\"https:\\\/\\\/radioleinewelle.de\\\/wp-content\\\/uploads\\\/2023\\\/11\\\/cropped-Leinewelle_Logo_weiss.png\",\"contentUrl\":\"https:\\\/\\\/radioleinewelle.de\\\/wp-content\\\/uploads\\\/2023\\\/11\\\/cropped-Leinewelle_Logo_weiss.png\",\"width\":854,\"height\":260,\"caption\":\"Radio Leinewelle\"},\"image\":{\"@id\":\"https:\\\/\\\/radioleinewelle.de\\\/#\\\/schema\\\/logo\\\/image\\\/\"},\"sameAs\":[\"https:\\\/\\\/www.facebook.com\\\/radioleinewelle\",\"https:\\\/\\\/x.com\\\/RLeinewelle\",\"https:\\\/\\\/www.instagram.com\\\/radioleinewelle\\\/?hl=de\"]},{\"@type\":\"Person\",\"@id\":\"https:\\\/\\\/radioleinewelle.de\\\/#\\\/schema\\\/person\\\/45606f348637df637192dc1b68399a63\",\"name\":\"Leinewelle\",\"image\":{\"@type\":\"ImageObject\",\"inLanguage\":\"de\",\"@id\":\"https:\\\/\\\/secure.gravatar.com\\\/avatar\\\/05c9a17bc973052ee5d91549bd32fb4dd0dc85b7b85ae94b2e2b4943476bbea5?s=96&d=blank&r=g\",\"url\":\"https:\\\/\\\/secure.gravatar.com\\\/avatar\\\/05c9a17bc973052ee5d91549bd32fb4dd0dc85b7b85ae94b2e2b4943476bbea5?s=96&d=blank&r=g\",\"contentUrl\":\"https:\\\/\\\/secure.gravatar.com\\\/avatar\\\/05c9a17bc973052ee5d91549bd32fb4dd0dc85b7b85ae94b2e2b4943476bbea5?s=96&d=blank&r=g\",\"caption\":\"Leinewelle\"},\"sameAs\":[\"http:\\\/\\\/localhost\\\/radio%20leinewelle\\\/wordpress\",\"https:\\\/\\\/www.facebook.com\\\/radioleinewelle\",\"https:\\\/\\\/www.instagram.com\\\/radioleinewelle\",\"https:\\\/\\\/x.com\\\/https:\\\/\\\/twitter.com\\\/RLeinewelle?ref_src=twsrcgoogletwcampserptwgrauthor\",\"https:\\\/\\\/soundcloud.com\\\/foerderverein-lokalradio?utm_source=clipboard&utm_medium=text&utm_campaign=social_sharing\"],\"url\":\"https:\\\/\\\/radioleinewelle.de\\\/index.php\\\/author\\\/leinewelle\\\/\"}]}<\/script>\n<!-- \/ Yoast SEO plugin. -->","yoast_head_json":{"title":"21-j\u00e4hrige auf der Wallanlage von Unbekanntem k\u00f6rperlich attackiert - Radio Leinewelle","robots":{"index":"index","follow":"follow","max-snippet":"max-snippet:-1","max-image-preview":"max-image-preview:large","max-video-preview":"max-video-preview:-1"},"canonical":"https:\/\/radioleinewelle.de\/index.php\/2022\/10\/13\/21-jaehrige-auf-der-wallanlage-von-unbekanntem-koerperlich-attackiert\/","og_locale":"de_DE","og_type":"article","og_title":"21-j\u00e4hrige auf der Wallanlage von Unbekanntem k\u00f6rperlich attackiert - Radio Leinewelle","og_description":"Auf der G\u00f6ttinger Wallanlage, zwischen Nikolaistra\u00dfe und dem Gau\u00df-Weber-Denkmal, soll ein bislang unbekannter 65-70j\u00e4hriger Mann bereits am vergangenen Donnerstag gegen 11:40 Uhr eine junge Frau angegangen haben, nachdem diese ihn wegen Verrichtung seiner Notdurft unmittelbar vor einer Schule zur Rede stellen wollte. Die Polizei G\u00f6ttingen ermittelt. Nach derzeitigem Stand der Ermittlungen bemerkte das sp\u00e4tere Opfer [&hellip;]","og_url":"https:\/\/radioleinewelle.de\/index.php\/2022\/10\/13\/21-jaehrige-auf-der-wallanlage-von-unbekanntem-koerperlich-attackiert\/","og_site_name":"Radio Leinewelle","article_publisher":"https:\/\/www.facebook.com\/radioleinewelle","article_author":"https:\/\/www.facebook.com\/radioleinewelle","article_published_time":"2022-10-13T08:16:13+00:00","author":"Leinewelle","twitter_card":"summary_large_image","twitter_creator":"@https:\/\/twitter.com\/RLeinewelle?ref_src=twsrcgoogletwcampserptwgrauthor","twitter_site":"@RLeinewelle","twitter_misc":{"Verfasst von":"Leinewelle","Gesch\u00e4tzte Lesezeit":"2\u00a0Minuten"},"schema":{"@context":"https:\/\/schema.org","@graph":[{"@type":"Article","@id":"https:\/\/radioleinewelle.de\/index.php\/2022\/10\/13\/21-jaehrige-auf-der-wallanlage-von-unbekanntem-koerperlich-attackiert\/#article","isPartOf":{"@id":"https:\/\/radioleinewelle.de\/index.php\/2022\/10\/13\/21-jaehrige-auf-der-wallanlage-von-unbekanntem-koerperlich-attackiert\/"},"author":{"name":"Leinewelle","@id":"https:\/\/radioleinewelle.de\/#\/schema\/person\/45606f348637df637192dc1b68399a63"},"headline":"21-j\u00e4hrige auf der Wallanlage von Unbekanntem k\u00f6rperlich attackiert","datePublished":"2022-10-13T08:16:13+00:00","mainEntityOfPage":{"@id":"https:\/\/radioleinewelle.de\/index.php\/2022\/10\/13\/21-jaehrige-auf-der-wallanlage-von-unbekanntem-koerperlich-attackiert\/"},"wordCount":234,"publisher":{"@id":"https:\/\/radioleinewelle.de\/#organization"},"articleSection":["Aktuelle Nachrichten"],"inLanguage":"de"},{"@type":"WebPage","@id":"https:\/\/radioleinewelle.de\/index.php\/2022\/10\/13\/21-jaehrige-auf-der-wallanlage-von-unbekanntem-koerperlich-attackiert\/","url":"https:\/\/radioleinewelle.de\/index.php\/2022\/10\/13\/21-jaehrige-auf-der-wallanlage-von-unbekanntem-koerperlich-attackiert\/","name":"21-j\u00e4hrige auf der Wallanlage von Unbekanntem k\u00f6rperlich attackiert - Radio Leinewelle","isPartOf":{"@id":"https:\/\/radioleinewelle.de\/#website"},"datePublished":"2022-10-13T08:16:13+00:00","breadcrumb":{"@id":"https:\/\/radioleinewelle.de\/index.php\/2022\/10\/13\/21-jaehrige-auf-der-wallanlage-von-unbekanntem-koerperlich-attackiert\/#breadcrumb"},"inLanguage":"de","potentialAction":[{"@type":"ReadAction","target":["https:\/\/radioleinewelle.de\/index.php\/2022\/10\/13\/21-jaehrige-auf-der-wallanlage-von-unbekanntem-koerperlich-attackiert\/"]}]},{"@type":"BreadcrumbList","@id":"https:\/\/radioleinewelle.de\/index.php\/2022\/10\/13\/21-jaehrige-auf-der-wallanlage-von-unbekanntem-koerperlich-attackiert\/#breadcrumb","itemListElement":[{"@type":"ListItem","position":1,"name":"Startseite","item":"https:\/\/radioleinewelle.de\/"},{"@type":"ListItem","position":2,"name":"21-j\u00e4hrige auf der Wallanlage von Unbekanntem k\u00f6rperlich attackiert"}]},{"@type":"WebSite","@id":"https:\/\/radioleinewelle.de\/#website","url":"https:\/\/radioleinewelle.de\/","name":"Radio Leinewelle","description":"","publisher":{"@id":"https:\/\/radioleinewelle.de\/#organization"},"potentialAction":[{"@type":"SearchAction","target":{"@type":"EntryPoint","urlTemplate":"https:\/\/radioleinewelle.de\/?s={search_term_string}"},"query-input":{"@type":"PropertyValueSpecification","valueRequired":true,"valueName":"search_term_string"}}],"inLanguage":"de"},{"@type":"Organization","@id":"https:\/\/radioleinewelle.de\/#organization","name":"Radio Leinewelle","alternateName":"Mein Radio f\u00fcr S\u00fcdniedersachsen","url":"https:\/\/radioleinewelle.de\/","logo":{"@type":"ImageObject","inLanguage":"de","@id":"https:\/\/radioleinewelle.de\/#\/schema\/logo\/image\/","url":"https:\/\/radioleinewelle.de\/wp-content\/uploads\/2023\/11\/cropped-Leinewelle_Logo_weiss.png","contentUrl":"https:\/\/radioleinewelle.de\/wp-content\/uploads\/2023\/11\/cropped-Leinewelle_Logo_weiss.png","width":854,"height":260,"caption":"Radio Leinewelle"},"image":{"@id":"https:\/\/radioleinewelle.de\/#\/schema\/logo\/image\/"},"sameAs":["https:\/\/www.facebook.com\/radioleinewelle","https:\/\/x.com\/RLeinewelle","https:\/\/www.instagram.com\/radioleinewelle\/?hl=de"]},{"@type":"Person","@id":"https:\/\/radioleinewelle.de\/#\/schema\/person\/45606f348637df637192dc1b68399a63","name":"Leinewelle","image":{"@type":"ImageObject","inLanguage":"de","@id":"https:\/\/secure.gravatar.com\/avatar\/05c9a17bc973052ee5d91549bd32fb4dd0dc85b7b85ae94b2e2b4943476bbea5?s=96&d=blank&r=g","url":"https:\/\/secure.gravatar.com\/avatar\/05c9a17bc973052ee5d91549bd32fb4dd0dc85b7b85ae94b2e2b4943476bbea5?s=96&d=blank&r=g","contentUrl":"https:\/\/secure.gravatar.com\/avatar\/05c9a17bc973052ee5d91549bd32fb4dd0dc85b7b85ae94b2e2b4943476bbea5?s=96&d=blank&r=g","caption":"Leinewelle"},"sameAs":["http:\/\/localhost\/radio%20leinewelle\/wordpress","https:\/\/www.facebook.com\/radioleinewelle","https:\/\/www.instagram.com\/radioleinewelle","https:\/\/x.com\/https:\/\/twitter.com\/RLeinewelle?ref_src=twsrcgoogletwcampserptwgrauthor","https:\/\/soundcloud.com\/foerderverein-lokalradio?utm_source=clipboard&utm_medium=text&utm_campaign=social_sharing"],"url":"https:\/\/radioleinewelle.de\/index.php\/author\/leinewelle\/"}]}},"_links":{"self":[{"href":"https:\/\/radioleinewelle.de\/index.php\/wp-json\/wp\/v2\/posts\/16208","targetHints":{"allow":["GET"]}}],"collection":[{"href":"https:\/\/radioleinewelle.de\/index.php\/wp-json\/wp\/v2\/posts"}],"about":[{"href":"https:\/\/radioleinewelle.de\/index.php\/wp-json\/wp\/v2\/types\/post"}],"author":[{"embeddable":true,"href":"https:\/\/radioleinewelle.de\/index.php\/wp-json\/wp\/v2\/users\/1"}],"replies":[{"embeddable":true,"href":"https:\/\/radioleinewelle.de\/index.php\/wp-json\/wp\/v2\/comments?post=16208"}],"version-history":[{"count":0,"href":"https:\/\/radioleinewelle.de\/index.php\/wp-json\/wp\/v2\/posts\/16208\/revisions"}],"wp:attachment":[{"href":"https:\/\/radioleinewelle.de\/index.php\/wp-json\/wp\/v2\/media?parent=16208"}],"wp:term":[{"taxonomy":"category","embeddable":true,"href":"https:\/\/radioleinewelle.de\/index.php\/wp-json\/wp\/v2\/categories?post=16208"},{"taxonomy":"post_tag","embeddable":true,"href":"https:\/\/radioleinewelle.de\/index.php\/wp-json\/wp\/v2\/tags?post=16208"}],"curies":[{"name":"wp","href":"https:\/\/api.w.org\/{rel}","templated":true}]}}