{"id":16216,"date":"2022-10-13T10:48:18","date_gmt":"2022-10-13T08:48:18","guid":{"rendered":"https:\/\/radioleinewelle.de\/?p=16216"},"modified":"2022-10-13T10:48:18","modified_gmt":"2022-10-13T08:48:18","slug":"queere-kulturtage-in-goettingen-beginnen","status":"publish","type":"post","link":"https:\/\/radioleinewelle.de\/index.php\/2022\/10\/13\/queere-kulturtage-in-goettingen-beginnen\/","title":{"rendered":"Queere Kulturtage in G\u00f6ttingen beginnen"},"content":{"rendered":"\n<p>Heute, den 13. Oktober 2022, starten die diesj\u00e4hrigen QUEEREN KULTURTAGE unter dem Motto \u201eBack to the roots \u2013 queer to the future!\u201c. Zum 25. Jubil\u00e4um bekommen die LesBiSchwulen* KULTURTAGE damit einen neuen Namen und ein neues Logo.<\/p>\n\n\n\n<p>B<strong>ack to the roots!<\/strong> In zahlreichen Veranstaltungen der Kulturtage sowie in der eng mit den Kulturtagen verkn\u00fcpften, noch bis Ende Oktober im Alten Rathaus ge\u00f6ffneten Ausstellung zu queeren Bewegungsgeschichten in G\u00f6ttingen, stehen das facettenreiche Engagement und die unerm\u00fcdliche Selbstorganisation unterschiedlicher Akteur<em>innen aus dem LSBTIAQ<\/em>Spektrum seit 1972 im Mittelpunkt. Queer to the future! Gemeinsam mit 23 Kooperationspartner<em>innen bzw. Mitveranstalter<\/em>innen hat das gr\u00f6\u00dftenteils ehrenamtliche Kulturtage-Team 42 kulturpolitische Veranstaltungen auf die Beine gestellt, die bis zum 13. November an verschiedenen Orten in G\u00f6ttingen sowie digital stattfinden werden.<\/p>\n\n\n\n<p>\u201eDabei richtet sich der Blick der verschiedenen Events sowohl in die Vergangenheit als auch auf die Gegenwart und Zukunft. Queere K\u00e4mpfe f\u00fcr Sichtbarkeit, Sicherheit und Selbstbestimmung haben eine lange Tradition, sind aber l\u00e4ngst noch nicht am Ziel\u201c, erl\u00e4utert Karolina Bochynek, Mitglied des ehrenamtlichen Organisationsteams der QUEEREN KULTURTAGE. \u201eQueere Menschen erfahren noch immer in vielen Lebensbereichen Diskriminierung, Ausschl\u00fcsse oder Fremdbestimmung. Daher nehmen die Kulturtage auch auf aktuelle politische Themen Bezug.\u201c<\/p>\n\n\n\n<p>Das Faltblatt der QUEEREN KULTURTAGE liegt ab sofort an vielen Orten in G\u00f6ttingen aus.&nbsp;&nbsp;&nbsp;<strong>Alle ausf\u00fchrlichen Veranstaltungsank\u00fcndigungen sowie Details zu den Veranstaltungsorten, Corona-Regeln, Anmeldebedingungen und m\u00f6glichen Teilnahmekosten sind online zu finden:<br \/><a href=\"http:\/\/www.queere-kulturtage-goettingen.de\/\">www.queere-kulturtage-goettingen.de<\/a>.<\/strong><\/p>\n","protected":false},"excerpt":{"rendered":"<p>Heute, den 13. Oktober 2022, starten die diesj\u00e4hrigen QUEEREN KULTURTAGE unter dem Motto \u201eBack to the roots \u2013 queer to the future!\u201c. Zum 25. Jubil\u00e4um bekommen die LesBiSchwulen* KULTURTAGE damit einen neuen Namen und ein neues Logo. Back to the roots! In zahlreichen Veranstaltungen der Kulturtage sowie in der eng mit den Kulturtagen verkn\u00fcpften, noch [&hellip;]<\/p>\n","protected":false},"author":1,"featured_media":0,"comment_status":"closed","ping_status":"closed","sticky":false,"template":"","format":"standard","meta":{"saved_in_kubio":false,"footnotes":""},"categories":[53],"tags":[3436,3437],"class_list":["post-16216","post","type-post","status-publish","format-standard","hentry","category-gesellschaft","tag-queer-to-the-future","tag-quere-kulturtage-goettingen"],"yoast_head":"<!-- This site is optimized with the Yoast SEO plugin v27.5 - https:\/\/yoast.com\/product\/yoast-seo-wordpress\/ -->\n<title>Queere Kulturtage in G\u00f6ttingen beginnen - Radio Leinewelle<\/title>\n<meta name=\"robots\" content=\"index, follow, max-snippet:-1, max-image-preview:large, max-video-preview:-1\" \/>\n<link rel=\"canonical\" href=\"https:\/\/radioleinewelle.de\/index.php\/2022\/10\/13\/queere-kulturtage-in-goettingen-beginnen\/\" \/>\n<meta property=\"og:locale\" content=\"de_DE\" \/>\n<meta property=\"og:type\" content=\"article\" \/>\n<meta property=\"og:title\" content=\"Queere Kulturtage in G\u00f6ttingen beginnen - Radio Leinewelle\" \/>\n<meta property=\"og:description\" content=\"Heute, den 13. Oktober 2022, starten die diesj\u00e4hrigen QUEEREN KULTURTAGE unter dem Motto \u201eBack to the roots \u2013 queer to the future!\u201c. Zum 25. Jubil\u00e4um bekommen die LesBiSchwulen* KULTURTAGE damit einen neuen Namen und ein neues Logo. Back to the roots! In zahlreichen Veranstaltungen der Kulturtage sowie in der eng mit den Kulturtagen verkn\u00fcpften, noch [&hellip;]\" \/>\n<meta property=\"og:url\" content=\"https:\/\/radioleinewelle.de\/index.php\/2022\/10\/13\/queere-kulturtage-in-goettingen-beginnen\/\" \/>\n<meta property=\"og:site_name\" content=\"Radio Leinewelle\" \/>\n<meta property=\"article:publisher\" content=\"https:\/\/www.facebook.com\/radioleinewelle\" \/>\n<meta property=\"article:author\" content=\"https:\/\/www.facebook.com\/radioleinewelle\" \/>\n<meta property=\"article:published_time\" content=\"2022-10-13T08:48:18+00:00\" \/>\n<meta name=\"author\" content=\"Leinewelle\" \/>\n<meta name=\"twitter:card\" content=\"summary_large_image\" \/>\n<meta name=\"twitter:creator\" content=\"@https:\/\/twitter.com\/RLeinewelle?ref_src=twsrcgoogletwcampserptwgrauthor\" \/>\n<meta name=\"twitter:site\" content=\"@RLeinewelle\" \/>\n<meta name=\"twitter:label1\" content=\"Verfasst von\" \/>\n\t<meta name=\"twitter:data1\" content=\"Leinewelle\" \/>\n\t<meta name=\"twitter:label2\" content=\"Gesch\u00e4tzte Lesezeit\" \/>\n\t<meta name=\"twitter:data2\" content=\"2\u00a0Minuten\" \/>\n<script type=\"application\/ld+json\" class=\"yoast-schema-graph\">{\"@context\":\"https:\\\/\\\/schema.org\",\"@graph\":[{\"@type\":\"Article\",\"@id\":\"https:\\\/\\\/radioleinewelle.de\\\/index.php\\\/2022\\\/10\\\/13\\\/queere-kulturtage-in-goettingen-beginnen\\\/#article\",\"isPartOf\":{\"@id\":\"https:\\\/\\\/radioleinewelle.de\\\/index.php\\\/2022\\\/10\\\/13\\\/queere-kulturtage-in-goettingen-beginnen\\\/\"},\"author\":{\"name\":\"Leinewelle\",\"@id\":\"https:\\\/\\\/radioleinewelle.de\\\/#\\\/schema\\\/person\\\/45606f348637df637192dc1b68399a63\"},\"headline\":\"Queere Kulturtage in G\u00f6ttingen beginnen\",\"datePublished\":\"2022-10-13T08:48:18+00:00\",\"mainEntityOfPage\":{\"@id\":\"https:\\\/\\\/radioleinewelle.de\\\/index.php\\\/2022\\\/10\\\/13\\\/queere-kulturtage-in-goettingen-beginnen\\\/\"},\"wordCount\":242,\"publisher\":{\"@id\":\"https:\\\/\\\/radioleinewelle.de\\\/#organization\"},\"keywords\":[\"Queer to the Future\",\"Quere Kulturtage G\u00f6ttingen\"],\"articleSection\":[\"Gesellschaft\"],\"inLanguage\":\"de\"},{\"@type\":\"WebPage\",\"@id\":\"https:\\\/\\\/radioleinewelle.de\\\/index.php\\\/2022\\\/10\\\/13\\\/queere-kulturtage-in-goettingen-beginnen\\\/\",\"url\":\"https:\\\/\\\/radioleinewelle.de\\\/index.php\\\/2022\\\/10\\\/13\\\/queere-kulturtage-in-goettingen-beginnen\\\/\",\"name\":\"Queere Kulturtage in G\u00f6ttingen beginnen - Radio Leinewelle\",\"isPartOf\":{\"@id\":\"https:\\\/\\\/radioleinewelle.de\\\/#website\"},\"datePublished\":\"2022-10-13T08:48:18+00:00\",\"breadcrumb\":{\"@id\":\"https:\\\/\\\/radioleinewelle.de\\\/index.php\\\/2022\\\/10\\\/13\\\/queere-kulturtage-in-goettingen-beginnen\\\/#breadcrumb\"},\"inLanguage\":\"de\",\"potentialAction\":[{\"@type\":\"ReadAction\",\"target\":[\"https:\\\/\\\/radioleinewelle.de\\\/index.php\\\/2022\\\/10\\\/13\\\/queere-kulturtage-in-goettingen-beginnen\\\/\"]}]},{\"@type\":\"BreadcrumbList\",\"@id\":\"https:\\\/\\\/radioleinewelle.de\\\/index.php\\\/2022\\\/10\\\/13\\\/queere-kulturtage-in-goettingen-beginnen\\\/#breadcrumb\",\"itemListElement\":[{\"@type\":\"ListItem\",\"position\":1,\"name\":\"Startseite\",\"item\":\"https:\\\/\\\/radioleinewelle.de\\\/\"},{\"@type\":\"ListItem\",\"position\":2,\"name\":\"Queere Kulturtage in G\u00f6ttingen beginnen\"}]},{\"@type\":\"WebSite\",\"@id\":\"https:\\\/\\\/radioleinewelle.de\\\/#website\",\"url\":\"https:\\\/\\\/radioleinewelle.de\\\/\",\"name\":\"Radio Leinewelle\",\"description\":\"\",\"publisher\":{\"@id\":\"https:\\\/\\\/radioleinewelle.de\\\/#organization\"},\"potentialAction\":[{\"@type\":\"SearchAction\",\"target\":{\"@type\":\"EntryPoint\",\"urlTemplate\":\"https:\\\/\\\/radioleinewelle.de\\\/?s={search_term_string}\"},\"query-input\":{\"@type\":\"PropertyValueSpecification\",\"valueRequired\":true,\"valueName\":\"search_term_string\"}}],\"inLanguage\":\"de\"},{\"@type\":\"Organization\",\"@id\":\"https:\\\/\\\/radioleinewelle.de\\\/#organization\",\"name\":\"Radio Leinewelle\",\"alternateName\":\"Mein Radio f\u00fcr S\u00fcdniedersachsen\",\"url\":\"https:\\\/\\\/radioleinewelle.de\\\/\",\"logo\":{\"@type\":\"ImageObject\",\"inLanguage\":\"de\",\"@id\":\"https:\\\/\\\/radioleinewelle.de\\\/#\\\/schema\\\/logo\\\/image\\\/\",\"url\":\"https:\\\/\\\/radioleinewelle.de\\\/wp-content\\\/uploads\\\/2023\\\/11\\\/cropped-Leinewelle_Logo_weiss.png\",\"contentUrl\":\"https:\\\/\\\/radioleinewelle.de\\\/wp-content\\\/uploads\\\/2023\\\/11\\\/cropped-Leinewelle_Logo_weiss.png\",\"width\":854,\"height\":260,\"caption\":\"Radio Leinewelle\"},\"image\":{\"@id\":\"https:\\\/\\\/radioleinewelle.de\\\/#\\\/schema\\\/logo\\\/image\\\/\"},\"sameAs\":[\"https:\\\/\\\/www.facebook.com\\\/radioleinewelle\",\"https:\\\/\\\/x.com\\\/RLeinewelle\",\"https:\\\/\\\/www.instagram.com\\\/radioleinewelle\\\/?hl=de\"]},{\"@type\":\"Person\",\"@id\":\"https:\\\/\\\/radioleinewelle.de\\\/#\\\/schema\\\/person\\\/45606f348637df637192dc1b68399a63\",\"name\":\"Leinewelle\",\"image\":{\"@type\":\"ImageObject\",\"inLanguage\":\"de\",\"@id\":\"https:\\\/\\\/secure.gravatar.com\\\/avatar\\\/05c9a17bc973052ee5d91549bd32fb4dd0dc85b7b85ae94b2e2b4943476bbea5?s=96&d=blank&r=g\",\"url\":\"https:\\\/\\\/secure.gravatar.com\\\/avatar\\\/05c9a17bc973052ee5d91549bd32fb4dd0dc85b7b85ae94b2e2b4943476bbea5?s=96&d=blank&r=g\",\"contentUrl\":\"https:\\\/\\\/secure.gravatar.com\\\/avatar\\\/05c9a17bc973052ee5d91549bd32fb4dd0dc85b7b85ae94b2e2b4943476bbea5?s=96&d=blank&r=g\",\"caption\":\"Leinewelle\"},\"sameAs\":[\"http:\\\/\\\/localhost\\\/radio%20leinewelle\\\/wordpress\",\"https:\\\/\\\/www.facebook.com\\\/radioleinewelle\",\"https:\\\/\\\/www.instagram.com\\\/radioleinewelle\",\"https:\\\/\\\/x.com\\\/https:\\\/\\\/twitter.com\\\/RLeinewelle?ref_src=twsrcgoogletwcampserptwgrauthor\",\"https:\\\/\\\/soundcloud.com\\\/foerderverein-lokalradio?utm_source=clipboard&utm_medium=text&utm_campaign=social_sharing\"],\"url\":\"https:\\\/\\\/radioleinewelle.de\\\/index.php\\\/author\\\/leinewelle\\\/\"}]}<\/script>\n<!-- \/ Yoast SEO plugin. -->","yoast_head_json":{"title":"Queere Kulturtage in G\u00f6ttingen beginnen - Radio Leinewelle","robots":{"index":"index","follow":"follow","max-snippet":"max-snippet:-1","max-image-preview":"max-image-preview:large","max-video-preview":"max-video-preview:-1"},"canonical":"https:\/\/radioleinewelle.de\/index.php\/2022\/10\/13\/queere-kulturtage-in-goettingen-beginnen\/","og_locale":"de_DE","og_type":"article","og_title":"Queere Kulturtage in G\u00f6ttingen beginnen - Radio Leinewelle","og_description":"Heute, den 13. Oktober 2022, starten die diesj\u00e4hrigen QUEEREN KULTURTAGE unter dem Motto \u201eBack to the roots \u2013 queer to the future!\u201c. Zum 25. Jubil\u00e4um bekommen die LesBiSchwulen* KULTURTAGE damit einen neuen Namen und ein neues Logo. Back to the roots! In zahlreichen Veranstaltungen der Kulturtage sowie in der eng mit den Kulturtagen verkn\u00fcpften, noch [&hellip;]","og_url":"https:\/\/radioleinewelle.de\/index.php\/2022\/10\/13\/queere-kulturtage-in-goettingen-beginnen\/","og_site_name":"Radio Leinewelle","article_publisher":"https:\/\/www.facebook.com\/radioleinewelle","article_author":"https:\/\/www.facebook.com\/radioleinewelle","article_published_time":"2022-10-13T08:48:18+00:00","author":"Leinewelle","twitter_card":"summary_large_image","twitter_creator":"@https:\/\/twitter.com\/RLeinewelle?ref_src=twsrcgoogletwcampserptwgrauthor","twitter_site":"@RLeinewelle","twitter_misc":{"Verfasst von":"Leinewelle","Gesch\u00e4tzte Lesezeit":"2\u00a0Minuten"},"schema":{"@context":"https:\/\/schema.org","@graph":[{"@type":"Article","@id":"https:\/\/radioleinewelle.de\/index.php\/2022\/10\/13\/queere-kulturtage-in-goettingen-beginnen\/#article","isPartOf":{"@id":"https:\/\/radioleinewelle.de\/index.php\/2022\/10\/13\/queere-kulturtage-in-goettingen-beginnen\/"},"author":{"name":"Leinewelle","@id":"https:\/\/radioleinewelle.de\/#\/schema\/person\/45606f348637df637192dc1b68399a63"},"headline":"Queere Kulturtage in G\u00f6ttingen beginnen","datePublished":"2022-10-13T08:48:18+00:00","mainEntityOfPage":{"@id":"https:\/\/radioleinewelle.de\/index.php\/2022\/10\/13\/queere-kulturtage-in-goettingen-beginnen\/"},"wordCount":242,"publisher":{"@id":"https:\/\/radioleinewelle.de\/#organization"},"keywords":["Queer to the Future","Quere Kulturtage G\u00f6ttingen"],"articleSection":["Gesellschaft"],"inLanguage":"de"},{"@type":"WebPage","@id":"https:\/\/radioleinewelle.de\/index.php\/2022\/10\/13\/queere-kulturtage-in-goettingen-beginnen\/","url":"https:\/\/radioleinewelle.de\/index.php\/2022\/10\/13\/queere-kulturtage-in-goettingen-beginnen\/","name":"Queere Kulturtage in G\u00f6ttingen beginnen - Radio Leinewelle","isPartOf":{"@id":"https:\/\/radioleinewelle.de\/#website"},"datePublished":"2022-10-13T08:48:18+00:00","breadcrumb":{"@id":"https:\/\/radioleinewelle.de\/index.php\/2022\/10\/13\/queere-kulturtage-in-goettingen-beginnen\/#breadcrumb"},"inLanguage":"de","potentialAction":[{"@type":"ReadAction","target":["https:\/\/radioleinewelle.de\/index.php\/2022\/10\/13\/queere-kulturtage-in-goettingen-beginnen\/"]}]},{"@type":"BreadcrumbList","@id":"https:\/\/radioleinewelle.de\/index.php\/2022\/10\/13\/queere-kulturtage-in-goettingen-beginnen\/#breadcrumb","itemListElement":[{"@type":"ListItem","position":1,"name":"Startseite","item":"https:\/\/radioleinewelle.de\/"},{"@type":"ListItem","position":2,"name":"Queere Kulturtage in G\u00f6ttingen beginnen"}]},{"@type":"WebSite","@id":"https:\/\/radioleinewelle.de\/#website","url":"https:\/\/radioleinewelle.de\/","name":"Radio Leinewelle","description":"","publisher":{"@id":"https:\/\/radioleinewelle.de\/#organization"},"potentialAction":[{"@type":"SearchAction","target":{"@type":"EntryPoint","urlTemplate":"https:\/\/radioleinewelle.de\/?s={search_term_string}"},"query-input":{"@type":"PropertyValueSpecification","valueRequired":true,"valueName":"search_term_string"}}],"inLanguage":"de"},{"@type":"Organization","@id":"https:\/\/radioleinewelle.de\/#organization","name":"Radio Leinewelle","alternateName":"Mein Radio f\u00fcr S\u00fcdniedersachsen","url":"https:\/\/radioleinewelle.de\/","logo":{"@type":"ImageObject","inLanguage":"de","@id":"https:\/\/radioleinewelle.de\/#\/schema\/logo\/image\/","url":"https:\/\/radioleinewelle.de\/wp-content\/uploads\/2023\/11\/cropped-Leinewelle_Logo_weiss.png","contentUrl":"https:\/\/radioleinewelle.de\/wp-content\/uploads\/2023\/11\/cropped-Leinewelle_Logo_weiss.png","width":854,"height":260,"caption":"Radio Leinewelle"},"image":{"@id":"https:\/\/radioleinewelle.de\/#\/schema\/logo\/image\/"},"sameAs":["https:\/\/www.facebook.com\/radioleinewelle","https:\/\/x.com\/RLeinewelle","https:\/\/www.instagram.com\/radioleinewelle\/?hl=de"]},{"@type":"Person","@id":"https:\/\/radioleinewelle.de\/#\/schema\/person\/45606f348637df637192dc1b68399a63","name":"Leinewelle","image":{"@type":"ImageObject","inLanguage":"de","@id":"https:\/\/secure.gravatar.com\/avatar\/05c9a17bc973052ee5d91549bd32fb4dd0dc85b7b85ae94b2e2b4943476bbea5?s=96&d=blank&r=g","url":"https:\/\/secure.gravatar.com\/avatar\/05c9a17bc973052ee5d91549bd32fb4dd0dc85b7b85ae94b2e2b4943476bbea5?s=96&d=blank&r=g","contentUrl":"https:\/\/secure.gravatar.com\/avatar\/05c9a17bc973052ee5d91549bd32fb4dd0dc85b7b85ae94b2e2b4943476bbea5?s=96&d=blank&r=g","caption":"Leinewelle"},"sameAs":["http:\/\/localhost\/radio%20leinewelle\/wordpress","https:\/\/www.facebook.com\/radioleinewelle","https:\/\/www.instagram.com\/radioleinewelle","https:\/\/x.com\/https:\/\/twitter.com\/RLeinewelle?ref_src=twsrcgoogletwcampserptwgrauthor","https:\/\/soundcloud.com\/foerderverein-lokalradio?utm_source=clipboard&utm_medium=text&utm_campaign=social_sharing"],"url":"https:\/\/radioleinewelle.de\/index.php\/author\/leinewelle\/"}]}},"_links":{"self":[{"href":"https:\/\/radioleinewelle.de\/index.php\/wp-json\/wp\/v2\/posts\/16216","targetHints":{"allow":["GET"]}}],"collection":[{"href":"https:\/\/radioleinewelle.de\/index.php\/wp-json\/wp\/v2\/posts"}],"about":[{"href":"https:\/\/radioleinewelle.de\/index.php\/wp-json\/wp\/v2\/types\/post"}],"author":[{"embeddable":true,"href":"https:\/\/radioleinewelle.de\/index.php\/wp-json\/wp\/v2\/users\/1"}],"replies":[{"embeddable":true,"href":"https:\/\/radioleinewelle.de\/index.php\/wp-json\/wp\/v2\/comments?post=16216"}],"version-history":[{"count":0,"href":"https:\/\/radioleinewelle.de\/index.php\/wp-json\/wp\/v2\/posts\/16216\/revisions"}],"wp:attachment":[{"href":"https:\/\/radioleinewelle.de\/index.php\/wp-json\/wp\/v2\/media?parent=16216"}],"wp:term":[{"taxonomy":"category","embeddable":true,"href":"https:\/\/radioleinewelle.de\/index.php\/wp-json\/wp\/v2\/categories?post=16216"},{"taxonomy":"post_tag","embeddable":true,"href":"https:\/\/radioleinewelle.de\/index.php\/wp-json\/wp\/v2\/tags?post=16216"}],"curies":[{"name":"wp","href":"https:\/\/api.w.org\/{rel}","templated":true}]}}