{"id":1625,"date":"2020-09-14T05:30:29","date_gmt":"2020-09-14T03:30:29","guid":{"rendered":"https:\/\/radioleinewelle.de\/?p=1625"},"modified":"2020-09-14T05:30:29","modified_gmt":"2020-09-14T03:30:29","slug":"ab-sofort-neue-digitale-corona-erstsichtung-an-der-umg-eintritt-fuer-patientinnen-und-besucherinnen-vereinfacht","status":"publish","type":"post","link":"https:\/\/radioleinewelle.de\/index.php\/2020\/09\/14\/ab-sofort-neue-digitale-corona-erstsichtung-an-der-umg-eintritt-fuer-patientinnen-und-besucherinnen-vereinfacht\/","title":{"rendered":"Ab sofort: Neue digitale Corona-Erstsichtung an der UMG: Eintritt f\u00fcr Patient*innen und Besucher*innen vereinfacht"},"content":{"rendered":"<p>K\u00fcrzere Wartezeit, vereinfachter Ablauf, schneller ins Klinikum: Die UMG f\u00fchrt ab Montag, 14. September 2020, an den Eing\u00e4ngen die neu entwickelte, digitale Corona-Erstsichtung von Patient*innen und Besucher*innen ein. Dazu kann ein Fragebogen vorab zuhause oder noch vor Ort digital ausgef\u00fcllt werden.<\/p>\n<p>(umg) Der Zutritt in das Universit\u00e4tsklinikum G\u00f6ttingen in Zeiten der Corona-Pandemie wird einfacher: Ab Montag, dem 14. September 2020, startet die digitale Corona-Erstsichtung an den f\u00fcnf Eing\u00e4ngen der UMG (West- und Osteingang, Eingang zur Strahlentherapie und zur Notaufnahme sowie Klinik f\u00fcr Psychiatrie). Daf\u00fcr kann ein Formular mit Fragen vorab zuhause oder vor Ort digital am Bildschirm ausgef\u00fcllt werden. Das verk\u00fcrzt die Wartezeit in den Eing\u00e4ngen. Von dieser L\u00f6sung profitieren alle: Besucher*innen, Patient*innen und die UMG-Besch\u00e4ftigte und Studierende. Der gro\u00dfe Vorteil: Die Angaben flie\u00dfen gleich direkt in die Datensysteme der UMG ein, sind somit schnell verf\u00fcgbar und k\u00f6nnen sofort abgerufen werden. Der Datenschutz ist dabei selbstverst\u00e4ndlich gew\u00e4hrleistet: Die digital eingestellten Angaben der Besucher*innen im Fragebogen werden nach drei Wochen gel\u00f6scht, die Frageb\u00f6gen in Papierform vernichtet. Bei Patient*innen werden die Daten des Fragebogens automatisch Bestandteil ihrer Patientenakte. Die digitale L\u00f6sung wurde in der UMG unter Federf\u00fchrung von Prof. Dr. Sabine Blaschke, \u00e4rztliche Leitung der Interdisziplin\u00e4ren Notaufnahme (INA), mit dem Gesch\u00e4ftsbereich Informationstechnologie der UMG und in Partnerschaft mit der Hoch\u00adschule Heilbronn selbst entwickelt.<br \/>\nHinweise zur Besucherregelung an der UMG unter:<br \/>\n<a href=\"http:\/\/www.umg.eu\/patienten-besucher\/hinweise-fuer-besucher\/\" target=\"_blank\" rel=\"noopener\">www.umg.eu\/patienten-besucher\/hinweise-fuer-besucher\/<\/a><\/p>\n","protected":false},"excerpt":{"rendered":"<p>K\u00fcrzere Wartezeit, vereinfachter Ablauf, schneller ins Klinikum: Die UMG f\u00fchrt ab Montag, 14. September 2020, an den Eing\u00e4ngen die neu entwickelte, digitale Corona-Erstsichtung von Patient*innen und Besucher*innen ein. Dazu kann ein Fragebogen vorab zuhause oder noch vor Ort digital ausgef\u00fcllt werden. (umg) Der Zutritt in das Universit\u00e4tsklinikum G\u00f6ttingen in Zeiten der Corona-Pandemie wird einfacher: Ab [&hellip;]<\/p>\n","protected":false},"author":1,"featured_media":1627,"comment_status":"closed","ping_status":"closed","sticky":false,"template":"","format":"standard","meta":{"saved_in_kubio":false,"footnotes":""},"categories":[1],"tags":[],"class_list":["post-1625","post","type-post","status-publish","format-standard","has-post-thumbnail","hentry","category-allgemein"],"yoast_head":"<!-- This site is optimized with the Yoast SEO plugin v27.5 - https:\/\/yoast.com\/product\/yoast-seo-wordpress\/ -->\n<title>Ab sofort: Neue digitale Corona-Erstsichtung an der UMG: Eintritt f\u00fcr Patient*innen und Besucher*innen vereinfacht - Radio Leinewelle<\/title>\n<meta name=\"robots\" content=\"index, follow, max-snippet:-1, max-image-preview:large, max-video-preview:-1\" \/>\n<link rel=\"canonical\" href=\"https:\/\/radioleinewelle.de\/index.php\/2020\/09\/14\/ab-sofort-neue-digitale-corona-erstsichtung-an-der-umg-eintritt-fuer-patientinnen-und-besucherinnen-vereinfacht\/\" \/>\n<meta property=\"og:locale\" content=\"de_DE\" \/>\n<meta property=\"og:type\" content=\"article\" \/>\n<meta property=\"og:title\" content=\"Ab sofort: Neue digitale Corona-Erstsichtung an der UMG: Eintritt f\u00fcr Patient*innen und Besucher*innen vereinfacht - Radio Leinewelle\" \/>\n<meta property=\"og:description\" content=\"K\u00fcrzere Wartezeit, vereinfachter Ablauf, schneller ins Klinikum: Die UMG f\u00fchrt ab Montag, 14. September 2020, an den Eing\u00e4ngen die neu entwickelte, digitale Corona-Erstsichtung von Patient*innen und Besucher*innen ein. Dazu kann ein Fragebogen vorab zuhause oder noch vor Ort digital ausgef\u00fcllt werden. (umg) Der Zutritt in das Universit\u00e4tsklinikum G\u00f6ttingen in Zeiten der Corona-Pandemie wird einfacher: Ab [&hellip;]\" \/>\n<meta property=\"og:url\" content=\"https:\/\/radioleinewelle.de\/index.php\/2020\/09\/14\/ab-sofort-neue-digitale-corona-erstsichtung-an-der-umg-eintritt-fuer-patientinnen-und-besucherinnen-vereinfacht\/\" \/>\n<meta property=\"og:site_name\" content=\"Radio Leinewelle\" \/>\n<meta property=\"article:publisher\" content=\"https:\/\/www.facebook.com\/radioleinewelle\" \/>\n<meta property=\"article:author\" content=\"https:\/\/www.facebook.com\/radioleinewelle\" \/>\n<meta property=\"article:published_time\" content=\"2020-09-14T03:30:29+00:00\" \/>\n<meta property=\"og:image\" content=\"https:\/\/radioleinewelle.de\/wp-content\/uploads\/2020\/09\/csm_PIC-099-2020_QR-Code-Sichtung_15d9a8a57c.jpg\" \/>\n\t<meta property=\"og:image:width\" content=\"470\" \/>\n\t<meta property=\"og:image:height\" content=\"705\" \/>\n\t<meta property=\"og:image:type\" content=\"image\/jpeg\" \/>\n<meta name=\"author\" content=\"Leinewelle\" \/>\n<meta name=\"twitter:card\" content=\"summary_large_image\" \/>\n<meta name=\"twitter:creator\" content=\"@https:\/\/twitter.com\/RLeinewelle?ref_src=twsrcgoogletwcampserptwgrauthor\" \/>\n<meta name=\"twitter:site\" content=\"@RLeinewelle\" \/>\n<meta name=\"twitter:label1\" content=\"Verfasst von\" \/>\n\t<meta name=\"twitter:data1\" content=\"Leinewelle\" \/>\n\t<meta name=\"twitter:label2\" content=\"Gesch\u00e4tzte Lesezeit\" \/>\n\t<meta name=\"twitter:data2\" content=\"1\u00a0Minute\" \/>\n<script type=\"application\/ld+json\" class=\"yoast-schema-graph\">{\"@context\":\"https:\\\/\\\/schema.org\",\"@graph\":[{\"@type\":\"Article\",\"@id\":\"https:\\\/\\\/radioleinewelle.de\\\/index.php\\\/2020\\\/09\\\/14\\\/ab-sofort-neue-digitale-corona-erstsichtung-an-der-umg-eintritt-fuer-patientinnen-und-besucherinnen-vereinfacht\\\/#article\",\"isPartOf\":{\"@id\":\"https:\\\/\\\/radioleinewelle.de\\\/index.php\\\/2020\\\/09\\\/14\\\/ab-sofort-neue-digitale-corona-erstsichtung-an-der-umg-eintritt-fuer-patientinnen-und-besucherinnen-vereinfacht\\\/\"},\"author\":{\"name\":\"Leinewelle\",\"@id\":\"https:\\\/\\\/radioleinewelle.de\\\/#\\\/schema\\\/person\\\/45606f348637df637192dc1b68399a63\"},\"headline\":\"Ab sofort: Neue digitale Corona-Erstsichtung an der UMG: Eintritt f\u00fcr Patient*innen und Besucher*innen vereinfacht\",\"datePublished\":\"2020-09-14T03:30:29+00:00\",\"mainEntityOfPage\":{\"@id\":\"https:\\\/\\\/radioleinewelle.de\\\/index.php\\\/2020\\\/09\\\/14\\\/ab-sofort-neue-digitale-corona-erstsichtung-an-der-umg-eintritt-fuer-patientinnen-und-besucherinnen-vereinfacht\\\/\"},\"wordCount\":270,\"publisher\":{\"@id\":\"https:\\\/\\\/radioleinewelle.de\\\/#organization\"},\"image\":{\"@id\":\"https:\\\/\\\/radioleinewelle.de\\\/index.php\\\/2020\\\/09\\\/14\\\/ab-sofort-neue-digitale-corona-erstsichtung-an-der-umg-eintritt-fuer-patientinnen-und-besucherinnen-vereinfacht\\\/#primaryimage\"},\"thumbnailUrl\":\"https:\\\/\\\/radioleinewelle.de\\\/wp-content\\\/uploads\\\/2020\\\/09\\\/csm_PIC-099-2020_QR-Code-Sichtung_15d9a8a57c.jpg\",\"inLanguage\":\"de\"},{\"@type\":\"WebPage\",\"@id\":\"https:\\\/\\\/radioleinewelle.de\\\/index.php\\\/2020\\\/09\\\/14\\\/ab-sofort-neue-digitale-corona-erstsichtung-an-der-umg-eintritt-fuer-patientinnen-und-besucherinnen-vereinfacht\\\/\",\"url\":\"https:\\\/\\\/radioleinewelle.de\\\/index.php\\\/2020\\\/09\\\/14\\\/ab-sofort-neue-digitale-corona-erstsichtung-an-der-umg-eintritt-fuer-patientinnen-und-besucherinnen-vereinfacht\\\/\",\"name\":\"Ab sofort: Neue digitale Corona-Erstsichtung an der UMG: Eintritt f\u00fcr Patient*innen und Besucher*innen vereinfacht - Radio Leinewelle\",\"isPartOf\":{\"@id\":\"https:\\\/\\\/radioleinewelle.de\\\/#website\"},\"primaryImageOfPage\":{\"@id\":\"https:\\\/\\\/radioleinewelle.de\\\/index.php\\\/2020\\\/09\\\/14\\\/ab-sofort-neue-digitale-corona-erstsichtung-an-der-umg-eintritt-fuer-patientinnen-und-besucherinnen-vereinfacht\\\/#primaryimage\"},\"image\":{\"@id\":\"https:\\\/\\\/radioleinewelle.de\\\/index.php\\\/2020\\\/09\\\/14\\\/ab-sofort-neue-digitale-corona-erstsichtung-an-der-umg-eintritt-fuer-patientinnen-und-besucherinnen-vereinfacht\\\/#primaryimage\"},\"thumbnailUrl\":\"https:\\\/\\\/radioleinewelle.de\\\/wp-content\\\/uploads\\\/2020\\\/09\\\/csm_PIC-099-2020_QR-Code-Sichtung_15d9a8a57c.jpg\",\"datePublished\":\"2020-09-14T03:30:29+00:00\",\"breadcrumb\":{\"@id\":\"https:\\\/\\\/radioleinewelle.de\\\/index.php\\\/2020\\\/09\\\/14\\\/ab-sofort-neue-digitale-corona-erstsichtung-an-der-umg-eintritt-fuer-patientinnen-und-besucherinnen-vereinfacht\\\/#breadcrumb\"},\"inLanguage\":\"de\",\"potentialAction\":[{\"@type\":\"ReadAction\",\"target\":[\"https:\\\/\\\/radioleinewelle.de\\\/index.php\\\/2020\\\/09\\\/14\\\/ab-sofort-neue-digitale-corona-erstsichtung-an-der-umg-eintritt-fuer-patientinnen-und-besucherinnen-vereinfacht\\\/\"]}]},{\"@type\":\"ImageObject\",\"inLanguage\":\"de\",\"@id\":\"https:\\\/\\\/radioleinewelle.de\\\/index.php\\\/2020\\\/09\\\/14\\\/ab-sofort-neue-digitale-corona-erstsichtung-an-der-umg-eintritt-fuer-patientinnen-und-besucherinnen-vereinfacht\\\/#primaryimage\",\"url\":\"https:\\\/\\\/radioleinewelle.de\\\/wp-content\\\/uploads\\\/2020\\\/09\\\/csm_PIC-099-2020_QR-Code-Sichtung_15d9a8a57c.jpg\",\"contentUrl\":\"https:\\\/\\\/radioleinewelle.de\\\/wp-content\\\/uploads\\\/2020\\\/09\\\/csm_PIC-099-2020_QR-Code-Sichtung_15d9a8a57c.jpg\",\"width\":470,\"height\":705},{\"@type\":\"BreadcrumbList\",\"@id\":\"https:\\\/\\\/radioleinewelle.de\\\/index.php\\\/2020\\\/09\\\/14\\\/ab-sofort-neue-digitale-corona-erstsichtung-an-der-umg-eintritt-fuer-patientinnen-und-besucherinnen-vereinfacht\\\/#breadcrumb\",\"itemListElement\":[{\"@type\":\"ListItem\",\"position\":1,\"name\":\"Startseite\",\"item\":\"https:\\\/\\\/radioleinewelle.de\\\/\"},{\"@type\":\"ListItem\",\"position\":2,\"name\":\"Ab sofort: Neue digitale Corona-Erstsichtung an der UMG: Eintritt f\u00fcr Patient*innen und Besucher*innen vereinfacht\"}]},{\"@type\":\"WebSite\",\"@id\":\"https:\\\/\\\/radioleinewelle.de\\\/#website\",\"url\":\"https:\\\/\\\/radioleinewelle.de\\\/\",\"name\":\"Radio Leinewelle\",\"description\":\"\",\"publisher\":{\"@id\":\"https:\\\/\\\/radioleinewelle.de\\\/#organization\"},\"potentialAction\":[{\"@type\":\"SearchAction\",\"target\":{\"@type\":\"EntryPoint\",\"urlTemplate\":\"https:\\\/\\\/radioleinewelle.de\\\/?s={search_term_string}\"},\"query-input\":{\"@type\":\"PropertyValueSpecification\",\"valueRequired\":true,\"valueName\":\"search_term_string\"}}],\"inLanguage\":\"de\"},{\"@type\":\"Organization\",\"@id\":\"https:\\\/\\\/radioleinewelle.de\\\/#organization\",\"name\":\"Radio Leinewelle\",\"alternateName\":\"Mein Radio f\u00fcr S\u00fcdniedersachsen\",\"url\":\"https:\\\/\\\/radioleinewelle.de\\\/\",\"logo\":{\"@type\":\"ImageObject\",\"inLanguage\":\"de\",\"@id\":\"https:\\\/\\\/radioleinewelle.de\\\/#\\\/schema\\\/logo\\\/image\\\/\",\"url\":\"https:\\\/\\\/radioleinewelle.de\\\/wp-content\\\/uploads\\\/2023\\\/11\\\/cropped-Leinewelle_Logo_weiss.png\",\"contentUrl\":\"https:\\\/\\\/radioleinewelle.de\\\/wp-content\\\/uploads\\\/2023\\\/11\\\/cropped-Leinewelle_Logo_weiss.png\",\"width\":854,\"height\":260,\"caption\":\"Radio Leinewelle\"},\"image\":{\"@id\":\"https:\\\/\\\/radioleinewelle.de\\\/#\\\/schema\\\/logo\\\/image\\\/\"},\"sameAs\":[\"https:\\\/\\\/www.facebook.com\\\/radioleinewelle\",\"https:\\\/\\\/x.com\\\/RLeinewelle\",\"https:\\\/\\\/www.instagram.com\\\/radioleinewelle\\\/?hl=de\"]},{\"@type\":\"Person\",\"@id\":\"https:\\\/\\\/radioleinewelle.de\\\/#\\\/schema\\\/person\\\/45606f348637df637192dc1b68399a63\",\"name\":\"Leinewelle\",\"image\":{\"@type\":\"ImageObject\",\"inLanguage\":\"de\",\"@id\":\"https:\\\/\\\/secure.gravatar.com\\\/avatar\\\/05c9a17bc973052ee5d91549bd32fb4dd0dc85b7b85ae94b2e2b4943476bbea5?s=96&d=blank&r=g\",\"url\":\"https:\\\/\\\/secure.gravatar.com\\\/avatar\\\/05c9a17bc973052ee5d91549bd32fb4dd0dc85b7b85ae94b2e2b4943476bbea5?s=96&d=blank&r=g\",\"contentUrl\":\"https:\\\/\\\/secure.gravatar.com\\\/avatar\\\/05c9a17bc973052ee5d91549bd32fb4dd0dc85b7b85ae94b2e2b4943476bbea5?s=96&d=blank&r=g\",\"caption\":\"Leinewelle\"},\"sameAs\":[\"http:\\\/\\\/localhost\\\/radio%20leinewelle\\\/wordpress\",\"https:\\\/\\\/www.facebook.com\\\/radioleinewelle\",\"https:\\\/\\\/www.instagram.com\\\/radioleinewelle\",\"https:\\\/\\\/x.com\\\/https:\\\/\\\/twitter.com\\\/RLeinewelle?ref_src=twsrcgoogletwcampserptwgrauthor\",\"https:\\\/\\\/soundcloud.com\\\/foerderverein-lokalradio?utm_source=clipboard&utm_medium=text&utm_campaign=social_sharing\"],\"url\":\"https:\\\/\\\/radioleinewelle.de\\\/index.php\\\/author\\\/leinewelle\\\/\"}]}<\/script>\n<!-- \/ Yoast SEO plugin. -->","yoast_head_json":{"title":"Ab sofort: Neue digitale Corona-Erstsichtung an der UMG: Eintritt f\u00fcr Patient*innen und Besucher*innen vereinfacht - Radio Leinewelle","robots":{"index":"index","follow":"follow","max-snippet":"max-snippet:-1","max-image-preview":"max-image-preview:large","max-video-preview":"max-video-preview:-1"},"canonical":"https:\/\/radioleinewelle.de\/index.php\/2020\/09\/14\/ab-sofort-neue-digitale-corona-erstsichtung-an-der-umg-eintritt-fuer-patientinnen-und-besucherinnen-vereinfacht\/","og_locale":"de_DE","og_type":"article","og_title":"Ab sofort: Neue digitale Corona-Erstsichtung an der UMG: Eintritt f\u00fcr Patient*innen und Besucher*innen vereinfacht - Radio Leinewelle","og_description":"K\u00fcrzere Wartezeit, vereinfachter Ablauf, schneller ins Klinikum: Die UMG f\u00fchrt ab Montag, 14. September 2020, an den Eing\u00e4ngen die neu entwickelte, digitale Corona-Erstsichtung von Patient*innen und Besucher*innen ein. Dazu kann ein Fragebogen vorab zuhause oder noch vor Ort digital ausgef\u00fcllt werden. (umg) Der Zutritt in das Universit\u00e4tsklinikum G\u00f6ttingen in Zeiten der Corona-Pandemie wird einfacher: Ab [&hellip;]","og_url":"https:\/\/radioleinewelle.de\/index.php\/2020\/09\/14\/ab-sofort-neue-digitale-corona-erstsichtung-an-der-umg-eintritt-fuer-patientinnen-und-besucherinnen-vereinfacht\/","og_site_name":"Radio Leinewelle","article_publisher":"https:\/\/www.facebook.com\/radioleinewelle","article_author":"https:\/\/www.facebook.com\/radioleinewelle","article_published_time":"2020-09-14T03:30:29+00:00","og_image":[{"width":470,"height":705,"url":"https:\/\/radioleinewelle.de\/wp-content\/uploads\/2020\/09\/csm_PIC-099-2020_QR-Code-Sichtung_15d9a8a57c.jpg","type":"image\/jpeg"}],"author":"Leinewelle","twitter_card":"summary_large_image","twitter_creator":"@https:\/\/twitter.com\/RLeinewelle?ref_src=twsrcgoogletwcampserptwgrauthor","twitter_site":"@RLeinewelle","twitter_misc":{"Verfasst von":"Leinewelle","Gesch\u00e4tzte Lesezeit":"1\u00a0Minute"},"schema":{"@context":"https:\/\/schema.org","@graph":[{"@type":"Article","@id":"https:\/\/radioleinewelle.de\/index.php\/2020\/09\/14\/ab-sofort-neue-digitale-corona-erstsichtung-an-der-umg-eintritt-fuer-patientinnen-und-besucherinnen-vereinfacht\/#article","isPartOf":{"@id":"https:\/\/radioleinewelle.de\/index.php\/2020\/09\/14\/ab-sofort-neue-digitale-corona-erstsichtung-an-der-umg-eintritt-fuer-patientinnen-und-besucherinnen-vereinfacht\/"},"author":{"name":"Leinewelle","@id":"https:\/\/radioleinewelle.de\/#\/schema\/person\/45606f348637df637192dc1b68399a63"},"headline":"Ab sofort: Neue digitale Corona-Erstsichtung an der UMG: Eintritt f\u00fcr Patient*innen und Besucher*innen vereinfacht","datePublished":"2020-09-14T03:30:29+00:00","mainEntityOfPage":{"@id":"https:\/\/radioleinewelle.de\/index.php\/2020\/09\/14\/ab-sofort-neue-digitale-corona-erstsichtung-an-der-umg-eintritt-fuer-patientinnen-und-besucherinnen-vereinfacht\/"},"wordCount":270,"publisher":{"@id":"https:\/\/radioleinewelle.de\/#organization"},"image":{"@id":"https:\/\/radioleinewelle.de\/index.php\/2020\/09\/14\/ab-sofort-neue-digitale-corona-erstsichtung-an-der-umg-eintritt-fuer-patientinnen-und-besucherinnen-vereinfacht\/#primaryimage"},"thumbnailUrl":"https:\/\/radioleinewelle.de\/wp-content\/uploads\/2020\/09\/csm_PIC-099-2020_QR-Code-Sichtung_15d9a8a57c.jpg","inLanguage":"de"},{"@type":"WebPage","@id":"https:\/\/radioleinewelle.de\/index.php\/2020\/09\/14\/ab-sofort-neue-digitale-corona-erstsichtung-an-der-umg-eintritt-fuer-patientinnen-und-besucherinnen-vereinfacht\/","url":"https:\/\/radioleinewelle.de\/index.php\/2020\/09\/14\/ab-sofort-neue-digitale-corona-erstsichtung-an-der-umg-eintritt-fuer-patientinnen-und-besucherinnen-vereinfacht\/","name":"Ab sofort: Neue digitale Corona-Erstsichtung an der UMG: Eintritt f\u00fcr Patient*innen und Besucher*innen vereinfacht - Radio Leinewelle","isPartOf":{"@id":"https:\/\/radioleinewelle.de\/#website"},"primaryImageOfPage":{"@id":"https:\/\/radioleinewelle.de\/index.php\/2020\/09\/14\/ab-sofort-neue-digitale-corona-erstsichtung-an-der-umg-eintritt-fuer-patientinnen-und-besucherinnen-vereinfacht\/#primaryimage"},"image":{"@id":"https:\/\/radioleinewelle.de\/index.php\/2020\/09\/14\/ab-sofort-neue-digitale-corona-erstsichtung-an-der-umg-eintritt-fuer-patientinnen-und-besucherinnen-vereinfacht\/#primaryimage"},"thumbnailUrl":"https:\/\/radioleinewelle.de\/wp-content\/uploads\/2020\/09\/csm_PIC-099-2020_QR-Code-Sichtung_15d9a8a57c.jpg","datePublished":"2020-09-14T03:30:29+00:00","breadcrumb":{"@id":"https:\/\/radioleinewelle.de\/index.php\/2020\/09\/14\/ab-sofort-neue-digitale-corona-erstsichtung-an-der-umg-eintritt-fuer-patientinnen-und-besucherinnen-vereinfacht\/#breadcrumb"},"inLanguage":"de","potentialAction":[{"@type":"ReadAction","target":["https:\/\/radioleinewelle.de\/index.php\/2020\/09\/14\/ab-sofort-neue-digitale-corona-erstsichtung-an-der-umg-eintritt-fuer-patientinnen-und-besucherinnen-vereinfacht\/"]}]},{"@type":"ImageObject","inLanguage":"de","@id":"https:\/\/radioleinewelle.de\/index.php\/2020\/09\/14\/ab-sofort-neue-digitale-corona-erstsichtung-an-der-umg-eintritt-fuer-patientinnen-und-besucherinnen-vereinfacht\/#primaryimage","url":"https:\/\/radioleinewelle.de\/wp-content\/uploads\/2020\/09\/csm_PIC-099-2020_QR-Code-Sichtung_15d9a8a57c.jpg","contentUrl":"https:\/\/radioleinewelle.de\/wp-content\/uploads\/2020\/09\/csm_PIC-099-2020_QR-Code-Sichtung_15d9a8a57c.jpg","width":470,"height":705},{"@type":"BreadcrumbList","@id":"https:\/\/radioleinewelle.de\/index.php\/2020\/09\/14\/ab-sofort-neue-digitale-corona-erstsichtung-an-der-umg-eintritt-fuer-patientinnen-und-besucherinnen-vereinfacht\/#breadcrumb","itemListElement":[{"@type":"ListItem","position":1,"name":"Startseite","item":"https:\/\/radioleinewelle.de\/"},{"@type":"ListItem","position":2,"name":"Ab sofort: Neue digitale Corona-Erstsichtung an der UMG: Eintritt f\u00fcr Patient*innen und Besucher*innen vereinfacht"}]},{"@type":"WebSite","@id":"https:\/\/radioleinewelle.de\/#website","url":"https:\/\/radioleinewelle.de\/","name":"Radio Leinewelle","description":"","publisher":{"@id":"https:\/\/radioleinewelle.de\/#organization"},"potentialAction":[{"@type":"SearchAction","target":{"@type":"EntryPoint","urlTemplate":"https:\/\/radioleinewelle.de\/?s={search_term_string}"},"query-input":{"@type":"PropertyValueSpecification","valueRequired":true,"valueName":"search_term_string"}}],"inLanguage":"de"},{"@type":"Organization","@id":"https:\/\/radioleinewelle.de\/#organization","name":"Radio Leinewelle","alternateName":"Mein Radio f\u00fcr S\u00fcdniedersachsen","url":"https:\/\/radioleinewelle.de\/","logo":{"@type":"ImageObject","inLanguage":"de","@id":"https:\/\/radioleinewelle.de\/#\/schema\/logo\/image\/","url":"https:\/\/radioleinewelle.de\/wp-content\/uploads\/2023\/11\/cropped-Leinewelle_Logo_weiss.png","contentUrl":"https:\/\/radioleinewelle.de\/wp-content\/uploads\/2023\/11\/cropped-Leinewelle_Logo_weiss.png","width":854,"height":260,"caption":"Radio Leinewelle"},"image":{"@id":"https:\/\/radioleinewelle.de\/#\/schema\/logo\/image\/"},"sameAs":["https:\/\/www.facebook.com\/radioleinewelle","https:\/\/x.com\/RLeinewelle","https:\/\/www.instagram.com\/radioleinewelle\/?hl=de"]},{"@type":"Person","@id":"https:\/\/radioleinewelle.de\/#\/schema\/person\/45606f348637df637192dc1b68399a63","name":"Leinewelle","image":{"@type":"ImageObject","inLanguage":"de","@id":"https:\/\/secure.gravatar.com\/avatar\/05c9a17bc973052ee5d91549bd32fb4dd0dc85b7b85ae94b2e2b4943476bbea5?s=96&d=blank&r=g","url":"https:\/\/secure.gravatar.com\/avatar\/05c9a17bc973052ee5d91549bd32fb4dd0dc85b7b85ae94b2e2b4943476bbea5?s=96&d=blank&r=g","contentUrl":"https:\/\/secure.gravatar.com\/avatar\/05c9a17bc973052ee5d91549bd32fb4dd0dc85b7b85ae94b2e2b4943476bbea5?s=96&d=blank&r=g","caption":"Leinewelle"},"sameAs":["http:\/\/localhost\/radio%20leinewelle\/wordpress","https:\/\/www.facebook.com\/radioleinewelle","https:\/\/www.instagram.com\/radioleinewelle","https:\/\/x.com\/https:\/\/twitter.com\/RLeinewelle?ref_src=twsrcgoogletwcampserptwgrauthor","https:\/\/soundcloud.com\/foerderverein-lokalradio?utm_source=clipboard&utm_medium=text&utm_campaign=social_sharing"],"url":"https:\/\/radioleinewelle.de\/index.php\/author\/leinewelle\/"}]}},"_links":{"self":[{"href":"https:\/\/radioleinewelle.de\/index.php\/wp-json\/wp\/v2\/posts\/1625","targetHints":{"allow":["GET"]}}],"collection":[{"href":"https:\/\/radioleinewelle.de\/index.php\/wp-json\/wp\/v2\/posts"}],"about":[{"href":"https:\/\/radioleinewelle.de\/index.php\/wp-json\/wp\/v2\/types\/post"}],"author":[{"embeddable":true,"href":"https:\/\/radioleinewelle.de\/index.php\/wp-json\/wp\/v2\/users\/1"}],"replies":[{"embeddable":true,"href":"https:\/\/radioleinewelle.de\/index.php\/wp-json\/wp\/v2\/comments?post=1625"}],"version-history":[{"count":0,"href":"https:\/\/radioleinewelle.de\/index.php\/wp-json\/wp\/v2\/posts\/1625\/revisions"}],"wp:featuredmedia":[{"embeddable":true,"href":"https:\/\/radioleinewelle.de\/index.php\/wp-json\/wp\/v2\/media\/1627"}],"wp:attachment":[{"href":"https:\/\/radioleinewelle.de\/index.php\/wp-json\/wp\/v2\/media?parent=1625"}],"wp:term":[{"taxonomy":"category","embeddable":true,"href":"https:\/\/radioleinewelle.de\/index.php\/wp-json\/wp\/v2\/categories?post=1625"},{"taxonomy":"post_tag","embeddable":true,"href":"https:\/\/radioleinewelle.de\/index.php\/wp-json\/wp\/v2\/tags?post=1625"}],"curies":[{"name":"wp","href":"https:\/\/api.w.org\/{rel}","templated":true}]}}