{"id":1633,"date":"2020-09-14T05:20:12","date_gmt":"2020-09-14T03:20:12","guid":{"rendered":"https:\/\/radioleinewelle.de\/?p=1633"},"modified":"2020-09-14T05:20:12","modified_gmt":"2020-09-14T03:20:12","slug":"harzerwanderwochen-vom-12-bis-20-september","status":"publish","type":"post","link":"https:\/\/radioleinewelle.de\/index.php\/2020\/09\/14\/harzerwanderwochen-vom-12-bis-20-september\/","title":{"rendered":"HarzerWanderWochen vom 12. bis 20. September"},"content":{"rendered":"<header class=\"article-header clearfix\">\n<p class=\"item-title\">\u00a09 Tage Wanderspa\u00df mit \u00fcber 450 Kilometern kreuz und quer durch den Harz, verteilt auf 35 Touren \u2013 das sind die HarzerWanderWochen! In unserem Tourenbuch finden Sie alle Informationen zu den Wanderungen.<\/p>\n<\/header>\n<div class=\"article-content item clearfix\">\n<div class=\"row\">\n<div class=\"col-sm-8 col-md-7\">\n<p>Um fit und gesund zu bleiben, sollten Sie mindestens 10.000 Schritte pro Tag zur\u00fccklegen. Dies ist nur einer von vielen guten Gr\u00fcnden, um an den HarzerWanderWochen teilzunehmen.<\/p>\n<p>Das sch\u00f6nste Mittelgebirge Deutschlands gl\u00e4nzt mit zahlreichen Wanderm\u00f6glichkeiten. Egal ob ruhig und naturbelassen, informativ auf Themenwanderwegen oder sportlich aktiv \u2013 hier findet jeder Wanderer seine Lieblingsroute.<\/p>\n<p><a href=\"https:\/\/www.harzer-wanderwochen.de\/images\/PDF\/tourenbuch.pdf\" target=\"_blank\" rel=\"noopener\">Hier geht&#8217;s zum Tourenbuch mit allen Informationen zu den Wanderungen.<\/a><\/p>\n<\/div>\n<div class=\"col-sm-4 col-md-5 img-col\">\n<figure class=\"img-responsive thumbnail\"><a class=\" bs3-modal slidebox-popup-6987\" title=\"HarzerWanderWochen\" href=\"https:\/\/www.goslar.de\/images\/kultur-freizeit\/veranstaltungen\/wandermarathon2020.jpg\" data-gallery=\"gallery-com_content_article_6987\" data-toggle=\"lightbox\" data-title=\"HarzerWanderWochen\" data-type=\"image\"><img loading=\"lazy\" decoding=\"async\" class=\"img-responsive aligncenter\" title=\"HarzerWanderWochen\" src=\"https:\/\/www.goslar.de\/images\/thumbnails\/images\/kultur-freizeit\/veranstaltungen\/wandermarathon2020-area-720x480.jpg\" alt=\"HarzerWanderWochen\" width=\"588\" height=\"392\" \/><\/a><figcaption>HarzerWanderWochen<\/figcaption><\/figure>\n<\/div>\n<\/div>\n<div class=\"row\">\n<div class=\"col-sm-8 col-md-7\">\n<p>Lernen Sie in den HarzerWanderWochen die Vielf\u00e4ltigkeit des Harzes kennen und nehmen Sie an verschiedenen Veranstaltungen rund um das Thema Wandern teil. Es warten t\u00e4glich mehrere spannende, in Streckenl\u00e4nge und Schwierigkeit variierende Touren auf Sie. Das abwechslungsreiche Programm h\u00e4lt f\u00fcr jeden die passende Tour bereit \u2013 egal ob Sportwanderer, gem\u00fctlicher Spazierg\u00e4nger oder Familien.<\/p>\n<p>Sie wollen testen, wie weit Ihre F\u00fc\u00dfe Sie tragen? Kein Problem, dann nehmen Sie an unserem 42,192 Km umfassenden Wander-Marathon teil und finden Sie es heraus!<\/p>\n<p>Mehr unter: <a href=\"https:\/\/www.goslar.de\/kultur-freizeit\/veranstaltungen\/6987-harzerwanderwochen-vom-12-bis-20-september\">Goslar.de<\/a><\/p>\n<\/div>\n<p>Fotos: Stadt Goslar<\/p>\n<\/div>\n<\/div>\n","protected":false},"excerpt":{"rendered":"<p>\u00a09 Tage Wanderspa\u00df mit \u00fcber 450 Kilometern kreuz und quer durch den Harz, verteilt auf 35 Touren \u2013 das sind die HarzerWanderWochen! In unserem Tourenbuch finden Sie alle Informationen zu den Wanderungen. Um fit und gesund zu bleiben, sollten Sie mindestens 10.000 Schritte pro Tag zur\u00fccklegen. Dies ist nur einer von vielen guten Gr\u00fcnden, um [&hellip;]<\/p>\n","protected":false},"author":1,"featured_media":1635,"comment_status":"closed","ping_status":"closed","sticky":false,"template":"","format":"standard","meta":{"saved_in_kubio":false,"footnotes":""},"categories":[1],"tags":[],"class_list":["post-1633","post","type-post","status-publish","format-standard","has-post-thumbnail","hentry","category-allgemein"],"yoast_head":"<!-- This site is optimized with the Yoast SEO plugin v27.5 - https:\/\/yoast.com\/product\/yoast-seo-wordpress\/ -->\n<title>HarzerWanderWochen vom 12. bis 20. September - Radio Leinewelle<\/title>\n<meta name=\"robots\" content=\"index, follow, max-snippet:-1, max-image-preview:large, max-video-preview:-1\" \/>\n<link rel=\"canonical\" href=\"https:\/\/radioleinewelle.de\/index.php\/2020\/09\/14\/harzerwanderwochen-vom-12-bis-20-september\/\" \/>\n<meta property=\"og:locale\" content=\"de_DE\" \/>\n<meta property=\"og:type\" content=\"article\" \/>\n<meta property=\"og:title\" content=\"HarzerWanderWochen vom 12. bis 20. September - Radio Leinewelle\" \/>\n<meta property=\"og:description\" content=\"\u00a09 Tage Wanderspa\u00df mit \u00fcber 450 Kilometern kreuz und quer durch den Harz, verteilt auf 35 Touren \u2013 das sind die HarzerWanderWochen! In unserem Tourenbuch finden Sie alle Informationen zu den Wanderungen. Um fit und gesund zu bleiben, sollten Sie mindestens 10.000 Schritte pro Tag zur\u00fccklegen. Dies ist nur einer von vielen guten Gr\u00fcnden, um [&hellip;]\" \/>\n<meta property=\"og:url\" content=\"https:\/\/radioleinewelle.de\/index.php\/2020\/09\/14\/harzerwanderwochen-vom-12-bis-20-september\/\" \/>\n<meta property=\"og:site_name\" content=\"Radio Leinewelle\" \/>\n<meta property=\"article:publisher\" content=\"https:\/\/www.facebook.com\/radioleinewelle\" \/>\n<meta property=\"article:author\" content=\"https:\/\/www.facebook.com\/radioleinewelle\" \/>\n<meta property=\"article:published_time\" content=\"2020-09-14T03:20:12+00:00\" \/>\n<meta property=\"og:image\" content=\"https:\/\/radioleinewelle.de\/wp-content\/uploads\/2020\/09\/wandermarathon2_2020.jpg\" \/>\n\t<meta property=\"og:image:width\" content=\"1200\" \/>\n\t<meta property=\"og:image:height\" content=\"800\" \/>\n\t<meta property=\"og:image:type\" content=\"image\/jpeg\" \/>\n<meta name=\"author\" content=\"Leinewelle\" \/>\n<meta name=\"twitter:card\" content=\"summary_large_image\" \/>\n<meta name=\"twitter:creator\" content=\"@https:\/\/twitter.com\/RLeinewelle?ref_src=twsrcgoogletwcampserptwgrauthor\" \/>\n<meta name=\"twitter:site\" content=\"@RLeinewelle\" \/>\n<meta name=\"twitter:label1\" content=\"Verfasst von\" \/>\n\t<meta name=\"twitter:data1\" content=\"Leinewelle\" \/>\n\t<meta name=\"twitter:label2\" content=\"Gesch\u00e4tzte Lesezeit\" \/>\n\t<meta name=\"twitter:data2\" content=\"1\u00a0Minute\" \/>\n<script type=\"application\/ld+json\" class=\"yoast-schema-graph\">{\"@context\":\"https:\\\/\\\/schema.org\",\"@graph\":[{\"@type\":\"Article\",\"@id\":\"https:\\\/\\\/radioleinewelle.de\\\/index.php\\\/2020\\\/09\\\/14\\\/harzerwanderwochen-vom-12-bis-20-september\\\/#article\",\"isPartOf\":{\"@id\":\"https:\\\/\\\/radioleinewelle.de\\\/index.php\\\/2020\\\/09\\\/14\\\/harzerwanderwochen-vom-12-bis-20-september\\\/\"},\"author\":{\"name\":\"Leinewelle\",\"@id\":\"https:\\\/\\\/radioleinewelle.de\\\/#\\\/schema\\\/person\\\/45606f348637df637192dc1b68399a63\"},\"headline\":\"HarzerWanderWochen vom 12. bis 20. September\",\"datePublished\":\"2020-09-14T03:20:12+00:00\",\"mainEntityOfPage\":{\"@id\":\"https:\\\/\\\/radioleinewelle.de\\\/index.php\\\/2020\\\/09\\\/14\\\/harzerwanderwochen-vom-12-bis-20-september\\\/\"},\"wordCount\":192,\"publisher\":{\"@id\":\"https:\\\/\\\/radioleinewelle.de\\\/#organization\"},\"image\":{\"@id\":\"https:\\\/\\\/radioleinewelle.de\\\/index.php\\\/2020\\\/09\\\/14\\\/harzerwanderwochen-vom-12-bis-20-september\\\/#primaryimage\"},\"thumbnailUrl\":\"https:\\\/\\\/radioleinewelle.de\\\/wp-content\\\/uploads\\\/2020\\\/09\\\/wandermarathon2_2020.jpg\",\"inLanguage\":\"de\"},{\"@type\":\"WebPage\",\"@id\":\"https:\\\/\\\/radioleinewelle.de\\\/index.php\\\/2020\\\/09\\\/14\\\/harzerwanderwochen-vom-12-bis-20-september\\\/\",\"url\":\"https:\\\/\\\/radioleinewelle.de\\\/index.php\\\/2020\\\/09\\\/14\\\/harzerwanderwochen-vom-12-bis-20-september\\\/\",\"name\":\"HarzerWanderWochen vom 12. bis 20. September - Radio Leinewelle\",\"isPartOf\":{\"@id\":\"https:\\\/\\\/radioleinewelle.de\\\/#website\"},\"primaryImageOfPage\":{\"@id\":\"https:\\\/\\\/radioleinewelle.de\\\/index.php\\\/2020\\\/09\\\/14\\\/harzerwanderwochen-vom-12-bis-20-september\\\/#primaryimage\"},\"image\":{\"@id\":\"https:\\\/\\\/radioleinewelle.de\\\/index.php\\\/2020\\\/09\\\/14\\\/harzerwanderwochen-vom-12-bis-20-september\\\/#primaryimage\"},\"thumbnailUrl\":\"https:\\\/\\\/radioleinewelle.de\\\/wp-content\\\/uploads\\\/2020\\\/09\\\/wandermarathon2_2020.jpg\",\"datePublished\":\"2020-09-14T03:20:12+00:00\",\"breadcrumb\":{\"@id\":\"https:\\\/\\\/radioleinewelle.de\\\/index.php\\\/2020\\\/09\\\/14\\\/harzerwanderwochen-vom-12-bis-20-september\\\/#breadcrumb\"},\"inLanguage\":\"de\",\"potentialAction\":[{\"@type\":\"ReadAction\",\"target\":[\"https:\\\/\\\/radioleinewelle.de\\\/index.php\\\/2020\\\/09\\\/14\\\/harzerwanderwochen-vom-12-bis-20-september\\\/\"]}]},{\"@type\":\"ImageObject\",\"inLanguage\":\"de\",\"@id\":\"https:\\\/\\\/radioleinewelle.de\\\/index.php\\\/2020\\\/09\\\/14\\\/harzerwanderwochen-vom-12-bis-20-september\\\/#primaryimage\",\"url\":\"https:\\\/\\\/radioleinewelle.de\\\/wp-content\\\/uploads\\\/2020\\\/09\\\/wandermarathon2_2020.jpg\",\"contentUrl\":\"https:\\\/\\\/radioleinewelle.de\\\/wp-content\\\/uploads\\\/2020\\\/09\\\/wandermarathon2_2020.jpg\",\"width\":1200,\"height\":800},{\"@type\":\"BreadcrumbList\",\"@id\":\"https:\\\/\\\/radioleinewelle.de\\\/index.php\\\/2020\\\/09\\\/14\\\/harzerwanderwochen-vom-12-bis-20-september\\\/#breadcrumb\",\"itemListElement\":[{\"@type\":\"ListItem\",\"position\":1,\"name\":\"Startseite\",\"item\":\"https:\\\/\\\/radioleinewelle.de\\\/\"},{\"@type\":\"ListItem\",\"position\":2,\"name\":\"HarzerWanderWochen vom 12. bis 20. September\"}]},{\"@type\":\"WebSite\",\"@id\":\"https:\\\/\\\/radioleinewelle.de\\\/#website\",\"url\":\"https:\\\/\\\/radioleinewelle.de\\\/\",\"name\":\"Radio Leinewelle\",\"description\":\"\",\"publisher\":{\"@id\":\"https:\\\/\\\/radioleinewelle.de\\\/#organization\"},\"potentialAction\":[{\"@type\":\"SearchAction\",\"target\":{\"@type\":\"EntryPoint\",\"urlTemplate\":\"https:\\\/\\\/radioleinewelle.de\\\/?s={search_term_string}\"},\"query-input\":{\"@type\":\"PropertyValueSpecification\",\"valueRequired\":true,\"valueName\":\"search_term_string\"}}],\"inLanguage\":\"de\"},{\"@type\":\"Organization\",\"@id\":\"https:\\\/\\\/radioleinewelle.de\\\/#organization\",\"name\":\"Radio Leinewelle\",\"alternateName\":\"Mein Radio f\u00fcr S\u00fcdniedersachsen\",\"url\":\"https:\\\/\\\/radioleinewelle.de\\\/\",\"logo\":{\"@type\":\"ImageObject\",\"inLanguage\":\"de\",\"@id\":\"https:\\\/\\\/radioleinewelle.de\\\/#\\\/schema\\\/logo\\\/image\\\/\",\"url\":\"https:\\\/\\\/radioleinewelle.de\\\/wp-content\\\/uploads\\\/2023\\\/11\\\/cropped-Leinewelle_Logo_weiss.png\",\"contentUrl\":\"https:\\\/\\\/radioleinewelle.de\\\/wp-content\\\/uploads\\\/2023\\\/11\\\/cropped-Leinewelle_Logo_weiss.png\",\"width\":854,\"height\":260,\"caption\":\"Radio Leinewelle\"},\"image\":{\"@id\":\"https:\\\/\\\/radioleinewelle.de\\\/#\\\/schema\\\/logo\\\/image\\\/\"},\"sameAs\":[\"https:\\\/\\\/www.facebook.com\\\/radioleinewelle\",\"https:\\\/\\\/x.com\\\/RLeinewelle\",\"https:\\\/\\\/www.instagram.com\\\/radioleinewelle\\\/?hl=de\"]},{\"@type\":\"Person\",\"@id\":\"https:\\\/\\\/radioleinewelle.de\\\/#\\\/schema\\\/person\\\/45606f348637df637192dc1b68399a63\",\"name\":\"Leinewelle\",\"image\":{\"@type\":\"ImageObject\",\"inLanguage\":\"de\",\"@id\":\"https:\\\/\\\/secure.gravatar.com\\\/avatar\\\/05c9a17bc973052ee5d91549bd32fb4dd0dc85b7b85ae94b2e2b4943476bbea5?s=96&d=blank&r=g\",\"url\":\"https:\\\/\\\/secure.gravatar.com\\\/avatar\\\/05c9a17bc973052ee5d91549bd32fb4dd0dc85b7b85ae94b2e2b4943476bbea5?s=96&d=blank&r=g\",\"contentUrl\":\"https:\\\/\\\/secure.gravatar.com\\\/avatar\\\/05c9a17bc973052ee5d91549bd32fb4dd0dc85b7b85ae94b2e2b4943476bbea5?s=96&d=blank&r=g\",\"caption\":\"Leinewelle\"},\"sameAs\":[\"http:\\\/\\\/localhost\\\/radio%20leinewelle\\\/wordpress\",\"https:\\\/\\\/www.facebook.com\\\/radioleinewelle\",\"https:\\\/\\\/www.instagram.com\\\/radioleinewelle\",\"https:\\\/\\\/x.com\\\/https:\\\/\\\/twitter.com\\\/RLeinewelle?ref_src=twsrcgoogletwcampserptwgrauthor\",\"https:\\\/\\\/soundcloud.com\\\/foerderverein-lokalradio?utm_source=clipboard&utm_medium=text&utm_campaign=social_sharing\"],\"url\":\"https:\\\/\\\/radioleinewelle.de\\\/index.php\\\/author\\\/leinewelle\\\/\"}]}<\/script>\n<!-- \/ Yoast SEO plugin. -->","yoast_head_json":{"title":"HarzerWanderWochen vom 12. bis 20. September - Radio Leinewelle","robots":{"index":"index","follow":"follow","max-snippet":"max-snippet:-1","max-image-preview":"max-image-preview:large","max-video-preview":"max-video-preview:-1"},"canonical":"https:\/\/radioleinewelle.de\/index.php\/2020\/09\/14\/harzerwanderwochen-vom-12-bis-20-september\/","og_locale":"de_DE","og_type":"article","og_title":"HarzerWanderWochen vom 12. bis 20. September - Radio Leinewelle","og_description":"\u00a09 Tage Wanderspa\u00df mit \u00fcber 450 Kilometern kreuz und quer durch den Harz, verteilt auf 35 Touren \u2013 das sind die HarzerWanderWochen! In unserem Tourenbuch finden Sie alle Informationen zu den Wanderungen. Um fit und gesund zu bleiben, sollten Sie mindestens 10.000 Schritte pro Tag zur\u00fccklegen. Dies ist nur einer von vielen guten Gr\u00fcnden, um [&hellip;]","og_url":"https:\/\/radioleinewelle.de\/index.php\/2020\/09\/14\/harzerwanderwochen-vom-12-bis-20-september\/","og_site_name":"Radio Leinewelle","article_publisher":"https:\/\/www.facebook.com\/radioleinewelle","article_author":"https:\/\/www.facebook.com\/radioleinewelle","article_published_time":"2020-09-14T03:20:12+00:00","og_image":[{"width":1200,"height":800,"url":"https:\/\/radioleinewelle.de\/wp-content\/uploads\/2020\/09\/wandermarathon2_2020.jpg","type":"image\/jpeg"}],"author":"Leinewelle","twitter_card":"summary_large_image","twitter_creator":"@https:\/\/twitter.com\/RLeinewelle?ref_src=twsrcgoogletwcampserptwgrauthor","twitter_site":"@RLeinewelle","twitter_misc":{"Verfasst von":"Leinewelle","Gesch\u00e4tzte Lesezeit":"1\u00a0Minute"},"schema":{"@context":"https:\/\/schema.org","@graph":[{"@type":"Article","@id":"https:\/\/radioleinewelle.de\/index.php\/2020\/09\/14\/harzerwanderwochen-vom-12-bis-20-september\/#article","isPartOf":{"@id":"https:\/\/radioleinewelle.de\/index.php\/2020\/09\/14\/harzerwanderwochen-vom-12-bis-20-september\/"},"author":{"name":"Leinewelle","@id":"https:\/\/radioleinewelle.de\/#\/schema\/person\/45606f348637df637192dc1b68399a63"},"headline":"HarzerWanderWochen vom 12. bis 20. September","datePublished":"2020-09-14T03:20:12+00:00","mainEntityOfPage":{"@id":"https:\/\/radioleinewelle.de\/index.php\/2020\/09\/14\/harzerwanderwochen-vom-12-bis-20-september\/"},"wordCount":192,"publisher":{"@id":"https:\/\/radioleinewelle.de\/#organization"},"image":{"@id":"https:\/\/radioleinewelle.de\/index.php\/2020\/09\/14\/harzerwanderwochen-vom-12-bis-20-september\/#primaryimage"},"thumbnailUrl":"https:\/\/radioleinewelle.de\/wp-content\/uploads\/2020\/09\/wandermarathon2_2020.jpg","inLanguage":"de"},{"@type":"WebPage","@id":"https:\/\/radioleinewelle.de\/index.php\/2020\/09\/14\/harzerwanderwochen-vom-12-bis-20-september\/","url":"https:\/\/radioleinewelle.de\/index.php\/2020\/09\/14\/harzerwanderwochen-vom-12-bis-20-september\/","name":"HarzerWanderWochen vom 12. bis 20. September - Radio Leinewelle","isPartOf":{"@id":"https:\/\/radioleinewelle.de\/#website"},"primaryImageOfPage":{"@id":"https:\/\/radioleinewelle.de\/index.php\/2020\/09\/14\/harzerwanderwochen-vom-12-bis-20-september\/#primaryimage"},"image":{"@id":"https:\/\/radioleinewelle.de\/index.php\/2020\/09\/14\/harzerwanderwochen-vom-12-bis-20-september\/#primaryimage"},"thumbnailUrl":"https:\/\/radioleinewelle.de\/wp-content\/uploads\/2020\/09\/wandermarathon2_2020.jpg","datePublished":"2020-09-14T03:20:12+00:00","breadcrumb":{"@id":"https:\/\/radioleinewelle.de\/index.php\/2020\/09\/14\/harzerwanderwochen-vom-12-bis-20-september\/#breadcrumb"},"inLanguage":"de","potentialAction":[{"@type":"ReadAction","target":["https:\/\/radioleinewelle.de\/index.php\/2020\/09\/14\/harzerwanderwochen-vom-12-bis-20-september\/"]}]},{"@type":"ImageObject","inLanguage":"de","@id":"https:\/\/radioleinewelle.de\/index.php\/2020\/09\/14\/harzerwanderwochen-vom-12-bis-20-september\/#primaryimage","url":"https:\/\/radioleinewelle.de\/wp-content\/uploads\/2020\/09\/wandermarathon2_2020.jpg","contentUrl":"https:\/\/radioleinewelle.de\/wp-content\/uploads\/2020\/09\/wandermarathon2_2020.jpg","width":1200,"height":800},{"@type":"BreadcrumbList","@id":"https:\/\/radioleinewelle.de\/index.php\/2020\/09\/14\/harzerwanderwochen-vom-12-bis-20-september\/#breadcrumb","itemListElement":[{"@type":"ListItem","position":1,"name":"Startseite","item":"https:\/\/radioleinewelle.de\/"},{"@type":"ListItem","position":2,"name":"HarzerWanderWochen vom 12. bis 20. September"}]},{"@type":"WebSite","@id":"https:\/\/radioleinewelle.de\/#website","url":"https:\/\/radioleinewelle.de\/","name":"Radio Leinewelle","description":"","publisher":{"@id":"https:\/\/radioleinewelle.de\/#organization"},"potentialAction":[{"@type":"SearchAction","target":{"@type":"EntryPoint","urlTemplate":"https:\/\/radioleinewelle.de\/?s={search_term_string}"},"query-input":{"@type":"PropertyValueSpecification","valueRequired":true,"valueName":"search_term_string"}}],"inLanguage":"de"},{"@type":"Organization","@id":"https:\/\/radioleinewelle.de\/#organization","name":"Radio Leinewelle","alternateName":"Mein Radio f\u00fcr S\u00fcdniedersachsen","url":"https:\/\/radioleinewelle.de\/","logo":{"@type":"ImageObject","inLanguage":"de","@id":"https:\/\/radioleinewelle.de\/#\/schema\/logo\/image\/","url":"https:\/\/radioleinewelle.de\/wp-content\/uploads\/2023\/11\/cropped-Leinewelle_Logo_weiss.png","contentUrl":"https:\/\/radioleinewelle.de\/wp-content\/uploads\/2023\/11\/cropped-Leinewelle_Logo_weiss.png","width":854,"height":260,"caption":"Radio Leinewelle"},"image":{"@id":"https:\/\/radioleinewelle.de\/#\/schema\/logo\/image\/"},"sameAs":["https:\/\/www.facebook.com\/radioleinewelle","https:\/\/x.com\/RLeinewelle","https:\/\/www.instagram.com\/radioleinewelle\/?hl=de"]},{"@type":"Person","@id":"https:\/\/radioleinewelle.de\/#\/schema\/person\/45606f348637df637192dc1b68399a63","name":"Leinewelle","image":{"@type":"ImageObject","inLanguage":"de","@id":"https:\/\/secure.gravatar.com\/avatar\/05c9a17bc973052ee5d91549bd32fb4dd0dc85b7b85ae94b2e2b4943476bbea5?s=96&d=blank&r=g","url":"https:\/\/secure.gravatar.com\/avatar\/05c9a17bc973052ee5d91549bd32fb4dd0dc85b7b85ae94b2e2b4943476bbea5?s=96&d=blank&r=g","contentUrl":"https:\/\/secure.gravatar.com\/avatar\/05c9a17bc973052ee5d91549bd32fb4dd0dc85b7b85ae94b2e2b4943476bbea5?s=96&d=blank&r=g","caption":"Leinewelle"},"sameAs":["http:\/\/localhost\/radio%20leinewelle\/wordpress","https:\/\/www.facebook.com\/radioleinewelle","https:\/\/www.instagram.com\/radioleinewelle","https:\/\/x.com\/https:\/\/twitter.com\/RLeinewelle?ref_src=twsrcgoogletwcampserptwgrauthor","https:\/\/soundcloud.com\/foerderverein-lokalradio?utm_source=clipboard&utm_medium=text&utm_campaign=social_sharing"],"url":"https:\/\/radioleinewelle.de\/index.php\/author\/leinewelle\/"}]}},"_links":{"self":[{"href":"https:\/\/radioleinewelle.de\/index.php\/wp-json\/wp\/v2\/posts\/1633","targetHints":{"allow":["GET"]}}],"collection":[{"href":"https:\/\/radioleinewelle.de\/index.php\/wp-json\/wp\/v2\/posts"}],"about":[{"href":"https:\/\/radioleinewelle.de\/index.php\/wp-json\/wp\/v2\/types\/post"}],"author":[{"embeddable":true,"href":"https:\/\/radioleinewelle.de\/index.php\/wp-json\/wp\/v2\/users\/1"}],"replies":[{"embeddable":true,"href":"https:\/\/radioleinewelle.de\/index.php\/wp-json\/wp\/v2\/comments?post=1633"}],"version-history":[{"count":0,"href":"https:\/\/radioleinewelle.de\/index.php\/wp-json\/wp\/v2\/posts\/1633\/revisions"}],"wp:featuredmedia":[{"embeddable":true,"href":"https:\/\/radioleinewelle.de\/index.php\/wp-json\/wp\/v2\/media\/1635"}],"wp:attachment":[{"href":"https:\/\/radioleinewelle.de\/index.php\/wp-json\/wp\/v2\/media?parent=1633"}],"wp:term":[{"taxonomy":"category","embeddable":true,"href":"https:\/\/radioleinewelle.de\/index.php\/wp-json\/wp\/v2\/categories?post=1633"},{"taxonomy":"post_tag","embeddable":true,"href":"https:\/\/radioleinewelle.de\/index.php\/wp-json\/wp\/v2\/tags?post=1633"}],"curies":[{"name":"wp","href":"https:\/\/api.w.org\/{rel}","templated":true}]}}