{"id":1643,"date":"2020-09-15T05:30:42","date_gmt":"2020-09-15T03:30:42","guid":{"rendered":"https:\/\/radioleinewelle.de\/?p=1643"},"modified":"2020-09-15T05:30:42","modified_gmt":"2020-09-15T03:30:42","slug":"northeim-putzt-sich-meets-world-cleanup-day","status":"publish","type":"post","link":"https:\/\/radioleinewelle.de\/index.php\/2020\/09\/15\/northeim-putzt-sich-meets-world-cleanup-day\/","title":{"rendered":"&#8222;Northeim putzt sich\u201c meets \u201eWorld Cleanup Day\u201c"},"content":{"rendered":"<div class=\"header\">\n<p>\u00a0Aufr\u00e4um- und Pflanzaktion am 18. und 19. September 2020. Auch in diesem Herbst soll die Stadt Northeim mit der Aktion \u201eNortheim putzt sich\u201c wieder von achtlos weggeworfenem M\u00fcll befreit werden \u2013 dieses Jahr erstmalig zeitgleich mit dem \u201eWorld Cleanup Day\u201c am 18. und 19. September.<\/p>\n<\/div>\n<div class=\"news-text-wrap\">\n<p class=\"bodytext\">Der \u201eWorld Cleanup Day\u201c wird unter dem Motto 3-2-1 durchgef\u00fchrt: An jedem 3. Samstag im September, machen wir 2 Stunden sauber und das 1 x im Jahr gemeinsam mit der ganzen Welt. Der \u201eWorld Cleanup Day\u201c ist eine weltweite B\u00fcrgerbewegung gegen die Verm\u00fcllung unseres Planeten und f\u00fcr mehr Stadtsauberkeit. Im Jahr 2019 haben \u00fcber 21 Millionen Menschen in 180 L\u00e4ndern am Aktionstag teilgenommen und sich bei Aufr\u00e4umaktionen gemeinsam f\u00fcr weniger M\u00fcll auf unserer Erde und eine lebenswerte Umwelt eingesetzt.<br \/>\nKoordiniert wird der Aktionstag \u00fcber den gemeinn\u00fctzigen Verein \u201eLet\u2019s Do It!\u201c. Der Verein bildet die Schnittstelle zu den internationalen Partnern, koordiniert die Initiierung und Vernetzung von lokalen Aktionsgruppen und die deutschlandweite Kampagne. Die Aktion \u201eNortheim putzt sich\u201c ist unter<\/p>\n<p class=\"bodytext\"><a title=\"Externen Link in neuem Fenster \u00f6ffnen\" href=\"http:\/\/www.worldcleanupday.de\/\" target=\"_blank\" rel=\"noopener\">www.worldcleanupday.de <\/a><\/p>\n<p class=\"bodytext\">registriert und Teil der weltweiten Aktion.In diesem Zusammenhang besteht auch die M\u00f6glichkeit der Teilnahme an einem Gewinnspiel<\/p>\n<p class=\"bodytext\"><a title=\"Externen Link in neuem Fenster \u00f6ffnen\" href=\"https:\/\/www.worldcleanupday.de\/meldebogen\/\" target=\"_blank\" rel=\"noopener\">https:\/\/www.worldcleanupday.de\/meldebogen\/<\/a><\/p>\n<p class=\"bodytext\">Hinter den Aktionen steckt mehr als \u201enur M\u00fcll sammeln\u201c: Die Menschheit verursacht zu viel M\u00fcll, entsorgt ihn nicht ordnungsgem\u00e4\u00df und schadet damit sowohl der Umwelt als auch dem Klima und letztlich der eigenen Gesundheit. Deshalb will die Stadt Northeim mit dieser Aktion einen Beitrag zur Beseitigung von Umweltverschmutzung und Plastikm\u00fcll leisten.<\/p>\n<\/div>\n","protected":false},"excerpt":{"rendered":"<p>\u00a0Aufr\u00e4um- und Pflanzaktion am 18. und 19. September 2020. Auch in diesem Herbst soll die Stadt Northeim mit der Aktion \u201eNortheim putzt sich\u201c wieder von achtlos weggeworfenem M\u00fcll befreit werden \u2013 dieses Jahr erstmalig zeitgleich mit dem \u201eWorld Cleanup Day\u201c am 18. und 19. September. Der \u201eWorld Cleanup Day\u201c wird unter dem Motto 3-2-1 durchgef\u00fchrt: [&hellip;]<\/p>\n","protected":false},"author":1,"featured_media":1645,"comment_status":"closed","ping_status":"closed","sticky":false,"template":"","format":"standard","meta":{"saved_in_kubio":false,"footnotes":""},"categories":[1],"tags":[],"class_list":["post-1643","post","type-post","status-publish","format-standard","has-post-thumbnail","hentry","category-allgemein"],"yoast_head":"<!-- This site is optimized with the Yoast SEO plugin v27.5 - https:\/\/yoast.com\/product\/yoast-seo-wordpress\/ -->\n<title>&quot;Northeim putzt sich\u201c meets \u201eWorld Cleanup Day\u201c - Radio Leinewelle<\/title>\n<meta name=\"robots\" content=\"index, follow, max-snippet:-1, max-image-preview:large, max-video-preview:-1\" \/>\n<link rel=\"canonical\" href=\"https:\/\/radioleinewelle.de\/index.php\/2020\/09\/15\/northeim-putzt-sich-meets-world-cleanup-day\/\" \/>\n<meta property=\"og:locale\" content=\"de_DE\" \/>\n<meta property=\"og:type\" content=\"article\" \/>\n<meta property=\"og:title\" content=\"&quot;Northeim putzt sich\u201c meets \u201eWorld Cleanup Day\u201c - Radio Leinewelle\" \/>\n<meta property=\"og:description\" content=\"\u00a0Aufr\u00e4um- und Pflanzaktion am 18. und 19. September 2020. Auch in diesem Herbst soll die Stadt Northeim mit der Aktion \u201eNortheim putzt sich\u201c wieder von achtlos weggeworfenem M\u00fcll befreit werden \u2013 dieses Jahr erstmalig zeitgleich mit dem \u201eWorld Cleanup Day\u201c am 18. und 19. September. Der \u201eWorld Cleanup Day\u201c wird unter dem Motto 3-2-1 durchgef\u00fchrt: [&hellip;]\" \/>\n<meta property=\"og:url\" content=\"https:\/\/radioleinewelle.de\/index.php\/2020\/09\/15\/northeim-putzt-sich-meets-world-cleanup-day\/\" \/>\n<meta property=\"og:site_name\" content=\"Radio Leinewelle\" \/>\n<meta property=\"article:publisher\" content=\"https:\/\/www.facebook.com\/radioleinewelle\" \/>\n<meta property=\"article:author\" content=\"https:\/\/www.facebook.com\/radioleinewelle\" \/>\n<meta property=\"article:published_time\" content=\"2020-09-15T03:30:42+00:00\" \/>\n<meta property=\"og:image\" content=\"https:\/\/radioleinewelle.de\/wp-content\/uploads\/2020\/09\/csm_logo-wcd-2020_87bce5ab1c.jpg\" \/>\n\t<meta property=\"og:image:width\" content=\"282\" \/>\n\t<meta property=\"og:image:height\" content=\"192\" \/>\n\t<meta property=\"og:image:type\" content=\"image\/jpeg\" \/>\n<meta name=\"author\" content=\"Leinewelle\" \/>\n<meta name=\"twitter:card\" content=\"summary_large_image\" \/>\n<meta name=\"twitter:creator\" content=\"@https:\/\/twitter.com\/RLeinewelle?ref_src=twsrcgoogletwcampserptwgrauthor\" \/>\n<meta name=\"twitter:site\" content=\"@RLeinewelle\" \/>\n<meta name=\"twitter:label1\" content=\"Verfasst von\" \/>\n\t<meta name=\"twitter:data1\" content=\"Leinewelle\" \/>\n\t<meta name=\"twitter:label2\" content=\"Gesch\u00e4tzte Lesezeit\" \/>\n\t<meta name=\"twitter:data2\" content=\"1\u00a0Minute\" \/>\n<script type=\"application\/ld+json\" class=\"yoast-schema-graph\">{\"@context\":\"https:\\\/\\\/schema.org\",\"@graph\":[{\"@type\":\"Article\",\"@id\":\"https:\\\/\\\/radioleinewelle.de\\\/index.php\\\/2020\\\/09\\\/15\\\/northeim-putzt-sich-meets-world-cleanup-day\\\/#article\",\"isPartOf\":{\"@id\":\"https:\\\/\\\/radioleinewelle.de\\\/index.php\\\/2020\\\/09\\\/15\\\/northeim-putzt-sich-meets-world-cleanup-day\\\/\"},\"author\":{\"name\":\"Leinewelle\",\"@id\":\"https:\\\/\\\/radioleinewelle.de\\\/#\\\/schema\\\/person\\\/45606f348637df637192dc1b68399a63\"},\"headline\":\"&#8222;Northeim putzt sich\u201c meets \u201eWorld Cleanup Day\u201c\",\"datePublished\":\"2020-09-15T03:30:42+00:00\",\"mainEntityOfPage\":{\"@id\":\"https:\\\/\\\/radioleinewelle.de\\\/index.php\\\/2020\\\/09\\\/15\\\/northeim-putzt-sich-meets-world-cleanup-day\\\/\"},\"wordCount\":252,\"publisher\":{\"@id\":\"https:\\\/\\\/radioleinewelle.de\\\/#organization\"},\"image\":{\"@id\":\"https:\\\/\\\/radioleinewelle.de\\\/index.php\\\/2020\\\/09\\\/15\\\/northeim-putzt-sich-meets-world-cleanup-day\\\/#primaryimage\"},\"thumbnailUrl\":\"https:\\\/\\\/radioleinewelle.de\\\/wp-content\\\/uploads\\\/2020\\\/09\\\/csm_logo-wcd-2020_87bce5ab1c.jpg\",\"inLanguage\":\"de\"},{\"@type\":\"WebPage\",\"@id\":\"https:\\\/\\\/radioleinewelle.de\\\/index.php\\\/2020\\\/09\\\/15\\\/northeim-putzt-sich-meets-world-cleanup-day\\\/\",\"url\":\"https:\\\/\\\/radioleinewelle.de\\\/index.php\\\/2020\\\/09\\\/15\\\/northeim-putzt-sich-meets-world-cleanup-day\\\/\",\"name\":\"\\\"Northeim putzt sich\u201c meets \u201eWorld Cleanup Day\u201c - Radio Leinewelle\",\"isPartOf\":{\"@id\":\"https:\\\/\\\/radioleinewelle.de\\\/#website\"},\"primaryImageOfPage\":{\"@id\":\"https:\\\/\\\/radioleinewelle.de\\\/index.php\\\/2020\\\/09\\\/15\\\/northeim-putzt-sich-meets-world-cleanup-day\\\/#primaryimage\"},\"image\":{\"@id\":\"https:\\\/\\\/radioleinewelle.de\\\/index.php\\\/2020\\\/09\\\/15\\\/northeim-putzt-sich-meets-world-cleanup-day\\\/#primaryimage\"},\"thumbnailUrl\":\"https:\\\/\\\/radioleinewelle.de\\\/wp-content\\\/uploads\\\/2020\\\/09\\\/csm_logo-wcd-2020_87bce5ab1c.jpg\",\"datePublished\":\"2020-09-15T03:30:42+00:00\",\"breadcrumb\":{\"@id\":\"https:\\\/\\\/radioleinewelle.de\\\/index.php\\\/2020\\\/09\\\/15\\\/northeim-putzt-sich-meets-world-cleanup-day\\\/#breadcrumb\"},\"inLanguage\":\"de\",\"potentialAction\":[{\"@type\":\"ReadAction\",\"target\":[\"https:\\\/\\\/radioleinewelle.de\\\/index.php\\\/2020\\\/09\\\/15\\\/northeim-putzt-sich-meets-world-cleanup-day\\\/\"]}]},{\"@type\":\"ImageObject\",\"inLanguage\":\"de\",\"@id\":\"https:\\\/\\\/radioleinewelle.de\\\/index.php\\\/2020\\\/09\\\/15\\\/northeim-putzt-sich-meets-world-cleanup-day\\\/#primaryimage\",\"url\":\"https:\\\/\\\/radioleinewelle.de\\\/wp-content\\\/uploads\\\/2020\\\/09\\\/csm_logo-wcd-2020_87bce5ab1c.jpg\",\"contentUrl\":\"https:\\\/\\\/radioleinewelle.de\\\/wp-content\\\/uploads\\\/2020\\\/09\\\/csm_logo-wcd-2020_87bce5ab1c.jpg\",\"width\":282,\"height\":192},{\"@type\":\"BreadcrumbList\",\"@id\":\"https:\\\/\\\/radioleinewelle.de\\\/index.php\\\/2020\\\/09\\\/15\\\/northeim-putzt-sich-meets-world-cleanup-day\\\/#breadcrumb\",\"itemListElement\":[{\"@type\":\"ListItem\",\"position\":1,\"name\":\"Startseite\",\"item\":\"https:\\\/\\\/radioleinewelle.de\\\/\"},{\"@type\":\"ListItem\",\"position\":2,\"name\":\"&#8222;Northeim putzt sich\u201c meets \u201eWorld Cleanup Day\u201c\"}]},{\"@type\":\"WebSite\",\"@id\":\"https:\\\/\\\/radioleinewelle.de\\\/#website\",\"url\":\"https:\\\/\\\/radioleinewelle.de\\\/\",\"name\":\"Radio Leinewelle\",\"description\":\"\",\"publisher\":{\"@id\":\"https:\\\/\\\/radioleinewelle.de\\\/#organization\"},\"potentialAction\":[{\"@type\":\"SearchAction\",\"target\":{\"@type\":\"EntryPoint\",\"urlTemplate\":\"https:\\\/\\\/radioleinewelle.de\\\/?s={search_term_string}\"},\"query-input\":{\"@type\":\"PropertyValueSpecification\",\"valueRequired\":true,\"valueName\":\"search_term_string\"}}],\"inLanguage\":\"de\"},{\"@type\":\"Organization\",\"@id\":\"https:\\\/\\\/radioleinewelle.de\\\/#organization\",\"name\":\"Radio Leinewelle\",\"alternateName\":\"Mein Radio f\u00fcr S\u00fcdniedersachsen\",\"url\":\"https:\\\/\\\/radioleinewelle.de\\\/\",\"logo\":{\"@type\":\"ImageObject\",\"inLanguage\":\"de\",\"@id\":\"https:\\\/\\\/radioleinewelle.de\\\/#\\\/schema\\\/logo\\\/image\\\/\",\"url\":\"https:\\\/\\\/radioleinewelle.de\\\/wp-content\\\/uploads\\\/2023\\\/11\\\/cropped-Leinewelle_Logo_weiss.png\",\"contentUrl\":\"https:\\\/\\\/radioleinewelle.de\\\/wp-content\\\/uploads\\\/2023\\\/11\\\/cropped-Leinewelle_Logo_weiss.png\",\"width\":854,\"height\":260,\"caption\":\"Radio Leinewelle\"},\"image\":{\"@id\":\"https:\\\/\\\/radioleinewelle.de\\\/#\\\/schema\\\/logo\\\/image\\\/\"},\"sameAs\":[\"https:\\\/\\\/www.facebook.com\\\/radioleinewelle\",\"https:\\\/\\\/x.com\\\/RLeinewelle\",\"https:\\\/\\\/www.instagram.com\\\/radioleinewelle\\\/?hl=de\"]},{\"@type\":\"Person\",\"@id\":\"https:\\\/\\\/radioleinewelle.de\\\/#\\\/schema\\\/person\\\/45606f348637df637192dc1b68399a63\",\"name\":\"Leinewelle\",\"image\":{\"@type\":\"ImageObject\",\"inLanguage\":\"de\",\"@id\":\"https:\\\/\\\/secure.gravatar.com\\\/avatar\\\/05c9a17bc973052ee5d91549bd32fb4dd0dc85b7b85ae94b2e2b4943476bbea5?s=96&d=blank&r=g\",\"url\":\"https:\\\/\\\/secure.gravatar.com\\\/avatar\\\/05c9a17bc973052ee5d91549bd32fb4dd0dc85b7b85ae94b2e2b4943476bbea5?s=96&d=blank&r=g\",\"contentUrl\":\"https:\\\/\\\/secure.gravatar.com\\\/avatar\\\/05c9a17bc973052ee5d91549bd32fb4dd0dc85b7b85ae94b2e2b4943476bbea5?s=96&d=blank&r=g\",\"caption\":\"Leinewelle\"},\"sameAs\":[\"http:\\\/\\\/localhost\\\/radio%20leinewelle\\\/wordpress\",\"https:\\\/\\\/www.facebook.com\\\/radioleinewelle\",\"https:\\\/\\\/www.instagram.com\\\/radioleinewelle\",\"https:\\\/\\\/x.com\\\/https:\\\/\\\/twitter.com\\\/RLeinewelle?ref_src=twsrcgoogletwcampserptwgrauthor\",\"https:\\\/\\\/soundcloud.com\\\/foerderverein-lokalradio?utm_source=clipboard&utm_medium=text&utm_campaign=social_sharing\"],\"url\":\"https:\\\/\\\/radioleinewelle.de\\\/index.php\\\/author\\\/leinewelle\\\/\"}]}<\/script>\n<!-- \/ Yoast SEO plugin. -->","yoast_head_json":{"title":"\"Northeim putzt sich\u201c meets \u201eWorld Cleanup Day\u201c - Radio Leinewelle","robots":{"index":"index","follow":"follow","max-snippet":"max-snippet:-1","max-image-preview":"max-image-preview:large","max-video-preview":"max-video-preview:-1"},"canonical":"https:\/\/radioleinewelle.de\/index.php\/2020\/09\/15\/northeim-putzt-sich-meets-world-cleanup-day\/","og_locale":"de_DE","og_type":"article","og_title":"\"Northeim putzt sich\u201c meets \u201eWorld Cleanup Day\u201c - Radio Leinewelle","og_description":"\u00a0Aufr\u00e4um- und Pflanzaktion am 18. und 19. September 2020. Auch in diesem Herbst soll die Stadt Northeim mit der Aktion \u201eNortheim putzt sich\u201c wieder von achtlos weggeworfenem M\u00fcll befreit werden \u2013 dieses Jahr erstmalig zeitgleich mit dem \u201eWorld Cleanup Day\u201c am 18. und 19. September. Der \u201eWorld Cleanup Day\u201c wird unter dem Motto 3-2-1 durchgef\u00fchrt: [&hellip;]","og_url":"https:\/\/radioleinewelle.de\/index.php\/2020\/09\/15\/northeim-putzt-sich-meets-world-cleanup-day\/","og_site_name":"Radio Leinewelle","article_publisher":"https:\/\/www.facebook.com\/radioleinewelle","article_author":"https:\/\/www.facebook.com\/radioleinewelle","article_published_time":"2020-09-15T03:30:42+00:00","og_image":[{"width":282,"height":192,"url":"https:\/\/radioleinewelle.de\/wp-content\/uploads\/2020\/09\/csm_logo-wcd-2020_87bce5ab1c.jpg","type":"image\/jpeg"}],"author":"Leinewelle","twitter_card":"summary_large_image","twitter_creator":"@https:\/\/twitter.com\/RLeinewelle?ref_src=twsrcgoogletwcampserptwgrauthor","twitter_site":"@RLeinewelle","twitter_misc":{"Verfasst von":"Leinewelle","Gesch\u00e4tzte Lesezeit":"1\u00a0Minute"},"schema":{"@context":"https:\/\/schema.org","@graph":[{"@type":"Article","@id":"https:\/\/radioleinewelle.de\/index.php\/2020\/09\/15\/northeim-putzt-sich-meets-world-cleanup-day\/#article","isPartOf":{"@id":"https:\/\/radioleinewelle.de\/index.php\/2020\/09\/15\/northeim-putzt-sich-meets-world-cleanup-day\/"},"author":{"name":"Leinewelle","@id":"https:\/\/radioleinewelle.de\/#\/schema\/person\/45606f348637df637192dc1b68399a63"},"headline":"&#8222;Northeim putzt sich\u201c meets \u201eWorld Cleanup Day\u201c","datePublished":"2020-09-15T03:30:42+00:00","mainEntityOfPage":{"@id":"https:\/\/radioleinewelle.de\/index.php\/2020\/09\/15\/northeim-putzt-sich-meets-world-cleanup-day\/"},"wordCount":252,"publisher":{"@id":"https:\/\/radioleinewelle.de\/#organization"},"image":{"@id":"https:\/\/radioleinewelle.de\/index.php\/2020\/09\/15\/northeim-putzt-sich-meets-world-cleanup-day\/#primaryimage"},"thumbnailUrl":"https:\/\/radioleinewelle.de\/wp-content\/uploads\/2020\/09\/csm_logo-wcd-2020_87bce5ab1c.jpg","inLanguage":"de"},{"@type":"WebPage","@id":"https:\/\/radioleinewelle.de\/index.php\/2020\/09\/15\/northeim-putzt-sich-meets-world-cleanup-day\/","url":"https:\/\/radioleinewelle.de\/index.php\/2020\/09\/15\/northeim-putzt-sich-meets-world-cleanup-day\/","name":"\"Northeim putzt sich\u201c meets \u201eWorld Cleanup Day\u201c - Radio Leinewelle","isPartOf":{"@id":"https:\/\/radioleinewelle.de\/#website"},"primaryImageOfPage":{"@id":"https:\/\/radioleinewelle.de\/index.php\/2020\/09\/15\/northeim-putzt-sich-meets-world-cleanup-day\/#primaryimage"},"image":{"@id":"https:\/\/radioleinewelle.de\/index.php\/2020\/09\/15\/northeim-putzt-sich-meets-world-cleanup-day\/#primaryimage"},"thumbnailUrl":"https:\/\/radioleinewelle.de\/wp-content\/uploads\/2020\/09\/csm_logo-wcd-2020_87bce5ab1c.jpg","datePublished":"2020-09-15T03:30:42+00:00","breadcrumb":{"@id":"https:\/\/radioleinewelle.de\/index.php\/2020\/09\/15\/northeim-putzt-sich-meets-world-cleanup-day\/#breadcrumb"},"inLanguage":"de","potentialAction":[{"@type":"ReadAction","target":["https:\/\/radioleinewelle.de\/index.php\/2020\/09\/15\/northeim-putzt-sich-meets-world-cleanup-day\/"]}]},{"@type":"ImageObject","inLanguage":"de","@id":"https:\/\/radioleinewelle.de\/index.php\/2020\/09\/15\/northeim-putzt-sich-meets-world-cleanup-day\/#primaryimage","url":"https:\/\/radioleinewelle.de\/wp-content\/uploads\/2020\/09\/csm_logo-wcd-2020_87bce5ab1c.jpg","contentUrl":"https:\/\/radioleinewelle.de\/wp-content\/uploads\/2020\/09\/csm_logo-wcd-2020_87bce5ab1c.jpg","width":282,"height":192},{"@type":"BreadcrumbList","@id":"https:\/\/radioleinewelle.de\/index.php\/2020\/09\/15\/northeim-putzt-sich-meets-world-cleanup-day\/#breadcrumb","itemListElement":[{"@type":"ListItem","position":1,"name":"Startseite","item":"https:\/\/radioleinewelle.de\/"},{"@type":"ListItem","position":2,"name":"&#8222;Northeim putzt sich\u201c meets \u201eWorld Cleanup Day\u201c"}]},{"@type":"WebSite","@id":"https:\/\/radioleinewelle.de\/#website","url":"https:\/\/radioleinewelle.de\/","name":"Radio Leinewelle","description":"","publisher":{"@id":"https:\/\/radioleinewelle.de\/#organization"},"potentialAction":[{"@type":"SearchAction","target":{"@type":"EntryPoint","urlTemplate":"https:\/\/radioleinewelle.de\/?s={search_term_string}"},"query-input":{"@type":"PropertyValueSpecification","valueRequired":true,"valueName":"search_term_string"}}],"inLanguage":"de"},{"@type":"Organization","@id":"https:\/\/radioleinewelle.de\/#organization","name":"Radio Leinewelle","alternateName":"Mein Radio f\u00fcr S\u00fcdniedersachsen","url":"https:\/\/radioleinewelle.de\/","logo":{"@type":"ImageObject","inLanguage":"de","@id":"https:\/\/radioleinewelle.de\/#\/schema\/logo\/image\/","url":"https:\/\/radioleinewelle.de\/wp-content\/uploads\/2023\/11\/cropped-Leinewelle_Logo_weiss.png","contentUrl":"https:\/\/radioleinewelle.de\/wp-content\/uploads\/2023\/11\/cropped-Leinewelle_Logo_weiss.png","width":854,"height":260,"caption":"Radio Leinewelle"},"image":{"@id":"https:\/\/radioleinewelle.de\/#\/schema\/logo\/image\/"},"sameAs":["https:\/\/www.facebook.com\/radioleinewelle","https:\/\/x.com\/RLeinewelle","https:\/\/www.instagram.com\/radioleinewelle\/?hl=de"]},{"@type":"Person","@id":"https:\/\/radioleinewelle.de\/#\/schema\/person\/45606f348637df637192dc1b68399a63","name":"Leinewelle","image":{"@type":"ImageObject","inLanguage":"de","@id":"https:\/\/secure.gravatar.com\/avatar\/05c9a17bc973052ee5d91549bd32fb4dd0dc85b7b85ae94b2e2b4943476bbea5?s=96&d=blank&r=g","url":"https:\/\/secure.gravatar.com\/avatar\/05c9a17bc973052ee5d91549bd32fb4dd0dc85b7b85ae94b2e2b4943476bbea5?s=96&d=blank&r=g","contentUrl":"https:\/\/secure.gravatar.com\/avatar\/05c9a17bc973052ee5d91549bd32fb4dd0dc85b7b85ae94b2e2b4943476bbea5?s=96&d=blank&r=g","caption":"Leinewelle"},"sameAs":["http:\/\/localhost\/radio%20leinewelle\/wordpress","https:\/\/www.facebook.com\/radioleinewelle","https:\/\/www.instagram.com\/radioleinewelle","https:\/\/x.com\/https:\/\/twitter.com\/RLeinewelle?ref_src=twsrcgoogletwcampserptwgrauthor","https:\/\/soundcloud.com\/foerderverein-lokalradio?utm_source=clipboard&utm_medium=text&utm_campaign=social_sharing"],"url":"https:\/\/radioleinewelle.de\/index.php\/author\/leinewelle\/"}]}},"_links":{"self":[{"href":"https:\/\/radioleinewelle.de\/index.php\/wp-json\/wp\/v2\/posts\/1643","targetHints":{"allow":["GET"]}}],"collection":[{"href":"https:\/\/radioleinewelle.de\/index.php\/wp-json\/wp\/v2\/posts"}],"about":[{"href":"https:\/\/radioleinewelle.de\/index.php\/wp-json\/wp\/v2\/types\/post"}],"author":[{"embeddable":true,"href":"https:\/\/radioleinewelle.de\/index.php\/wp-json\/wp\/v2\/users\/1"}],"replies":[{"embeddable":true,"href":"https:\/\/radioleinewelle.de\/index.php\/wp-json\/wp\/v2\/comments?post=1643"}],"version-history":[{"count":0,"href":"https:\/\/radioleinewelle.de\/index.php\/wp-json\/wp\/v2\/posts\/1643\/revisions"}],"wp:featuredmedia":[{"embeddable":true,"href":"https:\/\/radioleinewelle.de\/index.php\/wp-json\/wp\/v2\/media\/1645"}],"wp:attachment":[{"href":"https:\/\/radioleinewelle.de\/index.php\/wp-json\/wp\/v2\/media?parent=1643"}],"wp:term":[{"taxonomy":"category","embeddable":true,"href":"https:\/\/radioleinewelle.de\/index.php\/wp-json\/wp\/v2\/categories?post=1643"},{"taxonomy":"post_tag","embeddable":true,"href":"https:\/\/radioleinewelle.de\/index.php\/wp-json\/wp\/v2\/tags?post=1643"}],"curies":[{"name":"wp","href":"https:\/\/api.w.org\/{rel}","templated":true}]}}