{"id":16440,"date":"2022-10-26T05:44:50","date_gmt":"2022-10-26T03:44:50","guid":{"rendered":"https:\/\/radioleinewelle.de\/?p=16440"},"modified":"2022-10-26T05:44:50","modified_gmt":"2022-10-26T03:44:50","slug":"asta-der-uni-goettingen-erklaert-sich-solidarisch-mit-den-besetzern-und-uebernimmt-vermittlerrolle","status":"publish","type":"post","link":"https:\/\/radioleinewelle.de\/index.php\/2022\/10\/26\/asta-der-uni-goettingen-erklaert-sich-solidarisch-mit-den-besetzern-und-uebernimmt-vermittlerrolle\/","title":{"rendered":"ASTA der Uni G\u00f6ttingen erkl\u00e4rt sich solidarisch mit den Besetzern und \u00fcbernimmt Vermittlerrolle"},"content":{"rendered":"\n<p>Der AStA G\u00f6ttingen erkl\u00e4rt seine Solidarit\u00e4t mit den Zielen der Klima-Aktivist*innen von EndFossil G\u00f6ttingen, die am gestrigen Abend den H\u00f6rsaal ZHG011 besetzt haben, um f\u00fcr einen einen radikalen Kurswechsel in der Klimapolitik zu protestieren. Die Forderungen der Aktivist*innen umfassen unter anderem die Etablierung des Themas Klimakrise in s\u00e4mtlichen Studieng\u00e4ngen der Universit\u00e4t, mehr staatliche Hochschul- und allgemeine Bildungsfinanzierung sowie auf bundesweiter Ebene Vergesellschaftung der Energieproduktion. Sie ordnen sich nach eigenen Angaben einer \u00fcberregionalen Bewegung zu, die in mehreren St\u00e4dten Besetzungen durchf\u00fchrt oder noch durchf\u00fchren wird.<\/p>\n\n\n\n<p>F\u00fcr den AStA erkl\u00e4rt Sozialreferentin Katharina Bornemann hierzu: \u201cAls AStA werden wir uns insbesondere gegen\u00fcber der Unileitung f\u00fcr einen friedlichen und nicht eskalierenden Verlauf des Protests einsetzen. Dass wir f\u00fcr die politischen Ziele der Besetzer*innen gro\u00dfe Sympathien hegen, verheimlichen wir dabei nicht. Angesichts der bisherigen Gespr\u00e4che mit den Aktivist*innen, Dozierenden und dem Uni Pr\u00e4sidium sehen wir in der Besetzung eine Chance, dass sich statt einer Einschr\u00e4nkung des Lehrbetriebs sogar eine Bereicherung f\u00fcr diesen ergeben kann. Voraussetzung daf\u00fcr ist ein offener Austausch und daraus resultierende Kooperation aller Parteien. Wir beobachten die Situation und stehen diesbez\u00fcglich mit den Fachschaften und Fachgruppen, sowie mit allen anderen relevanten Stellen an der Universit\u00e4t in Kontakt.\u201d<\/p>\n\n\n\n<p>Bez\u00fcglich der Haltung des AStA zum Klimaaktivismus erg\u00e4nzt Paul Emmerich, Referent f\u00fcr Klimagerechtigkeit: \u201cDie Klimakrise ist uns in ihren unmittelbaren Auswirkungen diesen Sommer allzu deutlich vor Augen getreten. Und wozu Abh\u00e4ngigkeit von fossilen Energietr\u00e4gern f\u00fchrt, werden wir alle, insbesondere auch Studierende, diesen Winter zu sp\u00fcren bekommen \u2013 dass die Lehrveranstaltungsr\u00e4ume aufgrund der Energiekosten nur auf 19 Grad hochgeheizt werden, ist da noch die mildeste Auswirkung. Trotzdem, und trotz einer Beteiligung der sogenannten Gr\u00fcnen an der Bundesregierung, bleibt die Klimapolitik nach wie vor weit hinter dem zur\u00fcck, was wissenschaftliche Erkenntnisse bereits seit Jahren als unbedingt und dringend notwendig herausstellen: Eine komplette Umstellung auf erneuerbare Energien und eine Umw\u00e4lzung des unhaltbaren Wirtschaftssystems. Die Massenbewegung der Fridays for Future und ihrer diversen Ableger hat alle Mittel des klassischen Protests ausgesch\u00f6pft und als Ergebnis nur leere Versprechungen erhalten. Dass junge Leute nun zu radikaleren Protestformen greifen, sollte f\u00fcr niemand eine ernsthafte \u00dcberraschung sein. Wir w\u00fcnschen den Besetzer*innen viel Erfolg!\u201d<\/p>\n","protected":false},"excerpt":{"rendered":"<p>Der AStA G\u00f6ttingen erkl\u00e4rt seine Solidarit\u00e4t mit den Zielen der Klima-Aktivist*innen von EndFossil G\u00f6ttingen, die am gestrigen Abend den H\u00f6rsaal ZHG011 besetzt haben, um f\u00fcr einen einen radikalen Kurswechsel in der Klimapolitik zu protestieren. Die Forderungen der Aktivist*innen umfassen unter anderem die Etablierung des Themas Klimakrise in s\u00e4mtlichen Studieng\u00e4ngen der Universit\u00e4t, mehr staatliche Hochschul- und [&hellip;]<\/p>\n","protected":false},"author":1,"featured_media":0,"comment_status":"closed","ping_status":"closed","sticky":false,"template":"","format":"standard","meta":{"saved_in_kubio":false,"footnotes":""},"categories":[24],"tags":[3030,3504],"class_list":["post-16440","post","type-post","status-publish","format-standard","hentry","category-news","tag-asta-goettingen","tag-hoersaalbesetzung"],"yoast_head":"<!-- This site is optimized with the Yoast SEO plugin v27.5 - https:\/\/yoast.com\/product\/yoast-seo-wordpress\/ -->\n<title>ASTA der Uni G\u00f6ttingen erkl\u00e4rt sich solidarisch mit den Besetzern und \u00fcbernimmt Vermittlerrolle - Radio Leinewelle<\/title>\n<meta name=\"robots\" content=\"index, follow, max-snippet:-1, max-image-preview:large, max-video-preview:-1\" \/>\n<link rel=\"canonical\" href=\"https:\/\/radioleinewelle.de\/index.php\/2022\/10\/26\/asta-der-uni-goettingen-erklaert-sich-solidarisch-mit-den-besetzern-und-uebernimmt-vermittlerrolle\/\" \/>\n<meta property=\"og:locale\" content=\"de_DE\" \/>\n<meta property=\"og:type\" content=\"article\" \/>\n<meta property=\"og:title\" content=\"ASTA der Uni G\u00f6ttingen erkl\u00e4rt sich solidarisch mit den Besetzern und \u00fcbernimmt Vermittlerrolle - Radio Leinewelle\" \/>\n<meta property=\"og:description\" content=\"Der AStA G\u00f6ttingen erkl\u00e4rt seine Solidarit\u00e4t mit den Zielen der Klima-Aktivist*innen von EndFossil G\u00f6ttingen, die am gestrigen Abend den H\u00f6rsaal ZHG011 besetzt haben, um f\u00fcr einen einen radikalen Kurswechsel in der Klimapolitik zu protestieren. Die Forderungen der Aktivist*innen umfassen unter anderem die Etablierung des Themas Klimakrise in s\u00e4mtlichen Studieng\u00e4ngen der Universit\u00e4t, mehr staatliche Hochschul- und [&hellip;]\" \/>\n<meta property=\"og:url\" content=\"https:\/\/radioleinewelle.de\/index.php\/2022\/10\/26\/asta-der-uni-goettingen-erklaert-sich-solidarisch-mit-den-besetzern-und-uebernimmt-vermittlerrolle\/\" \/>\n<meta property=\"og:site_name\" content=\"Radio Leinewelle\" \/>\n<meta property=\"article:publisher\" content=\"https:\/\/www.facebook.com\/radioleinewelle\" \/>\n<meta property=\"article:author\" content=\"https:\/\/www.facebook.com\/radioleinewelle\" \/>\n<meta property=\"article:published_time\" content=\"2022-10-26T03:44:50+00:00\" \/>\n<meta name=\"author\" content=\"Leinewelle\" \/>\n<meta name=\"twitter:card\" content=\"summary_large_image\" \/>\n<meta name=\"twitter:creator\" content=\"@https:\/\/twitter.com\/RLeinewelle?ref_src=twsrcgoogletwcampserptwgrauthor\" \/>\n<meta name=\"twitter:site\" content=\"@RLeinewelle\" \/>\n<meta name=\"twitter:label1\" content=\"Verfasst von\" \/>\n\t<meta name=\"twitter:data1\" content=\"Leinewelle\" \/>\n<script type=\"application\/ld+json\" class=\"yoast-schema-graph\">{\"@context\":\"https:\\\/\\\/schema.org\",\"@graph\":[{\"@type\":\"Article\",\"@id\":\"https:\\\/\\\/radioleinewelle.de\\\/index.php\\\/2022\\\/10\\\/26\\\/asta-der-uni-goettingen-erklaert-sich-solidarisch-mit-den-besetzern-und-uebernimmt-vermittlerrolle\\\/#article\",\"isPartOf\":{\"@id\":\"https:\\\/\\\/radioleinewelle.de\\\/index.php\\\/2022\\\/10\\\/26\\\/asta-der-uni-goettingen-erklaert-sich-solidarisch-mit-den-besetzern-und-uebernimmt-vermittlerrolle\\\/\"},\"author\":{\"name\":\"Leinewelle\",\"@id\":\"https:\\\/\\\/radioleinewelle.de\\\/#\\\/schema\\\/person\\\/45606f348637df637192dc1b68399a63\"},\"headline\":\"ASTA der Uni G\u00f6ttingen erkl\u00e4rt sich solidarisch mit den Besetzern und \u00fcbernimmt Vermittlerrolle\",\"datePublished\":\"2022-10-26T03:44:50+00:00\",\"mainEntityOfPage\":{\"@id\":\"https:\\\/\\\/radioleinewelle.de\\\/index.php\\\/2022\\\/10\\\/26\\\/asta-der-uni-goettingen-erklaert-sich-solidarisch-mit-den-besetzern-und-uebernimmt-vermittlerrolle\\\/\"},\"wordCount\":406,\"publisher\":{\"@id\":\"https:\\\/\\\/radioleinewelle.de\\\/#organization\"},\"keywords\":[\"ASTA G\u00f6ttingen\",\"H\u00f6rsaalbesetzung\"],\"articleSection\":[\"Aktuelle Nachrichten\"],\"inLanguage\":\"de\"},{\"@type\":\"WebPage\",\"@id\":\"https:\\\/\\\/radioleinewelle.de\\\/index.php\\\/2022\\\/10\\\/26\\\/asta-der-uni-goettingen-erklaert-sich-solidarisch-mit-den-besetzern-und-uebernimmt-vermittlerrolle\\\/\",\"url\":\"https:\\\/\\\/radioleinewelle.de\\\/index.php\\\/2022\\\/10\\\/26\\\/asta-der-uni-goettingen-erklaert-sich-solidarisch-mit-den-besetzern-und-uebernimmt-vermittlerrolle\\\/\",\"name\":\"ASTA der Uni G\u00f6ttingen erkl\u00e4rt sich solidarisch mit den Besetzern und \u00fcbernimmt Vermittlerrolle - Radio Leinewelle\",\"isPartOf\":{\"@id\":\"https:\\\/\\\/radioleinewelle.de\\\/#website\"},\"datePublished\":\"2022-10-26T03:44:50+00:00\",\"breadcrumb\":{\"@id\":\"https:\\\/\\\/radioleinewelle.de\\\/index.php\\\/2022\\\/10\\\/26\\\/asta-der-uni-goettingen-erklaert-sich-solidarisch-mit-den-besetzern-und-uebernimmt-vermittlerrolle\\\/#breadcrumb\"},\"inLanguage\":\"de\",\"potentialAction\":[{\"@type\":\"ReadAction\",\"target\":[\"https:\\\/\\\/radioleinewelle.de\\\/index.php\\\/2022\\\/10\\\/26\\\/asta-der-uni-goettingen-erklaert-sich-solidarisch-mit-den-besetzern-und-uebernimmt-vermittlerrolle\\\/\"]}]},{\"@type\":\"BreadcrumbList\",\"@id\":\"https:\\\/\\\/radioleinewelle.de\\\/index.php\\\/2022\\\/10\\\/26\\\/asta-der-uni-goettingen-erklaert-sich-solidarisch-mit-den-besetzern-und-uebernimmt-vermittlerrolle\\\/#breadcrumb\",\"itemListElement\":[{\"@type\":\"ListItem\",\"position\":1,\"name\":\"Startseite\",\"item\":\"https:\\\/\\\/radioleinewelle.de\\\/\"},{\"@type\":\"ListItem\",\"position\":2,\"name\":\"ASTA der Uni G\u00f6ttingen erkl\u00e4rt sich solidarisch mit den Besetzern und \u00fcbernimmt Vermittlerrolle\"}]},{\"@type\":\"WebSite\",\"@id\":\"https:\\\/\\\/radioleinewelle.de\\\/#website\",\"url\":\"https:\\\/\\\/radioleinewelle.de\\\/\",\"name\":\"Radio Leinewelle\",\"description\":\"\",\"publisher\":{\"@id\":\"https:\\\/\\\/radioleinewelle.de\\\/#organization\"},\"potentialAction\":[{\"@type\":\"SearchAction\",\"target\":{\"@type\":\"EntryPoint\",\"urlTemplate\":\"https:\\\/\\\/radioleinewelle.de\\\/?s={search_term_string}\"},\"query-input\":{\"@type\":\"PropertyValueSpecification\",\"valueRequired\":true,\"valueName\":\"search_term_string\"}}],\"inLanguage\":\"de\"},{\"@type\":\"Organization\",\"@id\":\"https:\\\/\\\/radioleinewelle.de\\\/#organization\",\"name\":\"Radio Leinewelle\",\"alternateName\":\"Mein Radio f\u00fcr S\u00fcdniedersachsen\",\"url\":\"https:\\\/\\\/radioleinewelle.de\\\/\",\"logo\":{\"@type\":\"ImageObject\",\"inLanguage\":\"de\",\"@id\":\"https:\\\/\\\/radioleinewelle.de\\\/#\\\/schema\\\/logo\\\/image\\\/\",\"url\":\"https:\\\/\\\/radioleinewelle.de\\\/wp-content\\\/uploads\\\/2023\\\/11\\\/cropped-Leinewelle_Logo_weiss.png\",\"contentUrl\":\"https:\\\/\\\/radioleinewelle.de\\\/wp-content\\\/uploads\\\/2023\\\/11\\\/cropped-Leinewelle_Logo_weiss.png\",\"width\":854,\"height\":260,\"caption\":\"Radio Leinewelle\"},\"image\":{\"@id\":\"https:\\\/\\\/radioleinewelle.de\\\/#\\\/schema\\\/logo\\\/image\\\/\"},\"sameAs\":[\"https:\\\/\\\/www.facebook.com\\\/radioleinewelle\",\"https:\\\/\\\/x.com\\\/RLeinewelle\",\"https:\\\/\\\/www.instagram.com\\\/radioleinewelle\\\/?hl=de\"]},{\"@type\":\"Person\",\"@id\":\"https:\\\/\\\/radioleinewelle.de\\\/#\\\/schema\\\/person\\\/45606f348637df637192dc1b68399a63\",\"name\":\"Leinewelle\",\"image\":{\"@type\":\"ImageObject\",\"inLanguage\":\"de\",\"@id\":\"https:\\\/\\\/secure.gravatar.com\\\/avatar\\\/05c9a17bc973052ee5d91549bd32fb4dd0dc85b7b85ae94b2e2b4943476bbea5?s=96&d=blank&r=g\",\"url\":\"https:\\\/\\\/secure.gravatar.com\\\/avatar\\\/05c9a17bc973052ee5d91549bd32fb4dd0dc85b7b85ae94b2e2b4943476bbea5?s=96&d=blank&r=g\",\"contentUrl\":\"https:\\\/\\\/secure.gravatar.com\\\/avatar\\\/05c9a17bc973052ee5d91549bd32fb4dd0dc85b7b85ae94b2e2b4943476bbea5?s=96&d=blank&r=g\",\"caption\":\"Leinewelle\"},\"sameAs\":[\"http:\\\/\\\/localhost\\\/radio%20leinewelle\\\/wordpress\",\"https:\\\/\\\/www.facebook.com\\\/radioleinewelle\",\"https:\\\/\\\/www.instagram.com\\\/radioleinewelle\",\"https:\\\/\\\/x.com\\\/https:\\\/\\\/twitter.com\\\/RLeinewelle?ref_src=twsrcgoogletwcampserptwgrauthor\",\"https:\\\/\\\/soundcloud.com\\\/foerderverein-lokalradio?utm_source=clipboard&utm_medium=text&utm_campaign=social_sharing\"],\"url\":\"https:\\\/\\\/radioleinewelle.de\\\/index.php\\\/author\\\/leinewelle\\\/\"}]}<\/script>\n<!-- \/ Yoast SEO plugin. -->","yoast_head_json":{"title":"ASTA der Uni G\u00f6ttingen erkl\u00e4rt sich solidarisch mit den Besetzern und \u00fcbernimmt Vermittlerrolle - Radio Leinewelle","robots":{"index":"index","follow":"follow","max-snippet":"max-snippet:-1","max-image-preview":"max-image-preview:large","max-video-preview":"max-video-preview:-1"},"canonical":"https:\/\/radioleinewelle.de\/index.php\/2022\/10\/26\/asta-der-uni-goettingen-erklaert-sich-solidarisch-mit-den-besetzern-und-uebernimmt-vermittlerrolle\/","og_locale":"de_DE","og_type":"article","og_title":"ASTA der Uni G\u00f6ttingen erkl\u00e4rt sich solidarisch mit den Besetzern und \u00fcbernimmt Vermittlerrolle - Radio Leinewelle","og_description":"Der AStA G\u00f6ttingen erkl\u00e4rt seine Solidarit\u00e4t mit den Zielen der Klima-Aktivist*innen von EndFossil G\u00f6ttingen, die am gestrigen Abend den H\u00f6rsaal ZHG011 besetzt haben, um f\u00fcr einen einen radikalen Kurswechsel in der Klimapolitik zu protestieren. Die Forderungen der Aktivist*innen umfassen unter anderem die Etablierung des Themas Klimakrise in s\u00e4mtlichen Studieng\u00e4ngen der Universit\u00e4t, mehr staatliche Hochschul- und [&hellip;]","og_url":"https:\/\/radioleinewelle.de\/index.php\/2022\/10\/26\/asta-der-uni-goettingen-erklaert-sich-solidarisch-mit-den-besetzern-und-uebernimmt-vermittlerrolle\/","og_site_name":"Radio Leinewelle","article_publisher":"https:\/\/www.facebook.com\/radioleinewelle","article_author":"https:\/\/www.facebook.com\/radioleinewelle","article_published_time":"2022-10-26T03:44:50+00:00","author":"Leinewelle","twitter_card":"summary_large_image","twitter_creator":"@https:\/\/twitter.com\/RLeinewelle?ref_src=twsrcgoogletwcampserptwgrauthor","twitter_site":"@RLeinewelle","twitter_misc":{"Verfasst von":"Leinewelle"},"schema":{"@context":"https:\/\/schema.org","@graph":[{"@type":"Article","@id":"https:\/\/radioleinewelle.de\/index.php\/2022\/10\/26\/asta-der-uni-goettingen-erklaert-sich-solidarisch-mit-den-besetzern-und-uebernimmt-vermittlerrolle\/#article","isPartOf":{"@id":"https:\/\/radioleinewelle.de\/index.php\/2022\/10\/26\/asta-der-uni-goettingen-erklaert-sich-solidarisch-mit-den-besetzern-und-uebernimmt-vermittlerrolle\/"},"author":{"name":"Leinewelle","@id":"https:\/\/radioleinewelle.de\/#\/schema\/person\/45606f348637df637192dc1b68399a63"},"headline":"ASTA der Uni G\u00f6ttingen erkl\u00e4rt sich solidarisch mit den Besetzern und \u00fcbernimmt Vermittlerrolle","datePublished":"2022-10-26T03:44:50+00:00","mainEntityOfPage":{"@id":"https:\/\/radioleinewelle.de\/index.php\/2022\/10\/26\/asta-der-uni-goettingen-erklaert-sich-solidarisch-mit-den-besetzern-und-uebernimmt-vermittlerrolle\/"},"wordCount":406,"publisher":{"@id":"https:\/\/radioleinewelle.de\/#organization"},"keywords":["ASTA G\u00f6ttingen","H\u00f6rsaalbesetzung"],"articleSection":["Aktuelle Nachrichten"],"inLanguage":"de"},{"@type":"WebPage","@id":"https:\/\/radioleinewelle.de\/index.php\/2022\/10\/26\/asta-der-uni-goettingen-erklaert-sich-solidarisch-mit-den-besetzern-und-uebernimmt-vermittlerrolle\/","url":"https:\/\/radioleinewelle.de\/index.php\/2022\/10\/26\/asta-der-uni-goettingen-erklaert-sich-solidarisch-mit-den-besetzern-und-uebernimmt-vermittlerrolle\/","name":"ASTA der Uni G\u00f6ttingen erkl\u00e4rt sich solidarisch mit den Besetzern und \u00fcbernimmt Vermittlerrolle - Radio Leinewelle","isPartOf":{"@id":"https:\/\/radioleinewelle.de\/#website"},"datePublished":"2022-10-26T03:44:50+00:00","breadcrumb":{"@id":"https:\/\/radioleinewelle.de\/index.php\/2022\/10\/26\/asta-der-uni-goettingen-erklaert-sich-solidarisch-mit-den-besetzern-und-uebernimmt-vermittlerrolle\/#breadcrumb"},"inLanguage":"de","potentialAction":[{"@type":"ReadAction","target":["https:\/\/radioleinewelle.de\/index.php\/2022\/10\/26\/asta-der-uni-goettingen-erklaert-sich-solidarisch-mit-den-besetzern-und-uebernimmt-vermittlerrolle\/"]}]},{"@type":"BreadcrumbList","@id":"https:\/\/radioleinewelle.de\/index.php\/2022\/10\/26\/asta-der-uni-goettingen-erklaert-sich-solidarisch-mit-den-besetzern-und-uebernimmt-vermittlerrolle\/#breadcrumb","itemListElement":[{"@type":"ListItem","position":1,"name":"Startseite","item":"https:\/\/radioleinewelle.de\/"},{"@type":"ListItem","position":2,"name":"ASTA der Uni G\u00f6ttingen erkl\u00e4rt sich solidarisch mit den Besetzern und \u00fcbernimmt Vermittlerrolle"}]},{"@type":"WebSite","@id":"https:\/\/radioleinewelle.de\/#website","url":"https:\/\/radioleinewelle.de\/","name":"Radio Leinewelle","description":"","publisher":{"@id":"https:\/\/radioleinewelle.de\/#organization"},"potentialAction":[{"@type":"SearchAction","target":{"@type":"EntryPoint","urlTemplate":"https:\/\/radioleinewelle.de\/?s={search_term_string}"},"query-input":{"@type":"PropertyValueSpecification","valueRequired":true,"valueName":"search_term_string"}}],"inLanguage":"de"},{"@type":"Organization","@id":"https:\/\/radioleinewelle.de\/#organization","name":"Radio Leinewelle","alternateName":"Mein Radio f\u00fcr S\u00fcdniedersachsen","url":"https:\/\/radioleinewelle.de\/","logo":{"@type":"ImageObject","inLanguage":"de","@id":"https:\/\/radioleinewelle.de\/#\/schema\/logo\/image\/","url":"https:\/\/radioleinewelle.de\/wp-content\/uploads\/2023\/11\/cropped-Leinewelle_Logo_weiss.png","contentUrl":"https:\/\/radioleinewelle.de\/wp-content\/uploads\/2023\/11\/cropped-Leinewelle_Logo_weiss.png","width":854,"height":260,"caption":"Radio Leinewelle"},"image":{"@id":"https:\/\/radioleinewelle.de\/#\/schema\/logo\/image\/"},"sameAs":["https:\/\/www.facebook.com\/radioleinewelle","https:\/\/x.com\/RLeinewelle","https:\/\/www.instagram.com\/radioleinewelle\/?hl=de"]},{"@type":"Person","@id":"https:\/\/radioleinewelle.de\/#\/schema\/person\/45606f348637df637192dc1b68399a63","name":"Leinewelle","image":{"@type":"ImageObject","inLanguage":"de","@id":"https:\/\/secure.gravatar.com\/avatar\/05c9a17bc973052ee5d91549bd32fb4dd0dc85b7b85ae94b2e2b4943476bbea5?s=96&d=blank&r=g","url":"https:\/\/secure.gravatar.com\/avatar\/05c9a17bc973052ee5d91549bd32fb4dd0dc85b7b85ae94b2e2b4943476bbea5?s=96&d=blank&r=g","contentUrl":"https:\/\/secure.gravatar.com\/avatar\/05c9a17bc973052ee5d91549bd32fb4dd0dc85b7b85ae94b2e2b4943476bbea5?s=96&d=blank&r=g","caption":"Leinewelle"},"sameAs":["http:\/\/localhost\/radio%20leinewelle\/wordpress","https:\/\/www.facebook.com\/radioleinewelle","https:\/\/www.instagram.com\/radioleinewelle","https:\/\/x.com\/https:\/\/twitter.com\/RLeinewelle?ref_src=twsrcgoogletwcampserptwgrauthor","https:\/\/soundcloud.com\/foerderverein-lokalradio?utm_source=clipboard&utm_medium=text&utm_campaign=social_sharing"],"url":"https:\/\/radioleinewelle.de\/index.php\/author\/leinewelle\/"}]}},"_links":{"self":[{"href":"https:\/\/radioleinewelle.de\/index.php\/wp-json\/wp\/v2\/posts\/16440","targetHints":{"allow":["GET"]}}],"collection":[{"href":"https:\/\/radioleinewelle.de\/index.php\/wp-json\/wp\/v2\/posts"}],"about":[{"href":"https:\/\/radioleinewelle.de\/index.php\/wp-json\/wp\/v2\/types\/post"}],"author":[{"embeddable":true,"href":"https:\/\/radioleinewelle.de\/index.php\/wp-json\/wp\/v2\/users\/1"}],"replies":[{"embeddable":true,"href":"https:\/\/radioleinewelle.de\/index.php\/wp-json\/wp\/v2\/comments?post=16440"}],"version-history":[{"count":0,"href":"https:\/\/radioleinewelle.de\/index.php\/wp-json\/wp\/v2\/posts\/16440\/revisions"}],"wp:attachment":[{"href":"https:\/\/radioleinewelle.de\/index.php\/wp-json\/wp\/v2\/media?parent=16440"}],"wp:term":[{"taxonomy":"category","embeddable":true,"href":"https:\/\/radioleinewelle.de\/index.php\/wp-json\/wp\/v2\/categories?post=16440"},{"taxonomy":"post_tag","embeddable":true,"href":"https:\/\/radioleinewelle.de\/index.php\/wp-json\/wp\/v2\/tags?post=16440"}],"curies":[{"name":"wp","href":"https:\/\/api.w.org\/{rel}","templated":true}]}}