{"id":1646,"date":"2020-09-18T16:40:09","date_gmt":"2020-09-18T14:40:09","guid":{"rendered":"https:\/\/radioleinewelle.de\/?p=1646"},"modified":"2020-09-18T16:40:09","modified_gmt":"2020-09-18T14:40:09","slug":"die-agenda-fuer-die-ratssitzung-am-18-09-in-der-lokhalle","status":"publish","type":"post","link":"https:\/\/radioleinewelle.de\/index.php\/2020\/09\/18\/die-agenda-fuer-die-ratssitzung-am-18-09-in-der-lokhalle\/","title":{"rendered":"Jetzt live auf Facebook: die Beschl\u00fcsse der heutigen G\u00f6ttinger Ratssitzung"},"content":{"rendered":"<p><strong>Radio Leinewelle berichtet live auf Facebook &amp; Twitter \u00fcber die Beschl\u00fcsse<\/strong><\/p>\n<p>Eine ambitionierte Agenda steht bei der \u00a0Ratssitzung am 18.09. an: auf der Tagesordnung stehen neben der Wahl einer bzw. eines neuen Ratsvorsitzenden und weiteren Themen unter anderem diese politischen Antr\u00e4ge:<\/p>\n<ul>\n<li>\u201eAufl\u00f6sung des Gefl\u00fcchteten-Lagers Moria auf Lesbos; Aufnahme von 30 Personen aus dem Lager\u201c (gemeinsamer Antrag der B\u00fcndnis90\/Die Gr\u00fcnen-, und SPD-Ratsfraktionen sowie der G\u00f6ttinger Linke\/ALG-, und PARTEI-Ratsgruppen)<\/li>\n<li>\u201eQuartiersarbeit im Leineviertel nachhaltig st\u00e4rken&#8220; (gemeinsamer Antrag aller Ratsfraktionen und -gruppen und des Ratsherren Dr. Welter-Schultes)<\/li>\n<li>\u201eG\u00f6ttingen soll Solarstadt werden&#8220; (gemeinsamer Antrag der SPD- und B\u00fcndnis90\/Die Gr\u00fcnen-Ratsfraktionen)<\/li>\n<li>\u201eCorona ver\u00e4ndert Lebenssituationen &#8211; Familien und Alleinerziehende stabilisieren und unterst\u00fctzen&#8220; (Antrag der SPD-Ratsfraktion)<\/li>\n<li>\u201eKultur in G\u00f6ttingen mit \u201aOffener B\u00fchne\u2018 unterst\u00fctzen&#8220; (Antrag der CDU-Ratsfraktion)<\/li>\n<li>\u201eChancengleichheit bei der Ausbildung in der Stadtverwaltung&#8220; (Antrag der G\u00f6ttinger Linke\/ALG-Ratsgruppe)<\/li>\n<li>\u201eE-Sport anerkennen&#8220; (Antrag der FDP-Ratsfraktion)<\/li>\n<li>\u201eErm\u00f6glichung der Doppelspitze in G\u00f6ttingen&#8220; (gemeinsamer Antrag aller Ratsfraktionen und -gruppen und des Ratsherren Dr. Welter-Schultes)<\/li>\n<li>\u201eAktualisierung Innenstadtleitbild &#8211; Lebendige Innenstadt mit Zukunft&#8220; (gemeinsamer Antrag der SPD- und B\u00fcndnis90\/Die Gr\u00fcnen-Ratsfraktionen)<\/li>\n<li>\u201eSchule zu Corona-Zeiten \/ L\u00fcftungsanlagen f\u00fcr Klassenr\u00e4ume&#8220; (Antrag der SPD-Ratsfraktion)<\/li>\n<\/ul>\n<p><strong>Radio Leinewelle berichtet live auf Twitter \u00fcber die Beschl\u00fcsse<\/strong><\/p>\n","protected":false},"excerpt":{"rendered":"<p>Radio Leinewelle berichtet live auf Facebook &amp; Twitter \u00fcber die Beschl\u00fcsse Eine ambitionierte Agenda steht bei der \u00a0Ratssitzung am 18.09. an: auf der Tagesordnung stehen neben der Wahl einer bzw. eines neuen Ratsvorsitzenden und weiteren Themen unter anderem diese politischen Antr\u00e4ge: \u201eAufl\u00f6sung des Gefl\u00fcchteten-Lagers Moria auf Lesbos; Aufnahme von 30 Personen aus dem Lager\u201c (gemeinsamer [&hellip;]<\/p>\n","protected":false},"author":1,"featured_media":0,"comment_status":"closed","ping_status":"closed","sticky":false,"template":"","format":"standard","meta":{"saved_in_kubio":false,"footnotes":""},"categories":[24],"tags":[],"class_list":["post-1646","post","type-post","status-publish","format-standard","hentry","category-news"],"yoast_head":"<!-- This site is optimized with the Yoast SEO plugin v27.5 - https:\/\/yoast.com\/product\/yoast-seo-wordpress\/ -->\n<title>Jetzt live auf Facebook: die Beschl\u00fcsse der heutigen G\u00f6ttinger Ratssitzung - Radio Leinewelle<\/title>\n<meta name=\"robots\" content=\"index, follow, max-snippet:-1, max-image-preview:large, max-video-preview:-1\" \/>\n<link rel=\"canonical\" href=\"https:\/\/radioleinewelle.de\/index.php\/2020\/09\/18\/die-agenda-fuer-die-ratssitzung-am-18-09-in-der-lokhalle\/\" \/>\n<meta property=\"og:locale\" content=\"de_DE\" \/>\n<meta property=\"og:type\" content=\"article\" \/>\n<meta property=\"og:title\" content=\"Jetzt live auf Facebook: die Beschl\u00fcsse der heutigen G\u00f6ttinger Ratssitzung - Radio Leinewelle\" \/>\n<meta property=\"og:description\" content=\"Radio Leinewelle berichtet live auf Facebook &amp; Twitter \u00fcber die Beschl\u00fcsse Eine ambitionierte Agenda steht bei der \u00a0Ratssitzung am 18.09. an: auf der Tagesordnung stehen neben der Wahl einer bzw. eines neuen Ratsvorsitzenden und weiteren Themen unter anderem diese politischen Antr\u00e4ge: \u201eAufl\u00f6sung des Gefl\u00fcchteten-Lagers Moria auf Lesbos; Aufnahme von 30 Personen aus dem Lager\u201c (gemeinsamer [&hellip;]\" \/>\n<meta property=\"og:url\" content=\"https:\/\/radioleinewelle.de\/index.php\/2020\/09\/18\/die-agenda-fuer-die-ratssitzung-am-18-09-in-der-lokhalle\/\" \/>\n<meta property=\"og:site_name\" content=\"Radio Leinewelle\" \/>\n<meta property=\"article:publisher\" content=\"https:\/\/www.facebook.com\/radioleinewelle\" \/>\n<meta property=\"article:author\" content=\"https:\/\/www.facebook.com\/radioleinewelle\" \/>\n<meta property=\"article:published_time\" content=\"2020-09-18T14:40:09+00:00\" \/>\n<meta name=\"author\" content=\"Leinewelle\" \/>\n<meta name=\"twitter:card\" content=\"summary_large_image\" \/>\n<meta name=\"twitter:creator\" content=\"@https:\/\/twitter.com\/RLeinewelle?ref_src=twsrcgoogletwcampserptwgrauthor\" \/>\n<meta name=\"twitter:site\" content=\"@RLeinewelle\" \/>\n<meta name=\"twitter:label1\" content=\"Verfasst von\" \/>\n\t<meta name=\"twitter:data1\" content=\"Leinewelle\" \/>\n\t<meta name=\"twitter:label2\" content=\"Gesch\u00e4tzte Lesezeit\" \/>\n\t<meta name=\"twitter:data2\" content=\"1\u00a0Minute\" \/>\n<script type=\"application\/ld+json\" class=\"yoast-schema-graph\">{\"@context\":\"https:\\\/\\\/schema.org\",\"@graph\":[{\"@type\":\"Article\",\"@id\":\"https:\\\/\\\/radioleinewelle.de\\\/index.php\\\/2020\\\/09\\\/18\\\/die-agenda-fuer-die-ratssitzung-am-18-09-in-der-lokhalle\\\/#article\",\"isPartOf\":{\"@id\":\"https:\\\/\\\/radioleinewelle.de\\\/index.php\\\/2020\\\/09\\\/18\\\/die-agenda-fuer-die-ratssitzung-am-18-09-in-der-lokhalle\\\/\"},\"author\":{\"name\":\"Leinewelle\",\"@id\":\"https:\\\/\\\/radioleinewelle.de\\\/#\\\/schema\\\/person\\\/45606f348637df637192dc1b68399a63\"},\"headline\":\"Jetzt live auf Facebook: die Beschl\u00fcsse der heutigen G\u00f6ttinger Ratssitzung\",\"datePublished\":\"2020-09-18T14:40:09+00:00\",\"mainEntityOfPage\":{\"@id\":\"https:\\\/\\\/radioleinewelle.de\\\/index.php\\\/2020\\\/09\\\/18\\\/die-agenda-fuer-die-ratssitzung-am-18-09-in-der-lokhalle\\\/\"},\"wordCount\":221,\"publisher\":{\"@id\":\"https:\\\/\\\/radioleinewelle.de\\\/#organization\"},\"articleSection\":[\"Aktuelle Nachrichten\"],\"inLanguage\":\"de\"},{\"@type\":\"WebPage\",\"@id\":\"https:\\\/\\\/radioleinewelle.de\\\/index.php\\\/2020\\\/09\\\/18\\\/die-agenda-fuer-die-ratssitzung-am-18-09-in-der-lokhalle\\\/\",\"url\":\"https:\\\/\\\/radioleinewelle.de\\\/index.php\\\/2020\\\/09\\\/18\\\/die-agenda-fuer-die-ratssitzung-am-18-09-in-der-lokhalle\\\/\",\"name\":\"Jetzt live auf Facebook: die Beschl\u00fcsse der heutigen G\u00f6ttinger Ratssitzung - Radio Leinewelle\",\"isPartOf\":{\"@id\":\"https:\\\/\\\/radioleinewelle.de\\\/#website\"},\"datePublished\":\"2020-09-18T14:40:09+00:00\",\"breadcrumb\":{\"@id\":\"https:\\\/\\\/radioleinewelle.de\\\/index.php\\\/2020\\\/09\\\/18\\\/die-agenda-fuer-die-ratssitzung-am-18-09-in-der-lokhalle\\\/#breadcrumb\"},\"inLanguage\":\"de\",\"potentialAction\":[{\"@type\":\"ReadAction\",\"target\":[\"https:\\\/\\\/radioleinewelle.de\\\/index.php\\\/2020\\\/09\\\/18\\\/die-agenda-fuer-die-ratssitzung-am-18-09-in-der-lokhalle\\\/\"]}]},{\"@type\":\"BreadcrumbList\",\"@id\":\"https:\\\/\\\/radioleinewelle.de\\\/index.php\\\/2020\\\/09\\\/18\\\/die-agenda-fuer-die-ratssitzung-am-18-09-in-der-lokhalle\\\/#breadcrumb\",\"itemListElement\":[{\"@type\":\"ListItem\",\"position\":1,\"name\":\"Startseite\",\"item\":\"https:\\\/\\\/radioleinewelle.de\\\/\"},{\"@type\":\"ListItem\",\"position\":2,\"name\":\"Jetzt live auf Facebook: die Beschl\u00fcsse der heutigen G\u00f6ttinger Ratssitzung\"}]},{\"@type\":\"WebSite\",\"@id\":\"https:\\\/\\\/radioleinewelle.de\\\/#website\",\"url\":\"https:\\\/\\\/radioleinewelle.de\\\/\",\"name\":\"Radio Leinewelle\",\"description\":\"\",\"publisher\":{\"@id\":\"https:\\\/\\\/radioleinewelle.de\\\/#organization\"},\"potentialAction\":[{\"@type\":\"SearchAction\",\"target\":{\"@type\":\"EntryPoint\",\"urlTemplate\":\"https:\\\/\\\/radioleinewelle.de\\\/?s={search_term_string}\"},\"query-input\":{\"@type\":\"PropertyValueSpecification\",\"valueRequired\":true,\"valueName\":\"search_term_string\"}}],\"inLanguage\":\"de\"},{\"@type\":\"Organization\",\"@id\":\"https:\\\/\\\/radioleinewelle.de\\\/#organization\",\"name\":\"Radio Leinewelle\",\"alternateName\":\"Mein Radio f\u00fcr S\u00fcdniedersachsen\",\"url\":\"https:\\\/\\\/radioleinewelle.de\\\/\",\"logo\":{\"@type\":\"ImageObject\",\"inLanguage\":\"de\",\"@id\":\"https:\\\/\\\/radioleinewelle.de\\\/#\\\/schema\\\/logo\\\/image\\\/\",\"url\":\"https:\\\/\\\/radioleinewelle.de\\\/wp-content\\\/uploads\\\/2023\\\/11\\\/cropped-Leinewelle_Logo_weiss.png\",\"contentUrl\":\"https:\\\/\\\/radioleinewelle.de\\\/wp-content\\\/uploads\\\/2023\\\/11\\\/cropped-Leinewelle_Logo_weiss.png\",\"width\":854,\"height\":260,\"caption\":\"Radio Leinewelle\"},\"image\":{\"@id\":\"https:\\\/\\\/radioleinewelle.de\\\/#\\\/schema\\\/logo\\\/image\\\/\"},\"sameAs\":[\"https:\\\/\\\/www.facebook.com\\\/radioleinewelle\",\"https:\\\/\\\/x.com\\\/RLeinewelle\",\"https:\\\/\\\/www.instagram.com\\\/radioleinewelle\\\/?hl=de\"]},{\"@type\":\"Person\",\"@id\":\"https:\\\/\\\/radioleinewelle.de\\\/#\\\/schema\\\/person\\\/45606f348637df637192dc1b68399a63\",\"name\":\"Leinewelle\",\"image\":{\"@type\":\"ImageObject\",\"inLanguage\":\"de\",\"@id\":\"https:\\\/\\\/secure.gravatar.com\\\/avatar\\\/05c9a17bc973052ee5d91549bd32fb4dd0dc85b7b85ae94b2e2b4943476bbea5?s=96&d=blank&r=g\",\"url\":\"https:\\\/\\\/secure.gravatar.com\\\/avatar\\\/05c9a17bc973052ee5d91549bd32fb4dd0dc85b7b85ae94b2e2b4943476bbea5?s=96&d=blank&r=g\",\"contentUrl\":\"https:\\\/\\\/secure.gravatar.com\\\/avatar\\\/05c9a17bc973052ee5d91549bd32fb4dd0dc85b7b85ae94b2e2b4943476bbea5?s=96&d=blank&r=g\",\"caption\":\"Leinewelle\"},\"sameAs\":[\"http:\\\/\\\/localhost\\\/radio%20leinewelle\\\/wordpress\",\"https:\\\/\\\/www.facebook.com\\\/radioleinewelle\",\"https:\\\/\\\/www.instagram.com\\\/radioleinewelle\",\"https:\\\/\\\/x.com\\\/https:\\\/\\\/twitter.com\\\/RLeinewelle?ref_src=twsrcgoogletwcampserptwgrauthor\",\"https:\\\/\\\/soundcloud.com\\\/foerderverein-lokalradio?utm_source=clipboard&utm_medium=text&utm_campaign=social_sharing\"],\"url\":\"https:\\\/\\\/radioleinewelle.de\\\/index.php\\\/author\\\/leinewelle\\\/\"}]}<\/script>\n<!-- \/ Yoast SEO plugin. -->","yoast_head_json":{"title":"Jetzt live auf Facebook: die Beschl\u00fcsse der heutigen G\u00f6ttinger Ratssitzung - Radio Leinewelle","robots":{"index":"index","follow":"follow","max-snippet":"max-snippet:-1","max-image-preview":"max-image-preview:large","max-video-preview":"max-video-preview:-1"},"canonical":"https:\/\/radioleinewelle.de\/index.php\/2020\/09\/18\/die-agenda-fuer-die-ratssitzung-am-18-09-in-der-lokhalle\/","og_locale":"de_DE","og_type":"article","og_title":"Jetzt live auf Facebook: die Beschl\u00fcsse der heutigen G\u00f6ttinger Ratssitzung - Radio Leinewelle","og_description":"Radio Leinewelle berichtet live auf Facebook &amp; Twitter \u00fcber die Beschl\u00fcsse Eine ambitionierte Agenda steht bei der \u00a0Ratssitzung am 18.09. an: auf der Tagesordnung stehen neben der Wahl einer bzw. eines neuen Ratsvorsitzenden und weiteren Themen unter anderem diese politischen Antr\u00e4ge: \u201eAufl\u00f6sung des Gefl\u00fcchteten-Lagers Moria auf Lesbos; Aufnahme von 30 Personen aus dem Lager\u201c (gemeinsamer [&hellip;]","og_url":"https:\/\/radioleinewelle.de\/index.php\/2020\/09\/18\/die-agenda-fuer-die-ratssitzung-am-18-09-in-der-lokhalle\/","og_site_name":"Radio Leinewelle","article_publisher":"https:\/\/www.facebook.com\/radioleinewelle","article_author":"https:\/\/www.facebook.com\/radioleinewelle","article_published_time":"2020-09-18T14:40:09+00:00","author":"Leinewelle","twitter_card":"summary_large_image","twitter_creator":"@https:\/\/twitter.com\/RLeinewelle?ref_src=twsrcgoogletwcampserptwgrauthor","twitter_site":"@RLeinewelle","twitter_misc":{"Verfasst von":"Leinewelle","Gesch\u00e4tzte Lesezeit":"1\u00a0Minute"},"schema":{"@context":"https:\/\/schema.org","@graph":[{"@type":"Article","@id":"https:\/\/radioleinewelle.de\/index.php\/2020\/09\/18\/die-agenda-fuer-die-ratssitzung-am-18-09-in-der-lokhalle\/#article","isPartOf":{"@id":"https:\/\/radioleinewelle.de\/index.php\/2020\/09\/18\/die-agenda-fuer-die-ratssitzung-am-18-09-in-der-lokhalle\/"},"author":{"name":"Leinewelle","@id":"https:\/\/radioleinewelle.de\/#\/schema\/person\/45606f348637df637192dc1b68399a63"},"headline":"Jetzt live auf Facebook: die Beschl\u00fcsse der heutigen G\u00f6ttinger Ratssitzung","datePublished":"2020-09-18T14:40:09+00:00","mainEntityOfPage":{"@id":"https:\/\/radioleinewelle.de\/index.php\/2020\/09\/18\/die-agenda-fuer-die-ratssitzung-am-18-09-in-der-lokhalle\/"},"wordCount":221,"publisher":{"@id":"https:\/\/radioleinewelle.de\/#organization"},"articleSection":["Aktuelle Nachrichten"],"inLanguage":"de"},{"@type":"WebPage","@id":"https:\/\/radioleinewelle.de\/index.php\/2020\/09\/18\/die-agenda-fuer-die-ratssitzung-am-18-09-in-der-lokhalle\/","url":"https:\/\/radioleinewelle.de\/index.php\/2020\/09\/18\/die-agenda-fuer-die-ratssitzung-am-18-09-in-der-lokhalle\/","name":"Jetzt live auf Facebook: die Beschl\u00fcsse der heutigen G\u00f6ttinger Ratssitzung - Radio Leinewelle","isPartOf":{"@id":"https:\/\/radioleinewelle.de\/#website"},"datePublished":"2020-09-18T14:40:09+00:00","breadcrumb":{"@id":"https:\/\/radioleinewelle.de\/index.php\/2020\/09\/18\/die-agenda-fuer-die-ratssitzung-am-18-09-in-der-lokhalle\/#breadcrumb"},"inLanguage":"de","potentialAction":[{"@type":"ReadAction","target":["https:\/\/radioleinewelle.de\/index.php\/2020\/09\/18\/die-agenda-fuer-die-ratssitzung-am-18-09-in-der-lokhalle\/"]}]},{"@type":"BreadcrumbList","@id":"https:\/\/radioleinewelle.de\/index.php\/2020\/09\/18\/die-agenda-fuer-die-ratssitzung-am-18-09-in-der-lokhalle\/#breadcrumb","itemListElement":[{"@type":"ListItem","position":1,"name":"Startseite","item":"https:\/\/radioleinewelle.de\/"},{"@type":"ListItem","position":2,"name":"Jetzt live auf Facebook: die Beschl\u00fcsse der heutigen G\u00f6ttinger Ratssitzung"}]},{"@type":"WebSite","@id":"https:\/\/radioleinewelle.de\/#website","url":"https:\/\/radioleinewelle.de\/","name":"Radio Leinewelle","description":"","publisher":{"@id":"https:\/\/radioleinewelle.de\/#organization"},"potentialAction":[{"@type":"SearchAction","target":{"@type":"EntryPoint","urlTemplate":"https:\/\/radioleinewelle.de\/?s={search_term_string}"},"query-input":{"@type":"PropertyValueSpecification","valueRequired":true,"valueName":"search_term_string"}}],"inLanguage":"de"},{"@type":"Organization","@id":"https:\/\/radioleinewelle.de\/#organization","name":"Radio Leinewelle","alternateName":"Mein Radio f\u00fcr S\u00fcdniedersachsen","url":"https:\/\/radioleinewelle.de\/","logo":{"@type":"ImageObject","inLanguage":"de","@id":"https:\/\/radioleinewelle.de\/#\/schema\/logo\/image\/","url":"https:\/\/radioleinewelle.de\/wp-content\/uploads\/2023\/11\/cropped-Leinewelle_Logo_weiss.png","contentUrl":"https:\/\/radioleinewelle.de\/wp-content\/uploads\/2023\/11\/cropped-Leinewelle_Logo_weiss.png","width":854,"height":260,"caption":"Radio Leinewelle"},"image":{"@id":"https:\/\/radioleinewelle.de\/#\/schema\/logo\/image\/"},"sameAs":["https:\/\/www.facebook.com\/radioleinewelle","https:\/\/x.com\/RLeinewelle","https:\/\/www.instagram.com\/radioleinewelle\/?hl=de"]},{"@type":"Person","@id":"https:\/\/radioleinewelle.de\/#\/schema\/person\/45606f348637df637192dc1b68399a63","name":"Leinewelle","image":{"@type":"ImageObject","inLanguage":"de","@id":"https:\/\/secure.gravatar.com\/avatar\/05c9a17bc973052ee5d91549bd32fb4dd0dc85b7b85ae94b2e2b4943476bbea5?s=96&d=blank&r=g","url":"https:\/\/secure.gravatar.com\/avatar\/05c9a17bc973052ee5d91549bd32fb4dd0dc85b7b85ae94b2e2b4943476bbea5?s=96&d=blank&r=g","contentUrl":"https:\/\/secure.gravatar.com\/avatar\/05c9a17bc973052ee5d91549bd32fb4dd0dc85b7b85ae94b2e2b4943476bbea5?s=96&d=blank&r=g","caption":"Leinewelle"},"sameAs":["http:\/\/localhost\/radio%20leinewelle\/wordpress","https:\/\/www.facebook.com\/radioleinewelle","https:\/\/www.instagram.com\/radioleinewelle","https:\/\/x.com\/https:\/\/twitter.com\/RLeinewelle?ref_src=twsrcgoogletwcampserptwgrauthor","https:\/\/soundcloud.com\/foerderverein-lokalradio?utm_source=clipboard&utm_medium=text&utm_campaign=social_sharing"],"url":"https:\/\/radioleinewelle.de\/index.php\/author\/leinewelle\/"}]}},"_links":{"self":[{"href":"https:\/\/radioleinewelle.de\/index.php\/wp-json\/wp\/v2\/posts\/1646","targetHints":{"allow":["GET"]}}],"collection":[{"href":"https:\/\/radioleinewelle.de\/index.php\/wp-json\/wp\/v2\/posts"}],"about":[{"href":"https:\/\/radioleinewelle.de\/index.php\/wp-json\/wp\/v2\/types\/post"}],"author":[{"embeddable":true,"href":"https:\/\/radioleinewelle.de\/index.php\/wp-json\/wp\/v2\/users\/1"}],"replies":[{"embeddable":true,"href":"https:\/\/radioleinewelle.de\/index.php\/wp-json\/wp\/v2\/comments?post=1646"}],"version-history":[{"count":0,"href":"https:\/\/radioleinewelle.de\/index.php\/wp-json\/wp\/v2\/posts\/1646\/revisions"}],"wp:attachment":[{"href":"https:\/\/radioleinewelle.de\/index.php\/wp-json\/wp\/v2\/media?parent=1646"}],"wp:term":[{"taxonomy":"category","embeddable":true,"href":"https:\/\/radioleinewelle.de\/index.php\/wp-json\/wp\/v2\/categories?post=1646"},{"taxonomy":"post_tag","embeddable":true,"href":"https:\/\/radioleinewelle.de\/index.php\/wp-json\/wp\/v2\/tags?post=1646"}],"curies":[{"name":"wp","href":"https:\/\/api.w.org\/{rel}","templated":true}]}}