{"id":1651,"date":"2020-09-15T05:35:03","date_gmt":"2020-09-15T03:35:03","guid":{"rendered":"https:\/\/radioleinewelle.de\/?p=1651"},"modified":"2020-09-15T05:35:03","modified_gmt":"2020-09-15T03:35:03","slug":"ministerin-otte-kinast-zu-besuch-im-kommunalwald-in-osterode-und-hann-muenden","status":"publish","type":"post","link":"https:\/\/radioleinewelle.de\/index.php\/2020\/09\/15\/ministerin-otte-kinast-zu-besuch-im-kommunalwald-in-osterode-und-hann-muenden\/","title":{"rendered":"Ministerin Otte-Kinast zu Besuch im Kommunalwald in Osterode und Hann. M\u00fcnden"},"content":{"rendered":"<p>Revierleiterin Annika Meier und Betriebsleiterin Susanne Gohde haben beim Besuch von Ministerin Barbara Otte-Kinast die Gelegenheit genutzt, um die Notwendigkeit weiterer sowie den Einsatz bereits erhaltener F\u00f6rdermittel zu zeigen.<br \/>\nIm Revier Hedem\u00fcnden war zu sehen, dass zus\u00e4tzlich zum Fichtensterben durch den Borkenk\u00e4fer, nun auch noch die Buchen absterben. Annika Meier: \u201eW\u00e4hrend die Waldbesitzer noch hinter den Borkenk\u00e4fern herlaufen, kommen auf die Forsten weitere schwere Waldsch\u00e4den durch die Buchenvitalit\u00e4tsschw\u00e4che hinzu. Das Buchensterben und der damit verbundene Kronen- und Astbruch ist eine gro\u00dfe Gefahr besonders im Bereich der Waldwege.\u201c\u00a0Im Revierteil Gierstein (Rinderstall) zeigten die F\u00f6rsterinnen am Blankenweg die Kulturfl\u00e4chen, die mit Hilfe von F\u00f6rdermitteln realisiert werden konnten, einschlie\u00dflich notweniger Wegebauma\u00dfnahmen.<\/p>\n<p>B\u00fcrgermeister Harald Wegener hatte als besondere \u00dcberraschung f\u00fcr Frau Ministerin Otte-Kinast den Eintrag in das \u201eGoldene Buch der Stadt\u201c direkt im Wald vorbereitet.<\/p>\n<p>In der Pressemitteilung vom Nieders\u00e4chsischen Ministerium f\u00fcr Ern\u00e4hrung, Landwirtschaft und Forsten hei\u00dft es zum Besuch im Kommunalwald Osterode und Hann. M\u00fcnden:<br \/>\n\u201eEs wird Jahrzehnte dauern, bis sich die W\u00e4lder erholt haben\u201c<br \/>\nMinisterin Otte-Kinast zu Besuch im Kommunalwald in Osterode und Hann. M\u00fcnden \u2013 Land f\u00f6rdert Wiederaufforstung<br \/>\nHannover\/Osterode\/Hann. M\u00fcnden. St\u00fcrme, Trockenheit und Hitze haben auch im nieders\u00e4chsischen Kommunalwald katastrophale Sch\u00e4den verursacht \u2013 davon konnte sich heute Niedersachsens Landwirtschaftsministerin Barbara Otte-Kinast \u00fcberzeugen. So sind im Stadtforst Osterode in nur drei Jahren kahle oder abgestorbene Waldfl\u00e4chen von etwa 500 Hektar bei einer Gesamtfl\u00e4che von rund 1.200 Hektar entstanden. Im Stadtwald Hann. M\u00fcnden \u2013 mit rund 2.700 Hektar der zweitgr\u00f6\u00dfte Kommunalwald in Niedersachsen \u2013 sind rund 700 Hektar baumfrei und weitere Fl\u00e4chen aller Baumarten sehr stark gesch\u00e4digt. Ministerin Otte-Kinast: \u201eDie Bilder sind erschreckend. Es wird Jahrzehnte dauern, bis sich die W\u00e4lder wieder erholt haben.\u201c F\u00fcr die Kommunen sei die Situation ausgesprochen schwierig, da deren Forstbetriebe \u2013 vormals h\u00e4ufig Gewinn erzielend \u2013 nun eine zus\u00e4tzliche Belastung f\u00fcr die kommunalen Kassen sind. Die Ministerin: \u201eDeshalb hilft das Land mit zielgerichteten F\u00f6rderm\u00f6glichkeiten. Es stimmt mich optimistisch, dass in dieser schwierigen Situation alle die \u00c4rmel hochkrempeln, um gemeinsam die besch\u00e4digten Fl\u00e4chen wieder aufzuforsten.\u201c<br \/>\nDie forstliche F\u00f6rderung des Landes erfolgt vor allem \u00fcber die Gemeinschaftsaufgabe \u201eVerbesserung der Agrarstruktur und des K\u00fcstenschutzes\u201c (GAK). Besitzarten\u00fcbergreifend stehen f\u00fcr die forstliche F\u00f6rderung in Niedersachsen in diesem Jahr rund 32 Millionen Euro zur Verf\u00fcgung. Das entspricht einer Erh\u00f6hung um zirka 20 Millionen Euro gegen\u00fcber den Vorjahren. So f\u00f6rdert die Waldbau-Richtlinie Waldumbau, Erstaufforstung, Wegebau und Holzlagerpl\u00e4tze. Der F\u00f6rdersatz betr\u00e4gt bis zu 80 Prozent der Kosten. Au\u00dferdem bietet das Land seit 2019 eine \u201eExtremwetterfolgen-Richtlinie\u201c an, die neben dem Waldschutz, der Wiederaufforstung und Holzlagerpl\u00e4tzen auch die zugeh\u00f6rige forstfachliche Leitung und Koordination von F\u00f6rdervorhaben durch den betreuenden F\u00f6rster oder Dienstleister beinhaltet. Der F\u00f6rdersatz betr\u00e4gt hier sogar bis zu 90 Prozent der Kosten.<br \/>\nDie F\u00f6rdermittel werden seitens der betroffenen Waldbesitzer sehr stark nachgefragt. Osterode und Hann. M\u00fcnden haben seit Beginn der Extremwetterereignisse F\u00f6rdermittel in H\u00f6he von insgesamt 1,35 Millionen Euro beantragt. Beide Gemeinden haben mit den Wiederaufforstungen begonnen, so dass ein Teil bereits ausgezahlt wurde. Die tats\u00e4chliche Auszahlung h\u00e4ngt vom weiteren Schadensgeschehen ab. Im gesamten Nichtstaatswald wurden allein im Jahr 2020 bereits 43,5 Millionen Euro beantragt. Bisher sind 31,8 Millionen Euro bewilligt worden. Die Abrechnung und Auszahlung der F\u00f6rderma\u00dfnahmen nimmt jetzt besonders Fahrt auf, da die Waldschutz-Ma\u00dfnahmen \u2013 wie zum Beispiel die Aufarbeitungshilfe beim Nadelholz \u2013 zusehends abgeschlossen werden. Die Wiederaufforstung der entstandenen Freifl\u00e4chen bildet vom vierten Quartal bis ins Fr\u00fchjahr 2021 den Schwerpunkt der F\u00f6rderma\u00dfnahmen.<br \/>\nDie Schadensmenge durch die Extremwetterereignisse betr\u00e4gt im Kommunalwald 2017 bis 2019 insgesamt rund 500.000 Festmeter, f\u00fcr 2020 werden voraussichtlich noch einmal 250.000 Festmeter schadensmenge erwartet.<\/p>\n<p>&nbsp;<\/p>\n<p>&nbsp;<\/p>\n<p>Foto:\u00a0Frau Ministerin Otte-Kinast tr\u00e4gt sich in das Goldene Buch der Stadt Hann. M\u00fcnden ein.<br \/>\nPressestelle J. Bytom<\/p>\n","protected":false},"excerpt":{"rendered":"<p>Revierleiterin Annika Meier und Betriebsleiterin Susanne Gohde haben beim Besuch von Ministerin Barbara Otte-Kinast die Gelegenheit genutzt, um die Notwendigkeit weiterer sowie den Einsatz bereits erhaltener F\u00f6rdermittel zu zeigen. Im Revier Hedem\u00fcnden war zu sehen, dass zus\u00e4tzlich zum Fichtensterben durch den Borkenk\u00e4fer, nun auch noch die Buchen absterben. Annika Meier: \u201eW\u00e4hrend die Waldbesitzer noch hinter [&hellip;]<\/p>\n","protected":false},"author":1,"featured_media":1652,"comment_status":"closed","ping_status":"closed","sticky":false,"template":"","format":"standard","meta":{"saved_in_kubio":false,"footnotes":""},"categories":[1],"tags":[],"class_list":["post-1651","post","type-post","status-publish","format-standard","has-post-thumbnail","hentry","category-allgemein"],"yoast_head":"<!-- This site is optimized with the Yoast SEO plugin v27.5 - https:\/\/yoast.com\/product\/yoast-seo-wordpress\/ -->\n<title>Ministerin Otte-Kinast zu Besuch im Kommunalwald in Osterode und Hann. M\u00fcnden - Radio Leinewelle<\/title>\n<meta name=\"robots\" content=\"index, follow, max-snippet:-1, max-image-preview:large, max-video-preview:-1\" \/>\n<link rel=\"canonical\" href=\"https:\/\/radioleinewelle.de\/index.php\/2020\/09\/15\/ministerin-otte-kinast-zu-besuch-im-kommunalwald-in-osterode-und-hann-muenden\/\" \/>\n<meta property=\"og:locale\" content=\"de_DE\" \/>\n<meta property=\"og:type\" content=\"article\" \/>\n<meta property=\"og:title\" content=\"Ministerin Otte-Kinast zu Besuch im Kommunalwald in Osterode und Hann. M\u00fcnden - Radio Leinewelle\" \/>\n<meta property=\"og:description\" content=\"Revierleiterin Annika Meier und Betriebsleiterin Susanne Gohde haben beim Besuch von Ministerin Barbara Otte-Kinast die Gelegenheit genutzt, um die Notwendigkeit weiterer sowie den Einsatz bereits erhaltener F\u00f6rdermittel zu zeigen. Im Revier Hedem\u00fcnden war zu sehen, dass zus\u00e4tzlich zum Fichtensterben durch den Borkenk\u00e4fer, nun auch noch die Buchen absterben. Annika Meier: \u201eW\u00e4hrend die Waldbesitzer noch hinter [&hellip;]\" \/>\n<meta property=\"og:url\" content=\"https:\/\/radioleinewelle.de\/index.php\/2020\/09\/15\/ministerin-otte-kinast-zu-besuch-im-kommunalwald-in-osterode-und-hann-muenden\/\" \/>\n<meta property=\"og:site_name\" content=\"Radio Leinewelle\" \/>\n<meta property=\"article:publisher\" content=\"https:\/\/www.facebook.com\/radioleinewelle\" \/>\n<meta property=\"article:author\" content=\"https:\/\/www.facebook.com\/radioleinewelle\" \/>\n<meta property=\"article:published_time\" content=\"2020-09-15T03:35:03+00:00\" \/>\n<meta property=\"og:image\" content=\"https:\/\/radioleinewelle.de\/wp-content\/uploads\/2020\/09\/3043_3051_1_g-e1600120460329.jpg\" \/>\n\t<meta property=\"og:image:width\" content=\"600\" \/>\n\t<meta property=\"og:image:height\" content=\"416\" \/>\n\t<meta property=\"og:image:type\" content=\"image\/jpeg\" \/>\n<meta name=\"author\" content=\"Leinewelle\" \/>\n<meta name=\"twitter:card\" content=\"summary_large_image\" \/>\n<meta name=\"twitter:creator\" content=\"@https:\/\/twitter.com\/RLeinewelle?ref_src=twsrcgoogletwcampserptwgrauthor\" \/>\n<meta name=\"twitter:site\" content=\"@RLeinewelle\" \/>\n<meta name=\"twitter:label1\" content=\"Verfasst von\" \/>\n\t<meta name=\"twitter:data1\" content=\"Leinewelle\" \/>\n\t<meta name=\"twitter:label2\" content=\"Gesch\u00e4tzte Lesezeit\" \/>\n\t<meta name=\"twitter:data2\" content=\"3\u00a0Minuten\" \/>\n<script type=\"application\/ld+json\" class=\"yoast-schema-graph\">{\"@context\":\"https:\\\/\\\/schema.org\",\"@graph\":[{\"@type\":\"Article\",\"@id\":\"https:\\\/\\\/radioleinewelle.de\\\/index.php\\\/2020\\\/09\\\/15\\\/ministerin-otte-kinast-zu-besuch-im-kommunalwald-in-osterode-und-hann-muenden\\\/#article\",\"isPartOf\":{\"@id\":\"https:\\\/\\\/radioleinewelle.de\\\/index.php\\\/2020\\\/09\\\/15\\\/ministerin-otte-kinast-zu-besuch-im-kommunalwald-in-osterode-und-hann-muenden\\\/\"},\"author\":{\"name\":\"Leinewelle\",\"@id\":\"https:\\\/\\\/radioleinewelle.de\\\/#\\\/schema\\\/person\\\/45606f348637df637192dc1b68399a63\"},\"headline\":\"Ministerin Otte-Kinast zu Besuch im Kommunalwald in Osterode und Hann. M\u00fcnden\",\"datePublished\":\"2020-09-15T03:35:03+00:00\",\"mainEntityOfPage\":{\"@id\":\"https:\\\/\\\/radioleinewelle.de\\\/index.php\\\/2020\\\/09\\\/15\\\/ministerin-otte-kinast-zu-besuch-im-kommunalwald-in-osterode-und-hann-muenden\\\/\"},\"wordCount\":661,\"publisher\":{\"@id\":\"https:\\\/\\\/radioleinewelle.de\\\/#organization\"},\"image\":{\"@id\":\"https:\\\/\\\/radioleinewelle.de\\\/index.php\\\/2020\\\/09\\\/15\\\/ministerin-otte-kinast-zu-besuch-im-kommunalwald-in-osterode-und-hann-muenden\\\/#primaryimage\"},\"thumbnailUrl\":\"https:\\\/\\\/radioleinewelle.de\\\/wp-content\\\/uploads\\\/2020\\\/09\\\/3043_3051_1_g-e1600120460329.jpg\",\"inLanguage\":\"de\"},{\"@type\":\"WebPage\",\"@id\":\"https:\\\/\\\/radioleinewelle.de\\\/index.php\\\/2020\\\/09\\\/15\\\/ministerin-otte-kinast-zu-besuch-im-kommunalwald-in-osterode-und-hann-muenden\\\/\",\"url\":\"https:\\\/\\\/radioleinewelle.de\\\/index.php\\\/2020\\\/09\\\/15\\\/ministerin-otte-kinast-zu-besuch-im-kommunalwald-in-osterode-und-hann-muenden\\\/\",\"name\":\"Ministerin Otte-Kinast zu Besuch im Kommunalwald in Osterode und Hann. M\u00fcnden - Radio Leinewelle\",\"isPartOf\":{\"@id\":\"https:\\\/\\\/radioleinewelle.de\\\/#website\"},\"primaryImageOfPage\":{\"@id\":\"https:\\\/\\\/radioleinewelle.de\\\/index.php\\\/2020\\\/09\\\/15\\\/ministerin-otte-kinast-zu-besuch-im-kommunalwald-in-osterode-und-hann-muenden\\\/#primaryimage\"},\"image\":{\"@id\":\"https:\\\/\\\/radioleinewelle.de\\\/index.php\\\/2020\\\/09\\\/15\\\/ministerin-otte-kinast-zu-besuch-im-kommunalwald-in-osterode-und-hann-muenden\\\/#primaryimage\"},\"thumbnailUrl\":\"https:\\\/\\\/radioleinewelle.de\\\/wp-content\\\/uploads\\\/2020\\\/09\\\/3043_3051_1_g-e1600120460329.jpg\",\"datePublished\":\"2020-09-15T03:35:03+00:00\",\"breadcrumb\":{\"@id\":\"https:\\\/\\\/radioleinewelle.de\\\/index.php\\\/2020\\\/09\\\/15\\\/ministerin-otte-kinast-zu-besuch-im-kommunalwald-in-osterode-und-hann-muenden\\\/#breadcrumb\"},\"inLanguage\":\"de\",\"potentialAction\":[{\"@type\":\"ReadAction\",\"target\":[\"https:\\\/\\\/radioleinewelle.de\\\/index.php\\\/2020\\\/09\\\/15\\\/ministerin-otte-kinast-zu-besuch-im-kommunalwald-in-osterode-und-hann-muenden\\\/\"]}]},{\"@type\":\"ImageObject\",\"inLanguage\":\"de\",\"@id\":\"https:\\\/\\\/radioleinewelle.de\\\/index.php\\\/2020\\\/09\\\/15\\\/ministerin-otte-kinast-zu-besuch-im-kommunalwald-in-osterode-und-hann-muenden\\\/#primaryimage\",\"url\":\"https:\\\/\\\/radioleinewelle.de\\\/wp-content\\\/uploads\\\/2020\\\/09\\\/3043_3051_1_g-e1600120460329.jpg\",\"contentUrl\":\"https:\\\/\\\/radioleinewelle.de\\\/wp-content\\\/uploads\\\/2020\\\/09\\\/3043_3051_1_g-e1600120460329.jpg\",\"width\":600,\"height\":416},{\"@type\":\"BreadcrumbList\",\"@id\":\"https:\\\/\\\/radioleinewelle.de\\\/index.php\\\/2020\\\/09\\\/15\\\/ministerin-otte-kinast-zu-besuch-im-kommunalwald-in-osterode-und-hann-muenden\\\/#breadcrumb\",\"itemListElement\":[{\"@type\":\"ListItem\",\"position\":1,\"name\":\"Startseite\",\"item\":\"https:\\\/\\\/radioleinewelle.de\\\/\"},{\"@type\":\"ListItem\",\"position\":2,\"name\":\"Ministerin Otte-Kinast zu Besuch im Kommunalwald in Osterode und Hann. M\u00fcnden\"}]},{\"@type\":\"WebSite\",\"@id\":\"https:\\\/\\\/radioleinewelle.de\\\/#website\",\"url\":\"https:\\\/\\\/radioleinewelle.de\\\/\",\"name\":\"Radio Leinewelle\",\"description\":\"\",\"publisher\":{\"@id\":\"https:\\\/\\\/radioleinewelle.de\\\/#organization\"},\"potentialAction\":[{\"@type\":\"SearchAction\",\"target\":{\"@type\":\"EntryPoint\",\"urlTemplate\":\"https:\\\/\\\/radioleinewelle.de\\\/?s={search_term_string}\"},\"query-input\":{\"@type\":\"PropertyValueSpecification\",\"valueRequired\":true,\"valueName\":\"search_term_string\"}}],\"inLanguage\":\"de\"},{\"@type\":\"Organization\",\"@id\":\"https:\\\/\\\/radioleinewelle.de\\\/#organization\",\"name\":\"Radio Leinewelle\",\"alternateName\":\"Mein Radio f\u00fcr S\u00fcdniedersachsen\",\"url\":\"https:\\\/\\\/radioleinewelle.de\\\/\",\"logo\":{\"@type\":\"ImageObject\",\"inLanguage\":\"de\",\"@id\":\"https:\\\/\\\/radioleinewelle.de\\\/#\\\/schema\\\/logo\\\/image\\\/\",\"url\":\"https:\\\/\\\/radioleinewelle.de\\\/wp-content\\\/uploads\\\/2023\\\/11\\\/cropped-Leinewelle_Logo_weiss.png\",\"contentUrl\":\"https:\\\/\\\/radioleinewelle.de\\\/wp-content\\\/uploads\\\/2023\\\/11\\\/cropped-Leinewelle_Logo_weiss.png\",\"width\":854,\"height\":260,\"caption\":\"Radio Leinewelle\"},\"image\":{\"@id\":\"https:\\\/\\\/radioleinewelle.de\\\/#\\\/schema\\\/logo\\\/image\\\/\"},\"sameAs\":[\"https:\\\/\\\/www.facebook.com\\\/radioleinewelle\",\"https:\\\/\\\/x.com\\\/RLeinewelle\",\"https:\\\/\\\/www.instagram.com\\\/radioleinewelle\\\/?hl=de\"]},{\"@type\":\"Person\",\"@id\":\"https:\\\/\\\/radioleinewelle.de\\\/#\\\/schema\\\/person\\\/45606f348637df637192dc1b68399a63\",\"name\":\"Leinewelle\",\"image\":{\"@type\":\"ImageObject\",\"inLanguage\":\"de\",\"@id\":\"https:\\\/\\\/secure.gravatar.com\\\/avatar\\\/05c9a17bc973052ee5d91549bd32fb4dd0dc85b7b85ae94b2e2b4943476bbea5?s=96&d=blank&r=g\",\"url\":\"https:\\\/\\\/secure.gravatar.com\\\/avatar\\\/05c9a17bc973052ee5d91549bd32fb4dd0dc85b7b85ae94b2e2b4943476bbea5?s=96&d=blank&r=g\",\"contentUrl\":\"https:\\\/\\\/secure.gravatar.com\\\/avatar\\\/05c9a17bc973052ee5d91549bd32fb4dd0dc85b7b85ae94b2e2b4943476bbea5?s=96&d=blank&r=g\",\"caption\":\"Leinewelle\"},\"sameAs\":[\"http:\\\/\\\/localhost\\\/radio%20leinewelle\\\/wordpress\",\"https:\\\/\\\/www.facebook.com\\\/radioleinewelle\",\"https:\\\/\\\/www.instagram.com\\\/radioleinewelle\",\"https:\\\/\\\/x.com\\\/https:\\\/\\\/twitter.com\\\/RLeinewelle?ref_src=twsrcgoogletwcampserptwgrauthor\",\"https:\\\/\\\/soundcloud.com\\\/foerderverein-lokalradio?utm_source=clipboard&utm_medium=text&utm_campaign=social_sharing\"],\"url\":\"https:\\\/\\\/radioleinewelle.de\\\/index.php\\\/author\\\/leinewelle\\\/\"}]}<\/script>\n<!-- \/ Yoast SEO plugin. -->","yoast_head_json":{"title":"Ministerin Otte-Kinast zu Besuch im Kommunalwald in Osterode und Hann. M\u00fcnden - Radio Leinewelle","robots":{"index":"index","follow":"follow","max-snippet":"max-snippet:-1","max-image-preview":"max-image-preview:large","max-video-preview":"max-video-preview:-1"},"canonical":"https:\/\/radioleinewelle.de\/index.php\/2020\/09\/15\/ministerin-otte-kinast-zu-besuch-im-kommunalwald-in-osterode-und-hann-muenden\/","og_locale":"de_DE","og_type":"article","og_title":"Ministerin Otte-Kinast zu Besuch im Kommunalwald in Osterode und Hann. M\u00fcnden - Radio Leinewelle","og_description":"Revierleiterin Annika Meier und Betriebsleiterin Susanne Gohde haben beim Besuch von Ministerin Barbara Otte-Kinast die Gelegenheit genutzt, um die Notwendigkeit weiterer sowie den Einsatz bereits erhaltener F\u00f6rdermittel zu zeigen. Im Revier Hedem\u00fcnden war zu sehen, dass zus\u00e4tzlich zum Fichtensterben durch den Borkenk\u00e4fer, nun auch noch die Buchen absterben. Annika Meier: \u201eW\u00e4hrend die Waldbesitzer noch hinter [&hellip;]","og_url":"https:\/\/radioleinewelle.de\/index.php\/2020\/09\/15\/ministerin-otte-kinast-zu-besuch-im-kommunalwald-in-osterode-und-hann-muenden\/","og_site_name":"Radio Leinewelle","article_publisher":"https:\/\/www.facebook.com\/radioleinewelle","article_author":"https:\/\/www.facebook.com\/radioleinewelle","article_published_time":"2020-09-15T03:35:03+00:00","og_image":[{"width":600,"height":416,"url":"https:\/\/radioleinewelle.de\/wp-content\/uploads\/2020\/09\/3043_3051_1_g-e1600120460329.jpg","type":"image\/jpeg"}],"author":"Leinewelle","twitter_card":"summary_large_image","twitter_creator":"@https:\/\/twitter.com\/RLeinewelle?ref_src=twsrcgoogletwcampserptwgrauthor","twitter_site":"@RLeinewelle","twitter_misc":{"Verfasst von":"Leinewelle","Gesch\u00e4tzte Lesezeit":"3\u00a0Minuten"},"schema":{"@context":"https:\/\/schema.org","@graph":[{"@type":"Article","@id":"https:\/\/radioleinewelle.de\/index.php\/2020\/09\/15\/ministerin-otte-kinast-zu-besuch-im-kommunalwald-in-osterode-und-hann-muenden\/#article","isPartOf":{"@id":"https:\/\/radioleinewelle.de\/index.php\/2020\/09\/15\/ministerin-otte-kinast-zu-besuch-im-kommunalwald-in-osterode-und-hann-muenden\/"},"author":{"name":"Leinewelle","@id":"https:\/\/radioleinewelle.de\/#\/schema\/person\/45606f348637df637192dc1b68399a63"},"headline":"Ministerin Otte-Kinast zu Besuch im Kommunalwald in Osterode und Hann. M\u00fcnden","datePublished":"2020-09-15T03:35:03+00:00","mainEntityOfPage":{"@id":"https:\/\/radioleinewelle.de\/index.php\/2020\/09\/15\/ministerin-otte-kinast-zu-besuch-im-kommunalwald-in-osterode-und-hann-muenden\/"},"wordCount":661,"publisher":{"@id":"https:\/\/radioleinewelle.de\/#organization"},"image":{"@id":"https:\/\/radioleinewelle.de\/index.php\/2020\/09\/15\/ministerin-otte-kinast-zu-besuch-im-kommunalwald-in-osterode-und-hann-muenden\/#primaryimage"},"thumbnailUrl":"https:\/\/radioleinewelle.de\/wp-content\/uploads\/2020\/09\/3043_3051_1_g-e1600120460329.jpg","inLanguage":"de"},{"@type":"WebPage","@id":"https:\/\/radioleinewelle.de\/index.php\/2020\/09\/15\/ministerin-otte-kinast-zu-besuch-im-kommunalwald-in-osterode-und-hann-muenden\/","url":"https:\/\/radioleinewelle.de\/index.php\/2020\/09\/15\/ministerin-otte-kinast-zu-besuch-im-kommunalwald-in-osterode-und-hann-muenden\/","name":"Ministerin Otte-Kinast zu Besuch im Kommunalwald in Osterode und Hann. M\u00fcnden - Radio Leinewelle","isPartOf":{"@id":"https:\/\/radioleinewelle.de\/#website"},"primaryImageOfPage":{"@id":"https:\/\/radioleinewelle.de\/index.php\/2020\/09\/15\/ministerin-otte-kinast-zu-besuch-im-kommunalwald-in-osterode-und-hann-muenden\/#primaryimage"},"image":{"@id":"https:\/\/radioleinewelle.de\/index.php\/2020\/09\/15\/ministerin-otte-kinast-zu-besuch-im-kommunalwald-in-osterode-und-hann-muenden\/#primaryimage"},"thumbnailUrl":"https:\/\/radioleinewelle.de\/wp-content\/uploads\/2020\/09\/3043_3051_1_g-e1600120460329.jpg","datePublished":"2020-09-15T03:35:03+00:00","breadcrumb":{"@id":"https:\/\/radioleinewelle.de\/index.php\/2020\/09\/15\/ministerin-otte-kinast-zu-besuch-im-kommunalwald-in-osterode-und-hann-muenden\/#breadcrumb"},"inLanguage":"de","potentialAction":[{"@type":"ReadAction","target":["https:\/\/radioleinewelle.de\/index.php\/2020\/09\/15\/ministerin-otte-kinast-zu-besuch-im-kommunalwald-in-osterode-und-hann-muenden\/"]}]},{"@type":"ImageObject","inLanguage":"de","@id":"https:\/\/radioleinewelle.de\/index.php\/2020\/09\/15\/ministerin-otte-kinast-zu-besuch-im-kommunalwald-in-osterode-und-hann-muenden\/#primaryimage","url":"https:\/\/radioleinewelle.de\/wp-content\/uploads\/2020\/09\/3043_3051_1_g-e1600120460329.jpg","contentUrl":"https:\/\/radioleinewelle.de\/wp-content\/uploads\/2020\/09\/3043_3051_1_g-e1600120460329.jpg","width":600,"height":416},{"@type":"BreadcrumbList","@id":"https:\/\/radioleinewelle.de\/index.php\/2020\/09\/15\/ministerin-otte-kinast-zu-besuch-im-kommunalwald-in-osterode-und-hann-muenden\/#breadcrumb","itemListElement":[{"@type":"ListItem","position":1,"name":"Startseite","item":"https:\/\/radioleinewelle.de\/"},{"@type":"ListItem","position":2,"name":"Ministerin Otte-Kinast zu Besuch im Kommunalwald in Osterode und Hann. M\u00fcnden"}]},{"@type":"WebSite","@id":"https:\/\/radioleinewelle.de\/#website","url":"https:\/\/radioleinewelle.de\/","name":"Radio Leinewelle","description":"","publisher":{"@id":"https:\/\/radioleinewelle.de\/#organization"},"potentialAction":[{"@type":"SearchAction","target":{"@type":"EntryPoint","urlTemplate":"https:\/\/radioleinewelle.de\/?s={search_term_string}"},"query-input":{"@type":"PropertyValueSpecification","valueRequired":true,"valueName":"search_term_string"}}],"inLanguage":"de"},{"@type":"Organization","@id":"https:\/\/radioleinewelle.de\/#organization","name":"Radio Leinewelle","alternateName":"Mein Radio f\u00fcr S\u00fcdniedersachsen","url":"https:\/\/radioleinewelle.de\/","logo":{"@type":"ImageObject","inLanguage":"de","@id":"https:\/\/radioleinewelle.de\/#\/schema\/logo\/image\/","url":"https:\/\/radioleinewelle.de\/wp-content\/uploads\/2023\/11\/cropped-Leinewelle_Logo_weiss.png","contentUrl":"https:\/\/radioleinewelle.de\/wp-content\/uploads\/2023\/11\/cropped-Leinewelle_Logo_weiss.png","width":854,"height":260,"caption":"Radio Leinewelle"},"image":{"@id":"https:\/\/radioleinewelle.de\/#\/schema\/logo\/image\/"},"sameAs":["https:\/\/www.facebook.com\/radioleinewelle","https:\/\/x.com\/RLeinewelle","https:\/\/www.instagram.com\/radioleinewelle\/?hl=de"]},{"@type":"Person","@id":"https:\/\/radioleinewelle.de\/#\/schema\/person\/45606f348637df637192dc1b68399a63","name":"Leinewelle","image":{"@type":"ImageObject","inLanguage":"de","@id":"https:\/\/secure.gravatar.com\/avatar\/05c9a17bc973052ee5d91549bd32fb4dd0dc85b7b85ae94b2e2b4943476bbea5?s=96&d=blank&r=g","url":"https:\/\/secure.gravatar.com\/avatar\/05c9a17bc973052ee5d91549bd32fb4dd0dc85b7b85ae94b2e2b4943476bbea5?s=96&d=blank&r=g","contentUrl":"https:\/\/secure.gravatar.com\/avatar\/05c9a17bc973052ee5d91549bd32fb4dd0dc85b7b85ae94b2e2b4943476bbea5?s=96&d=blank&r=g","caption":"Leinewelle"},"sameAs":["http:\/\/localhost\/radio%20leinewelle\/wordpress","https:\/\/www.facebook.com\/radioleinewelle","https:\/\/www.instagram.com\/radioleinewelle","https:\/\/x.com\/https:\/\/twitter.com\/RLeinewelle?ref_src=twsrcgoogletwcampserptwgrauthor","https:\/\/soundcloud.com\/foerderverein-lokalradio?utm_source=clipboard&utm_medium=text&utm_campaign=social_sharing"],"url":"https:\/\/radioleinewelle.de\/index.php\/author\/leinewelle\/"}]}},"_links":{"self":[{"href":"https:\/\/radioleinewelle.de\/index.php\/wp-json\/wp\/v2\/posts\/1651","targetHints":{"allow":["GET"]}}],"collection":[{"href":"https:\/\/radioleinewelle.de\/index.php\/wp-json\/wp\/v2\/posts"}],"about":[{"href":"https:\/\/radioleinewelle.de\/index.php\/wp-json\/wp\/v2\/types\/post"}],"author":[{"embeddable":true,"href":"https:\/\/radioleinewelle.de\/index.php\/wp-json\/wp\/v2\/users\/1"}],"replies":[{"embeddable":true,"href":"https:\/\/radioleinewelle.de\/index.php\/wp-json\/wp\/v2\/comments?post=1651"}],"version-history":[{"count":0,"href":"https:\/\/radioleinewelle.de\/index.php\/wp-json\/wp\/v2\/posts\/1651\/revisions"}],"wp:featuredmedia":[{"embeddable":true,"href":"https:\/\/radioleinewelle.de\/index.php\/wp-json\/wp\/v2\/media\/1652"}],"wp:attachment":[{"href":"https:\/\/radioleinewelle.de\/index.php\/wp-json\/wp\/v2\/media?parent=1651"}],"wp:term":[{"taxonomy":"category","embeddable":true,"href":"https:\/\/radioleinewelle.de\/index.php\/wp-json\/wp\/v2\/categories?post=1651"},{"taxonomy":"post_tag","embeddable":true,"href":"https:\/\/radioleinewelle.de\/index.php\/wp-json\/wp\/v2\/tags?post=1651"}],"curies":[{"name":"wp","href":"https:\/\/api.w.org\/{rel}","templated":true}]}}