{"id":16570,"date":"2022-11-08T06:50:45","date_gmt":"2022-11-08T05:50:45","guid":{"rendered":"https:\/\/radioleinewelle.de\/?p=16570"},"modified":"2022-11-08T06:50:45","modified_gmt":"2022-11-08T05:50:45","slug":"vandalismus-in-bad-lauterberg","status":"publish","type":"post","link":"https:\/\/radioleinewelle.de\/index.php\/2022\/11\/08\/vandalismus-in-bad-lauterberg\/","title":{"rendered":"Vandalismus in Bad Lauterberg"},"content":{"rendered":"\n<p>Unbekannte haben in Bad Lauterberg (Landkreis G\u00f6ttingen) zwischen Sonntagmittag und Montagmorgen (24.10.22) im Bereich der Sebastian-Kneipp-Promenade und des angrenzenden Kurparks eine Vielzahl von Z\u00e4unen, B\u00e4nken sowie Pflanzenk\u00fcbel und M\u00fclleimer zum Teil erheblich besch\u00e4digt, aus den Verankerungen gerissen und in einen angrenzenden Teich geschmissen.<\/p>\n\n\n\n<p>Von den T\u00e4tern fehlt bislang jede Spur. Ein Angestellter der Stadtverwaltung bemerkte zahlreiche Besch\u00e4digungen und Vandalismusf\u00e4lle am Montagmorgen und informierte die Polizei.<\/p>\n\n\n\n<p>Im Rahmen der Ermittlungen wurde bekannt, dass auch die Zugangst\u00fcr und eine Seitenscheibe einer im Kurpark aufgestellten B\u00fccherzelle vollst\u00e4ndig eingeschlagen wurden. Hierbei handelt es sich um eine ehemalige Telefonzelle, welche von einem gemeinn\u00fctzigen Verein aus Bad Lauterberg unterhalten und als \u00f6ffentlich zug\u00e4ngliche B\u00fccherzelle verwendet wird. Im Innenraum wurde eine rot-wei\u00dfe Stra\u00dfenbake aufgefunden, welche augenscheinlich zum Einschlagen der Scheiben genutzt wurde.<\/p>\n\n\n\n<p>Fast zeitgleich erhielten die Beamten Kenntnis von einem besch\u00e4digten Pkw. Hierbei wurde durch Unbekannte ein parallel zum Kurpark ordnungsgem\u00e4\u00df geparkter Pkw Ford C- Max in der Sebastian-Kneipp-Promenade, in H\u00f6he Einm\u00fcndung zur Ahnstra\u00dfe, am linken Au\u00dfenspiegel mutwillig besch\u00e4digt. Auch hier entkamen die T\u00e4ter unerkannt.<\/p>\n\n\n\n<p>Angaben zum entstandenen Gesamtschaden liegen zurzeit noch nicht vor.<\/p>\n\n\n\n<p>Das Polizeikommissariat Bad Lauterberg hat die Ermittlungen aufgenommen und geht von einem Tatzusammenhang aus. Sachdienliche Hinweise von Anwohnern oder sonstigen Zeugen, die Angaben zum Tatgeschehen geben k\u00f6nnen, werden gebeten, sich unter Telefon 05524\/9630 zu melden.<\/p>\n","protected":false},"excerpt":{"rendered":"<p>Unbekannte haben in Bad Lauterberg (Landkreis G\u00f6ttingen) zwischen Sonntagmittag und Montagmorgen (24.10.22) im Bereich der Sebastian-Kneipp-Promenade und des angrenzenden Kurparks eine Vielzahl von Z\u00e4unen, B\u00e4nken sowie Pflanzenk\u00fcbel und M\u00fclleimer zum Teil erheblich besch\u00e4digt, aus den Verankerungen gerissen und in einen angrenzenden Teich geschmissen. Von den T\u00e4tern fehlt bislang jede Spur. Ein Angestellter der Stadtverwaltung bemerkte [&hellip;]<\/p>\n","protected":false},"author":1,"featured_media":0,"comment_status":"closed","ping_status":"closed","sticky":false,"template":"","format":"standard","meta":{"saved_in_kubio":false,"footnotes":""},"categories":[24],"tags":[595,3543,3544],"class_list":["post-16570","post","type-post","status-publish","format-standard","hentry","category-news","tag-bad-lauterberg","tag-kurpark-bad-lauterberg","tag-vandalismus"],"yoast_head":"<!-- This site is optimized with the Yoast SEO plugin v27.5 - https:\/\/yoast.com\/product\/yoast-seo-wordpress\/ -->\n<title>Vandalismus in Bad Lauterberg - Radio Leinewelle<\/title>\n<meta name=\"robots\" content=\"index, follow, max-snippet:-1, max-image-preview:large, max-video-preview:-1\" \/>\n<link rel=\"canonical\" href=\"https:\/\/radioleinewelle.de\/index.php\/2022\/11\/08\/vandalismus-in-bad-lauterberg\/\" \/>\n<meta property=\"og:locale\" content=\"de_DE\" \/>\n<meta property=\"og:type\" content=\"article\" \/>\n<meta property=\"og:title\" content=\"Vandalismus in Bad Lauterberg - Radio Leinewelle\" \/>\n<meta property=\"og:description\" content=\"Unbekannte haben in Bad Lauterberg (Landkreis G\u00f6ttingen) zwischen Sonntagmittag und Montagmorgen (24.10.22) im Bereich der Sebastian-Kneipp-Promenade und des angrenzenden Kurparks eine Vielzahl von Z\u00e4unen, B\u00e4nken sowie Pflanzenk\u00fcbel und M\u00fclleimer zum Teil erheblich besch\u00e4digt, aus den Verankerungen gerissen und in einen angrenzenden Teich geschmissen. Von den T\u00e4tern fehlt bislang jede Spur. Ein Angestellter der Stadtverwaltung bemerkte [&hellip;]\" \/>\n<meta property=\"og:url\" content=\"https:\/\/radioleinewelle.de\/index.php\/2022\/11\/08\/vandalismus-in-bad-lauterberg\/\" \/>\n<meta property=\"og:site_name\" content=\"Radio Leinewelle\" \/>\n<meta property=\"article:publisher\" content=\"https:\/\/www.facebook.com\/radioleinewelle\" \/>\n<meta property=\"article:author\" content=\"https:\/\/www.facebook.com\/radioleinewelle\" \/>\n<meta property=\"article:published_time\" content=\"2022-11-08T05:50:45+00:00\" \/>\n<meta name=\"author\" content=\"Leinewelle\" \/>\n<meta name=\"twitter:card\" content=\"summary_large_image\" \/>\n<meta name=\"twitter:creator\" content=\"@https:\/\/twitter.com\/RLeinewelle?ref_src=twsrcgoogletwcampserptwgrauthor\" \/>\n<meta name=\"twitter:site\" content=\"@RLeinewelle\" \/>\n<meta name=\"twitter:label1\" content=\"Verfasst von\" \/>\n\t<meta name=\"twitter:data1\" content=\"Leinewelle\" \/>\n<script type=\"application\/ld+json\" class=\"yoast-schema-graph\">{\"@context\":\"https:\\\/\\\/schema.org\",\"@graph\":[{\"@type\":\"Article\",\"@id\":\"https:\\\/\\\/radioleinewelle.de\\\/index.php\\\/2022\\\/11\\\/08\\\/vandalismus-in-bad-lauterberg\\\/#article\",\"isPartOf\":{\"@id\":\"https:\\\/\\\/radioleinewelle.de\\\/index.php\\\/2022\\\/11\\\/08\\\/vandalismus-in-bad-lauterberg\\\/\"},\"author\":{\"name\":\"Leinewelle\",\"@id\":\"https:\\\/\\\/radioleinewelle.de\\\/#\\\/schema\\\/person\\\/45606f348637df637192dc1b68399a63\"},\"headline\":\"Vandalismus in Bad Lauterberg\",\"datePublished\":\"2022-11-08T05:50:45+00:00\",\"mainEntityOfPage\":{\"@id\":\"https:\\\/\\\/radioleinewelle.de\\\/index.php\\\/2022\\\/11\\\/08\\\/vandalismus-in-bad-lauterberg\\\/\"},\"wordCount\":239,\"publisher\":{\"@id\":\"https:\\\/\\\/radioleinewelle.de\\\/#organization\"},\"keywords\":[\"Bad Lauterberg\",\"Kurpark Bad Lauterberg\",\"Vandalismus\"],\"articleSection\":[\"Aktuelle Nachrichten\"],\"inLanguage\":\"de\"},{\"@type\":\"WebPage\",\"@id\":\"https:\\\/\\\/radioleinewelle.de\\\/index.php\\\/2022\\\/11\\\/08\\\/vandalismus-in-bad-lauterberg\\\/\",\"url\":\"https:\\\/\\\/radioleinewelle.de\\\/index.php\\\/2022\\\/11\\\/08\\\/vandalismus-in-bad-lauterberg\\\/\",\"name\":\"Vandalismus in Bad Lauterberg - Radio Leinewelle\",\"isPartOf\":{\"@id\":\"https:\\\/\\\/radioleinewelle.de\\\/#website\"},\"datePublished\":\"2022-11-08T05:50:45+00:00\",\"breadcrumb\":{\"@id\":\"https:\\\/\\\/radioleinewelle.de\\\/index.php\\\/2022\\\/11\\\/08\\\/vandalismus-in-bad-lauterberg\\\/#breadcrumb\"},\"inLanguage\":\"de\",\"potentialAction\":[{\"@type\":\"ReadAction\",\"target\":[\"https:\\\/\\\/radioleinewelle.de\\\/index.php\\\/2022\\\/11\\\/08\\\/vandalismus-in-bad-lauterberg\\\/\"]}]},{\"@type\":\"BreadcrumbList\",\"@id\":\"https:\\\/\\\/radioleinewelle.de\\\/index.php\\\/2022\\\/11\\\/08\\\/vandalismus-in-bad-lauterberg\\\/#breadcrumb\",\"itemListElement\":[{\"@type\":\"ListItem\",\"position\":1,\"name\":\"Startseite\",\"item\":\"https:\\\/\\\/radioleinewelle.de\\\/\"},{\"@type\":\"ListItem\",\"position\":2,\"name\":\"Vandalismus in Bad Lauterberg\"}]},{\"@type\":\"WebSite\",\"@id\":\"https:\\\/\\\/radioleinewelle.de\\\/#website\",\"url\":\"https:\\\/\\\/radioleinewelle.de\\\/\",\"name\":\"Radio Leinewelle\",\"description\":\"\",\"publisher\":{\"@id\":\"https:\\\/\\\/radioleinewelle.de\\\/#organization\"},\"potentialAction\":[{\"@type\":\"SearchAction\",\"target\":{\"@type\":\"EntryPoint\",\"urlTemplate\":\"https:\\\/\\\/radioleinewelle.de\\\/?s={search_term_string}\"},\"query-input\":{\"@type\":\"PropertyValueSpecification\",\"valueRequired\":true,\"valueName\":\"search_term_string\"}}],\"inLanguage\":\"de\"},{\"@type\":\"Organization\",\"@id\":\"https:\\\/\\\/radioleinewelle.de\\\/#organization\",\"name\":\"Radio Leinewelle\",\"alternateName\":\"Mein Radio f\u00fcr S\u00fcdniedersachsen\",\"url\":\"https:\\\/\\\/radioleinewelle.de\\\/\",\"logo\":{\"@type\":\"ImageObject\",\"inLanguage\":\"de\",\"@id\":\"https:\\\/\\\/radioleinewelle.de\\\/#\\\/schema\\\/logo\\\/image\\\/\",\"url\":\"https:\\\/\\\/radioleinewelle.de\\\/wp-content\\\/uploads\\\/2023\\\/11\\\/cropped-Leinewelle_Logo_weiss.png\",\"contentUrl\":\"https:\\\/\\\/radioleinewelle.de\\\/wp-content\\\/uploads\\\/2023\\\/11\\\/cropped-Leinewelle_Logo_weiss.png\",\"width\":854,\"height\":260,\"caption\":\"Radio Leinewelle\"},\"image\":{\"@id\":\"https:\\\/\\\/radioleinewelle.de\\\/#\\\/schema\\\/logo\\\/image\\\/\"},\"sameAs\":[\"https:\\\/\\\/www.facebook.com\\\/radioleinewelle\",\"https:\\\/\\\/x.com\\\/RLeinewelle\",\"https:\\\/\\\/www.instagram.com\\\/radioleinewelle\\\/?hl=de\"]},{\"@type\":\"Person\",\"@id\":\"https:\\\/\\\/radioleinewelle.de\\\/#\\\/schema\\\/person\\\/45606f348637df637192dc1b68399a63\",\"name\":\"Leinewelle\",\"image\":{\"@type\":\"ImageObject\",\"inLanguage\":\"de\",\"@id\":\"https:\\\/\\\/secure.gravatar.com\\\/avatar\\\/05c9a17bc973052ee5d91549bd32fb4dd0dc85b7b85ae94b2e2b4943476bbea5?s=96&d=blank&r=g\",\"url\":\"https:\\\/\\\/secure.gravatar.com\\\/avatar\\\/05c9a17bc973052ee5d91549bd32fb4dd0dc85b7b85ae94b2e2b4943476bbea5?s=96&d=blank&r=g\",\"contentUrl\":\"https:\\\/\\\/secure.gravatar.com\\\/avatar\\\/05c9a17bc973052ee5d91549bd32fb4dd0dc85b7b85ae94b2e2b4943476bbea5?s=96&d=blank&r=g\",\"caption\":\"Leinewelle\"},\"sameAs\":[\"http:\\\/\\\/localhost\\\/radio%20leinewelle\\\/wordpress\",\"https:\\\/\\\/www.facebook.com\\\/radioleinewelle\",\"https:\\\/\\\/www.instagram.com\\\/radioleinewelle\",\"https:\\\/\\\/x.com\\\/https:\\\/\\\/twitter.com\\\/RLeinewelle?ref_src=twsrcgoogletwcampserptwgrauthor\",\"https:\\\/\\\/soundcloud.com\\\/foerderverein-lokalradio?utm_source=clipboard&utm_medium=text&utm_campaign=social_sharing\"],\"url\":\"https:\\\/\\\/radioleinewelle.de\\\/index.php\\\/author\\\/leinewelle\\\/\"}]}<\/script>\n<!-- \/ Yoast SEO plugin. -->","yoast_head_json":{"title":"Vandalismus in Bad Lauterberg - Radio Leinewelle","robots":{"index":"index","follow":"follow","max-snippet":"max-snippet:-1","max-image-preview":"max-image-preview:large","max-video-preview":"max-video-preview:-1"},"canonical":"https:\/\/radioleinewelle.de\/index.php\/2022\/11\/08\/vandalismus-in-bad-lauterberg\/","og_locale":"de_DE","og_type":"article","og_title":"Vandalismus in Bad Lauterberg - Radio Leinewelle","og_description":"Unbekannte haben in Bad Lauterberg (Landkreis G\u00f6ttingen) zwischen Sonntagmittag und Montagmorgen (24.10.22) im Bereich der Sebastian-Kneipp-Promenade und des angrenzenden Kurparks eine Vielzahl von Z\u00e4unen, B\u00e4nken sowie Pflanzenk\u00fcbel und M\u00fclleimer zum Teil erheblich besch\u00e4digt, aus den Verankerungen gerissen und in einen angrenzenden Teich geschmissen. Von den T\u00e4tern fehlt bislang jede Spur. Ein Angestellter der Stadtverwaltung bemerkte [&hellip;]","og_url":"https:\/\/radioleinewelle.de\/index.php\/2022\/11\/08\/vandalismus-in-bad-lauterberg\/","og_site_name":"Radio Leinewelle","article_publisher":"https:\/\/www.facebook.com\/radioleinewelle","article_author":"https:\/\/www.facebook.com\/radioleinewelle","article_published_time":"2022-11-08T05:50:45+00:00","author":"Leinewelle","twitter_card":"summary_large_image","twitter_creator":"@https:\/\/twitter.com\/RLeinewelle?ref_src=twsrcgoogletwcampserptwgrauthor","twitter_site":"@RLeinewelle","twitter_misc":{"Verfasst von":"Leinewelle"},"schema":{"@context":"https:\/\/schema.org","@graph":[{"@type":"Article","@id":"https:\/\/radioleinewelle.de\/index.php\/2022\/11\/08\/vandalismus-in-bad-lauterberg\/#article","isPartOf":{"@id":"https:\/\/radioleinewelle.de\/index.php\/2022\/11\/08\/vandalismus-in-bad-lauterberg\/"},"author":{"name":"Leinewelle","@id":"https:\/\/radioleinewelle.de\/#\/schema\/person\/45606f348637df637192dc1b68399a63"},"headline":"Vandalismus in Bad Lauterberg","datePublished":"2022-11-08T05:50:45+00:00","mainEntityOfPage":{"@id":"https:\/\/radioleinewelle.de\/index.php\/2022\/11\/08\/vandalismus-in-bad-lauterberg\/"},"wordCount":239,"publisher":{"@id":"https:\/\/radioleinewelle.de\/#organization"},"keywords":["Bad Lauterberg","Kurpark Bad Lauterberg","Vandalismus"],"articleSection":["Aktuelle Nachrichten"],"inLanguage":"de"},{"@type":"WebPage","@id":"https:\/\/radioleinewelle.de\/index.php\/2022\/11\/08\/vandalismus-in-bad-lauterberg\/","url":"https:\/\/radioleinewelle.de\/index.php\/2022\/11\/08\/vandalismus-in-bad-lauterberg\/","name":"Vandalismus in Bad Lauterberg - Radio Leinewelle","isPartOf":{"@id":"https:\/\/radioleinewelle.de\/#website"},"datePublished":"2022-11-08T05:50:45+00:00","breadcrumb":{"@id":"https:\/\/radioleinewelle.de\/index.php\/2022\/11\/08\/vandalismus-in-bad-lauterberg\/#breadcrumb"},"inLanguage":"de","potentialAction":[{"@type":"ReadAction","target":["https:\/\/radioleinewelle.de\/index.php\/2022\/11\/08\/vandalismus-in-bad-lauterberg\/"]}]},{"@type":"BreadcrumbList","@id":"https:\/\/radioleinewelle.de\/index.php\/2022\/11\/08\/vandalismus-in-bad-lauterberg\/#breadcrumb","itemListElement":[{"@type":"ListItem","position":1,"name":"Startseite","item":"https:\/\/radioleinewelle.de\/"},{"@type":"ListItem","position":2,"name":"Vandalismus in Bad Lauterberg"}]},{"@type":"WebSite","@id":"https:\/\/radioleinewelle.de\/#website","url":"https:\/\/radioleinewelle.de\/","name":"Radio Leinewelle","description":"","publisher":{"@id":"https:\/\/radioleinewelle.de\/#organization"},"potentialAction":[{"@type":"SearchAction","target":{"@type":"EntryPoint","urlTemplate":"https:\/\/radioleinewelle.de\/?s={search_term_string}"},"query-input":{"@type":"PropertyValueSpecification","valueRequired":true,"valueName":"search_term_string"}}],"inLanguage":"de"},{"@type":"Organization","@id":"https:\/\/radioleinewelle.de\/#organization","name":"Radio Leinewelle","alternateName":"Mein Radio f\u00fcr S\u00fcdniedersachsen","url":"https:\/\/radioleinewelle.de\/","logo":{"@type":"ImageObject","inLanguage":"de","@id":"https:\/\/radioleinewelle.de\/#\/schema\/logo\/image\/","url":"https:\/\/radioleinewelle.de\/wp-content\/uploads\/2023\/11\/cropped-Leinewelle_Logo_weiss.png","contentUrl":"https:\/\/radioleinewelle.de\/wp-content\/uploads\/2023\/11\/cropped-Leinewelle_Logo_weiss.png","width":854,"height":260,"caption":"Radio Leinewelle"},"image":{"@id":"https:\/\/radioleinewelle.de\/#\/schema\/logo\/image\/"},"sameAs":["https:\/\/www.facebook.com\/radioleinewelle","https:\/\/x.com\/RLeinewelle","https:\/\/www.instagram.com\/radioleinewelle\/?hl=de"]},{"@type":"Person","@id":"https:\/\/radioleinewelle.de\/#\/schema\/person\/45606f348637df637192dc1b68399a63","name":"Leinewelle","image":{"@type":"ImageObject","inLanguage":"de","@id":"https:\/\/secure.gravatar.com\/avatar\/05c9a17bc973052ee5d91549bd32fb4dd0dc85b7b85ae94b2e2b4943476bbea5?s=96&d=blank&r=g","url":"https:\/\/secure.gravatar.com\/avatar\/05c9a17bc973052ee5d91549bd32fb4dd0dc85b7b85ae94b2e2b4943476bbea5?s=96&d=blank&r=g","contentUrl":"https:\/\/secure.gravatar.com\/avatar\/05c9a17bc973052ee5d91549bd32fb4dd0dc85b7b85ae94b2e2b4943476bbea5?s=96&d=blank&r=g","caption":"Leinewelle"},"sameAs":["http:\/\/localhost\/radio%20leinewelle\/wordpress","https:\/\/www.facebook.com\/radioleinewelle","https:\/\/www.instagram.com\/radioleinewelle","https:\/\/x.com\/https:\/\/twitter.com\/RLeinewelle?ref_src=twsrcgoogletwcampserptwgrauthor","https:\/\/soundcloud.com\/foerderverein-lokalradio?utm_source=clipboard&utm_medium=text&utm_campaign=social_sharing"],"url":"https:\/\/radioleinewelle.de\/index.php\/author\/leinewelle\/"}]}},"_links":{"self":[{"href":"https:\/\/radioleinewelle.de\/index.php\/wp-json\/wp\/v2\/posts\/16570","targetHints":{"allow":["GET"]}}],"collection":[{"href":"https:\/\/radioleinewelle.de\/index.php\/wp-json\/wp\/v2\/posts"}],"about":[{"href":"https:\/\/radioleinewelle.de\/index.php\/wp-json\/wp\/v2\/types\/post"}],"author":[{"embeddable":true,"href":"https:\/\/radioleinewelle.de\/index.php\/wp-json\/wp\/v2\/users\/1"}],"replies":[{"embeddable":true,"href":"https:\/\/radioleinewelle.de\/index.php\/wp-json\/wp\/v2\/comments?post=16570"}],"version-history":[{"count":0,"href":"https:\/\/radioleinewelle.de\/index.php\/wp-json\/wp\/v2\/posts\/16570\/revisions"}],"wp:attachment":[{"href":"https:\/\/radioleinewelle.de\/index.php\/wp-json\/wp\/v2\/media?parent=16570"}],"wp:term":[{"taxonomy":"category","embeddable":true,"href":"https:\/\/radioleinewelle.de\/index.php\/wp-json\/wp\/v2\/categories?post=16570"},{"taxonomy":"post_tag","embeddable":true,"href":"https:\/\/radioleinewelle.de\/index.php\/wp-json\/wp\/v2\/tags?post=16570"}],"curies":[{"name":"wp","href":"https:\/\/api.w.org\/{rel}","templated":true}]}}