{"id":1660,"date":"2020-09-16T05:15:06","date_gmt":"2020-09-16T03:15:06","guid":{"rendered":"https:\/\/radioleinewelle.de\/?p=1660"},"modified":"2020-09-16T05:15:06","modified_gmt":"2020-09-16T03:15:06","slug":"stadtrundgang-auf-den-spuren-der-brueder-grimm","status":"publish","type":"post","link":"https:\/\/radioleinewelle.de\/index.php\/2020\/09\/16\/stadtrundgang-auf-den-spuren-der-brueder-grimm\/","title":{"rendered":"Stadtrundgang auf den Spuren der Br\u00fcder Grimm"},"content":{"rendered":"<p><span class=\"b\">Universit\u00e4tsstadt G\u00f6ttingen (tig). Die G\u00f6ttinger Arbeits- und Lebensstationen der ber\u00fchmten M\u00e4rchensammler Jacob und Wilhelm Grimm stehen im Mittelpunkt einer thematischen Stadtf\u00fchrung, die die Tourist-Information G\u00f6ttingen am Sonntag, 20. September 2020, anbietet.\u00a0<\/span>Vor mehr als 200 Jahren (1812) gaben die Br\u00fcder Grimm die erste Ausgabe der &#8222;Kinder- und Hausm\u00e4rchen&#8220; heraus, die sich zum &#8222;Weltbestseller&#8220; entwickelte. 1816\/1818 ver\u00f6ffentlichten sie die Sammlung der &#8222;Deutschen Sagen&#8220; und 1819 den ersten Band der &#8222;Deutschen Grammatik&#8220;.\u00a0Grund genug, bei einem Stadtrundgang einen Blick auf die Zeit zu werfen, die Jacob und Wilhelm Grimm in G\u00f6ttingen verbrachten. 1829 wurden beide Br\u00fcder als Bibliothekare an die Georg-August-Universit\u00e4t berufen. 1837 geh\u00f6ren sie zu den ber\u00fchmten &#8222;G\u00f6ttinger Sieben&#8220;, die gegen die Widerrufung der Verfassung durch den neuen K\u00f6nig Ernst August von Hannover protestieren und deswegen des Landes verwiesen werden.<\/p>\n<p>Die F\u00fchrung folgt den Spuren der unzertrennlichen Br\u00fcder und M\u00e4rchensammler, die gleichzeitig die Germanistik als moderne Sprach- und Literaturwissenschaft etablierten.<\/p>\n<p><span class=\"b\">Der 1,5-st\u00fcndige Rundgang startet am Sonntag, 20.09.2020, um 11.00 Uhr vor der Tourist-Information am Alten Rathaus. <\/span>Karten sind in der Tourist-Information am Alten Rathaus zum Preis von 8,00 Euro pro Person erh\u00e4ltlich. Da die Teilnehmerzahl begrenzt ist, empfiehlt sich ein rechtzeitiger Kartenkauf oder die Vorbestellung unter Tel. (05 51) 4 99 8031.<\/p>\n<p>Foto: \u00a9 Radio Leinewelle (ue)<\/p>\n<p>&nbsp;<\/p>\n","protected":false},"excerpt":{"rendered":"<p>Universit\u00e4tsstadt G\u00f6ttingen (tig). Die G\u00f6ttinger Arbeits- und Lebensstationen der ber\u00fchmten M\u00e4rchensammler Jacob und Wilhelm Grimm stehen im Mittelpunkt einer thematischen Stadtf\u00fchrung, die die Tourist-Information G\u00f6ttingen am Sonntag, 20. September 2020, anbietet.\u00a0Vor mehr als 200 Jahren (1812) gaben die Br\u00fcder Grimm die erste Ausgabe der &#8222;Kinder- und Hausm\u00e4rchen&#8220; heraus, die sich zum &#8222;Weltbestseller&#8220; entwickelte. 1816\/1818 ver\u00f6ffentlichten [&hellip;]<\/p>\n","protected":false},"author":1,"featured_media":1662,"comment_status":"closed","ping_status":"closed","sticky":false,"template":"","format":"standard","meta":{"saved_in_kubio":false,"footnotes":""},"categories":[1],"tags":[],"class_list":["post-1660","post","type-post","status-publish","format-standard","has-post-thumbnail","hentry","category-allgemein"],"yoast_head":"<!-- This site is optimized with the Yoast SEO plugin v27.5 - https:\/\/yoast.com\/product\/yoast-seo-wordpress\/ -->\n<title>Stadtrundgang auf den Spuren der Br\u00fcder Grimm - Radio Leinewelle<\/title>\n<meta name=\"robots\" content=\"index, follow, max-snippet:-1, max-image-preview:large, max-video-preview:-1\" \/>\n<link rel=\"canonical\" href=\"https:\/\/radioleinewelle.de\/index.php\/2020\/09\/16\/stadtrundgang-auf-den-spuren-der-brueder-grimm\/\" \/>\n<meta property=\"og:locale\" content=\"de_DE\" \/>\n<meta property=\"og:type\" content=\"article\" \/>\n<meta property=\"og:title\" content=\"Stadtrundgang auf den Spuren der Br\u00fcder Grimm - Radio Leinewelle\" \/>\n<meta property=\"og:description\" content=\"Universit\u00e4tsstadt G\u00f6ttingen (tig). Die G\u00f6ttinger Arbeits- und Lebensstationen der ber\u00fchmten M\u00e4rchensammler Jacob und Wilhelm Grimm stehen im Mittelpunkt einer thematischen Stadtf\u00fchrung, die die Tourist-Information G\u00f6ttingen am Sonntag, 20. September 2020, anbietet.\u00a0Vor mehr als 200 Jahren (1812) gaben die Br\u00fcder Grimm die erste Ausgabe der &#8222;Kinder- und Hausm\u00e4rchen&#8220; heraus, die sich zum &#8222;Weltbestseller&#8220; entwickelte. 1816\/1818 ver\u00f6ffentlichten [&hellip;]\" \/>\n<meta property=\"og:url\" content=\"https:\/\/radioleinewelle.de\/index.php\/2020\/09\/16\/stadtrundgang-auf-den-spuren-der-brueder-grimm\/\" \/>\n<meta property=\"og:site_name\" content=\"Radio Leinewelle\" \/>\n<meta property=\"article:publisher\" content=\"https:\/\/www.facebook.com\/radioleinewelle\" \/>\n<meta property=\"article:author\" content=\"https:\/\/www.facebook.com\/radioleinewelle\" \/>\n<meta property=\"article:published_time\" content=\"2020-09-16T03:15:06+00:00\" \/>\n<meta property=\"og:image\" content=\"https:\/\/radioleinewelle.de\/wp-content\/uploads\/2020\/09\/Brueder-grimm-e1600199905390.jpg\" \/>\n\t<meta property=\"og:image:width\" content=\"600\" \/>\n\t<meta property=\"og:image:height\" content=\"450\" \/>\n\t<meta property=\"og:image:type\" content=\"image\/jpeg\" \/>\n<meta name=\"author\" content=\"Leinewelle\" \/>\n<meta name=\"twitter:card\" content=\"summary_large_image\" \/>\n<meta name=\"twitter:creator\" content=\"@https:\/\/twitter.com\/RLeinewelle?ref_src=twsrcgoogletwcampserptwgrauthor\" \/>\n<meta name=\"twitter:site\" content=\"@RLeinewelle\" \/>\n<meta name=\"twitter:label1\" content=\"Verfasst von\" \/>\n\t<meta name=\"twitter:data1\" content=\"Leinewelle\" \/>\n\t<meta name=\"twitter:label2\" content=\"Gesch\u00e4tzte Lesezeit\" \/>\n\t<meta name=\"twitter:data2\" content=\"1\u00a0Minute\" \/>\n<script type=\"application\/ld+json\" class=\"yoast-schema-graph\">{\"@context\":\"https:\\\/\\\/schema.org\",\"@graph\":[{\"@type\":\"Article\",\"@id\":\"https:\\\/\\\/radioleinewelle.de\\\/index.php\\\/2020\\\/09\\\/16\\\/stadtrundgang-auf-den-spuren-der-brueder-grimm\\\/#article\",\"isPartOf\":{\"@id\":\"https:\\\/\\\/radioleinewelle.de\\\/index.php\\\/2020\\\/09\\\/16\\\/stadtrundgang-auf-den-spuren-der-brueder-grimm\\\/\"},\"author\":{\"name\":\"Leinewelle\",\"@id\":\"https:\\\/\\\/radioleinewelle.de\\\/#\\\/schema\\\/person\\\/45606f348637df637192dc1b68399a63\"},\"headline\":\"Stadtrundgang auf den Spuren der Br\u00fcder Grimm\",\"datePublished\":\"2020-09-16T03:15:06+00:00\",\"mainEntityOfPage\":{\"@id\":\"https:\\\/\\\/radioleinewelle.de\\\/index.php\\\/2020\\\/09\\\/16\\\/stadtrundgang-auf-den-spuren-der-brueder-grimm\\\/\"},\"wordCount\":220,\"publisher\":{\"@id\":\"https:\\\/\\\/radioleinewelle.de\\\/#organization\"},\"image\":{\"@id\":\"https:\\\/\\\/radioleinewelle.de\\\/index.php\\\/2020\\\/09\\\/16\\\/stadtrundgang-auf-den-spuren-der-brueder-grimm\\\/#primaryimage\"},\"thumbnailUrl\":\"https:\\\/\\\/radioleinewelle.de\\\/wp-content\\\/uploads\\\/2020\\\/09\\\/Brueder-grimm-e1600199905390.jpg\",\"inLanguage\":\"de\"},{\"@type\":\"WebPage\",\"@id\":\"https:\\\/\\\/radioleinewelle.de\\\/index.php\\\/2020\\\/09\\\/16\\\/stadtrundgang-auf-den-spuren-der-brueder-grimm\\\/\",\"url\":\"https:\\\/\\\/radioleinewelle.de\\\/index.php\\\/2020\\\/09\\\/16\\\/stadtrundgang-auf-den-spuren-der-brueder-grimm\\\/\",\"name\":\"Stadtrundgang auf den Spuren der Br\u00fcder Grimm - Radio Leinewelle\",\"isPartOf\":{\"@id\":\"https:\\\/\\\/radioleinewelle.de\\\/#website\"},\"primaryImageOfPage\":{\"@id\":\"https:\\\/\\\/radioleinewelle.de\\\/index.php\\\/2020\\\/09\\\/16\\\/stadtrundgang-auf-den-spuren-der-brueder-grimm\\\/#primaryimage\"},\"image\":{\"@id\":\"https:\\\/\\\/radioleinewelle.de\\\/index.php\\\/2020\\\/09\\\/16\\\/stadtrundgang-auf-den-spuren-der-brueder-grimm\\\/#primaryimage\"},\"thumbnailUrl\":\"https:\\\/\\\/radioleinewelle.de\\\/wp-content\\\/uploads\\\/2020\\\/09\\\/Brueder-grimm-e1600199905390.jpg\",\"datePublished\":\"2020-09-16T03:15:06+00:00\",\"breadcrumb\":{\"@id\":\"https:\\\/\\\/radioleinewelle.de\\\/index.php\\\/2020\\\/09\\\/16\\\/stadtrundgang-auf-den-spuren-der-brueder-grimm\\\/#breadcrumb\"},\"inLanguage\":\"de\",\"potentialAction\":[{\"@type\":\"ReadAction\",\"target\":[\"https:\\\/\\\/radioleinewelle.de\\\/index.php\\\/2020\\\/09\\\/16\\\/stadtrundgang-auf-den-spuren-der-brueder-grimm\\\/\"]}]},{\"@type\":\"ImageObject\",\"inLanguage\":\"de\",\"@id\":\"https:\\\/\\\/radioleinewelle.de\\\/index.php\\\/2020\\\/09\\\/16\\\/stadtrundgang-auf-den-spuren-der-brueder-grimm\\\/#primaryimage\",\"url\":\"https:\\\/\\\/radioleinewelle.de\\\/wp-content\\\/uploads\\\/2020\\\/09\\\/Brueder-grimm-e1600199905390.jpg\",\"contentUrl\":\"https:\\\/\\\/radioleinewelle.de\\\/wp-content\\\/uploads\\\/2020\\\/09\\\/Brueder-grimm-e1600199905390.jpg\",\"width\":600,\"height\":450},{\"@type\":\"BreadcrumbList\",\"@id\":\"https:\\\/\\\/radioleinewelle.de\\\/index.php\\\/2020\\\/09\\\/16\\\/stadtrundgang-auf-den-spuren-der-brueder-grimm\\\/#breadcrumb\",\"itemListElement\":[{\"@type\":\"ListItem\",\"position\":1,\"name\":\"Startseite\",\"item\":\"https:\\\/\\\/radioleinewelle.de\\\/\"},{\"@type\":\"ListItem\",\"position\":2,\"name\":\"Stadtrundgang auf den Spuren der Br\u00fcder Grimm\"}]},{\"@type\":\"WebSite\",\"@id\":\"https:\\\/\\\/radioleinewelle.de\\\/#website\",\"url\":\"https:\\\/\\\/radioleinewelle.de\\\/\",\"name\":\"Radio Leinewelle\",\"description\":\"\",\"publisher\":{\"@id\":\"https:\\\/\\\/radioleinewelle.de\\\/#organization\"},\"potentialAction\":[{\"@type\":\"SearchAction\",\"target\":{\"@type\":\"EntryPoint\",\"urlTemplate\":\"https:\\\/\\\/radioleinewelle.de\\\/?s={search_term_string}\"},\"query-input\":{\"@type\":\"PropertyValueSpecification\",\"valueRequired\":true,\"valueName\":\"search_term_string\"}}],\"inLanguage\":\"de\"},{\"@type\":\"Organization\",\"@id\":\"https:\\\/\\\/radioleinewelle.de\\\/#organization\",\"name\":\"Radio Leinewelle\",\"alternateName\":\"Mein Radio f\u00fcr S\u00fcdniedersachsen\",\"url\":\"https:\\\/\\\/radioleinewelle.de\\\/\",\"logo\":{\"@type\":\"ImageObject\",\"inLanguage\":\"de\",\"@id\":\"https:\\\/\\\/radioleinewelle.de\\\/#\\\/schema\\\/logo\\\/image\\\/\",\"url\":\"https:\\\/\\\/radioleinewelle.de\\\/wp-content\\\/uploads\\\/2023\\\/11\\\/cropped-Leinewelle_Logo_weiss.png\",\"contentUrl\":\"https:\\\/\\\/radioleinewelle.de\\\/wp-content\\\/uploads\\\/2023\\\/11\\\/cropped-Leinewelle_Logo_weiss.png\",\"width\":854,\"height\":260,\"caption\":\"Radio Leinewelle\"},\"image\":{\"@id\":\"https:\\\/\\\/radioleinewelle.de\\\/#\\\/schema\\\/logo\\\/image\\\/\"},\"sameAs\":[\"https:\\\/\\\/www.facebook.com\\\/radioleinewelle\",\"https:\\\/\\\/x.com\\\/RLeinewelle\",\"https:\\\/\\\/www.instagram.com\\\/radioleinewelle\\\/?hl=de\"]},{\"@type\":\"Person\",\"@id\":\"https:\\\/\\\/radioleinewelle.de\\\/#\\\/schema\\\/person\\\/45606f348637df637192dc1b68399a63\",\"name\":\"Leinewelle\",\"image\":{\"@type\":\"ImageObject\",\"inLanguage\":\"de\",\"@id\":\"https:\\\/\\\/secure.gravatar.com\\\/avatar\\\/05c9a17bc973052ee5d91549bd32fb4dd0dc85b7b85ae94b2e2b4943476bbea5?s=96&d=blank&r=g\",\"url\":\"https:\\\/\\\/secure.gravatar.com\\\/avatar\\\/05c9a17bc973052ee5d91549bd32fb4dd0dc85b7b85ae94b2e2b4943476bbea5?s=96&d=blank&r=g\",\"contentUrl\":\"https:\\\/\\\/secure.gravatar.com\\\/avatar\\\/05c9a17bc973052ee5d91549bd32fb4dd0dc85b7b85ae94b2e2b4943476bbea5?s=96&d=blank&r=g\",\"caption\":\"Leinewelle\"},\"sameAs\":[\"http:\\\/\\\/localhost\\\/radio%20leinewelle\\\/wordpress\",\"https:\\\/\\\/www.facebook.com\\\/radioleinewelle\",\"https:\\\/\\\/www.instagram.com\\\/radioleinewelle\",\"https:\\\/\\\/x.com\\\/https:\\\/\\\/twitter.com\\\/RLeinewelle?ref_src=twsrcgoogletwcampserptwgrauthor\",\"https:\\\/\\\/soundcloud.com\\\/foerderverein-lokalradio?utm_source=clipboard&utm_medium=text&utm_campaign=social_sharing\"],\"url\":\"https:\\\/\\\/radioleinewelle.de\\\/index.php\\\/author\\\/leinewelle\\\/\"}]}<\/script>\n<!-- \/ Yoast SEO plugin. -->","yoast_head_json":{"title":"Stadtrundgang auf den Spuren der Br\u00fcder Grimm - Radio Leinewelle","robots":{"index":"index","follow":"follow","max-snippet":"max-snippet:-1","max-image-preview":"max-image-preview:large","max-video-preview":"max-video-preview:-1"},"canonical":"https:\/\/radioleinewelle.de\/index.php\/2020\/09\/16\/stadtrundgang-auf-den-spuren-der-brueder-grimm\/","og_locale":"de_DE","og_type":"article","og_title":"Stadtrundgang auf den Spuren der Br\u00fcder Grimm - Radio Leinewelle","og_description":"Universit\u00e4tsstadt G\u00f6ttingen (tig). Die G\u00f6ttinger Arbeits- und Lebensstationen der ber\u00fchmten M\u00e4rchensammler Jacob und Wilhelm Grimm stehen im Mittelpunkt einer thematischen Stadtf\u00fchrung, die die Tourist-Information G\u00f6ttingen am Sonntag, 20. September 2020, anbietet.\u00a0Vor mehr als 200 Jahren (1812) gaben die Br\u00fcder Grimm die erste Ausgabe der &#8222;Kinder- und Hausm\u00e4rchen&#8220; heraus, die sich zum &#8222;Weltbestseller&#8220; entwickelte. 1816\/1818 ver\u00f6ffentlichten [&hellip;]","og_url":"https:\/\/radioleinewelle.de\/index.php\/2020\/09\/16\/stadtrundgang-auf-den-spuren-der-brueder-grimm\/","og_site_name":"Radio Leinewelle","article_publisher":"https:\/\/www.facebook.com\/radioleinewelle","article_author":"https:\/\/www.facebook.com\/radioleinewelle","article_published_time":"2020-09-16T03:15:06+00:00","og_image":[{"width":600,"height":450,"url":"https:\/\/radioleinewelle.de\/wp-content\/uploads\/2020\/09\/Brueder-grimm-e1600199905390.jpg","type":"image\/jpeg"}],"author":"Leinewelle","twitter_card":"summary_large_image","twitter_creator":"@https:\/\/twitter.com\/RLeinewelle?ref_src=twsrcgoogletwcampserptwgrauthor","twitter_site":"@RLeinewelle","twitter_misc":{"Verfasst von":"Leinewelle","Gesch\u00e4tzte Lesezeit":"1\u00a0Minute"},"schema":{"@context":"https:\/\/schema.org","@graph":[{"@type":"Article","@id":"https:\/\/radioleinewelle.de\/index.php\/2020\/09\/16\/stadtrundgang-auf-den-spuren-der-brueder-grimm\/#article","isPartOf":{"@id":"https:\/\/radioleinewelle.de\/index.php\/2020\/09\/16\/stadtrundgang-auf-den-spuren-der-brueder-grimm\/"},"author":{"name":"Leinewelle","@id":"https:\/\/radioleinewelle.de\/#\/schema\/person\/45606f348637df637192dc1b68399a63"},"headline":"Stadtrundgang auf den Spuren der Br\u00fcder Grimm","datePublished":"2020-09-16T03:15:06+00:00","mainEntityOfPage":{"@id":"https:\/\/radioleinewelle.de\/index.php\/2020\/09\/16\/stadtrundgang-auf-den-spuren-der-brueder-grimm\/"},"wordCount":220,"publisher":{"@id":"https:\/\/radioleinewelle.de\/#organization"},"image":{"@id":"https:\/\/radioleinewelle.de\/index.php\/2020\/09\/16\/stadtrundgang-auf-den-spuren-der-brueder-grimm\/#primaryimage"},"thumbnailUrl":"https:\/\/radioleinewelle.de\/wp-content\/uploads\/2020\/09\/Brueder-grimm-e1600199905390.jpg","inLanguage":"de"},{"@type":"WebPage","@id":"https:\/\/radioleinewelle.de\/index.php\/2020\/09\/16\/stadtrundgang-auf-den-spuren-der-brueder-grimm\/","url":"https:\/\/radioleinewelle.de\/index.php\/2020\/09\/16\/stadtrundgang-auf-den-spuren-der-brueder-grimm\/","name":"Stadtrundgang auf den Spuren der Br\u00fcder Grimm - Radio Leinewelle","isPartOf":{"@id":"https:\/\/radioleinewelle.de\/#website"},"primaryImageOfPage":{"@id":"https:\/\/radioleinewelle.de\/index.php\/2020\/09\/16\/stadtrundgang-auf-den-spuren-der-brueder-grimm\/#primaryimage"},"image":{"@id":"https:\/\/radioleinewelle.de\/index.php\/2020\/09\/16\/stadtrundgang-auf-den-spuren-der-brueder-grimm\/#primaryimage"},"thumbnailUrl":"https:\/\/radioleinewelle.de\/wp-content\/uploads\/2020\/09\/Brueder-grimm-e1600199905390.jpg","datePublished":"2020-09-16T03:15:06+00:00","breadcrumb":{"@id":"https:\/\/radioleinewelle.de\/index.php\/2020\/09\/16\/stadtrundgang-auf-den-spuren-der-brueder-grimm\/#breadcrumb"},"inLanguage":"de","potentialAction":[{"@type":"ReadAction","target":["https:\/\/radioleinewelle.de\/index.php\/2020\/09\/16\/stadtrundgang-auf-den-spuren-der-brueder-grimm\/"]}]},{"@type":"ImageObject","inLanguage":"de","@id":"https:\/\/radioleinewelle.de\/index.php\/2020\/09\/16\/stadtrundgang-auf-den-spuren-der-brueder-grimm\/#primaryimage","url":"https:\/\/radioleinewelle.de\/wp-content\/uploads\/2020\/09\/Brueder-grimm-e1600199905390.jpg","contentUrl":"https:\/\/radioleinewelle.de\/wp-content\/uploads\/2020\/09\/Brueder-grimm-e1600199905390.jpg","width":600,"height":450},{"@type":"BreadcrumbList","@id":"https:\/\/radioleinewelle.de\/index.php\/2020\/09\/16\/stadtrundgang-auf-den-spuren-der-brueder-grimm\/#breadcrumb","itemListElement":[{"@type":"ListItem","position":1,"name":"Startseite","item":"https:\/\/radioleinewelle.de\/"},{"@type":"ListItem","position":2,"name":"Stadtrundgang auf den Spuren der Br\u00fcder Grimm"}]},{"@type":"WebSite","@id":"https:\/\/radioleinewelle.de\/#website","url":"https:\/\/radioleinewelle.de\/","name":"Radio Leinewelle","description":"","publisher":{"@id":"https:\/\/radioleinewelle.de\/#organization"},"potentialAction":[{"@type":"SearchAction","target":{"@type":"EntryPoint","urlTemplate":"https:\/\/radioleinewelle.de\/?s={search_term_string}"},"query-input":{"@type":"PropertyValueSpecification","valueRequired":true,"valueName":"search_term_string"}}],"inLanguage":"de"},{"@type":"Organization","@id":"https:\/\/radioleinewelle.de\/#organization","name":"Radio Leinewelle","alternateName":"Mein Radio f\u00fcr S\u00fcdniedersachsen","url":"https:\/\/radioleinewelle.de\/","logo":{"@type":"ImageObject","inLanguage":"de","@id":"https:\/\/radioleinewelle.de\/#\/schema\/logo\/image\/","url":"https:\/\/radioleinewelle.de\/wp-content\/uploads\/2023\/11\/cropped-Leinewelle_Logo_weiss.png","contentUrl":"https:\/\/radioleinewelle.de\/wp-content\/uploads\/2023\/11\/cropped-Leinewelle_Logo_weiss.png","width":854,"height":260,"caption":"Radio Leinewelle"},"image":{"@id":"https:\/\/radioleinewelle.de\/#\/schema\/logo\/image\/"},"sameAs":["https:\/\/www.facebook.com\/radioleinewelle","https:\/\/x.com\/RLeinewelle","https:\/\/www.instagram.com\/radioleinewelle\/?hl=de"]},{"@type":"Person","@id":"https:\/\/radioleinewelle.de\/#\/schema\/person\/45606f348637df637192dc1b68399a63","name":"Leinewelle","image":{"@type":"ImageObject","inLanguage":"de","@id":"https:\/\/secure.gravatar.com\/avatar\/05c9a17bc973052ee5d91549bd32fb4dd0dc85b7b85ae94b2e2b4943476bbea5?s=96&d=blank&r=g","url":"https:\/\/secure.gravatar.com\/avatar\/05c9a17bc973052ee5d91549bd32fb4dd0dc85b7b85ae94b2e2b4943476bbea5?s=96&d=blank&r=g","contentUrl":"https:\/\/secure.gravatar.com\/avatar\/05c9a17bc973052ee5d91549bd32fb4dd0dc85b7b85ae94b2e2b4943476bbea5?s=96&d=blank&r=g","caption":"Leinewelle"},"sameAs":["http:\/\/localhost\/radio%20leinewelle\/wordpress","https:\/\/www.facebook.com\/radioleinewelle","https:\/\/www.instagram.com\/radioleinewelle","https:\/\/x.com\/https:\/\/twitter.com\/RLeinewelle?ref_src=twsrcgoogletwcampserptwgrauthor","https:\/\/soundcloud.com\/foerderverein-lokalradio?utm_source=clipboard&utm_medium=text&utm_campaign=social_sharing"],"url":"https:\/\/radioleinewelle.de\/index.php\/author\/leinewelle\/"}]}},"_links":{"self":[{"href":"https:\/\/radioleinewelle.de\/index.php\/wp-json\/wp\/v2\/posts\/1660","targetHints":{"allow":["GET"]}}],"collection":[{"href":"https:\/\/radioleinewelle.de\/index.php\/wp-json\/wp\/v2\/posts"}],"about":[{"href":"https:\/\/radioleinewelle.de\/index.php\/wp-json\/wp\/v2\/types\/post"}],"author":[{"embeddable":true,"href":"https:\/\/radioleinewelle.de\/index.php\/wp-json\/wp\/v2\/users\/1"}],"replies":[{"embeddable":true,"href":"https:\/\/radioleinewelle.de\/index.php\/wp-json\/wp\/v2\/comments?post=1660"}],"version-history":[{"count":0,"href":"https:\/\/radioleinewelle.de\/index.php\/wp-json\/wp\/v2\/posts\/1660\/revisions"}],"wp:featuredmedia":[{"embeddable":true,"href":"https:\/\/radioleinewelle.de\/index.php\/wp-json\/wp\/v2\/media\/1662"}],"wp:attachment":[{"href":"https:\/\/radioleinewelle.de\/index.php\/wp-json\/wp\/v2\/media?parent=1660"}],"wp:term":[{"taxonomy":"category","embeddable":true,"href":"https:\/\/radioleinewelle.de\/index.php\/wp-json\/wp\/v2\/categories?post=1660"},{"taxonomy":"post_tag","embeddable":true,"href":"https:\/\/radioleinewelle.de\/index.php\/wp-json\/wp\/v2\/tags?post=1660"}],"curies":[{"name":"wp","href":"https:\/\/api.w.org\/{rel}","templated":true}]}}