{"id":1664,"date":"2020-09-16T05:00:51","date_gmt":"2020-09-16T03:00:51","guid":{"rendered":"https:\/\/radioleinewelle.de\/?p=1664"},"modified":"2020-09-16T05:00:51","modified_gmt":"2020-09-16T03:00:51","slug":"landesweite-aktion-zur-bekaempfung-der-schwarzarbeit-und-illegalen-beschaeftigung-in-niedersachsen","status":"publish","type":"post","link":"https:\/\/radioleinewelle.de\/index.php\/2020\/09\/16\/landesweite-aktion-zur-bekaempfung-der-schwarzarbeit-und-illegalen-beschaeftigung-in-niedersachsen\/","title":{"rendered":"Landesweite Aktion zur Bek\u00e4mpfung der Schwarzarbeit und illegalen Besch\u00e4ftigung in Niedersachsen"},"content":{"rendered":"<p>In der letzten Woche, vom 07. &#8211; 10. September, haben Landkreise, gro\u00dfe selbst\u00e4ndige St\u00e4dte und kreisfreie St\u00e4dte zusammen mit der Finanzkontrolle Schwarzarbeit der Hauptzoll\u00e4mter (FKS) Kontrollen zur Bek\u00e4mpfung der Schwarzarbeit und illegalen Besch\u00e4ftigung schwerpunktm\u00e4\u00dfig in der Baubranche vorgenommen.<\/p>\n<p>Bei der vom nieders\u00e4chsischen Wirtschaftsministerium und der Generalzolldirektion koordinierten viert\u00e4gigen Aktion waren landesweit 94 Bedienstete der Kommunen, 174 Bedienstete der FKS und 17 Bedienstete der Berufsgenossenschaft der Bauwirtschaft und der Ausl\u00e4nderbeh\u00f6rden im Einsatz. Insgesamt wurden 627 Betriebe und 1446 Personen \u00fcberpr\u00fcft.<\/p>\n<p>Bei den Kontrollen wurden 26 Verdachtsf\u00e4lle festgestellt, in denen f\u00fcr die ausge\u00fcbte zulassungspflichtige Handwerkst\u00e4tigkeit die erforderliche Eintragung in die Handwerksrolle fehlte. In 17 F\u00e4llen lag die erforderliche Gewerbeanzeige nicht vor. Diese Verdachtsf\u00e4lle werden nun von den kommunalen Schwarzarbeitsbek\u00e4mpfungsbeh\u00f6rden weiter gepr\u00fcft. In 74 F\u00e4llen pr\u00fcft die FKS zudem, ob Betriebe nicht den vorgeschriebenen Mindestlohn zahlen und in 50 F\u00e4llen, ob Unternehmen Sozialversicherungsbeitr\u00e4ge nicht bzw. nicht in der richtigen H\u00f6he abf\u00fchren. Dar\u00fcber hinaus werden zehn Sachverhalte hinsichtlich Sozialleistungsmissbrauch sowie 32 Sachverhalte mit Anhaltspunkten f\u00fcr aufenthaltsrechtliche Verst\u00f6\u00dfe weiter gepr\u00fcft. Zudem stellten die FKS-Beamtinnen und Beamten 75 F\u00e4lle mit Anhaltspunkten f\u00fcr weitere Rechtsverst\u00f6\u00dfe fest, wie z.B. Verst\u00f6\u00dfe gegen sozialversicherungsrechtliche Meldevorschriften oder Ausweismitf\u00fchrungspflichten. Soweit sich die Verdachtsf\u00e4lle best\u00e4tigen, werden Straf- oder Ordnungswidrigkeitenverfahren eingeleitet.<\/p>\n<p>Im Bereich des <strong>Landkreises G\u00f6ttingen<\/strong> wurde ein ausl\u00e4ndischer Gewerbetreibender beim Fliesenlegen ohne die erforderliche Eintragung in die Handwerksrolle angetroffen. Vor Ort wurde eine Sicherheitsleistung festgesetzt.<\/p>\n<p>Niedersachsens Wirtschafts- und Arbeitsminister Dr. Bernd Althusmann: \u201eMit den landesweiten Aktionstagen gegen Schwarzarbeit sch\u00fctzen wir Unternehmen sowie Arbeitnehmerinnen und Arbeitnehmer, die sich im Rahmen des Gesetzes korrekt verhalten. Gleichzeitig verhindern wir Einnahmeausf\u00e4lle bei den Sozialkassen, Sozialversicherungen und dem Fiskus. Angesichts des enormen volkswirtschaftlichen und gesellschaftspolitischen Schadens durch Schwarzarbeit steht ihre Bek\u00e4mpfung weiterhin im Fokus der Nieders\u00e4chsischen Landesregierung.\u201c<\/p>\n<p>&nbsp;<\/p>\n<p>Bild von <a href=\"https:\/\/pixabay.com\/de\/users\/Peggy_Marco-1553824\/?utm_source=link-attribution&amp;utm_medium=referral&amp;utm_campaign=image&amp;utm_content=1015400\">Peggy und Marco Lachmann-Anke<\/a> auf <a href=\"https:\/\/pixabay.com\/de\/?utm_source=link-attribution&amp;utm_medium=referral&amp;utm_campaign=image&amp;utm_content=1015400\">Pixabay<\/a><\/p>\n","protected":false},"excerpt":{"rendered":"<p>In der letzten Woche, vom 07. &#8211; 10. September, haben Landkreise, gro\u00dfe selbst\u00e4ndige St\u00e4dte und kreisfreie St\u00e4dte zusammen mit der Finanzkontrolle Schwarzarbeit der Hauptzoll\u00e4mter (FKS) Kontrollen zur Bek\u00e4mpfung der Schwarzarbeit und illegalen Besch\u00e4ftigung schwerpunktm\u00e4\u00dfig in der Baubranche vorgenommen. Bei der vom nieders\u00e4chsischen Wirtschaftsministerium und der Generalzolldirektion koordinierten viert\u00e4gigen Aktion waren landesweit 94 Bedienstete der Kommunen, [&hellip;]<\/p>\n","protected":false},"author":1,"featured_media":1666,"comment_status":"closed","ping_status":"closed","sticky":false,"template":"","format":"standard","meta":{"saved_in_kubio":false,"footnotes":""},"categories":[1],"tags":[],"class_list":["post-1664","post","type-post","status-publish","format-standard","has-post-thumbnail","hentry","category-allgemein"],"yoast_head":"<!-- This site is optimized with the Yoast SEO plugin v27.5 - https:\/\/yoast.com\/product\/yoast-seo-wordpress\/ -->\n<title>Landesweite Aktion zur Bek\u00e4mpfung der Schwarzarbeit und illegalen Besch\u00e4ftigung in Niedersachsen - Radio Leinewelle<\/title>\n<meta name=\"robots\" content=\"index, follow, max-snippet:-1, max-image-preview:large, max-video-preview:-1\" \/>\n<link rel=\"canonical\" href=\"https:\/\/radioleinewelle.de\/index.php\/2020\/09\/16\/landesweite-aktion-zur-bekaempfung-der-schwarzarbeit-und-illegalen-beschaeftigung-in-niedersachsen\/\" \/>\n<meta property=\"og:locale\" content=\"de_DE\" \/>\n<meta property=\"og:type\" content=\"article\" \/>\n<meta property=\"og:title\" content=\"Landesweite Aktion zur Bek\u00e4mpfung der Schwarzarbeit und illegalen Besch\u00e4ftigung in Niedersachsen - Radio Leinewelle\" \/>\n<meta property=\"og:description\" content=\"In der letzten Woche, vom 07. &#8211; 10. September, haben Landkreise, gro\u00dfe selbst\u00e4ndige St\u00e4dte und kreisfreie St\u00e4dte zusammen mit der Finanzkontrolle Schwarzarbeit der Hauptzoll\u00e4mter (FKS) Kontrollen zur Bek\u00e4mpfung der Schwarzarbeit und illegalen Besch\u00e4ftigung schwerpunktm\u00e4\u00dfig in der Baubranche vorgenommen. Bei der vom nieders\u00e4chsischen Wirtschaftsministerium und der Generalzolldirektion koordinierten viert\u00e4gigen Aktion waren landesweit 94 Bedienstete der Kommunen, [&hellip;]\" \/>\n<meta property=\"og:url\" content=\"https:\/\/radioleinewelle.de\/index.php\/2020\/09\/16\/landesweite-aktion-zur-bekaempfung-der-schwarzarbeit-und-illegalen-beschaeftigung-in-niedersachsen\/\" \/>\n<meta property=\"og:site_name\" content=\"Radio Leinewelle\" \/>\n<meta property=\"article:publisher\" content=\"https:\/\/www.facebook.com\/radioleinewelle\" \/>\n<meta property=\"article:author\" content=\"https:\/\/www.facebook.com\/radioleinewelle\" \/>\n<meta property=\"article:published_time\" content=\"2020-09-16T03:00:51+00:00\" \/>\n<meta property=\"og:image\" content=\"https:\/\/radioleinewelle.de\/wp-content\/uploads\/2020\/09\/taxes-1015400_640-e1600201184310.jpg\" \/>\n\t<meta property=\"og:image:width\" content=\"547\" \/>\n\t<meta property=\"og:image:height\" content=\"331\" \/>\n\t<meta property=\"og:image:type\" content=\"image\/jpeg\" \/>\n<meta name=\"author\" content=\"Leinewelle\" \/>\n<meta name=\"twitter:card\" content=\"summary_large_image\" \/>\n<meta name=\"twitter:creator\" content=\"@https:\/\/twitter.com\/RLeinewelle?ref_src=twsrcgoogletwcampserptwgrauthor\" \/>\n<meta name=\"twitter:site\" content=\"@RLeinewelle\" \/>\n<meta name=\"twitter:label1\" content=\"Verfasst von\" \/>\n\t<meta name=\"twitter:data1\" content=\"Leinewelle\" \/>\n\t<meta name=\"twitter:label2\" content=\"Gesch\u00e4tzte Lesezeit\" \/>\n\t<meta name=\"twitter:data2\" content=\"2\u00a0Minuten\" \/>\n<script type=\"application\/ld+json\" class=\"yoast-schema-graph\">{\"@context\":\"https:\\\/\\\/schema.org\",\"@graph\":[{\"@type\":\"Article\",\"@id\":\"https:\\\/\\\/radioleinewelle.de\\\/index.php\\\/2020\\\/09\\\/16\\\/landesweite-aktion-zur-bekaempfung-der-schwarzarbeit-und-illegalen-beschaeftigung-in-niedersachsen\\\/#article\",\"isPartOf\":{\"@id\":\"https:\\\/\\\/radioleinewelle.de\\\/index.php\\\/2020\\\/09\\\/16\\\/landesweite-aktion-zur-bekaempfung-der-schwarzarbeit-und-illegalen-beschaeftigung-in-niedersachsen\\\/\"},\"author\":{\"name\":\"Leinewelle\",\"@id\":\"https:\\\/\\\/radioleinewelle.de\\\/#\\\/schema\\\/person\\\/45606f348637df637192dc1b68399a63\"},\"headline\":\"Landesweite Aktion zur Bek\u00e4mpfung der Schwarzarbeit und illegalen Besch\u00e4ftigung in Niedersachsen\",\"datePublished\":\"2020-09-16T03:00:51+00:00\",\"mainEntityOfPage\":{\"@id\":\"https:\\\/\\\/radioleinewelle.de\\\/index.php\\\/2020\\\/09\\\/16\\\/landesweite-aktion-zur-bekaempfung-der-schwarzarbeit-und-illegalen-beschaeftigung-in-niedersachsen\\\/\"},\"wordCount\":334,\"publisher\":{\"@id\":\"https:\\\/\\\/radioleinewelle.de\\\/#organization\"},\"image\":{\"@id\":\"https:\\\/\\\/radioleinewelle.de\\\/index.php\\\/2020\\\/09\\\/16\\\/landesweite-aktion-zur-bekaempfung-der-schwarzarbeit-und-illegalen-beschaeftigung-in-niedersachsen\\\/#primaryimage\"},\"thumbnailUrl\":\"https:\\\/\\\/radioleinewelle.de\\\/wp-content\\\/uploads\\\/2020\\\/09\\\/taxes-1015400_640-e1600201184310.jpg\",\"inLanguage\":\"de\"},{\"@type\":\"WebPage\",\"@id\":\"https:\\\/\\\/radioleinewelle.de\\\/index.php\\\/2020\\\/09\\\/16\\\/landesweite-aktion-zur-bekaempfung-der-schwarzarbeit-und-illegalen-beschaeftigung-in-niedersachsen\\\/\",\"url\":\"https:\\\/\\\/radioleinewelle.de\\\/index.php\\\/2020\\\/09\\\/16\\\/landesweite-aktion-zur-bekaempfung-der-schwarzarbeit-und-illegalen-beschaeftigung-in-niedersachsen\\\/\",\"name\":\"Landesweite Aktion zur Bek\u00e4mpfung der Schwarzarbeit und illegalen Besch\u00e4ftigung in Niedersachsen - Radio Leinewelle\",\"isPartOf\":{\"@id\":\"https:\\\/\\\/radioleinewelle.de\\\/#website\"},\"primaryImageOfPage\":{\"@id\":\"https:\\\/\\\/radioleinewelle.de\\\/index.php\\\/2020\\\/09\\\/16\\\/landesweite-aktion-zur-bekaempfung-der-schwarzarbeit-und-illegalen-beschaeftigung-in-niedersachsen\\\/#primaryimage\"},\"image\":{\"@id\":\"https:\\\/\\\/radioleinewelle.de\\\/index.php\\\/2020\\\/09\\\/16\\\/landesweite-aktion-zur-bekaempfung-der-schwarzarbeit-und-illegalen-beschaeftigung-in-niedersachsen\\\/#primaryimage\"},\"thumbnailUrl\":\"https:\\\/\\\/radioleinewelle.de\\\/wp-content\\\/uploads\\\/2020\\\/09\\\/taxes-1015400_640-e1600201184310.jpg\",\"datePublished\":\"2020-09-16T03:00:51+00:00\",\"breadcrumb\":{\"@id\":\"https:\\\/\\\/radioleinewelle.de\\\/index.php\\\/2020\\\/09\\\/16\\\/landesweite-aktion-zur-bekaempfung-der-schwarzarbeit-und-illegalen-beschaeftigung-in-niedersachsen\\\/#breadcrumb\"},\"inLanguage\":\"de\",\"potentialAction\":[{\"@type\":\"ReadAction\",\"target\":[\"https:\\\/\\\/radioleinewelle.de\\\/index.php\\\/2020\\\/09\\\/16\\\/landesweite-aktion-zur-bekaempfung-der-schwarzarbeit-und-illegalen-beschaeftigung-in-niedersachsen\\\/\"]}]},{\"@type\":\"ImageObject\",\"inLanguage\":\"de\",\"@id\":\"https:\\\/\\\/radioleinewelle.de\\\/index.php\\\/2020\\\/09\\\/16\\\/landesweite-aktion-zur-bekaempfung-der-schwarzarbeit-und-illegalen-beschaeftigung-in-niedersachsen\\\/#primaryimage\",\"url\":\"https:\\\/\\\/radioleinewelle.de\\\/wp-content\\\/uploads\\\/2020\\\/09\\\/taxes-1015400_640-e1600201184310.jpg\",\"contentUrl\":\"https:\\\/\\\/radioleinewelle.de\\\/wp-content\\\/uploads\\\/2020\\\/09\\\/taxes-1015400_640-e1600201184310.jpg\",\"width\":547,\"height\":331},{\"@type\":\"BreadcrumbList\",\"@id\":\"https:\\\/\\\/radioleinewelle.de\\\/index.php\\\/2020\\\/09\\\/16\\\/landesweite-aktion-zur-bekaempfung-der-schwarzarbeit-und-illegalen-beschaeftigung-in-niedersachsen\\\/#breadcrumb\",\"itemListElement\":[{\"@type\":\"ListItem\",\"position\":1,\"name\":\"Startseite\",\"item\":\"https:\\\/\\\/radioleinewelle.de\\\/\"},{\"@type\":\"ListItem\",\"position\":2,\"name\":\"Landesweite Aktion zur Bek\u00e4mpfung der Schwarzarbeit und illegalen Besch\u00e4ftigung in Niedersachsen\"}]},{\"@type\":\"WebSite\",\"@id\":\"https:\\\/\\\/radioleinewelle.de\\\/#website\",\"url\":\"https:\\\/\\\/radioleinewelle.de\\\/\",\"name\":\"Radio Leinewelle\",\"description\":\"\",\"publisher\":{\"@id\":\"https:\\\/\\\/radioleinewelle.de\\\/#organization\"},\"potentialAction\":[{\"@type\":\"SearchAction\",\"target\":{\"@type\":\"EntryPoint\",\"urlTemplate\":\"https:\\\/\\\/radioleinewelle.de\\\/?s={search_term_string}\"},\"query-input\":{\"@type\":\"PropertyValueSpecification\",\"valueRequired\":true,\"valueName\":\"search_term_string\"}}],\"inLanguage\":\"de\"},{\"@type\":\"Organization\",\"@id\":\"https:\\\/\\\/radioleinewelle.de\\\/#organization\",\"name\":\"Radio Leinewelle\",\"alternateName\":\"Mein Radio f\u00fcr S\u00fcdniedersachsen\",\"url\":\"https:\\\/\\\/radioleinewelle.de\\\/\",\"logo\":{\"@type\":\"ImageObject\",\"inLanguage\":\"de\",\"@id\":\"https:\\\/\\\/radioleinewelle.de\\\/#\\\/schema\\\/logo\\\/image\\\/\",\"url\":\"https:\\\/\\\/radioleinewelle.de\\\/wp-content\\\/uploads\\\/2023\\\/11\\\/cropped-Leinewelle_Logo_weiss.png\",\"contentUrl\":\"https:\\\/\\\/radioleinewelle.de\\\/wp-content\\\/uploads\\\/2023\\\/11\\\/cropped-Leinewelle_Logo_weiss.png\",\"width\":854,\"height\":260,\"caption\":\"Radio Leinewelle\"},\"image\":{\"@id\":\"https:\\\/\\\/radioleinewelle.de\\\/#\\\/schema\\\/logo\\\/image\\\/\"},\"sameAs\":[\"https:\\\/\\\/www.facebook.com\\\/radioleinewelle\",\"https:\\\/\\\/x.com\\\/RLeinewelle\",\"https:\\\/\\\/www.instagram.com\\\/radioleinewelle\\\/?hl=de\"]},{\"@type\":\"Person\",\"@id\":\"https:\\\/\\\/radioleinewelle.de\\\/#\\\/schema\\\/person\\\/45606f348637df637192dc1b68399a63\",\"name\":\"Leinewelle\",\"image\":{\"@type\":\"ImageObject\",\"inLanguage\":\"de\",\"@id\":\"https:\\\/\\\/secure.gravatar.com\\\/avatar\\\/05c9a17bc973052ee5d91549bd32fb4dd0dc85b7b85ae94b2e2b4943476bbea5?s=96&d=blank&r=g\",\"url\":\"https:\\\/\\\/secure.gravatar.com\\\/avatar\\\/05c9a17bc973052ee5d91549bd32fb4dd0dc85b7b85ae94b2e2b4943476bbea5?s=96&d=blank&r=g\",\"contentUrl\":\"https:\\\/\\\/secure.gravatar.com\\\/avatar\\\/05c9a17bc973052ee5d91549bd32fb4dd0dc85b7b85ae94b2e2b4943476bbea5?s=96&d=blank&r=g\",\"caption\":\"Leinewelle\"},\"sameAs\":[\"http:\\\/\\\/localhost\\\/radio%20leinewelle\\\/wordpress\",\"https:\\\/\\\/www.facebook.com\\\/radioleinewelle\",\"https:\\\/\\\/www.instagram.com\\\/radioleinewelle\",\"https:\\\/\\\/x.com\\\/https:\\\/\\\/twitter.com\\\/RLeinewelle?ref_src=twsrcgoogletwcampserptwgrauthor\",\"https:\\\/\\\/soundcloud.com\\\/foerderverein-lokalradio?utm_source=clipboard&utm_medium=text&utm_campaign=social_sharing\"],\"url\":\"https:\\\/\\\/radioleinewelle.de\\\/index.php\\\/author\\\/leinewelle\\\/\"}]}<\/script>\n<!-- \/ Yoast SEO plugin. -->","yoast_head_json":{"title":"Landesweite Aktion zur Bek\u00e4mpfung der Schwarzarbeit und illegalen Besch\u00e4ftigung in Niedersachsen - Radio Leinewelle","robots":{"index":"index","follow":"follow","max-snippet":"max-snippet:-1","max-image-preview":"max-image-preview:large","max-video-preview":"max-video-preview:-1"},"canonical":"https:\/\/radioleinewelle.de\/index.php\/2020\/09\/16\/landesweite-aktion-zur-bekaempfung-der-schwarzarbeit-und-illegalen-beschaeftigung-in-niedersachsen\/","og_locale":"de_DE","og_type":"article","og_title":"Landesweite Aktion zur Bek\u00e4mpfung der Schwarzarbeit und illegalen Besch\u00e4ftigung in Niedersachsen - Radio Leinewelle","og_description":"In der letzten Woche, vom 07. &#8211; 10. September, haben Landkreise, gro\u00dfe selbst\u00e4ndige St\u00e4dte und kreisfreie St\u00e4dte zusammen mit der Finanzkontrolle Schwarzarbeit der Hauptzoll\u00e4mter (FKS) Kontrollen zur Bek\u00e4mpfung der Schwarzarbeit und illegalen Besch\u00e4ftigung schwerpunktm\u00e4\u00dfig in der Baubranche vorgenommen. Bei der vom nieders\u00e4chsischen Wirtschaftsministerium und der Generalzolldirektion koordinierten viert\u00e4gigen Aktion waren landesweit 94 Bedienstete der Kommunen, [&hellip;]","og_url":"https:\/\/radioleinewelle.de\/index.php\/2020\/09\/16\/landesweite-aktion-zur-bekaempfung-der-schwarzarbeit-und-illegalen-beschaeftigung-in-niedersachsen\/","og_site_name":"Radio Leinewelle","article_publisher":"https:\/\/www.facebook.com\/radioleinewelle","article_author":"https:\/\/www.facebook.com\/radioleinewelle","article_published_time":"2020-09-16T03:00:51+00:00","og_image":[{"width":547,"height":331,"url":"https:\/\/radioleinewelle.de\/wp-content\/uploads\/2020\/09\/taxes-1015400_640-e1600201184310.jpg","type":"image\/jpeg"}],"author":"Leinewelle","twitter_card":"summary_large_image","twitter_creator":"@https:\/\/twitter.com\/RLeinewelle?ref_src=twsrcgoogletwcampserptwgrauthor","twitter_site":"@RLeinewelle","twitter_misc":{"Verfasst von":"Leinewelle","Gesch\u00e4tzte Lesezeit":"2\u00a0Minuten"},"schema":{"@context":"https:\/\/schema.org","@graph":[{"@type":"Article","@id":"https:\/\/radioleinewelle.de\/index.php\/2020\/09\/16\/landesweite-aktion-zur-bekaempfung-der-schwarzarbeit-und-illegalen-beschaeftigung-in-niedersachsen\/#article","isPartOf":{"@id":"https:\/\/radioleinewelle.de\/index.php\/2020\/09\/16\/landesweite-aktion-zur-bekaempfung-der-schwarzarbeit-und-illegalen-beschaeftigung-in-niedersachsen\/"},"author":{"name":"Leinewelle","@id":"https:\/\/radioleinewelle.de\/#\/schema\/person\/45606f348637df637192dc1b68399a63"},"headline":"Landesweite Aktion zur Bek\u00e4mpfung der Schwarzarbeit und illegalen Besch\u00e4ftigung in Niedersachsen","datePublished":"2020-09-16T03:00:51+00:00","mainEntityOfPage":{"@id":"https:\/\/radioleinewelle.de\/index.php\/2020\/09\/16\/landesweite-aktion-zur-bekaempfung-der-schwarzarbeit-und-illegalen-beschaeftigung-in-niedersachsen\/"},"wordCount":334,"publisher":{"@id":"https:\/\/radioleinewelle.de\/#organization"},"image":{"@id":"https:\/\/radioleinewelle.de\/index.php\/2020\/09\/16\/landesweite-aktion-zur-bekaempfung-der-schwarzarbeit-und-illegalen-beschaeftigung-in-niedersachsen\/#primaryimage"},"thumbnailUrl":"https:\/\/radioleinewelle.de\/wp-content\/uploads\/2020\/09\/taxes-1015400_640-e1600201184310.jpg","inLanguage":"de"},{"@type":"WebPage","@id":"https:\/\/radioleinewelle.de\/index.php\/2020\/09\/16\/landesweite-aktion-zur-bekaempfung-der-schwarzarbeit-und-illegalen-beschaeftigung-in-niedersachsen\/","url":"https:\/\/radioleinewelle.de\/index.php\/2020\/09\/16\/landesweite-aktion-zur-bekaempfung-der-schwarzarbeit-und-illegalen-beschaeftigung-in-niedersachsen\/","name":"Landesweite Aktion zur Bek\u00e4mpfung der Schwarzarbeit und illegalen Besch\u00e4ftigung in Niedersachsen - Radio Leinewelle","isPartOf":{"@id":"https:\/\/radioleinewelle.de\/#website"},"primaryImageOfPage":{"@id":"https:\/\/radioleinewelle.de\/index.php\/2020\/09\/16\/landesweite-aktion-zur-bekaempfung-der-schwarzarbeit-und-illegalen-beschaeftigung-in-niedersachsen\/#primaryimage"},"image":{"@id":"https:\/\/radioleinewelle.de\/index.php\/2020\/09\/16\/landesweite-aktion-zur-bekaempfung-der-schwarzarbeit-und-illegalen-beschaeftigung-in-niedersachsen\/#primaryimage"},"thumbnailUrl":"https:\/\/radioleinewelle.de\/wp-content\/uploads\/2020\/09\/taxes-1015400_640-e1600201184310.jpg","datePublished":"2020-09-16T03:00:51+00:00","breadcrumb":{"@id":"https:\/\/radioleinewelle.de\/index.php\/2020\/09\/16\/landesweite-aktion-zur-bekaempfung-der-schwarzarbeit-und-illegalen-beschaeftigung-in-niedersachsen\/#breadcrumb"},"inLanguage":"de","potentialAction":[{"@type":"ReadAction","target":["https:\/\/radioleinewelle.de\/index.php\/2020\/09\/16\/landesweite-aktion-zur-bekaempfung-der-schwarzarbeit-und-illegalen-beschaeftigung-in-niedersachsen\/"]}]},{"@type":"ImageObject","inLanguage":"de","@id":"https:\/\/radioleinewelle.de\/index.php\/2020\/09\/16\/landesweite-aktion-zur-bekaempfung-der-schwarzarbeit-und-illegalen-beschaeftigung-in-niedersachsen\/#primaryimage","url":"https:\/\/radioleinewelle.de\/wp-content\/uploads\/2020\/09\/taxes-1015400_640-e1600201184310.jpg","contentUrl":"https:\/\/radioleinewelle.de\/wp-content\/uploads\/2020\/09\/taxes-1015400_640-e1600201184310.jpg","width":547,"height":331},{"@type":"BreadcrumbList","@id":"https:\/\/radioleinewelle.de\/index.php\/2020\/09\/16\/landesweite-aktion-zur-bekaempfung-der-schwarzarbeit-und-illegalen-beschaeftigung-in-niedersachsen\/#breadcrumb","itemListElement":[{"@type":"ListItem","position":1,"name":"Startseite","item":"https:\/\/radioleinewelle.de\/"},{"@type":"ListItem","position":2,"name":"Landesweite Aktion zur Bek\u00e4mpfung der Schwarzarbeit und illegalen Besch\u00e4ftigung in Niedersachsen"}]},{"@type":"WebSite","@id":"https:\/\/radioleinewelle.de\/#website","url":"https:\/\/radioleinewelle.de\/","name":"Radio Leinewelle","description":"","publisher":{"@id":"https:\/\/radioleinewelle.de\/#organization"},"potentialAction":[{"@type":"SearchAction","target":{"@type":"EntryPoint","urlTemplate":"https:\/\/radioleinewelle.de\/?s={search_term_string}"},"query-input":{"@type":"PropertyValueSpecification","valueRequired":true,"valueName":"search_term_string"}}],"inLanguage":"de"},{"@type":"Organization","@id":"https:\/\/radioleinewelle.de\/#organization","name":"Radio Leinewelle","alternateName":"Mein Radio f\u00fcr S\u00fcdniedersachsen","url":"https:\/\/radioleinewelle.de\/","logo":{"@type":"ImageObject","inLanguage":"de","@id":"https:\/\/radioleinewelle.de\/#\/schema\/logo\/image\/","url":"https:\/\/radioleinewelle.de\/wp-content\/uploads\/2023\/11\/cropped-Leinewelle_Logo_weiss.png","contentUrl":"https:\/\/radioleinewelle.de\/wp-content\/uploads\/2023\/11\/cropped-Leinewelle_Logo_weiss.png","width":854,"height":260,"caption":"Radio Leinewelle"},"image":{"@id":"https:\/\/radioleinewelle.de\/#\/schema\/logo\/image\/"},"sameAs":["https:\/\/www.facebook.com\/radioleinewelle","https:\/\/x.com\/RLeinewelle","https:\/\/www.instagram.com\/radioleinewelle\/?hl=de"]},{"@type":"Person","@id":"https:\/\/radioleinewelle.de\/#\/schema\/person\/45606f348637df637192dc1b68399a63","name":"Leinewelle","image":{"@type":"ImageObject","inLanguage":"de","@id":"https:\/\/secure.gravatar.com\/avatar\/05c9a17bc973052ee5d91549bd32fb4dd0dc85b7b85ae94b2e2b4943476bbea5?s=96&d=blank&r=g","url":"https:\/\/secure.gravatar.com\/avatar\/05c9a17bc973052ee5d91549bd32fb4dd0dc85b7b85ae94b2e2b4943476bbea5?s=96&d=blank&r=g","contentUrl":"https:\/\/secure.gravatar.com\/avatar\/05c9a17bc973052ee5d91549bd32fb4dd0dc85b7b85ae94b2e2b4943476bbea5?s=96&d=blank&r=g","caption":"Leinewelle"},"sameAs":["http:\/\/localhost\/radio%20leinewelle\/wordpress","https:\/\/www.facebook.com\/radioleinewelle","https:\/\/www.instagram.com\/radioleinewelle","https:\/\/x.com\/https:\/\/twitter.com\/RLeinewelle?ref_src=twsrcgoogletwcampserptwgrauthor","https:\/\/soundcloud.com\/foerderverein-lokalradio?utm_source=clipboard&utm_medium=text&utm_campaign=social_sharing"],"url":"https:\/\/radioleinewelle.de\/index.php\/author\/leinewelle\/"}]}},"_links":{"self":[{"href":"https:\/\/radioleinewelle.de\/index.php\/wp-json\/wp\/v2\/posts\/1664","targetHints":{"allow":["GET"]}}],"collection":[{"href":"https:\/\/radioleinewelle.de\/index.php\/wp-json\/wp\/v2\/posts"}],"about":[{"href":"https:\/\/radioleinewelle.de\/index.php\/wp-json\/wp\/v2\/types\/post"}],"author":[{"embeddable":true,"href":"https:\/\/radioleinewelle.de\/index.php\/wp-json\/wp\/v2\/users\/1"}],"replies":[{"embeddable":true,"href":"https:\/\/radioleinewelle.de\/index.php\/wp-json\/wp\/v2\/comments?post=1664"}],"version-history":[{"count":0,"href":"https:\/\/radioleinewelle.de\/index.php\/wp-json\/wp\/v2\/posts\/1664\/revisions"}],"wp:featuredmedia":[{"embeddable":true,"href":"https:\/\/radioleinewelle.de\/index.php\/wp-json\/wp\/v2\/media\/1666"}],"wp:attachment":[{"href":"https:\/\/radioleinewelle.de\/index.php\/wp-json\/wp\/v2\/media?parent=1664"}],"wp:term":[{"taxonomy":"category","embeddable":true,"href":"https:\/\/radioleinewelle.de\/index.php\/wp-json\/wp\/v2\/categories?post=1664"},{"taxonomy":"post_tag","embeddable":true,"href":"https:\/\/radioleinewelle.de\/index.php\/wp-json\/wp\/v2\/tags?post=1664"}],"curies":[{"name":"wp","href":"https:\/\/api.w.org\/{rel}","templated":true}]}}