{"id":16667,"date":"2022-12-04T10:55:00","date_gmt":"2022-12-04T09:55:00","guid":{"rendered":"https:\/\/radioleinewelle.de\/?p=16667"},"modified":"2022-12-04T10:55:00","modified_gmt":"2022-12-04T09:55:00","slug":"nichts-mehr-verpassen-kulturplattform-fuer-suedniedersachsen-geht-online","status":"publish","type":"post","link":"https:\/\/radioleinewelle.de\/index.php\/2022\/12\/04\/nichts-mehr-verpassen-kulturplattform-fuer-suedniedersachsen-geht-online\/","title":{"rendered":"\u201eNichts mehr verpassen!\u201c &#8211; Kulturplattform f\u00fcr S\u00fcdniedersachsen"},"content":{"rendered":"\n<h2 class=\"wp-block-heading\"><\/h2>\n\n\n\n<p>Ab sofort bietet <strong>&#8222;kulturis&#8220;<\/strong> neben einem umfangreichen Veranstaltungskalender f\u00fcr die Region S\u00fcdniedersachsen auch einen Kulturatlas und ein Kulturmagazin, die zum Entdecken der Region einladen. Unter dem Motto \u201eNichts mehr verpassen!\u201c startet die kostenlose Plattform.<\/p>\n\n\n\n<p>Der Slogan von kulturis \u201eNichts mehr verpassen!\u201c bezieht sich aber nicht nur auf Veranstaltungen. Ein digitaler Kulturatlas erm\u00f6glicht es, auch unabh\u00e4ngig von anstehenden Terminen Kulturorte und -akteure zu finden und sich \u00fcber ihr Schaffen zu informieren. Das <strong><a href=\"http:\/\/www.kuturis.online\">digitale kulturis-Magazin<\/a><\/strong> ver\u00f6ffentlicht zudem regelm\u00e4\u00dfig Portraits und Hintergrundberichte zu Kulturthemen und m\u00f6chte so Lust darauf machen, die reichhaltige s\u00fcdnieders\u00e4chsische Kulturszene zu erkunden.&nbsp;<\/p>\n\n\n\n<p>\u201eEndlich ist es soweit, und wir k\u00f6nnen stolz kulturis pr\u00e4sentieren!\u201c freut sich Projektleiter Moritz Steinhauer. Nach fast zwei Jahren Vorbereitungszeit kann nun die erste Version der neuen Onlineplattform f\u00fcr Kultur in S\u00fcdniedersachsen unter www.kulturis.online genutzt werden. kulturis ist ein vom Bund gef\u00f6rdertes Modellprojekt, das Kultur \u2013 insbesondere auch in l\u00e4ndlichen Regionen \u2013 sichtbarer machen m\u00f6chte und so zum Entdecken der Region einl\u00e4dt. Viele Menschen seien mobil und m\u00f6chten Kultur nicht nur vor ihrer eigenen Haust\u00fcr erleben, so Steinhauer, doch vielerorts sei es schwer, entsprechende Angebot \u00fcberhaupt zu finden. kulturis m\u00f6chte hier mit einem regionsweiten Veranstaltungskalender Abhilfe schaffen und bietet zudem oftmals direkt die M\u00f6glichkeit, Onlinetickets zu erwerben.&nbsp;<\/p>\n\n\n\n<p>Die Idee, die kulturis zugrunde liegt, entstand bereits 2020, als Kulturschaffende zu Beginn der Corona-Pandemie pl\u00f6tzlich ihrer Auftrittsm\u00f6glichkeiten beraubt waren. Der Landkreis G\u00f6ttingen entwickelte zu diesem Zeitpunkt gemeinsam mit dem G\u00f6ttinger Tageblatt die Plattform KiSN.de und schuf somit eine virtuelle B\u00fchne f\u00fcr Kulturschaffende. Mithilfe einer F\u00f6rderung vom Bund wurde ab 2021 die Weiterentwicklung von KiSN vorangetrieben mit dem Ziel, unter dem neuen Namen \u201ekulturis\u201c eine multimediale Onlineplattform f\u00fcr Kultur zu schaffen.<\/p>\n\n\n\n<p><a href=\"http:\/\/www.kulturis.online\/\">www.kulturis.online<\/a>&nbsp;wird vom Landschaftsverband S\u00fcdniedersachsen e. V. entwickelt und betreut, der die Projektleitung innehat. Gef\u00f6rdert wird das Projekt im Rahmen des Programms Heimat 2.0 vom Bundesministerium f\u00fcr Wohnen, Stadtentwicklung und Bauwesen, sowie dem Bundesinstitut f\u00fcr Bau- Stadt- und Raumforschung und wird in Kooperation mit dem Fachwerk5Eck und dem Landkreis G\u00f6ttingen durchgef\u00fchrt.<\/p>\n\n\n\n<p><strong>Foto:<\/strong> Screenshot Logo (Auszug)<\/p>\n","protected":false},"excerpt":{"rendered":"<p>Ab sofort bietet &#8222;kulturis&#8220; neben einem umfangreichen Veranstaltungskalender f\u00fcr die Region S\u00fcdniedersachsen auch einen Kulturatlas und ein Kulturmagazin, die zum Entdecken der Region einladen. Unter dem Motto \u201eNichts mehr verpassen!\u201c startet die kostenlose Plattform. Der Slogan von kulturis \u201eNichts mehr verpassen!\u201c bezieht sich aber nicht nur auf Veranstaltungen. Ein digitaler Kulturatlas erm\u00f6glicht es, auch unabh\u00e4ngig [&hellip;]<\/p>\n","protected":false},"author":1,"featured_media":16670,"comment_status":"closed","ping_status":"closed","sticky":false,"template":"","format":"standard","meta":{"saved_in_kubio":false,"footnotes":""},"categories":[45],"tags":[],"class_list":["post-16667","post","type-post","status-publish","format-standard","has-post-thumbnail","hentry","category-kultur"],"yoast_head":"<!-- This site is optimized with the Yoast SEO plugin v27.5 - https:\/\/yoast.com\/product\/yoast-seo-wordpress\/ -->\n<title>\u201eNichts mehr verpassen!\u201c - Kulturplattform f\u00fcr S\u00fcdniedersachsen - Radio Leinewelle<\/title>\n<meta name=\"robots\" content=\"index, follow, max-snippet:-1, max-image-preview:large, max-video-preview:-1\" \/>\n<link rel=\"canonical\" href=\"https:\/\/radioleinewelle.de\/index.php\/2022\/12\/04\/nichts-mehr-verpassen-kulturplattform-fuer-suedniedersachsen-geht-online\/\" \/>\n<meta property=\"og:locale\" content=\"de_DE\" \/>\n<meta property=\"og:type\" content=\"article\" \/>\n<meta property=\"og:title\" content=\"\u201eNichts mehr verpassen!\u201c - Kulturplattform f\u00fcr S\u00fcdniedersachsen - Radio Leinewelle\" \/>\n<meta property=\"og:description\" content=\"Ab sofort bietet &#8222;kulturis&#8220; neben einem umfangreichen Veranstaltungskalender f\u00fcr die Region S\u00fcdniedersachsen auch einen Kulturatlas und ein Kulturmagazin, die zum Entdecken der Region einladen. Unter dem Motto \u201eNichts mehr verpassen!\u201c startet die kostenlose Plattform. Der Slogan von kulturis \u201eNichts mehr verpassen!\u201c bezieht sich aber nicht nur auf Veranstaltungen. Ein digitaler Kulturatlas erm\u00f6glicht es, auch unabh\u00e4ngig [&hellip;]\" \/>\n<meta property=\"og:url\" content=\"https:\/\/radioleinewelle.de\/index.php\/2022\/12\/04\/nichts-mehr-verpassen-kulturplattform-fuer-suedniedersachsen-geht-online\/\" \/>\n<meta property=\"og:site_name\" content=\"Radio Leinewelle\" \/>\n<meta property=\"article:publisher\" content=\"https:\/\/www.facebook.com\/radioleinewelle\" \/>\n<meta property=\"article:author\" content=\"https:\/\/www.facebook.com\/radioleinewelle\" \/>\n<meta property=\"article:published_time\" content=\"2022-12-04T09:55:00+00:00\" \/>\n<meta property=\"og:image\" content=\"https:\/\/radioleinewelle.de\/wp-content\/uploads\/2022\/11\/P2101-030-Logo-Kulturis_Wort-Bildmarke_RGB-scaled-e1668333168443.jpg\" \/>\n\t<meta property=\"og:image:width\" content=\"1811\" \/>\n\t<meta property=\"og:image:height\" content=\"748\" \/>\n\t<meta property=\"og:image:type\" content=\"image\/jpeg\" \/>\n<meta name=\"author\" content=\"Leinewelle\" \/>\n<meta name=\"twitter:card\" content=\"summary_large_image\" \/>\n<meta name=\"twitter:creator\" content=\"@https:\/\/twitter.com\/RLeinewelle?ref_src=twsrcgoogletwcampserptwgrauthor\" \/>\n<meta name=\"twitter:site\" content=\"@RLeinewelle\" \/>\n<meta name=\"twitter:label1\" content=\"Verfasst von\" \/>\n\t<meta name=\"twitter:data1\" content=\"Leinewelle\" \/>\n\t<meta name=\"twitter:label2\" content=\"Gesch\u00e4tzte Lesezeit\" \/>\n\t<meta name=\"twitter:data2\" content=\"2\u00a0Minuten\" \/>\n<script type=\"application\/ld+json\" class=\"yoast-schema-graph\">{\"@context\":\"https:\\\/\\\/schema.org\",\"@graph\":[{\"@type\":\"Article\",\"@id\":\"https:\\\/\\\/radioleinewelle.de\\\/index.php\\\/2022\\\/12\\\/04\\\/nichts-mehr-verpassen-kulturplattform-fuer-suedniedersachsen-geht-online\\\/#article\",\"isPartOf\":{\"@id\":\"https:\\\/\\\/radioleinewelle.de\\\/index.php\\\/2022\\\/12\\\/04\\\/nichts-mehr-verpassen-kulturplattform-fuer-suedniedersachsen-geht-online\\\/\"},\"author\":{\"name\":\"Leinewelle\",\"@id\":\"https:\\\/\\\/radioleinewelle.de\\\/#\\\/schema\\\/person\\\/45606f348637df637192dc1b68399a63\"},\"headline\":\"\u201eNichts mehr verpassen!\u201c &#8211; Kulturplattform f\u00fcr S\u00fcdniedersachsen\",\"datePublished\":\"2022-12-04T09:55:00+00:00\",\"mainEntityOfPage\":{\"@id\":\"https:\\\/\\\/radioleinewelle.de\\\/index.php\\\/2022\\\/12\\\/04\\\/nichts-mehr-verpassen-kulturplattform-fuer-suedniedersachsen-geht-online\\\/\"},\"wordCount\":374,\"publisher\":{\"@id\":\"https:\\\/\\\/radioleinewelle.de\\\/#organization\"},\"image\":{\"@id\":\"https:\\\/\\\/radioleinewelle.de\\\/index.php\\\/2022\\\/12\\\/04\\\/nichts-mehr-verpassen-kulturplattform-fuer-suedniedersachsen-geht-online\\\/#primaryimage\"},\"thumbnailUrl\":\"https:\\\/\\\/radioleinewelle.de\\\/wp-content\\\/uploads\\\/2022\\\/11\\\/P2101-030-Logo-Kulturis_Wort-Bildmarke_RGB-scaled-e1668333168443.jpg\",\"articleSection\":[\"Kultur\"],\"inLanguage\":\"de\"},{\"@type\":\"WebPage\",\"@id\":\"https:\\\/\\\/radioleinewelle.de\\\/index.php\\\/2022\\\/12\\\/04\\\/nichts-mehr-verpassen-kulturplattform-fuer-suedniedersachsen-geht-online\\\/\",\"url\":\"https:\\\/\\\/radioleinewelle.de\\\/index.php\\\/2022\\\/12\\\/04\\\/nichts-mehr-verpassen-kulturplattform-fuer-suedniedersachsen-geht-online\\\/\",\"name\":\"\u201eNichts mehr verpassen!\u201c - Kulturplattform f\u00fcr S\u00fcdniedersachsen - Radio Leinewelle\",\"isPartOf\":{\"@id\":\"https:\\\/\\\/radioleinewelle.de\\\/#website\"},\"primaryImageOfPage\":{\"@id\":\"https:\\\/\\\/radioleinewelle.de\\\/index.php\\\/2022\\\/12\\\/04\\\/nichts-mehr-verpassen-kulturplattform-fuer-suedniedersachsen-geht-online\\\/#primaryimage\"},\"image\":{\"@id\":\"https:\\\/\\\/radioleinewelle.de\\\/index.php\\\/2022\\\/12\\\/04\\\/nichts-mehr-verpassen-kulturplattform-fuer-suedniedersachsen-geht-online\\\/#primaryimage\"},\"thumbnailUrl\":\"https:\\\/\\\/radioleinewelle.de\\\/wp-content\\\/uploads\\\/2022\\\/11\\\/P2101-030-Logo-Kulturis_Wort-Bildmarke_RGB-scaled-e1668333168443.jpg\",\"datePublished\":\"2022-12-04T09:55:00+00:00\",\"breadcrumb\":{\"@id\":\"https:\\\/\\\/radioleinewelle.de\\\/index.php\\\/2022\\\/12\\\/04\\\/nichts-mehr-verpassen-kulturplattform-fuer-suedniedersachsen-geht-online\\\/#breadcrumb\"},\"inLanguage\":\"de\",\"potentialAction\":[{\"@type\":\"ReadAction\",\"target\":[\"https:\\\/\\\/radioleinewelle.de\\\/index.php\\\/2022\\\/12\\\/04\\\/nichts-mehr-verpassen-kulturplattform-fuer-suedniedersachsen-geht-online\\\/\"]}]},{\"@type\":\"ImageObject\",\"inLanguage\":\"de\",\"@id\":\"https:\\\/\\\/radioleinewelle.de\\\/index.php\\\/2022\\\/12\\\/04\\\/nichts-mehr-verpassen-kulturplattform-fuer-suedniedersachsen-geht-online\\\/#primaryimage\",\"url\":\"https:\\\/\\\/radioleinewelle.de\\\/wp-content\\\/uploads\\\/2022\\\/11\\\/P2101-030-Logo-Kulturis_Wort-Bildmarke_RGB-scaled-e1668333168443.jpg\",\"contentUrl\":\"https:\\\/\\\/radioleinewelle.de\\\/wp-content\\\/uploads\\\/2022\\\/11\\\/P2101-030-Logo-Kulturis_Wort-Bildmarke_RGB-scaled-e1668333168443.jpg\",\"width\":1811,\"height\":748},{\"@type\":\"BreadcrumbList\",\"@id\":\"https:\\\/\\\/radioleinewelle.de\\\/index.php\\\/2022\\\/12\\\/04\\\/nichts-mehr-verpassen-kulturplattform-fuer-suedniedersachsen-geht-online\\\/#breadcrumb\",\"itemListElement\":[{\"@type\":\"ListItem\",\"position\":1,\"name\":\"Startseite\",\"item\":\"https:\\\/\\\/radioleinewelle.de\\\/\"},{\"@type\":\"ListItem\",\"position\":2,\"name\":\"\u201eNichts mehr verpassen!\u201c &#8211; Kulturplattform f\u00fcr S\u00fcdniedersachsen\"}]},{\"@type\":\"WebSite\",\"@id\":\"https:\\\/\\\/radioleinewelle.de\\\/#website\",\"url\":\"https:\\\/\\\/radioleinewelle.de\\\/\",\"name\":\"Radio Leinewelle\",\"description\":\"\",\"publisher\":{\"@id\":\"https:\\\/\\\/radioleinewelle.de\\\/#organization\"},\"potentialAction\":[{\"@type\":\"SearchAction\",\"target\":{\"@type\":\"EntryPoint\",\"urlTemplate\":\"https:\\\/\\\/radioleinewelle.de\\\/?s={search_term_string}\"},\"query-input\":{\"@type\":\"PropertyValueSpecification\",\"valueRequired\":true,\"valueName\":\"search_term_string\"}}],\"inLanguage\":\"de\"},{\"@type\":\"Organization\",\"@id\":\"https:\\\/\\\/radioleinewelle.de\\\/#organization\",\"name\":\"Radio Leinewelle\",\"alternateName\":\"Mein Radio f\u00fcr S\u00fcdniedersachsen\",\"url\":\"https:\\\/\\\/radioleinewelle.de\\\/\",\"logo\":{\"@type\":\"ImageObject\",\"inLanguage\":\"de\",\"@id\":\"https:\\\/\\\/radioleinewelle.de\\\/#\\\/schema\\\/logo\\\/image\\\/\",\"url\":\"https:\\\/\\\/radioleinewelle.de\\\/wp-content\\\/uploads\\\/2023\\\/11\\\/cropped-Leinewelle_Logo_weiss.png\",\"contentUrl\":\"https:\\\/\\\/radioleinewelle.de\\\/wp-content\\\/uploads\\\/2023\\\/11\\\/cropped-Leinewelle_Logo_weiss.png\",\"width\":854,\"height\":260,\"caption\":\"Radio Leinewelle\"},\"image\":{\"@id\":\"https:\\\/\\\/radioleinewelle.de\\\/#\\\/schema\\\/logo\\\/image\\\/\"},\"sameAs\":[\"https:\\\/\\\/www.facebook.com\\\/radioleinewelle\",\"https:\\\/\\\/x.com\\\/RLeinewelle\",\"https:\\\/\\\/www.instagram.com\\\/radioleinewelle\\\/?hl=de\"]},{\"@type\":\"Person\",\"@id\":\"https:\\\/\\\/radioleinewelle.de\\\/#\\\/schema\\\/person\\\/45606f348637df637192dc1b68399a63\",\"name\":\"Leinewelle\",\"image\":{\"@type\":\"ImageObject\",\"inLanguage\":\"de\",\"@id\":\"https:\\\/\\\/secure.gravatar.com\\\/avatar\\\/05c9a17bc973052ee5d91549bd32fb4dd0dc85b7b85ae94b2e2b4943476bbea5?s=96&d=blank&r=g\",\"url\":\"https:\\\/\\\/secure.gravatar.com\\\/avatar\\\/05c9a17bc973052ee5d91549bd32fb4dd0dc85b7b85ae94b2e2b4943476bbea5?s=96&d=blank&r=g\",\"contentUrl\":\"https:\\\/\\\/secure.gravatar.com\\\/avatar\\\/05c9a17bc973052ee5d91549bd32fb4dd0dc85b7b85ae94b2e2b4943476bbea5?s=96&d=blank&r=g\",\"caption\":\"Leinewelle\"},\"sameAs\":[\"http:\\\/\\\/localhost\\\/radio%20leinewelle\\\/wordpress\",\"https:\\\/\\\/www.facebook.com\\\/radioleinewelle\",\"https:\\\/\\\/www.instagram.com\\\/radioleinewelle\",\"https:\\\/\\\/x.com\\\/https:\\\/\\\/twitter.com\\\/RLeinewelle?ref_src=twsrcgoogletwcampserptwgrauthor\",\"https:\\\/\\\/soundcloud.com\\\/foerderverein-lokalradio?utm_source=clipboard&utm_medium=text&utm_campaign=social_sharing\"],\"url\":\"https:\\\/\\\/radioleinewelle.de\\\/index.php\\\/author\\\/leinewelle\\\/\"}]}<\/script>\n<!-- \/ Yoast SEO plugin. -->","yoast_head_json":{"title":"\u201eNichts mehr verpassen!\u201c - Kulturplattform f\u00fcr S\u00fcdniedersachsen - Radio Leinewelle","robots":{"index":"index","follow":"follow","max-snippet":"max-snippet:-1","max-image-preview":"max-image-preview:large","max-video-preview":"max-video-preview:-1"},"canonical":"https:\/\/radioleinewelle.de\/index.php\/2022\/12\/04\/nichts-mehr-verpassen-kulturplattform-fuer-suedniedersachsen-geht-online\/","og_locale":"de_DE","og_type":"article","og_title":"\u201eNichts mehr verpassen!\u201c - Kulturplattform f\u00fcr S\u00fcdniedersachsen - Radio Leinewelle","og_description":"Ab sofort bietet &#8222;kulturis&#8220; neben einem umfangreichen Veranstaltungskalender f\u00fcr die Region S\u00fcdniedersachsen auch einen Kulturatlas und ein Kulturmagazin, die zum Entdecken der Region einladen. Unter dem Motto \u201eNichts mehr verpassen!\u201c startet die kostenlose Plattform. Der Slogan von kulturis \u201eNichts mehr verpassen!\u201c bezieht sich aber nicht nur auf Veranstaltungen. Ein digitaler Kulturatlas erm\u00f6glicht es, auch unabh\u00e4ngig [&hellip;]","og_url":"https:\/\/radioleinewelle.de\/index.php\/2022\/12\/04\/nichts-mehr-verpassen-kulturplattform-fuer-suedniedersachsen-geht-online\/","og_site_name":"Radio Leinewelle","article_publisher":"https:\/\/www.facebook.com\/radioleinewelle","article_author":"https:\/\/www.facebook.com\/radioleinewelle","article_published_time":"2022-12-04T09:55:00+00:00","og_image":[{"width":1811,"height":748,"url":"https:\/\/radioleinewelle.de\/wp-content\/uploads\/2022\/11\/P2101-030-Logo-Kulturis_Wort-Bildmarke_RGB-scaled-e1668333168443.jpg","type":"image\/jpeg"}],"author":"Leinewelle","twitter_card":"summary_large_image","twitter_creator":"@https:\/\/twitter.com\/RLeinewelle?ref_src=twsrcgoogletwcampserptwgrauthor","twitter_site":"@RLeinewelle","twitter_misc":{"Verfasst von":"Leinewelle","Gesch\u00e4tzte Lesezeit":"2\u00a0Minuten"},"schema":{"@context":"https:\/\/schema.org","@graph":[{"@type":"Article","@id":"https:\/\/radioleinewelle.de\/index.php\/2022\/12\/04\/nichts-mehr-verpassen-kulturplattform-fuer-suedniedersachsen-geht-online\/#article","isPartOf":{"@id":"https:\/\/radioleinewelle.de\/index.php\/2022\/12\/04\/nichts-mehr-verpassen-kulturplattform-fuer-suedniedersachsen-geht-online\/"},"author":{"name":"Leinewelle","@id":"https:\/\/radioleinewelle.de\/#\/schema\/person\/45606f348637df637192dc1b68399a63"},"headline":"\u201eNichts mehr verpassen!\u201c &#8211; Kulturplattform f\u00fcr S\u00fcdniedersachsen","datePublished":"2022-12-04T09:55:00+00:00","mainEntityOfPage":{"@id":"https:\/\/radioleinewelle.de\/index.php\/2022\/12\/04\/nichts-mehr-verpassen-kulturplattform-fuer-suedniedersachsen-geht-online\/"},"wordCount":374,"publisher":{"@id":"https:\/\/radioleinewelle.de\/#organization"},"image":{"@id":"https:\/\/radioleinewelle.de\/index.php\/2022\/12\/04\/nichts-mehr-verpassen-kulturplattform-fuer-suedniedersachsen-geht-online\/#primaryimage"},"thumbnailUrl":"https:\/\/radioleinewelle.de\/wp-content\/uploads\/2022\/11\/P2101-030-Logo-Kulturis_Wort-Bildmarke_RGB-scaled-e1668333168443.jpg","articleSection":["Kultur"],"inLanguage":"de"},{"@type":"WebPage","@id":"https:\/\/radioleinewelle.de\/index.php\/2022\/12\/04\/nichts-mehr-verpassen-kulturplattform-fuer-suedniedersachsen-geht-online\/","url":"https:\/\/radioleinewelle.de\/index.php\/2022\/12\/04\/nichts-mehr-verpassen-kulturplattform-fuer-suedniedersachsen-geht-online\/","name":"\u201eNichts mehr verpassen!\u201c - Kulturplattform f\u00fcr S\u00fcdniedersachsen - Radio Leinewelle","isPartOf":{"@id":"https:\/\/radioleinewelle.de\/#website"},"primaryImageOfPage":{"@id":"https:\/\/radioleinewelle.de\/index.php\/2022\/12\/04\/nichts-mehr-verpassen-kulturplattform-fuer-suedniedersachsen-geht-online\/#primaryimage"},"image":{"@id":"https:\/\/radioleinewelle.de\/index.php\/2022\/12\/04\/nichts-mehr-verpassen-kulturplattform-fuer-suedniedersachsen-geht-online\/#primaryimage"},"thumbnailUrl":"https:\/\/radioleinewelle.de\/wp-content\/uploads\/2022\/11\/P2101-030-Logo-Kulturis_Wort-Bildmarke_RGB-scaled-e1668333168443.jpg","datePublished":"2022-12-04T09:55:00+00:00","breadcrumb":{"@id":"https:\/\/radioleinewelle.de\/index.php\/2022\/12\/04\/nichts-mehr-verpassen-kulturplattform-fuer-suedniedersachsen-geht-online\/#breadcrumb"},"inLanguage":"de","potentialAction":[{"@type":"ReadAction","target":["https:\/\/radioleinewelle.de\/index.php\/2022\/12\/04\/nichts-mehr-verpassen-kulturplattform-fuer-suedniedersachsen-geht-online\/"]}]},{"@type":"ImageObject","inLanguage":"de","@id":"https:\/\/radioleinewelle.de\/index.php\/2022\/12\/04\/nichts-mehr-verpassen-kulturplattform-fuer-suedniedersachsen-geht-online\/#primaryimage","url":"https:\/\/radioleinewelle.de\/wp-content\/uploads\/2022\/11\/P2101-030-Logo-Kulturis_Wort-Bildmarke_RGB-scaled-e1668333168443.jpg","contentUrl":"https:\/\/radioleinewelle.de\/wp-content\/uploads\/2022\/11\/P2101-030-Logo-Kulturis_Wort-Bildmarke_RGB-scaled-e1668333168443.jpg","width":1811,"height":748},{"@type":"BreadcrumbList","@id":"https:\/\/radioleinewelle.de\/index.php\/2022\/12\/04\/nichts-mehr-verpassen-kulturplattform-fuer-suedniedersachsen-geht-online\/#breadcrumb","itemListElement":[{"@type":"ListItem","position":1,"name":"Startseite","item":"https:\/\/radioleinewelle.de\/"},{"@type":"ListItem","position":2,"name":"\u201eNichts mehr verpassen!\u201c &#8211; Kulturplattform f\u00fcr S\u00fcdniedersachsen"}]},{"@type":"WebSite","@id":"https:\/\/radioleinewelle.de\/#website","url":"https:\/\/radioleinewelle.de\/","name":"Radio Leinewelle","description":"","publisher":{"@id":"https:\/\/radioleinewelle.de\/#organization"},"potentialAction":[{"@type":"SearchAction","target":{"@type":"EntryPoint","urlTemplate":"https:\/\/radioleinewelle.de\/?s={search_term_string}"},"query-input":{"@type":"PropertyValueSpecification","valueRequired":true,"valueName":"search_term_string"}}],"inLanguage":"de"},{"@type":"Organization","@id":"https:\/\/radioleinewelle.de\/#organization","name":"Radio Leinewelle","alternateName":"Mein Radio f\u00fcr S\u00fcdniedersachsen","url":"https:\/\/radioleinewelle.de\/","logo":{"@type":"ImageObject","inLanguage":"de","@id":"https:\/\/radioleinewelle.de\/#\/schema\/logo\/image\/","url":"https:\/\/radioleinewelle.de\/wp-content\/uploads\/2023\/11\/cropped-Leinewelle_Logo_weiss.png","contentUrl":"https:\/\/radioleinewelle.de\/wp-content\/uploads\/2023\/11\/cropped-Leinewelle_Logo_weiss.png","width":854,"height":260,"caption":"Radio Leinewelle"},"image":{"@id":"https:\/\/radioleinewelle.de\/#\/schema\/logo\/image\/"},"sameAs":["https:\/\/www.facebook.com\/radioleinewelle","https:\/\/x.com\/RLeinewelle","https:\/\/www.instagram.com\/radioleinewelle\/?hl=de"]},{"@type":"Person","@id":"https:\/\/radioleinewelle.de\/#\/schema\/person\/45606f348637df637192dc1b68399a63","name":"Leinewelle","image":{"@type":"ImageObject","inLanguage":"de","@id":"https:\/\/secure.gravatar.com\/avatar\/05c9a17bc973052ee5d91549bd32fb4dd0dc85b7b85ae94b2e2b4943476bbea5?s=96&d=blank&r=g","url":"https:\/\/secure.gravatar.com\/avatar\/05c9a17bc973052ee5d91549bd32fb4dd0dc85b7b85ae94b2e2b4943476bbea5?s=96&d=blank&r=g","contentUrl":"https:\/\/secure.gravatar.com\/avatar\/05c9a17bc973052ee5d91549bd32fb4dd0dc85b7b85ae94b2e2b4943476bbea5?s=96&d=blank&r=g","caption":"Leinewelle"},"sameAs":["http:\/\/localhost\/radio%20leinewelle\/wordpress","https:\/\/www.facebook.com\/radioleinewelle","https:\/\/www.instagram.com\/radioleinewelle","https:\/\/x.com\/https:\/\/twitter.com\/RLeinewelle?ref_src=twsrcgoogletwcampserptwgrauthor","https:\/\/soundcloud.com\/foerderverein-lokalradio?utm_source=clipboard&utm_medium=text&utm_campaign=social_sharing"],"url":"https:\/\/radioleinewelle.de\/index.php\/author\/leinewelle\/"}]}},"_links":{"self":[{"href":"https:\/\/radioleinewelle.de\/index.php\/wp-json\/wp\/v2\/posts\/16667","targetHints":{"allow":["GET"]}}],"collection":[{"href":"https:\/\/radioleinewelle.de\/index.php\/wp-json\/wp\/v2\/posts"}],"about":[{"href":"https:\/\/radioleinewelle.de\/index.php\/wp-json\/wp\/v2\/types\/post"}],"author":[{"embeddable":true,"href":"https:\/\/radioleinewelle.de\/index.php\/wp-json\/wp\/v2\/users\/1"}],"replies":[{"embeddable":true,"href":"https:\/\/radioleinewelle.de\/index.php\/wp-json\/wp\/v2\/comments?post=16667"}],"version-history":[{"count":0,"href":"https:\/\/radioleinewelle.de\/index.php\/wp-json\/wp\/v2\/posts\/16667\/revisions"}],"wp:featuredmedia":[{"embeddable":true,"href":"https:\/\/radioleinewelle.de\/index.php\/wp-json\/wp\/v2\/media\/16670"}],"wp:attachment":[{"href":"https:\/\/radioleinewelle.de\/index.php\/wp-json\/wp\/v2\/media?parent=16667"}],"wp:term":[{"taxonomy":"category","embeddable":true,"href":"https:\/\/radioleinewelle.de\/index.php\/wp-json\/wp\/v2\/categories?post=16667"},{"taxonomy":"post_tag","embeddable":true,"href":"https:\/\/radioleinewelle.de\/index.php\/wp-json\/wp\/v2\/tags?post=16667"}],"curies":[{"name":"wp","href":"https:\/\/api.w.org\/{rel}","templated":true}]}}