{"id":1668,"date":"2020-09-16T05:40:59","date_gmt":"2020-09-16T03:40:59","guid":{"rendered":"https:\/\/radioleinewelle.de\/?p=1668"},"modified":"2020-09-16T05:40:59","modified_gmt":"2020-09-16T03:40:59","slug":"veranstaltungstipp-kultursommer-auf-der-burg-plesse-mit-carinha-friends-am-19-09","status":"publish","type":"post","link":"https:\/\/radioleinewelle.de\/index.php\/2020\/09\/16\/veranstaltungstipp-kultursommer-auf-der-burg-plesse-mit-carinha-friends-am-19-09\/","title":{"rendered":"Veranstaltungstipp: Kultursommer auf der Burg Plesse mit Carinha &#038; Friends am 19.09."},"content":{"rendered":"<div class=\"vc_row wpb_row vc_inner vc_row-fluid\">\n<div class=\"wpb_column vc_column_container vc_col-sm-6\">\n<div class=\"vc_column-inner\">\n<div class=\"wpb_wrapper\">\n<div class=\"wpb_text_column wpb_content_element \">\n<div class=\"wpb_wrapper\">\n<p>Die in G\u00f6ttingen geborene K\u00fcnstlerin Carinha l\u00e4sst ihre Seele auf der Burg Plesse erklingen und pr\u00e4sentiert ihre facettenreiche Musik. Zu altbekannten Songs gesellen sich neue, kraftvollere St\u00fccke, die teilweise an PJ Harvey oder The Cure erinnern.\u00a0Mal sph\u00e4rische, mal poppig angehauchte Melodien, elektronische Arrangements, rein akustisch oder auch mal kriegerisch treibende Beats \u2013 alles wird getragen von Carinhas aussergew\u00f6hnlichen Stimme, die m\u00fchelos zwischen Hochgebirge und Tiefsee umherfliegt und mit warmer Intimit\u00e4t Loreena McKennitt \u00e4hnelt.\u00a0\u201eDie Elfe aus dem Eichsfeld\u201c singt in Englisch, in Deutsch und meist in ihrer ganz eigenen Sprache.\u00a0Freut Euch auf einen stimmungsvollen Sommerabend vor einer besonderen Kulisse und begleitet Carinha und ihre G\u00e4ste auf einer Reise zwischen Welten und Zeiten.<\/p>\n<p>\u201eHEROES\u201c\u00a0Welche Freunde Carinha begleiten, wie die Musik klingt und alle weiteren News erfahrt ihr regelm\u00e4\u00dfig auf Carinhas Facebookseite:\u00a0\u00a0<a href=\"https:\/\/www.facebook.com\/Carinha.musik\">https:\/\/www.facebook.com\/Carinha.musik<\/a>\u00a0und auf ihrer Webseite:\u00a0<a href=\"http:\/\/www.carinha.de\/\">WWW.CARINHA.DE<\/a><\/p>\n<p>Besetzung: Akkordeon, Didgeridoo, Elektronics, Piano, Gitarre, Percussion \u2026<\/p>\n<\/div>\n<\/div>\n<\/div>\n<\/div>\n<\/div>\n<\/div>\n<div class=\"wpb_text_column wpb_content_element \">\n<div class=\"wpb_wrapper\">\n<p><strong>Einlass: 18 Uhr \u2013 <\/strong><strong>Beginn: 19 Uhr \u2013 <\/strong><strong>Eintritt: 12,50 \u20ac \u2013 <\/strong><strong>Ausschlie\u00dflich Abendkasse, first come, first served<\/strong><\/p>\n<p><strong>Reservierung m\u00f6glich unter reservierung@burg-plesse.de<\/strong><br \/>\n<strong>(reservierte Karten m\u00fcssen bis 18:30 Uhr abgeholt sein)<\/strong><\/p>\n<\/div>\n<\/div>\n","protected":false},"excerpt":{"rendered":"<p>Die in G\u00f6ttingen geborene K\u00fcnstlerin Carinha l\u00e4sst ihre Seele auf der Burg Plesse erklingen und pr\u00e4sentiert ihre facettenreiche Musik. Zu altbekannten Songs gesellen sich neue, kraftvollere St\u00fccke, die teilweise an PJ Harvey oder The Cure erinnern.\u00a0Mal sph\u00e4rische, mal poppig angehauchte Melodien, elektronische Arrangements, rein akustisch oder auch mal kriegerisch treibende Beats \u2013 alles wird getragen [&hellip;]<\/p>\n","protected":false},"author":1,"featured_media":1671,"comment_status":"closed","ping_status":"closed","sticky":false,"template":"","format":"standard","meta":{"saved_in_kubio":false,"footnotes":""},"categories":[1],"tags":[],"class_list":["post-1668","post","type-post","status-publish","format-standard","has-post-thumbnail","hentry","category-allgemein"],"yoast_head":"<!-- This site is optimized with the Yoast SEO plugin v27.5 - https:\/\/yoast.com\/product\/yoast-seo-wordpress\/ -->\n<title>Veranstaltungstipp: Kultursommer auf der Burg Plesse mit Carinha &amp; Friends am 19.09. - Radio Leinewelle<\/title>\n<meta name=\"robots\" content=\"index, follow, max-snippet:-1, max-image-preview:large, max-video-preview:-1\" \/>\n<link rel=\"canonical\" href=\"https:\/\/radioleinewelle.de\/index.php\/2020\/09\/16\/veranstaltungstipp-kultursommer-auf-der-burg-plesse-mit-carinha-friends-am-19-09\/\" \/>\n<meta property=\"og:locale\" content=\"de_DE\" \/>\n<meta property=\"og:type\" content=\"article\" \/>\n<meta property=\"og:title\" content=\"Veranstaltungstipp: Kultursommer auf der Burg Plesse mit Carinha &amp; Friends am 19.09. - Radio Leinewelle\" \/>\n<meta property=\"og:description\" content=\"Die in G\u00f6ttingen geborene K\u00fcnstlerin Carinha l\u00e4sst ihre Seele auf der Burg Plesse erklingen und pr\u00e4sentiert ihre facettenreiche Musik. Zu altbekannten Songs gesellen sich neue, kraftvollere St\u00fccke, die teilweise an PJ Harvey oder The Cure erinnern.\u00a0Mal sph\u00e4rische, mal poppig angehauchte Melodien, elektronische Arrangements, rein akustisch oder auch mal kriegerisch treibende Beats \u2013 alles wird getragen [&hellip;]\" \/>\n<meta property=\"og:url\" content=\"https:\/\/radioleinewelle.de\/index.php\/2020\/09\/16\/veranstaltungstipp-kultursommer-auf-der-burg-plesse-mit-carinha-friends-am-19-09\/\" \/>\n<meta property=\"og:site_name\" content=\"Radio Leinewelle\" \/>\n<meta property=\"article:publisher\" content=\"https:\/\/www.facebook.com\/radioleinewelle\" \/>\n<meta property=\"article:author\" content=\"https:\/\/www.facebook.com\/radioleinewelle\" \/>\n<meta property=\"article:published_time\" content=\"2020-09-16T03:40:59+00:00\" \/>\n<meta property=\"og:image\" content=\"https:\/\/radioleinewelle.de\/wp-content\/uploads\/2020\/09\/Carinha_Heroes_BurgPlesse2.jpg\" \/>\n\t<meta property=\"og:image:width\" content=\"480\" \/>\n\t<meta property=\"og:image:height\" content=\"480\" \/>\n\t<meta property=\"og:image:type\" content=\"image\/jpeg\" \/>\n<meta name=\"author\" content=\"Leinewelle\" \/>\n<meta name=\"twitter:card\" content=\"summary_large_image\" \/>\n<meta name=\"twitter:creator\" content=\"@https:\/\/twitter.com\/RLeinewelle?ref_src=twsrcgoogletwcampserptwgrauthor\" \/>\n<meta name=\"twitter:site\" content=\"@RLeinewelle\" \/>\n<meta name=\"twitter:label1\" content=\"Verfasst von\" \/>\n\t<meta name=\"twitter:data1\" content=\"Leinewelle\" \/>\n\t<meta name=\"twitter:label2\" content=\"Gesch\u00e4tzte Lesezeit\" \/>\n\t<meta name=\"twitter:data2\" content=\"1\u00a0Minute\" \/>\n<script type=\"application\/ld+json\" class=\"yoast-schema-graph\">{\"@context\":\"https:\\\/\\\/schema.org\",\"@graph\":[{\"@type\":\"Article\",\"@id\":\"https:\\\/\\\/radioleinewelle.de\\\/index.php\\\/2020\\\/09\\\/16\\\/veranstaltungstipp-kultursommer-auf-der-burg-plesse-mit-carinha-friends-am-19-09\\\/#article\",\"isPartOf\":{\"@id\":\"https:\\\/\\\/radioleinewelle.de\\\/index.php\\\/2020\\\/09\\\/16\\\/veranstaltungstipp-kultursommer-auf-der-burg-plesse-mit-carinha-friends-am-19-09\\\/\"},\"author\":{\"name\":\"Leinewelle\",\"@id\":\"https:\\\/\\\/radioleinewelle.de\\\/#\\\/schema\\\/person\\\/45606f348637df637192dc1b68399a63\"},\"headline\":\"Veranstaltungstipp: Kultursommer auf der Burg Plesse mit Carinha &#038; Friends am 19.09.\",\"datePublished\":\"2020-09-16T03:40:59+00:00\",\"mainEntityOfPage\":{\"@id\":\"https:\\\/\\\/radioleinewelle.de\\\/index.php\\\/2020\\\/09\\\/16\\\/veranstaltungstipp-kultursommer-auf-der-burg-plesse-mit-carinha-friends-am-19-09\\\/\"},\"wordCount\":200,\"publisher\":{\"@id\":\"https:\\\/\\\/radioleinewelle.de\\\/#organization\"},\"image\":{\"@id\":\"https:\\\/\\\/radioleinewelle.de\\\/index.php\\\/2020\\\/09\\\/16\\\/veranstaltungstipp-kultursommer-auf-der-burg-plesse-mit-carinha-friends-am-19-09\\\/#primaryimage\"},\"thumbnailUrl\":\"https:\\\/\\\/radioleinewelle.de\\\/wp-content\\\/uploads\\\/2020\\\/09\\\/Carinha_Heroes_BurgPlesse2.jpg\",\"inLanguage\":\"de\"},{\"@type\":\"WebPage\",\"@id\":\"https:\\\/\\\/radioleinewelle.de\\\/index.php\\\/2020\\\/09\\\/16\\\/veranstaltungstipp-kultursommer-auf-der-burg-plesse-mit-carinha-friends-am-19-09\\\/\",\"url\":\"https:\\\/\\\/radioleinewelle.de\\\/index.php\\\/2020\\\/09\\\/16\\\/veranstaltungstipp-kultursommer-auf-der-burg-plesse-mit-carinha-friends-am-19-09\\\/\",\"name\":\"Veranstaltungstipp: Kultursommer auf der Burg Plesse mit Carinha & Friends am 19.09. - Radio Leinewelle\",\"isPartOf\":{\"@id\":\"https:\\\/\\\/radioleinewelle.de\\\/#website\"},\"primaryImageOfPage\":{\"@id\":\"https:\\\/\\\/radioleinewelle.de\\\/index.php\\\/2020\\\/09\\\/16\\\/veranstaltungstipp-kultursommer-auf-der-burg-plesse-mit-carinha-friends-am-19-09\\\/#primaryimage\"},\"image\":{\"@id\":\"https:\\\/\\\/radioleinewelle.de\\\/index.php\\\/2020\\\/09\\\/16\\\/veranstaltungstipp-kultursommer-auf-der-burg-plesse-mit-carinha-friends-am-19-09\\\/#primaryimage\"},\"thumbnailUrl\":\"https:\\\/\\\/radioleinewelle.de\\\/wp-content\\\/uploads\\\/2020\\\/09\\\/Carinha_Heroes_BurgPlesse2.jpg\",\"datePublished\":\"2020-09-16T03:40:59+00:00\",\"breadcrumb\":{\"@id\":\"https:\\\/\\\/radioleinewelle.de\\\/index.php\\\/2020\\\/09\\\/16\\\/veranstaltungstipp-kultursommer-auf-der-burg-plesse-mit-carinha-friends-am-19-09\\\/#breadcrumb\"},\"inLanguage\":\"de\",\"potentialAction\":[{\"@type\":\"ReadAction\",\"target\":[\"https:\\\/\\\/radioleinewelle.de\\\/index.php\\\/2020\\\/09\\\/16\\\/veranstaltungstipp-kultursommer-auf-der-burg-plesse-mit-carinha-friends-am-19-09\\\/\"]}]},{\"@type\":\"ImageObject\",\"inLanguage\":\"de\",\"@id\":\"https:\\\/\\\/radioleinewelle.de\\\/index.php\\\/2020\\\/09\\\/16\\\/veranstaltungstipp-kultursommer-auf-der-burg-plesse-mit-carinha-friends-am-19-09\\\/#primaryimage\",\"url\":\"https:\\\/\\\/radioleinewelle.de\\\/wp-content\\\/uploads\\\/2020\\\/09\\\/Carinha_Heroes_BurgPlesse2.jpg\",\"contentUrl\":\"https:\\\/\\\/radioleinewelle.de\\\/wp-content\\\/uploads\\\/2020\\\/09\\\/Carinha_Heroes_BurgPlesse2.jpg\",\"width\":480,\"height\":480},{\"@type\":\"BreadcrumbList\",\"@id\":\"https:\\\/\\\/radioleinewelle.de\\\/index.php\\\/2020\\\/09\\\/16\\\/veranstaltungstipp-kultursommer-auf-der-burg-plesse-mit-carinha-friends-am-19-09\\\/#breadcrumb\",\"itemListElement\":[{\"@type\":\"ListItem\",\"position\":1,\"name\":\"Startseite\",\"item\":\"https:\\\/\\\/radioleinewelle.de\\\/\"},{\"@type\":\"ListItem\",\"position\":2,\"name\":\"Veranstaltungstipp: Kultursommer auf der Burg Plesse mit Carinha &#038; Friends am 19.09.\"}]},{\"@type\":\"WebSite\",\"@id\":\"https:\\\/\\\/radioleinewelle.de\\\/#website\",\"url\":\"https:\\\/\\\/radioleinewelle.de\\\/\",\"name\":\"Radio Leinewelle\",\"description\":\"\",\"publisher\":{\"@id\":\"https:\\\/\\\/radioleinewelle.de\\\/#organization\"},\"potentialAction\":[{\"@type\":\"SearchAction\",\"target\":{\"@type\":\"EntryPoint\",\"urlTemplate\":\"https:\\\/\\\/radioleinewelle.de\\\/?s={search_term_string}\"},\"query-input\":{\"@type\":\"PropertyValueSpecification\",\"valueRequired\":true,\"valueName\":\"search_term_string\"}}],\"inLanguage\":\"de\"},{\"@type\":\"Organization\",\"@id\":\"https:\\\/\\\/radioleinewelle.de\\\/#organization\",\"name\":\"Radio Leinewelle\",\"alternateName\":\"Mein Radio f\u00fcr S\u00fcdniedersachsen\",\"url\":\"https:\\\/\\\/radioleinewelle.de\\\/\",\"logo\":{\"@type\":\"ImageObject\",\"inLanguage\":\"de\",\"@id\":\"https:\\\/\\\/radioleinewelle.de\\\/#\\\/schema\\\/logo\\\/image\\\/\",\"url\":\"https:\\\/\\\/radioleinewelle.de\\\/wp-content\\\/uploads\\\/2023\\\/11\\\/cropped-Leinewelle_Logo_weiss.png\",\"contentUrl\":\"https:\\\/\\\/radioleinewelle.de\\\/wp-content\\\/uploads\\\/2023\\\/11\\\/cropped-Leinewelle_Logo_weiss.png\",\"width\":854,\"height\":260,\"caption\":\"Radio Leinewelle\"},\"image\":{\"@id\":\"https:\\\/\\\/radioleinewelle.de\\\/#\\\/schema\\\/logo\\\/image\\\/\"},\"sameAs\":[\"https:\\\/\\\/www.facebook.com\\\/radioleinewelle\",\"https:\\\/\\\/x.com\\\/RLeinewelle\",\"https:\\\/\\\/www.instagram.com\\\/radioleinewelle\\\/?hl=de\"]},{\"@type\":\"Person\",\"@id\":\"https:\\\/\\\/radioleinewelle.de\\\/#\\\/schema\\\/person\\\/45606f348637df637192dc1b68399a63\",\"name\":\"Leinewelle\",\"image\":{\"@type\":\"ImageObject\",\"inLanguage\":\"de\",\"@id\":\"https:\\\/\\\/secure.gravatar.com\\\/avatar\\\/05c9a17bc973052ee5d91549bd32fb4dd0dc85b7b85ae94b2e2b4943476bbea5?s=96&d=blank&r=g\",\"url\":\"https:\\\/\\\/secure.gravatar.com\\\/avatar\\\/05c9a17bc973052ee5d91549bd32fb4dd0dc85b7b85ae94b2e2b4943476bbea5?s=96&d=blank&r=g\",\"contentUrl\":\"https:\\\/\\\/secure.gravatar.com\\\/avatar\\\/05c9a17bc973052ee5d91549bd32fb4dd0dc85b7b85ae94b2e2b4943476bbea5?s=96&d=blank&r=g\",\"caption\":\"Leinewelle\"},\"sameAs\":[\"http:\\\/\\\/localhost\\\/radio%20leinewelle\\\/wordpress\",\"https:\\\/\\\/www.facebook.com\\\/radioleinewelle\",\"https:\\\/\\\/www.instagram.com\\\/radioleinewelle\",\"https:\\\/\\\/x.com\\\/https:\\\/\\\/twitter.com\\\/RLeinewelle?ref_src=twsrcgoogletwcampserptwgrauthor\",\"https:\\\/\\\/soundcloud.com\\\/foerderverein-lokalradio?utm_source=clipboard&utm_medium=text&utm_campaign=social_sharing\"],\"url\":\"https:\\\/\\\/radioleinewelle.de\\\/index.php\\\/author\\\/leinewelle\\\/\"}]}<\/script>\n<!-- \/ Yoast SEO plugin. -->","yoast_head_json":{"title":"Veranstaltungstipp: Kultursommer auf der Burg Plesse mit Carinha & Friends am 19.09. - Radio Leinewelle","robots":{"index":"index","follow":"follow","max-snippet":"max-snippet:-1","max-image-preview":"max-image-preview:large","max-video-preview":"max-video-preview:-1"},"canonical":"https:\/\/radioleinewelle.de\/index.php\/2020\/09\/16\/veranstaltungstipp-kultursommer-auf-der-burg-plesse-mit-carinha-friends-am-19-09\/","og_locale":"de_DE","og_type":"article","og_title":"Veranstaltungstipp: Kultursommer auf der Burg Plesse mit Carinha & Friends am 19.09. - Radio Leinewelle","og_description":"Die in G\u00f6ttingen geborene K\u00fcnstlerin Carinha l\u00e4sst ihre Seele auf der Burg Plesse erklingen und pr\u00e4sentiert ihre facettenreiche Musik. Zu altbekannten Songs gesellen sich neue, kraftvollere St\u00fccke, die teilweise an PJ Harvey oder The Cure erinnern.\u00a0Mal sph\u00e4rische, mal poppig angehauchte Melodien, elektronische Arrangements, rein akustisch oder auch mal kriegerisch treibende Beats \u2013 alles wird getragen [&hellip;]","og_url":"https:\/\/radioleinewelle.de\/index.php\/2020\/09\/16\/veranstaltungstipp-kultursommer-auf-der-burg-plesse-mit-carinha-friends-am-19-09\/","og_site_name":"Radio Leinewelle","article_publisher":"https:\/\/www.facebook.com\/radioleinewelle","article_author":"https:\/\/www.facebook.com\/radioleinewelle","article_published_time":"2020-09-16T03:40:59+00:00","og_image":[{"width":480,"height":480,"url":"https:\/\/radioleinewelle.de\/wp-content\/uploads\/2020\/09\/Carinha_Heroes_BurgPlesse2.jpg","type":"image\/jpeg"}],"author":"Leinewelle","twitter_card":"summary_large_image","twitter_creator":"@https:\/\/twitter.com\/RLeinewelle?ref_src=twsrcgoogletwcampserptwgrauthor","twitter_site":"@RLeinewelle","twitter_misc":{"Verfasst von":"Leinewelle","Gesch\u00e4tzte Lesezeit":"1\u00a0Minute"},"schema":{"@context":"https:\/\/schema.org","@graph":[{"@type":"Article","@id":"https:\/\/radioleinewelle.de\/index.php\/2020\/09\/16\/veranstaltungstipp-kultursommer-auf-der-burg-plesse-mit-carinha-friends-am-19-09\/#article","isPartOf":{"@id":"https:\/\/radioleinewelle.de\/index.php\/2020\/09\/16\/veranstaltungstipp-kultursommer-auf-der-burg-plesse-mit-carinha-friends-am-19-09\/"},"author":{"name":"Leinewelle","@id":"https:\/\/radioleinewelle.de\/#\/schema\/person\/45606f348637df637192dc1b68399a63"},"headline":"Veranstaltungstipp: Kultursommer auf der Burg Plesse mit Carinha &#038; Friends am 19.09.","datePublished":"2020-09-16T03:40:59+00:00","mainEntityOfPage":{"@id":"https:\/\/radioleinewelle.de\/index.php\/2020\/09\/16\/veranstaltungstipp-kultursommer-auf-der-burg-plesse-mit-carinha-friends-am-19-09\/"},"wordCount":200,"publisher":{"@id":"https:\/\/radioleinewelle.de\/#organization"},"image":{"@id":"https:\/\/radioleinewelle.de\/index.php\/2020\/09\/16\/veranstaltungstipp-kultursommer-auf-der-burg-plesse-mit-carinha-friends-am-19-09\/#primaryimage"},"thumbnailUrl":"https:\/\/radioleinewelle.de\/wp-content\/uploads\/2020\/09\/Carinha_Heroes_BurgPlesse2.jpg","inLanguage":"de"},{"@type":"WebPage","@id":"https:\/\/radioleinewelle.de\/index.php\/2020\/09\/16\/veranstaltungstipp-kultursommer-auf-der-burg-plesse-mit-carinha-friends-am-19-09\/","url":"https:\/\/radioleinewelle.de\/index.php\/2020\/09\/16\/veranstaltungstipp-kultursommer-auf-der-burg-plesse-mit-carinha-friends-am-19-09\/","name":"Veranstaltungstipp: Kultursommer auf der Burg Plesse mit Carinha & Friends am 19.09. - Radio Leinewelle","isPartOf":{"@id":"https:\/\/radioleinewelle.de\/#website"},"primaryImageOfPage":{"@id":"https:\/\/radioleinewelle.de\/index.php\/2020\/09\/16\/veranstaltungstipp-kultursommer-auf-der-burg-plesse-mit-carinha-friends-am-19-09\/#primaryimage"},"image":{"@id":"https:\/\/radioleinewelle.de\/index.php\/2020\/09\/16\/veranstaltungstipp-kultursommer-auf-der-burg-plesse-mit-carinha-friends-am-19-09\/#primaryimage"},"thumbnailUrl":"https:\/\/radioleinewelle.de\/wp-content\/uploads\/2020\/09\/Carinha_Heroes_BurgPlesse2.jpg","datePublished":"2020-09-16T03:40:59+00:00","breadcrumb":{"@id":"https:\/\/radioleinewelle.de\/index.php\/2020\/09\/16\/veranstaltungstipp-kultursommer-auf-der-burg-plesse-mit-carinha-friends-am-19-09\/#breadcrumb"},"inLanguage":"de","potentialAction":[{"@type":"ReadAction","target":["https:\/\/radioleinewelle.de\/index.php\/2020\/09\/16\/veranstaltungstipp-kultursommer-auf-der-burg-plesse-mit-carinha-friends-am-19-09\/"]}]},{"@type":"ImageObject","inLanguage":"de","@id":"https:\/\/radioleinewelle.de\/index.php\/2020\/09\/16\/veranstaltungstipp-kultursommer-auf-der-burg-plesse-mit-carinha-friends-am-19-09\/#primaryimage","url":"https:\/\/radioleinewelle.de\/wp-content\/uploads\/2020\/09\/Carinha_Heroes_BurgPlesse2.jpg","contentUrl":"https:\/\/radioleinewelle.de\/wp-content\/uploads\/2020\/09\/Carinha_Heroes_BurgPlesse2.jpg","width":480,"height":480},{"@type":"BreadcrumbList","@id":"https:\/\/radioleinewelle.de\/index.php\/2020\/09\/16\/veranstaltungstipp-kultursommer-auf-der-burg-plesse-mit-carinha-friends-am-19-09\/#breadcrumb","itemListElement":[{"@type":"ListItem","position":1,"name":"Startseite","item":"https:\/\/radioleinewelle.de\/"},{"@type":"ListItem","position":2,"name":"Veranstaltungstipp: Kultursommer auf der Burg Plesse mit Carinha &#038; Friends am 19.09."}]},{"@type":"WebSite","@id":"https:\/\/radioleinewelle.de\/#website","url":"https:\/\/radioleinewelle.de\/","name":"Radio Leinewelle","description":"","publisher":{"@id":"https:\/\/radioleinewelle.de\/#organization"},"potentialAction":[{"@type":"SearchAction","target":{"@type":"EntryPoint","urlTemplate":"https:\/\/radioleinewelle.de\/?s={search_term_string}"},"query-input":{"@type":"PropertyValueSpecification","valueRequired":true,"valueName":"search_term_string"}}],"inLanguage":"de"},{"@type":"Organization","@id":"https:\/\/radioleinewelle.de\/#organization","name":"Radio Leinewelle","alternateName":"Mein Radio f\u00fcr S\u00fcdniedersachsen","url":"https:\/\/radioleinewelle.de\/","logo":{"@type":"ImageObject","inLanguage":"de","@id":"https:\/\/radioleinewelle.de\/#\/schema\/logo\/image\/","url":"https:\/\/radioleinewelle.de\/wp-content\/uploads\/2023\/11\/cropped-Leinewelle_Logo_weiss.png","contentUrl":"https:\/\/radioleinewelle.de\/wp-content\/uploads\/2023\/11\/cropped-Leinewelle_Logo_weiss.png","width":854,"height":260,"caption":"Radio Leinewelle"},"image":{"@id":"https:\/\/radioleinewelle.de\/#\/schema\/logo\/image\/"},"sameAs":["https:\/\/www.facebook.com\/radioleinewelle","https:\/\/x.com\/RLeinewelle","https:\/\/www.instagram.com\/radioleinewelle\/?hl=de"]},{"@type":"Person","@id":"https:\/\/radioleinewelle.de\/#\/schema\/person\/45606f348637df637192dc1b68399a63","name":"Leinewelle","image":{"@type":"ImageObject","inLanguage":"de","@id":"https:\/\/secure.gravatar.com\/avatar\/05c9a17bc973052ee5d91549bd32fb4dd0dc85b7b85ae94b2e2b4943476bbea5?s=96&d=blank&r=g","url":"https:\/\/secure.gravatar.com\/avatar\/05c9a17bc973052ee5d91549bd32fb4dd0dc85b7b85ae94b2e2b4943476bbea5?s=96&d=blank&r=g","contentUrl":"https:\/\/secure.gravatar.com\/avatar\/05c9a17bc973052ee5d91549bd32fb4dd0dc85b7b85ae94b2e2b4943476bbea5?s=96&d=blank&r=g","caption":"Leinewelle"},"sameAs":["http:\/\/localhost\/radio%20leinewelle\/wordpress","https:\/\/www.facebook.com\/radioleinewelle","https:\/\/www.instagram.com\/radioleinewelle","https:\/\/x.com\/https:\/\/twitter.com\/RLeinewelle?ref_src=twsrcgoogletwcampserptwgrauthor","https:\/\/soundcloud.com\/foerderverein-lokalradio?utm_source=clipboard&utm_medium=text&utm_campaign=social_sharing"],"url":"https:\/\/radioleinewelle.de\/index.php\/author\/leinewelle\/"}]}},"_links":{"self":[{"href":"https:\/\/radioleinewelle.de\/index.php\/wp-json\/wp\/v2\/posts\/1668","targetHints":{"allow":["GET"]}}],"collection":[{"href":"https:\/\/radioleinewelle.de\/index.php\/wp-json\/wp\/v2\/posts"}],"about":[{"href":"https:\/\/radioleinewelle.de\/index.php\/wp-json\/wp\/v2\/types\/post"}],"author":[{"embeddable":true,"href":"https:\/\/radioleinewelle.de\/index.php\/wp-json\/wp\/v2\/users\/1"}],"replies":[{"embeddable":true,"href":"https:\/\/radioleinewelle.de\/index.php\/wp-json\/wp\/v2\/comments?post=1668"}],"version-history":[{"count":0,"href":"https:\/\/radioleinewelle.de\/index.php\/wp-json\/wp\/v2\/posts\/1668\/revisions"}],"wp:featuredmedia":[{"embeddable":true,"href":"https:\/\/radioleinewelle.de\/index.php\/wp-json\/wp\/v2\/media\/1671"}],"wp:attachment":[{"href":"https:\/\/radioleinewelle.de\/index.php\/wp-json\/wp\/v2\/media?parent=1668"}],"wp:term":[{"taxonomy":"category","embeddable":true,"href":"https:\/\/radioleinewelle.de\/index.php\/wp-json\/wp\/v2\/categories?post=1668"},{"taxonomy":"post_tag","embeddable":true,"href":"https:\/\/radioleinewelle.de\/index.php\/wp-json\/wp\/v2\/tags?post=1668"}],"curies":[{"name":"wp","href":"https:\/\/api.w.org\/{rel}","templated":true}]}}