{"id":16697,"date":"2022-11-15T06:23:11","date_gmt":"2022-11-15T05:23:11","guid":{"rendered":"https:\/\/radioleinewelle.de\/?p=16697"},"modified":"2022-11-15T06:23:11","modified_gmt":"2022-11-15T05:23:11","slug":"maedchenaktionstag-im-jugendzentrum-in-duderstadt-noch-freie-plaetze-in-den-workshops","status":"publish","type":"post","link":"https:\/\/radioleinewelle.de\/index.php\/2022\/11\/15\/maedchenaktionstag-im-jugendzentrum-in-duderstadt-noch-freie-plaetze-in-den-workshops\/","title":{"rendered":"M\u00e4dchenaktionstag im Jugendzentrum in Duderstadt &#8211; Noch freie Pl\u00e4tze in den Workshops"},"content":{"rendered":"\n<p><\/p>\n\n\n\n<p>Der Aktionstag f\u00fcr M\u00e4dchen im Landkreis G\u00f6ttingen findet in diesem Jahr am Samstag, 19.11.2022, in Duderstadt statt. M\u00e4dchen und junge Frauen im Alter zwischen 11 und 18 Jahren k\u00f6nnen in Workshops ihre technischen, handwerklichen und kreativen F\u00e4higkeiten ausprobieren. Angeboten werden Happy Painting, Stringart (Fadenkunst), Brandmalerei, Linocut (Linolschnitt), Airbrush, Upcycling.<\/p>\n\n\n\n<p>Der Aktionstag dauert von 11:00 bis 17:00 Uhr. Die Kosten betragen 5 Euro, inklusive Material und Verpflegung. Der M\u00e4dchenaktionstag wird von den Kinder- und Jugendb\u00fcros sowie den Jugendpflegen im Landkreis G\u00f6ttingen organisiert.<\/p>\n\n\n\n<p>Noch sind Pl\u00e4tze frei. Anmeldungen sind m\u00f6glich in den Kinder- und Jugendb\u00fcros\/Jugendpflegen in den St\u00e4dten und Gemeinden oder beim Landkreis G\u00f6ttingen, Fachdienst Kinder- und Jugendarbeit, Helga Steininger, Telefon 0551 525-2110.<\/p>\n\n\n\n<p>Bild von <a href=\"https:\/\/pixabay.com\/de\/users\/stocksnap-894430\/?utm_source=link-attribution&amp;utm_medium=referral&amp;utm_campaign=image&amp;utm_content=2557399\">StockSnap<\/a> auf <a href=\"https:\/\/pixabay.com\/de\/\/?utm_source=link-attribution&amp;utm_medium=referral&amp;utm_campaign=image&amp;utm_content=2557399\">Pixabay<\/a><\/p>\n","protected":false},"excerpt":{"rendered":"<p>Der Aktionstag f\u00fcr M\u00e4dchen im Landkreis G\u00f6ttingen findet in diesem Jahr am Samstag, 19.11.2022, in Duderstadt statt. M\u00e4dchen und junge Frauen im Alter zwischen 11 und 18 Jahren k\u00f6nnen in Workshops ihre technischen, handwerklichen und kreativen F\u00e4higkeiten ausprobieren. Angeboten werden Happy Painting, Stringart (Fadenkunst), Brandmalerei, Linocut (Linolschnitt), Airbrush, Upcycling. Der Aktionstag dauert von 11:00 bis [&hellip;]<\/p>\n","protected":false},"author":1,"featured_media":16699,"comment_status":"closed","ping_status":"closed","sticky":false,"template":"","format":"standard","meta":{"saved_in_kubio":false,"footnotes":""},"categories":[1],"tags":[327,3581],"class_list":["post-16697","post","type-post","status-publish","format-standard","has-post-thumbnail","hentry","category-allgemein","tag-landkreis-goettingen","tag-maedchenaktionstag"],"yoast_head":"<!-- This site is optimized with the Yoast SEO plugin v27.5 - https:\/\/yoast.com\/product\/yoast-seo-wordpress\/ -->\n<title>M\u00e4dchenaktionstag im Jugendzentrum in Duderstadt - Noch freie Pl\u00e4tze in den Workshops - Radio Leinewelle<\/title>\n<meta name=\"robots\" content=\"index, follow, max-snippet:-1, max-image-preview:large, max-video-preview:-1\" \/>\n<link rel=\"canonical\" href=\"https:\/\/radioleinewelle.de\/index.php\/2022\/11\/15\/maedchenaktionstag-im-jugendzentrum-in-duderstadt-noch-freie-plaetze-in-den-workshops\/\" \/>\n<meta property=\"og:locale\" content=\"de_DE\" \/>\n<meta property=\"og:type\" content=\"article\" \/>\n<meta property=\"og:title\" content=\"M\u00e4dchenaktionstag im Jugendzentrum in Duderstadt - Noch freie Pl\u00e4tze in den Workshops - Radio Leinewelle\" \/>\n<meta property=\"og:description\" content=\"Der Aktionstag f\u00fcr M\u00e4dchen im Landkreis G\u00f6ttingen findet in diesem Jahr am Samstag, 19.11.2022, in Duderstadt statt. M\u00e4dchen und junge Frauen im Alter zwischen 11 und 18 Jahren k\u00f6nnen in Workshops ihre technischen, handwerklichen und kreativen F\u00e4higkeiten ausprobieren. Angeboten werden Happy Painting, Stringart (Fadenkunst), Brandmalerei, Linocut (Linolschnitt), Airbrush, Upcycling. Der Aktionstag dauert von 11:00 bis [&hellip;]\" \/>\n<meta property=\"og:url\" content=\"https:\/\/radioleinewelle.de\/index.php\/2022\/11\/15\/maedchenaktionstag-im-jugendzentrum-in-duderstadt-noch-freie-plaetze-in-den-workshops\/\" \/>\n<meta property=\"og:site_name\" content=\"Radio Leinewelle\" \/>\n<meta property=\"article:publisher\" content=\"https:\/\/www.facebook.com\/radioleinewelle\" \/>\n<meta property=\"article:author\" content=\"https:\/\/www.facebook.com\/radioleinewelle\" \/>\n<meta property=\"article:published_time\" content=\"2022-11-15T05:23:11+00:00\" \/>\n<meta property=\"og:image\" content=\"https:\/\/radioleinewelle.de\/wp-content\/uploads\/2022\/11\/people-g99e0bc058_640.jpg\" \/>\n\t<meta property=\"og:image:width\" content=\"640\" \/>\n\t<meta property=\"og:image:height\" content=\"427\" \/>\n\t<meta property=\"og:image:type\" content=\"image\/jpeg\" \/>\n<meta name=\"author\" content=\"Leinewelle\" \/>\n<meta name=\"twitter:card\" content=\"summary_large_image\" \/>\n<meta name=\"twitter:creator\" content=\"@https:\/\/twitter.com\/RLeinewelle?ref_src=twsrcgoogletwcampserptwgrauthor\" \/>\n<meta name=\"twitter:site\" content=\"@RLeinewelle\" \/>\n<meta name=\"twitter:label1\" content=\"Verfasst von\" \/>\n\t<meta name=\"twitter:data1\" content=\"Leinewelle\" \/>\n\t<meta name=\"twitter:label2\" content=\"Gesch\u00e4tzte Lesezeit\" \/>\n\t<meta name=\"twitter:data2\" content=\"1\u00a0Minute\" \/>\n<script type=\"application\/ld+json\" class=\"yoast-schema-graph\">{\"@context\":\"https:\\\/\\\/schema.org\",\"@graph\":[{\"@type\":\"Article\",\"@id\":\"https:\\\/\\\/radioleinewelle.de\\\/index.php\\\/2022\\\/11\\\/15\\\/maedchenaktionstag-im-jugendzentrum-in-duderstadt-noch-freie-plaetze-in-den-workshops\\\/#article\",\"isPartOf\":{\"@id\":\"https:\\\/\\\/radioleinewelle.de\\\/index.php\\\/2022\\\/11\\\/15\\\/maedchenaktionstag-im-jugendzentrum-in-duderstadt-noch-freie-plaetze-in-den-workshops\\\/\"},\"author\":{\"name\":\"Leinewelle\",\"@id\":\"https:\\\/\\\/radioleinewelle.de\\\/#\\\/schema\\\/person\\\/45606f348637df637192dc1b68399a63\"},\"headline\":\"M\u00e4dchenaktionstag im Jugendzentrum in Duderstadt &#8211; Noch freie Pl\u00e4tze in den Workshops\",\"datePublished\":\"2022-11-15T05:23:11+00:00\",\"mainEntityOfPage\":{\"@id\":\"https:\\\/\\\/radioleinewelle.de\\\/index.php\\\/2022\\\/11\\\/15\\\/maedchenaktionstag-im-jugendzentrum-in-duderstadt-noch-freie-plaetze-in-den-workshops\\\/\"},\"wordCount\":138,\"publisher\":{\"@id\":\"https:\\\/\\\/radioleinewelle.de\\\/#organization\"},\"image\":{\"@id\":\"https:\\\/\\\/radioleinewelle.de\\\/index.php\\\/2022\\\/11\\\/15\\\/maedchenaktionstag-im-jugendzentrum-in-duderstadt-noch-freie-plaetze-in-den-workshops\\\/#primaryimage\"},\"thumbnailUrl\":\"https:\\\/\\\/radioleinewelle.de\\\/wp-content\\\/uploads\\\/2022\\\/11\\\/people-g99e0bc058_640.jpg\",\"keywords\":[\"Landkreis G\u00f6ttingen\",\"M\u00e4dchenaktionstag\"],\"inLanguage\":\"de\"},{\"@type\":\"WebPage\",\"@id\":\"https:\\\/\\\/radioleinewelle.de\\\/index.php\\\/2022\\\/11\\\/15\\\/maedchenaktionstag-im-jugendzentrum-in-duderstadt-noch-freie-plaetze-in-den-workshops\\\/\",\"url\":\"https:\\\/\\\/radioleinewelle.de\\\/index.php\\\/2022\\\/11\\\/15\\\/maedchenaktionstag-im-jugendzentrum-in-duderstadt-noch-freie-plaetze-in-den-workshops\\\/\",\"name\":\"M\u00e4dchenaktionstag im Jugendzentrum in Duderstadt - Noch freie Pl\u00e4tze in den Workshops - Radio Leinewelle\",\"isPartOf\":{\"@id\":\"https:\\\/\\\/radioleinewelle.de\\\/#website\"},\"primaryImageOfPage\":{\"@id\":\"https:\\\/\\\/radioleinewelle.de\\\/index.php\\\/2022\\\/11\\\/15\\\/maedchenaktionstag-im-jugendzentrum-in-duderstadt-noch-freie-plaetze-in-den-workshops\\\/#primaryimage\"},\"image\":{\"@id\":\"https:\\\/\\\/radioleinewelle.de\\\/index.php\\\/2022\\\/11\\\/15\\\/maedchenaktionstag-im-jugendzentrum-in-duderstadt-noch-freie-plaetze-in-den-workshops\\\/#primaryimage\"},\"thumbnailUrl\":\"https:\\\/\\\/radioleinewelle.de\\\/wp-content\\\/uploads\\\/2022\\\/11\\\/people-g99e0bc058_640.jpg\",\"datePublished\":\"2022-11-15T05:23:11+00:00\",\"breadcrumb\":{\"@id\":\"https:\\\/\\\/radioleinewelle.de\\\/index.php\\\/2022\\\/11\\\/15\\\/maedchenaktionstag-im-jugendzentrum-in-duderstadt-noch-freie-plaetze-in-den-workshops\\\/#breadcrumb\"},\"inLanguage\":\"de\",\"potentialAction\":[{\"@type\":\"ReadAction\",\"target\":[\"https:\\\/\\\/radioleinewelle.de\\\/index.php\\\/2022\\\/11\\\/15\\\/maedchenaktionstag-im-jugendzentrum-in-duderstadt-noch-freie-plaetze-in-den-workshops\\\/\"]}]},{\"@type\":\"ImageObject\",\"inLanguage\":\"de\",\"@id\":\"https:\\\/\\\/radioleinewelle.de\\\/index.php\\\/2022\\\/11\\\/15\\\/maedchenaktionstag-im-jugendzentrum-in-duderstadt-noch-freie-plaetze-in-den-workshops\\\/#primaryimage\",\"url\":\"https:\\\/\\\/radioleinewelle.de\\\/wp-content\\\/uploads\\\/2022\\\/11\\\/people-g99e0bc058_640.jpg\",\"contentUrl\":\"https:\\\/\\\/radioleinewelle.de\\\/wp-content\\\/uploads\\\/2022\\\/11\\\/people-g99e0bc058_640.jpg\",\"width\":640,\"height\":427},{\"@type\":\"BreadcrumbList\",\"@id\":\"https:\\\/\\\/radioleinewelle.de\\\/index.php\\\/2022\\\/11\\\/15\\\/maedchenaktionstag-im-jugendzentrum-in-duderstadt-noch-freie-plaetze-in-den-workshops\\\/#breadcrumb\",\"itemListElement\":[{\"@type\":\"ListItem\",\"position\":1,\"name\":\"Startseite\",\"item\":\"https:\\\/\\\/radioleinewelle.de\\\/\"},{\"@type\":\"ListItem\",\"position\":2,\"name\":\"M\u00e4dchenaktionstag im Jugendzentrum in Duderstadt &#8211; Noch freie Pl\u00e4tze in den Workshops\"}]},{\"@type\":\"WebSite\",\"@id\":\"https:\\\/\\\/radioleinewelle.de\\\/#website\",\"url\":\"https:\\\/\\\/radioleinewelle.de\\\/\",\"name\":\"Radio Leinewelle\",\"description\":\"\",\"publisher\":{\"@id\":\"https:\\\/\\\/radioleinewelle.de\\\/#organization\"},\"potentialAction\":[{\"@type\":\"SearchAction\",\"target\":{\"@type\":\"EntryPoint\",\"urlTemplate\":\"https:\\\/\\\/radioleinewelle.de\\\/?s={search_term_string}\"},\"query-input\":{\"@type\":\"PropertyValueSpecification\",\"valueRequired\":true,\"valueName\":\"search_term_string\"}}],\"inLanguage\":\"de\"},{\"@type\":\"Organization\",\"@id\":\"https:\\\/\\\/radioleinewelle.de\\\/#organization\",\"name\":\"Radio Leinewelle\",\"alternateName\":\"Mein Radio f\u00fcr S\u00fcdniedersachsen\",\"url\":\"https:\\\/\\\/radioleinewelle.de\\\/\",\"logo\":{\"@type\":\"ImageObject\",\"inLanguage\":\"de\",\"@id\":\"https:\\\/\\\/radioleinewelle.de\\\/#\\\/schema\\\/logo\\\/image\\\/\",\"url\":\"https:\\\/\\\/radioleinewelle.de\\\/wp-content\\\/uploads\\\/2023\\\/11\\\/cropped-Leinewelle_Logo_weiss.png\",\"contentUrl\":\"https:\\\/\\\/radioleinewelle.de\\\/wp-content\\\/uploads\\\/2023\\\/11\\\/cropped-Leinewelle_Logo_weiss.png\",\"width\":854,\"height\":260,\"caption\":\"Radio Leinewelle\"},\"image\":{\"@id\":\"https:\\\/\\\/radioleinewelle.de\\\/#\\\/schema\\\/logo\\\/image\\\/\"},\"sameAs\":[\"https:\\\/\\\/www.facebook.com\\\/radioleinewelle\",\"https:\\\/\\\/x.com\\\/RLeinewelle\",\"https:\\\/\\\/www.instagram.com\\\/radioleinewelle\\\/?hl=de\"]},{\"@type\":\"Person\",\"@id\":\"https:\\\/\\\/radioleinewelle.de\\\/#\\\/schema\\\/person\\\/45606f348637df637192dc1b68399a63\",\"name\":\"Leinewelle\",\"image\":{\"@type\":\"ImageObject\",\"inLanguage\":\"de\",\"@id\":\"https:\\\/\\\/secure.gravatar.com\\\/avatar\\\/05c9a17bc973052ee5d91549bd32fb4dd0dc85b7b85ae94b2e2b4943476bbea5?s=96&d=blank&r=g\",\"url\":\"https:\\\/\\\/secure.gravatar.com\\\/avatar\\\/05c9a17bc973052ee5d91549bd32fb4dd0dc85b7b85ae94b2e2b4943476bbea5?s=96&d=blank&r=g\",\"contentUrl\":\"https:\\\/\\\/secure.gravatar.com\\\/avatar\\\/05c9a17bc973052ee5d91549bd32fb4dd0dc85b7b85ae94b2e2b4943476bbea5?s=96&d=blank&r=g\",\"caption\":\"Leinewelle\"},\"sameAs\":[\"http:\\\/\\\/localhost\\\/radio%20leinewelle\\\/wordpress\",\"https:\\\/\\\/www.facebook.com\\\/radioleinewelle\",\"https:\\\/\\\/www.instagram.com\\\/radioleinewelle\",\"https:\\\/\\\/x.com\\\/https:\\\/\\\/twitter.com\\\/RLeinewelle?ref_src=twsrcgoogletwcampserptwgrauthor\",\"https:\\\/\\\/soundcloud.com\\\/foerderverein-lokalradio?utm_source=clipboard&utm_medium=text&utm_campaign=social_sharing\"],\"url\":\"https:\\\/\\\/radioleinewelle.de\\\/index.php\\\/author\\\/leinewelle\\\/\"}]}<\/script>\n<!-- \/ Yoast SEO plugin. -->","yoast_head_json":{"title":"M\u00e4dchenaktionstag im Jugendzentrum in Duderstadt - Noch freie Pl\u00e4tze in den Workshops - Radio Leinewelle","robots":{"index":"index","follow":"follow","max-snippet":"max-snippet:-1","max-image-preview":"max-image-preview:large","max-video-preview":"max-video-preview:-1"},"canonical":"https:\/\/radioleinewelle.de\/index.php\/2022\/11\/15\/maedchenaktionstag-im-jugendzentrum-in-duderstadt-noch-freie-plaetze-in-den-workshops\/","og_locale":"de_DE","og_type":"article","og_title":"M\u00e4dchenaktionstag im Jugendzentrum in Duderstadt - Noch freie Pl\u00e4tze in den Workshops - Radio Leinewelle","og_description":"Der Aktionstag f\u00fcr M\u00e4dchen im Landkreis G\u00f6ttingen findet in diesem Jahr am Samstag, 19.11.2022, in Duderstadt statt. M\u00e4dchen und junge Frauen im Alter zwischen 11 und 18 Jahren k\u00f6nnen in Workshops ihre technischen, handwerklichen und kreativen F\u00e4higkeiten ausprobieren. Angeboten werden Happy Painting, Stringart (Fadenkunst), Brandmalerei, Linocut (Linolschnitt), Airbrush, Upcycling. Der Aktionstag dauert von 11:00 bis [&hellip;]","og_url":"https:\/\/radioleinewelle.de\/index.php\/2022\/11\/15\/maedchenaktionstag-im-jugendzentrum-in-duderstadt-noch-freie-plaetze-in-den-workshops\/","og_site_name":"Radio Leinewelle","article_publisher":"https:\/\/www.facebook.com\/radioleinewelle","article_author":"https:\/\/www.facebook.com\/radioleinewelle","article_published_time":"2022-11-15T05:23:11+00:00","og_image":[{"width":640,"height":427,"url":"https:\/\/radioleinewelle.de\/wp-content\/uploads\/2022\/11\/people-g99e0bc058_640.jpg","type":"image\/jpeg"}],"author":"Leinewelle","twitter_card":"summary_large_image","twitter_creator":"@https:\/\/twitter.com\/RLeinewelle?ref_src=twsrcgoogletwcampserptwgrauthor","twitter_site":"@RLeinewelle","twitter_misc":{"Verfasst von":"Leinewelle","Gesch\u00e4tzte Lesezeit":"1\u00a0Minute"},"schema":{"@context":"https:\/\/schema.org","@graph":[{"@type":"Article","@id":"https:\/\/radioleinewelle.de\/index.php\/2022\/11\/15\/maedchenaktionstag-im-jugendzentrum-in-duderstadt-noch-freie-plaetze-in-den-workshops\/#article","isPartOf":{"@id":"https:\/\/radioleinewelle.de\/index.php\/2022\/11\/15\/maedchenaktionstag-im-jugendzentrum-in-duderstadt-noch-freie-plaetze-in-den-workshops\/"},"author":{"name":"Leinewelle","@id":"https:\/\/radioleinewelle.de\/#\/schema\/person\/45606f348637df637192dc1b68399a63"},"headline":"M\u00e4dchenaktionstag im Jugendzentrum in Duderstadt &#8211; Noch freie Pl\u00e4tze in den Workshops","datePublished":"2022-11-15T05:23:11+00:00","mainEntityOfPage":{"@id":"https:\/\/radioleinewelle.de\/index.php\/2022\/11\/15\/maedchenaktionstag-im-jugendzentrum-in-duderstadt-noch-freie-plaetze-in-den-workshops\/"},"wordCount":138,"publisher":{"@id":"https:\/\/radioleinewelle.de\/#organization"},"image":{"@id":"https:\/\/radioleinewelle.de\/index.php\/2022\/11\/15\/maedchenaktionstag-im-jugendzentrum-in-duderstadt-noch-freie-plaetze-in-den-workshops\/#primaryimage"},"thumbnailUrl":"https:\/\/radioleinewelle.de\/wp-content\/uploads\/2022\/11\/people-g99e0bc058_640.jpg","keywords":["Landkreis G\u00f6ttingen","M\u00e4dchenaktionstag"],"inLanguage":"de"},{"@type":"WebPage","@id":"https:\/\/radioleinewelle.de\/index.php\/2022\/11\/15\/maedchenaktionstag-im-jugendzentrum-in-duderstadt-noch-freie-plaetze-in-den-workshops\/","url":"https:\/\/radioleinewelle.de\/index.php\/2022\/11\/15\/maedchenaktionstag-im-jugendzentrum-in-duderstadt-noch-freie-plaetze-in-den-workshops\/","name":"M\u00e4dchenaktionstag im Jugendzentrum in Duderstadt - Noch freie Pl\u00e4tze in den Workshops - Radio Leinewelle","isPartOf":{"@id":"https:\/\/radioleinewelle.de\/#website"},"primaryImageOfPage":{"@id":"https:\/\/radioleinewelle.de\/index.php\/2022\/11\/15\/maedchenaktionstag-im-jugendzentrum-in-duderstadt-noch-freie-plaetze-in-den-workshops\/#primaryimage"},"image":{"@id":"https:\/\/radioleinewelle.de\/index.php\/2022\/11\/15\/maedchenaktionstag-im-jugendzentrum-in-duderstadt-noch-freie-plaetze-in-den-workshops\/#primaryimage"},"thumbnailUrl":"https:\/\/radioleinewelle.de\/wp-content\/uploads\/2022\/11\/people-g99e0bc058_640.jpg","datePublished":"2022-11-15T05:23:11+00:00","breadcrumb":{"@id":"https:\/\/radioleinewelle.de\/index.php\/2022\/11\/15\/maedchenaktionstag-im-jugendzentrum-in-duderstadt-noch-freie-plaetze-in-den-workshops\/#breadcrumb"},"inLanguage":"de","potentialAction":[{"@type":"ReadAction","target":["https:\/\/radioleinewelle.de\/index.php\/2022\/11\/15\/maedchenaktionstag-im-jugendzentrum-in-duderstadt-noch-freie-plaetze-in-den-workshops\/"]}]},{"@type":"ImageObject","inLanguage":"de","@id":"https:\/\/radioleinewelle.de\/index.php\/2022\/11\/15\/maedchenaktionstag-im-jugendzentrum-in-duderstadt-noch-freie-plaetze-in-den-workshops\/#primaryimage","url":"https:\/\/radioleinewelle.de\/wp-content\/uploads\/2022\/11\/people-g99e0bc058_640.jpg","contentUrl":"https:\/\/radioleinewelle.de\/wp-content\/uploads\/2022\/11\/people-g99e0bc058_640.jpg","width":640,"height":427},{"@type":"BreadcrumbList","@id":"https:\/\/radioleinewelle.de\/index.php\/2022\/11\/15\/maedchenaktionstag-im-jugendzentrum-in-duderstadt-noch-freie-plaetze-in-den-workshops\/#breadcrumb","itemListElement":[{"@type":"ListItem","position":1,"name":"Startseite","item":"https:\/\/radioleinewelle.de\/"},{"@type":"ListItem","position":2,"name":"M\u00e4dchenaktionstag im Jugendzentrum in Duderstadt &#8211; Noch freie Pl\u00e4tze in den Workshops"}]},{"@type":"WebSite","@id":"https:\/\/radioleinewelle.de\/#website","url":"https:\/\/radioleinewelle.de\/","name":"Radio Leinewelle","description":"","publisher":{"@id":"https:\/\/radioleinewelle.de\/#organization"},"potentialAction":[{"@type":"SearchAction","target":{"@type":"EntryPoint","urlTemplate":"https:\/\/radioleinewelle.de\/?s={search_term_string}"},"query-input":{"@type":"PropertyValueSpecification","valueRequired":true,"valueName":"search_term_string"}}],"inLanguage":"de"},{"@type":"Organization","@id":"https:\/\/radioleinewelle.de\/#organization","name":"Radio Leinewelle","alternateName":"Mein Radio f\u00fcr S\u00fcdniedersachsen","url":"https:\/\/radioleinewelle.de\/","logo":{"@type":"ImageObject","inLanguage":"de","@id":"https:\/\/radioleinewelle.de\/#\/schema\/logo\/image\/","url":"https:\/\/radioleinewelle.de\/wp-content\/uploads\/2023\/11\/cropped-Leinewelle_Logo_weiss.png","contentUrl":"https:\/\/radioleinewelle.de\/wp-content\/uploads\/2023\/11\/cropped-Leinewelle_Logo_weiss.png","width":854,"height":260,"caption":"Radio Leinewelle"},"image":{"@id":"https:\/\/radioleinewelle.de\/#\/schema\/logo\/image\/"},"sameAs":["https:\/\/www.facebook.com\/radioleinewelle","https:\/\/x.com\/RLeinewelle","https:\/\/www.instagram.com\/radioleinewelle\/?hl=de"]},{"@type":"Person","@id":"https:\/\/radioleinewelle.de\/#\/schema\/person\/45606f348637df637192dc1b68399a63","name":"Leinewelle","image":{"@type":"ImageObject","inLanguage":"de","@id":"https:\/\/secure.gravatar.com\/avatar\/05c9a17bc973052ee5d91549bd32fb4dd0dc85b7b85ae94b2e2b4943476bbea5?s=96&d=blank&r=g","url":"https:\/\/secure.gravatar.com\/avatar\/05c9a17bc973052ee5d91549bd32fb4dd0dc85b7b85ae94b2e2b4943476bbea5?s=96&d=blank&r=g","contentUrl":"https:\/\/secure.gravatar.com\/avatar\/05c9a17bc973052ee5d91549bd32fb4dd0dc85b7b85ae94b2e2b4943476bbea5?s=96&d=blank&r=g","caption":"Leinewelle"},"sameAs":["http:\/\/localhost\/radio%20leinewelle\/wordpress","https:\/\/www.facebook.com\/radioleinewelle","https:\/\/www.instagram.com\/radioleinewelle","https:\/\/x.com\/https:\/\/twitter.com\/RLeinewelle?ref_src=twsrcgoogletwcampserptwgrauthor","https:\/\/soundcloud.com\/foerderverein-lokalradio?utm_source=clipboard&utm_medium=text&utm_campaign=social_sharing"],"url":"https:\/\/radioleinewelle.de\/index.php\/author\/leinewelle\/"}]}},"_links":{"self":[{"href":"https:\/\/radioleinewelle.de\/index.php\/wp-json\/wp\/v2\/posts\/16697","targetHints":{"allow":["GET"]}}],"collection":[{"href":"https:\/\/radioleinewelle.de\/index.php\/wp-json\/wp\/v2\/posts"}],"about":[{"href":"https:\/\/radioleinewelle.de\/index.php\/wp-json\/wp\/v2\/types\/post"}],"author":[{"embeddable":true,"href":"https:\/\/radioleinewelle.de\/index.php\/wp-json\/wp\/v2\/users\/1"}],"replies":[{"embeddable":true,"href":"https:\/\/radioleinewelle.de\/index.php\/wp-json\/wp\/v2\/comments?post=16697"}],"version-history":[{"count":0,"href":"https:\/\/radioleinewelle.de\/index.php\/wp-json\/wp\/v2\/posts\/16697\/revisions"}],"wp:featuredmedia":[{"embeddable":true,"href":"https:\/\/radioleinewelle.de\/index.php\/wp-json\/wp\/v2\/media\/16699"}],"wp:attachment":[{"href":"https:\/\/radioleinewelle.de\/index.php\/wp-json\/wp\/v2\/media?parent=16697"}],"wp:term":[{"taxonomy":"category","embeddable":true,"href":"https:\/\/radioleinewelle.de\/index.php\/wp-json\/wp\/v2\/categories?post=16697"},{"taxonomy":"post_tag","embeddable":true,"href":"https:\/\/radioleinewelle.de\/index.php\/wp-json\/wp\/v2\/tags?post=16697"}],"curies":[{"name":"wp","href":"https:\/\/api.w.org\/{rel}","templated":true}]}}