{"id":16703,"date":"2022-11-15T06:36:51","date_gmt":"2022-11-15T05:36:51","guid":{"rendered":"https:\/\/radioleinewelle.de\/?p=16703"},"modified":"2022-11-15T06:36:51","modified_gmt":"2022-11-15T05:36:51","slug":"sprach-kitas-bleiben-land-strebt-dauerloesung-an","status":"publish","type":"post","link":"https:\/\/radioleinewelle.de\/index.php\/2022\/11\/15\/sprach-kitas-bleiben-land-strebt-dauerloesung-an\/","title":{"rendered":"&#8222;Sprach-Kitas&#8220; bleiben &#8211; Land strebt Dauerl\u00f6sung an"},"content":{"rendered":"\n<p>Aufatmen f\u00fcr die nieders\u00e4chsischen \u201eSprach-Kitas\u201c: Das entsprechende Bundesprogramm l\u00e4uft mit Ende des Jahres 2022 nicht aus, sondern wird um ein halbes Jahr bis Ende Juni 2023 verl\u00e4ngert und aus Bundesmitteln finanziert. Das Land Niedersachsen wird daf\u00fcr Sorge tragen, dass die \u201eSprach-Kitas\u201c auch \u00fcber diesen Zeitpunkt hinaus weiterfinanziert und diese wichtige S\u00e4ule der fr\u00fchkindlichen Sprachf\u00f6rderung erhalten bleibt, wie die stellvertretende Ministerpr\u00e4sidentin und Kultusministerin Julia Willie Hamburg am Montag mitteilt.<\/p>\n\n\n\n<p>Hamburg: \u201eDie L\u00e4nder konnten in einer gemeinsamen Kraftanstrengung gegen\u00fcber dem Bund eine Verl\u00e4ngerung des Programms um sechs Monate erreichen. Damit geht heute das klare Signal ins Land, dass die Sprach-Kitas erhalten bleiben. Die Vertr\u00e4ge der Fachkr\u00e4fte und der Fachberatung zur F\u00f6rderung der Sprachbildung k\u00f6nnen und sollen unbedingt verl\u00e4ngert werden. Das Land Niedersachsen bekennt sich zur dauerhaften Sicherung der Sprach-Kitas. Wir pr\u00fcfen derzeit, wie die jetzige \u00dcbergangsl\u00f6sung in eine Dauerl\u00f6sung \u00fcberf\u00fchrt werden kann. Es zeichnet sich ab, dass wir die vom Bund angek\u00fcndigten zus\u00e4tzlichen Mittel aus dem neuen Kita-Qualit\u00e4tsgesetz nutzen und mit Landesgeldern verst\u00e4rken werden. <\/p>\n\n\n\n<p>Die Sprach-Kitas leisten einen wichtigen Beitrag bei der fr\u00fchen F\u00f6rderung der Sprachkompetenz von Kindern als Schl\u00fcssel f\u00fcr gesellschaftliche Teilhabe und verbesserte Bildungschancen. Die aufgebauten Strukturen mit rund 700 Funktionsstellen sowie 60 Fachberatungsstellen unterst\u00fctzen die Kindertageseinrichtungen dabei, insbesondere Kinder, deren Familiensprache nicht Deutsch ist, sprachlich zu f\u00f6rdern und bei der Sprachbildung zu unterst\u00fctzen. Das ist wichtiger denn je &#8211; f\u00fcr den \u00dcbergang vom Kindergarten in die Grundschule und mit Blick auf die schwachen Befunde des IQB-Bildungstrends.\u201c<\/p>\n\n\n\n<p><strong>Foto:<\/strong> Kultusministerin Julia Willie Hamburg \u00a9Bauers.com<\/p>\n","protected":false},"excerpt":{"rendered":"<p>Aufatmen f\u00fcr die nieders\u00e4chsischen \u201eSprach-Kitas\u201c: Das entsprechende Bundesprogramm l\u00e4uft mit Ende des Jahres 2022 nicht aus, sondern wird um ein halbes Jahr bis Ende Juni 2023 verl\u00e4ngert und aus Bundesmitteln finanziert. Das Land Niedersachsen wird daf\u00fcr Sorge tragen, dass die \u201eSprach-Kitas\u201c auch \u00fcber diesen Zeitpunkt hinaus weiterfinanziert und diese wichtige S\u00e4ule der fr\u00fchkindlichen Sprachf\u00f6rderung erhalten [&hellip;]<\/p>\n","protected":false},"author":1,"featured_media":0,"comment_status":"closed","ping_status":"closed","sticky":false,"template":"","format":"standard","meta":{"saved_in_kubio":false,"footnotes":""},"categories":[24],"tags":[3582,1225,3583],"class_list":["post-16703","post","type-post","status-publish","format-standard","hentry","category-news","tag-julia-willie-hamburg","tag-kultusministerium-nidersachsen","tag-sprach-kitas-2"],"yoast_head":"<!-- This site is optimized with the Yoast SEO plugin v27.5 - https:\/\/yoast.com\/product\/yoast-seo-wordpress\/ -->\n<title>&quot;Sprach-Kitas&quot; bleiben - Land strebt Dauerl\u00f6sung an - Radio Leinewelle<\/title>\n<meta name=\"robots\" content=\"index, follow, max-snippet:-1, max-image-preview:large, max-video-preview:-1\" \/>\n<link rel=\"canonical\" href=\"https:\/\/radioleinewelle.de\/index.php\/2022\/11\/15\/sprach-kitas-bleiben-land-strebt-dauerloesung-an\/\" \/>\n<meta property=\"og:locale\" content=\"de_DE\" \/>\n<meta property=\"og:type\" content=\"article\" \/>\n<meta property=\"og:title\" content=\"&quot;Sprach-Kitas&quot; bleiben - Land strebt Dauerl\u00f6sung an - Radio Leinewelle\" \/>\n<meta property=\"og:description\" content=\"Aufatmen f\u00fcr die nieders\u00e4chsischen \u201eSprach-Kitas\u201c: Das entsprechende Bundesprogramm l\u00e4uft mit Ende des Jahres 2022 nicht aus, sondern wird um ein halbes Jahr bis Ende Juni 2023 verl\u00e4ngert und aus Bundesmitteln finanziert. Das Land Niedersachsen wird daf\u00fcr Sorge tragen, dass die \u201eSprach-Kitas\u201c auch \u00fcber diesen Zeitpunkt hinaus weiterfinanziert und diese wichtige S\u00e4ule der fr\u00fchkindlichen Sprachf\u00f6rderung erhalten [&hellip;]\" \/>\n<meta property=\"og:url\" content=\"https:\/\/radioleinewelle.de\/index.php\/2022\/11\/15\/sprach-kitas-bleiben-land-strebt-dauerloesung-an\/\" \/>\n<meta property=\"og:site_name\" content=\"Radio Leinewelle\" \/>\n<meta property=\"article:publisher\" content=\"https:\/\/www.facebook.com\/radioleinewelle\" \/>\n<meta property=\"article:author\" content=\"https:\/\/www.facebook.com\/radioleinewelle\" \/>\n<meta property=\"article:published_time\" content=\"2022-11-15T05:36:51+00:00\" \/>\n<meta name=\"author\" content=\"Leinewelle\" \/>\n<meta name=\"twitter:card\" content=\"summary_large_image\" \/>\n<meta name=\"twitter:creator\" content=\"@https:\/\/twitter.com\/RLeinewelle?ref_src=twsrcgoogletwcampserptwgrauthor\" \/>\n<meta name=\"twitter:site\" content=\"@RLeinewelle\" \/>\n<meta name=\"twitter:label1\" content=\"Verfasst von\" \/>\n\t<meta name=\"twitter:data1\" content=\"Leinewelle\" \/>\n\t<meta name=\"twitter:label2\" content=\"Gesch\u00e4tzte Lesezeit\" \/>\n\t<meta name=\"twitter:data2\" content=\"2\u00a0Minuten\" \/>\n<script type=\"application\/ld+json\" class=\"yoast-schema-graph\">{\"@context\":\"https:\\\/\\\/schema.org\",\"@graph\":[{\"@type\":\"Article\",\"@id\":\"https:\\\/\\\/radioleinewelle.de\\\/index.php\\\/2022\\\/11\\\/15\\\/sprach-kitas-bleiben-land-strebt-dauerloesung-an\\\/#article\",\"isPartOf\":{\"@id\":\"https:\\\/\\\/radioleinewelle.de\\\/index.php\\\/2022\\\/11\\\/15\\\/sprach-kitas-bleiben-land-strebt-dauerloesung-an\\\/\"},\"author\":{\"name\":\"Leinewelle\",\"@id\":\"https:\\\/\\\/radioleinewelle.de\\\/#\\\/schema\\\/person\\\/45606f348637df637192dc1b68399a63\"},\"headline\":\"&#8222;Sprach-Kitas&#8220; bleiben &#8211; Land strebt Dauerl\u00f6sung an\",\"datePublished\":\"2022-11-15T05:36:51+00:00\",\"mainEntityOfPage\":{\"@id\":\"https:\\\/\\\/radioleinewelle.de\\\/index.php\\\/2022\\\/11\\\/15\\\/sprach-kitas-bleiben-land-strebt-dauerloesung-an\\\/\"},\"wordCount\":281,\"publisher\":{\"@id\":\"https:\\\/\\\/radioleinewelle.de\\\/#organization\"},\"keywords\":[\"Julia Willie Hamburg\",\"Kultusministerium Nidersachsen\",\"Sprach-Kitas\"],\"articleSection\":[\"Aktuelle Nachrichten\"],\"inLanguage\":\"de\"},{\"@type\":\"WebPage\",\"@id\":\"https:\\\/\\\/radioleinewelle.de\\\/index.php\\\/2022\\\/11\\\/15\\\/sprach-kitas-bleiben-land-strebt-dauerloesung-an\\\/\",\"url\":\"https:\\\/\\\/radioleinewelle.de\\\/index.php\\\/2022\\\/11\\\/15\\\/sprach-kitas-bleiben-land-strebt-dauerloesung-an\\\/\",\"name\":\"\\\"Sprach-Kitas\\\" bleiben - Land strebt Dauerl\u00f6sung an - Radio Leinewelle\",\"isPartOf\":{\"@id\":\"https:\\\/\\\/radioleinewelle.de\\\/#website\"},\"datePublished\":\"2022-11-15T05:36:51+00:00\",\"breadcrumb\":{\"@id\":\"https:\\\/\\\/radioleinewelle.de\\\/index.php\\\/2022\\\/11\\\/15\\\/sprach-kitas-bleiben-land-strebt-dauerloesung-an\\\/#breadcrumb\"},\"inLanguage\":\"de\",\"potentialAction\":[{\"@type\":\"ReadAction\",\"target\":[\"https:\\\/\\\/radioleinewelle.de\\\/index.php\\\/2022\\\/11\\\/15\\\/sprach-kitas-bleiben-land-strebt-dauerloesung-an\\\/\"]}]},{\"@type\":\"BreadcrumbList\",\"@id\":\"https:\\\/\\\/radioleinewelle.de\\\/index.php\\\/2022\\\/11\\\/15\\\/sprach-kitas-bleiben-land-strebt-dauerloesung-an\\\/#breadcrumb\",\"itemListElement\":[{\"@type\":\"ListItem\",\"position\":1,\"name\":\"Startseite\",\"item\":\"https:\\\/\\\/radioleinewelle.de\\\/\"},{\"@type\":\"ListItem\",\"position\":2,\"name\":\"&#8222;Sprach-Kitas&#8220; bleiben &#8211; Land strebt Dauerl\u00f6sung an\"}]},{\"@type\":\"WebSite\",\"@id\":\"https:\\\/\\\/radioleinewelle.de\\\/#website\",\"url\":\"https:\\\/\\\/radioleinewelle.de\\\/\",\"name\":\"Radio Leinewelle\",\"description\":\"\",\"publisher\":{\"@id\":\"https:\\\/\\\/radioleinewelle.de\\\/#organization\"},\"potentialAction\":[{\"@type\":\"SearchAction\",\"target\":{\"@type\":\"EntryPoint\",\"urlTemplate\":\"https:\\\/\\\/radioleinewelle.de\\\/?s={search_term_string}\"},\"query-input\":{\"@type\":\"PropertyValueSpecification\",\"valueRequired\":true,\"valueName\":\"search_term_string\"}}],\"inLanguage\":\"de\"},{\"@type\":\"Organization\",\"@id\":\"https:\\\/\\\/radioleinewelle.de\\\/#organization\",\"name\":\"Radio Leinewelle\",\"alternateName\":\"Mein Radio f\u00fcr S\u00fcdniedersachsen\",\"url\":\"https:\\\/\\\/radioleinewelle.de\\\/\",\"logo\":{\"@type\":\"ImageObject\",\"inLanguage\":\"de\",\"@id\":\"https:\\\/\\\/radioleinewelle.de\\\/#\\\/schema\\\/logo\\\/image\\\/\",\"url\":\"https:\\\/\\\/radioleinewelle.de\\\/wp-content\\\/uploads\\\/2023\\\/11\\\/cropped-Leinewelle_Logo_weiss.png\",\"contentUrl\":\"https:\\\/\\\/radioleinewelle.de\\\/wp-content\\\/uploads\\\/2023\\\/11\\\/cropped-Leinewelle_Logo_weiss.png\",\"width\":854,\"height\":260,\"caption\":\"Radio Leinewelle\"},\"image\":{\"@id\":\"https:\\\/\\\/radioleinewelle.de\\\/#\\\/schema\\\/logo\\\/image\\\/\"},\"sameAs\":[\"https:\\\/\\\/www.facebook.com\\\/radioleinewelle\",\"https:\\\/\\\/x.com\\\/RLeinewelle\",\"https:\\\/\\\/www.instagram.com\\\/radioleinewelle\\\/?hl=de\"]},{\"@type\":\"Person\",\"@id\":\"https:\\\/\\\/radioleinewelle.de\\\/#\\\/schema\\\/person\\\/45606f348637df637192dc1b68399a63\",\"name\":\"Leinewelle\",\"image\":{\"@type\":\"ImageObject\",\"inLanguage\":\"de\",\"@id\":\"https:\\\/\\\/secure.gravatar.com\\\/avatar\\\/05c9a17bc973052ee5d91549bd32fb4dd0dc85b7b85ae94b2e2b4943476bbea5?s=96&d=blank&r=g\",\"url\":\"https:\\\/\\\/secure.gravatar.com\\\/avatar\\\/05c9a17bc973052ee5d91549bd32fb4dd0dc85b7b85ae94b2e2b4943476bbea5?s=96&d=blank&r=g\",\"contentUrl\":\"https:\\\/\\\/secure.gravatar.com\\\/avatar\\\/05c9a17bc973052ee5d91549bd32fb4dd0dc85b7b85ae94b2e2b4943476bbea5?s=96&d=blank&r=g\",\"caption\":\"Leinewelle\"},\"sameAs\":[\"http:\\\/\\\/localhost\\\/radio%20leinewelle\\\/wordpress\",\"https:\\\/\\\/www.facebook.com\\\/radioleinewelle\",\"https:\\\/\\\/www.instagram.com\\\/radioleinewelle\",\"https:\\\/\\\/x.com\\\/https:\\\/\\\/twitter.com\\\/RLeinewelle?ref_src=twsrcgoogletwcampserptwgrauthor\",\"https:\\\/\\\/soundcloud.com\\\/foerderverein-lokalradio?utm_source=clipboard&utm_medium=text&utm_campaign=social_sharing\"],\"url\":\"https:\\\/\\\/radioleinewelle.de\\\/index.php\\\/author\\\/leinewelle\\\/\"}]}<\/script>\n<!-- \/ Yoast SEO plugin. -->","yoast_head_json":{"title":"\"Sprach-Kitas\" bleiben - Land strebt Dauerl\u00f6sung an - Radio Leinewelle","robots":{"index":"index","follow":"follow","max-snippet":"max-snippet:-1","max-image-preview":"max-image-preview:large","max-video-preview":"max-video-preview:-1"},"canonical":"https:\/\/radioleinewelle.de\/index.php\/2022\/11\/15\/sprach-kitas-bleiben-land-strebt-dauerloesung-an\/","og_locale":"de_DE","og_type":"article","og_title":"\"Sprach-Kitas\" bleiben - Land strebt Dauerl\u00f6sung an - Radio Leinewelle","og_description":"Aufatmen f\u00fcr die nieders\u00e4chsischen \u201eSprach-Kitas\u201c: Das entsprechende Bundesprogramm l\u00e4uft mit Ende des Jahres 2022 nicht aus, sondern wird um ein halbes Jahr bis Ende Juni 2023 verl\u00e4ngert und aus Bundesmitteln finanziert. Das Land Niedersachsen wird daf\u00fcr Sorge tragen, dass die \u201eSprach-Kitas\u201c auch \u00fcber diesen Zeitpunkt hinaus weiterfinanziert und diese wichtige S\u00e4ule der fr\u00fchkindlichen Sprachf\u00f6rderung erhalten [&hellip;]","og_url":"https:\/\/radioleinewelle.de\/index.php\/2022\/11\/15\/sprach-kitas-bleiben-land-strebt-dauerloesung-an\/","og_site_name":"Radio Leinewelle","article_publisher":"https:\/\/www.facebook.com\/radioleinewelle","article_author":"https:\/\/www.facebook.com\/radioleinewelle","article_published_time":"2022-11-15T05:36:51+00:00","author":"Leinewelle","twitter_card":"summary_large_image","twitter_creator":"@https:\/\/twitter.com\/RLeinewelle?ref_src=twsrcgoogletwcampserptwgrauthor","twitter_site":"@RLeinewelle","twitter_misc":{"Verfasst von":"Leinewelle","Gesch\u00e4tzte Lesezeit":"2\u00a0Minuten"},"schema":{"@context":"https:\/\/schema.org","@graph":[{"@type":"Article","@id":"https:\/\/radioleinewelle.de\/index.php\/2022\/11\/15\/sprach-kitas-bleiben-land-strebt-dauerloesung-an\/#article","isPartOf":{"@id":"https:\/\/radioleinewelle.de\/index.php\/2022\/11\/15\/sprach-kitas-bleiben-land-strebt-dauerloesung-an\/"},"author":{"name":"Leinewelle","@id":"https:\/\/radioleinewelle.de\/#\/schema\/person\/45606f348637df637192dc1b68399a63"},"headline":"&#8222;Sprach-Kitas&#8220; bleiben &#8211; Land strebt Dauerl\u00f6sung an","datePublished":"2022-11-15T05:36:51+00:00","mainEntityOfPage":{"@id":"https:\/\/radioleinewelle.de\/index.php\/2022\/11\/15\/sprach-kitas-bleiben-land-strebt-dauerloesung-an\/"},"wordCount":281,"publisher":{"@id":"https:\/\/radioleinewelle.de\/#organization"},"keywords":["Julia Willie Hamburg","Kultusministerium Nidersachsen","Sprach-Kitas"],"articleSection":["Aktuelle Nachrichten"],"inLanguage":"de"},{"@type":"WebPage","@id":"https:\/\/radioleinewelle.de\/index.php\/2022\/11\/15\/sprach-kitas-bleiben-land-strebt-dauerloesung-an\/","url":"https:\/\/radioleinewelle.de\/index.php\/2022\/11\/15\/sprach-kitas-bleiben-land-strebt-dauerloesung-an\/","name":"\"Sprach-Kitas\" bleiben - Land strebt Dauerl\u00f6sung an - Radio Leinewelle","isPartOf":{"@id":"https:\/\/radioleinewelle.de\/#website"},"datePublished":"2022-11-15T05:36:51+00:00","breadcrumb":{"@id":"https:\/\/radioleinewelle.de\/index.php\/2022\/11\/15\/sprach-kitas-bleiben-land-strebt-dauerloesung-an\/#breadcrumb"},"inLanguage":"de","potentialAction":[{"@type":"ReadAction","target":["https:\/\/radioleinewelle.de\/index.php\/2022\/11\/15\/sprach-kitas-bleiben-land-strebt-dauerloesung-an\/"]}]},{"@type":"BreadcrumbList","@id":"https:\/\/radioleinewelle.de\/index.php\/2022\/11\/15\/sprach-kitas-bleiben-land-strebt-dauerloesung-an\/#breadcrumb","itemListElement":[{"@type":"ListItem","position":1,"name":"Startseite","item":"https:\/\/radioleinewelle.de\/"},{"@type":"ListItem","position":2,"name":"&#8222;Sprach-Kitas&#8220; bleiben &#8211; Land strebt Dauerl\u00f6sung an"}]},{"@type":"WebSite","@id":"https:\/\/radioleinewelle.de\/#website","url":"https:\/\/radioleinewelle.de\/","name":"Radio Leinewelle","description":"","publisher":{"@id":"https:\/\/radioleinewelle.de\/#organization"},"potentialAction":[{"@type":"SearchAction","target":{"@type":"EntryPoint","urlTemplate":"https:\/\/radioleinewelle.de\/?s={search_term_string}"},"query-input":{"@type":"PropertyValueSpecification","valueRequired":true,"valueName":"search_term_string"}}],"inLanguage":"de"},{"@type":"Organization","@id":"https:\/\/radioleinewelle.de\/#organization","name":"Radio Leinewelle","alternateName":"Mein Radio f\u00fcr S\u00fcdniedersachsen","url":"https:\/\/radioleinewelle.de\/","logo":{"@type":"ImageObject","inLanguage":"de","@id":"https:\/\/radioleinewelle.de\/#\/schema\/logo\/image\/","url":"https:\/\/radioleinewelle.de\/wp-content\/uploads\/2023\/11\/cropped-Leinewelle_Logo_weiss.png","contentUrl":"https:\/\/radioleinewelle.de\/wp-content\/uploads\/2023\/11\/cropped-Leinewelle_Logo_weiss.png","width":854,"height":260,"caption":"Radio Leinewelle"},"image":{"@id":"https:\/\/radioleinewelle.de\/#\/schema\/logo\/image\/"},"sameAs":["https:\/\/www.facebook.com\/radioleinewelle","https:\/\/x.com\/RLeinewelle","https:\/\/www.instagram.com\/radioleinewelle\/?hl=de"]},{"@type":"Person","@id":"https:\/\/radioleinewelle.de\/#\/schema\/person\/45606f348637df637192dc1b68399a63","name":"Leinewelle","image":{"@type":"ImageObject","inLanguage":"de","@id":"https:\/\/secure.gravatar.com\/avatar\/05c9a17bc973052ee5d91549bd32fb4dd0dc85b7b85ae94b2e2b4943476bbea5?s=96&d=blank&r=g","url":"https:\/\/secure.gravatar.com\/avatar\/05c9a17bc973052ee5d91549bd32fb4dd0dc85b7b85ae94b2e2b4943476bbea5?s=96&d=blank&r=g","contentUrl":"https:\/\/secure.gravatar.com\/avatar\/05c9a17bc973052ee5d91549bd32fb4dd0dc85b7b85ae94b2e2b4943476bbea5?s=96&d=blank&r=g","caption":"Leinewelle"},"sameAs":["http:\/\/localhost\/radio%20leinewelle\/wordpress","https:\/\/www.facebook.com\/radioleinewelle","https:\/\/www.instagram.com\/radioleinewelle","https:\/\/x.com\/https:\/\/twitter.com\/RLeinewelle?ref_src=twsrcgoogletwcampserptwgrauthor","https:\/\/soundcloud.com\/foerderverein-lokalradio?utm_source=clipboard&utm_medium=text&utm_campaign=social_sharing"],"url":"https:\/\/radioleinewelle.de\/index.php\/author\/leinewelle\/"}]}},"_links":{"self":[{"href":"https:\/\/radioleinewelle.de\/index.php\/wp-json\/wp\/v2\/posts\/16703","targetHints":{"allow":["GET"]}}],"collection":[{"href":"https:\/\/radioleinewelle.de\/index.php\/wp-json\/wp\/v2\/posts"}],"about":[{"href":"https:\/\/radioleinewelle.de\/index.php\/wp-json\/wp\/v2\/types\/post"}],"author":[{"embeddable":true,"href":"https:\/\/radioleinewelle.de\/index.php\/wp-json\/wp\/v2\/users\/1"}],"replies":[{"embeddable":true,"href":"https:\/\/radioleinewelle.de\/index.php\/wp-json\/wp\/v2\/comments?post=16703"}],"version-history":[{"count":0,"href":"https:\/\/radioleinewelle.de\/index.php\/wp-json\/wp\/v2\/posts\/16703\/revisions"}],"wp:attachment":[{"href":"https:\/\/radioleinewelle.de\/index.php\/wp-json\/wp\/v2\/media?parent=16703"}],"wp:term":[{"taxonomy":"category","embeddable":true,"href":"https:\/\/radioleinewelle.de\/index.php\/wp-json\/wp\/v2\/categories?post=16703"},{"taxonomy":"post_tag","embeddable":true,"href":"https:\/\/radioleinewelle.de\/index.php\/wp-json\/wp\/v2\/tags?post=16703"}],"curies":[{"name":"wp","href":"https:\/\/api.w.org\/{rel}","templated":true}]}}