{"id":16734,"date":"2022-11-17T06:43:52","date_gmt":"2022-11-17T05:43:52","guid":{"rendered":"https:\/\/radioleinewelle.de\/?p=16734"},"modified":"2022-11-17T06:43:52","modified_gmt":"2022-11-17T05:43:52","slug":"landkreis-goettingen-jetzt-online-terminvergabe-in-der-auslaenderbehoerde-moeglich","status":"publish","type":"post","link":"https:\/\/radioleinewelle.de\/index.php\/2022\/11\/17\/landkreis-goettingen-jetzt-online-terminvergabe-in-der-auslaenderbehoerde-moeglich\/","title":{"rendered":"Landkreis G\u00f6ttingen: jetzt Online-Terminvergabe in der Ausl\u00e4nderbeh\u00f6rde m\u00f6glich"},"content":{"rendered":"\n<p>Ab sofort k\u00f6nnen B\u00fcrgerinnen und B\u00fcrger ihre Termine bei der Ausl\u00e4nderbeh\u00f6rde des Landkreises G\u00f6ttingen auch online buchen. Damit werden Terminvereinbarungen unabh\u00e4ngig von \u00d6ffnungszeiten und der pers\u00f6nlichen Erreichbarkeit der Mitarbeiterinnen und Mitarbeiter quasi \u201eRund um die Uhr\u201c m\u00f6glich und machen die Verwaltungsleistungen der Kreisverwaltung f\u00fcr die B\u00fcrgerinnen und B\u00fcrger direkt und besser erreichbar. Ziel ist es u.a., die Terminvergabe zu vereinfachen. Die Terminvereinbarung per Telefon oder E-Mail ist dar\u00fcber hinaus auch weiterhin m\u00f6glich.<\/p>\n\n\n\n<p>Das Funktionsangebot der Online-Terminvereinbarung wird zun\u00e4chst in der Ausl\u00e4nderbeh\u00f6rde erprobt und soll nach erfolgreichem Abschluss der Pilotphase auf weitere Aufgabenbereiche der Kreisverwaltung ausgeweitet werden. Ziel ist es, mit diesem Funktionsangebot die Servicequalit\u00e4t f\u00fcr den Publikumsverkehr dauerhaft zu verbessern.<\/p>\n\n\n\n<p>Die Online-Terminvereinbarung ist hier zu finden:<\/p>\n\n\n\n<p><strong><a href=\"http:\/\/www.landkreisgoettingen.de\/serviceportal\">www.landkreisgoettingen.de\/serviceportal<\/a><\/strong><\/p>\n","protected":false},"excerpt":{"rendered":"<p>Ab sofort k\u00f6nnen B\u00fcrgerinnen und B\u00fcrger ihre Termine bei der Ausl\u00e4nderbeh\u00f6rde des Landkreises G\u00f6ttingen auch online buchen. Damit werden Terminvereinbarungen unabh\u00e4ngig von \u00d6ffnungszeiten und der pers\u00f6nlichen Erreichbarkeit der Mitarbeiterinnen und Mitarbeiter quasi \u201eRund um die Uhr\u201c m\u00f6glich und machen die Verwaltungsleistungen der Kreisverwaltung f\u00fcr die B\u00fcrgerinnen und B\u00fcrger direkt und besser erreichbar. Ziel ist es [&hellip;]<\/p>\n","protected":false},"author":1,"featured_media":0,"comment_status":"closed","ping_status":"closed","sticky":false,"template":"","format":"standard","meta":{"saved_in_kubio":false,"footnotes":""},"categories":[24],"tags":[3591,327],"class_list":["post-16734","post","type-post","status-publish","format-standard","hentry","category-news","tag-auslaenderbehoerde","tag-landkreis-goettingen"],"yoast_head":"<!-- This site is optimized with the Yoast SEO plugin v27.5 - https:\/\/yoast.com\/product\/yoast-seo-wordpress\/ -->\n<title>Landkreis G\u00f6ttingen: jetzt Online-Terminvergabe in der Ausl\u00e4nderbeh\u00f6rde m\u00f6glich - Radio Leinewelle<\/title>\n<meta name=\"robots\" content=\"index, follow, max-snippet:-1, max-image-preview:large, max-video-preview:-1\" \/>\n<link rel=\"canonical\" href=\"https:\/\/radioleinewelle.de\/index.php\/2022\/11\/17\/landkreis-goettingen-jetzt-online-terminvergabe-in-der-auslaenderbehoerde-moeglich\/\" \/>\n<meta property=\"og:locale\" content=\"de_DE\" \/>\n<meta property=\"og:type\" content=\"article\" \/>\n<meta property=\"og:title\" content=\"Landkreis G\u00f6ttingen: jetzt Online-Terminvergabe in der Ausl\u00e4nderbeh\u00f6rde m\u00f6glich - Radio Leinewelle\" \/>\n<meta property=\"og:description\" content=\"Ab sofort k\u00f6nnen B\u00fcrgerinnen und B\u00fcrger ihre Termine bei der Ausl\u00e4nderbeh\u00f6rde des Landkreises G\u00f6ttingen auch online buchen. Damit werden Terminvereinbarungen unabh\u00e4ngig von \u00d6ffnungszeiten und der pers\u00f6nlichen Erreichbarkeit der Mitarbeiterinnen und Mitarbeiter quasi \u201eRund um die Uhr\u201c m\u00f6glich und machen die Verwaltungsleistungen der Kreisverwaltung f\u00fcr die B\u00fcrgerinnen und B\u00fcrger direkt und besser erreichbar. Ziel ist es [&hellip;]\" \/>\n<meta property=\"og:url\" content=\"https:\/\/radioleinewelle.de\/index.php\/2022\/11\/17\/landkreis-goettingen-jetzt-online-terminvergabe-in-der-auslaenderbehoerde-moeglich\/\" \/>\n<meta property=\"og:site_name\" content=\"Radio Leinewelle\" \/>\n<meta property=\"article:publisher\" content=\"https:\/\/www.facebook.com\/radioleinewelle\" \/>\n<meta property=\"article:author\" content=\"https:\/\/www.facebook.com\/radioleinewelle\" \/>\n<meta property=\"article:published_time\" content=\"2022-11-17T05:43:52+00:00\" \/>\n<meta name=\"author\" content=\"Leinewelle\" \/>\n<meta name=\"twitter:card\" content=\"summary_large_image\" \/>\n<meta name=\"twitter:creator\" content=\"@https:\/\/twitter.com\/RLeinewelle?ref_src=twsrcgoogletwcampserptwgrauthor\" \/>\n<meta name=\"twitter:site\" content=\"@RLeinewelle\" \/>\n<meta name=\"twitter:label1\" content=\"Verfasst von\" \/>\n\t<meta name=\"twitter:data1\" content=\"Leinewelle\" \/>\n\t<meta name=\"twitter:label2\" content=\"Gesch\u00e4tzte Lesezeit\" \/>\n\t<meta name=\"twitter:data2\" content=\"1\u00a0Minute\" \/>\n<script type=\"application\/ld+json\" class=\"yoast-schema-graph\">{\"@context\":\"https:\\\/\\\/schema.org\",\"@graph\":[{\"@type\":\"Article\",\"@id\":\"https:\\\/\\\/radioleinewelle.de\\\/index.php\\\/2022\\\/11\\\/17\\\/landkreis-goettingen-jetzt-online-terminvergabe-in-der-auslaenderbehoerde-moeglich\\\/#article\",\"isPartOf\":{\"@id\":\"https:\\\/\\\/radioleinewelle.de\\\/index.php\\\/2022\\\/11\\\/17\\\/landkreis-goettingen-jetzt-online-terminvergabe-in-der-auslaenderbehoerde-moeglich\\\/\"},\"author\":{\"name\":\"Leinewelle\",\"@id\":\"https:\\\/\\\/radioleinewelle.de\\\/#\\\/schema\\\/person\\\/45606f348637df637192dc1b68399a63\"},\"headline\":\"Landkreis G\u00f6ttingen: jetzt Online-Terminvergabe in der Ausl\u00e4nderbeh\u00f6rde m\u00f6glich\",\"datePublished\":\"2022-11-17T05:43:52+00:00\",\"mainEntityOfPage\":{\"@id\":\"https:\\\/\\\/radioleinewelle.de\\\/index.php\\\/2022\\\/11\\\/17\\\/landkreis-goettingen-jetzt-online-terminvergabe-in-der-auslaenderbehoerde-moeglich\\\/\"},\"wordCount\":152,\"publisher\":{\"@id\":\"https:\\\/\\\/radioleinewelle.de\\\/#organization\"},\"keywords\":[\"Ausl\u00e4nderbeh\u00f6rde\",\"Landkreis G\u00f6ttingen\"],\"articleSection\":[\"Aktuelle Nachrichten\"],\"inLanguage\":\"de\"},{\"@type\":\"WebPage\",\"@id\":\"https:\\\/\\\/radioleinewelle.de\\\/index.php\\\/2022\\\/11\\\/17\\\/landkreis-goettingen-jetzt-online-terminvergabe-in-der-auslaenderbehoerde-moeglich\\\/\",\"url\":\"https:\\\/\\\/radioleinewelle.de\\\/index.php\\\/2022\\\/11\\\/17\\\/landkreis-goettingen-jetzt-online-terminvergabe-in-der-auslaenderbehoerde-moeglich\\\/\",\"name\":\"Landkreis G\u00f6ttingen: jetzt Online-Terminvergabe in der Ausl\u00e4nderbeh\u00f6rde m\u00f6glich - Radio Leinewelle\",\"isPartOf\":{\"@id\":\"https:\\\/\\\/radioleinewelle.de\\\/#website\"},\"datePublished\":\"2022-11-17T05:43:52+00:00\",\"breadcrumb\":{\"@id\":\"https:\\\/\\\/radioleinewelle.de\\\/index.php\\\/2022\\\/11\\\/17\\\/landkreis-goettingen-jetzt-online-terminvergabe-in-der-auslaenderbehoerde-moeglich\\\/#breadcrumb\"},\"inLanguage\":\"de\",\"potentialAction\":[{\"@type\":\"ReadAction\",\"target\":[\"https:\\\/\\\/radioleinewelle.de\\\/index.php\\\/2022\\\/11\\\/17\\\/landkreis-goettingen-jetzt-online-terminvergabe-in-der-auslaenderbehoerde-moeglich\\\/\"]}]},{\"@type\":\"BreadcrumbList\",\"@id\":\"https:\\\/\\\/radioleinewelle.de\\\/index.php\\\/2022\\\/11\\\/17\\\/landkreis-goettingen-jetzt-online-terminvergabe-in-der-auslaenderbehoerde-moeglich\\\/#breadcrumb\",\"itemListElement\":[{\"@type\":\"ListItem\",\"position\":1,\"name\":\"Startseite\",\"item\":\"https:\\\/\\\/radioleinewelle.de\\\/\"},{\"@type\":\"ListItem\",\"position\":2,\"name\":\"Landkreis G\u00f6ttingen: jetzt Online-Terminvergabe in der Ausl\u00e4nderbeh\u00f6rde m\u00f6glich\"}]},{\"@type\":\"WebSite\",\"@id\":\"https:\\\/\\\/radioleinewelle.de\\\/#website\",\"url\":\"https:\\\/\\\/radioleinewelle.de\\\/\",\"name\":\"Radio Leinewelle\",\"description\":\"\",\"publisher\":{\"@id\":\"https:\\\/\\\/radioleinewelle.de\\\/#organization\"},\"potentialAction\":[{\"@type\":\"SearchAction\",\"target\":{\"@type\":\"EntryPoint\",\"urlTemplate\":\"https:\\\/\\\/radioleinewelle.de\\\/?s={search_term_string}\"},\"query-input\":{\"@type\":\"PropertyValueSpecification\",\"valueRequired\":true,\"valueName\":\"search_term_string\"}}],\"inLanguage\":\"de\"},{\"@type\":\"Organization\",\"@id\":\"https:\\\/\\\/radioleinewelle.de\\\/#organization\",\"name\":\"Radio Leinewelle\",\"alternateName\":\"Mein Radio f\u00fcr S\u00fcdniedersachsen\",\"url\":\"https:\\\/\\\/radioleinewelle.de\\\/\",\"logo\":{\"@type\":\"ImageObject\",\"inLanguage\":\"de\",\"@id\":\"https:\\\/\\\/radioleinewelle.de\\\/#\\\/schema\\\/logo\\\/image\\\/\",\"url\":\"https:\\\/\\\/radioleinewelle.de\\\/wp-content\\\/uploads\\\/2023\\\/11\\\/cropped-Leinewelle_Logo_weiss.png\",\"contentUrl\":\"https:\\\/\\\/radioleinewelle.de\\\/wp-content\\\/uploads\\\/2023\\\/11\\\/cropped-Leinewelle_Logo_weiss.png\",\"width\":854,\"height\":260,\"caption\":\"Radio Leinewelle\"},\"image\":{\"@id\":\"https:\\\/\\\/radioleinewelle.de\\\/#\\\/schema\\\/logo\\\/image\\\/\"},\"sameAs\":[\"https:\\\/\\\/www.facebook.com\\\/radioleinewelle\",\"https:\\\/\\\/x.com\\\/RLeinewelle\",\"https:\\\/\\\/www.instagram.com\\\/radioleinewelle\\\/?hl=de\"]},{\"@type\":\"Person\",\"@id\":\"https:\\\/\\\/radioleinewelle.de\\\/#\\\/schema\\\/person\\\/45606f348637df637192dc1b68399a63\",\"name\":\"Leinewelle\",\"image\":{\"@type\":\"ImageObject\",\"inLanguage\":\"de\",\"@id\":\"https:\\\/\\\/secure.gravatar.com\\\/avatar\\\/05c9a17bc973052ee5d91549bd32fb4dd0dc85b7b85ae94b2e2b4943476bbea5?s=96&d=blank&r=g\",\"url\":\"https:\\\/\\\/secure.gravatar.com\\\/avatar\\\/05c9a17bc973052ee5d91549bd32fb4dd0dc85b7b85ae94b2e2b4943476bbea5?s=96&d=blank&r=g\",\"contentUrl\":\"https:\\\/\\\/secure.gravatar.com\\\/avatar\\\/05c9a17bc973052ee5d91549bd32fb4dd0dc85b7b85ae94b2e2b4943476bbea5?s=96&d=blank&r=g\",\"caption\":\"Leinewelle\"},\"sameAs\":[\"http:\\\/\\\/localhost\\\/radio%20leinewelle\\\/wordpress\",\"https:\\\/\\\/www.facebook.com\\\/radioleinewelle\",\"https:\\\/\\\/www.instagram.com\\\/radioleinewelle\",\"https:\\\/\\\/x.com\\\/https:\\\/\\\/twitter.com\\\/RLeinewelle?ref_src=twsrcgoogletwcampserptwgrauthor\",\"https:\\\/\\\/soundcloud.com\\\/foerderverein-lokalradio?utm_source=clipboard&utm_medium=text&utm_campaign=social_sharing\"],\"url\":\"https:\\\/\\\/radioleinewelle.de\\\/index.php\\\/author\\\/leinewelle\\\/\"}]}<\/script>\n<!-- \/ Yoast SEO plugin. -->","yoast_head_json":{"title":"Landkreis G\u00f6ttingen: jetzt Online-Terminvergabe in der Ausl\u00e4nderbeh\u00f6rde m\u00f6glich - Radio Leinewelle","robots":{"index":"index","follow":"follow","max-snippet":"max-snippet:-1","max-image-preview":"max-image-preview:large","max-video-preview":"max-video-preview:-1"},"canonical":"https:\/\/radioleinewelle.de\/index.php\/2022\/11\/17\/landkreis-goettingen-jetzt-online-terminvergabe-in-der-auslaenderbehoerde-moeglich\/","og_locale":"de_DE","og_type":"article","og_title":"Landkreis G\u00f6ttingen: jetzt Online-Terminvergabe in der Ausl\u00e4nderbeh\u00f6rde m\u00f6glich - Radio Leinewelle","og_description":"Ab sofort k\u00f6nnen B\u00fcrgerinnen und B\u00fcrger ihre Termine bei der Ausl\u00e4nderbeh\u00f6rde des Landkreises G\u00f6ttingen auch online buchen. Damit werden Terminvereinbarungen unabh\u00e4ngig von \u00d6ffnungszeiten und der pers\u00f6nlichen Erreichbarkeit der Mitarbeiterinnen und Mitarbeiter quasi \u201eRund um die Uhr\u201c m\u00f6glich und machen die Verwaltungsleistungen der Kreisverwaltung f\u00fcr die B\u00fcrgerinnen und B\u00fcrger direkt und besser erreichbar. Ziel ist es [&hellip;]","og_url":"https:\/\/radioleinewelle.de\/index.php\/2022\/11\/17\/landkreis-goettingen-jetzt-online-terminvergabe-in-der-auslaenderbehoerde-moeglich\/","og_site_name":"Radio Leinewelle","article_publisher":"https:\/\/www.facebook.com\/radioleinewelle","article_author":"https:\/\/www.facebook.com\/radioleinewelle","article_published_time":"2022-11-17T05:43:52+00:00","author":"Leinewelle","twitter_card":"summary_large_image","twitter_creator":"@https:\/\/twitter.com\/RLeinewelle?ref_src=twsrcgoogletwcampserptwgrauthor","twitter_site":"@RLeinewelle","twitter_misc":{"Verfasst von":"Leinewelle","Gesch\u00e4tzte Lesezeit":"1\u00a0Minute"},"schema":{"@context":"https:\/\/schema.org","@graph":[{"@type":"Article","@id":"https:\/\/radioleinewelle.de\/index.php\/2022\/11\/17\/landkreis-goettingen-jetzt-online-terminvergabe-in-der-auslaenderbehoerde-moeglich\/#article","isPartOf":{"@id":"https:\/\/radioleinewelle.de\/index.php\/2022\/11\/17\/landkreis-goettingen-jetzt-online-terminvergabe-in-der-auslaenderbehoerde-moeglich\/"},"author":{"name":"Leinewelle","@id":"https:\/\/radioleinewelle.de\/#\/schema\/person\/45606f348637df637192dc1b68399a63"},"headline":"Landkreis G\u00f6ttingen: jetzt Online-Terminvergabe in der Ausl\u00e4nderbeh\u00f6rde m\u00f6glich","datePublished":"2022-11-17T05:43:52+00:00","mainEntityOfPage":{"@id":"https:\/\/radioleinewelle.de\/index.php\/2022\/11\/17\/landkreis-goettingen-jetzt-online-terminvergabe-in-der-auslaenderbehoerde-moeglich\/"},"wordCount":152,"publisher":{"@id":"https:\/\/radioleinewelle.de\/#organization"},"keywords":["Ausl\u00e4nderbeh\u00f6rde","Landkreis G\u00f6ttingen"],"articleSection":["Aktuelle Nachrichten"],"inLanguage":"de"},{"@type":"WebPage","@id":"https:\/\/radioleinewelle.de\/index.php\/2022\/11\/17\/landkreis-goettingen-jetzt-online-terminvergabe-in-der-auslaenderbehoerde-moeglich\/","url":"https:\/\/radioleinewelle.de\/index.php\/2022\/11\/17\/landkreis-goettingen-jetzt-online-terminvergabe-in-der-auslaenderbehoerde-moeglich\/","name":"Landkreis G\u00f6ttingen: jetzt Online-Terminvergabe in der Ausl\u00e4nderbeh\u00f6rde m\u00f6glich - Radio Leinewelle","isPartOf":{"@id":"https:\/\/radioleinewelle.de\/#website"},"datePublished":"2022-11-17T05:43:52+00:00","breadcrumb":{"@id":"https:\/\/radioleinewelle.de\/index.php\/2022\/11\/17\/landkreis-goettingen-jetzt-online-terminvergabe-in-der-auslaenderbehoerde-moeglich\/#breadcrumb"},"inLanguage":"de","potentialAction":[{"@type":"ReadAction","target":["https:\/\/radioleinewelle.de\/index.php\/2022\/11\/17\/landkreis-goettingen-jetzt-online-terminvergabe-in-der-auslaenderbehoerde-moeglich\/"]}]},{"@type":"BreadcrumbList","@id":"https:\/\/radioleinewelle.de\/index.php\/2022\/11\/17\/landkreis-goettingen-jetzt-online-terminvergabe-in-der-auslaenderbehoerde-moeglich\/#breadcrumb","itemListElement":[{"@type":"ListItem","position":1,"name":"Startseite","item":"https:\/\/radioleinewelle.de\/"},{"@type":"ListItem","position":2,"name":"Landkreis G\u00f6ttingen: jetzt Online-Terminvergabe in der Ausl\u00e4nderbeh\u00f6rde m\u00f6glich"}]},{"@type":"WebSite","@id":"https:\/\/radioleinewelle.de\/#website","url":"https:\/\/radioleinewelle.de\/","name":"Radio Leinewelle","description":"","publisher":{"@id":"https:\/\/radioleinewelle.de\/#organization"},"potentialAction":[{"@type":"SearchAction","target":{"@type":"EntryPoint","urlTemplate":"https:\/\/radioleinewelle.de\/?s={search_term_string}"},"query-input":{"@type":"PropertyValueSpecification","valueRequired":true,"valueName":"search_term_string"}}],"inLanguage":"de"},{"@type":"Organization","@id":"https:\/\/radioleinewelle.de\/#organization","name":"Radio Leinewelle","alternateName":"Mein Radio f\u00fcr S\u00fcdniedersachsen","url":"https:\/\/radioleinewelle.de\/","logo":{"@type":"ImageObject","inLanguage":"de","@id":"https:\/\/radioleinewelle.de\/#\/schema\/logo\/image\/","url":"https:\/\/radioleinewelle.de\/wp-content\/uploads\/2023\/11\/cropped-Leinewelle_Logo_weiss.png","contentUrl":"https:\/\/radioleinewelle.de\/wp-content\/uploads\/2023\/11\/cropped-Leinewelle_Logo_weiss.png","width":854,"height":260,"caption":"Radio Leinewelle"},"image":{"@id":"https:\/\/radioleinewelle.de\/#\/schema\/logo\/image\/"},"sameAs":["https:\/\/www.facebook.com\/radioleinewelle","https:\/\/x.com\/RLeinewelle","https:\/\/www.instagram.com\/radioleinewelle\/?hl=de"]},{"@type":"Person","@id":"https:\/\/radioleinewelle.de\/#\/schema\/person\/45606f348637df637192dc1b68399a63","name":"Leinewelle","image":{"@type":"ImageObject","inLanguage":"de","@id":"https:\/\/secure.gravatar.com\/avatar\/05c9a17bc973052ee5d91549bd32fb4dd0dc85b7b85ae94b2e2b4943476bbea5?s=96&d=blank&r=g","url":"https:\/\/secure.gravatar.com\/avatar\/05c9a17bc973052ee5d91549bd32fb4dd0dc85b7b85ae94b2e2b4943476bbea5?s=96&d=blank&r=g","contentUrl":"https:\/\/secure.gravatar.com\/avatar\/05c9a17bc973052ee5d91549bd32fb4dd0dc85b7b85ae94b2e2b4943476bbea5?s=96&d=blank&r=g","caption":"Leinewelle"},"sameAs":["http:\/\/localhost\/radio%20leinewelle\/wordpress","https:\/\/www.facebook.com\/radioleinewelle","https:\/\/www.instagram.com\/radioleinewelle","https:\/\/x.com\/https:\/\/twitter.com\/RLeinewelle?ref_src=twsrcgoogletwcampserptwgrauthor","https:\/\/soundcloud.com\/foerderverein-lokalradio?utm_source=clipboard&utm_medium=text&utm_campaign=social_sharing"],"url":"https:\/\/radioleinewelle.de\/index.php\/author\/leinewelle\/"}]}},"_links":{"self":[{"href":"https:\/\/radioleinewelle.de\/index.php\/wp-json\/wp\/v2\/posts\/16734","targetHints":{"allow":["GET"]}}],"collection":[{"href":"https:\/\/radioleinewelle.de\/index.php\/wp-json\/wp\/v2\/posts"}],"about":[{"href":"https:\/\/radioleinewelle.de\/index.php\/wp-json\/wp\/v2\/types\/post"}],"author":[{"embeddable":true,"href":"https:\/\/radioleinewelle.de\/index.php\/wp-json\/wp\/v2\/users\/1"}],"replies":[{"embeddable":true,"href":"https:\/\/radioleinewelle.de\/index.php\/wp-json\/wp\/v2\/comments?post=16734"}],"version-history":[{"count":0,"href":"https:\/\/radioleinewelle.de\/index.php\/wp-json\/wp\/v2\/posts\/16734\/revisions"}],"wp:attachment":[{"href":"https:\/\/radioleinewelle.de\/index.php\/wp-json\/wp\/v2\/media?parent=16734"}],"wp:term":[{"taxonomy":"category","embeddable":true,"href":"https:\/\/radioleinewelle.de\/index.php\/wp-json\/wp\/v2\/categories?post=16734"},{"taxonomy":"post_tag","embeddable":true,"href":"https:\/\/radioleinewelle.de\/index.php\/wp-json\/wp\/v2\/tags?post=16734"}],"curies":[{"name":"wp","href":"https:\/\/api.w.org\/{rel}","templated":true}]}}