{"id":16798,"date":"2022-11-20T20:46:09","date_gmt":"2022-11-20T19:46:09","guid":{"rendered":"https:\/\/radioleinewelle.de\/?p=16798"},"modified":"2023-01-31T12:32:58","modified_gmt":"2023-01-31T11:32:58","slug":"goettinger-partei-und-volt-ratsgruppe-ruft-zum-boykott-der-wm-in-katar-auf","status":"publish","type":"post","link":"https:\/\/radioleinewelle.de\/index.php\/2022\/11\/20\/goettinger-partei-und-volt-ratsgruppe-ruft-zum-boykott-der-wm-in-katar-auf\/","title":{"rendered":"G\u00f6ttinger PARTEI und Volt-Ratsgruppe ruft zum Boykott der WM in Katar auf"},"content":{"rendered":"\n<p>Die PARTEI und Volt-Ratsgruppe hat eine umfangreiche Stellungnahme zum Thema Katar abgegeben. Sie ruft dazu auf, die Fu\u00dfball-Weltmeisterschaft in Katar zu boykottieren. Wir dokumentieren diesen Text im vollen Wortlaut.<\/p>\n\n\n\n<p>Die PARTEI und Volt-Ratsgruppe ruft dazu auf, die Fu\u00dfball-Weltmeisterschaft in Katar zu boykottieren. Ein Public Viewing der Veranstaltung sollte es aus Sicht der Stadtratsmitglieder in G\u00f6ttingen nicht geben, ebenso sollte auf den Erwerb von Merchandising-Artikeln verzichtet werden.<\/p>\n\n\n\n<p>Als Grund hierf\u00fcr nennt die Ratsgruppe die massiven Menschenrechtsverletzungen schon w\u00e4hrend der Vorarbeiten zu dem Event sowie den zynisch anmutenden Umgang mit der Kritik daran. W\u00e4hrend die FIFA in ihren Leitprinzipien zu Menschrechtsfragen erkl\u00e4rt: &#8222;Die FIFA bekennt sich zur Einhaltung aller international anerkannten Menschenrechte und setzt sich f\u00fcr den Schutz dieser Rechte ein.&#8220; handelt sie diametral dazu. Die Entscheidung f\u00fcr Katar folgt allein kommerziellen Zielen. Hier erwartet die FIFA eine Regierung, die Arbeitsschutz und andere Standards dem eigenen Streben nach einem zukunftsf\u00e4higen Gesch\u00e4ftsfeld unterordnet. Nach verschiedenen Berichten sind bisher mehrere hundert Arbeiter allein auf den Stadionbauten ums Leben gekommen.<\/p>\n\n\n\n<p>&#8222;Traurig genug, dass dies trotz all der Kritik von Menschenrechtsorganisationen und auch aus dem Sport selber nicht verhindert werden konnte.&#8220;, so Ratsfrau Helena Arndt (PARTEI) und weiter: &#8220; Wer nun dieses Event einfach nur als Zuschauer genie\u00dfen oder kommerziellen Gewinn daraus erzielen m\u00f6chte, sollte sich dar\u00fcber im Klaren sein, dass diese WM in besonderem Ma\u00dfe auf dem Leid anderer aufgebaut ist. Und sich dann fragen: &#8222;M\u00f6chte ich das? Oder m\u00f6chte ich nicht vielmehr eine faire Vergabe und eine nachhaltige und menschenfreundliche Ausrichtung eines der gr\u00f6\u00dften Sportveranstaltungen der Welt?&#8220;<\/p>\n\n\n\n<p>Schon l\u00e4nger wird die Tendenz der FIFA, Gro\u00dfereignisse in autokratisch gef\u00fchrten L\u00e4ndern stattfinden zu lassen, kritisiert. Bereits 2014 gab es Kritik an der WM-Vergabe nach Brasilien, insbesondere an den Arbeitsbedingungen bei den Stadionbaustellen. Auch die Vergabe nach Russland war stark umstritten. Offenbar wird in autokratischen Systemen den Anspr\u00fcchen der Fu\u00dfball-Organisation besser entsprochen als in demokratisch gef\u00fchrten L\u00e4ndern. Die WM in Katar ist ein neuer H\u00f6hepunkt in dieser Entwicklung, der auch au\u00dferhalb der Sportberichterstattung nicht ignoriert werden kann.<\/p>\n\n\n\n<p>F\u00fcr die G\u00f6ttinger Ratsgruppe fehlen zu diesem Thema vor allem eindeutige Signale und eine klare Haltung von Seiten der Politik.<\/p>\n\n\n\n<p>&#8222;Aus unser Sicht wurde es vers\u00e4umt, von politischer Seite wirklich alles zu tun um dem Gebaren der FIFA Grenzen zu setzen. Im Fu\u00dfballland Deutschland sind es eher noch Sportvereine, die sich kritisch dazu \u00e4u\u00dfern, w\u00e4hrend sich Politiker*innen eher bedeckt halten oder sogar auf &#8222;Dialog statt Boykott&#8220; setzen. Wir finden, dass ein Boykott den Dialog nicht verhindert, sondern &#8211; im Gegenteil &#8211; vielleicht die Machtverh\u00e4ltnisse der Gespr\u00e4chspartner*innen ver\u00e4ndert. Bisher gab es offenbar f\u00fcr die FIFA keinen Anreiz, der gro\u00df genug war, um endlich die Mi\u00dfst\u00e4nde zu beseitigen. Also kann man davon ausgehen dass auf der Grundlage von Ethik und Menschenw\u00fcrde kein Dialog zu f\u00fchren ist, sondern nur die Sprache des Markts verstanden wird.&#8220; erkl\u00e4rt Ratsherr Till Jonas Hampe (Volt) und erg\u00e4nzt: &#8222;Jeder Gewinn, den die WM abwirft ist ein &#8222;Weiter so&#8220;, eine Legitimation des Sumpfs aus Korruption und Machtstreben.&#8220;<\/p>\n\n\n\n<p>St\u00e4dte in Frankreich, Belgien und der Schweiz haben Public Viewing auf ihren Fl\u00e4chen eine Absage erteilt und sie schlicht untersagt. Ganz so weit geht man in Deutschland nicht und das ist auch gut so, meint die Ratsgruppe.<\/p>\n\n\n\n<p>&#8222;Denn,&#8220; so Helena Arndt abschlie\u00dfend &#8222;es geht nicht darum, Vorschriften zu machen, sondern es geht darum, Bewusstsein zu schaffen. Wir w\u00fcrden uns freuen, wenn die G\u00f6ttinger Gastronomie und die Ausrichtenden auf dem Weihnachtsmarkt, auf die \u00dcbertragung der WM in ihren Kneipen und an den St\u00e4nden verzichten.&#8220;<\/p>\n\n\n\n<p>Die Ratsgruppe solidarisiert sich mit friedlichen Gegenprotesten<\/p>\n\n\n\n<p>Bild von&nbsp;<a href=\"https:\/\/pixabay.com\/de\/users\/jarmoluk-143740\/?utm_source=link-attribution&amp;utm_medium=referral&amp;utm_campaign=image&amp;utm_content=428317\">Michal Jarmoluk<\/a>&nbsp;auf&nbsp;<a href=\"https:\/\/pixabay.com\/de\/\/?utm_source=link-attribution&amp;utm_medium=referral&amp;utm_campaign=image&amp;utm_content=428317\">Pixabay<\/a><\/p>\n","protected":false},"excerpt":{"rendered":"<p>Die PARTEI und Volt-Ratsgruppe hat eine umfangreiche Stellungnahme zum Thema Katar abgegeben. Sie ruft dazu auf, die Fu\u00dfball-Weltmeisterschaft in Katar zu boykottieren. Wir dokumentieren diesen Text im vollen Wortlaut. Die PARTEI und Volt-Ratsgruppe ruft dazu auf, die Fu\u00dfball-Weltmeisterschaft in Katar zu boykottieren. Ein Public Viewing der Veranstaltung sollte es aus Sicht der Stadtratsmitglieder in G\u00f6ttingen [&hellip;]<\/p>\n","protected":false},"author":1,"featured_media":20875,"comment_status":"closed","ping_status":"closed","sticky":false,"template":"","format":"standard","meta":{"saved_in_kubio":false,"footnotes":""},"categories":[25],"tags":[3606,1763],"class_list":["post-16798","post","type-post","status-publish","format-standard","has-post-thumbnail","hentry","category-diskurs-kritik","tag-die-partei","tag-volt-goettingen"],"yoast_head":"<!-- This site is optimized with the Yoast SEO plugin v27.4 - https:\/\/yoast.com\/product\/yoast-seo-wordpress\/ -->\n<title>G\u00f6ttinger PARTEI und Volt-Ratsgruppe ruft zum Boykott der WM in Katar auf - Radio Leinewelle<\/title>\n<meta name=\"robots\" content=\"index, follow, max-snippet:-1, max-image-preview:large, max-video-preview:-1\" \/>\n<link rel=\"canonical\" href=\"https:\/\/radioleinewelle.de\/index.php\/2022\/11\/20\/goettinger-partei-und-volt-ratsgruppe-ruft-zum-boykott-der-wm-in-katar-auf\/\" \/>\n<meta property=\"og:locale\" content=\"de_DE\" \/>\n<meta property=\"og:type\" content=\"article\" \/>\n<meta property=\"og:title\" content=\"G\u00f6ttinger PARTEI und Volt-Ratsgruppe ruft zum Boykott der WM in Katar auf - Radio Leinewelle\" \/>\n<meta property=\"og:description\" content=\"Die PARTEI und Volt-Ratsgruppe hat eine umfangreiche Stellungnahme zum Thema Katar abgegeben. Sie ruft dazu auf, die Fu\u00dfball-Weltmeisterschaft in Katar zu boykottieren. Wir dokumentieren diesen Text im vollen Wortlaut. Die PARTEI und Volt-Ratsgruppe ruft dazu auf, die Fu\u00dfball-Weltmeisterschaft in Katar zu boykottieren. Ein Public Viewing der Veranstaltung sollte es aus Sicht der Stadtratsmitglieder in G\u00f6ttingen [&hellip;]\" \/>\n<meta property=\"og:url\" content=\"https:\/\/radioleinewelle.de\/index.php\/2022\/11\/20\/goettinger-partei-und-volt-ratsgruppe-ruft-zum-boykott-der-wm-in-katar-auf\/\" \/>\n<meta property=\"og:site_name\" content=\"Radio Leinewelle\" \/>\n<meta property=\"article:publisher\" content=\"https:\/\/www.facebook.com\/radioleinewelle\" \/>\n<meta property=\"article:author\" content=\"https:\/\/www.facebook.com\/radioleinewelle\" \/>\n<meta property=\"article:published_time\" content=\"2022-11-20T19:46:09+00:00\" \/>\n<meta property=\"article:modified_time\" content=\"2023-01-31T11:32:58+00:00\" \/>\n<meta property=\"og:image\" content=\"https:\/\/radioleinewelle.de\/wp-content\/uploads\/2023\/01\/News.jpg\" \/>\n\t<meta property=\"og:image:width\" content=\"1024\" \/>\n\t<meta property=\"og:image:height\" content=\"1024\" \/>\n\t<meta property=\"og:image:type\" content=\"image\/jpeg\" \/>\n<meta name=\"author\" content=\"Leinewelle\" \/>\n<meta name=\"twitter:card\" content=\"summary_large_image\" \/>\n<meta name=\"twitter:creator\" content=\"@https:\/\/twitter.com\/RLeinewelle?ref_src=twsrcgoogletwcampserptwgrauthor\" \/>\n<meta name=\"twitter:site\" content=\"@RLeinewelle\" \/>\n<meta name=\"twitter:label1\" content=\"Verfasst von\" \/>\n\t<meta name=\"twitter:data1\" content=\"Leinewelle\" \/>\n\t<meta name=\"twitter:label2\" content=\"Gesch\u00e4tzte Lesezeit\" \/>\n\t<meta name=\"twitter:data2\" content=\"4\u00a0Minuten\" \/>\n<script type=\"application\/ld+json\" class=\"yoast-schema-graph\">{\"@context\":\"https:\\\/\\\/schema.org\",\"@graph\":[{\"@type\":\"Article\",\"@id\":\"https:\\\/\\\/radioleinewelle.de\\\/index.php\\\/2022\\\/11\\\/20\\\/goettinger-partei-und-volt-ratsgruppe-ruft-zum-boykott-der-wm-in-katar-auf\\\/#article\",\"isPartOf\":{\"@id\":\"https:\\\/\\\/radioleinewelle.de\\\/index.php\\\/2022\\\/11\\\/20\\\/goettinger-partei-und-volt-ratsgruppe-ruft-zum-boykott-der-wm-in-katar-auf\\\/\"},\"author\":{\"name\":\"Leinewelle\",\"@id\":\"https:\\\/\\\/radioleinewelle.de\\\/#\\\/schema\\\/person\\\/45606f348637df637192dc1b68399a63\"},\"headline\":\"G\u00f6ttinger PARTEI und Volt-Ratsgruppe ruft zum Boykott der WM in Katar auf\",\"datePublished\":\"2022-11-20T19:46:09+00:00\",\"dateModified\":\"2023-01-31T11:32:58+00:00\",\"mainEntityOfPage\":{\"@id\":\"https:\\\/\\\/radioleinewelle.de\\\/index.php\\\/2022\\\/11\\\/20\\\/goettinger-partei-und-volt-ratsgruppe-ruft-zum-boykott-der-wm-in-katar-auf\\\/\"},\"wordCount\":650,\"publisher\":{\"@id\":\"https:\\\/\\\/radioleinewelle.de\\\/#organization\"},\"image\":{\"@id\":\"https:\\\/\\\/radioleinewelle.de\\\/index.php\\\/2022\\\/11\\\/20\\\/goettinger-partei-und-volt-ratsgruppe-ruft-zum-boykott-der-wm-in-katar-auf\\\/#primaryimage\"},\"thumbnailUrl\":\"https:\\\/\\\/radioleinewelle.de\\\/wp-content\\\/uploads\\\/2023\\\/01\\\/News.jpg\",\"keywords\":[\"Die Partei\",\"Volt G\u00f6ttingen\"],\"articleSection\":[\"Diskurs &amp; Kritik\"],\"inLanguage\":\"de\"},{\"@type\":\"WebPage\",\"@id\":\"https:\\\/\\\/radioleinewelle.de\\\/index.php\\\/2022\\\/11\\\/20\\\/goettinger-partei-und-volt-ratsgruppe-ruft-zum-boykott-der-wm-in-katar-auf\\\/\",\"url\":\"https:\\\/\\\/radioleinewelle.de\\\/index.php\\\/2022\\\/11\\\/20\\\/goettinger-partei-und-volt-ratsgruppe-ruft-zum-boykott-der-wm-in-katar-auf\\\/\",\"name\":\"G\u00f6ttinger PARTEI und Volt-Ratsgruppe ruft zum Boykott der WM in Katar auf - Radio Leinewelle\",\"isPartOf\":{\"@id\":\"https:\\\/\\\/radioleinewelle.de\\\/#website\"},\"primaryImageOfPage\":{\"@id\":\"https:\\\/\\\/radioleinewelle.de\\\/index.php\\\/2022\\\/11\\\/20\\\/goettinger-partei-und-volt-ratsgruppe-ruft-zum-boykott-der-wm-in-katar-auf\\\/#primaryimage\"},\"image\":{\"@id\":\"https:\\\/\\\/radioleinewelle.de\\\/index.php\\\/2022\\\/11\\\/20\\\/goettinger-partei-und-volt-ratsgruppe-ruft-zum-boykott-der-wm-in-katar-auf\\\/#primaryimage\"},\"thumbnailUrl\":\"https:\\\/\\\/radioleinewelle.de\\\/wp-content\\\/uploads\\\/2023\\\/01\\\/News.jpg\",\"datePublished\":\"2022-11-20T19:46:09+00:00\",\"dateModified\":\"2023-01-31T11:32:58+00:00\",\"breadcrumb\":{\"@id\":\"https:\\\/\\\/radioleinewelle.de\\\/index.php\\\/2022\\\/11\\\/20\\\/goettinger-partei-und-volt-ratsgruppe-ruft-zum-boykott-der-wm-in-katar-auf\\\/#breadcrumb\"},\"inLanguage\":\"de\",\"potentialAction\":[{\"@type\":\"ReadAction\",\"target\":[\"https:\\\/\\\/radioleinewelle.de\\\/index.php\\\/2022\\\/11\\\/20\\\/goettinger-partei-und-volt-ratsgruppe-ruft-zum-boykott-der-wm-in-katar-auf\\\/\"]}]},{\"@type\":\"ImageObject\",\"inLanguage\":\"de\",\"@id\":\"https:\\\/\\\/radioleinewelle.de\\\/index.php\\\/2022\\\/11\\\/20\\\/goettinger-partei-und-volt-ratsgruppe-ruft-zum-boykott-der-wm-in-katar-auf\\\/#primaryimage\",\"url\":\"https:\\\/\\\/radioleinewelle.de\\\/wp-content\\\/uploads\\\/2023\\\/01\\\/News.jpg\",\"contentUrl\":\"https:\\\/\\\/radioleinewelle.de\\\/wp-content\\\/uploads\\\/2023\\\/01\\\/News.jpg\",\"width\":3709,\"height\":3709},{\"@type\":\"BreadcrumbList\",\"@id\":\"https:\\\/\\\/radioleinewelle.de\\\/index.php\\\/2022\\\/11\\\/20\\\/goettinger-partei-und-volt-ratsgruppe-ruft-zum-boykott-der-wm-in-katar-auf\\\/#breadcrumb\",\"itemListElement\":[{\"@type\":\"ListItem\",\"position\":1,\"name\":\"Startseite\",\"item\":\"https:\\\/\\\/radioleinewelle.de\\\/\"},{\"@type\":\"ListItem\",\"position\":2,\"name\":\"G\u00f6ttinger PARTEI und Volt-Ratsgruppe ruft zum Boykott der WM in Katar auf\"}]},{\"@type\":\"WebSite\",\"@id\":\"https:\\\/\\\/radioleinewelle.de\\\/#website\",\"url\":\"https:\\\/\\\/radioleinewelle.de\\\/\",\"name\":\"Radio Leinewelle\",\"description\":\"\",\"publisher\":{\"@id\":\"https:\\\/\\\/radioleinewelle.de\\\/#organization\"},\"potentialAction\":[{\"@type\":\"SearchAction\",\"target\":{\"@type\":\"EntryPoint\",\"urlTemplate\":\"https:\\\/\\\/radioleinewelle.de\\\/?s={search_term_string}\"},\"query-input\":{\"@type\":\"PropertyValueSpecification\",\"valueRequired\":true,\"valueName\":\"search_term_string\"}}],\"inLanguage\":\"de\"},{\"@type\":\"Organization\",\"@id\":\"https:\\\/\\\/radioleinewelle.de\\\/#organization\",\"name\":\"Radio Leinewelle\",\"alternateName\":\"Mein Radio f\u00fcr S\u00fcdniedersachsen\",\"url\":\"https:\\\/\\\/radioleinewelle.de\\\/\",\"logo\":{\"@type\":\"ImageObject\",\"inLanguage\":\"de\",\"@id\":\"https:\\\/\\\/radioleinewelle.de\\\/#\\\/schema\\\/logo\\\/image\\\/\",\"url\":\"https:\\\/\\\/radioleinewelle.de\\\/wp-content\\\/uploads\\\/2023\\\/11\\\/cropped-Leinewelle_Logo_weiss.png\",\"contentUrl\":\"https:\\\/\\\/radioleinewelle.de\\\/wp-content\\\/uploads\\\/2023\\\/11\\\/cropped-Leinewelle_Logo_weiss.png\",\"width\":854,\"height\":260,\"caption\":\"Radio Leinewelle\"},\"image\":{\"@id\":\"https:\\\/\\\/radioleinewelle.de\\\/#\\\/schema\\\/logo\\\/image\\\/\"},\"sameAs\":[\"https:\\\/\\\/www.facebook.com\\\/radioleinewelle\",\"https:\\\/\\\/x.com\\\/RLeinewelle\",\"https:\\\/\\\/www.instagram.com\\\/radioleinewelle\\\/?hl=de\"]},{\"@type\":\"Person\",\"@id\":\"https:\\\/\\\/radioleinewelle.de\\\/#\\\/schema\\\/person\\\/45606f348637df637192dc1b68399a63\",\"name\":\"Leinewelle\",\"image\":{\"@type\":\"ImageObject\",\"inLanguage\":\"de\",\"@id\":\"https:\\\/\\\/secure.gravatar.com\\\/avatar\\\/05c9a17bc973052ee5d91549bd32fb4dd0dc85b7b85ae94b2e2b4943476bbea5?s=96&d=blank&r=g\",\"url\":\"https:\\\/\\\/secure.gravatar.com\\\/avatar\\\/05c9a17bc973052ee5d91549bd32fb4dd0dc85b7b85ae94b2e2b4943476bbea5?s=96&d=blank&r=g\",\"contentUrl\":\"https:\\\/\\\/secure.gravatar.com\\\/avatar\\\/05c9a17bc973052ee5d91549bd32fb4dd0dc85b7b85ae94b2e2b4943476bbea5?s=96&d=blank&r=g\",\"caption\":\"Leinewelle\"},\"sameAs\":[\"http:\\\/\\\/localhost\\\/radio%20leinewelle\\\/wordpress\",\"https:\\\/\\\/www.facebook.com\\\/radioleinewelle\",\"https:\\\/\\\/www.instagram.com\\\/radioleinewelle\",\"https:\\\/\\\/x.com\\\/https:\\\/\\\/twitter.com\\\/RLeinewelle?ref_src=twsrcgoogletwcampserptwgrauthor\",\"https:\\\/\\\/soundcloud.com\\\/foerderverein-lokalradio?utm_source=clipboard&utm_medium=text&utm_campaign=social_sharing\"],\"url\":\"https:\\\/\\\/radioleinewelle.de\\\/index.php\\\/author\\\/leinewelle\\\/\"}]}<\/script>\n<!-- \/ Yoast SEO plugin. -->","yoast_head_json":{"title":"G\u00f6ttinger PARTEI und Volt-Ratsgruppe ruft zum Boykott der WM in Katar auf - Radio Leinewelle","robots":{"index":"index","follow":"follow","max-snippet":"max-snippet:-1","max-image-preview":"max-image-preview:large","max-video-preview":"max-video-preview:-1"},"canonical":"https:\/\/radioleinewelle.de\/index.php\/2022\/11\/20\/goettinger-partei-und-volt-ratsgruppe-ruft-zum-boykott-der-wm-in-katar-auf\/","og_locale":"de_DE","og_type":"article","og_title":"G\u00f6ttinger PARTEI und Volt-Ratsgruppe ruft zum Boykott der WM in Katar auf - Radio Leinewelle","og_description":"Die PARTEI und Volt-Ratsgruppe hat eine umfangreiche Stellungnahme zum Thema Katar abgegeben. Sie ruft dazu auf, die Fu\u00dfball-Weltmeisterschaft in Katar zu boykottieren. Wir dokumentieren diesen Text im vollen Wortlaut. Die PARTEI und Volt-Ratsgruppe ruft dazu auf, die Fu\u00dfball-Weltmeisterschaft in Katar zu boykottieren. Ein Public Viewing der Veranstaltung sollte es aus Sicht der Stadtratsmitglieder in G\u00f6ttingen [&hellip;]","og_url":"https:\/\/radioleinewelle.de\/index.php\/2022\/11\/20\/goettinger-partei-und-volt-ratsgruppe-ruft-zum-boykott-der-wm-in-katar-auf\/","og_site_name":"Radio Leinewelle","article_publisher":"https:\/\/www.facebook.com\/radioleinewelle","article_author":"https:\/\/www.facebook.com\/radioleinewelle","article_published_time":"2022-11-20T19:46:09+00:00","article_modified_time":"2023-01-31T11:32:58+00:00","og_image":[{"url":"https:\/\/radioleinewelle.de\/wp-content\/uploads\/2023\/01\/News.jpg","width":1024,"height":1024,"type":"image\/jpeg"}],"author":"Leinewelle","twitter_card":"summary_large_image","twitter_creator":"@https:\/\/twitter.com\/RLeinewelle?ref_src=twsrcgoogletwcampserptwgrauthor","twitter_site":"@RLeinewelle","twitter_misc":{"Verfasst von":"Leinewelle","Gesch\u00e4tzte Lesezeit":"4\u00a0Minuten"},"schema":{"@context":"https:\/\/schema.org","@graph":[{"@type":"Article","@id":"https:\/\/radioleinewelle.de\/index.php\/2022\/11\/20\/goettinger-partei-und-volt-ratsgruppe-ruft-zum-boykott-der-wm-in-katar-auf\/#article","isPartOf":{"@id":"https:\/\/radioleinewelle.de\/index.php\/2022\/11\/20\/goettinger-partei-und-volt-ratsgruppe-ruft-zum-boykott-der-wm-in-katar-auf\/"},"author":{"name":"Leinewelle","@id":"https:\/\/radioleinewelle.de\/#\/schema\/person\/45606f348637df637192dc1b68399a63"},"headline":"G\u00f6ttinger PARTEI und Volt-Ratsgruppe ruft zum Boykott der WM in Katar auf","datePublished":"2022-11-20T19:46:09+00:00","dateModified":"2023-01-31T11:32:58+00:00","mainEntityOfPage":{"@id":"https:\/\/radioleinewelle.de\/index.php\/2022\/11\/20\/goettinger-partei-und-volt-ratsgruppe-ruft-zum-boykott-der-wm-in-katar-auf\/"},"wordCount":650,"publisher":{"@id":"https:\/\/radioleinewelle.de\/#organization"},"image":{"@id":"https:\/\/radioleinewelle.de\/index.php\/2022\/11\/20\/goettinger-partei-und-volt-ratsgruppe-ruft-zum-boykott-der-wm-in-katar-auf\/#primaryimage"},"thumbnailUrl":"https:\/\/radioleinewelle.de\/wp-content\/uploads\/2023\/01\/News.jpg","keywords":["Die Partei","Volt G\u00f6ttingen"],"articleSection":["Diskurs &amp; Kritik"],"inLanguage":"de"},{"@type":"WebPage","@id":"https:\/\/radioleinewelle.de\/index.php\/2022\/11\/20\/goettinger-partei-und-volt-ratsgruppe-ruft-zum-boykott-der-wm-in-katar-auf\/","url":"https:\/\/radioleinewelle.de\/index.php\/2022\/11\/20\/goettinger-partei-und-volt-ratsgruppe-ruft-zum-boykott-der-wm-in-katar-auf\/","name":"G\u00f6ttinger PARTEI und Volt-Ratsgruppe ruft zum Boykott der WM in Katar auf - Radio Leinewelle","isPartOf":{"@id":"https:\/\/radioleinewelle.de\/#website"},"primaryImageOfPage":{"@id":"https:\/\/radioleinewelle.de\/index.php\/2022\/11\/20\/goettinger-partei-und-volt-ratsgruppe-ruft-zum-boykott-der-wm-in-katar-auf\/#primaryimage"},"image":{"@id":"https:\/\/radioleinewelle.de\/index.php\/2022\/11\/20\/goettinger-partei-und-volt-ratsgruppe-ruft-zum-boykott-der-wm-in-katar-auf\/#primaryimage"},"thumbnailUrl":"https:\/\/radioleinewelle.de\/wp-content\/uploads\/2023\/01\/News.jpg","datePublished":"2022-11-20T19:46:09+00:00","dateModified":"2023-01-31T11:32:58+00:00","breadcrumb":{"@id":"https:\/\/radioleinewelle.de\/index.php\/2022\/11\/20\/goettinger-partei-und-volt-ratsgruppe-ruft-zum-boykott-der-wm-in-katar-auf\/#breadcrumb"},"inLanguage":"de","potentialAction":[{"@type":"ReadAction","target":["https:\/\/radioleinewelle.de\/index.php\/2022\/11\/20\/goettinger-partei-und-volt-ratsgruppe-ruft-zum-boykott-der-wm-in-katar-auf\/"]}]},{"@type":"ImageObject","inLanguage":"de","@id":"https:\/\/radioleinewelle.de\/index.php\/2022\/11\/20\/goettinger-partei-und-volt-ratsgruppe-ruft-zum-boykott-der-wm-in-katar-auf\/#primaryimage","url":"https:\/\/radioleinewelle.de\/wp-content\/uploads\/2023\/01\/News.jpg","contentUrl":"https:\/\/radioleinewelle.de\/wp-content\/uploads\/2023\/01\/News.jpg","width":3709,"height":3709},{"@type":"BreadcrumbList","@id":"https:\/\/radioleinewelle.de\/index.php\/2022\/11\/20\/goettinger-partei-und-volt-ratsgruppe-ruft-zum-boykott-der-wm-in-katar-auf\/#breadcrumb","itemListElement":[{"@type":"ListItem","position":1,"name":"Startseite","item":"https:\/\/radioleinewelle.de\/"},{"@type":"ListItem","position":2,"name":"G\u00f6ttinger PARTEI und Volt-Ratsgruppe ruft zum Boykott der WM in Katar auf"}]},{"@type":"WebSite","@id":"https:\/\/radioleinewelle.de\/#website","url":"https:\/\/radioleinewelle.de\/","name":"Radio Leinewelle","description":"","publisher":{"@id":"https:\/\/radioleinewelle.de\/#organization"},"potentialAction":[{"@type":"SearchAction","target":{"@type":"EntryPoint","urlTemplate":"https:\/\/radioleinewelle.de\/?s={search_term_string}"},"query-input":{"@type":"PropertyValueSpecification","valueRequired":true,"valueName":"search_term_string"}}],"inLanguage":"de"},{"@type":"Organization","@id":"https:\/\/radioleinewelle.de\/#organization","name":"Radio Leinewelle","alternateName":"Mein Radio f\u00fcr S\u00fcdniedersachsen","url":"https:\/\/radioleinewelle.de\/","logo":{"@type":"ImageObject","inLanguage":"de","@id":"https:\/\/radioleinewelle.de\/#\/schema\/logo\/image\/","url":"https:\/\/radioleinewelle.de\/wp-content\/uploads\/2023\/11\/cropped-Leinewelle_Logo_weiss.png","contentUrl":"https:\/\/radioleinewelle.de\/wp-content\/uploads\/2023\/11\/cropped-Leinewelle_Logo_weiss.png","width":854,"height":260,"caption":"Radio Leinewelle"},"image":{"@id":"https:\/\/radioleinewelle.de\/#\/schema\/logo\/image\/"},"sameAs":["https:\/\/www.facebook.com\/radioleinewelle","https:\/\/x.com\/RLeinewelle","https:\/\/www.instagram.com\/radioleinewelle\/?hl=de"]},{"@type":"Person","@id":"https:\/\/radioleinewelle.de\/#\/schema\/person\/45606f348637df637192dc1b68399a63","name":"Leinewelle","image":{"@type":"ImageObject","inLanguage":"de","@id":"https:\/\/secure.gravatar.com\/avatar\/05c9a17bc973052ee5d91549bd32fb4dd0dc85b7b85ae94b2e2b4943476bbea5?s=96&d=blank&r=g","url":"https:\/\/secure.gravatar.com\/avatar\/05c9a17bc973052ee5d91549bd32fb4dd0dc85b7b85ae94b2e2b4943476bbea5?s=96&d=blank&r=g","contentUrl":"https:\/\/secure.gravatar.com\/avatar\/05c9a17bc973052ee5d91549bd32fb4dd0dc85b7b85ae94b2e2b4943476bbea5?s=96&d=blank&r=g","caption":"Leinewelle"},"sameAs":["http:\/\/localhost\/radio%20leinewelle\/wordpress","https:\/\/www.facebook.com\/radioleinewelle","https:\/\/www.instagram.com\/radioleinewelle","https:\/\/x.com\/https:\/\/twitter.com\/RLeinewelle?ref_src=twsrcgoogletwcampserptwgrauthor","https:\/\/soundcloud.com\/foerderverein-lokalradio?utm_source=clipboard&utm_medium=text&utm_campaign=social_sharing"],"url":"https:\/\/radioleinewelle.de\/index.php\/author\/leinewelle\/"}]}},"_links":{"self":[{"href":"https:\/\/radioleinewelle.de\/index.php\/wp-json\/wp\/v2\/posts\/16798","targetHints":{"allow":["GET"]}}],"collection":[{"href":"https:\/\/radioleinewelle.de\/index.php\/wp-json\/wp\/v2\/posts"}],"about":[{"href":"https:\/\/radioleinewelle.de\/index.php\/wp-json\/wp\/v2\/types\/post"}],"author":[{"embeddable":true,"href":"https:\/\/radioleinewelle.de\/index.php\/wp-json\/wp\/v2\/users\/1"}],"replies":[{"embeddable":true,"href":"https:\/\/radioleinewelle.de\/index.php\/wp-json\/wp\/v2\/comments?post=16798"}],"version-history":[{"count":1,"href":"https:\/\/radioleinewelle.de\/index.php\/wp-json\/wp\/v2\/posts\/16798\/revisions"}],"predecessor-version":[{"id":20930,"href":"https:\/\/radioleinewelle.de\/index.php\/wp-json\/wp\/v2\/posts\/16798\/revisions\/20930"}],"wp:featuredmedia":[{"embeddable":true,"href":"https:\/\/radioleinewelle.de\/index.php\/wp-json\/wp\/v2\/media\/20875"}],"wp:attachment":[{"href":"https:\/\/radioleinewelle.de\/index.php\/wp-json\/wp\/v2\/media?parent=16798"}],"wp:term":[{"taxonomy":"category","embeddable":true,"href":"https:\/\/radioleinewelle.de\/index.php\/wp-json\/wp\/v2\/categories?post=16798"},{"taxonomy":"post_tag","embeddable":true,"href":"https:\/\/radioleinewelle.de\/index.php\/wp-json\/wp\/v2\/tags?post=16798"}],"curies":[{"name":"wp","href":"https:\/\/api.w.org\/{rel}","templated":true}]}}