{"id":1684,"date":"2020-09-17T05:30:06","date_gmt":"2020-09-17T03:30:06","guid":{"rendered":"https:\/\/radioleinewelle.de\/?p=1684"},"modified":"2020-09-17T05:30:06","modified_gmt":"2020-09-17T03:30:06","slug":"romys-salon-zum-welt-alzheimertag","status":"publish","type":"post","link":"https:\/\/radioleinewelle.de\/index.php\/2020\/09\/17\/romys-salon-zum-welt-alzheimertag\/","title":{"rendered":"\u201eRomys Salon\u201c zum Welt-Alzheimertag"},"content":{"rendered":"<p><strong>Caritas S\u00fcdniedersachsen und Stadt Duderstadt unterst\u00fctzen Kinovorf\u00fchrung am 21. September um 19 Uhr im Kino \u201eMovietown Eichsfeld\u201c.<\/strong><\/p>\n<p>Zum Welt-Alzheimertag am Montag, 21. September, zeigt das Kino \u201eMovietown Eichsfeld\u201c (Sachsenring 3 in Duderstadt) den Film \u201eRomys Salon\u201c. Die Veranstaltung in Zusammenarbeit mit dem Caritasverband S\u00fcdniedersachsen e.V. und der Stadt Duderstadt beginnt um 19 Uhr. Die Caritas informiert im Foyer \u00fcber Hilfsm\u00f6glichkeiten f\u00fcr Demenzpatienten. Unter anderem bietet sie im <a href=\"http:\/\/www.lwh-duderstadt.de\/\">Lorenz-Werthmann-Haus in Duderstadt<\/a> regelm\u00e4\u00dfige Treffen f\u00fcr Angeh\u00f6rige von Demenzerkrankten und ambulant betreute Wohngemeinschaften f\u00fcr Senioren an. Eintrittskarten zum Preis von 5 Euro m\u00fcssen beim Kino unter Telefon: 0 55 27 \/ 9 14 58 91 oder \u00fcber <a href=\"http:\/\/www.movietown-eichsfeld.de\/\">www.movietown-eichsfeld.de<\/a> reserviert werden.<\/p>\n<p>\u201eRomys Salon\u201c ist eine warmherzige und ber\u00fchrende Verfilmung des gleichnamigen Buches von Tamara Bos, das im Hildesheimer Gerstenberg Verlag erschienen ist. Regisseurin Mischa Kamp zeigt einen ehrlichen und zugleich liebevollen Blick auf die Schw\u00e4chen und Herausforderungen des Alters aus der Sicht eines Kindes. Dabei wird das Thema Demenz anhand der Beziehung der aufgeweckten Romy zu ihrer kratzb\u00fcrstigen Oma Stine realistisch und lebensnah erz\u00e4hlt.<\/p>\n<p>Durch die Diagnose Alzheimer r\u00fccken die beiden n\u00e4her zueinander und aus dem zun\u00e4chst distanzierten Verh\u00e4ltnis von Oma und Enkelin entwickelt sich eine tiefe Verbundenheit und Komplizenschaft. Denn seit Romys Mutter so viel arbeitet, geht sie nach der Schule zu ihrer Oma. Sie hilft ihr dann im Frisiersalon. Doch in letzter Zeit ist Oma anders, sie vergisst vieles, spricht pl\u00f6tzlich D\u00e4nisch und erz\u00e4hlt immer wieder von ihrer Kindheit in D\u00e4nemark. Romy unterst\u00fctzt ihre Oma, wo sie kann, damit keiner etwas merkt. Bis zu dem Tag, an dem ihre Oma im Nachthemd im Salon steht &#8230; Oma Stine kommt in ein Pflegeheim. Ob es ihr dort wirklich gut geht? Bestimmt w\u00fcrde sie sich riesig freuen, wenn Romy noch einmal mit ihr an den Strand ihrer Kindheit fahren w\u00fcrde.<\/p>\n<h3>Rund 1,6 Millionen Menschen allein in Deutschland betroffen<\/h3>\n<p>Laut Deutsche Alzheimer Gesellschaft e.V. sind in Deutschland rund 1,6 Millionen und weltweit mehr als 50 Millionen Menschen von Demenzerkrankungen betroffen. Bis 2050 wird die Zahl voraussichtlich auf 152 Millionen Menschen steigen, besonders dramatisch in China, Indien, S\u00fcdamerika und den afrikanischen L\u00e4ndern s\u00fcdlich der Sahara. Der Welt-Alzheimertag am 21. September will seit 1994 j\u00e4hrlich auf die Situation von Menschen mit Demenz und ihren Angeh\u00f6rigen aufmerksam zu machen.<\/p>\n<p>Foto: Elmer van der Marel<\/p>\n","protected":false},"excerpt":{"rendered":"<p>Caritas S\u00fcdniedersachsen und Stadt Duderstadt unterst\u00fctzen Kinovorf\u00fchrung am 21. September um 19 Uhr im Kino \u201eMovietown Eichsfeld\u201c. Zum Welt-Alzheimertag am Montag, 21. September, zeigt das Kino \u201eMovietown Eichsfeld\u201c (Sachsenring 3 in Duderstadt) den Film \u201eRomys Salon\u201c. Die Veranstaltung in Zusammenarbeit mit dem Caritasverband S\u00fcdniedersachsen e.V. und der Stadt Duderstadt beginnt um 19 Uhr. Die Caritas [&hellip;]<\/p>\n","protected":false},"author":1,"featured_media":1685,"comment_status":"closed","ping_status":"closed","sticky":false,"template":"","format":"standard","meta":{"saved_in_kubio":false,"footnotes":""},"categories":[1],"tags":[],"class_list":["post-1684","post","type-post","status-publish","format-standard","has-post-thumbnail","hentry","category-allgemein"],"yoast_head":"<!-- This site is optimized with the Yoast SEO plugin v27.5 - https:\/\/yoast.com\/product\/yoast-seo-wordpress\/ -->\n<title>\u201eRomys Salon\u201c zum Welt-Alzheimertag - Radio Leinewelle<\/title>\n<meta name=\"robots\" content=\"index, follow, max-snippet:-1, max-image-preview:large, max-video-preview:-1\" \/>\n<link rel=\"canonical\" href=\"https:\/\/radioleinewelle.de\/index.php\/2020\/09\/17\/romys-salon-zum-welt-alzheimertag\/\" \/>\n<meta property=\"og:locale\" content=\"de_DE\" \/>\n<meta property=\"og:type\" content=\"article\" \/>\n<meta property=\"og:title\" content=\"\u201eRomys Salon\u201c zum Welt-Alzheimertag - Radio Leinewelle\" \/>\n<meta property=\"og:description\" content=\"Caritas S\u00fcdniedersachsen und Stadt Duderstadt unterst\u00fctzen Kinovorf\u00fchrung am 21. September um 19 Uhr im Kino \u201eMovietown Eichsfeld\u201c. Zum Welt-Alzheimertag am Montag, 21. September, zeigt das Kino \u201eMovietown Eichsfeld\u201c (Sachsenring 3 in Duderstadt) den Film \u201eRomys Salon\u201c. Die Veranstaltung in Zusammenarbeit mit dem Caritasverband S\u00fcdniedersachsen e.V. und der Stadt Duderstadt beginnt um 19 Uhr. Die Caritas [&hellip;]\" \/>\n<meta property=\"og:url\" content=\"https:\/\/radioleinewelle.de\/index.php\/2020\/09\/17\/romys-salon-zum-welt-alzheimertag\/\" \/>\n<meta property=\"og:site_name\" content=\"Radio Leinewelle\" \/>\n<meta property=\"article:publisher\" content=\"https:\/\/www.facebook.com\/radioleinewelle\" \/>\n<meta property=\"article:author\" content=\"https:\/\/www.facebook.com\/radioleinewelle\" \/>\n<meta property=\"article:published_time\" content=\"2020-09-17T03:30:06+00:00\" \/>\n<meta property=\"og:image\" content=\"https:\/\/radioleinewelle.de\/wp-content\/uploads\/2020\/09\/ROMYS-SALON-still-1-add-Elmer-van-der-Marel-e1600283057774.jpg\" \/>\n\t<meta property=\"og:image:width\" content=\"300\" \/>\n\t<meta property=\"og:image:height\" content=\"169\" \/>\n\t<meta property=\"og:image:type\" content=\"image\/jpeg\" \/>\n<meta name=\"author\" content=\"Leinewelle\" \/>\n<meta name=\"twitter:card\" content=\"summary_large_image\" \/>\n<meta name=\"twitter:creator\" content=\"@https:\/\/twitter.com\/RLeinewelle?ref_src=twsrcgoogletwcampserptwgrauthor\" \/>\n<meta name=\"twitter:site\" content=\"@RLeinewelle\" \/>\n<meta name=\"twitter:label1\" content=\"Verfasst von\" \/>\n\t<meta name=\"twitter:data1\" content=\"Leinewelle\" \/>\n\t<meta name=\"twitter:label2\" content=\"Gesch\u00e4tzte Lesezeit\" \/>\n\t<meta name=\"twitter:data2\" content=\"2\u00a0Minuten\" \/>\n<script type=\"application\/ld+json\" class=\"yoast-schema-graph\">{\"@context\":\"https:\\\/\\\/schema.org\",\"@graph\":[{\"@type\":\"Article\",\"@id\":\"https:\\\/\\\/radioleinewelle.de\\\/index.php\\\/2020\\\/09\\\/17\\\/romys-salon-zum-welt-alzheimertag\\\/#article\",\"isPartOf\":{\"@id\":\"https:\\\/\\\/radioleinewelle.de\\\/index.php\\\/2020\\\/09\\\/17\\\/romys-salon-zum-welt-alzheimertag\\\/\"},\"author\":{\"name\":\"Leinewelle\",\"@id\":\"https:\\\/\\\/radioleinewelle.de\\\/#\\\/schema\\\/person\\\/45606f348637df637192dc1b68399a63\"},\"headline\":\"\u201eRomys Salon\u201c zum Welt-Alzheimertag\",\"datePublished\":\"2020-09-17T03:30:06+00:00\",\"mainEntityOfPage\":{\"@id\":\"https:\\\/\\\/radioleinewelle.de\\\/index.php\\\/2020\\\/09\\\/17\\\/romys-salon-zum-welt-alzheimertag\\\/\"},\"wordCount\":393,\"publisher\":{\"@id\":\"https:\\\/\\\/radioleinewelle.de\\\/#organization\"},\"image\":{\"@id\":\"https:\\\/\\\/radioleinewelle.de\\\/index.php\\\/2020\\\/09\\\/17\\\/romys-salon-zum-welt-alzheimertag\\\/#primaryimage\"},\"thumbnailUrl\":\"https:\\\/\\\/radioleinewelle.de\\\/wp-content\\\/uploads\\\/2020\\\/09\\\/ROMYS-SALON-still-1-add-Elmer-van-der-Marel-e1600283057774.jpg\",\"inLanguage\":\"de\"},{\"@type\":\"WebPage\",\"@id\":\"https:\\\/\\\/radioleinewelle.de\\\/index.php\\\/2020\\\/09\\\/17\\\/romys-salon-zum-welt-alzheimertag\\\/\",\"url\":\"https:\\\/\\\/radioleinewelle.de\\\/index.php\\\/2020\\\/09\\\/17\\\/romys-salon-zum-welt-alzheimertag\\\/\",\"name\":\"\u201eRomys Salon\u201c zum Welt-Alzheimertag - Radio Leinewelle\",\"isPartOf\":{\"@id\":\"https:\\\/\\\/radioleinewelle.de\\\/#website\"},\"primaryImageOfPage\":{\"@id\":\"https:\\\/\\\/radioleinewelle.de\\\/index.php\\\/2020\\\/09\\\/17\\\/romys-salon-zum-welt-alzheimertag\\\/#primaryimage\"},\"image\":{\"@id\":\"https:\\\/\\\/radioleinewelle.de\\\/index.php\\\/2020\\\/09\\\/17\\\/romys-salon-zum-welt-alzheimertag\\\/#primaryimage\"},\"thumbnailUrl\":\"https:\\\/\\\/radioleinewelle.de\\\/wp-content\\\/uploads\\\/2020\\\/09\\\/ROMYS-SALON-still-1-add-Elmer-van-der-Marel-e1600283057774.jpg\",\"datePublished\":\"2020-09-17T03:30:06+00:00\",\"breadcrumb\":{\"@id\":\"https:\\\/\\\/radioleinewelle.de\\\/index.php\\\/2020\\\/09\\\/17\\\/romys-salon-zum-welt-alzheimertag\\\/#breadcrumb\"},\"inLanguage\":\"de\",\"potentialAction\":[{\"@type\":\"ReadAction\",\"target\":[\"https:\\\/\\\/radioleinewelle.de\\\/index.php\\\/2020\\\/09\\\/17\\\/romys-salon-zum-welt-alzheimertag\\\/\"]}]},{\"@type\":\"ImageObject\",\"inLanguage\":\"de\",\"@id\":\"https:\\\/\\\/radioleinewelle.de\\\/index.php\\\/2020\\\/09\\\/17\\\/romys-salon-zum-welt-alzheimertag\\\/#primaryimage\",\"url\":\"https:\\\/\\\/radioleinewelle.de\\\/wp-content\\\/uploads\\\/2020\\\/09\\\/ROMYS-SALON-still-1-add-Elmer-van-der-Marel-e1600283057774.jpg\",\"contentUrl\":\"https:\\\/\\\/radioleinewelle.de\\\/wp-content\\\/uploads\\\/2020\\\/09\\\/ROMYS-SALON-still-1-add-Elmer-van-der-Marel-e1600283057774.jpg\",\"width\":300,\"height\":169},{\"@type\":\"BreadcrumbList\",\"@id\":\"https:\\\/\\\/radioleinewelle.de\\\/index.php\\\/2020\\\/09\\\/17\\\/romys-salon-zum-welt-alzheimertag\\\/#breadcrumb\",\"itemListElement\":[{\"@type\":\"ListItem\",\"position\":1,\"name\":\"Startseite\",\"item\":\"https:\\\/\\\/radioleinewelle.de\\\/\"},{\"@type\":\"ListItem\",\"position\":2,\"name\":\"\u201eRomys Salon\u201c zum Welt-Alzheimertag\"}]},{\"@type\":\"WebSite\",\"@id\":\"https:\\\/\\\/radioleinewelle.de\\\/#website\",\"url\":\"https:\\\/\\\/radioleinewelle.de\\\/\",\"name\":\"Radio Leinewelle\",\"description\":\"\",\"publisher\":{\"@id\":\"https:\\\/\\\/radioleinewelle.de\\\/#organization\"},\"potentialAction\":[{\"@type\":\"SearchAction\",\"target\":{\"@type\":\"EntryPoint\",\"urlTemplate\":\"https:\\\/\\\/radioleinewelle.de\\\/?s={search_term_string}\"},\"query-input\":{\"@type\":\"PropertyValueSpecification\",\"valueRequired\":true,\"valueName\":\"search_term_string\"}}],\"inLanguage\":\"de\"},{\"@type\":\"Organization\",\"@id\":\"https:\\\/\\\/radioleinewelle.de\\\/#organization\",\"name\":\"Radio Leinewelle\",\"alternateName\":\"Mein Radio f\u00fcr S\u00fcdniedersachsen\",\"url\":\"https:\\\/\\\/radioleinewelle.de\\\/\",\"logo\":{\"@type\":\"ImageObject\",\"inLanguage\":\"de\",\"@id\":\"https:\\\/\\\/radioleinewelle.de\\\/#\\\/schema\\\/logo\\\/image\\\/\",\"url\":\"https:\\\/\\\/radioleinewelle.de\\\/wp-content\\\/uploads\\\/2023\\\/11\\\/cropped-Leinewelle_Logo_weiss.png\",\"contentUrl\":\"https:\\\/\\\/radioleinewelle.de\\\/wp-content\\\/uploads\\\/2023\\\/11\\\/cropped-Leinewelle_Logo_weiss.png\",\"width\":854,\"height\":260,\"caption\":\"Radio Leinewelle\"},\"image\":{\"@id\":\"https:\\\/\\\/radioleinewelle.de\\\/#\\\/schema\\\/logo\\\/image\\\/\"},\"sameAs\":[\"https:\\\/\\\/www.facebook.com\\\/radioleinewelle\",\"https:\\\/\\\/x.com\\\/RLeinewelle\",\"https:\\\/\\\/www.instagram.com\\\/radioleinewelle\\\/?hl=de\"]},{\"@type\":\"Person\",\"@id\":\"https:\\\/\\\/radioleinewelle.de\\\/#\\\/schema\\\/person\\\/45606f348637df637192dc1b68399a63\",\"name\":\"Leinewelle\",\"image\":{\"@type\":\"ImageObject\",\"inLanguage\":\"de\",\"@id\":\"https:\\\/\\\/secure.gravatar.com\\\/avatar\\\/05c9a17bc973052ee5d91549bd32fb4dd0dc85b7b85ae94b2e2b4943476bbea5?s=96&d=blank&r=g\",\"url\":\"https:\\\/\\\/secure.gravatar.com\\\/avatar\\\/05c9a17bc973052ee5d91549bd32fb4dd0dc85b7b85ae94b2e2b4943476bbea5?s=96&d=blank&r=g\",\"contentUrl\":\"https:\\\/\\\/secure.gravatar.com\\\/avatar\\\/05c9a17bc973052ee5d91549bd32fb4dd0dc85b7b85ae94b2e2b4943476bbea5?s=96&d=blank&r=g\",\"caption\":\"Leinewelle\"},\"sameAs\":[\"http:\\\/\\\/localhost\\\/radio%20leinewelle\\\/wordpress\",\"https:\\\/\\\/www.facebook.com\\\/radioleinewelle\",\"https:\\\/\\\/www.instagram.com\\\/radioleinewelle\",\"https:\\\/\\\/x.com\\\/https:\\\/\\\/twitter.com\\\/RLeinewelle?ref_src=twsrcgoogletwcampserptwgrauthor\",\"https:\\\/\\\/soundcloud.com\\\/foerderverein-lokalradio?utm_source=clipboard&utm_medium=text&utm_campaign=social_sharing\"],\"url\":\"https:\\\/\\\/radioleinewelle.de\\\/index.php\\\/author\\\/leinewelle\\\/\"}]}<\/script>\n<!-- \/ Yoast SEO plugin. -->","yoast_head_json":{"title":"\u201eRomys Salon\u201c zum Welt-Alzheimertag - Radio Leinewelle","robots":{"index":"index","follow":"follow","max-snippet":"max-snippet:-1","max-image-preview":"max-image-preview:large","max-video-preview":"max-video-preview:-1"},"canonical":"https:\/\/radioleinewelle.de\/index.php\/2020\/09\/17\/romys-salon-zum-welt-alzheimertag\/","og_locale":"de_DE","og_type":"article","og_title":"\u201eRomys Salon\u201c zum Welt-Alzheimertag - Radio Leinewelle","og_description":"Caritas S\u00fcdniedersachsen und Stadt Duderstadt unterst\u00fctzen Kinovorf\u00fchrung am 21. September um 19 Uhr im Kino \u201eMovietown Eichsfeld\u201c. Zum Welt-Alzheimertag am Montag, 21. September, zeigt das Kino \u201eMovietown Eichsfeld\u201c (Sachsenring 3 in Duderstadt) den Film \u201eRomys Salon\u201c. Die Veranstaltung in Zusammenarbeit mit dem Caritasverband S\u00fcdniedersachsen e.V. und der Stadt Duderstadt beginnt um 19 Uhr. Die Caritas [&hellip;]","og_url":"https:\/\/radioleinewelle.de\/index.php\/2020\/09\/17\/romys-salon-zum-welt-alzheimertag\/","og_site_name":"Radio Leinewelle","article_publisher":"https:\/\/www.facebook.com\/radioleinewelle","article_author":"https:\/\/www.facebook.com\/radioleinewelle","article_published_time":"2020-09-17T03:30:06+00:00","og_image":[{"width":300,"height":169,"url":"https:\/\/radioleinewelle.de\/wp-content\/uploads\/2020\/09\/ROMYS-SALON-still-1-add-Elmer-van-der-Marel-e1600283057774.jpg","type":"image\/jpeg"}],"author":"Leinewelle","twitter_card":"summary_large_image","twitter_creator":"@https:\/\/twitter.com\/RLeinewelle?ref_src=twsrcgoogletwcampserptwgrauthor","twitter_site":"@RLeinewelle","twitter_misc":{"Verfasst von":"Leinewelle","Gesch\u00e4tzte Lesezeit":"2\u00a0Minuten"},"schema":{"@context":"https:\/\/schema.org","@graph":[{"@type":"Article","@id":"https:\/\/radioleinewelle.de\/index.php\/2020\/09\/17\/romys-salon-zum-welt-alzheimertag\/#article","isPartOf":{"@id":"https:\/\/radioleinewelle.de\/index.php\/2020\/09\/17\/romys-salon-zum-welt-alzheimertag\/"},"author":{"name":"Leinewelle","@id":"https:\/\/radioleinewelle.de\/#\/schema\/person\/45606f348637df637192dc1b68399a63"},"headline":"\u201eRomys Salon\u201c zum Welt-Alzheimertag","datePublished":"2020-09-17T03:30:06+00:00","mainEntityOfPage":{"@id":"https:\/\/radioleinewelle.de\/index.php\/2020\/09\/17\/romys-salon-zum-welt-alzheimertag\/"},"wordCount":393,"publisher":{"@id":"https:\/\/radioleinewelle.de\/#organization"},"image":{"@id":"https:\/\/radioleinewelle.de\/index.php\/2020\/09\/17\/romys-salon-zum-welt-alzheimertag\/#primaryimage"},"thumbnailUrl":"https:\/\/radioleinewelle.de\/wp-content\/uploads\/2020\/09\/ROMYS-SALON-still-1-add-Elmer-van-der-Marel-e1600283057774.jpg","inLanguage":"de"},{"@type":"WebPage","@id":"https:\/\/radioleinewelle.de\/index.php\/2020\/09\/17\/romys-salon-zum-welt-alzheimertag\/","url":"https:\/\/radioleinewelle.de\/index.php\/2020\/09\/17\/romys-salon-zum-welt-alzheimertag\/","name":"\u201eRomys Salon\u201c zum Welt-Alzheimertag - Radio Leinewelle","isPartOf":{"@id":"https:\/\/radioleinewelle.de\/#website"},"primaryImageOfPage":{"@id":"https:\/\/radioleinewelle.de\/index.php\/2020\/09\/17\/romys-salon-zum-welt-alzheimertag\/#primaryimage"},"image":{"@id":"https:\/\/radioleinewelle.de\/index.php\/2020\/09\/17\/romys-salon-zum-welt-alzheimertag\/#primaryimage"},"thumbnailUrl":"https:\/\/radioleinewelle.de\/wp-content\/uploads\/2020\/09\/ROMYS-SALON-still-1-add-Elmer-van-der-Marel-e1600283057774.jpg","datePublished":"2020-09-17T03:30:06+00:00","breadcrumb":{"@id":"https:\/\/radioleinewelle.de\/index.php\/2020\/09\/17\/romys-salon-zum-welt-alzheimertag\/#breadcrumb"},"inLanguage":"de","potentialAction":[{"@type":"ReadAction","target":["https:\/\/radioleinewelle.de\/index.php\/2020\/09\/17\/romys-salon-zum-welt-alzheimertag\/"]}]},{"@type":"ImageObject","inLanguage":"de","@id":"https:\/\/radioleinewelle.de\/index.php\/2020\/09\/17\/romys-salon-zum-welt-alzheimertag\/#primaryimage","url":"https:\/\/radioleinewelle.de\/wp-content\/uploads\/2020\/09\/ROMYS-SALON-still-1-add-Elmer-van-der-Marel-e1600283057774.jpg","contentUrl":"https:\/\/radioleinewelle.de\/wp-content\/uploads\/2020\/09\/ROMYS-SALON-still-1-add-Elmer-van-der-Marel-e1600283057774.jpg","width":300,"height":169},{"@type":"BreadcrumbList","@id":"https:\/\/radioleinewelle.de\/index.php\/2020\/09\/17\/romys-salon-zum-welt-alzheimertag\/#breadcrumb","itemListElement":[{"@type":"ListItem","position":1,"name":"Startseite","item":"https:\/\/radioleinewelle.de\/"},{"@type":"ListItem","position":2,"name":"\u201eRomys Salon\u201c zum Welt-Alzheimertag"}]},{"@type":"WebSite","@id":"https:\/\/radioleinewelle.de\/#website","url":"https:\/\/radioleinewelle.de\/","name":"Radio Leinewelle","description":"","publisher":{"@id":"https:\/\/radioleinewelle.de\/#organization"},"potentialAction":[{"@type":"SearchAction","target":{"@type":"EntryPoint","urlTemplate":"https:\/\/radioleinewelle.de\/?s={search_term_string}"},"query-input":{"@type":"PropertyValueSpecification","valueRequired":true,"valueName":"search_term_string"}}],"inLanguage":"de"},{"@type":"Organization","@id":"https:\/\/radioleinewelle.de\/#organization","name":"Radio Leinewelle","alternateName":"Mein Radio f\u00fcr S\u00fcdniedersachsen","url":"https:\/\/radioleinewelle.de\/","logo":{"@type":"ImageObject","inLanguage":"de","@id":"https:\/\/radioleinewelle.de\/#\/schema\/logo\/image\/","url":"https:\/\/radioleinewelle.de\/wp-content\/uploads\/2023\/11\/cropped-Leinewelle_Logo_weiss.png","contentUrl":"https:\/\/radioleinewelle.de\/wp-content\/uploads\/2023\/11\/cropped-Leinewelle_Logo_weiss.png","width":854,"height":260,"caption":"Radio Leinewelle"},"image":{"@id":"https:\/\/radioleinewelle.de\/#\/schema\/logo\/image\/"},"sameAs":["https:\/\/www.facebook.com\/radioleinewelle","https:\/\/x.com\/RLeinewelle","https:\/\/www.instagram.com\/radioleinewelle\/?hl=de"]},{"@type":"Person","@id":"https:\/\/radioleinewelle.de\/#\/schema\/person\/45606f348637df637192dc1b68399a63","name":"Leinewelle","image":{"@type":"ImageObject","inLanguage":"de","@id":"https:\/\/secure.gravatar.com\/avatar\/05c9a17bc973052ee5d91549bd32fb4dd0dc85b7b85ae94b2e2b4943476bbea5?s=96&d=blank&r=g","url":"https:\/\/secure.gravatar.com\/avatar\/05c9a17bc973052ee5d91549bd32fb4dd0dc85b7b85ae94b2e2b4943476bbea5?s=96&d=blank&r=g","contentUrl":"https:\/\/secure.gravatar.com\/avatar\/05c9a17bc973052ee5d91549bd32fb4dd0dc85b7b85ae94b2e2b4943476bbea5?s=96&d=blank&r=g","caption":"Leinewelle"},"sameAs":["http:\/\/localhost\/radio%20leinewelle\/wordpress","https:\/\/www.facebook.com\/radioleinewelle","https:\/\/www.instagram.com\/radioleinewelle","https:\/\/x.com\/https:\/\/twitter.com\/RLeinewelle?ref_src=twsrcgoogletwcampserptwgrauthor","https:\/\/soundcloud.com\/foerderverein-lokalradio?utm_source=clipboard&utm_medium=text&utm_campaign=social_sharing"],"url":"https:\/\/radioleinewelle.de\/index.php\/author\/leinewelle\/"}]}},"_links":{"self":[{"href":"https:\/\/radioleinewelle.de\/index.php\/wp-json\/wp\/v2\/posts\/1684","targetHints":{"allow":["GET"]}}],"collection":[{"href":"https:\/\/radioleinewelle.de\/index.php\/wp-json\/wp\/v2\/posts"}],"about":[{"href":"https:\/\/radioleinewelle.de\/index.php\/wp-json\/wp\/v2\/types\/post"}],"author":[{"embeddable":true,"href":"https:\/\/radioleinewelle.de\/index.php\/wp-json\/wp\/v2\/users\/1"}],"replies":[{"embeddable":true,"href":"https:\/\/radioleinewelle.de\/index.php\/wp-json\/wp\/v2\/comments?post=1684"}],"version-history":[{"count":0,"href":"https:\/\/radioleinewelle.de\/index.php\/wp-json\/wp\/v2\/posts\/1684\/revisions"}],"wp:featuredmedia":[{"embeddable":true,"href":"https:\/\/radioleinewelle.de\/index.php\/wp-json\/wp\/v2\/media\/1685"}],"wp:attachment":[{"href":"https:\/\/radioleinewelle.de\/index.php\/wp-json\/wp\/v2\/media?parent=1684"}],"wp:term":[{"taxonomy":"category","embeddable":true,"href":"https:\/\/radioleinewelle.de\/index.php\/wp-json\/wp\/v2\/categories?post=1684"},{"taxonomy":"post_tag","embeddable":true,"href":"https:\/\/radioleinewelle.de\/index.php\/wp-json\/wp\/v2\/tags?post=1684"}],"curies":[{"name":"wp","href":"https:\/\/api.w.org\/{rel}","templated":true}]}}