{"id":1688,"date":"2020-09-18T05:20:23","date_gmt":"2020-09-18T03:20:23","guid":{"rendered":"https:\/\/radioleinewelle.de\/?p=1688"},"modified":"2020-09-18T05:20:23","modified_gmt":"2020-09-18T03:20:23","slug":"ensemble-lart-pour-lart-spielt-im-werkraum-am-20-09","status":"publish","type":"post","link":"https:\/\/radioleinewelle.de\/index.php\/2020\/09\/18\/ensemble-lart-pour-lart-spielt-im-werkraum-am-20-09\/","title":{"rendered":"Ensemble L`Art Pour L`Art spielt im Werkraum am 20.09."},"content":{"rendered":"<p>Das achte Gespr\u00e4chskonzert der Reihe \u201eG\u00f6ttinger Abende Zeitgen\u00f6ssischer Musik\u201c findet am Sonntag, den 20. September 2020 um 18 Uhr im WERKRAUM, Stresemannstr. 24c, 37079 G\u00f6ttingen statt. Das siebenk\u00f6pfige ENSEMBLE L&#8217;ART POUR L&#8217;ART wird in unterschiedlicher Besetzung Werke von Ying Wang, Jo Kondo, Robin Hoffmann, Giacinto Scelsi und Matthias Kaul auff\u00fchren. Die chinesische Komponistin Ying Wang, Gewinnerin u.a. des Irino Prize, des Kompositionspreises der Brandenburg Biennale und des Giga-Hertz-Preises, wird pers\u00f6nlich anwesend sein, um in ihr Werk \u201eDurchsichtiges Lied\u201d einzuf\u00fchren. Die Veranstaltung wird von Musik 21 Niedersachsen, dem Nieders\u00e4chsischen Ministerium f\u00fcr Wissenschaft und Kultur und der G\u00f6ttinger Kulturstiftung gef\u00f6rdert. Der Eintritt kostet 15 EUR, erm\u00e4\u00dfigt 10 EUR. Um der Ausbreitung des Coronavirus vorzubeugen, ist w\u00e4hrend der Vorstellung ein Mund- und Nasenschutz vorgeschrieben und ein Abstandsgebot von 1,5 m einzuhalten. Da damit die Zuschauerzahl auf 25 Personen begrenzt ist, wird eine Kartenvorbestellung unter gazm@gmx.de dringend empfohlen.<\/p>\n<p>Ein ausf\u00fchrlicher Artikel zum\u00a0Ensemble L`Art Pour L`Art findet sich unter: <a href=\"https:\/\/www.kulturbuero-goettingen.de\/meldungen\/reportagen\/vom-suchen-und-finden-der-klaenge\">Kulturb\u00fcro G\u00f6ttingen<\/a><\/p>\n<p>\u00a9 Photo: Ensemble L\u00b4ART POUR L\u00b4ART<\/p>\n","protected":false},"excerpt":{"rendered":"<p>Das achte Gespr\u00e4chskonzert der Reihe \u201eG\u00f6ttinger Abende Zeitgen\u00f6ssischer Musik\u201c findet am Sonntag, den 20. September 2020 um 18 Uhr im WERKRAUM, Stresemannstr. 24c, 37079 G\u00f6ttingen statt. Das siebenk\u00f6pfige ENSEMBLE L&#8217;ART POUR L&#8217;ART wird in unterschiedlicher Besetzung Werke von Ying Wang, Jo Kondo, Robin Hoffmann, Giacinto Scelsi und Matthias Kaul auff\u00fchren. Die chinesische Komponistin Ying Wang, [&hellip;]<\/p>\n","protected":false},"author":1,"featured_media":0,"comment_status":"closed","ping_status":"closed","sticky":false,"template":"","format":"standard","meta":{"saved_in_kubio":false,"footnotes":""},"categories":[1],"tags":[],"class_list":["post-1688","post","type-post","status-publish","format-standard","hentry","category-allgemein"],"yoast_head":"<!-- This site is optimized with the Yoast SEO plugin v27.5 - https:\/\/yoast.com\/product\/yoast-seo-wordpress\/ -->\n<title>Ensemble L`Art Pour L`Art spielt im Werkraum am 20.09. - Radio Leinewelle<\/title>\n<meta name=\"robots\" content=\"index, follow, max-snippet:-1, max-image-preview:large, max-video-preview:-1\" \/>\n<link rel=\"canonical\" href=\"https:\/\/radioleinewelle.de\/index.php\/2020\/09\/18\/ensemble-lart-pour-lart-spielt-im-werkraum-am-20-09\/\" \/>\n<meta property=\"og:locale\" content=\"de_DE\" \/>\n<meta property=\"og:type\" content=\"article\" \/>\n<meta property=\"og:title\" content=\"Ensemble L`Art Pour L`Art spielt im Werkraum am 20.09. - Radio Leinewelle\" \/>\n<meta property=\"og:description\" content=\"Das achte Gespr\u00e4chskonzert der Reihe \u201eG\u00f6ttinger Abende Zeitgen\u00f6ssischer Musik\u201c findet am Sonntag, den 20. September 2020 um 18 Uhr im WERKRAUM, Stresemannstr. 24c, 37079 G\u00f6ttingen statt. Das siebenk\u00f6pfige ENSEMBLE L&#8217;ART POUR L&#8217;ART wird in unterschiedlicher Besetzung Werke von Ying Wang, Jo Kondo, Robin Hoffmann, Giacinto Scelsi und Matthias Kaul auff\u00fchren. Die chinesische Komponistin Ying Wang, [&hellip;]\" \/>\n<meta property=\"og:url\" content=\"https:\/\/radioleinewelle.de\/index.php\/2020\/09\/18\/ensemble-lart-pour-lart-spielt-im-werkraum-am-20-09\/\" \/>\n<meta property=\"og:site_name\" content=\"Radio Leinewelle\" \/>\n<meta property=\"article:publisher\" content=\"https:\/\/www.facebook.com\/radioleinewelle\" \/>\n<meta property=\"article:author\" content=\"https:\/\/www.facebook.com\/radioleinewelle\" \/>\n<meta property=\"article:published_time\" content=\"2020-09-18T03:20:23+00:00\" \/>\n<meta name=\"author\" content=\"Leinewelle\" \/>\n<meta name=\"twitter:card\" content=\"summary_large_image\" \/>\n<meta name=\"twitter:creator\" content=\"@https:\/\/twitter.com\/RLeinewelle?ref_src=twsrcgoogletwcampserptwgrauthor\" \/>\n<meta name=\"twitter:site\" content=\"@RLeinewelle\" \/>\n<meta name=\"twitter:label1\" content=\"Verfasst von\" \/>\n\t<meta name=\"twitter:data1\" content=\"Leinewelle\" \/>\n\t<meta name=\"twitter:label2\" content=\"Gesch\u00e4tzte Lesezeit\" \/>\n\t<meta name=\"twitter:data2\" content=\"1\u00a0Minute\" \/>\n<script type=\"application\/ld+json\" class=\"yoast-schema-graph\">{\"@context\":\"https:\\\/\\\/schema.org\",\"@graph\":[{\"@type\":\"Article\",\"@id\":\"https:\\\/\\\/radioleinewelle.de\\\/index.php\\\/2020\\\/09\\\/18\\\/ensemble-lart-pour-lart-spielt-im-werkraum-am-20-09\\\/#article\",\"isPartOf\":{\"@id\":\"https:\\\/\\\/radioleinewelle.de\\\/index.php\\\/2020\\\/09\\\/18\\\/ensemble-lart-pour-lart-spielt-im-werkraum-am-20-09\\\/\"},\"author\":{\"name\":\"Leinewelle\",\"@id\":\"https:\\\/\\\/radioleinewelle.de\\\/#\\\/schema\\\/person\\\/45606f348637df637192dc1b68399a63\"},\"headline\":\"Ensemble L`Art Pour L`Art spielt im Werkraum am 20.09.\",\"datePublished\":\"2020-09-18T03:20:23+00:00\",\"mainEntityOfPage\":{\"@id\":\"https:\\\/\\\/radioleinewelle.de\\\/index.php\\\/2020\\\/09\\\/18\\\/ensemble-lart-pour-lart-spielt-im-werkraum-am-20-09\\\/\"},\"wordCount\":189,\"publisher\":{\"@id\":\"https:\\\/\\\/radioleinewelle.de\\\/#organization\"},\"inLanguage\":\"de\"},{\"@type\":\"WebPage\",\"@id\":\"https:\\\/\\\/radioleinewelle.de\\\/index.php\\\/2020\\\/09\\\/18\\\/ensemble-lart-pour-lart-spielt-im-werkraum-am-20-09\\\/\",\"url\":\"https:\\\/\\\/radioleinewelle.de\\\/index.php\\\/2020\\\/09\\\/18\\\/ensemble-lart-pour-lart-spielt-im-werkraum-am-20-09\\\/\",\"name\":\"Ensemble L`Art Pour L`Art spielt im Werkraum am 20.09. - Radio Leinewelle\",\"isPartOf\":{\"@id\":\"https:\\\/\\\/radioleinewelle.de\\\/#website\"},\"datePublished\":\"2020-09-18T03:20:23+00:00\",\"breadcrumb\":{\"@id\":\"https:\\\/\\\/radioleinewelle.de\\\/index.php\\\/2020\\\/09\\\/18\\\/ensemble-lart-pour-lart-spielt-im-werkraum-am-20-09\\\/#breadcrumb\"},\"inLanguage\":\"de\",\"potentialAction\":[{\"@type\":\"ReadAction\",\"target\":[\"https:\\\/\\\/radioleinewelle.de\\\/index.php\\\/2020\\\/09\\\/18\\\/ensemble-lart-pour-lart-spielt-im-werkraum-am-20-09\\\/\"]}]},{\"@type\":\"BreadcrumbList\",\"@id\":\"https:\\\/\\\/radioleinewelle.de\\\/index.php\\\/2020\\\/09\\\/18\\\/ensemble-lart-pour-lart-spielt-im-werkraum-am-20-09\\\/#breadcrumb\",\"itemListElement\":[{\"@type\":\"ListItem\",\"position\":1,\"name\":\"Startseite\",\"item\":\"https:\\\/\\\/radioleinewelle.de\\\/\"},{\"@type\":\"ListItem\",\"position\":2,\"name\":\"Ensemble L`Art Pour L`Art spielt im Werkraum am 20.09.\"}]},{\"@type\":\"WebSite\",\"@id\":\"https:\\\/\\\/radioleinewelle.de\\\/#website\",\"url\":\"https:\\\/\\\/radioleinewelle.de\\\/\",\"name\":\"Radio Leinewelle\",\"description\":\"\",\"publisher\":{\"@id\":\"https:\\\/\\\/radioleinewelle.de\\\/#organization\"},\"potentialAction\":[{\"@type\":\"SearchAction\",\"target\":{\"@type\":\"EntryPoint\",\"urlTemplate\":\"https:\\\/\\\/radioleinewelle.de\\\/?s={search_term_string}\"},\"query-input\":{\"@type\":\"PropertyValueSpecification\",\"valueRequired\":true,\"valueName\":\"search_term_string\"}}],\"inLanguage\":\"de\"},{\"@type\":\"Organization\",\"@id\":\"https:\\\/\\\/radioleinewelle.de\\\/#organization\",\"name\":\"Radio Leinewelle\",\"alternateName\":\"Mein Radio f\u00fcr S\u00fcdniedersachsen\",\"url\":\"https:\\\/\\\/radioleinewelle.de\\\/\",\"logo\":{\"@type\":\"ImageObject\",\"inLanguage\":\"de\",\"@id\":\"https:\\\/\\\/radioleinewelle.de\\\/#\\\/schema\\\/logo\\\/image\\\/\",\"url\":\"https:\\\/\\\/radioleinewelle.de\\\/wp-content\\\/uploads\\\/2023\\\/11\\\/cropped-Leinewelle_Logo_weiss.png\",\"contentUrl\":\"https:\\\/\\\/radioleinewelle.de\\\/wp-content\\\/uploads\\\/2023\\\/11\\\/cropped-Leinewelle_Logo_weiss.png\",\"width\":854,\"height\":260,\"caption\":\"Radio Leinewelle\"},\"image\":{\"@id\":\"https:\\\/\\\/radioleinewelle.de\\\/#\\\/schema\\\/logo\\\/image\\\/\"},\"sameAs\":[\"https:\\\/\\\/www.facebook.com\\\/radioleinewelle\",\"https:\\\/\\\/x.com\\\/RLeinewelle\",\"https:\\\/\\\/www.instagram.com\\\/radioleinewelle\\\/?hl=de\"]},{\"@type\":\"Person\",\"@id\":\"https:\\\/\\\/radioleinewelle.de\\\/#\\\/schema\\\/person\\\/45606f348637df637192dc1b68399a63\",\"name\":\"Leinewelle\",\"image\":{\"@type\":\"ImageObject\",\"inLanguage\":\"de\",\"@id\":\"https:\\\/\\\/secure.gravatar.com\\\/avatar\\\/05c9a17bc973052ee5d91549bd32fb4dd0dc85b7b85ae94b2e2b4943476bbea5?s=96&d=blank&r=g\",\"url\":\"https:\\\/\\\/secure.gravatar.com\\\/avatar\\\/05c9a17bc973052ee5d91549bd32fb4dd0dc85b7b85ae94b2e2b4943476bbea5?s=96&d=blank&r=g\",\"contentUrl\":\"https:\\\/\\\/secure.gravatar.com\\\/avatar\\\/05c9a17bc973052ee5d91549bd32fb4dd0dc85b7b85ae94b2e2b4943476bbea5?s=96&d=blank&r=g\",\"caption\":\"Leinewelle\"},\"sameAs\":[\"http:\\\/\\\/localhost\\\/radio%20leinewelle\\\/wordpress\",\"https:\\\/\\\/www.facebook.com\\\/radioleinewelle\",\"https:\\\/\\\/www.instagram.com\\\/radioleinewelle\",\"https:\\\/\\\/x.com\\\/https:\\\/\\\/twitter.com\\\/RLeinewelle?ref_src=twsrcgoogletwcampserptwgrauthor\",\"https:\\\/\\\/soundcloud.com\\\/foerderverein-lokalradio?utm_source=clipboard&utm_medium=text&utm_campaign=social_sharing\"],\"url\":\"https:\\\/\\\/radioleinewelle.de\\\/index.php\\\/author\\\/leinewelle\\\/\"}]}<\/script>\n<!-- \/ Yoast SEO plugin. -->","yoast_head_json":{"title":"Ensemble L`Art Pour L`Art spielt im Werkraum am 20.09. - Radio Leinewelle","robots":{"index":"index","follow":"follow","max-snippet":"max-snippet:-1","max-image-preview":"max-image-preview:large","max-video-preview":"max-video-preview:-1"},"canonical":"https:\/\/radioleinewelle.de\/index.php\/2020\/09\/18\/ensemble-lart-pour-lart-spielt-im-werkraum-am-20-09\/","og_locale":"de_DE","og_type":"article","og_title":"Ensemble L`Art Pour L`Art spielt im Werkraum am 20.09. - Radio Leinewelle","og_description":"Das achte Gespr\u00e4chskonzert der Reihe \u201eG\u00f6ttinger Abende Zeitgen\u00f6ssischer Musik\u201c findet am Sonntag, den 20. September 2020 um 18 Uhr im WERKRAUM, Stresemannstr. 24c, 37079 G\u00f6ttingen statt. Das siebenk\u00f6pfige ENSEMBLE L&#8217;ART POUR L&#8217;ART wird in unterschiedlicher Besetzung Werke von Ying Wang, Jo Kondo, Robin Hoffmann, Giacinto Scelsi und Matthias Kaul auff\u00fchren. Die chinesische Komponistin Ying Wang, [&hellip;]","og_url":"https:\/\/radioleinewelle.de\/index.php\/2020\/09\/18\/ensemble-lart-pour-lart-spielt-im-werkraum-am-20-09\/","og_site_name":"Radio Leinewelle","article_publisher":"https:\/\/www.facebook.com\/radioleinewelle","article_author":"https:\/\/www.facebook.com\/radioleinewelle","article_published_time":"2020-09-18T03:20:23+00:00","author":"Leinewelle","twitter_card":"summary_large_image","twitter_creator":"@https:\/\/twitter.com\/RLeinewelle?ref_src=twsrcgoogletwcampserptwgrauthor","twitter_site":"@RLeinewelle","twitter_misc":{"Verfasst von":"Leinewelle","Gesch\u00e4tzte Lesezeit":"1\u00a0Minute"},"schema":{"@context":"https:\/\/schema.org","@graph":[{"@type":"Article","@id":"https:\/\/radioleinewelle.de\/index.php\/2020\/09\/18\/ensemble-lart-pour-lart-spielt-im-werkraum-am-20-09\/#article","isPartOf":{"@id":"https:\/\/radioleinewelle.de\/index.php\/2020\/09\/18\/ensemble-lart-pour-lart-spielt-im-werkraum-am-20-09\/"},"author":{"name":"Leinewelle","@id":"https:\/\/radioleinewelle.de\/#\/schema\/person\/45606f348637df637192dc1b68399a63"},"headline":"Ensemble L`Art Pour L`Art spielt im Werkraum am 20.09.","datePublished":"2020-09-18T03:20:23+00:00","mainEntityOfPage":{"@id":"https:\/\/radioleinewelle.de\/index.php\/2020\/09\/18\/ensemble-lart-pour-lart-spielt-im-werkraum-am-20-09\/"},"wordCount":189,"publisher":{"@id":"https:\/\/radioleinewelle.de\/#organization"},"inLanguage":"de"},{"@type":"WebPage","@id":"https:\/\/radioleinewelle.de\/index.php\/2020\/09\/18\/ensemble-lart-pour-lart-spielt-im-werkraum-am-20-09\/","url":"https:\/\/radioleinewelle.de\/index.php\/2020\/09\/18\/ensemble-lart-pour-lart-spielt-im-werkraum-am-20-09\/","name":"Ensemble L`Art Pour L`Art spielt im Werkraum am 20.09. - Radio Leinewelle","isPartOf":{"@id":"https:\/\/radioleinewelle.de\/#website"},"datePublished":"2020-09-18T03:20:23+00:00","breadcrumb":{"@id":"https:\/\/radioleinewelle.de\/index.php\/2020\/09\/18\/ensemble-lart-pour-lart-spielt-im-werkraum-am-20-09\/#breadcrumb"},"inLanguage":"de","potentialAction":[{"@type":"ReadAction","target":["https:\/\/radioleinewelle.de\/index.php\/2020\/09\/18\/ensemble-lart-pour-lart-spielt-im-werkraum-am-20-09\/"]}]},{"@type":"BreadcrumbList","@id":"https:\/\/radioleinewelle.de\/index.php\/2020\/09\/18\/ensemble-lart-pour-lart-spielt-im-werkraum-am-20-09\/#breadcrumb","itemListElement":[{"@type":"ListItem","position":1,"name":"Startseite","item":"https:\/\/radioleinewelle.de\/"},{"@type":"ListItem","position":2,"name":"Ensemble L`Art Pour L`Art spielt im Werkraum am 20.09."}]},{"@type":"WebSite","@id":"https:\/\/radioleinewelle.de\/#website","url":"https:\/\/radioleinewelle.de\/","name":"Radio Leinewelle","description":"","publisher":{"@id":"https:\/\/radioleinewelle.de\/#organization"},"potentialAction":[{"@type":"SearchAction","target":{"@type":"EntryPoint","urlTemplate":"https:\/\/radioleinewelle.de\/?s={search_term_string}"},"query-input":{"@type":"PropertyValueSpecification","valueRequired":true,"valueName":"search_term_string"}}],"inLanguage":"de"},{"@type":"Organization","@id":"https:\/\/radioleinewelle.de\/#organization","name":"Radio Leinewelle","alternateName":"Mein Radio f\u00fcr S\u00fcdniedersachsen","url":"https:\/\/radioleinewelle.de\/","logo":{"@type":"ImageObject","inLanguage":"de","@id":"https:\/\/radioleinewelle.de\/#\/schema\/logo\/image\/","url":"https:\/\/radioleinewelle.de\/wp-content\/uploads\/2023\/11\/cropped-Leinewelle_Logo_weiss.png","contentUrl":"https:\/\/radioleinewelle.de\/wp-content\/uploads\/2023\/11\/cropped-Leinewelle_Logo_weiss.png","width":854,"height":260,"caption":"Radio Leinewelle"},"image":{"@id":"https:\/\/radioleinewelle.de\/#\/schema\/logo\/image\/"},"sameAs":["https:\/\/www.facebook.com\/radioleinewelle","https:\/\/x.com\/RLeinewelle","https:\/\/www.instagram.com\/radioleinewelle\/?hl=de"]},{"@type":"Person","@id":"https:\/\/radioleinewelle.de\/#\/schema\/person\/45606f348637df637192dc1b68399a63","name":"Leinewelle","image":{"@type":"ImageObject","inLanguage":"de","@id":"https:\/\/secure.gravatar.com\/avatar\/05c9a17bc973052ee5d91549bd32fb4dd0dc85b7b85ae94b2e2b4943476bbea5?s=96&d=blank&r=g","url":"https:\/\/secure.gravatar.com\/avatar\/05c9a17bc973052ee5d91549bd32fb4dd0dc85b7b85ae94b2e2b4943476bbea5?s=96&d=blank&r=g","contentUrl":"https:\/\/secure.gravatar.com\/avatar\/05c9a17bc973052ee5d91549bd32fb4dd0dc85b7b85ae94b2e2b4943476bbea5?s=96&d=blank&r=g","caption":"Leinewelle"},"sameAs":["http:\/\/localhost\/radio%20leinewelle\/wordpress","https:\/\/www.facebook.com\/radioleinewelle","https:\/\/www.instagram.com\/radioleinewelle","https:\/\/x.com\/https:\/\/twitter.com\/RLeinewelle?ref_src=twsrcgoogletwcampserptwgrauthor","https:\/\/soundcloud.com\/foerderverein-lokalradio?utm_source=clipboard&utm_medium=text&utm_campaign=social_sharing"],"url":"https:\/\/radioleinewelle.de\/index.php\/author\/leinewelle\/"}]}},"_links":{"self":[{"href":"https:\/\/radioleinewelle.de\/index.php\/wp-json\/wp\/v2\/posts\/1688","targetHints":{"allow":["GET"]}}],"collection":[{"href":"https:\/\/radioleinewelle.de\/index.php\/wp-json\/wp\/v2\/posts"}],"about":[{"href":"https:\/\/radioleinewelle.de\/index.php\/wp-json\/wp\/v2\/types\/post"}],"author":[{"embeddable":true,"href":"https:\/\/radioleinewelle.de\/index.php\/wp-json\/wp\/v2\/users\/1"}],"replies":[{"embeddable":true,"href":"https:\/\/radioleinewelle.de\/index.php\/wp-json\/wp\/v2\/comments?post=1688"}],"version-history":[{"count":0,"href":"https:\/\/radioleinewelle.de\/index.php\/wp-json\/wp\/v2\/posts\/1688\/revisions"}],"wp:attachment":[{"href":"https:\/\/radioleinewelle.de\/index.php\/wp-json\/wp\/v2\/media?parent=1688"}],"wp:term":[{"taxonomy":"category","embeddable":true,"href":"https:\/\/radioleinewelle.de\/index.php\/wp-json\/wp\/v2\/categories?post=1688"},{"taxonomy":"post_tag","embeddable":true,"href":"https:\/\/radioleinewelle.de\/index.php\/wp-json\/wp\/v2\/tags?post=1688"}],"curies":[{"name":"wp","href":"https:\/\/api.w.org\/{rel}","templated":true}]}}