{"id":1690,"date":"2020-09-17T05:10:24","date_gmt":"2020-09-17T03:10:24","guid":{"rendered":"https:\/\/radioleinewelle.de\/?p=1690"},"modified":"2020-09-17T05:10:24","modified_gmt":"2020-09-17T03:10:24","slug":"flecken-bovenden-beteiligt-sich-an-der-initiative-respekt-kein-platz-fuer-rassismus","status":"publish","type":"post","link":"https:\/\/radioleinewelle.de\/index.php\/2020\/09\/17\/flecken-bovenden-beteiligt-sich-an-der-initiative-respekt-kein-platz-fuer-rassismus\/","title":{"rendered":"Flecken Bovenden beteiligt sich an der Initiative \u201eRespekt! Kein Platz f\u00fcr Rassismus\u201c"},"content":{"rendered":"<div class=\"content-header\">\n<p class=\"content-title\">Bovenden meldet: Bereits im Fr\u00fchjahr 2020 hat der Gemeinderat des Flecken Bovenden einstimmig auf Antrag der Gruppe FWG\/FDP beschlossen, sich an der Initiative \u201eRespekt! Kein Platz f\u00fcr Rassismus\u201c zu beteiligen, die f\u00fcr ein respektvolles Verhalten gegen\u00fcber anderen sowie f\u00fcr Toleranz, Anerkennung und Wertsch\u00e4tzung steht.<\/p>\n<\/div>\n<div class=\"content-text\">\n<div class=\"magazinetext\">\n<p>Der Begr\u00fcndung des eingebrachten Antrages, das in Zeiten einer immer st\u00e4rker werdenden Fremdenfeindlichkeit in unserem Land, f\u00fcr die rassistisch motivierte Angriffe auf Kommunalpolitiker, wie den Kassler Regierungspr\u00e4sidenten Walter L\u00fcbcke, den traurigen Beleg liefern, gerade Gemeinden ein klares Zeichen gegen jede Form von Fremdenfeindlichkeit und Rassismus setzen m\u00fcssen, schlossen sich alle im Gemeinderat vertretenen Fraktionen an.<\/p>\n<p>Als nach au\u00dfen sichtbares Zeichen gegen Rassismus, Diskriminierung und Intoleranz wurde das entsprechende Schild in der vergangenen Woche vor dem Eingang des Rathauses in Bovenden unter Teilnahme von Vertretern aller Fraktionen und von B\u00fcrgermeister Thomas Brandes angebracht. Mehr Infos zu der bundesweiten Aktion gibt es unter:\u00a0<a class=\"extern\" title=\"www.respekt.tv\" href=\"http:\/\/www.respekt.tv\/\" target=\"_blank\" rel=\"noopener\">www.respekt.tv<\/a><\/p>\n<\/div>\n<\/div>\n","protected":false},"excerpt":{"rendered":"<p>Bovenden meldet: Bereits im Fr\u00fchjahr 2020 hat der Gemeinderat des Flecken Bovenden einstimmig auf Antrag der Gruppe FWG\/FDP beschlossen, sich an der Initiative \u201eRespekt! Kein Platz f\u00fcr Rassismus\u201c zu beteiligen, die f\u00fcr ein respektvolles Verhalten gegen\u00fcber anderen sowie f\u00fcr Toleranz, Anerkennung und Wertsch\u00e4tzung steht. Der Begr\u00fcndung des eingebrachten Antrages, das in Zeiten einer immer st\u00e4rker [&hellip;]<\/p>\n","protected":false},"author":1,"featured_media":1692,"comment_status":"closed","ping_status":"closed","sticky":false,"template":"","format":"standard","meta":{"saved_in_kubio":false,"footnotes":""},"categories":[1],"tags":[],"class_list":["post-1690","post","type-post","status-publish","format-standard","has-post-thumbnail","hentry","category-allgemein"],"yoast_head":"<!-- This site is optimized with the Yoast SEO plugin v27.5 - https:\/\/yoast.com\/product\/yoast-seo-wordpress\/ -->\n<title>Flecken Bovenden beteiligt sich an der Initiative \u201eRespekt! Kein Platz f\u00fcr Rassismus\u201c - Radio Leinewelle<\/title>\n<meta name=\"robots\" content=\"index, follow, max-snippet:-1, max-image-preview:large, max-video-preview:-1\" \/>\n<link rel=\"canonical\" href=\"https:\/\/radioleinewelle.de\/index.php\/2020\/09\/17\/flecken-bovenden-beteiligt-sich-an-der-initiative-respekt-kein-platz-fuer-rassismus\/\" \/>\n<meta property=\"og:locale\" content=\"de_DE\" \/>\n<meta property=\"og:type\" content=\"article\" \/>\n<meta property=\"og:title\" content=\"Flecken Bovenden beteiligt sich an der Initiative \u201eRespekt! Kein Platz f\u00fcr Rassismus\u201c - Radio Leinewelle\" \/>\n<meta property=\"og:description\" content=\"Bovenden meldet: Bereits im Fr\u00fchjahr 2020 hat der Gemeinderat des Flecken Bovenden einstimmig auf Antrag der Gruppe FWG\/FDP beschlossen, sich an der Initiative \u201eRespekt! Kein Platz f\u00fcr Rassismus\u201c zu beteiligen, die f\u00fcr ein respektvolles Verhalten gegen\u00fcber anderen sowie f\u00fcr Toleranz, Anerkennung und Wertsch\u00e4tzung steht. Der Begr\u00fcndung des eingebrachten Antrages, das in Zeiten einer immer st\u00e4rker [&hellip;]\" \/>\n<meta property=\"og:url\" content=\"https:\/\/radioleinewelle.de\/index.php\/2020\/09\/17\/flecken-bovenden-beteiligt-sich-an-der-initiative-respekt-kein-platz-fuer-rassismus\/\" \/>\n<meta property=\"og:site_name\" content=\"Radio Leinewelle\" \/>\n<meta property=\"article:publisher\" content=\"https:\/\/www.facebook.com\/radioleinewelle\" \/>\n<meta property=\"article:author\" content=\"https:\/\/www.facebook.com\/radioleinewelle\" \/>\n<meta property=\"article:published_time\" content=\"2020-09-17T03:10:24+00:00\" \/>\n<meta property=\"og:image\" content=\"https:\/\/radioleinewelle.de\/wp-content\/uploads\/2020\/09\/respekt_schild-e1600286148298.jpg\" \/>\n\t<meta property=\"og:image:width\" content=\"300\" \/>\n\t<meta property=\"og:image:height\" content=\"210\" \/>\n\t<meta property=\"og:image:type\" content=\"image\/jpeg\" \/>\n<meta name=\"author\" content=\"Leinewelle\" \/>\n<meta name=\"twitter:card\" content=\"summary_large_image\" \/>\n<meta name=\"twitter:creator\" content=\"@https:\/\/twitter.com\/RLeinewelle?ref_src=twsrcgoogletwcampserptwgrauthor\" \/>\n<meta name=\"twitter:site\" content=\"@RLeinewelle\" \/>\n<meta name=\"twitter:label1\" content=\"Verfasst von\" \/>\n\t<meta name=\"twitter:data1\" content=\"Leinewelle\" \/>\n\t<meta name=\"twitter:label2\" content=\"Gesch\u00e4tzte Lesezeit\" \/>\n\t<meta name=\"twitter:data2\" content=\"1\u00a0Minute\" \/>\n<script type=\"application\/ld+json\" class=\"yoast-schema-graph\">{\"@context\":\"https:\\\/\\\/schema.org\",\"@graph\":[{\"@type\":\"Article\",\"@id\":\"https:\\\/\\\/radioleinewelle.de\\\/index.php\\\/2020\\\/09\\\/17\\\/flecken-bovenden-beteiligt-sich-an-der-initiative-respekt-kein-platz-fuer-rassismus\\\/#article\",\"isPartOf\":{\"@id\":\"https:\\\/\\\/radioleinewelle.de\\\/index.php\\\/2020\\\/09\\\/17\\\/flecken-bovenden-beteiligt-sich-an-der-initiative-respekt-kein-platz-fuer-rassismus\\\/\"},\"author\":{\"name\":\"Leinewelle\",\"@id\":\"https:\\\/\\\/radioleinewelle.de\\\/#\\\/schema\\\/person\\\/45606f348637df637192dc1b68399a63\"},\"headline\":\"Flecken Bovenden beteiligt sich an der Initiative \u201eRespekt! Kein Platz f\u00fcr Rassismus\u201c\",\"datePublished\":\"2020-09-17T03:10:24+00:00\",\"mainEntityOfPage\":{\"@id\":\"https:\\\/\\\/radioleinewelle.de\\\/index.php\\\/2020\\\/09\\\/17\\\/flecken-bovenden-beteiligt-sich-an-der-initiative-respekt-kein-platz-fuer-rassismus\\\/\"},\"wordCount\":175,\"publisher\":{\"@id\":\"https:\\\/\\\/radioleinewelle.de\\\/#organization\"},\"image\":{\"@id\":\"https:\\\/\\\/radioleinewelle.de\\\/index.php\\\/2020\\\/09\\\/17\\\/flecken-bovenden-beteiligt-sich-an-der-initiative-respekt-kein-platz-fuer-rassismus\\\/#primaryimage\"},\"thumbnailUrl\":\"https:\\\/\\\/radioleinewelle.de\\\/wp-content\\\/uploads\\\/2020\\\/09\\\/respekt_schild-e1600286148298.jpg\",\"inLanguage\":\"de\"},{\"@type\":\"WebPage\",\"@id\":\"https:\\\/\\\/radioleinewelle.de\\\/index.php\\\/2020\\\/09\\\/17\\\/flecken-bovenden-beteiligt-sich-an-der-initiative-respekt-kein-platz-fuer-rassismus\\\/\",\"url\":\"https:\\\/\\\/radioleinewelle.de\\\/index.php\\\/2020\\\/09\\\/17\\\/flecken-bovenden-beteiligt-sich-an-der-initiative-respekt-kein-platz-fuer-rassismus\\\/\",\"name\":\"Flecken Bovenden beteiligt sich an der Initiative \u201eRespekt! Kein Platz f\u00fcr Rassismus\u201c - Radio Leinewelle\",\"isPartOf\":{\"@id\":\"https:\\\/\\\/radioleinewelle.de\\\/#website\"},\"primaryImageOfPage\":{\"@id\":\"https:\\\/\\\/radioleinewelle.de\\\/index.php\\\/2020\\\/09\\\/17\\\/flecken-bovenden-beteiligt-sich-an-der-initiative-respekt-kein-platz-fuer-rassismus\\\/#primaryimage\"},\"image\":{\"@id\":\"https:\\\/\\\/radioleinewelle.de\\\/index.php\\\/2020\\\/09\\\/17\\\/flecken-bovenden-beteiligt-sich-an-der-initiative-respekt-kein-platz-fuer-rassismus\\\/#primaryimage\"},\"thumbnailUrl\":\"https:\\\/\\\/radioleinewelle.de\\\/wp-content\\\/uploads\\\/2020\\\/09\\\/respekt_schild-e1600286148298.jpg\",\"datePublished\":\"2020-09-17T03:10:24+00:00\",\"breadcrumb\":{\"@id\":\"https:\\\/\\\/radioleinewelle.de\\\/index.php\\\/2020\\\/09\\\/17\\\/flecken-bovenden-beteiligt-sich-an-der-initiative-respekt-kein-platz-fuer-rassismus\\\/#breadcrumb\"},\"inLanguage\":\"de\",\"potentialAction\":[{\"@type\":\"ReadAction\",\"target\":[\"https:\\\/\\\/radioleinewelle.de\\\/index.php\\\/2020\\\/09\\\/17\\\/flecken-bovenden-beteiligt-sich-an-der-initiative-respekt-kein-platz-fuer-rassismus\\\/\"]}]},{\"@type\":\"ImageObject\",\"inLanguage\":\"de\",\"@id\":\"https:\\\/\\\/radioleinewelle.de\\\/index.php\\\/2020\\\/09\\\/17\\\/flecken-bovenden-beteiligt-sich-an-der-initiative-respekt-kein-platz-fuer-rassismus\\\/#primaryimage\",\"url\":\"https:\\\/\\\/radioleinewelle.de\\\/wp-content\\\/uploads\\\/2020\\\/09\\\/respekt_schild-e1600286148298.jpg\",\"contentUrl\":\"https:\\\/\\\/radioleinewelle.de\\\/wp-content\\\/uploads\\\/2020\\\/09\\\/respekt_schild-e1600286148298.jpg\",\"width\":300,\"height\":210},{\"@type\":\"BreadcrumbList\",\"@id\":\"https:\\\/\\\/radioleinewelle.de\\\/index.php\\\/2020\\\/09\\\/17\\\/flecken-bovenden-beteiligt-sich-an-der-initiative-respekt-kein-platz-fuer-rassismus\\\/#breadcrumb\",\"itemListElement\":[{\"@type\":\"ListItem\",\"position\":1,\"name\":\"Startseite\",\"item\":\"https:\\\/\\\/radioleinewelle.de\\\/\"},{\"@type\":\"ListItem\",\"position\":2,\"name\":\"Flecken Bovenden beteiligt sich an der Initiative \u201eRespekt! Kein Platz f\u00fcr Rassismus\u201c\"}]},{\"@type\":\"WebSite\",\"@id\":\"https:\\\/\\\/radioleinewelle.de\\\/#website\",\"url\":\"https:\\\/\\\/radioleinewelle.de\\\/\",\"name\":\"Radio Leinewelle\",\"description\":\"\",\"publisher\":{\"@id\":\"https:\\\/\\\/radioleinewelle.de\\\/#organization\"},\"potentialAction\":[{\"@type\":\"SearchAction\",\"target\":{\"@type\":\"EntryPoint\",\"urlTemplate\":\"https:\\\/\\\/radioleinewelle.de\\\/?s={search_term_string}\"},\"query-input\":{\"@type\":\"PropertyValueSpecification\",\"valueRequired\":true,\"valueName\":\"search_term_string\"}}],\"inLanguage\":\"de\"},{\"@type\":\"Organization\",\"@id\":\"https:\\\/\\\/radioleinewelle.de\\\/#organization\",\"name\":\"Radio Leinewelle\",\"alternateName\":\"Mein Radio f\u00fcr S\u00fcdniedersachsen\",\"url\":\"https:\\\/\\\/radioleinewelle.de\\\/\",\"logo\":{\"@type\":\"ImageObject\",\"inLanguage\":\"de\",\"@id\":\"https:\\\/\\\/radioleinewelle.de\\\/#\\\/schema\\\/logo\\\/image\\\/\",\"url\":\"https:\\\/\\\/radioleinewelle.de\\\/wp-content\\\/uploads\\\/2023\\\/11\\\/cropped-Leinewelle_Logo_weiss.png\",\"contentUrl\":\"https:\\\/\\\/radioleinewelle.de\\\/wp-content\\\/uploads\\\/2023\\\/11\\\/cropped-Leinewelle_Logo_weiss.png\",\"width\":854,\"height\":260,\"caption\":\"Radio Leinewelle\"},\"image\":{\"@id\":\"https:\\\/\\\/radioleinewelle.de\\\/#\\\/schema\\\/logo\\\/image\\\/\"},\"sameAs\":[\"https:\\\/\\\/www.facebook.com\\\/radioleinewelle\",\"https:\\\/\\\/x.com\\\/RLeinewelle\",\"https:\\\/\\\/www.instagram.com\\\/radioleinewelle\\\/?hl=de\"]},{\"@type\":\"Person\",\"@id\":\"https:\\\/\\\/radioleinewelle.de\\\/#\\\/schema\\\/person\\\/45606f348637df637192dc1b68399a63\",\"name\":\"Leinewelle\",\"image\":{\"@type\":\"ImageObject\",\"inLanguage\":\"de\",\"@id\":\"https:\\\/\\\/secure.gravatar.com\\\/avatar\\\/05c9a17bc973052ee5d91549bd32fb4dd0dc85b7b85ae94b2e2b4943476bbea5?s=96&d=blank&r=g\",\"url\":\"https:\\\/\\\/secure.gravatar.com\\\/avatar\\\/05c9a17bc973052ee5d91549bd32fb4dd0dc85b7b85ae94b2e2b4943476bbea5?s=96&d=blank&r=g\",\"contentUrl\":\"https:\\\/\\\/secure.gravatar.com\\\/avatar\\\/05c9a17bc973052ee5d91549bd32fb4dd0dc85b7b85ae94b2e2b4943476bbea5?s=96&d=blank&r=g\",\"caption\":\"Leinewelle\"},\"sameAs\":[\"http:\\\/\\\/localhost\\\/radio%20leinewelle\\\/wordpress\",\"https:\\\/\\\/www.facebook.com\\\/radioleinewelle\",\"https:\\\/\\\/www.instagram.com\\\/radioleinewelle\",\"https:\\\/\\\/x.com\\\/https:\\\/\\\/twitter.com\\\/RLeinewelle?ref_src=twsrcgoogletwcampserptwgrauthor\",\"https:\\\/\\\/soundcloud.com\\\/foerderverein-lokalradio?utm_source=clipboard&utm_medium=text&utm_campaign=social_sharing\"],\"url\":\"https:\\\/\\\/radioleinewelle.de\\\/index.php\\\/author\\\/leinewelle\\\/\"}]}<\/script>\n<!-- \/ Yoast SEO plugin. -->","yoast_head_json":{"title":"Flecken Bovenden beteiligt sich an der Initiative \u201eRespekt! Kein Platz f\u00fcr Rassismus\u201c - Radio Leinewelle","robots":{"index":"index","follow":"follow","max-snippet":"max-snippet:-1","max-image-preview":"max-image-preview:large","max-video-preview":"max-video-preview:-1"},"canonical":"https:\/\/radioleinewelle.de\/index.php\/2020\/09\/17\/flecken-bovenden-beteiligt-sich-an-der-initiative-respekt-kein-platz-fuer-rassismus\/","og_locale":"de_DE","og_type":"article","og_title":"Flecken Bovenden beteiligt sich an der Initiative \u201eRespekt! Kein Platz f\u00fcr Rassismus\u201c - Radio Leinewelle","og_description":"Bovenden meldet: Bereits im Fr\u00fchjahr 2020 hat der Gemeinderat des Flecken Bovenden einstimmig auf Antrag der Gruppe FWG\/FDP beschlossen, sich an der Initiative \u201eRespekt! Kein Platz f\u00fcr Rassismus\u201c zu beteiligen, die f\u00fcr ein respektvolles Verhalten gegen\u00fcber anderen sowie f\u00fcr Toleranz, Anerkennung und Wertsch\u00e4tzung steht. Der Begr\u00fcndung des eingebrachten Antrages, das in Zeiten einer immer st\u00e4rker [&hellip;]","og_url":"https:\/\/radioleinewelle.de\/index.php\/2020\/09\/17\/flecken-bovenden-beteiligt-sich-an-der-initiative-respekt-kein-platz-fuer-rassismus\/","og_site_name":"Radio Leinewelle","article_publisher":"https:\/\/www.facebook.com\/radioleinewelle","article_author":"https:\/\/www.facebook.com\/radioleinewelle","article_published_time":"2020-09-17T03:10:24+00:00","og_image":[{"width":300,"height":210,"url":"https:\/\/radioleinewelle.de\/wp-content\/uploads\/2020\/09\/respekt_schild-e1600286148298.jpg","type":"image\/jpeg"}],"author":"Leinewelle","twitter_card":"summary_large_image","twitter_creator":"@https:\/\/twitter.com\/RLeinewelle?ref_src=twsrcgoogletwcampserptwgrauthor","twitter_site":"@RLeinewelle","twitter_misc":{"Verfasst von":"Leinewelle","Gesch\u00e4tzte Lesezeit":"1\u00a0Minute"},"schema":{"@context":"https:\/\/schema.org","@graph":[{"@type":"Article","@id":"https:\/\/radioleinewelle.de\/index.php\/2020\/09\/17\/flecken-bovenden-beteiligt-sich-an-der-initiative-respekt-kein-platz-fuer-rassismus\/#article","isPartOf":{"@id":"https:\/\/radioleinewelle.de\/index.php\/2020\/09\/17\/flecken-bovenden-beteiligt-sich-an-der-initiative-respekt-kein-platz-fuer-rassismus\/"},"author":{"name":"Leinewelle","@id":"https:\/\/radioleinewelle.de\/#\/schema\/person\/45606f348637df637192dc1b68399a63"},"headline":"Flecken Bovenden beteiligt sich an der Initiative \u201eRespekt! Kein Platz f\u00fcr Rassismus\u201c","datePublished":"2020-09-17T03:10:24+00:00","mainEntityOfPage":{"@id":"https:\/\/radioleinewelle.de\/index.php\/2020\/09\/17\/flecken-bovenden-beteiligt-sich-an-der-initiative-respekt-kein-platz-fuer-rassismus\/"},"wordCount":175,"publisher":{"@id":"https:\/\/radioleinewelle.de\/#organization"},"image":{"@id":"https:\/\/radioleinewelle.de\/index.php\/2020\/09\/17\/flecken-bovenden-beteiligt-sich-an-der-initiative-respekt-kein-platz-fuer-rassismus\/#primaryimage"},"thumbnailUrl":"https:\/\/radioleinewelle.de\/wp-content\/uploads\/2020\/09\/respekt_schild-e1600286148298.jpg","inLanguage":"de"},{"@type":"WebPage","@id":"https:\/\/radioleinewelle.de\/index.php\/2020\/09\/17\/flecken-bovenden-beteiligt-sich-an-der-initiative-respekt-kein-platz-fuer-rassismus\/","url":"https:\/\/radioleinewelle.de\/index.php\/2020\/09\/17\/flecken-bovenden-beteiligt-sich-an-der-initiative-respekt-kein-platz-fuer-rassismus\/","name":"Flecken Bovenden beteiligt sich an der Initiative \u201eRespekt! Kein Platz f\u00fcr Rassismus\u201c - Radio Leinewelle","isPartOf":{"@id":"https:\/\/radioleinewelle.de\/#website"},"primaryImageOfPage":{"@id":"https:\/\/radioleinewelle.de\/index.php\/2020\/09\/17\/flecken-bovenden-beteiligt-sich-an-der-initiative-respekt-kein-platz-fuer-rassismus\/#primaryimage"},"image":{"@id":"https:\/\/radioleinewelle.de\/index.php\/2020\/09\/17\/flecken-bovenden-beteiligt-sich-an-der-initiative-respekt-kein-platz-fuer-rassismus\/#primaryimage"},"thumbnailUrl":"https:\/\/radioleinewelle.de\/wp-content\/uploads\/2020\/09\/respekt_schild-e1600286148298.jpg","datePublished":"2020-09-17T03:10:24+00:00","breadcrumb":{"@id":"https:\/\/radioleinewelle.de\/index.php\/2020\/09\/17\/flecken-bovenden-beteiligt-sich-an-der-initiative-respekt-kein-platz-fuer-rassismus\/#breadcrumb"},"inLanguage":"de","potentialAction":[{"@type":"ReadAction","target":["https:\/\/radioleinewelle.de\/index.php\/2020\/09\/17\/flecken-bovenden-beteiligt-sich-an-der-initiative-respekt-kein-platz-fuer-rassismus\/"]}]},{"@type":"ImageObject","inLanguage":"de","@id":"https:\/\/radioleinewelle.de\/index.php\/2020\/09\/17\/flecken-bovenden-beteiligt-sich-an-der-initiative-respekt-kein-platz-fuer-rassismus\/#primaryimage","url":"https:\/\/radioleinewelle.de\/wp-content\/uploads\/2020\/09\/respekt_schild-e1600286148298.jpg","contentUrl":"https:\/\/radioleinewelle.de\/wp-content\/uploads\/2020\/09\/respekt_schild-e1600286148298.jpg","width":300,"height":210},{"@type":"BreadcrumbList","@id":"https:\/\/radioleinewelle.de\/index.php\/2020\/09\/17\/flecken-bovenden-beteiligt-sich-an-der-initiative-respekt-kein-platz-fuer-rassismus\/#breadcrumb","itemListElement":[{"@type":"ListItem","position":1,"name":"Startseite","item":"https:\/\/radioleinewelle.de\/"},{"@type":"ListItem","position":2,"name":"Flecken Bovenden beteiligt sich an der Initiative \u201eRespekt! Kein Platz f\u00fcr Rassismus\u201c"}]},{"@type":"WebSite","@id":"https:\/\/radioleinewelle.de\/#website","url":"https:\/\/radioleinewelle.de\/","name":"Radio Leinewelle","description":"","publisher":{"@id":"https:\/\/radioleinewelle.de\/#organization"},"potentialAction":[{"@type":"SearchAction","target":{"@type":"EntryPoint","urlTemplate":"https:\/\/radioleinewelle.de\/?s={search_term_string}"},"query-input":{"@type":"PropertyValueSpecification","valueRequired":true,"valueName":"search_term_string"}}],"inLanguage":"de"},{"@type":"Organization","@id":"https:\/\/radioleinewelle.de\/#organization","name":"Radio Leinewelle","alternateName":"Mein Radio f\u00fcr S\u00fcdniedersachsen","url":"https:\/\/radioleinewelle.de\/","logo":{"@type":"ImageObject","inLanguage":"de","@id":"https:\/\/radioleinewelle.de\/#\/schema\/logo\/image\/","url":"https:\/\/radioleinewelle.de\/wp-content\/uploads\/2023\/11\/cropped-Leinewelle_Logo_weiss.png","contentUrl":"https:\/\/radioleinewelle.de\/wp-content\/uploads\/2023\/11\/cropped-Leinewelle_Logo_weiss.png","width":854,"height":260,"caption":"Radio Leinewelle"},"image":{"@id":"https:\/\/radioleinewelle.de\/#\/schema\/logo\/image\/"},"sameAs":["https:\/\/www.facebook.com\/radioleinewelle","https:\/\/x.com\/RLeinewelle","https:\/\/www.instagram.com\/radioleinewelle\/?hl=de"]},{"@type":"Person","@id":"https:\/\/radioleinewelle.de\/#\/schema\/person\/45606f348637df637192dc1b68399a63","name":"Leinewelle","image":{"@type":"ImageObject","inLanguage":"de","@id":"https:\/\/secure.gravatar.com\/avatar\/05c9a17bc973052ee5d91549bd32fb4dd0dc85b7b85ae94b2e2b4943476bbea5?s=96&d=blank&r=g","url":"https:\/\/secure.gravatar.com\/avatar\/05c9a17bc973052ee5d91549bd32fb4dd0dc85b7b85ae94b2e2b4943476bbea5?s=96&d=blank&r=g","contentUrl":"https:\/\/secure.gravatar.com\/avatar\/05c9a17bc973052ee5d91549bd32fb4dd0dc85b7b85ae94b2e2b4943476bbea5?s=96&d=blank&r=g","caption":"Leinewelle"},"sameAs":["http:\/\/localhost\/radio%20leinewelle\/wordpress","https:\/\/www.facebook.com\/radioleinewelle","https:\/\/www.instagram.com\/radioleinewelle","https:\/\/x.com\/https:\/\/twitter.com\/RLeinewelle?ref_src=twsrcgoogletwcampserptwgrauthor","https:\/\/soundcloud.com\/foerderverein-lokalradio?utm_source=clipboard&utm_medium=text&utm_campaign=social_sharing"],"url":"https:\/\/radioleinewelle.de\/index.php\/author\/leinewelle\/"}]}},"_links":{"self":[{"href":"https:\/\/radioleinewelle.de\/index.php\/wp-json\/wp\/v2\/posts\/1690","targetHints":{"allow":["GET"]}}],"collection":[{"href":"https:\/\/radioleinewelle.de\/index.php\/wp-json\/wp\/v2\/posts"}],"about":[{"href":"https:\/\/radioleinewelle.de\/index.php\/wp-json\/wp\/v2\/types\/post"}],"author":[{"embeddable":true,"href":"https:\/\/radioleinewelle.de\/index.php\/wp-json\/wp\/v2\/users\/1"}],"replies":[{"embeddable":true,"href":"https:\/\/radioleinewelle.de\/index.php\/wp-json\/wp\/v2\/comments?post=1690"}],"version-history":[{"count":0,"href":"https:\/\/radioleinewelle.de\/index.php\/wp-json\/wp\/v2\/posts\/1690\/revisions"}],"wp:featuredmedia":[{"embeddable":true,"href":"https:\/\/radioleinewelle.de\/index.php\/wp-json\/wp\/v2\/media\/1692"}],"wp:attachment":[{"href":"https:\/\/radioleinewelle.de\/index.php\/wp-json\/wp\/v2\/media?parent=1690"}],"wp:term":[{"taxonomy":"category","embeddable":true,"href":"https:\/\/radioleinewelle.de\/index.php\/wp-json\/wp\/v2\/categories?post=1690"},{"taxonomy":"post_tag","embeddable":true,"href":"https:\/\/radioleinewelle.de\/index.php\/wp-json\/wp\/v2\/tags?post=1690"}],"curies":[{"name":"wp","href":"https:\/\/api.w.org\/{rel}","templated":true}]}}