{"id":1704,"date":"2020-09-18T04:53:47","date_gmt":"2020-09-18T02:53:47","guid":{"rendered":"https:\/\/radioleinewelle.de\/?p=1704"},"modified":"2020-09-18T04:53:47","modified_gmt":"2020-09-18T02:53:47","slug":"deutscher-engagementpreis-2020-landkreis-unterstuetzt-abstimmung-zum-publikumspreis","status":"publish","type":"post","link":"https:\/\/radioleinewelle.de\/index.php\/2020\/09\/18\/deutscher-engagementpreis-2020-landkreis-unterstuetzt-abstimmung-zum-publikumspreis\/","title":{"rendered":"Deutscher Engagementpreis 2020 Landkreis unterst\u00fctzt Abstimmung zum Publikumspreis"},"content":{"rendered":"<div class=\"page\" title=\"Page 1\">\n<div class=\"layoutArea\">\n<div class=\"column\">\n<p>Der Deutsche Engagementpreis wird seit 2009 j\u00e4hrlich an herausragend engagierte Menschen, Initiativen und Organisationen vergeben. Im laufenden Jahr sind 383 Menschen und Organisationen nominiert. Mit dem F\u00f6rderverein f\u00fcr das Palliativzentrum der Universit\u00e4tsmedizin G\u00f6ttingen e.V ist darunter auch ein Verein aus dem Landkreis G\u00f6ttingen. Im vergangenen Jahr wurde dieser F\u00f6rderverein mit dem Initiativpreis der Litfin-Stiftung ausgezeichnet.<\/p>\n<p>Eine Fachjury ermittelt die Preistr\u00e4gerinnen und Preistr\u00e4ger f\u00fcr den Deutschen Engagementpreis in f\u00fcnf Kategorien. Zus\u00e4tzlich haben alle anderen Nominierten die Chance auf einen mit 10.000 Euro dotierten Publikumspreis. Diese \u00f6ffentliche Abstimmung findet bis zum 27.10.2020 statt, direkt auf der Internet-Seite www.deutscher-engagementpreis.de<\/p>\n<\/div>\n<\/div>\n<\/div>\n","protected":false},"excerpt":{"rendered":"<p>Der Deutsche Engagementpreis wird seit 2009 j\u00e4hrlich an herausragend engagierte Menschen, Initiativen und Organisationen vergeben. Im laufenden Jahr sind 383 Menschen und Organisationen nominiert. Mit dem F\u00f6rderverein f\u00fcr das Palliativzentrum der Universit\u00e4tsmedizin G\u00f6ttingen e.V ist darunter auch ein Verein aus dem Landkreis G\u00f6ttingen. Im vergangenen Jahr wurde dieser F\u00f6rderverein mit dem Initiativpreis der Litfin-Stiftung ausgezeichnet. [&hellip;]<\/p>\n","protected":false},"author":1,"featured_media":0,"comment_status":"closed","ping_status":"closed","sticky":false,"template":"","format":"standard","meta":{"saved_in_kubio":false,"footnotes":""},"categories":[1],"tags":[],"class_list":["post-1704","post","type-post","status-publish","format-standard","hentry","category-allgemein"],"yoast_head":"<!-- This site is optimized with the Yoast SEO plugin v27.5 - https:\/\/yoast.com\/product\/yoast-seo-wordpress\/ -->\n<title>Deutscher Engagementpreis 2020 Landkreis unterst\u00fctzt Abstimmung zum Publikumspreis - Radio Leinewelle<\/title>\n<meta name=\"robots\" content=\"index, follow, max-snippet:-1, max-image-preview:large, max-video-preview:-1\" \/>\n<link rel=\"canonical\" href=\"https:\/\/radioleinewelle.de\/index.php\/2020\/09\/18\/deutscher-engagementpreis-2020-landkreis-unterstuetzt-abstimmung-zum-publikumspreis\/\" \/>\n<meta property=\"og:locale\" content=\"de_DE\" \/>\n<meta property=\"og:type\" content=\"article\" \/>\n<meta property=\"og:title\" content=\"Deutscher Engagementpreis 2020 Landkreis unterst\u00fctzt Abstimmung zum Publikumspreis - Radio Leinewelle\" \/>\n<meta property=\"og:description\" content=\"Der Deutsche Engagementpreis wird seit 2009 j\u00e4hrlich an herausragend engagierte Menschen, Initiativen und Organisationen vergeben. Im laufenden Jahr sind 383 Menschen und Organisationen nominiert. Mit dem F\u00f6rderverein f\u00fcr das Palliativzentrum der Universit\u00e4tsmedizin G\u00f6ttingen e.V ist darunter auch ein Verein aus dem Landkreis G\u00f6ttingen. Im vergangenen Jahr wurde dieser F\u00f6rderverein mit dem Initiativpreis der Litfin-Stiftung ausgezeichnet. [&hellip;]\" \/>\n<meta property=\"og:url\" content=\"https:\/\/radioleinewelle.de\/index.php\/2020\/09\/18\/deutscher-engagementpreis-2020-landkreis-unterstuetzt-abstimmung-zum-publikumspreis\/\" \/>\n<meta property=\"og:site_name\" content=\"Radio Leinewelle\" \/>\n<meta property=\"article:publisher\" content=\"https:\/\/www.facebook.com\/radioleinewelle\" \/>\n<meta property=\"article:author\" content=\"https:\/\/www.facebook.com\/radioleinewelle\" \/>\n<meta property=\"article:published_time\" content=\"2020-09-18T02:53:47+00:00\" \/>\n<meta name=\"author\" content=\"Leinewelle\" \/>\n<meta name=\"twitter:card\" content=\"summary_large_image\" \/>\n<meta name=\"twitter:creator\" content=\"@https:\/\/twitter.com\/RLeinewelle?ref_src=twsrcgoogletwcampserptwgrauthor\" \/>\n<meta name=\"twitter:site\" content=\"@RLeinewelle\" \/>\n<meta name=\"twitter:label1\" content=\"Verfasst von\" \/>\n\t<meta name=\"twitter:data1\" content=\"Leinewelle\" \/>\n\t<meta name=\"twitter:label2\" content=\"Gesch\u00e4tzte Lesezeit\" \/>\n\t<meta name=\"twitter:data2\" content=\"1\u00a0Minute\" \/>\n<script type=\"application\/ld+json\" class=\"yoast-schema-graph\">{\"@context\":\"https:\\\/\\\/schema.org\",\"@graph\":[{\"@type\":\"Article\",\"@id\":\"https:\\\/\\\/radioleinewelle.de\\\/index.php\\\/2020\\\/09\\\/18\\\/deutscher-engagementpreis-2020-landkreis-unterstuetzt-abstimmung-zum-publikumspreis\\\/#article\",\"isPartOf\":{\"@id\":\"https:\\\/\\\/radioleinewelle.de\\\/index.php\\\/2020\\\/09\\\/18\\\/deutscher-engagementpreis-2020-landkreis-unterstuetzt-abstimmung-zum-publikumspreis\\\/\"},\"author\":{\"name\":\"Leinewelle\",\"@id\":\"https:\\\/\\\/radioleinewelle.de\\\/#\\\/schema\\\/person\\\/45606f348637df637192dc1b68399a63\"},\"headline\":\"Deutscher Engagementpreis 2020 Landkreis unterst\u00fctzt Abstimmung zum Publikumspreis\",\"datePublished\":\"2020-09-18T02:53:47+00:00\",\"mainEntityOfPage\":{\"@id\":\"https:\\\/\\\/radioleinewelle.de\\\/index.php\\\/2020\\\/09\\\/18\\\/deutscher-engagementpreis-2020-landkreis-unterstuetzt-abstimmung-zum-publikumspreis\\\/\"},\"wordCount\":115,\"publisher\":{\"@id\":\"https:\\\/\\\/radioleinewelle.de\\\/#organization\"},\"inLanguage\":\"de\"},{\"@type\":\"WebPage\",\"@id\":\"https:\\\/\\\/radioleinewelle.de\\\/index.php\\\/2020\\\/09\\\/18\\\/deutscher-engagementpreis-2020-landkreis-unterstuetzt-abstimmung-zum-publikumspreis\\\/\",\"url\":\"https:\\\/\\\/radioleinewelle.de\\\/index.php\\\/2020\\\/09\\\/18\\\/deutscher-engagementpreis-2020-landkreis-unterstuetzt-abstimmung-zum-publikumspreis\\\/\",\"name\":\"Deutscher Engagementpreis 2020 Landkreis unterst\u00fctzt Abstimmung zum Publikumspreis - Radio Leinewelle\",\"isPartOf\":{\"@id\":\"https:\\\/\\\/radioleinewelle.de\\\/#website\"},\"datePublished\":\"2020-09-18T02:53:47+00:00\",\"breadcrumb\":{\"@id\":\"https:\\\/\\\/radioleinewelle.de\\\/index.php\\\/2020\\\/09\\\/18\\\/deutscher-engagementpreis-2020-landkreis-unterstuetzt-abstimmung-zum-publikumspreis\\\/#breadcrumb\"},\"inLanguage\":\"de\",\"potentialAction\":[{\"@type\":\"ReadAction\",\"target\":[\"https:\\\/\\\/radioleinewelle.de\\\/index.php\\\/2020\\\/09\\\/18\\\/deutscher-engagementpreis-2020-landkreis-unterstuetzt-abstimmung-zum-publikumspreis\\\/\"]}]},{\"@type\":\"BreadcrumbList\",\"@id\":\"https:\\\/\\\/radioleinewelle.de\\\/index.php\\\/2020\\\/09\\\/18\\\/deutscher-engagementpreis-2020-landkreis-unterstuetzt-abstimmung-zum-publikumspreis\\\/#breadcrumb\",\"itemListElement\":[{\"@type\":\"ListItem\",\"position\":1,\"name\":\"Startseite\",\"item\":\"https:\\\/\\\/radioleinewelle.de\\\/\"},{\"@type\":\"ListItem\",\"position\":2,\"name\":\"Deutscher Engagementpreis 2020 Landkreis unterst\u00fctzt Abstimmung zum Publikumspreis\"}]},{\"@type\":\"WebSite\",\"@id\":\"https:\\\/\\\/radioleinewelle.de\\\/#website\",\"url\":\"https:\\\/\\\/radioleinewelle.de\\\/\",\"name\":\"Radio Leinewelle\",\"description\":\"\",\"publisher\":{\"@id\":\"https:\\\/\\\/radioleinewelle.de\\\/#organization\"},\"potentialAction\":[{\"@type\":\"SearchAction\",\"target\":{\"@type\":\"EntryPoint\",\"urlTemplate\":\"https:\\\/\\\/radioleinewelle.de\\\/?s={search_term_string}\"},\"query-input\":{\"@type\":\"PropertyValueSpecification\",\"valueRequired\":true,\"valueName\":\"search_term_string\"}}],\"inLanguage\":\"de\"},{\"@type\":\"Organization\",\"@id\":\"https:\\\/\\\/radioleinewelle.de\\\/#organization\",\"name\":\"Radio Leinewelle\",\"alternateName\":\"Mein Radio f\u00fcr S\u00fcdniedersachsen\",\"url\":\"https:\\\/\\\/radioleinewelle.de\\\/\",\"logo\":{\"@type\":\"ImageObject\",\"inLanguage\":\"de\",\"@id\":\"https:\\\/\\\/radioleinewelle.de\\\/#\\\/schema\\\/logo\\\/image\\\/\",\"url\":\"https:\\\/\\\/radioleinewelle.de\\\/wp-content\\\/uploads\\\/2023\\\/11\\\/cropped-Leinewelle_Logo_weiss.png\",\"contentUrl\":\"https:\\\/\\\/radioleinewelle.de\\\/wp-content\\\/uploads\\\/2023\\\/11\\\/cropped-Leinewelle_Logo_weiss.png\",\"width\":854,\"height\":260,\"caption\":\"Radio Leinewelle\"},\"image\":{\"@id\":\"https:\\\/\\\/radioleinewelle.de\\\/#\\\/schema\\\/logo\\\/image\\\/\"},\"sameAs\":[\"https:\\\/\\\/www.facebook.com\\\/radioleinewelle\",\"https:\\\/\\\/x.com\\\/RLeinewelle\",\"https:\\\/\\\/www.instagram.com\\\/radioleinewelle\\\/?hl=de\"]},{\"@type\":\"Person\",\"@id\":\"https:\\\/\\\/radioleinewelle.de\\\/#\\\/schema\\\/person\\\/45606f348637df637192dc1b68399a63\",\"name\":\"Leinewelle\",\"image\":{\"@type\":\"ImageObject\",\"inLanguage\":\"de\",\"@id\":\"https:\\\/\\\/secure.gravatar.com\\\/avatar\\\/05c9a17bc973052ee5d91549bd32fb4dd0dc85b7b85ae94b2e2b4943476bbea5?s=96&d=blank&r=g\",\"url\":\"https:\\\/\\\/secure.gravatar.com\\\/avatar\\\/05c9a17bc973052ee5d91549bd32fb4dd0dc85b7b85ae94b2e2b4943476bbea5?s=96&d=blank&r=g\",\"contentUrl\":\"https:\\\/\\\/secure.gravatar.com\\\/avatar\\\/05c9a17bc973052ee5d91549bd32fb4dd0dc85b7b85ae94b2e2b4943476bbea5?s=96&d=blank&r=g\",\"caption\":\"Leinewelle\"},\"sameAs\":[\"http:\\\/\\\/localhost\\\/radio%20leinewelle\\\/wordpress\",\"https:\\\/\\\/www.facebook.com\\\/radioleinewelle\",\"https:\\\/\\\/www.instagram.com\\\/radioleinewelle\",\"https:\\\/\\\/x.com\\\/https:\\\/\\\/twitter.com\\\/RLeinewelle?ref_src=twsrcgoogletwcampserptwgrauthor\",\"https:\\\/\\\/soundcloud.com\\\/foerderverein-lokalradio?utm_source=clipboard&utm_medium=text&utm_campaign=social_sharing\"],\"url\":\"https:\\\/\\\/radioleinewelle.de\\\/index.php\\\/author\\\/leinewelle\\\/\"}]}<\/script>\n<!-- \/ Yoast SEO plugin. -->","yoast_head_json":{"title":"Deutscher Engagementpreis 2020 Landkreis unterst\u00fctzt Abstimmung zum Publikumspreis - Radio Leinewelle","robots":{"index":"index","follow":"follow","max-snippet":"max-snippet:-1","max-image-preview":"max-image-preview:large","max-video-preview":"max-video-preview:-1"},"canonical":"https:\/\/radioleinewelle.de\/index.php\/2020\/09\/18\/deutscher-engagementpreis-2020-landkreis-unterstuetzt-abstimmung-zum-publikumspreis\/","og_locale":"de_DE","og_type":"article","og_title":"Deutscher Engagementpreis 2020 Landkreis unterst\u00fctzt Abstimmung zum Publikumspreis - Radio Leinewelle","og_description":"Der Deutsche Engagementpreis wird seit 2009 j\u00e4hrlich an herausragend engagierte Menschen, Initiativen und Organisationen vergeben. Im laufenden Jahr sind 383 Menschen und Organisationen nominiert. Mit dem F\u00f6rderverein f\u00fcr das Palliativzentrum der Universit\u00e4tsmedizin G\u00f6ttingen e.V ist darunter auch ein Verein aus dem Landkreis G\u00f6ttingen. Im vergangenen Jahr wurde dieser F\u00f6rderverein mit dem Initiativpreis der Litfin-Stiftung ausgezeichnet. [&hellip;]","og_url":"https:\/\/radioleinewelle.de\/index.php\/2020\/09\/18\/deutscher-engagementpreis-2020-landkreis-unterstuetzt-abstimmung-zum-publikumspreis\/","og_site_name":"Radio Leinewelle","article_publisher":"https:\/\/www.facebook.com\/radioleinewelle","article_author":"https:\/\/www.facebook.com\/radioleinewelle","article_published_time":"2020-09-18T02:53:47+00:00","author":"Leinewelle","twitter_card":"summary_large_image","twitter_creator":"@https:\/\/twitter.com\/RLeinewelle?ref_src=twsrcgoogletwcampserptwgrauthor","twitter_site":"@RLeinewelle","twitter_misc":{"Verfasst von":"Leinewelle","Gesch\u00e4tzte Lesezeit":"1\u00a0Minute"},"schema":{"@context":"https:\/\/schema.org","@graph":[{"@type":"Article","@id":"https:\/\/radioleinewelle.de\/index.php\/2020\/09\/18\/deutscher-engagementpreis-2020-landkreis-unterstuetzt-abstimmung-zum-publikumspreis\/#article","isPartOf":{"@id":"https:\/\/radioleinewelle.de\/index.php\/2020\/09\/18\/deutscher-engagementpreis-2020-landkreis-unterstuetzt-abstimmung-zum-publikumspreis\/"},"author":{"name":"Leinewelle","@id":"https:\/\/radioleinewelle.de\/#\/schema\/person\/45606f348637df637192dc1b68399a63"},"headline":"Deutscher Engagementpreis 2020 Landkreis unterst\u00fctzt Abstimmung zum Publikumspreis","datePublished":"2020-09-18T02:53:47+00:00","mainEntityOfPage":{"@id":"https:\/\/radioleinewelle.de\/index.php\/2020\/09\/18\/deutscher-engagementpreis-2020-landkreis-unterstuetzt-abstimmung-zum-publikumspreis\/"},"wordCount":115,"publisher":{"@id":"https:\/\/radioleinewelle.de\/#organization"},"inLanguage":"de"},{"@type":"WebPage","@id":"https:\/\/radioleinewelle.de\/index.php\/2020\/09\/18\/deutscher-engagementpreis-2020-landkreis-unterstuetzt-abstimmung-zum-publikumspreis\/","url":"https:\/\/radioleinewelle.de\/index.php\/2020\/09\/18\/deutscher-engagementpreis-2020-landkreis-unterstuetzt-abstimmung-zum-publikumspreis\/","name":"Deutscher Engagementpreis 2020 Landkreis unterst\u00fctzt Abstimmung zum Publikumspreis - Radio Leinewelle","isPartOf":{"@id":"https:\/\/radioleinewelle.de\/#website"},"datePublished":"2020-09-18T02:53:47+00:00","breadcrumb":{"@id":"https:\/\/radioleinewelle.de\/index.php\/2020\/09\/18\/deutscher-engagementpreis-2020-landkreis-unterstuetzt-abstimmung-zum-publikumspreis\/#breadcrumb"},"inLanguage":"de","potentialAction":[{"@type":"ReadAction","target":["https:\/\/radioleinewelle.de\/index.php\/2020\/09\/18\/deutscher-engagementpreis-2020-landkreis-unterstuetzt-abstimmung-zum-publikumspreis\/"]}]},{"@type":"BreadcrumbList","@id":"https:\/\/radioleinewelle.de\/index.php\/2020\/09\/18\/deutscher-engagementpreis-2020-landkreis-unterstuetzt-abstimmung-zum-publikumspreis\/#breadcrumb","itemListElement":[{"@type":"ListItem","position":1,"name":"Startseite","item":"https:\/\/radioleinewelle.de\/"},{"@type":"ListItem","position":2,"name":"Deutscher Engagementpreis 2020 Landkreis unterst\u00fctzt Abstimmung zum Publikumspreis"}]},{"@type":"WebSite","@id":"https:\/\/radioleinewelle.de\/#website","url":"https:\/\/radioleinewelle.de\/","name":"Radio Leinewelle","description":"","publisher":{"@id":"https:\/\/radioleinewelle.de\/#organization"},"potentialAction":[{"@type":"SearchAction","target":{"@type":"EntryPoint","urlTemplate":"https:\/\/radioleinewelle.de\/?s={search_term_string}"},"query-input":{"@type":"PropertyValueSpecification","valueRequired":true,"valueName":"search_term_string"}}],"inLanguage":"de"},{"@type":"Organization","@id":"https:\/\/radioleinewelle.de\/#organization","name":"Radio Leinewelle","alternateName":"Mein Radio f\u00fcr S\u00fcdniedersachsen","url":"https:\/\/radioleinewelle.de\/","logo":{"@type":"ImageObject","inLanguage":"de","@id":"https:\/\/radioleinewelle.de\/#\/schema\/logo\/image\/","url":"https:\/\/radioleinewelle.de\/wp-content\/uploads\/2023\/11\/cropped-Leinewelle_Logo_weiss.png","contentUrl":"https:\/\/radioleinewelle.de\/wp-content\/uploads\/2023\/11\/cropped-Leinewelle_Logo_weiss.png","width":854,"height":260,"caption":"Radio Leinewelle"},"image":{"@id":"https:\/\/radioleinewelle.de\/#\/schema\/logo\/image\/"},"sameAs":["https:\/\/www.facebook.com\/radioleinewelle","https:\/\/x.com\/RLeinewelle","https:\/\/www.instagram.com\/radioleinewelle\/?hl=de"]},{"@type":"Person","@id":"https:\/\/radioleinewelle.de\/#\/schema\/person\/45606f348637df637192dc1b68399a63","name":"Leinewelle","image":{"@type":"ImageObject","inLanguage":"de","@id":"https:\/\/secure.gravatar.com\/avatar\/05c9a17bc973052ee5d91549bd32fb4dd0dc85b7b85ae94b2e2b4943476bbea5?s=96&d=blank&r=g","url":"https:\/\/secure.gravatar.com\/avatar\/05c9a17bc973052ee5d91549bd32fb4dd0dc85b7b85ae94b2e2b4943476bbea5?s=96&d=blank&r=g","contentUrl":"https:\/\/secure.gravatar.com\/avatar\/05c9a17bc973052ee5d91549bd32fb4dd0dc85b7b85ae94b2e2b4943476bbea5?s=96&d=blank&r=g","caption":"Leinewelle"},"sameAs":["http:\/\/localhost\/radio%20leinewelle\/wordpress","https:\/\/www.facebook.com\/radioleinewelle","https:\/\/www.instagram.com\/radioleinewelle","https:\/\/x.com\/https:\/\/twitter.com\/RLeinewelle?ref_src=twsrcgoogletwcampserptwgrauthor","https:\/\/soundcloud.com\/foerderverein-lokalradio?utm_source=clipboard&utm_medium=text&utm_campaign=social_sharing"],"url":"https:\/\/radioleinewelle.de\/index.php\/author\/leinewelle\/"}]}},"_links":{"self":[{"href":"https:\/\/radioleinewelle.de\/index.php\/wp-json\/wp\/v2\/posts\/1704","targetHints":{"allow":["GET"]}}],"collection":[{"href":"https:\/\/radioleinewelle.de\/index.php\/wp-json\/wp\/v2\/posts"}],"about":[{"href":"https:\/\/radioleinewelle.de\/index.php\/wp-json\/wp\/v2\/types\/post"}],"author":[{"embeddable":true,"href":"https:\/\/radioleinewelle.de\/index.php\/wp-json\/wp\/v2\/users\/1"}],"replies":[{"embeddable":true,"href":"https:\/\/radioleinewelle.de\/index.php\/wp-json\/wp\/v2\/comments?post=1704"}],"version-history":[{"count":0,"href":"https:\/\/radioleinewelle.de\/index.php\/wp-json\/wp\/v2\/posts\/1704\/revisions"}],"wp:attachment":[{"href":"https:\/\/radioleinewelle.de\/index.php\/wp-json\/wp\/v2\/media?parent=1704"}],"wp:term":[{"taxonomy":"category","embeddable":true,"href":"https:\/\/radioleinewelle.de\/index.php\/wp-json\/wp\/v2\/categories?post=1704"},{"taxonomy":"post_tag","embeddable":true,"href":"https:\/\/radioleinewelle.de\/index.php\/wp-json\/wp\/v2\/tags?post=1704"}],"curies":[{"name":"wp","href":"https:\/\/api.w.org\/{rel}","templated":true}]}}