{"id":17079,"date":"2022-12-07T04:55:00","date_gmt":"2022-12-07T03:55:00","guid":{"rendered":"https:\/\/radioleinewelle.de\/?p=17079"},"modified":"2022-12-07T04:55:00","modified_gmt":"2022-12-07T03:55:00","slug":"die-strasse-ist-fuer-alle-da-buergerinnen-planen-ihre-stadt","status":"publish","type":"post","link":"https:\/\/radioleinewelle.de\/index.php\/2022\/12\/07\/die-strasse-ist-fuer-alle-da-buergerinnen-planen-ihre-stadt\/","title":{"rendered":"&#8222;Die Stra\u00dfe ist f\u00fcr alle da&#8220; &#8211; B\u00fcrger:innen planen ihre Stadt"},"content":{"rendered":"\n<p>Ein neues Beteiligungsformat bei Planungsentscheidungen wurde gestern von der Stadt G\u00f6ttingen pr\u00e4sentiert. Ein sogenanntes Zukunftsforum, bestehend aus 30 zuf\u00e4llig ausgew\u00e4hlten B\u00fcrger:innen soll den B\u00fcrgerwillen mit in die st\u00e4dtische Planung mit einbringen. Als Start hat man sich mit der Neuplanung der Weender Stra\u00dfe ein ambitioniertes Ziel gesetzt. An vier Samstagen ab Ende Februar soll \u00fcber die Frage &#8222;Die Stra\u00dfe ist f\u00fcr alle das &#8211; Wie lassen sich Hauptverkehrsstra\u00dfen sinnvoll umgestalten?&#8220; diskutiert werden. Unterst\u00fctzt wird das Projekt vom renommierten Nexus Institut aus Berlin. Nexus verf\u00fcgt \u00fcber langj\u00e4hrige wissenschaftliche und praktische Expertise auf diesem Gebiet. F\u00fcr Maik Lindemann vom Fachbereich Bauordnung und Vermessung ist klar, dass die G\u00f6ttinger Einfallstrassen \u00fcber gravierende st\u00e4dtebauliche Defizite und eingeschr\u00e4nkte Stra\u00dfenraumqualit\u00e4ten verf\u00fcgen. Der hohe Verbesserungsbedarf beinhaltet auch sicherheitstechnische Aspekte und eine Verbesserung des baulichen Zustands. Viel Arbeit also f\u00fcr das Zukunftsforum. Die Zufallsauswahl von 1000 potentiellen Teilnehmer:innen, von denen sich erfahrungsgem\u00e4\u00df nur ein Bruchteil zur Mitarbeit bereit erkl\u00e4ren, gew\u00e4hrleistet einen repr\u00e4sentativen Querschnitt der Bev\u00f6lkerung. Unterst\u00fctzt wird das Zukunftsforum bei der Erarbeitung von L\u00f6sungsans\u00e4tzen durch ein Team von Fachleuten. Je h\u00f6her die Beteiligungskultur, desto diverser die Bev\u00f6lkerungsbeteiligung, so die Erfahrung von Dr. Christine von Blankenburg vom Nexus Institut.<\/p>\n\n\n\n<p>Man darf gespannt sein, wie dieses Projekt die unterschiedlichen Anforderungen an eine verkehrs- und klimagerechte Stadt in konkrete Handlungsempfehlungen umsetzten wird.<\/p>\n\n\n\n<p><strong>Literaturtipp:<\/strong> K.Liesenberg &amp; L.Strothmann: Wir holen euch ab! <em>oekom Verlag<\/em><\/p>\n\n\n\n<p><strong>Foto:<\/strong> \u00a9Radio Leinewelle (ue)<\/p>\n","protected":false},"excerpt":{"rendered":"<p>Ein neues Beteiligungsformat bei Planungsentscheidungen wurde gestern von der Stadt G\u00f6ttingen pr\u00e4sentiert. Ein sogenanntes Zukunftsforum, bestehend aus 30 zuf\u00e4llig ausgew\u00e4hlten B\u00fcrger:innen soll den B\u00fcrgerwillen mit in die st\u00e4dtische Planung mit einbringen. Als Start hat man sich mit der Neuplanung der Weender Stra\u00dfe ein ambitioniertes Ziel gesetzt. An vier Samstagen ab Ende Februar soll \u00fcber die [&hellip;]<\/p>\n","protected":false},"author":1,"featured_media":17080,"comment_status":"closed","ping_status":"closed","sticky":false,"template":"","format":"standard","meta":{"saved_in_kubio":false,"footnotes":""},"categories":[31],"tags":[],"class_list":["post-17079","post","type-post","status-publish","format-standard","has-post-thumbnail","hentry","category-bauen-verkehr"],"yoast_head":"<!-- This site is optimized with the Yoast SEO plugin v27.5 - https:\/\/yoast.com\/product\/yoast-seo-wordpress\/ -->\n<title>&quot;Die Stra\u00dfe ist f\u00fcr alle da&quot; - B\u00fcrger:innen planen ihre Stadt - Radio Leinewelle<\/title>\n<meta name=\"robots\" content=\"index, follow, max-snippet:-1, max-image-preview:large, max-video-preview:-1\" \/>\n<link rel=\"canonical\" href=\"https:\/\/radioleinewelle.de\/index.php\/2022\/12\/07\/die-strasse-ist-fuer-alle-da-buergerinnen-planen-ihre-stadt\/\" \/>\n<meta property=\"og:locale\" content=\"de_DE\" \/>\n<meta property=\"og:type\" content=\"article\" \/>\n<meta property=\"og:title\" content=\"&quot;Die Stra\u00dfe ist f\u00fcr alle da&quot; - B\u00fcrger:innen planen ihre Stadt - Radio Leinewelle\" \/>\n<meta property=\"og:description\" content=\"Ein neues Beteiligungsformat bei Planungsentscheidungen wurde gestern von der Stadt G\u00f6ttingen pr\u00e4sentiert. Ein sogenanntes Zukunftsforum, bestehend aus 30 zuf\u00e4llig ausgew\u00e4hlten B\u00fcrger:innen soll den B\u00fcrgerwillen mit in die st\u00e4dtische Planung mit einbringen. Als Start hat man sich mit der Neuplanung der Weender Stra\u00dfe ein ambitioniertes Ziel gesetzt. An vier Samstagen ab Ende Februar soll \u00fcber die [&hellip;]\" \/>\n<meta property=\"og:url\" content=\"https:\/\/radioleinewelle.de\/index.php\/2022\/12\/07\/die-strasse-ist-fuer-alle-da-buergerinnen-planen-ihre-stadt\/\" \/>\n<meta property=\"og:site_name\" content=\"Radio Leinewelle\" \/>\n<meta property=\"article:publisher\" content=\"https:\/\/www.facebook.com\/radioleinewelle\" \/>\n<meta property=\"article:author\" content=\"https:\/\/www.facebook.com\/radioleinewelle\" \/>\n<meta property=\"article:published_time\" content=\"2022-12-07T03:55:00+00:00\" \/>\n<meta property=\"og:image\" content=\"https:\/\/radioleinewelle.de\/wp-content\/uploads\/2022\/12\/Zukunftsforum-Goettingen-e1670355120981.jpg\" \/>\n\t<meta property=\"og:image:width\" content=\"1557\" \/>\n\t<meta property=\"og:image:height\" content=\"1189\" \/>\n\t<meta property=\"og:image:type\" content=\"image\/jpeg\" \/>\n<meta name=\"author\" content=\"Leinewelle\" \/>\n<meta name=\"twitter:card\" content=\"summary_large_image\" \/>\n<meta name=\"twitter:creator\" content=\"@https:\/\/twitter.com\/RLeinewelle?ref_src=twsrcgoogletwcampserptwgrauthor\" \/>\n<meta name=\"twitter:site\" content=\"@RLeinewelle\" \/>\n<meta name=\"twitter:label1\" content=\"Verfasst von\" \/>\n\t<meta name=\"twitter:data1\" content=\"Leinewelle\" \/>\n\t<meta name=\"twitter:label2\" content=\"Gesch\u00e4tzte Lesezeit\" \/>\n\t<meta name=\"twitter:data2\" content=\"2\u00a0Minuten\" \/>\n<script type=\"application\/ld+json\" class=\"yoast-schema-graph\">{\"@context\":\"https:\\\/\\\/schema.org\",\"@graph\":[{\"@type\":\"Article\",\"@id\":\"https:\\\/\\\/radioleinewelle.de\\\/index.php\\\/2022\\\/12\\\/07\\\/die-strasse-ist-fuer-alle-da-buergerinnen-planen-ihre-stadt\\\/#article\",\"isPartOf\":{\"@id\":\"https:\\\/\\\/radioleinewelle.de\\\/index.php\\\/2022\\\/12\\\/07\\\/die-strasse-ist-fuer-alle-da-buergerinnen-planen-ihre-stadt\\\/\"},\"author\":{\"name\":\"Leinewelle\",\"@id\":\"https:\\\/\\\/radioleinewelle.de\\\/#\\\/schema\\\/person\\\/45606f348637df637192dc1b68399a63\"},\"headline\":\"&#8222;Die Stra\u00dfe ist f\u00fcr alle da&#8220; &#8211; B\u00fcrger:innen planen ihre Stadt\",\"datePublished\":\"2022-12-07T03:55:00+00:00\",\"mainEntityOfPage\":{\"@id\":\"https:\\\/\\\/radioleinewelle.de\\\/index.php\\\/2022\\\/12\\\/07\\\/die-strasse-ist-fuer-alle-da-buergerinnen-planen-ihre-stadt\\\/\"},\"wordCount\":272,\"publisher\":{\"@id\":\"https:\\\/\\\/radioleinewelle.de\\\/#organization\"},\"image\":{\"@id\":\"https:\\\/\\\/radioleinewelle.de\\\/index.php\\\/2022\\\/12\\\/07\\\/die-strasse-ist-fuer-alle-da-buergerinnen-planen-ihre-stadt\\\/#primaryimage\"},\"thumbnailUrl\":\"https:\\\/\\\/radioleinewelle.de\\\/wp-content\\\/uploads\\\/2022\\\/12\\\/Zukunftsforum-Goettingen-e1670355120981.jpg\",\"articleSection\":[\"Bauen &amp; Verkehr\"],\"inLanguage\":\"de\"},{\"@type\":\"WebPage\",\"@id\":\"https:\\\/\\\/radioleinewelle.de\\\/index.php\\\/2022\\\/12\\\/07\\\/die-strasse-ist-fuer-alle-da-buergerinnen-planen-ihre-stadt\\\/\",\"url\":\"https:\\\/\\\/radioleinewelle.de\\\/index.php\\\/2022\\\/12\\\/07\\\/die-strasse-ist-fuer-alle-da-buergerinnen-planen-ihre-stadt\\\/\",\"name\":\"\\\"Die Stra\u00dfe ist f\u00fcr alle da\\\" - B\u00fcrger:innen planen ihre Stadt - Radio Leinewelle\",\"isPartOf\":{\"@id\":\"https:\\\/\\\/radioleinewelle.de\\\/#website\"},\"primaryImageOfPage\":{\"@id\":\"https:\\\/\\\/radioleinewelle.de\\\/index.php\\\/2022\\\/12\\\/07\\\/die-strasse-ist-fuer-alle-da-buergerinnen-planen-ihre-stadt\\\/#primaryimage\"},\"image\":{\"@id\":\"https:\\\/\\\/radioleinewelle.de\\\/index.php\\\/2022\\\/12\\\/07\\\/die-strasse-ist-fuer-alle-da-buergerinnen-planen-ihre-stadt\\\/#primaryimage\"},\"thumbnailUrl\":\"https:\\\/\\\/radioleinewelle.de\\\/wp-content\\\/uploads\\\/2022\\\/12\\\/Zukunftsforum-Goettingen-e1670355120981.jpg\",\"datePublished\":\"2022-12-07T03:55:00+00:00\",\"breadcrumb\":{\"@id\":\"https:\\\/\\\/radioleinewelle.de\\\/index.php\\\/2022\\\/12\\\/07\\\/die-strasse-ist-fuer-alle-da-buergerinnen-planen-ihre-stadt\\\/#breadcrumb\"},\"inLanguage\":\"de\",\"potentialAction\":[{\"@type\":\"ReadAction\",\"target\":[\"https:\\\/\\\/radioleinewelle.de\\\/index.php\\\/2022\\\/12\\\/07\\\/die-strasse-ist-fuer-alle-da-buergerinnen-planen-ihre-stadt\\\/\"]}]},{\"@type\":\"ImageObject\",\"inLanguage\":\"de\",\"@id\":\"https:\\\/\\\/radioleinewelle.de\\\/index.php\\\/2022\\\/12\\\/07\\\/die-strasse-ist-fuer-alle-da-buergerinnen-planen-ihre-stadt\\\/#primaryimage\",\"url\":\"https:\\\/\\\/radioleinewelle.de\\\/wp-content\\\/uploads\\\/2022\\\/12\\\/Zukunftsforum-Goettingen-e1670355120981.jpg\",\"contentUrl\":\"https:\\\/\\\/radioleinewelle.de\\\/wp-content\\\/uploads\\\/2022\\\/12\\\/Zukunftsforum-Goettingen-e1670355120981.jpg\",\"width\":1557,\"height\":1189},{\"@type\":\"BreadcrumbList\",\"@id\":\"https:\\\/\\\/radioleinewelle.de\\\/index.php\\\/2022\\\/12\\\/07\\\/die-strasse-ist-fuer-alle-da-buergerinnen-planen-ihre-stadt\\\/#breadcrumb\",\"itemListElement\":[{\"@type\":\"ListItem\",\"position\":1,\"name\":\"Startseite\",\"item\":\"https:\\\/\\\/radioleinewelle.de\\\/\"},{\"@type\":\"ListItem\",\"position\":2,\"name\":\"&#8222;Die Stra\u00dfe ist f\u00fcr alle da&#8220; &#8211; B\u00fcrger:innen planen ihre Stadt\"}]},{\"@type\":\"WebSite\",\"@id\":\"https:\\\/\\\/radioleinewelle.de\\\/#website\",\"url\":\"https:\\\/\\\/radioleinewelle.de\\\/\",\"name\":\"Radio Leinewelle\",\"description\":\"\",\"publisher\":{\"@id\":\"https:\\\/\\\/radioleinewelle.de\\\/#organization\"},\"potentialAction\":[{\"@type\":\"SearchAction\",\"target\":{\"@type\":\"EntryPoint\",\"urlTemplate\":\"https:\\\/\\\/radioleinewelle.de\\\/?s={search_term_string}\"},\"query-input\":{\"@type\":\"PropertyValueSpecification\",\"valueRequired\":true,\"valueName\":\"search_term_string\"}}],\"inLanguage\":\"de\"},{\"@type\":\"Organization\",\"@id\":\"https:\\\/\\\/radioleinewelle.de\\\/#organization\",\"name\":\"Radio Leinewelle\",\"alternateName\":\"Mein Radio f\u00fcr S\u00fcdniedersachsen\",\"url\":\"https:\\\/\\\/radioleinewelle.de\\\/\",\"logo\":{\"@type\":\"ImageObject\",\"inLanguage\":\"de\",\"@id\":\"https:\\\/\\\/radioleinewelle.de\\\/#\\\/schema\\\/logo\\\/image\\\/\",\"url\":\"https:\\\/\\\/radioleinewelle.de\\\/wp-content\\\/uploads\\\/2023\\\/11\\\/cropped-Leinewelle_Logo_weiss.png\",\"contentUrl\":\"https:\\\/\\\/radioleinewelle.de\\\/wp-content\\\/uploads\\\/2023\\\/11\\\/cropped-Leinewelle_Logo_weiss.png\",\"width\":854,\"height\":260,\"caption\":\"Radio Leinewelle\"},\"image\":{\"@id\":\"https:\\\/\\\/radioleinewelle.de\\\/#\\\/schema\\\/logo\\\/image\\\/\"},\"sameAs\":[\"https:\\\/\\\/www.facebook.com\\\/radioleinewelle\",\"https:\\\/\\\/x.com\\\/RLeinewelle\",\"https:\\\/\\\/www.instagram.com\\\/radioleinewelle\\\/?hl=de\"]},{\"@type\":\"Person\",\"@id\":\"https:\\\/\\\/radioleinewelle.de\\\/#\\\/schema\\\/person\\\/45606f348637df637192dc1b68399a63\",\"name\":\"Leinewelle\",\"image\":{\"@type\":\"ImageObject\",\"inLanguage\":\"de\",\"@id\":\"https:\\\/\\\/secure.gravatar.com\\\/avatar\\\/05c9a17bc973052ee5d91549bd32fb4dd0dc85b7b85ae94b2e2b4943476bbea5?s=96&d=blank&r=g\",\"url\":\"https:\\\/\\\/secure.gravatar.com\\\/avatar\\\/05c9a17bc973052ee5d91549bd32fb4dd0dc85b7b85ae94b2e2b4943476bbea5?s=96&d=blank&r=g\",\"contentUrl\":\"https:\\\/\\\/secure.gravatar.com\\\/avatar\\\/05c9a17bc973052ee5d91549bd32fb4dd0dc85b7b85ae94b2e2b4943476bbea5?s=96&d=blank&r=g\",\"caption\":\"Leinewelle\"},\"sameAs\":[\"http:\\\/\\\/localhost\\\/radio%20leinewelle\\\/wordpress\",\"https:\\\/\\\/www.facebook.com\\\/radioleinewelle\",\"https:\\\/\\\/www.instagram.com\\\/radioleinewelle\",\"https:\\\/\\\/x.com\\\/https:\\\/\\\/twitter.com\\\/RLeinewelle?ref_src=twsrcgoogletwcampserptwgrauthor\",\"https:\\\/\\\/soundcloud.com\\\/foerderverein-lokalradio?utm_source=clipboard&utm_medium=text&utm_campaign=social_sharing\"],\"url\":\"https:\\\/\\\/radioleinewelle.de\\\/index.php\\\/author\\\/leinewelle\\\/\"}]}<\/script>\n<!-- \/ Yoast SEO plugin. -->","yoast_head_json":{"title":"\"Die Stra\u00dfe ist f\u00fcr alle da\" - B\u00fcrger:innen planen ihre Stadt - Radio Leinewelle","robots":{"index":"index","follow":"follow","max-snippet":"max-snippet:-1","max-image-preview":"max-image-preview:large","max-video-preview":"max-video-preview:-1"},"canonical":"https:\/\/radioleinewelle.de\/index.php\/2022\/12\/07\/die-strasse-ist-fuer-alle-da-buergerinnen-planen-ihre-stadt\/","og_locale":"de_DE","og_type":"article","og_title":"\"Die Stra\u00dfe ist f\u00fcr alle da\" - B\u00fcrger:innen planen ihre Stadt - Radio Leinewelle","og_description":"Ein neues Beteiligungsformat bei Planungsentscheidungen wurde gestern von der Stadt G\u00f6ttingen pr\u00e4sentiert. Ein sogenanntes Zukunftsforum, bestehend aus 30 zuf\u00e4llig ausgew\u00e4hlten B\u00fcrger:innen soll den B\u00fcrgerwillen mit in die st\u00e4dtische Planung mit einbringen. Als Start hat man sich mit der Neuplanung der Weender Stra\u00dfe ein ambitioniertes Ziel gesetzt. An vier Samstagen ab Ende Februar soll \u00fcber die [&hellip;]","og_url":"https:\/\/radioleinewelle.de\/index.php\/2022\/12\/07\/die-strasse-ist-fuer-alle-da-buergerinnen-planen-ihre-stadt\/","og_site_name":"Radio Leinewelle","article_publisher":"https:\/\/www.facebook.com\/radioleinewelle","article_author":"https:\/\/www.facebook.com\/radioleinewelle","article_published_time":"2022-12-07T03:55:00+00:00","og_image":[{"width":1557,"height":1189,"url":"https:\/\/radioleinewelle.de\/wp-content\/uploads\/2022\/12\/Zukunftsforum-Goettingen-e1670355120981.jpg","type":"image\/jpeg"}],"author":"Leinewelle","twitter_card":"summary_large_image","twitter_creator":"@https:\/\/twitter.com\/RLeinewelle?ref_src=twsrcgoogletwcampserptwgrauthor","twitter_site":"@RLeinewelle","twitter_misc":{"Verfasst von":"Leinewelle","Gesch\u00e4tzte Lesezeit":"2\u00a0Minuten"},"schema":{"@context":"https:\/\/schema.org","@graph":[{"@type":"Article","@id":"https:\/\/radioleinewelle.de\/index.php\/2022\/12\/07\/die-strasse-ist-fuer-alle-da-buergerinnen-planen-ihre-stadt\/#article","isPartOf":{"@id":"https:\/\/radioleinewelle.de\/index.php\/2022\/12\/07\/die-strasse-ist-fuer-alle-da-buergerinnen-planen-ihre-stadt\/"},"author":{"name":"Leinewelle","@id":"https:\/\/radioleinewelle.de\/#\/schema\/person\/45606f348637df637192dc1b68399a63"},"headline":"&#8222;Die Stra\u00dfe ist f\u00fcr alle da&#8220; &#8211; B\u00fcrger:innen planen ihre Stadt","datePublished":"2022-12-07T03:55:00+00:00","mainEntityOfPage":{"@id":"https:\/\/radioleinewelle.de\/index.php\/2022\/12\/07\/die-strasse-ist-fuer-alle-da-buergerinnen-planen-ihre-stadt\/"},"wordCount":272,"publisher":{"@id":"https:\/\/radioleinewelle.de\/#organization"},"image":{"@id":"https:\/\/radioleinewelle.de\/index.php\/2022\/12\/07\/die-strasse-ist-fuer-alle-da-buergerinnen-planen-ihre-stadt\/#primaryimage"},"thumbnailUrl":"https:\/\/radioleinewelle.de\/wp-content\/uploads\/2022\/12\/Zukunftsforum-Goettingen-e1670355120981.jpg","articleSection":["Bauen &amp; Verkehr"],"inLanguage":"de"},{"@type":"WebPage","@id":"https:\/\/radioleinewelle.de\/index.php\/2022\/12\/07\/die-strasse-ist-fuer-alle-da-buergerinnen-planen-ihre-stadt\/","url":"https:\/\/radioleinewelle.de\/index.php\/2022\/12\/07\/die-strasse-ist-fuer-alle-da-buergerinnen-planen-ihre-stadt\/","name":"\"Die Stra\u00dfe ist f\u00fcr alle da\" - B\u00fcrger:innen planen ihre Stadt - Radio Leinewelle","isPartOf":{"@id":"https:\/\/radioleinewelle.de\/#website"},"primaryImageOfPage":{"@id":"https:\/\/radioleinewelle.de\/index.php\/2022\/12\/07\/die-strasse-ist-fuer-alle-da-buergerinnen-planen-ihre-stadt\/#primaryimage"},"image":{"@id":"https:\/\/radioleinewelle.de\/index.php\/2022\/12\/07\/die-strasse-ist-fuer-alle-da-buergerinnen-planen-ihre-stadt\/#primaryimage"},"thumbnailUrl":"https:\/\/radioleinewelle.de\/wp-content\/uploads\/2022\/12\/Zukunftsforum-Goettingen-e1670355120981.jpg","datePublished":"2022-12-07T03:55:00+00:00","breadcrumb":{"@id":"https:\/\/radioleinewelle.de\/index.php\/2022\/12\/07\/die-strasse-ist-fuer-alle-da-buergerinnen-planen-ihre-stadt\/#breadcrumb"},"inLanguage":"de","potentialAction":[{"@type":"ReadAction","target":["https:\/\/radioleinewelle.de\/index.php\/2022\/12\/07\/die-strasse-ist-fuer-alle-da-buergerinnen-planen-ihre-stadt\/"]}]},{"@type":"ImageObject","inLanguage":"de","@id":"https:\/\/radioleinewelle.de\/index.php\/2022\/12\/07\/die-strasse-ist-fuer-alle-da-buergerinnen-planen-ihre-stadt\/#primaryimage","url":"https:\/\/radioleinewelle.de\/wp-content\/uploads\/2022\/12\/Zukunftsforum-Goettingen-e1670355120981.jpg","contentUrl":"https:\/\/radioleinewelle.de\/wp-content\/uploads\/2022\/12\/Zukunftsforum-Goettingen-e1670355120981.jpg","width":1557,"height":1189},{"@type":"BreadcrumbList","@id":"https:\/\/radioleinewelle.de\/index.php\/2022\/12\/07\/die-strasse-ist-fuer-alle-da-buergerinnen-planen-ihre-stadt\/#breadcrumb","itemListElement":[{"@type":"ListItem","position":1,"name":"Startseite","item":"https:\/\/radioleinewelle.de\/"},{"@type":"ListItem","position":2,"name":"&#8222;Die Stra\u00dfe ist f\u00fcr alle da&#8220; &#8211; B\u00fcrger:innen planen ihre Stadt"}]},{"@type":"WebSite","@id":"https:\/\/radioleinewelle.de\/#website","url":"https:\/\/radioleinewelle.de\/","name":"Radio Leinewelle","description":"","publisher":{"@id":"https:\/\/radioleinewelle.de\/#organization"},"potentialAction":[{"@type":"SearchAction","target":{"@type":"EntryPoint","urlTemplate":"https:\/\/radioleinewelle.de\/?s={search_term_string}"},"query-input":{"@type":"PropertyValueSpecification","valueRequired":true,"valueName":"search_term_string"}}],"inLanguage":"de"},{"@type":"Organization","@id":"https:\/\/radioleinewelle.de\/#organization","name":"Radio Leinewelle","alternateName":"Mein Radio f\u00fcr S\u00fcdniedersachsen","url":"https:\/\/radioleinewelle.de\/","logo":{"@type":"ImageObject","inLanguage":"de","@id":"https:\/\/radioleinewelle.de\/#\/schema\/logo\/image\/","url":"https:\/\/radioleinewelle.de\/wp-content\/uploads\/2023\/11\/cropped-Leinewelle_Logo_weiss.png","contentUrl":"https:\/\/radioleinewelle.de\/wp-content\/uploads\/2023\/11\/cropped-Leinewelle_Logo_weiss.png","width":854,"height":260,"caption":"Radio Leinewelle"},"image":{"@id":"https:\/\/radioleinewelle.de\/#\/schema\/logo\/image\/"},"sameAs":["https:\/\/www.facebook.com\/radioleinewelle","https:\/\/x.com\/RLeinewelle","https:\/\/www.instagram.com\/radioleinewelle\/?hl=de"]},{"@type":"Person","@id":"https:\/\/radioleinewelle.de\/#\/schema\/person\/45606f348637df637192dc1b68399a63","name":"Leinewelle","image":{"@type":"ImageObject","inLanguage":"de","@id":"https:\/\/secure.gravatar.com\/avatar\/05c9a17bc973052ee5d91549bd32fb4dd0dc85b7b85ae94b2e2b4943476bbea5?s=96&d=blank&r=g","url":"https:\/\/secure.gravatar.com\/avatar\/05c9a17bc973052ee5d91549bd32fb4dd0dc85b7b85ae94b2e2b4943476bbea5?s=96&d=blank&r=g","contentUrl":"https:\/\/secure.gravatar.com\/avatar\/05c9a17bc973052ee5d91549bd32fb4dd0dc85b7b85ae94b2e2b4943476bbea5?s=96&d=blank&r=g","caption":"Leinewelle"},"sameAs":["http:\/\/localhost\/radio%20leinewelle\/wordpress","https:\/\/www.facebook.com\/radioleinewelle","https:\/\/www.instagram.com\/radioleinewelle","https:\/\/x.com\/https:\/\/twitter.com\/RLeinewelle?ref_src=twsrcgoogletwcampserptwgrauthor","https:\/\/soundcloud.com\/foerderverein-lokalradio?utm_source=clipboard&utm_medium=text&utm_campaign=social_sharing"],"url":"https:\/\/radioleinewelle.de\/index.php\/author\/leinewelle\/"}]}},"_links":{"self":[{"href":"https:\/\/radioleinewelle.de\/index.php\/wp-json\/wp\/v2\/posts\/17079","targetHints":{"allow":["GET"]}}],"collection":[{"href":"https:\/\/radioleinewelle.de\/index.php\/wp-json\/wp\/v2\/posts"}],"about":[{"href":"https:\/\/radioleinewelle.de\/index.php\/wp-json\/wp\/v2\/types\/post"}],"author":[{"embeddable":true,"href":"https:\/\/radioleinewelle.de\/index.php\/wp-json\/wp\/v2\/users\/1"}],"replies":[{"embeddable":true,"href":"https:\/\/radioleinewelle.de\/index.php\/wp-json\/wp\/v2\/comments?post=17079"}],"version-history":[{"count":0,"href":"https:\/\/radioleinewelle.de\/index.php\/wp-json\/wp\/v2\/posts\/17079\/revisions"}],"wp:featuredmedia":[{"embeddable":true,"href":"https:\/\/radioleinewelle.de\/index.php\/wp-json\/wp\/v2\/media\/17080"}],"wp:attachment":[{"href":"https:\/\/radioleinewelle.de\/index.php\/wp-json\/wp\/v2\/media?parent=17079"}],"wp:term":[{"taxonomy":"category","embeddable":true,"href":"https:\/\/radioleinewelle.de\/index.php\/wp-json\/wp\/v2\/categories?post=17079"},{"taxonomy":"post_tag","embeddable":true,"href":"https:\/\/radioleinewelle.de\/index.php\/wp-json\/wp\/v2\/tags?post=17079"}],"curies":[{"name":"wp","href":"https:\/\/api.w.org\/{rel}","templated":true}]}}