{"id":17097,"date":"2022-12-07T02:36:00","date_gmt":"2022-12-07T01:36:00","guid":{"rendered":"https:\/\/radioleinewelle.de\/?p=17097"},"modified":"2022-12-07T02:36:00","modified_gmt":"2022-12-07T01:36:00","slug":"radfahrer-bei-unfall-mit-anderem-radfahrer-verletzt-polizei-sucht-zeugen","status":"publish","type":"post","link":"https:\/\/radioleinewelle.de\/index.php\/2022\/12\/07\/radfahrer-bei-unfall-mit-anderem-radfahrer-verletzt-polizei-sucht-zeugen\/","title":{"rendered":"Radfahrer bei Unfall mit anderem Radfahrer verletzt &#8211; Polizei sucht Zeugen"},"content":{"rendered":"\n<p>Nach bisherigen Erkenntnissen fuhr der unbekannte ca. 40 bis 45 Jahre alte Radler in H\u00f6he der Sperrpfosten pl\u00f6tzlich mit seinem schwarzen Herrensportrad von hinten gegen das Trekkingrad des 60-J\u00e4hrigen. Hierbei geriet der G\u00f6ttinger vermutlich mit seinem einen Fu\u00df in die Speichen des Vorderrades und verletzte sich.<\/p>\n\n\n\n<p>Auf den Vorfall angesprochen beleidigte ihn der Unbekannte zus\u00e4tzlich mit den Worten &#8222;Du Idiot&#8220; und trat nach ihm, so der G\u00f6ttinger. Anschlie\u00dfend fuhr er davon.<\/p>\n\n\n\n<p>Der gesuchte Radfahrer wird wie folgt beschrieben: ca. 40 &#8211; 45 Jahre alt, schlank, schulterlanges graues Haar, bekleidet mit dunkler Hose, rot-wei\u00df gestreiftem T-Shirt (breite Streifen) und Sonnenbrille mit runden Gl\u00e4sern.<\/p>\n\n\n\n<p>Sachdienliche Hinweise nimmt der Verkehrsunfalldienst der Polizei G\u00f6ttingen unter Telefon 0551\/491-2218 entgegen.<\/p>\n\n\n\n<p>Bei einem Verkehrsunfall mit einem unbekannten Radfahrer ist am Montagmorgen (20.08.12) gegen 08.10 Uhr im Bereich des Eichendorfplatzes ein 60 Jahre alter anderer Radfahrer aus G\u00f6ttingen leicht verletzt worden. Der unbekannte mutma\u00dfliche Unfallverursacher setzte seine Fahrt einfach fort.<\/p>\n\n\n\n<p>Nach bisherigen Erkenntnissen fuhr der unbekannte ca. 40 bis 45 Jahre alte Radler in H\u00f6he der Sperrpfosten pl\u00f6tzlich mit seinem schwarzen Herrensportrad von hinten gegen das Trekkingrad des 60-J\u00e4hrigen. Hierbei geriet der G\u00f6ttinger vermutlich mit seinem einen Fu\u00df in die Speichen des Vorderrades und verletzte sich.<\/p>\n\n\n\n<p>Auf den Vorfall angesprochen beleidigte ihn der Unbekannte zus\u00e4tzlich mit den Worten &#8222;Du Idiot&#8220; und trat nach ihm, so der G\u00f6ttinger. Anschlie\u00dfend fuhr er davon.<\/p>\n\n\n\n<p>Der gesuchte Radfahrer wird wie folgt beschrieben: ca. 40 &#8211; 45 Jahre alt, schlank, schulterlanges graues Haar, bekleidet mit dunkler Hose, rot-wei\u00df gestreiftem T-Shirt (breite Streifen) und Sonnenbrille mit runden Gl\u00e4sern.<\/p>\n\n\n\n<p>Sachdienliche Hinweise nimmt der Verkehrsunfalldienst der Polizei G\u00f6ttingen unter Telefon 0551\/491-2218 entgegen. (jk)<\/p>\n","protected":false},"excerpt":{"rendered":"<p>Nach bisherigen Erkenntnissen fuhr der unbekannte ca. 40 bis 45 Jahre alte Radler in H\u00f6he der Sperrpfosten pl\u00f6tzlich mit seinem schwarzen Herrensportrad von hinten gegen das Trekkingrad des 60-J\u00e4hrigen. Hierbei geriet der G\u00f6ttinger vermutlich mit seinem einen Fu\u00df in die Speichen des Vorderrades und verletzte sich. Auf den Vorfall angesprochen beleidigte ihn der Unbekannte zus\u00e4tzlich [&hellip;]<\/p>\n","protected":false},"author":1,"featured_media":0,"comment_status":"closed","ping_status":"closed","sticky":false,"template":"","format":"standard","meta":{"saved_in_kubio":false,"footnotes":""},"categories":[24],"tags":[3662,349],"class_list":["post-17097","post","type-post","status-publish","format-standard","hentry","category-news","tag-fahrradunfall","tag-polizeiinspektion-goettingen"],"yoast_head":"<!-- This site is optimized with the Yoast SEO plugin v27.5 - https:\/\/yoast.com\/product\/yoast-seo-wordpress\/ -->\n<title>Radfahrer bei Unfall mit anderem Radfahrer verletzt - Polizei sucht Zeugen - Radio Leinewelle<\/title>\n<meta name=\"robots\" content=\"index, follow, max-snippet:-1, max-image-preview:large, max-video-preview:-1\" \/>\n<link rel=\"canonical\" href=\"https:\/\/radioleinewelle.de\/index.php\/2022\/12\/07\/radfahrer-bei-unfall-mit-anderem-radfahrer-verletzt-polizei-sucht-zeugen\/\" \/>\n<meta property=\"og:locale\" content=\"de_DE\" \/>\n<meta property=\"og:type\" content=\"article\" \/>\n<meta property=\"og:title\" content=\"Radfahrer bei Unfall mit anderem Radfahrer verletzt - Polizei sucht Zeugen - Radio Leinewelle\" \/>\n<meta property=\"og:description\" content=\"Nach bisherigen Erkenntnissen fuhr der unbekannte ca. 40 bis 45 Jahre alte Radler in H\u00f6he der Sperrpfosten pl\u00f6tzlich mit seinem schwarzen Herrensportrad von hinten gegen das Trekkingrad des 60-J\u00e4hrigen. Hierbei geriet der G\u00f6ttinger vermutlich mit seinem einen Fu\u00df in die Speichen des Vorderrades und verletzte sich. Auf den Vorfall angesprochen beleidigte ihn der Unbekannte zus\u00e4tzlich [&hellip;]\" \/>\n<meta property=\"og:url\" content=\"https:\/\/radioleinewelle.de\/index.php\/2022\/12\/07\/radfahrer-bei-unfall-mit-anderem-radfahrer-verletzt-polizei-sucht-zeugen\/\" \/>\n<meta property=\"og:site_name\" content=\"Radio Leinewelle\" \/>\n<meta property=\"article:publisher\" content=\"https:\/\/www.facebook.com\/radioleinewelle\" \/>\n<meta property=\"article:author\" content=\"https:\/\/www.facebook.com\/radioleinewelle\" \/>\n<meta property=\"article:published_time\" content=\"2022-12-07T01:36:00+00:00\" \/>\n<meta name=\"author\" content=\"Leinewelle\" \/>\n<meta name=\"twitter:card\" content=\"summary_large_image\" \/>\n<meta name=\"twitter:creator\" content=\"@https:\/\/twitter.com\/RLeinewelle?ref_src=twsrcgoogletwcampserptwgrauthor\" \/>\n<meta name=\"twitter:site\" content=\"@RLeinewelle\" \/>\n<meta name=\"twitter:label1\" content=\"Verfasst von\" \/>\n\t<meta name=\"twitter:data1\" content=\"Leinewelle\" \/>\n\t<meta name=\"twitter:label2\" content=\"Gesch\u00e4tzte Lesezeit\" \/>\n\t<meta name=\"twitter:data2\" content=\"2\u00a0Minuten\" \/>\n<script type=\"application\/ld+json\" class=\"yoast-schema-graph\">{\"@context\":\"https:\\\/\\\/schema.org\",\"@graph\":[{\"@type\":\"Article\",\"@id\":\"https:\\\/\\\/radioleinewelle.de\\\/index.php\\\/2022\\\/12\\\/07\\\/radfahrer-bei-unfall-mit-anderem-radfahrer-verletzt-polizei-sucht-zeugen\\\/#article\",\"isPartOf\":{\"@id\":\"https:\\\/\\\/radioleinewelle.de\\\/index.php\\\/2022\\\/12\\\/07\\\/radfahrer-bei-unfall-mit-anderem-radfahrer-verletzt-polizei-sucht-zeugen\\\/\"},\"author\":{\"name\":\"Leinewelle\",\"@id\":\"https:\\\/\\\/radioleinewelle.de\\\/#\\\/schema\\\/person\\\/45606f348637df637192dc1b68399a63\"},\"headline\":\"Radfahrer bei Unfall mit anderem Radfahrer verletzt &#8211; Polizei sucht Zeugen\",\"datePublished\":\"2022-12-07T01:36:00+00:00\",\"mainEntityOfPage\":{\"@id\":\"https:\\\/\\\/radioleinewelle.de\\\/index.php\\\/2022\\\/12\\\/07\\\/radfahrer-bei-unfall-mit-anderem-radfahrer-verletzt-polizei-sucht-zeugen\\\/\"},\"wordCount\":287,\"publisher\":{\"@id\":\"https:\\\/\\\/radioleinewelle.de\\\/#organization\"},\"keywords\":[\"Fahrradunfall\",\"Polizeiinspektion G\u00f6ttingen\"],\"articleSection\":[\"Aktuelle Nachrichten\"],\"inLanguage\":\"de\"},{\"@type\":\"WebPage\",\"@id\":\"https:\\\/\\\/radioleinewelle.de\\\/index.php\\\/2022\\\/12\\\/07\\\/radfahrer-bei-unfall-mit-anderem-radfahrer-verletzt-polizei-sucht-zeugen\\\/\",\"url\":\"https:\\\/\\\/radioleinewelle.de\\\/index.php\\\/2022\\\/12\\\/07\\\/radfahrer-bei-unfall-mit-anderem-radfahrer-verletzt-polizei-sucht-zeugen\\\/\",\"name\":\"Radfahrer bei Unfall mit anderem Radfahrer verletzt - Polizei sucht Zeugen - Radio Leinewelle\",\"isPartOf\":{\"@id\":\"https:\\\/\\\/radioleinewelle.de\\\/#website\"},\"datePublished\":\"2022-12-07T01:36:00+00:00\",\"breadcrumb\":{\"@id\":\"https:\\\/\\\/radioleinewelle.de\\\/index.php\\\/2022\\\/12\\\/07\\\/radfahrer-bei-unfall-mit-anderem-radfahrer-verletzt-polizei-sucht-zeugen\\\/#breadcrumb\"},\"inLanguage\":\"de\",\"potentialAction\":[{\"@type\":\"ReadAction\",\"target\":[\"https:\\\/\\\/radioleinewelle.de\\\/index.php\\\/2022\\\/12\\\/07\\\/radfahrer-bei-unfall-mit-anderem-radfahrer-verletzt-polizei-sucht-zeugen\\\/\"]}]},{\"@type\":\"BreadcrumbList\",\"@id\":\"https:\\\/\\\/radioleinewelle.de\\\/index.php\\\/2022\\\/12\\\/07\\\/radfahrer-bei-unfall-mit-anderem-radfahrer-verletzt-polizei-sucht-zeugen\\\/#breadcrumb\",\"itemListElement\":[{\"@type\":\"ListItem\",\"position\":1,\"name\":\"Startseite\",\"item\":\"https:\\\/\\\/radioleinewelle.de\\\/\"},{\"@type\":\"ListItem\",\"position\":2,\"name\":\"Radfahrer bei Unfall mit anderem Radfahrer verletzt &#8211; Polizei sucht Zeugen\"}]},{\"@type\":\"WebSite\",\"@id\":\"https:\\\/\\\/radioleinewelle.de\\\/#website\",\"url\":\"https:\\\/\\\/radioleinewelle.de\\\/\",\"name\":\"Radio Leinewelle\",\"description\":\"\",\"publisher\":{\"@id\":\"https:\\\/\\\/radioleinewelle.de\\\/#organization\"},\"potentialAction\":[{\"@type\":\"SearchAction\",\"target\":{\"@type\":\"EntryPoint\",\"urlTemplate\":\"https:\\\/\\\/radioleinewelle.de\\\/?s={search_term_string}\"},\"query-input\":{\"@type\":\"PropertyValueSpecification\",\"valueRequired\":true,\"valueName\":\"search_term_string\"}}],\"inLanguage\":\"de\"},{\"@type\":\"Organization\",\"@id\":\"https:\\\/\\\/radioleinewelle.de\\\/#organization\",\"name\":\"Radio Leinewelle\",\"alternateName\":\"Mein Radio f\u00fcr S\u00fcdniedersachsen\",\"url\":\"https:\\\/\\\/radioleinewelle.de\\\/\",\"logo\":{\"@type\":\"ImageObject\",\"inLanguage\":\"de\",\"@id\":\"https:\\\/\\\/radioleinewelle.de\\\/#\\\/schema\\\/logo\\\/image\\\/\",\"url\":\"https:\\\/\\\/radioleinewelle.de\\\/wp-content\\\/uploads\\\/2023\\\/11\\\/cropped-Leinewelle_Logo_weiss.png\",\"contentUrl\":\"https:\\\/\\\/radioleinewelle.de\\\/wp-content\\\/uploads\\\/2023\\\/11\\\/cropped-Leinewelle_Logo_weiss.png\",\"width\":854,\"height\":260,\"caption\":\"Radio Leinewelle\"},\"image\":{\"@id\":\"https:\\\/\\\/radioleinewelle.de\\\/#\\\/schema\\\/logo\\\/image\\\/\"},\"sameAs\":[\"https:\\\/\\\/www.facebook.com\\\/radioleinewelle\",\"https:\\\/\\\/x.com\\\/RLeinewelle\",\"https:\\\/\\\/www.instagram.com\\\/radioleinewelle\\\/?hl=de\"]},{\"@type\":\"Person\",\"@id\":\"https:\\\/\\\/radioleinewelle.de\\\/#\\\/schema\\\/person\\\/45606f348637df637192dc1b68399a63\",\"name\":\"Leinewelle\",\"image\":{\"@type\":\"ImageObject\",\"inLanguage\":\"de\",\"@id\":\"https:\\\/\\\/secure.gravatar.com\\\/avatar\\\/05c9a17bc973052ee5d91549bd32fb4dd0dc85b7b85ae94b2e2b4943476bbea5?s=96&d=blank&r=g\",\"url\":\"https:\\\/\\\/secure.gravatar.com\\\/avatar\\\/05c9a17bc973052ee5d91549bd32fb4dd0dc85b7b85ae94b2e2b4943476bbea5?s=96&d=blank&r=g\",\"contentUrl\":\"https:\\\/\\\/secure.gravatar.com\\\/avatar\\\/05c9a17bc973052ee5d91549bd32fb4dd0dc85b7b85ae94b2e2b4943476bbea5?s=96&d=blank&r=g\",\"caption\":\"Leinewelle\"},\"sameAs\":[\"http:\\\/\\\/localhost\\\/radio%20leinewelle\\\/wordpress\",\"https:\\\/\\\/www.facebook.com\\\/radioleinewelle\",\"https:\\\/\\\/www.instagram.com\\\/radioleinewelle\",\"https:\\\/\\\/x.com\\\/https:\\\/\\\/twitter.com\\\/RLeinewelle?ref_src=twsrcgoogletwcampserptwgrauthor\",\"https:\\\/\\\/soundcloud.com\\\/foerderverein-lokalradio?utm_source=clipboard&utm_medium=text&utm_campaign=social_sharing\"],\"url\":\"https:\\\/\\\/radioleinewelle.de\\\/index.php\\\/author\\\/leinewelle\\\/\"}]}<\/script>\n<!-- \/ Yoast SEO plugin. -->","yoast_head_json":{"title":"Radfahrer bei Unfall mit anderem Radfahrer verletzt - Polizei sucht Zeugen - Radio Leinewelle","robots":{"index":"index","follow":"follow","max-snippet":"max-snippet:-1","max-image-preview":"max-image-preview:large","max-video-preview":"max-video-preview:-1"},"canonical":"https:\/\/radioleinewelle.de\/index.php\/2022\/12\/07\/radfahrer-bei-unfall-mit-anderem-radfahrer-verletzt-polizei-sucht-zeugen\/","og_locale":"de_DE","og_type":"article","og_title":"Radfahrer bei Unfall mit anderem Radfahrer verletzt - Polizei sucht Zeugen - Radio Leinewelle","og_description":"Nach bisherigen Erkenntnissen fuhr der unbekannte ca. 40 bis 45 Jahre alte Radler in H\u00f6he der Sperrpfosten pl\u00f6tzlich mit seinem schwarzen Herrensportrad von hinten gegen das Trekkingrad des 60-J\u00e4hrigen. Hierbei geriet der G\u00f6ttinger vermutlich mit seinem einen Fu\u00df in die Speichen des Vorderrades und verletzte sich. Auf den Vorfall angesprochen beleidigte ihn der Unbekannte zus\u00e4tzlich [&hellip;]","og_url":"https:\/\/radioleinewelle.de\/index.php\/2022\/12\/07\/radfahrer-bei-unfall-mit-anderem-radfahrer-verletzt-polizei-sucht-zeugen\/","og_site_name":"Radio Leinewelle","article_publisher":"https:\/\/www.facebook.com\/radioleinewelle","article_author":"https:\/\/www.facebook.com\/radioleinewelle","article_published_time":"2022-12-07T01:36:00+00:00","author":"Leinewelle","twitter_card":"summary_large_image","twitter_creator":"@https:\/\/twitter.com\/RLeinewelle?ref_src=twsrcgoogletwcampserptwgrauthor","twitter_site":"@RLeinewelle","twitter_misc":{"Verfasst von":"Leinewelle","Gesch\u00e4tzte Lesezeit":"2\u00a0Minuten"},"schema":{"@context":"https:\/\/schema.org","@graph":[{"@type":"Article","@id":"https:\/\/radioleinewelle.de\/index.php\/2022\/12\/07\/radfahrer-bei-unfall-mit-anderem-radfahrer-verletzt-polizei-sucht-zeugen\/#article","isPartOf":{"@id":"https:\/\/radioleinewelle.de\/index.php\/2022\/12\/07\/radfahrer-bei-unfall-mit-anderem-radfahrer-verletzt-polizei-sucht-zeugen\/"},"author":{"name":"Leinewelle","@id":"https:\/\/radioleinewelle.de\/#\/schema\/person\/45606f348637df637192dc1b68399a63"},"headline":"Radfahrer bei Unfall mit anderem Radfahrer verletzt &#8211; Polizei sucht Zeugen","datePublished":"2022-12-07T01:36:00+00:00","mainEntityOfPage":{"@id":"https:\/\/radioleinewelle.de\/index.php\/2022\/12\/07\/radfahrer-bei-unfall-mit-anderem-radfahrer-verletzt-polizei-sucht-zeugen\/"},"wordCount":287,"publisher":{"@id":"https:\/\/radioleinewelle.de\/#organization"},"keywords":["Fahrradunfall","Polizeiinspektion G\u00f6ttingen"],"articleSection":["Aktuelle Nachrichten"],"inLanguage":"de"},{"@type":"WebPage","@id":"https:\/\/radioleinewelle.de\/index.php\/2022\/12\/07\/radfahrer-bei-unfall-mit-anderem-radfahrer-verletzt-polizei-sucht-zeugen\/","url":"https:\/\/radioleinewelle.de\/index.php\/2022\/12\/07\/radfahrer-bei-unfall-mit-anderem-radfahrer-verletzt-polizei-sucht-zeugen\/","name":"Radfahrer bei Unfall mit anderem Radfahrer verletzt - Polizei sucht Zeugen - Radio Leinewelle","isPartOf":{"@id":"https:\/\/radioleinewelle.de\/#website"},"datePublished":"2022-12-07T01:36:00+00:00","breadcrumb":{"@id":"https:\/\/radioleinewelle.de\/index.php\/2022\/12\/07\/radfahrer-bei-unfall-mit-anderem-radfahrer-verletzt-polizei-sucht-zeugen\/#breadcrumb"},"inLanguage":"de","potentialAction":[{"@type":"ReadAction","target":["https:\/\/radioleinewelle.de\/index.php\/2022\/12\/07\/radfahrer-bei-unfall-mit-anderem-radfahrer-verletzt-polizei-sucht-zeugen\/"]}]},{"@type":"BreadcrumbList","@id":"https:\/\/radioleinewelle.de\/index.php\/2022\/12\/07\/radfahrer-bei-unfall-mit-anderem-radfahrer-verletzt-polizei-sucht-zeugen\/#breadcrumb","itemListElement":[{"@type":"ListItem","position":1,"name":"Startseite","item":"https:\/\/radioleinewelle.de\/"},{"@type":"ListItem","position":2,"name":"Radfahrer bei Unfall mit anderem Radfahrer verletzt &#8211; Polizei sucht Zeugen"}]},{"@type":"WebSite","@id":"https:\/\/radioleinewelle.de\/#website","url":"https:\/\/radioleinewelle.de\/","name":"Radio Leinewelle","description":"","publisher":{"@id":"https:\/\/radioleinewelle.de\/#organization"},"potentialAction":[{"@type":"SearchAction","target":{"@type":"EntryPoint","urlTemplate":"https:\/\/radioleinewelle.de\/?s={search_term_string}"},"query-input":{"@type":"PropertyValueSpecification","valueRequired":true,"valueName":"search_term_string"}}],"inLanguage":"de"},{"@type":"Organization","@id":"https:\/\/radioleinewelle.de\/#organization","name":"Radio Leinewelle","alternateName":"Mein Radio f\u00fcr S\u00fcdniedersachsen","url":"https:\/\/radioleinewelle.de\/","logo":{"@type":"ImageObject","inLanguage":"de","@id":"https:\/\/radioleinewelle.de\/#\/schema\/logo\/image\/","url":"https:\/\/radioleinewelle.de\/wp-content\/uploads\/2023\/11\/cropped-Leinewelle_Logo_weiss.png","contentUrl":"https:\/\/radioleinewelle.de\/wp-content\/uploads\/2023\/11\/cropped-Leinewelle_Logo_weiss.png","width":854,"height":260,"caption":"Radio Leinewelle"},"image":{"@id":"https:\/\/radioleinewelle.de\/#\/schema\/logo\/image\/"},"sameAs":["https:\/\/www.facebook.com\/radioleinewelle","https:\/\/x.com\/RLeinewelle","https:\/\/www.instagram.com\/radioleinewelle\/?hl=de"]},{"@type":"Person","@id":"https:\/\/radioleinewelle.de\/#\/schema\/person\/45606f348637df637192dc1b68399a63","name":"Leinewelle","image":{"@type":"ImageObject","inLanguage":"de","@id":"https:\/\/secure.gravatar.com\/avatar\/05c9a17bc973052ee5d91549bd32fb4dd0dc85b7b85ae94b2e2b4943476bbea5?s=96&d=blank&r=g","url":"https:\/\/secure.gravatar.com\/avatar\/05c9a17bc973052ee5d91549bd32fb4dd0dc85b7b85ae94b2e2b4943476bbea5?s=96&d=blank&r=g","contentUrl":"https:\/\/secure.gravatar.com\/avatar\/05c9a17bc973052ee5d91549bd32fb4dd0dc85b7b85ae94b2e2b4943476bbea5?s=96&d=blank&r=g","caption":"Leinewelle"},"sameAs":["http:\/\/localhost\/radio%20leinewelle\/wordpress","https:\/\/www.facebook.com\/radioleinewelle","https:\/\/www.instagram.com\/radioleinewelle","https:\/\/x.com\/https:\/\/twitter.com\/RLeinewelle?ref_src=twsrcgoogletwcampserptwgrauthor","https:\/\/soundcloud.com\/foerderverein-lokalradio?utm_source=clipboard&utm_medium=text&utm_campaign=social_sharing"],"url":"https:\/\/radioleinewelle.de\/index.php\/author\/leinewelle\/"}]}},"_links":{"self":[{"href":"https:\/\/radioleinewelle.de\/index.php\/wp-json\/wp\/v2\/posts\/17097","targetHints":{"allow":["GET"]}}],"collection":[{"href":"https:\/\/radioleinewelle.de\/index.php\/wp-json\/wp\/v2\/posts"}],"about":[{"href":"https:\/\/radioleinewelle.de\/index.php\/wp-json\/wp\/v2\/types\/post"}],"author":[{"embeddable":true,"href":"https:\/\/radioleinewelle.de\/index.php\/wp-json\/wp\/v2\/users\/1"}],"replies":[{"embeddable":true,"href":"https:\/\/radioleinewelle.de\/index.php\/wp-json\/wp\/v2\/comments?post=17097"}],"version-history":[{"count":0,"href":"https:\/\/radioleinewelle.de\/index.php\/wp-json\/wp\/v2\/posts\/17097\/revisions"}],"wp:attachment":[{"href":"https:\/\/radioleinewelle.de\/index.php\/wp-json\/wp\/v2\/media?parent=17097"}],"wp:term":[{"taxonomy":"category","embeddable":true,"href":"https:\/\/radioleinewelle.de\/index.php\/wp-json\/wp\/v2\/categories?post=17097"},{"taxonomy":"post_tag","embeddable":true,"href":"https:\/\/radioleinewelle.de\/index.php\/wp-json\/wp\/v2\/tags?post=17097"}],"curies":[{"name":"wp","href":"https:\/\/api.w.org\/{rel}","templated":true}]}}