{"id":17112,"date":"2022-12-08T03:37:00","date_gmt":"2022-12-08T02:37:00","guid":{"rendered":"https:\/\/radioleinewelle.de\/?p=17112"},"modified":"2022-12-08T03:37:00","modified_gmt":"2022-12-08T02:37:00","slug":"holtensen-wieder-gegenstand-auf-fahrzeug-geworfen","status":"publish","type":"post","link":"https:\/\/radioleinewelle.de\/index.php\/2022\/12\/08\/holtensen-wieder-gegenstand-auf-fahrzeug-geworfen\/","title":{"rendered":"Holtensen: Wieder Gegenstand auf Fahrzeug geworfen"},"content":{"rendered":"\n<p>Von der Br\u00fccke Europaallee im G\u00f6ttinger Stadtteil Holtenser-Berg haben Unbekannte am Dienstagabend um 19.46 Uhr einen bislang unbekannten gr\u00f6\u00dferen Gegenstand auf die darunter verlaufende B 27 geworfen.<\/p>\n\n\n\n<p>Erst am Montagabend vergangener Woche (28.11.22) kam es zu einem vergleichbaren Angriff von der Br\u00fccke Helvesanger \u00fcber der Otto-Brenner-Stra\u00dfe. Die Ermittler vermuten einen Tatzusammenhang.<\/p>\n\n\n\n<p>Nach gegenw\u00e4rtigem Stand der Ermittlungen konnte ein herannahender Autofahrer aus dem Landkreis G\u00f6ttingen in seinem Audi dem gef\u00e4hrlichen Hindernis nicht mehr rechtzeitig ausweichen und erfasste den Gegenstand frontal mit seiner Windschutzscheibe. Es entstand ein Schaden von gesch\u00e4tzt \u00fcber 1.000 EUR an dem Pkw.<\/p>\n\n\n\n<p>Der 37-J\u00e4hrige hatte Gl\u00fcck. Er blieb unverletzt und behielt geistesgegenw\u00e4rtig die Kontrolle \u00fcber seinen Pkw, den er bis zur n\u00e4chsten Ausfahrt von der B27 lenkte. Seine Windschutzscheibe riss durch den Aufprall mit dem unbekannten Gegenstand stark ein, sch\u00fctzte den Mann aber vor einem Eindringen und damit vor weiteren Verletzungen.<\/p>\n\n\n\n<p>Die T\u00e4ter fl\u00fcchteten unerkannt. Eine nach ihnen eingeleitete Fahndung verlief ergebnislos.<\/p>\n\n\n\n<p>Die Polizei hat auch in diesem Fall die Ermittlungen wegen Gef\u00e4hrlichen Eingriffs in den Stra\u00dfenverkehr eingeleitet und bittet dringend um Zeugenhinweise. Wer zur Tatzeit verd\u00e4chtige Personen im Bereich Holtenser Berg \/ Europaallee beobachtet hat oder sonstige sachdienliche Hinweise geben kann, wird gebeten, sich unter Telefon 0551\/491-2115 zu melden.<\/p>\n\n\n\n<p><strong>Foto:<\/strong> Polizei G\u00f6ttingen<\/p>\n","protected":false},"excerpt":{"rendered":"<p>Von der Br\u00fccke Europaallee im G\u00f6ttinger Stadtteil Holtenser-Berg haben Unbekannte am Dienstagabend um 19.46 Uhr einen bislang unbekannten gr\u00f6\u00dferen Gegenstand auf die darunter verlaufende B 27 geworfen. Erst am Montagabend vergangener Woche (28.11.22) kam es zu einem vergleichbaren Angriff von der Br\u00fccke Helvesanger \u00fcber der Otto-Brenner-Stra\u00dfe. Die Ermittler vermuten einen Tatzusammenhang. Nach gegenw\u00e4rtigem Stand der [&hellip;]<\/p>\n","protected":false},"author":1,"featured_media":17114,"comment_status":"closed","ping_status":"closed","sticky":false,"template":"","format":"standard","meta":{"saved_in_kubio":false,"footnotes":""},"categories":[24],"tags":[],"class_list":["post-17112","post","type-post","status-publish","format-standard","has-post-thumbnail","hentry","category-news"],"yoast_head":"<!-- This site is optimized with the Yoast SEO plugin v27.5 - https:\/\/yoast.com\/product\/yoast-seo-wordpress\/ -->\n<title>Holtensen: Wieder Gegenstand auf Fahrzeug geworfen - Radio Leinewelle<\/title>\n<meta name=\"robots\" content=\"index, follow, max-snippet:-1, max-image-preview:large, max-video-preview:-1\" \/>\n<link rel=\"canonical\" href=\"https:\/\/radioleinewelle.de\/index.php\/2022\/12\/08\/holtensen-wieder-gegenstand-auf-fahrzeug-geworfen\/\" \/>\n<meta property=\"og:locale\" content=\"de_DE\" \/>\n<meta property=\"og:type\" content=\"article\" \/>\n<meta property=\"og:title\" content=\"Holtensen: Wieder Gegenstand auf Fahrzeug geworfen - Radio Leinewelle\" \/>\n<meta property=\"og:description\" content=\"Von der Br\u00fccke Europaallee im G\u00f6ttinger Stadtteil Holtenser-Berg haben Unbekannte am Dienstagabend um 19.46 Uhr einen bislang unbekannten gr\u00f6\u00dferen Gegenstand auf die darunter verlaufende B 27 geworfen. Erst am Montagabend vergangener Woche (28.11.22) kam es zu einem vergleichbaren Angriff von der Br\u00fccke Helvesanger \u00fcber der Otto-Brenner-Stra\u00dfe. Die Ermittler vermuten einen Tatzusammenhang. Nach gegenw\u00e4rtigem Stand der [&hellip;]\" \/>\n<meta property=\"og:url\" content=\"https:\/\/radioleinewelle.de\/index.php\/2022\/12\/08\/holtensen-wieder-gegenstand-auf-fahrzeug-geworfen\/\" \/>\n<meta property=\"og:site_name\" content=\"Radio Leinewelle\" \/>\n<meta property=\"article:publisher\" content=\"https:\/\/www.facebook.com\/radioleinewelle\" \/>\n<meta property=\"article:author\" content=\"https:\/\/www.facebook.com\/radioleinewelle\" \/>\n<meta property=\"article:published_time\" content=\"2022-12-08T02:37:00+00:00\" \/>\n<meta property=\"og:image\" content=\"https:\/\/radioleinewelle.de\/wp-content\/uploads\/2022\/12\/Windschutzscheibe.jpg\" \/>\n\t<meta property=\"og:image:width\" content=\"640\" \/>\n\t<meta property=\"og:image:height\" content=\"480\" \/>\n\t<meta property=\"og:image:type\" content=\"image\/jpeg\" \/>\n<meta name=\"author\" content=\"Leinewelle\" \/>\n<meta name=\"twitter:card\" content=\"summary_large_image\" \/>\n<meta name=\"twitter:creator\" content=\"@https:\/\/twitter.com\/RLeinewelle?ref_src=twsrcgoogletwcampserptwgrauthor\" \/>\n<meta name=\"twitter:site\" content=\"@RLeinewelle\" \/>\n<meta name=\"twitter:label1\" content=\"Verfasst von\" \/>\n\t<meta name=\"twitter:data1\" content=\"Leinewelle\" \/>\n\t<meta name=\"twitter:label2\" content=\"Gesch\u00e4tzte Lesezeit\" \/>\n\t<meta name=\"twitter:data2\" content=\"2\u00a0Minuten\" \/>\n<script type=\"application\/ld+json\" class=\"yoast-schema-graph\">{\"@context\":\"https:\\\/\\\/schema.org\",\"@graph\":[{\"@type\":\"Article\",\"@id\":\"https:\\\/\\\/radioleinewelle.de\\\/index.php\\\/2022\\\/12\\\/08\\\/holtensen-wieder-gegenstand-auf-fahrzeug-geworfen\\\/#article\",\"isPartOf\":{\"@id\":\"https:\\\/\\\/radioleinewelle.de\\\/index.php\\\/2022\\\/12\\\/08\\\/holtensen-wieder-gegenstand-auf-fahrzeug-geworfen\\\/\"},\"author\":{\"name\":\"Leinewelle\",\"@id\":\"https:\\\/\\\/radioleinewelle.de\\\/#\\\/schema\\\/person\\\/45606f348637df637192dc1b68399a63\"},\"headline\":\"Holtensen: Wieder Gegenstand auf Fahrzeug geworfen\",\"datePublished\":\"2022-12-08T02:37:00+00:00\",\"mainEntityOfPage\":{\"@id\":\"https:\\\/\\\/radioleinewelle.de\\\/index.php\\\/2022\\\/12\\\/08\\\/holtensen-wieder-gegenstand-auf-fahrzeug-geworfen\\\/\"},\"wordCount\":226,\"publisher\":{\"@id\":\"https:\\\/\\\/radioleinewelle.de\\\/#organization\"},\"image\":{\"@id\":\"https:\\\/\\\/radioleinewelle.de\\\/index.php\\\/2022\\\/12\\\/08\\\/holtensen-wieder-gegenstand-auf-fahrzeug-geworfen\\\/#primaryimage\"},\"thumbnailUrl\":\"https:\\\/\\\/radioleinewelle.de\\\/wp-content\\\/uploads\\\/2022\\\/12\\\/Windschutzscheibe.jpg\",\"articleSection\":[\"Aktuelle Nachrichten\"],\"inLanguage\":\"de\"},{\"@type\":\"WebPage\",\"@id\":\"https:\\\/\\\/radioleinewelle.de\\\/index.php\\\/2022\\\/12\\\/08\\\/holtensen-wieder-gegenstand-auf-fahrzeug-geworfen\\\/\",\"url\":\"https:\\\/\\\/radioleinewelle.de\\\/index.php\\\/2022\\\/12\\\/08\\\/holtensen-wieder-gegenstand-auf-fahrzeug-geworfen\\\/\",\"name\":\"Holtensen: Wieder Gegenstand auf Fahrzeug geworfen - Radio Leinewelle\",\"isPartOf\":{\"@id\":\"https:\\\/\\\/radioleinewelle.de\\\/#website\"},\"primaryImageOfPage\":{\"@id\":\"https:\\\/\\\/radioleinewelle.de\\\/index.php\\\/2022\\\/12\\\/08\\\/holtensen-wieder-gegenstand-auf-fahrzeug-geworfen\\\/#primaryimage\"},\"image\":{\"@id\":\"https:\\\/\\\/radioleinewelle.de\\\/index.php\\\/2022\\\/12\\\/08\\\/holtensen-wieder-gegenstand-auf-fahrzeug-geworfen\\\/#primaryimage\"},\"thumbnailUrl\":\"https:\\\/\\\/radioleinewelle.de\\\/wp-content\\\/uploads\\\/2022\\\/12\\\/Windschutzscheibe.jpg\",\"datePublished\":\"2022-12-08T02:37:00+00:00\",\"breadcrumb\":{\"@id\":\"https:\\\/\\\/radioleinewelle.de\\\/index.php\\\/2022\\\/12\\\/08\\\/holtensen-wieder-gegenstand-auf-fahrzeug-geworfen\\\/#breadcrumb\"},\"inLanguage\":\"de\",\"potentialAction\":[{\"@type\":\"ReadAction\",\"target\":[\"https:\\\/\\\/radioleinewelle.de\\\/index.php\\\/2022\\\/12\\\/08\\\/holtensen-wieder-gegenstand-auf-fahrzeug-geworfen\\\/\"]}]},{\"@type\":\"ImageObject\",\"inLanguage\":\"de\",\"@id\":\"https:\\\/\\\/radioleinewelle.de\\\/index.php\\\/2022\\\/12\\\/08\\\/holtensen-wieder-gegenstand-auf-fahrzeug-geworfen\\\/#primaryimage\",\"url\":\"https:\\\/\\\/radioleinewelle.de\\\/wp-content\\\/uploads\\\/2022\\\/12\\\/Windschutzscheibe.jpg\",\"contentUrl\":\"https:\\\/\\\/radioleinewelle.de\\\/wp-content\\\/uploads\\\/2022\\\/12\\\/Windschutzscheibe.jpg\",\"width\":640,\"height\":480,\"caption\":\"Foto: Polizei G\u00f6ttingen\"},{\"@type\":\"BreadcrumbList\",\"@id\":\"https:\\\/\\\/radioleinewelle.de\\\/index.php\\\/2022\\\/12\\\/08\\\/holtensen-wieder-gegenstand-auf-fahrzeug-geworfen\\\/#breadcrumb\",\"itemListElement\":[{\"@type\":\"ListItem\",\"position\":1,\"name\":\"Startseite\",\"item\":\"https:\\\/\\\/radioleinewelle.de\\\/\"},{\"@type\":\"ListItem\",\"position\":2,\"name\":\"Holtensen: Wieder Gegenstand auf Fahrzeug geworfen\"}]},{\"@type\":\"WebSite\",\"@id\":\"https:\\\/\\\/radioleinewelle.de\\\/#website\",\"url\":\"https:\\\/\\\/radioleinewelle.de\\\/\",\"name\":\"Radio Leinewelle\",\"description\":\"\",\"publisher\":{\"@id\":\"https:\\\/\\\/radioleinewelle.de\\\/#organization\"},\"potentialAction\":[{\"@type\":\"SearchAction\",\"target\":{\"@type\":\"EntryPoint\",\"urlTemplate\":\"https:\\\/\\\/radioleinewelle.de\\\/?s={search_term_string}\"},\"query-input\":{\"@type\":\"PropertyValueSpecification\",\"valueRequired\":true,\"valueName\":\"search_term_string\"}}],\"inLanguage\":\"de\"},{\"@type\":\"Organization\",\"@id\":\"https:\\\/\\\/radioleinewelle.de\\\/#organization\",\"name\":\"Radio Leinewelle\",\"alternateName\":\"Mein Radio f\u00fcr S\u00fcdniedersachsen\",\"url\":\"https:\\\/\\\/radioleinewelle.de\\\/\",\"logo\":{\"@type\":\"ImageObject\",\"inLanguage\":\"de\",\"@id\":\"https:\\\/\\\/radioleinewelle.de\\\/#\\\/schema\\\/logo\\\/image\\\/\",\"url\":\"https:\\\/\\\/radioleinewelle.de\\\/wp-content\\\/uploads\\\/2023\\\/11\\\/cropped-Leinewelle_Logo_weiss.png\",\"contentUrl\":\"https:\\\/\\\/radioleinewelle.de\\\/wp-content\\\/uploads\\\/2023\\\/11\\\/cropped-Leinewelle_Logo_weiss.png\",\"width\":854,\"height\":260,\"caption\":\"Radio Leinewelle\"},\"image\":{\"@id\":\"https:\\\/\\\/radioleinewelle.de\\\/#\\\/schema\\\/logo\\\/image\\\/\"},\"sameAs\":[\"https:\\\/\\\/www.facebook.com\\\/radioleinewelle\",\"https:\\\/\\\/x.com\\\/RLeinewelle\",\"https:\\\/\\\/www.instagram.com\\\/radioleinewelle\\\/?hl=de\"]},{\"@type\":\"Person\",\"@id\":\"https:\\\/\\\/radioleinewelle.de\\\/#\\\/schema\\\/person\\\/45606f348637df637192dc1b68399a63\",\"name\":\"Leinewelle\",\"image\":{\"@type\":\"ImageObject\",\"inLanguage\":\"de\",\"@id\":\"https:\\\/\\\/secure.gravatar.com\\\/avatar\\\/05c9a17bc973052ee5d91549bd32fb4dd0dc85b7b85ae94b2e2b4943476bbea5?s=96&d=blank&r=g\",\"url\":\"https:\\\/\\\/secure.gravatar.com\\\/avatar\\\/05c9a17bc973052ee5d91549bd32fb4dd0dc85b7b85ae94b2e2b4943476bbea5?s=96&d=blank&r=g\",\"contentUrl\":\"https:\\\/\\\/secure.gravatar.com\\\/avatar\\\/05c9a17bc973052ee5d91549bd32fb4dd0dc85b7b85ae94b2e2b4943476bbea5?s=96&d=blank&r=g\",\"caption\":\"Leinewelle\"},\"sameAs\":[\"http:\\\/\\\/localhost\\\/radio%20leinewelle\\\/wordpress\",\"https:\\\/\\\/www.facebook.com\\\/radioleinewelle\",\"https:\\\/\\\/www.instagram.com\\\/radioleinewelle\",\"https:\\\/\\\/x.com\\\/https:\\\/\\\/twitter.com\\\/RLeinewelle?ref_src=twsrcgoogletwcampserptwgrauthor\",\"https:\\\/\\\/soundcloud.com\\\/foerderverein-lokalradio?utm_source=clipboard&utm_medium=text&utm_campaign=social_sharing\"],\"url\":\"https:\\\/\\\/radioleinewelle.de\\\/index.php\\\/author\\\/leinewelle\\\/\"}]}<\/script>\n<!-- \/ Yoast SEO plugin. -->","yoast_head_json":{"title":"Holtensen: Wieder Gegenstand auf Fahrzeug geworfen - Radio Leinewelle","robots":{"index":"index","follow":"follow","max-snippet":"max-snippet:-1","max-image-preview":"max-image-preview:large","max-video-preview":"max-video-preview:-1"},"canonical":"https:\/\/radioleinewelle.de\/index.php\/2022\/12\/08\/holtensen-wieder-gegenstand-auf-fahrzeug-geworfen\/","og_locale":"de_DE","og_type":"article","og_title":"Holtensen: Wieder Gegenstand auf Fahrzeug geworfen - Radio Leinewelle","og_description":"Von der Br\u00fccke Europaallee im G\u00f6ttinger Stadtteil Holtenser-Berg haben Unbekannte am Dienstagabend um 19.46 Uhr einen bislang unbekannten gr\u00f6\u00dferen Gegenstand auf die darunter verlaufende B 27 geworfen. Erst am Montagabend vergangener Woche (28.11.22) kam es zu einem vergleichbaren Angriff von der Br\u00fccke Helvesanger \u00fcber der Otto-Brenner-Stra\u00dfe. Die Ermittler vermuten einen Tatzusammenhang. Nach gegenw\u00e4rtigem Stand der [&hellip;]","og_url":"https:\/\/radioleinewelle.de\/index.php\/2022\/12\/08\/holtensen-wieder-gegenstand-auf-fahrzeug-geworfen\/","og_site_name":"Radio Leinewelle","article_publisher":"https:\/\/www.facebook.com\/radioleinewelle","article_author":"https:\/\/www.facebook.com\/radioleinewelle","article_published_time":"2022-12-08T02:37:00+00:00","og_image":[{"width":640,"height":480,"url":"https:\/\/radioleinewelle.de\/wp-content\/uploads\/2022\/12\/Windschutzscheibe.jpg","type":"image\/jpeg"}],"author":"Leinewelle","twitter_card":"summary_large_image","twitter_creator":"@https:\/\/twitter.com\/RLeinewelle?ref_src=twsrcgoogletwcampserptwgrauthor","twitter_site":"@RLeinewelle","twitter_misc":{"Verfasst von":"Leinewelle","Gesch\u00e4tzte Lesezeit":"2\u00a0Minuten"},"schema":{"@context":"https:\/\/schema.org","@graph":[{"@type":"Article","@id":"https:\/\/radioleinewelle.de\/index.php\/2022\/12\/08\/holtensen-wieder-gegenstand-auf-fahrzeug-geworfen\/#article","isPartOf":{"@id":"https:\/\/radioleinewelle.de\/index.php\/2022\/12\/08\/holtensen-wieder-gegenstand-auf-fahrzeug-geworfen\/"},"author":{"name":"Leinewelle","@id":"https:\/\/radioleinewelle.de\/#\/schema\/person\/45606f348637df637192dc1b68399a63"},"headline":"Holtensen: Wieder Gegenstand auf Fahrzeug geworfen","datePublished":"2022-12-08T02:37:00+00:00","mainEntityOfPage":{"@id":"https:\/\/radioleinewelle.de\/index.php\/2022\/12\/08\/holtensen-wieder-gegenstand-auf-fahrzeug-geworfen\/"},"wordCount":226,"publisher":{"@id":"https:\/\/radioleinewelle.de\/#organization"},"image":{"@id":"https:\/\/radioleinewelle.de\/index.php\/2022\/12\/08\/holtensen-wieder-gegenstand-auf-fahrzeug-geworfen\/#primaryimage"},"thumbnailUrl":"https:\/\/radioleinewelle.de\/wp-content\/uploads\/2022\/12\/Windschutzscheibe.jpg","articleSection":["Aktuelle Nachrichten"],"inLanguage":"de"},{"@type":"WebPage","@id":"https:\/\/radioleinewelle.de\/index.php\/2022\/12\/08\/holtensen-wieder-gegenstand-auf-fahrzeug-geworfen\/","url":"https:\/\/radioleinewelle.de\/index.php\/2022\/12\/08\/holtensen-wieder-gegenstand-auf-fahrzeug-geworfen\/","name":"Holtensen: Wieder Gegenstand auf Fahrzeug geworfen - Radio Leinewelle","isPartOf":{"@id":"https:\/\/radioleinewelle.de\/#website"},"primaryImageOfPage":{"@id":"https:\/\/radioleinewelle.de\/index.php\/2022\/12\/08\/holtensen-wieder-gegenstand-auf-fahrzeug-geworfen\/#primaryimage"},"image":{"@id":"https:\/\/radioleinewelle.de\/index.php\/2022\/12\/08\/holtensen-wieder-gegenstand-auf-fahrzeug-geworfen\/#primaryimage"},"thumbnailUrl":"https:\/\/radioleinewelle.de\/wp-content\/uploads\/2022\/12\/Windschutzscheibe.jpg","datePublished":"2022-12-08T02:37:00+00:00","breadcrumb":{"@id":"https:\/\/radioleinewelle.de\/index.php\/2022\/12\/08\/holtensen-wieder-gegenstand-auf-fahrzeug-geworfen\/#breadcrumb"},"inLanguage":"de","potentialAction":[{"@type":"ReadAction","target":["https:\/\/radioleinewelle.de\/index.php\/2022\/12\/08\/holtensen-wieder-gegenstand-auf-fahrzeug-geworfen\/"]}]},{"@type":"ImageObject","inLanguage":"de","@id":"https:\/\/radioleinewelle.de\/index.php\/2022\/12\/08\/holtensen-wieder-gegenstand-auf-fahrzeug-geworfen\/#primaryimage","url":"https:\/\/radioleinewelle.de\/wp-content\/uploads\/2022\/12\/Windschutzscheibe.jpg","contentUrl":"https:\/\/radioleinewelle.de\/wp-content\/uploads\/2022\/12\/Windschutzscheibe.jpg","width":640,"height":480,"caption":"Foto: Polizei G\u00f6ttingen"},{"@type":"BreadcrumbList","@id":"https:\/\/radioleinewelle.de\/index.php\/2022\/12\/08\/holtensen-wieder-gegenstand-auf-fahrzeug-geworfen\/#breadcrumb","itemListElement":[{"@type":"ListItem","position":1,"name":"Startseite","item":"https:\/\/radioleinewelle.de\/"},{"@type":"ListItem","position":2,"name":"Holtensen: Wieder Gegenstand auf Fahrzeug geworfen"}]},{"@type":"WebSite","@id":"https:\/\/radioleinewelle.de\/#website","url":"https:\/\/radioleinewelle.de\/","name":"Radio Leinewelle","description":"","publisher":{"@id":"https:\/\/radioleinewelle.de\/#organization"},"potentialAction":[{"@type":"SearchAction","target":{"@type":"EntryPoint","urlTemplate":"https:\/\/radioleinewelle.de\/?s={search_term_string}"},"query-input":{"@type":"PropertyValueSpecification","valueRequired":true,"valueName":"search_term_string"}}],"inLanguage":"de"},{"@type":"Organization","@id":"https:\/\/radioleinewelle.de\/#organization","name":"Radio Leinewelle","alternateName":"Mein Radio f\u00fcr S\u00fcdniedersachsen","url":"https:\/\/radioleinewelle.de\/","logo":{"@type":"ImageObject","inLanguage":"de","@id":"https:\/\/radioleinewelle.de\/#\/schema\/logo\/image\/","url":"https:\/\/radioleinewelle.de\/wp-content\/uploads\/2023\/11\/cropped-Leinewelle_Logo_weiss.png","contentUrl":"https:\/\/radioleinewelle.de\/wp-content\/uploads\/2023\/11\/cropped-Leinewelle_Logo_weiss.png","width":854,"height":260,"caption":"Radio Leinewelle"},"image":{"@id":"https:\/\/radioleinewelle.de\/#\/schema\/logo\/image\/"},"sameAs":["https:\/\/www.facebook.com\/radioleinewelle","https:\/\/x.com\/RLeinewelle","https:\/\/www.instagram.com\/radioleinewelle\/?hl=de"]},{"@type":"Person","@id":"https:\/\/radioleinewelle.de\/#\/schema\/person\/45606f348637df637192dc1b68399a63","name":"Leinewelle","image":{"@type":"ImageObject","inLanguage":"de","@id":"https:\/\/secure.gravatar.com\/avatar\/05c9a17bc973052ee5d91549bd32fb4dd0dc85b7b85ae94b2e2b4943476bbea5?s=96&d=blank&r=g","url":"https:\/\/secure.gravatar.com\/avatar\/05c9a17bc973052ee5d91549bd32fb4dd0dc85b7b85ae94b2e2b4943476bbea5?s=96&d=blank&r=g","contentUrl":"https:\/\/secure.gravatar.com\/avatar\/05c9a17bc973052ee5d91549bd32fb4dd0dc85b7b85ae94b2e2b4943476bbea5?s=96&d=blank&r=g","caption":"Leinewelle"},"sameAs":["http:\/\/localhost\/radio%20leinewelle\/wordpress","https:\/\/www.facebook.com\/radioleinewelle","https:\/\/www.instagram.com\/radioleinewelle","https:\/\/x.com\/https:\/\/twitter.com\/RLeinewelle?ref_src=twsrcgoogletwcampserptwgrauthor","https:\/\/soundcloud.com\/foerderverein-lokalradio?utm_source=clipboard&utm_medium=text&utm_campaign=social_sharing"],"url":"https:\/\/radioleinewelle.de\/index.php\/author\/leinewelle\/"}]}},"_links":{"self":[{"href":"https:\/\/radioleinewelle.de\/index.php\/wp-json\/wp\/v2\/posts\/17112","targetHints":{"allow":["GET"]}}],"collection":[{"href":"https:\/\/radioleinewelle.de\/index.php\/wp-json\/wp\/v2\/posts"}],"about":[{"href":"https:\/\/radioleinewelle.de\/index.php\/wp-json\/wp\/v2\/types\/post"}],"author":[{"embeddable":true,"href":"https:\/\/radioleinewelle.de\/index.php\/wp-json\/wp\/v2\/users\/1"}],"replies":[{"embeddable":true,"href":"https:\/\/radioleinewelle.de\/index.php\/wp-json\/wp\/v2\/comments?post=17112"}],"version-history":[{"count":0,"href":"https:\/\/radioleinewelle.de\/index.php\/wp-json\/wp\/v2\/posts\/17112\/revisions"}],"wp:featuredmedia":[{"embeddable":true,"href":"https:\/\/radioleinewelle.de\/index.php\/wp-json\/wp\/v2\/media\/17114"}],"wp:attachment":[{"href":"https:\/\/radioleinewelle.de\/index.php\/wp-json\/wp\/v2\/media?parent=17112"}],"wp:term":[{"taxonomy":"category","embeddable":true,"href":"https:\/\/radioleinewelle.de\/index.php\/wp-json\/wp\/v2\/categories?post=17112"},{"taxonomy":"post_tag","embeddable":true,"href":"https:\/\/radioleinewelle.de\/index.php\/wp-json\/wp\/v2\/tags?post=17112"}],"curies":[{"name":"wp","href":"https:\/\/api.w.org\/{rel}","templated":true}]}}