{"id":17118,"date":"2022-12-08T03:46:00","date_gmt":"2022-12-08T02:46:00","guid":{"rendered":"https:\/\/radioleinewelle.de\/?p=17118"},"modified":"2022-12-08T03:46:00","modified_gmt":"2022-12-08T02:46:00","slug":"die-verbraucherzentrale-informiert-ueber-ungerechtfertigte-energiepreiserhoehungen","status":"publish","type":"post","link":"https:\/\/radioleinewelle.de\/index.php\/2022\/12\/08\/die-verbraucherzentrale-informiert-ueber-ungerechtfertigte-energiepreiserhoehungen\/","title":{"rendered":"Die Verbraucherzentrale informiert \u00fcber ungerechtfertigte Energiepreiserh\u00f6hungen"},"content":{"rendered":"\n<p><strong>Die von der Bundesregierung geplante Regelung gegen ungerechtfertigte Preiserh\u00f6hungen bei Strom und Gas hat zu gro\u00dfer Verunsicherung gef\u00fchrt. Die Verbraucherzentrale Niedersachsen erh\u00e4lt aktuell zahlreiche Anfragen von Verbraucherinnen und Verbrauchern, die wissen wollen, ob sie bereits angek\u00fcndigten Preiserh\u00f6hungen ihres Versorgers nun einfach widersprechen oder Zahlungen aussetzen k\u00f6nnen. Davon ist jedoch dringend abzuraten: Noch ist die geplante \u00c4nderung nicht beschlossen. Zudem hat sie keine direkte Auswirkung auf das Verh\u00e4ltnis zwischen Kundinnen\/Kunden und Energieversorgern.&nbsp;<\/strong><\/p>\n\n\n\n<p>\u201eUngerechtfertigte Preiserh\u00f6hungen von Energieversorgern einzugrenzen, ist ein wichtiger Schritt, den wir sehr begr\u00fc\u00dfen\u201c, erkl\u00e4rt Julia Schr\u00f6der, Energierechtsexpertin der Verbraucherzentrale Niedersachsen. \u201eAktuell merken wir jedoch, dass die angek\u00fcndigten Pl\u00e4ne zu vielen Fragen und Missverst\u00e4ndnissen bei Verbraucherinnen und Verbrauchern f\u00fchren.\u201c Zun\u00e4chst einmal sei es wichtig festzuhalten, dass die Regelungen \u2013 ebenso wie die Strom- und Gaspreisbremse \u2013 bisher nur als Gesetzesentwurf vorliegen. \u201eIm parlamentarischen Verfahren kann sich der Entwurf noch ver\u00e4ndern. Final beschlossen und damit rechtskr\u00e4ftig ist er noch nicht\u201c, sagt Schr\u00f6der. F\u00fcr Verbraucherinnen und Verbraucher hei\u00dft das: Aktuell \u00e4ndert sich im Umgang mit Preiserh\u00f6hungen erst einmal nichts, es gelten die bekannten Regelungen.<\/p>\n\n\n\n<p><strong>Nachweispflicht f\u00fcr Konzerne wirkt nur indirekt auf Verbraucher<\/strong><\/p>\n\n\n\n<p>Ein weiteres Missverst\u00e4ndnis betrifft die Ausgestaltung des Missbrauchsschutzes: Der Gesetzesentwurf sieht vor, dass Energieversorger gegen\u00fcber dem Bundeskartellamt zuk\u00fcnftig nachweisen m\u00fcssen, dass eine Preiserh\u00f6hung \u201esachlich gerechtfertigt&#8220; ist. \u201eDas w\u00e4re beispielsweise der Fall, wenn die Beschaffungskosten in gleichem Ma\u00dfe gestiegen sind\u201c, so Schr\u00f6der. Sollte die Aufsichtsbeh\u00f6rde zu einem anderen Schluss kommen, w\u00fcrden vermutlich Geldstrafen verh\u00e4ngt, betroffene Kundinnen und Kunden bek\u00e4men ihr Geld zur\u00fcck. \u201eDas bedeutet aber bisher nicht, dass Verbraucherinnen und Verbraucher erweiterte Anspr\u00fcche oder Widerspruchsrechte gegen\u00fcber den Versorgern erhalten\u201c, erkl\u00e4rt die Rechtsexpertin.&nbsp;<\/p>\n\n\n\n<p>Unklar sei derzeit noch, ab wann die neue Regelung greife: auch f\u00fcr Preiserh\u00f6hungen, die bereits ab Januar 2023 wirksam werden oder nur f\u00fcr solche, die ab dem 01.01.2023 angek\u00fcndigt werden.<\/p>\n\n\n\n<p><strong>Online-Vortrag zu Soforthilfe, Preisbremsen und -erh\u00f6hungen<\/strong><\/p>\n\n\n\n<p>Wie sieht der richtige Umgang mit Preiserh\u00f6hungen aus? Wie sollen Strom- und Gaspreisbremse funktionieren? Antworten auf diese und weitere Fragen erhalten Interessierte am 20.12.2022 ab 18 Uhr bei einem kostenfreien Online-Vortrag der Verbraucherzentrale zum Energierecht. Jetzt auf der Website&nbsp;<a href=\"https:\/\/www.verbraucherzentrale-niedersachsen.de\/veranstaltungen\/soforthilfe-preisbremsen-preiserhoehungen-was-sind-meine-rechte\" target=\"_blank\" rel=\"noreferrer noopener\">anmelden<\/a>.<\/p>\n\n\n\n<p>Bei Fragen zum Energierecht hilft die Beratung der Verbraucherzentrale Niedersachsen \u2013 vor Ort und telefonisch:&nbsp;<a href=\"https:\/\/www.verbraucherzentrale-niedersachsen.de\/beratung\" target=\"_blank\" rel=\"noreferrer noopener\">www.verbraucherzentrale-niedersachsen.de\/beratung<\/a><\/p>\n\n\n\n<p>Symbolbild von <a href=\"http:\/\/Bild von &lt;a href=&quot;https:\/\/pixabay.com\/de\/users\/projekt_kaffeebart-5458960\/?utm_source=link-attribution&amp;utm_medium=referral&amp;utm_campaign=image&amp;utm_content=3785464&quot;&gt;Kaffeebart&lt;\/a&gt; auf &lt;a href=&quot;https:\/\/pixabay.com\/de\/\/?utm_source=link-attribution&amp;utm_medium=referral&amp;utm_campaign=image&amp;utm_content=3785464&quot;&gt;Pixabay&lt;\/a&gt;\">Pixabay<\/a><\/p>\n","protected":false},"excerpt":{"rendered":"<p>Die von der Bundesregierung geplante Regelung gegen ungerechtfertigte Preiserh\u00f6hungen bei Strom und Gas hat zu gro\u00dfer Verunsicherung gef\u00fchrt. Die Verbraucherzentrale Niedersachsen erh\u00e4lt aktuell zahlreiche Anfragen von Verbraucherinnen und Verbrauchern, die wissen wollen, ob sie bereits angek\u00fcndigten Preiserh\u00f6hungen ihres Versorgers nun einfach widersprechen oder Zahlungen aussetzen k\u00f6nnen. Davon ist jedoch dringend abzuraten: Noch ist die geplante [&hellip;]<\/p>\n","protected":false},"author":1,"featured_media":17119,"comment_status":"closed","ping_status":"closed","sticky":false,"template":"","format":"standard","meta":{"saved_in_kubio":false,"footnotes":""},"categories":[2708],"tags":[3663,217],"class_list":["post-17118","post","type-post","status-publish","format-standard","has-post-thumbnail","hentry","category-energie","tag-energiepreiserhoehungen","tag-verbraucherzentrale"],"yoast_head":"<!-- This site is optimized with the Yoast SEO plugin v27.5 - https:\/\/yoast.com\/product\/yoast-seo-wordpress\/ -->\n<title>Die Verbraucherzentrale informiert \u00fcber ungerechtfertigte Energiepreiserh\u00f6hungen - Radio Leinewelle<\/title>\n<meta name=\"robots\" content=\"index, follow, max-snippet:-1, max-image-preview:large, max-video-preview:-1\" \/>\n<link rel=\"canonical\" href=\"https:\/\/radioleinewelle.de\/index.php\/2022\/12\/08\/die-verbraucherzentrale-informiert-ueber-ungerechtfertigte-energiepreiserhoehungen\/\" \/>\n<meta property=\"og:locale\" content=\"de_DE\" \/>\n<meta property=\"og:type\" content=\"article\" \/>\n<meta property=\"og:title\" content=\"Die Verbraucherzentrale informiert \u00fcber ungerechtfertigte Energiepreiserh\u00f6hungen - Radio Leinewelle\" \/>\n<meta property=\"og:description\" content=\"Die von der Bundesregierung geplante Regelung gegen ungerechtfertigte Preiserh\u00f6hungen bei Strom und Gas hat zu gro\u00dfer Verunsicherung gef\u00fchrt. Die Verbraucherzentrale Niedersachsen erh\u00e4lt aktuell zahlreiche Anfragen von Verbraucherinnen und Verbrauchern, die wissen wollen, ob sie bereits angek\u00fcndigten Preiserh\u00f6hungen ihres Versorgers nun einfach widersprechen oder Zahlungen aussetzen k\u00f6nnen. Davon ist jedoch dringend abzuraten: Noch ist die geplante [&hellip;]\" \/>\n<meta property=\"og:url\" content=\"https:\/\/radioleinewelle.de\/index.php\/2022\/12\/08\/die-verbraucherzentrale-informiert-ueber-ungerechtfertigte-energiepreiserhoehungen\/\" \/>\n<meta property=\"og:site_name\" content=\"Radio Leinewelle\" \/>\n<meta property=\"article:publisher\" content=\"https:\/\/www.facebook.com\/radioleinewelle\" \/>\n<meta property=\"article:author\" content=\"https:\/\/www.facebook.com\/radioleinewelle\" \/>\n<meta property=\"article:published_time\" content=\"2022-12-08T02:46:00+00:00\" \/>\n<meta property=\"og:image\" content=\"https:\/\/radioleinewelle.de\/wp-content\/uploads\/2022\/12\/three-phase-meter-gd14343a75_640.jpg\" \/>\n\t<meta property=\"og:image:width\" content=\"532\" \/>\n\t<meta property=\"og:image:height\" content=\"640\" \/>\n\t<meta property=\"og:image:type\" content=\"image\/jpeg\" \/>\n<meta name=\"author\" content=\"Leinewelle\" \/>\n<meta name=\"twitter:card\" content=\"summary_large_image\" \/>\n<meta name=\"twitter:creator\" content=\"@https:\/\/twitter.com\/RLeinewelle?ref_src=twsrcgoogletwcampserptwgrauthor\" \/>\n<meta name=\"twitter:site\" content=\"@RLeinewelle\" \/>\n<meta name=\"twitter:label1\" content=\"Verfasst von\" \/>\n\t<meta name=\"twitter:data1\" content=\"Leinewelle\" \/>\n<script type=\"application\/ld+json\" class=\"yoast-schema-graph\">{\"@context\":\"https:\\\/\\\/schema.org\",\"@graph\":[{\"@type\":\"Article\",\"@id\":\"https:\\\/\\\/radioleinewelle.de\\\/index.php\\\/2022\\\/12\\\/08\\\/die-verbraucherzentrale-informiert-ueber-ungerechtfertigte-energiepreiserhoehungen\\\/#article\",\"isPartOf\":{\"@id\":\"https:\\\/\\\/radioleinewelle.de\\\/index.php\\\/2022\\\/12\\\/08\\\/die-verbraucherzentrale-informiert-ueber-ungerechtfertigte-energiepreiserhoehungen\\\/\"},\"author\":{\"name\":\"Leinewelle\",\"@id\":\"https:\\\/\\\/radioleinewelle.de\\\/#\\\/schema\\\/person\\\/45606f348637df637192dc1b68399a63\"},\"headline\":\"Die Verbraucherzentrale informiert \u00fcber ungerechtfertigte Energiepreiserh\u00f6hungen\",\"datePublished\":\"2022-12-08T02:46:00+00:00\",\"mainEntityOfPage\":{\"@id\":\"https:\\\/\\\/radioleinewelle.de\\\/index.php\\\/2022\\\/12\\\/08\\\/die-verbraucherzentrale-informiert-ueber-ungerechtfertigte-energiepreiserhoehungen\\\/\"},\"wordCount\":410,\"publisher\":{\"@id\":\"https:\\\/\\\/radioleinewelle.de\\\/#organization\"},\"image\":{\"@id\":\"https:\\\/\\\/radioleinewelle.de\\\/index.php\\\/2022\\\/12\\\/08\\\/die-verbraucherzentrale-informiert-ueber-ungerechtfertigte-energiepreiserhoehungen\\\/#primaryimage\"},\"thumbnailUrl\":\"https:\\\/\\\/radioleinewelle.de\\\/wp-content\\\/uploads\\\/2022\\\/12\\\/three-phase-meter-gd14343a75_640.jpg\",\"keywords\":[\"Energiepreiserh\u00f6hungen\",\"Verbraucherzentrale\"],\"articleSection\":[\"Energie\"],\"inLanguage\":\"de\"},{\"@type\":\"WebPage\",\"@id\":\"https:\\\/\\\/radioleinewelle.de\\\/index.php\\\/2022\\\/12\\\/08\\\/die-verbraucherzentrale-informiert-ueber-ungerechtfertigte-energiepreiserhoehungen\\\/\",\"url\":\"https:\\\/\\\/radioleinewelle.de\\\/index.php\\\/2022\\\/12\\\/08\\\/die-verbraucherzentrale-informiert-ueber-ungerechtfertigte-energiepreiserhoehungen\\\/\",\"name\":\"Die Verbraucherzentrale informiert \u00fcber ungerechtfertigte Energiepreiserh\u00f6hungen - Radio Leinewelle\",\"isPartOf\":{\"@id\":\"https:\\\/\\\/radioleinewelle.de\\\/#website\"},\"primaryImageOfPage\":{\"@id\":\"https:\\\/\\\/radioleinewelle.de\\\/index.php\\\/2022\\\/12\\\/08\\\/die-verbraucherzentrale-informiert-ueber-ungerechtfertigte-energiepreiserhoehungen\\\/#primaryimage\"},\"image\":{\"@id\":\"https:\\\/\\\/radioleinewelle.de\\\/index.php\\\/2022\\\/12\\\/08\\\/die-verbraucherzentrale-informiert-ueber-ungerechtfertigte-energiepreiserhoehungen\\\/#primaryimage\"},\"thumbnailUrl\":\"https:\\\/\\\/radioleinewelle.de\\\/wp-content\\\/uploads\\\/2022\\\/12\\\/three-phase-meter-gd14343a75_640.jpg\",\"datePublished\":\"2022-12-08T02:46:00+00:00\",\"breadcrumb\":{\"@id\":\"https:\\\/\\\/radioleinewelle.de\\\/index.php\\\/2022\\\/12\\\/08\\\/die-verbraucherzentrale-informiert-ueber-ungerechtfertigte-energiepreiserhoehungen\\\/#breadcrumb\"},\"inLanguage\":\"de\",\"potentialAction\":[{\"@type\":\"ReadAction\",\"target\":[\"https:\\\/\\\/radioleinewelle.de\\\/index.php\\\/2022\\\/12\\\/08\\\/die-verbraucherzentrale-informiert-ueber-ungerechtfertigte-energiepreiserhoehungen\\\/\"]}]},{\"@type\":\"ImageObject\",\"inLanguage\":\"de\",\"@id\":\"https:\\\/\\\/radioleinewelle.de\\\/index.php\\\/2022\\\/12\\\/08\\\/die-verbraucherzentrale-informiert-ueber-ungerechtfertigte-energiepreiserhoehungen\\\/#primaryimage\",\"url\":\"https:\\\/\\\/radioleinewelle.de\\\/wp-content\\\/uploads\\\/2022\\\/12\\\/three-phase-meter-gd14343a75_640.jpg\",\"contentUrl\":\"https:\\\/\\\/radioleinewelle.de\\\/wp-content\\\/uploads\\\/2022\\\/12\\\/three-phase-meter-gd14343a75_640.jpg\",\"width\":532,\"height\":640},{\"@type\":\"BreadcrumbList\",\"@id\":\"https:\\\/\\\/radioleinewelle.de\\\/index.php\\\/2022\\\/12\\\/08\\\/die-verbraucherzentrale-informiert-ueber-ungerechtfertigte-energiepreiserhoehungen\\\/#breadcrumb\",\"itemListElement\":[{\"@type\":\"ListItem\",\"position\":1,\"name\":\"Startseite\",\"item\":\"https:\\\/\\\/radioleinewelle.de\\\/\"},{\"@type\":\"ListItem\",\"position\":2,\"name\":\"Die Verbraucherzentrale informiert \u00fcber ungerechtfertigte Energiepreiserh\u00f6hungen\"}]},{\"@type\":\"WebSite\",\"@id\":\"https:\\\/\\\/radioleinewelle.de\\\/#website\",\"url\":\"https:\\\/\\\/radioleinewelle.de\\\/\",\"name\":\"Radio Leinewelle\",\"description\":\"\",\"publisher\":{\"@id\":\"https:\\\/\\\/radioleinewelle.de\\\/#organization\"},\"potentialAction\":[{\"@type\":\"SearchAction\",\"target\":{\"@type\":\"EntryPoint\",\"urlTemplate\":\"https:\\\/\\\/radioleinewelle.de\\\/?s={search_term_string}\"},\"query-input\":{\"@type\":\"PropertyValueSpecification\",\"valueRequired\":true,\"valueName\":\"search_term_string\"}}],\"inLanguage\":\"de\"},{\"@type\":\"Organization\",\"@id\":\"https:\\\/\\\/radioleinewelle.de\\\/#organization\",\"name\":\"Radio Leinewelle\",\"alternateName\":\"Mein Radio f\u00fcr S\u00fcdniedersachsen\",\"url\":\"https:\\\/\\\/radioleinewelle.de\\\/\",\"logo\":{\"@type\":\"ImageObject\",\"inLanguage\":\"de\",\"@id\":\"https:\\\/\\\/radioleinewelle.de\\\/#\\\/schema\\\/logo\\\/image\\\/\",\"url\":\"https:\\\/\\\/radioleinewelle.de\\\/wp-content\\\/uploads\\\/2023\\\/11\\\/cropped-Leinewelle_Logo_weiss.png\",\"contentUrl\":\"https:\\\/\\\/radioleinewelle.de\\\/wp-content\\\/uploads\\\/2023\\\/11\\\/cropped-Leinewelle_Logo_weiss.png\",\"width\":854,\"height\":260,\"caption\":\"Radio Leinewelle\"},\"image\":{\"@id\":\"https:\\\/\\\/radioleinewelle.de\\\/#\\\/schema\\\/logo\\\/image\\\/\"},\"sameAs\":[\"https:\\\/\\\/www.facebook.com\\\/radioleinewelle\",\"https:\\\/\\\/x.com\\\/RLeinewelle\",\"https:\\\/\\\/www.instagram.com\\\/radioleinewelle\\\/?hl=de\"]},{\"@type\":\"Person\",\"@id\":\"https:\\\/\\\/radioleinewelle.de\\\/#\\\/schema\\\/person\\\/45606f348637df637192dc1b68399a63\",\"name\":\"Leinewelle\",\"image\":{\"@type\":\"ImageObject\",\"inLanguage\":\"de\",\"@id\":\"https:\\\/\\\/secure.gravatar.com\\\/avatar\\\/05c9a17bc973052ee5d91549bd32fb4dd0dc85b7b85ae94b2e2b4943476bbea5?s=96&d=blank&r=g\",\"url\":\"https:\\\/\\\/secure.gravatar.com\\\/avatar\\\/05c9a17bc973052ee5d91549bd32fb4dd0dc85b7b85ae94b2e2b4943476bbea5?s=96&d=blank&r=g\",\"contentUrl\":\"https:\\\/\\\/secure.gravatar.com\\\/avatar\\\/05c9a17bc973052ee5d91549bd32fb4dd0dc85b7b85ae94b2e2b4943476bbea5?s=96&d=blank&r=g\",\"caption\":\"Leinewelle\"},\"sameAs\":[\"http:\\\/\\\/localhost\\\/radio%20leinewelle\\\/wordpress\",\"https:\\\/\\\/www.facebook.com\\\/radioleinewelle\",\"https:\\\/\\\/www.instagram.com\\\/radioleinewelle\",\"https:\\\/\\\/x.com\\\/https:\\\/\\\/twitter.com\\\/RLeinewelle?ref_src=twsrcgoogletwcampserptwgrauthor\",\"https:\\\/\\\/soundcloud.com\\\/foerderverein-lokalradio?utm_source=clipboard&utm_medium=text&utm_campaign=social_sharing\"],\"url\":\"https:\\\/\\\/radioleinewelle.de\\\/index.php\\\/author\\\/leinewelle\\\/\"}]}<\/script>\n<!-- \/ Yoast SEO plugin. -->","yoast_head_json":{"title":"Die Verbraucherzentrale informiert \u00fcber ungerechtfertigte Energiepreiserh\u00f6hungen - Radio Leinewelle","robots":{"index":"index","follow":"follow","max-snippet":"max-snippet:-1","max-image-preview":"max-image-preview:large","max-video-preview":"max-video-preview:-1"},"canonical":"https:\/\/radioleinewelle.de\/index.php\/2022\/12\/08\/die-verbraucherzentrale-informiert-ueber-ungerechtfertigte-energiepreiserhoehungen\/","og_locale":"de_DE","og_type":"article","og_title":"Die Verbraucherzentrale informiert \u00fcber ungerechtfertigte Energiepreiserh\u00f6hungen - Radio Leinewelle","og_description":"Die von der Bundesregierung geplante Regelung gegen ungerechtfertigte Preiserh\u00f6hungen bei Strom und Gas hat zu gro\u00dfer Verunsicherung gef\u00fchrt. Die Verbraucherzentrale Niedersachsen erh\u00e4lt aktuell zahlreiche Anfragen von Verbraucherinnen und Verbrauchern, die wissen wollen, ob sie bereits angek\u00fcndigten Preiserh\u00f6hungen ihres Versorgers nun einfach widersprechen oder Zahlungen aussetzen k\u00f6nnen. Davon ist jedoch dringend abzuraten: Noch ist die geplante [&hellip;]","og_url":"https:\/\/radioleinewelle.de\/index.php\/2022\/12\/08\/die-verbraucherzentrale-informiert-ueber-ungerechtfertigte-energiepreiserhoehungen\/","og_site_name":"Radio Leinewelle","article_publisher":"https:\/\/www.facebook.com\/radioleinewelle","article_author":"https:\/\/www.facebook.com\/radioleinewelle","article_published_time":"2022-12-08T02:46:00+00:00","og_image":[{"width":532,"height":640,"url":"https:\/\/radioleinewelle.de\/wp-content\/uploads\/2022\/12\/three-phase-meter-gd14343a75_640.jpg","type":"image\/jpeg"}],"author":"Leinewelle","twitter_card":"summary_large_image","twitter_creator":"@https:\/\/twitter.com\/RLeinewelle?ref_src=twsrcgoogletwcampserptwgrauthor","twitter_site":"@RLeinewelle","twitter_misc":{"Verfasst von":"Leinewelle"},"schema":{"@context":"https:\/\/schema.org","@graph":[{"@type":"Article","@id":"https:\/\/radioleinewelle.de\/index.php\/2022\/12\/08\/die-verbraucherzentrale-informiert-ueber-ungerechtfertigte-energiepreiserhoehungen\/#article","isPartOf":{"@id":"https:\/\/radioleinewelle.de\/index.php\/2022\/12\/08\/die-verbraucherzentrale-informiert-ueber-ungerechtfertigte-energiepreiserhoehungen\/"},"author":{"name":"Leinewelle","@id":"https:\/\/radioleinewelle.de\/#\/schema\/person\/45606f348637df637192dc1b68399a63"},"headline":"Die Verbraucherzentrale informiert \u00fcber ungerechtfertigte Energiepreiserh\u00f6hungen","datePublished":"2022-12-08T02:46:00+00:00","mainEntityOfPage":{"@id":"https:\/\/radioleinewelle.de\/index.php\/2022\/12\/08\/die-verbraucherzentrale-informiert-ueber-ungerechtfertigte-energiepreiserhoehungen\/"},"wordCount":410,"publisher":{"@id":"https:\/\/radioleinewelle.de\/#organization"},"image":{"@id":"https:\/\/radioleinewelle.de\/index.php\/2022\/12\/08\/die-verbraucherzentrale-informiert-ueber-ungerechtfertigte-energiepreiserhoehungen\/#primaryimage"},"thumbnailUrl":"https:\/\/radioleinewelle.de\/wp-content\/uploads\/2022\/12\/three-phase-meter-gd14343a75_640.jpg","keywords":["Energiepreiserh\u00f6hungen","Verbraucherzentrale"],"articleSection":["Energie"],"inLanguage":"de"},{"@type":"WebPage","@id":"https:\/\/radioleinewelle.de\/index.php\/2022\/12\/08\/die-verbraucherzentrale-informiert-ueber-ungerechtfertigte-energiepreiserhoehungen\/","url":"https:\/\/radioleinewelle.de\/index.php\/2022\/12\/08\/die-verbraucherzentrale-informiert-ueber-ungerechtfertigte-energiepreiserhoehungen\/","name":"Die Verbraucherzentrale informiert \u00fcber ungerechtfertigte Energiepreiserh\u00f6hungen - Radio Leinewelle","isPartOf":{"@id":"https:\/\/radioleinewelle.de\/#website"},"primaryImageOfPage":{"@id":"https:\/\/radioleinewelle.de\/index.php\/2022\/12\/08\/die-verbraucherzentrale-informiert-ueber-ungerechtfertigte-energiepreiserhoehungen\/#primaryimage"},"image":{"@id":"https:\/\/radioleinewelle.de\/index.php\/2022\/12\/08\/die-verbraucherzentrale-informiert-ueber-ungerechtfertigte-energiepreiserhoehungen\/#primaryimage"},"thumbnailUrl":"https:\/\/radioleinewelle.de\/wp-content\/uploads\/2022\/12\/three-phase-meter-gd14343a75_640.jpg","datePublished":"2022-12-08T02:46:00+00:00","breadcrumb":{"@id":"https:\/\/radioleinewelle.de\/index.php\/2022\/12\/08\/die-verbraucherzentrale-informiert-ueber-ungerechtfertigte-energiepreiserhoehungen\/#breadcrumb"},"inLanguage":"de","potentialAction":[{"@type":"ReadAction","target":["https:\/\/radioleinewelle.de\/index.php\/2022\/12\/08\/die-verbraucherzentrale-informiert-ueber-ungerechtfertigte-energiepreiserhoehungen\/"]}]},{"@type":"ImageObject","inLanguage":"de","@id":"https:\/\/radioleinewelle.de\/index.php\/2022\/12\/08\/die-verbraucherzentrale-informiert-ueber-ungerechtfertigte-energiepreiserhoehungen\/#primaryimage","url":"https:\/\/radioleinewelle.de\/wp-content\/uploads\/2022\/12\/three-phase-meter-gd14343a75_640.jpg","contentUrl":"https:\/\/radioleinewelle.de\/wp-content\/uploads\/2022\/12\/three-phase-meter-gd14343a75_640.jpg","width":532,"height":640},{"@type":"BreadcrumbList","@id":"https:\/\/radioleinewelle.de\/index.php\/2022\/12\/08\/die-verbraucherzentrale-informiert-ueber-ungerechtfertigte-energiepreiserhoehungen\/#breadcrumb","itemListElement":[{"@type":"ListItem","position":1,"name":"Startseite","item":"https:\/\/radioleinewelle.de\/"},{"@type":"ListItem","position":2,"name":"Die Verbraucherzentrale informiert \u00fcber ungerechtfertigte Energiepreiserh\u00f6hungen"}]},{"@type":"WebSite","@id":"https:\/\/radioleinewelle.de\/#website","url":"https:\/\/radioleinewelle.de\/","name":"Radio Leinewelle","description":"","publisher":{"@id":"https:\/\/radioleinewelle.de\/#organization"},"potentialAction":[{"@type":"SearchAction","target":{"@type":"EntryPoint","urlTemplate":"https:\/\/radioleinewelle.de\/?s={search_term_string}"},"query-input":{"@type":"PropertyValueSpecification","valueRequired":true,"valueName":"search_term_string"}}],"inLanguage":"de"},{"@type":"Organization","@id":"https:\/\/radioleinewelle.de\/#organization","name":"Radio Leinewelle","alternateName":"Mein Radio f\u00fcr S\u00fcdniedersachsen","url":"https:\/\/radioleinewelle.de\/","logo":{"@type":"ImageObject","inLanguage":"de","@id":"https:\/\/radioleinewelle.de\/#\/schema\/logo\/image\/","url":"https:\/\/radioleinewelle.de\/wp-content\/uploads\/2023\/11\/cropped-Leinewelle_Logo_weiss.png","contentUrl":"https:\/\/radioleinewelle.de\/wp-content\/uploads\/2023\/11\/cropped-Leinewelle_Logo_weiss.png","width":854,"height":260,"caption":"Radio Leinewelle"},"image":{"@id":"https:\/\/radioleinewelle.de\/#\/schema\/logo\/image\/"},"sameAs":["https:\/\/www.facebook.com\/radioleinewelle","https:\/\/x.com\/RLeinewelle","https:\/\/www.instagram.com\/radioleinewelle\/?hl=de"]},{"@type":"Person","@id":"https:\/\/radioleinewelle.de\/#\/schema\/person\/45606f348637df637192dc1b68399a63","name":"Leinewelle","image":{"@type":"ImageObject","inLanguage":"de","@id":"https:\/\/secure.gravatar.com\/avatar\/05c9a17bc973052ee5d91549bd32fb4dd0dc85b7b85ae94b2e2b4943476bbea5?s=96&d=blank&r=g","url":"https:\/\/secure.gravatar.com\/avatar\/05c9a17bc973052ee5d91549bd32fb4dd0dc85b7b85ae94b2e2b4943476bbea5?s=96&d=blank&r=g","contentUrl":"https:\/\/secure.gravatar.com\/avatar\/05c9a17bc973052ee5d91549bd32fb4dd0dc85b7b85ae94b2e2b4943476bbea5?s=96&d=blank&r=g","caption":"Leinewelle"},"sameAs":["http:\/\/localhost\/radio%20leinewelle\/wordpress","https:\/\/www.facebook.com\/radioleinewelle","https:\/\/www.instagram.com\/radioleinewelle","https:\/\/x.com\/https:\/\/twitter.com\/RLeinewelle?ref_src=twsrcgoogletwcampserptwgrauthor","https:\/\/soundcloud.com\/foerderverein-lokalradio?utm_source=clipboard&utm_medium=text&utm_campaign=social_sharing"],"url":"https:\/\/radioleinewelle.de\/index.php\/author\/leinewelle\/"}]}},"_links":{"self":[{"href":"https:\/\/radioleinewelle.de\/index.php\/wp-json\/wp\/v2\/posts\/17118","targetHints":{"allow":["GET"]}}],"collection":[{"href":"https:\/\/radioleinewelle.de\/index.php\/wp-json\/wp\/v2\/posts"}],"about":[{"href":"https:\/\/radioleinewelle.de\/index.php\/wp-json\/wp\/v2\/types\/post"}],"author":[{"embeddable":true,"href":"https:\/\/radioleinewelle.de\/index.php\/wp-json\/wp\/v2\/users\/1"}],"replies":[{"embeddable":true,"href":"https:\/\/radioleinewelle.de\/index.php\/wp-json\/wp\/v2\/comments?post=17118"}],"version-history":[{"count":0,"href":"https:\/\/radioleinewelle.de\/index.php\/wp-json\/wp\/v2\/posts\/17118\/revisions"}],"wp:featuredmedia":[{"embeddable":true,"href":"https:\/\/radioleinewelle.de\/index.php\/wp-json\/wp\/v2\/media\/17119"}],"wp:attachment":[{"href":"https:\/\/radioleinewelle.de\/index.php\/wp-json\/wp\/v2\/media?parent=17118"}],"wp:term":[{"taxonomy":"category","embeddable":true,"href":"https:\/\/radioleinewelle.de\/index.php\/wp-json\/wp\/v2\/categories?post=17118"},{"taxonomy":"post_tag","embeddable":true,"href":"https:\/\/radioleinewelle.de\/index.php\/wp-json\/wp\/v2\/tags?post=17118"}],"curies":[{"name":"wp","href":"https:\/\/api.w.org\/{rel}","templated":true}]}}