{"id":17121,"date":"2022-12-08T03:11:00","date_gmt":"2022-12-08T02:11:00","guid":{"rendered":"https:\/\/radioleinewelle.de\/?p=17121"},"modified":"2022-12-08T03:11:00","modified_gmt":"2022-12-08T02:11:00","slug":"heute-ist-bundesdeutscher-warntag","status":"publish","type":"post","link":"https:\/\/radioleinewelle.de\/index.php\/2022\/12\/08\/heute-ist-bundesdeutscher-warntag\/","title":{"rendered":"Heute ist bundesdeutscher Warntag"},"content":{"rendered":"\n<p>Heute testen Bund, L\u00e4nder und Kommunen gegen 11 Uhr ihre vorhandenen Warnsysteme f\u00fcr Krisen- und Katastrophenf\u00e4lle.<\/p>\n\n\n\n<p>Mit dem Warntag werden die technischen Systeme unter Realbedingungen getestet, um Schwachstellen f\u00fcr den Ernstfall beheben zu k\u00f6nnen. Er ist aber auch wichtig, um die Bev\u00f6lkerung \u00fcber verschiedene Formen der Warnung zu informieren und zu sensibilisieren. Dies ist eine Grundvoraussetzung f\u00fcr die Selbsthilfef\u00e4higkeit der Menschen in Deutschland in einem Krisenfall.<\/p>\n\n\n\n<h2 class=\"wp-block-heading\">Erprobung verschiedener Warnmittel<\/h2>\n\n\n\n<p>Um 11 Uhr wird \u00fcber das Modulare Warnsystem des Bundes (MoWaS) eine Probewarnung versendet. Diese geht an alle Warnmultiplikatoren wie zum Beispiel Rundfunk- und Fernsehsender und Medienunternehmen, die diese Probewarnung an die Bev\u00f6lkerung weitergeben. Au\u00dferdem werden \u00fcber das&nbsp;MoWaS&nbsp;auch direkt angeschlossene Warnmittel wie die vom&nbsp;BBK&nbsp;betriebene Warn-AppNINA&nbsp;oder digitale Stadtinformationstafeln ausgel\u00f6st. Zudem wird in den Z\u00fcgen der Deutschen Bahn und auf Bahnsteigen gewarnt.<\/p>\n\n\n\n<h2 class=\"wp-block-heading\">Neuer Warnkanal Cell Broadcast<\/h2>\n\n\n\n<p>Erstmals wird in diesem Jahr auch eine Probewarnung \u00fcber den neuen Warnkanal Cell Broadcast getestet. Damit k\u00f6nnen Warnnachrichten direkt auf viele Handys geschickt werden.&nbsp;<\/p>\n\n\n\n<p><strong>Wichtig ist zu wissen:<\/strong>&nbsp;<br \/>Nicht alle Handys k\u00f6nnen technisch Cell Broadcast-Nachrichten empfangen. \u00c4ltere Ger\u00e4te k\u00f6nnen dies oft nicht. Sie finden auf unserer Website eine Liste mit den empfangsf\u00e4higen Ger\u00e4ten. Auch bei neueren Handys, die technisch Cell Broadcast-Nachrichten empfangen k\u00f6nnen, m\u00fcssen aktuelle Updates installiert und die Einstellungen f\u00fcr Warnmeldungen aktiviert sein.<\/p>\n\n\n\n<p>Damit Sie die Nachricht erhalten k\u00f6nnen, muss Ihr Handy am 8. Dezember 2022 eingeschaltet und darf nicht im Flugmodus sein.<\/p>\n\n\n\n<p>Parallel dazu werden die am Warntag teilnehmenden L\u00e4nder und Kommunen kommunale Warnmittel wie&nbsp;z.B.&nbsp;Sirenen und Lautsprecherwagen probeweise aktivieren. Gegen 11.45 Uhr wird eine Entwarnung versendet.<\/p>\n\n\n\n<h2 class=\"wp-block-heading\">Optimierung des bundesweiten Warnsystems<\/h2>\n\n\n\n<p>Bund und L\u00e4nder haben in den vergangenen Jahren umfangreich in die Warnung investiert. Mit dem Sirenenf\u00f6rderprogramm des Bundes in H\u00f6he von 88 Millionen Euro wurde der Ausbau des Sirenennetzes bundesweit gest\u00e4rkt. Das Instrumentarium der verschiedenen Warnmittel wurde mit der Einf\u00fchrung des neuen Warnsystems Cell Broadcast signifikant erweitert. Der Bund und die beteiligten Telekommunikationsunternehmen haben nach der Flutkatastrophe im Juli 2021 die rechtlichen und technischen Voraussetzungen daf\u00fcr geschaffen und sind nun in der Erprobungsphase.<\/p>\n\n\n\n<p><strong>Foto:<\/strong> Icon der Warnapp NINA<\/p>\n","protected":false},"excerpt":{"rendered":"<p>Heute testen Bund, L\u00e4nder und Kommunen gegen 11 Uhr ihre vorhandenen Warnsysteme f\u00fcr Krisen- und Katastrophenf\u00e4lle. Mit dem Warntag werden die technischen Systeme unter Realbedingungen getestet, um Schwachstellen f\u00fcr den Ernstfall beheben zu k\u00f6nnen. Er ist aber auch wichtig, um die Bev\u00f6lkerung \u00fcber verschiedene Formen der Warnung zu informieren und zu sensibilisieren. Dies ist eine [&hellip;]<\/p>\n","protected":false},"author":1,"featured_media":17123,"comment_status":"closed","ping_status":"closed","sticky":false,"template":"","format":"standard","meta":{"saved_in_kubio":false,"footnotes":""},"categories":[24],"tags":[3664,2194],"class_list":["post-17121","post","type-post","status-publish","format-standard","has-post-thumbnail","hentry","category-news","tag-cell-broadcast","tag-warntag"],"yoast_head":"<!-- This site is optimized with the Yoast SEO plugin v27.5 - https:\/\/yoast.com\/product\/yoast-seo-wordpress\/ -->\n<title>Heute ist bundesdeutscher Warntag - Radio Leinewelle<\/title>\n<meta name=\"robots\" content=\"index, follow, max-snippet:-1, max-image-preview:large, max-video-preview:-1\" \/>\n<link rel=\"canonical\" href=\"https:\/\/radioleinewelle.de\/index.php\/2022\/12\/08\/heute-ist-bundesdeutscher-warntag\/\" \/>\n<meta property=\"og:locale\" content=\"de_DE\" \/>\n<meta property=\"og:type\" content=\"article\" \/>\n<meta property=\"og:title\" content=\"Heute ist bundesdeutscher Warntag - Radio Leinewelle\" \/>\n<meta property=\"og:description\" content=\"Heute testen Bund, L\u00e4nder und Kommunen gegen 11 Uhr ihre vorhandenen Warnsysteme f\u00fcr Krisen- und Katastrophenf\u00e4lle. Mit dem Warntag werden die technischen Systeme unter Realbedingungen getestet, um Schwachstellen f\u00fcr den Ernstfall beheben zu k\u00f6nnen. Er ist aber auch wichtig, um die Bev\u00f6lkerung \u00fcber verschiedene Formen der Warnung zu informieren und zu sensibilisieren. Dies ist eine [&hellip;]\" \/>\n<meta property=\"og:url\" content=\"https:\/\/radioleinewelle.de\/index.php\/2022\/12\/08\/heute-ist-bundesdeutscher-warntag\/\" \/>\n<meta property=\"og:site_name\" content=\"Radio Leinewelle\" \/>\n<meta property=\"article:publisher\" content=\"https:\/\/www.facebook.com\/radioleinewelle\" \/>\n<meta property=\"article:author\" content=\"https:\/\/www.facebook.com\/radioleinewelle\" \/>\n<meta property=\"article:published_time\" content=\"2022-12-08T02:11:00+00:00\" \/>\n<meta property=\"og:image\" content=\"https:\/\/radioleinewelle.de\/wp-content\/uploads\/2022\/12\/Nina-scaled-e1670447414397.jpg\" \/>\n\t<meta property=\"og:image:width\" content=\"919\" \/>\n\t<meta property=\"og:image:height\" content=\"631\" \/>\n\t<meta property=\"og:image:type\" content=\"image\/jpeg\" \/>\n<meta name=\"author\" content=\"Leinewelle\" \/>\n<meta name=\"twitter:card\" content=\"summary_large_image\" \/>\n<meta name=\"twitter:creator\" content=\"@https:\/\/twitter.com\/RLeinewelle?ref_src=twsrcgoogletwcampserptwgrauthor\" \/>\n<meta name=\"twitter:site\" content=\"@RLeinewelle\" \/>\n<meta name=\"twitter:label1\" content=\"Verfasst von\" \/>\n\t<meta name=\"twitter:data1\" content=\"Leinewelle\" \/>\n\t<meta name=\"twitter:label2\" content=\"Gesch\u00e4tzte Lesezeit\" \/>\n\t<meta name=\"twitter:data2\" content=\"2\u00a0Minuten\" \/>\n<script type=\"application\/ld+json\" class=\"yoast-schema-graph\">{\"@context\":\"https:\\\/\\\/schema.org\",\"@graph\":[{\"@type\":\"Article\",\"@id\":\"https:\\\/\\\/radioleinewelle.de\\\/index.php\\\/2022\\\/12\\\/08\\\/heute-ist-bundesdeutscher-warntag\\\/#article\",\"isPartOf\":{\"@id\":\"https:\\\/\\\/radioleinewelle.de\\\/index.php\\\/2022\\\/12\\\/08\\\/heute-ist-bundesdeutscher-warntag\\\/\"},\"author\":{\"name\":\"Leinewelle\",\"@id\":\"https:\\\/\\\/radioleinewelle.de\\\/#\\\/schema\\\/person\\\/45606f348637df637192dc1b68399a63\"},\"headline\":\"Heute ist bundesdeutscher Warntag\",\"datePublished\":\"2022-12-08T02:11:00+00:00\",\"mainEntityOfPage\":{\"@id\":\"https:\\\/\\\/radioleinewelle.de\\\/index.php\\\/2022\\\/12\\\/08\\\/heute-ist-bundesdeutscher-warntag\\\/\"},\"wordCount\":376,\"publisher\":{\"@id\":\"https:\\\/\\\/radioleinewelle.de\\\/#organization\"},\"image\":{\"@id\":\"https:\\\/\\\/radioleinewelle.de\\\/index.php\\\/2022\\\/12\\\/08\\\/heute-ist-bundesdeutscher-warntag\\\/#primaryimage\"},\"thumbnailUrl\":\"https:\\\/\\\/radioleinewelle.de\\\/wp-content\\\/uploads\\\/2022\\\/12\\\/Nina-scaled-e1670447414397.jpg\",\"keywords\":[\"Cell Broadcast\",\"Warntag\"],\"articleSection\":[\"Aktuelle Nachrichten\"],\"inLanguage\":\"de\"},{\"@type\":\"WebPage\",\"@id\":\"https:\\\/\\\/radioleinewelle.de\\\/index.php\\\/2022\\\/12\\\/08\\\/heute-ist-bundesdeutscher-warntag\\\/\",\"url\":\"https:\\\/\\\/radioleinewelle.de\\\/index.php\\\/2022\\\/12\\\/08\\\/heute-ist-bundesdeutscher-warntag\\\/\",\"name\":\"Heute ist bundesdeutscher Warntag - Radio Leinewelle\",\"isPartOf\":{\"@id\":\"https:\\\/\\\/radioleinewelle.de\\\/#website\"},\"primaryImageOfPage\":{\"@id\":\"https:\\\/\\\/radioleinewelle.de\\\/index.php\\\/2022\\\/12\\\/08\\\/heute-ist-bundesdeutscher-warntag\\\/#primaryimage\"},\"image\":{\"@id\":\"https:\\\/\\\/radioleinewelle.de\\\/index.php\\\/2022\\\/12\\\/08\\\/heute-ist-bundesdeutscher-warntag\\\/#primaryimage\"},\"thumbnailUrl\":\"https:\\\/\\\/radioleinewelle.de\\\/wp-content\\\/uploads\\\/2022\\\/12\\\/Nina-scaled-e1670447414397.jpg\",\"datePublished\":\"2022-12-08T02:11:00+00:00\",\"breadcrumb\":{\"@id\":\"https:\\\/\\\/radioleinewelle.de\\\/index.php\\\/2022\\\/12\\\/08\\\/heute-ist-bundesdeutscher-warntag\\\/#breadcrumb\"},\"inLanguage\":\"de\",\"potentialAction\":[{\"@type\":\"ReadAction\",\"target\":[\"https:\\\/\\\/radioleinewelle.de\\\/index.php\\\/2022\\\/12\\\/08\\\/heute-ist-bundesdeutscher-warntag\\\/\"]}]},{\"@type\":\"ImageObject\",\"inLanguage\":\"de\",\"@id\":\"https:\\\/\\\/radioleinewelle.de\\\/index.php\\\/2022\\\/12\\\/08\\\/heute-ist-bundesdeutscher-warntag\\\/#primaryimage\",\"url\":\"https:\\\/\\\/radioleinewelle.de\\\/wp-content\\\/uploads\\\/2022\\\/12\\\/Nina-scaled-e1670447414397.jpg\",\"contentUrl\":\"https:\\\/\\\/radioleinewelle.de\\\/wp-content\\\/uploads\\\/2022\\\/12\\\/Nina-scaled-e1670447414397.jpg\",\"width\":919,\"height\":631},{\"@type\":\"BreadcrumbList\",\"@id\":\"https:\\\/\\\/radioleinewelle.de\\\/index.php\\\/2022\\\/12\\\/08\\\/heute-ist-bundesdeutscher-warntag\\\/#breadcrumb\",\"itemListElement\":[{\"@type\":\"ListItem\",\"position\":1,\"name\":\"Startseite\",\"item\":\"https:\\\/\\\/radioleinewelle.de\\\/\"},{\"@type\":\"ListItem\",\"position\":2,\"name\":\"Heute ist bundesdeutscher Warntag\"}]},{\"@type\":\"WebSite\",\"@id\":\"https:\\\/\\\/radioleinewelle.de\\\/#website\",\"url\":\"https:\\\/\\\/radioleinewelle.de\\\/\",\"name\":\"Radio Leinewelle\",\"description\":\"\",\"publisher\":{\"@id\":\"https:\\\/\\\/radioleinewelle.de\\\/#organization\"},\"potentialAction\":[{\"@type\":\"SearchAction\",\"target\":{\"@type\":\"EntryPoint\",\"urlTemplate\":\"https:\\\/\\\/radioleinewelle.de\\\/?s={search_term_string}\"},\"query-input\":{\"@type\":\"PropertyValueSpecification\",\"valueRequired\":true,\"valueName\":\"search_term_string\"}}],\"inLanguage\":\"de\"},{\"@type\":\"Organization\",\"@id\":\"https:\\\/\\\/radioleinewelle.de\\\/#organization\",\"name\":\"Radio Leinewelle\",\"alternateName\":\"Mein Radio f\u00fcr S\u00fcdniedersachsen\",\"url\":\"https:\\\/\\\/radioleinewelle.de\\\/\",\"logo\":{\"@type\":\"ImageObject\",\"inLanguage\":\"de\",\"@id\":\"https:\\\/\\\/radioleinewelle.de\\\/#\\\/schema\\\/logo\\\/image\\\/\",\"url\":\"https:\\\/\\\/radioleinewelle.de\\\/wp-content\\\/uploads\\\/2023\\\/11\\\/cropped-Leinewelle_Logo_weiss.png\",\"contentUrl\":\"https:\\\/\\\/radioleinewelle.de\\\/wp-content\\\/uploads\\\/2023\\\/11\\\/cropped-Leinewelle_Logo_weiss.png\",\"width\":854,\"height\":260,\"caption\":\"Radio Leinewelle\"},\"image\":{\"@id\":\"https:\\\/\\\/radioleinewelle.de\\\/#\\\/schema\\\/logo\\\/image\\\/\"},\"sameAs\":[\"https:\\\/\\\/www.facebook.com\\\/radioleinewelle\",\"https:\\\/\\\/x.com\\\/RLeinewelle\",\"https:\\\/\\\/www.instagram.com\\\/radioleinewelle\\\/?hl=de\"]},{\"@type\":\"Person\",\"@id\":\"https:\\\/\\\/radioleinewelle.de\\\/#\\\/schema\\\/person\\\/45606f348637df637192dc1b68399a63\",\"name\":\"Leinewelle\",\"image\":{\"@type\":\"ImageObject\",\"inLanguage\":\"de\",\"@id\":\"https:\\\/\\\/secure.gravatar.com\\\/avatar\\\/05c9a17bc973052ee5d91549bd32fb4dd0dc85b7b85ae94b2e2b4943476bbea5?s=96&d=blank&r=g\",\"url\":\"https:\\\/\\\/secure.gravatar.com\\\/avatar\\\/05c9a17bc973052ee5d91549bd32fb4dd0dc85b7b85ae94b2e2b4943476bbea5?s=96&d=blank&r=g\",\"contentUrl\":\"https:\\\/\\\/secure.gravatar.com\\\/avatar\\\/05c9a17bc973052ee5d91549bd32fb4dd0dc85b7b85ae94b2e2b4943476bbea5?s=96&d=blank&r=g\",\"caption\":\"Leinewelle\"},\"sameAs\":[\"http:\\\/\\\/localhost\\\/radio%20leinewelle\\\/wordpress\",\"https:\\\/\\\/www.facebook.com\\\/radioleinewelle\",\"https:\\\/\\\/www.instagram.com\\\/radioleinewelle\",\"https:\\\/\\\/x.com\\\/https:\\\/\\\/twitter.com\\\/RLeinewelle?ref_src=twsrcgoogletwcampserptwgrauthor\",\"https:\\\/\\\/soundcloud.com\\\/foerderverein-lokalradio?utm_source=clipboard&utm_medium=text&utm_campaign=social_sharing\"],\"url\":\"https:\\\/\\\/radioleinewelle.de\\\/index.php\\\/author\\\/leinewelle\\\/\"}]}<\/script>\n<!-- \/ Yoast SEO plugin. -->","yoast_head_json":{"title":"Heute ist bundesdeutscher Warntag - Radio Leinewelle","robots":{"index":"index","follow":"follow","max-snippet":"max-snippet:-1","max-image-preview":"max-image-preview:large","max-video-preview":"max-video-preview:-1"},"canonical":"https:\/\/radioleinewelle.de\/index.php\/2022\/12\/08\/heute-ist-bundesdeutscher-warntag\/","og_locale":"de_DE","og_type":"article","og_title":"Heute ist bundesdeutscher Warntag - Radio Leinewelle","og_description":"Heute testen Bund, L\u00e4nder und Kommunen gegen 11 Uhr ihre vorhandenen Warnsysteme f\u00fcr Krisen- und Katastrophenf\u00e4lle. Mit dem Warntag werden die technischen Systeme unter Realbedingungen getestet, um Schwachstellen f\u00fcr den Ernstfall beheben zu k\u00f6nnen. Er ist aber auch wichtig, um die Bev\u00f6lkerung \u00fcber verschiedene Formen der Warnung zu informieren und zu sensibilisieren. Dies ist eine [&hellip;]","og_url":"https:\/\/radioleinewelle.de\/index.php\/2022\/12\/08\/heute-ist-bundesdeutscher-warntag\/","og_site_name":"Radio Leinewelle","article_publisher":"https:\/\/www.facebook.com\/radioleinewelle","article_author":"https:\/\/www.facebook.com\/radioleinewelle","article_published_time":"2022-12-08T02:11:00+00:00","og_image":[{"width":919,"height":631,"url":"https:\/\/radioleinewelle.de\/wp-content\/uploads\/2022\/12\/Nina-scaled-e1670447414397.jpg","type":"image\/jpeg"}],"author":"Leinewelle","twitter_card":"summary_large_image","twitter_creator":"@https:\/\/twitter.com\/RLeinewelle?ref_src=twsrcgoogletwcampserptwgrauthor","twitter_site":"@RLeinewelle","twitter_misc":{"Verfasst von":"Leinewelle","Gesch\u00e4tzte Lesezeit":"2\u00a0Minuten"},"schema":{"@context":"https:\/\/schema.org","@graph":[{"@type":"Article","@id":"https:\/\/radioleinewelle.de\/index.php\/2022\/12\/08\/heute-ist-bundesdeutscher-warntag\/#article","isPartOf":{"@id":"https:\/\/radioleinewelle.de\/index.php\/2022\/12\/08\/heute-ist-bundesdeutscher-warntag\/"},"author":{"name":"Leinewelle","@id":"https:\/\/radioleinewelle.de\/#\/schema\/person\/45606f348637df637192dc1b68399a63"},"headline":"Heute ist bundesdeutscher Warntag","datePublished":"2022-12-08T02:11:00+00:00","mainEntityOfPage":{"@id":"https:\/\/radioleinewelle.de\/index.php\/2022\/12\/08\/heute-ist-bundesdeutscher-warntag\/"},"wordCount":376,"publisher":{"@id":"https:\/\/radioleinewelle.de\/#organization"},"image":{"@id":"https:\/\/radioleinewelle.de\/index.php\/2022\/12\/08\/heute-ist-bundesdeutscher-warntag\/#primaryimage"},"thumbnailUrl":"https:\/\/radioleinewelle.de\/wp-content\/uploads\/2022\/12\/Nina-scaled-e1670447414397.jpg","keywords":["Cell Broadcast","Warntag"],"articleSection":["Aktuelle Nachrichten"],"inLanguage":"de"},{"@type":"WebPage","@id":"https:\/\/radioleinewelle.de\/index.php\/2022\/12\/08\/heute-ist-bundesdeutscher-warntag\/","url":"https:\/\/radioleinewelle.de\/index.php\/2022\/12\/08\/heute-ist-bundesdeutscher-warntag\/","name":"Heute ist bundesdeutscher Warntag - Radio Leinewelle","isPartOf":{"@id":"https:\/\/radioleinewelle.de\/#website"},"primaryImageOfPage":{"@id":"https:\/\/radioleinewelle.de\/index.php\/2022\/12\/08\/heute-ist-bundesdeutscher-warntag\/#primaryimage"},"image":{"@id":"https:\/\/radioleinewelle.de\/index.php\/2022\/12\/08\/heute-ist-bundesdeutscher-warntag\/#primaryimage"},"thumbnailUrl":"https:\/\/radioleinewelle.de\/wp-content\/uploads\/2022\/12\/Nina-scaled-e1670447414397.jpg","datePublished":"2022-12-08T02:11:00+00:00","breadcrumb":{"@id":"https:\/\/radioleinewelle.de\/index.php\/2022\/12\/08\/heute-ist-bundesdeutscher-warntag\/#breadcrumb"},"inLanguage":"de","potentialAction":[{"@type":"ReadAction","target":["https:\/\/radioleinewelle.de\/index.php\/2022\/12\/08\/heute-ist-bundesdeutscher-warntag\/"]}]},{"@type":"ImageObject","inLanguage":"de","@id":"https:\/\/radioleinewelle.de\/index.php\/2022\/12\/08\/heute-ist-bundesdeutscher-warntag\/#primaryimage","url":"https:\/\/radioleinewelle.de\/wp-content\/uploads\/2022\/12\/Nina-scaled-e1670447414397.jpg","contentUrl":"https:\/\/radioleinewelle.de\/wp-content\/uploads\/2022\/12\/Nina-scaled-e1670447414397.jpg","width":919,"height":631},{"@type":"BreadcrumbList","@id":"https:\/\/radioleinewelle.de\/index.php\/2022\/12\/08\/heute-ist-bundesdeutscher-warntag\/#breadcrumb","itemListElement":[{"@type":"ListItem","position":1,"name":"Startseite","item":"https:\/\/radioleinewelle.de\/"},{"@type":"ListItem","position":2,"name":"Heute ist bundesdeutscher Warntag"}]},{"@type":"WebSite","@id":"https:\/\/radioleinewelle.de\/#website","url":"https:\/\/radioleinewelle.de\/","name":"Radio Leinewelle","description":"","publisher":{"@id":"https:\/\/radioleinewelle.de\/#organization"},"potentialAction":[{"@type":"SearchAction","target":{"@type":"EntryPoint","urlTemplate":"https:\/\/radioleinewelle.de\/?s={search_term_string}"},"query-input":{"@type":"PropertyValueSpecification","valueRequired":true,"valueName":"search_term_string"}}],"inLanguage":"de"},{"@type":"Organization","@id":"https:\/\/radioleinewelle.de\/#organization","name":"Radio Leinewelle","alternateName":"Mein Radio f\u00fcr S\u00fcdniedersachsen","url":"https:\/\/radioleinewelle.de\/","logo":{"@type":"ImageObject","inLanguage":"de","@id":"https:\/\/radioleinewelle.de\/#\/schema\/logo\/image\/","url":"https:\/\/radioleinewelle.de\/wp-content\/uploads\/2023\/11\/cropped-Leinewelle_Logo_weiss.png","contentUrl":"https:\/\/radioleinewelle.de\/wp-content\/uploads\/2023\/11\/cropped-Leinewelle_Logo_weiss.png","width":854,"height":260,"caption":"Radio Leinewelle"},"image":{"@id":"https:\/\/radioleinewelle.de\/#\/schema\/logo\/image\/"},"sameAs":["https:\/\/www.facebook.com\/radioleinewelle","https:\/\/x.com\/RLeinewelle","https:\/\/www.instagram.com\/radioleinewelle\/?hl=de"]},{"@type":"Person","@id":"https:\/\/radioleinewelle.de\/#\/schema\/person\/45606f348637df637192dc1b68399a63","name":"Leinewelle","image":{"@type":"ImageObject","inLanguage":"de","@id":"https:\/\/secure.gravatar.com\/avatar\/05c9a17bc973052ee5d91549bd32fb4dd0dc85b7b85ae94b2e2b4943476bbea5?s=96&d=blank&r=g","url":"https:\/\/secure.gravatar.com\/avatar\/05c9a17bc973052ee5d91549bd32fb4dd0dc85b7b85ae94b2e2b4943476bbea5?s=96&d=blank&r=g","contentUrl":"https:\/\/secure.gravatar.com\/avatar\/05c9a17bc973052ee5d91549bd32fb4dd0dc85b7b85ae94b2e2b4943476bbea5?s=96&d=blank&r=g","caption":"Leinewelle"},"sameAs":["http:\/\/localhost\/radio%20leinewelle\/wordpress","https:\/\/www.facebook.com\/radioleinewelle","https:\/\/www.instagram.com\/radioleinewelle","https:\/\/x.com\/https:\/\/twitter.com\/RLeinewelle?ref_src=twsrcgoogletwcampserptwgrauthor","https:\/\/soundcloud.com\/foerderverein-lokalradio?utm_source=clipboard&utm_medium=text&utm_campaign=social_sharing"],"url":"https:\/\/radioleinewelle.de\/index.php\/author\/leinewelle\/"}]}},"_links":{"self":[{"href":"https:\/\/radioleinewelle.de\/index.php\/wp-json\/wp\/v2\/posts\/17121","targetHints":{"allow":["GET"]}}],"collection":[{"href":"https:\/\/radioleinewelle.de\/index.php\/wp-json\/wp\/v2\/posts"}],"about":[{"href":"https:\/\/radioleinewelle.de\/index.php\/wp-json\/wp\/v2\/types\/post"}],"author":[{"embeddable":true,"href":"https:\/\/radioleinewelle.de\/index.php\/wp-json\/wp\/v2\/users\/1"}],"replies":[{"embeddable":true,"href":"https:\/\/radioleinewelle.de\/index.php\/wp-json\/wp\/v2\/comments?post=17121"}],"version-history":[{"count":0,"href":"https:\/\/radioleinewelle.de\/index.php\/wp-json\/wp\/v2\/posts\/17121\/revisions"}],"wp:featuredmedia":[{"embeddable":true,"href":"https:\/\/radioleinewelle.de\/index.php\/wp-json\/wp\/v2\/media\/17123"}],"wp:attachment":[{"href":"https:\/\/radioleinewelle.de\/index.php\/wp-json\/wp\/v2\/media?parent=17121"}],"wp:term":[{"taxonomy":"category","embeddable":true,"href":"https:\/\/radioleinewelle.de\/index.php\/wp-json\/wp\/v2\/categories?post=17121"},{"taxonomy":"post_tag","embeddable":true,"href":"https:\/\/radioleinewelle.de\/index.php\/wp-json\/wp\/v2\/tags?post=17121"}],"curies":[{"name":"wp","href":"https:\/\/api.w.org\/{rel}","templated":true}]}}