{"id":1721,"date":"2020-09-19T05:40:20","date_gmt":"2020-09-19T03:40:20","guid":{"rendered":"https:\/\/radioleinewelle.de\/?p=1721"},"modified":"2020-09-19T05:40:20","modified_gmt":"2020-09-19T03:40:20","slug":"bewerbung-hannover-als-agora-of-europe-auf-dem-weg-zur-kulturhauptstadt-europas-2025","status":"publish","type":"post","link":"https:\/\/radioleinewelle.de\/index.php\/2020\/09\/19\/bewerbung-hannover-als-agora-of-europe-auf-dem-weg-zur-kulturhauptstadt-europas-2025\/","title":{"rendered":"Bewerbung: Hannover als &#8222;Agora of Europe&#8220; auf dem Weg zur Kulturhauptstadt Europas 2025?"},"content":{"rendered":"<p>In Zeiten, in denen die Europ\u00e4ische Union vielleicht vor ihren gr\u00f6\u00dften Herausforderungen steht, kommt den St\u00e4dten eine aktivistische Rolle zu: Vor Ort werden die dr\u00e4ngenden sozialen, politischen und \u00f6kologischen Themen Europas verhandelt und neu gedacht. &#8222;Als starke Stadt wollen wir die gemeinsamen Werte Europas st\u00e4rken&#8220;, k\u00fcndigt Oberb\u00fcrgermeister Belit Onay bei der Vorstellung des hannoverschen Bewerbungsbuches zur Kulturhauptstadt Europas 2025 an.<\/p>\n<p>Als Plattform daf\u00fcr soll in Hannover 2025 die &#8222;Agora of Europe&#8220; entstehen: ein k\u00fcnstlerischer Verhandlungsraum f\u00fcr die gro\u00dfen europ\u00e4ischen Themen, wo Menschen mobilisiert werden, eine Haltung zu entwickeln und aktiv zu werden. So wird Hannover zur transnationalen Aktivistin.<\/p>\n<p>Hannovers Programm basiert auf drei S\u00e4ulen:<\/p>\n<p>1. Die Mobile Agora auf dem Cityring<\/p>\n<p>Der Cityring wird zur B\u00fchne f\u00fcr die Mobile Agora, dem wandernden Festivalzentrum, das die ganze Stadt in eine B\u00fchne verwandelt. Die aus zw\u00f6lf Modulen bestehende Mobile Agora wandert auf dem Cityring wie ein langarmiges Kultur-Lebewesen durch Hannover. Wo sie andockt, aktiviert sie bestehende Geb\u00e4ude und macht sie f\u00fcr vier Wochen zum Festivalzentrum mit Programm. Durch ihre Anwesenheit wird der Cityring transformiert. Sie blockiert, ver\u00e4ndert den Verkehr &#8211; und schafft so die M\u00f6glichkeit, experimentelle Verkehrskonzepte auszuprobieren.<\/p>\n<p>Die aus 90 Prozent recycelbaren Rohstoffen bestehenden Module lassen sich variabel zusammensetzen &#8211; mal t\u00fcrmen sie sich auf, mal bilden sie einen Ring, mal schl\u00e4ngeln sie sich in die Stra\u00dfen oder wuchern in Parks. Die Module treten einzeln und tempor\u00e4r bereits vor 2025 auf, um Vorfreude auf die Kulturhauptstadt zu machen. Die Wanderung der Mobilen Agora wird von k\u00fcnstlerischen Paraden begleitet.<\/p>\n<p>2. Zw\u00f6lf Spotlights<\/p>\n<p>Und w\u00e4hrend das Kulturprogramm in der ganzen Stadt tobt, wirft die Mobile Agora von ihrer Station aus, einem Leuchtturmstrahl gleich, ein Spotlight in die Welt, die das Thema des Monats vorgibt.<\/p>\n<p>Im Spotlight geht der Blick \u00fcber die R\u00e4nder der Stadt, in die Stadtteile, die Region, in die europ\u00e4ischen L\u00e4nder bis zu den EU-Au\u00dfengrenzen und dar\u00fcber hinaus. In diesen Spotlights stellen alle k\u00fcnstlerischen Projekte Bez\u00fcge zu Orten, Menschen und Themen in dem jeweils &#8222;ausgeleuchteten Spotlight&#8220; her. Dockt die Mobile Agora beispielsweise am Neuen Rathaus an, geht der Blick nach S\u00fcden, nach D\u00f6hren-W\u00fclfel, Laatzen, \u00fcber G\u00f6ttingen bis an Italiens Westk\u00fcste, dem Mittelmeer und nach Malta. Und damit k\u00f6nnte das vorherrschende Thema in dem Monat das sinnlose Sterben von Menschen im Mittelmeer sein.<\/p>\n<p>3. Digitale Agora<\/p>\n<p>Jenseits der Spotlights gibt es noch digitale Agoren, die keinen festen Ort haben.<\/p>\n<p>Die digitalen Projekte der hannoverschen Bewerbung werfen neue Perspektiven auf das grunds\u00e4tzliche Verh\u00e4ltnis von Gesellschaft und Technik. Dabei geht es nicht nur um die Zukunft der Arbeit und die Autonomisierung des Stra\u00dfenverkehrs, sondern auch um den Einfluss von digitalen Plattformen auf die Diskurskultur und auf demokratische Wahlen. Die Corona-Pandemie als Katalysator hat viele Projekte hervorgebracht, die den (digitalen) Besuch Hannovers zu einer Reise in die Zukunft werden l\u00e4sst.<\/p>\n<p>&#8212;&#8212;&#8212;&#8212;&#8212;&#8212;&#8212;&#8212;&#8212;&#8212;&#8212;&#8212;&#8212;&#8212;&#8212;&#8212;&#8212;&#8212;&#8212;&#8212;&#8212;&#8212;&#8212;&#8212;&#8212;&#8212;&#8212;&#8212;&#8212;&#8212;&#8212;&#8212;&#8212;&#8212;&#8212;&#8212;&#8212;&#8212;&#8212;&#8212;&#8212;&#8212;&#8212;&#8212;&#8211;<\/p>\n<div class=\"twelve float-l\">\n<p class=\"bold\"><strong>Bildunterschrift:<\/strong><\/p>\n<p>Pr\u00e4sentation des 2. Bewerbungsbuchs im Rahmen von Hannovers Bewerbung zur Kulturhauptstadt Europas 2025: &#8222;Ein Buch aus der Zukunft f\u00fcr die Zukunft&#8220; \/ Hannover als &#8222;Agora of Europe&#8220; auf dem Weg zur Kulturhauptstadt Europas 2025. v.l.n.r.:Oberb\u00fcrgermeister Belit Onay, Melanie Botzki, Teamleitung, Sebastian Peetz, K\u00fcnstler und Designer, Juan S. Guse, Autor, Inga Samii, Teamleitung Kulturhauptstadtbewerbung. Copyright: Landeshauptstadt Hannover\/Helge Kr\u00fcckeberg \/ Weiterer Text \u00fcber ots und www.presseportal.de\/nr\/80725 \/ Die Verwendung dieses Bildes ist f\u00fcr redaktionelle Zwecke honorarfrei. Ver\u00f6ffentlichung bitte unter Quellenangabe: &#8222;obs\/Landeshauptstadt Hannover\/Helge Kr\u00fcckeberg&#8220;<\/p>\n<\/div>\n<div class=\"twelve float-l\">\n<dl>\n<dt>Bildrechte: Landeshauptstadt Hannover<\/dt>\n<\/dl>\n<div class=\"twelve float-l\">Fotograf: Helge Kr\u00fcckeberg<\/div>\n<\/div>\n","protected":false},"excerpt":{"rendered":"<p>In Zeiten, in denen die Europ\u00e4ische Union vielleicht vor ihren gr\u00f6\u00dften Herausforderungen steht, kommt den St\u00e4dten eine aktivistische Rolle zu: Vor Ort werden die dr\u00e4ngenden sozialen, politischen und \u00f6kologischen Themen Europas verhandelt und neu gedacht. &#8222;Als starke Stadt wollen wir die gemeinsamen Werte Europas st\u00e4rken&#8220;, k\u00fcndigt Oberb\u00fcrgermeister Belit Onay bei der Vorstellung des hannoverschen Bewerbungsbuches [&hellip;]<\/p>\n","protected":false},"author":1,"featured_media":0,"comment_status":"closed","ping_status":"closed","sticky":false,"template":"","format":"standard","meta":{"saved_in_kubio":false,"footnotes":""},"categories":[24],"tags":[],"class_list":["post-1721","post","type-post","status-publish","format-standard","hentry","category-news"],"yoast_head":"<!-- This site is optimized with the Yoast SEO plugin v27.5 - https:\/\/yoast.com\/product\/yoast-seo-wordpress\/ -->\n<title>Bewerbung: Hannover als &quot;Agora of Europe&quot; auf dem Weg zur Kulturhauptstadt Europas 2025? - Radio Leinewelle<\/title>\n<meta name=\"robots\" content=\"index, follow, max-snippet:-1, max-image-preview:large, max-video-preview:-1\" \/>\n<link rel=\"canonical\" href=\"https:\/\/radioleinewelle.de\/index.php\/2020\/09\/19\/bewerbung-hannover-als-agora-of-europe-auf-dem-weg-zur-kulturhauptstadt-europas-2025\/\" \/>\n<meta property=\"og:locale\" content=\"de_DE\" \/>\n<meta property=\"og:type\" content=\"article\" \/>\n<meta property=\"og:title\" content=\"Bewerbung: Hannover als &quot;Agora of Europe&quot; auf dem Weg zur Kulturhauptstadt Europas 2025? - Radio Leinewelle\" \/>\n<meta property=\"og:description\" content=\"In Zeiten, in denen die Europ\u00e4ische Union vielleicht vor ihren gr\u00f6\u00dften Herausforderungen steht, kommt den St\u00e4dten eine aktivistische Rolle zu: Vor Ort werden die dr\u00e4ngenden sozialen, politischen und \u00f6kologischen Themen Europas verhandelt und neu gedacht. &#8222;Als starke Stadt wollen wir die gemeinsamen Werte Europas st\u00e4rken&#8220;, k\u00fcndigt Oberb\u00fcrgermeister Belit Onay bei der Vorstellung des hannoverschen Bewerbungsbuches [&hellip;]\" \/>\n<meta property=\"og:url\" content=\"https:\/\/radioleinewelle.de\/index.php\/2020\/09\/19\/bewerbung-hannover-als-agora-of-europe-auf-dem-weg-zur-kulturhauptstadt-europas-2025\/\" \/>\n<meta property=\"og:site_name\" content=\"Radio Leinewelle\" \/>\n<meta property=\"article:publisher\" content=\"https:\/\/www.facebook.com\/radioleinewelle\" \/>\n<meta property=\"article:author\" content=\"https:\/\/www.facebook.com\/radioleinewelle\" \/>\n<meta property=\"article:published_time\" content=\"2020-09-19T03:40:20+00:00\" \/>\n<meta name=\"author\" content=\"Leinewelle\" \/>\n<meta name=\"twitter:card\" content=\"summary_large_image\" \/>\n<meta name=\"twitter:creator\" content=\"@https:\/\/twitter.com\/RLeinewelle?ref_src=twsrcgoogletwcampserptwgrauthor\" \/>\n<meta name=\"twitter:site\" content=\"@RLeinewelle\" \/>\n<meta name=\"twitter:label1\" content=\"Verfasst von\" \/>\n\t<meta name=\"twitter:data1\" content=\"Leinewelle\" \/>\n\t<meta name=\"twitter:label2\" content=\"Gesch\u00e4tzte Lesezeit\" \/>\n\t<meta name=\"twitter:data2\" content=\"3\u00a0Minuten\" \/>\n<script type=\"application\/ld+json\" class=\"yoast-schema-graph\">{\"@context\":\"https:\\\/\\\/schema.org\",\"@graph\":[{\"@type\":\"Article\",\"@id\":\"https:\\\/\\\/radioleinewelle.de\\\/index.php\\\/2020\\\/09\\\/19\\\/bewerbung-hannover-als-agora-of-europe-auf-dem-weg-zur-kulturhauptstadt-europas-2025\\\/#article\",\"isPartOf\":{\"@id\":\"https:\\\/\\\/radioleinewelle.de\\\/index.php\\\/2020\\\/09\\\/19\\\/bewerbung-hannover-als-agora-of-europe-auf-dem-weg-zur-kulturhauptstadt-europas-2025\\\/\"},\"author\":{\"name\":\"Leinewelle\",\"@id\":\"https:\\\/\\\/radioleinewelle.de\\\/#\\\/schema\\\/person\\\/45606f348637df637192dc1b68399a63\"},\"headline\":\"Bewerbung: Hannover als &#8222;Agora of Europe&#8220; auf dem Weg zur Kulturhauptstadt Europas 2025?\",\"datePublished\":\"2020-09-19T03:40:20+00:00\",\"mainEntityOfPage\":{\"@id\":\"https:\\\/\\\/radioleinewelle.de\\\/index.php\\\/2020\\\/09\\\/19\\\/bewerbung-hannover-als-agora-of-europe-auf-dem-weg-zur-kulturhauptstadt-europas-2025\\\/\"},\"wordCount\":607,\"publisher\":{\"@id\":\"https:\\\/\\\/radioleinewelle.de\\\/#organization\"},\"articleSection\":[\"Aktuelle Nachrichten\"],\"inLanguage\":\"de\"},{\"@type\":\"WebPage\",\"@id\":\"https:\\\/\\\/radioleinewelle.de\\\/index.php\\\/2020\\\/09\\\/19\\\/bewerbung-hannover-als-agora-of-europe-auf-dem-weg-zur-kulturhauptstadt-europas-2025\\\/\",\"url\":\"https:\\\/\\\/radioleinewelle.de\\\/index.php\\\/2020\\\/09\\\/19\\\/bewerbung-hannover-als-agora-of-europe-auf-dem-weg-zur-kulturhauptstadt-europas-2025\\\/\",\"name\":\"Bewerbung: Hannover als \\\"Agora of Europe\\\" auf dem Weg zur Kulturhauptstadt Europas 2025? - Radio Leinewelle\",\"isPartOf\":{\"@id\":\"https:\\\/\\\/radioleinewelle.de\\\/#website\"},\"datePublished\":\"2020-09-19T03:40:20+00:00\",\"breadcrumb\":{\"@id\":\"https:\\\/\\\/radioleinewelle.de\\\/index.php\\\/2020\\\/09\\\/19\\\/bewerbung-hannover-als-agora-of-europe-auf-dem-weg-zur-kulturhauptstadt-europas-2025\\\/#breadcrumb\"},\"inLanguage\":\"de\",\"potentialAction\":[{\"@type\":\"ReadAction\",\"target\":[\"https:\\\/\\\/radioleinewelle.de\\\/index.php\\\/2020\\\/09\\\/19\\\/bewerbung-hannover-als-agora-of-europe-auf-dem-weg-zur-kulturhauptstadt-europas-2025\\\/\"]}]},{\"@type\":\"BreadcrumbList\",\"@id\":\"https:\\\/\\\/radioleinewelle.de\\\/index.php\\\/2020\\\/09\\\/19\\\/bewerbung-hannover-als-agora-of-europe-auf-dem-weg-zur-kulturhauptstadt-europas-2025\\\/#breadcrumb\",\"itemListElement\":[{\"@type\":\"ListItem\",\"position\":1,\"name\":\"Startseite\",\"item\":\"https:\\\/\\\/radioleinewelle.de\\\/\"},{\"@type\":\"ListItem\",\"position\":2,\"name\":\"Bewerbung: Hannover als &#8222;Agora of Europe&#8220; auf dem Weg zur Kulturhauptstadt Europas 2025?\"}]},{\"@type\":\"WebSite\",\"@id\":\"https:\\\/\\\/radioleinewelle.de\\\/#website\",\"url\":\"https:\\\/\\\/radioleinewelle.de\\\/\",\"name\":\"Radio Leinewelle\",\"description\":\"\",\"publisher\":{\"@id\":\"https:\\\/\\\/radioleinewelle.de\\\/#organization\"},\"potentialAction\":[{\"@type\":\"SearchAction\",\"target\":{\"@type\":\"EntryPoint\",\"urlTemplate\":\"https:\\\/\\\/radioleinewelle.de\\\/?s={search_term_string}\"},\"query-input\":{\"@type\":\"PropertyValueSpecification\",\"valueRequired\":true,\"valueName\":\"search_term_string\"}}],\"inLanguage\":\"de\"},{\"@type\":\"Organization\",\"@id\":\"https:\\\/\\\/radioleinewelle.de\\\/#organization\",\"name\":\"Radio Leinewelle\",\"alternateName\":\"Mein Radio f\u00fcr S\u00fcdniedersachsen\",\"url\":\"https:\\\/\\\/radioleinewelle.de\\\/\",\"logo\":{\"@type\":\"ImageObject\",\"inLanguage\":\"de\",\"@id\":\"https:\\\/\\\/radioleinewelle.de\\\/#\\\/schema\\\/logo\\\/image\\\/\",\"url\":\"https:\\\/\\\/radioleinewelle.de\\\/wp-content\\\/uploads\\\/2023\\\/11\\\/cropped-Leinewelle_Logo_weiss.png\",\"contentUrl\":\"https:\\\/\\\/radioleinewelle.de\\\/wp-content\\\/uploads\\\/2023\\\/11\\\/cropped-Leinewelle_Logo_weiss.png\",\"width\":854,\"height\":260,\"caption\":\"Radio Leinewelle\"},\"image\":{\"@id\":\"https:\\\/\\\/radioleinewelle.de\\\/#\\\/schema\\\/logo\\\/image\\\/\"},\"sameAs\":[\"https:\\\/\\\/www.facebook.com\\\/radioleinewelle\",\"https:\\\/\\\/x.com\\\/RLeinewelle\",\"https:\\\/\\\/www.instagram.com\\\/radioleinewelle\\\/?hl=de\"]},{\"@type\":\"Person\",\"@id\":\"https:\\\/\\\/radioleinewelle.de\\\/#\\\/schema\\\/person\\\/45606f348637df637192dc1b68399a63\",\"name\":\"Leinewelle\",\"image\":{\"@type\":\"ImageObject\",\"inLanguage\":\"de\",\"@id\":\"https:\\\/\\\/secure.gravatar.com\\\/avatar\\\/05c9a17bc973052ee5d91549bd32fb4dd0dc85b7b85ae94b2e2b4943476bbea5?s=96&d=blank&r=g\",\"url\":\"https:\\\/\\\/secure.gravatar.com\\\/avatar\\\/05c9a17bc973052ee5d91549bd32fb4dd0dc85b7b85ae94b2e2b4943476bbea5?s=96&d=blank&r=g\",\"contentUrl\":\"https:\\\/\\\/secure.gravatar.com\\\/avatar\\\/05c9a17bc973052ee5d91549bd32fb4dd0dc85b7b85ae94b2e2b4943476bbea5?s=96&d=blank&r=g\",\"caption\":\"Leinewelle\"},\"sameAs\":[\"http:\\\/\\\/localhost\\\/radio%20leinewelle\\\/wordpress\",\"https:\\\/\\\/www.facebook.com\\\/radioleinewelle\",\"https:\\\/\\\/www.instagram.com\\\/radioleinewelle\",\"https:\\\/\\\/x.com\\\/https:\\\/\\\/twitter.com\\\/RLeinewelle?ref_src=twsrcgoogletwcampserptwgrauthor\",\"https:\\\/\\\/soundcloud.com\\\/foerderverein-lokalradio?utm_source=clipboard&utm_medium=text&utm_campaign=social_sharing\"],\"url\":\"https:\\\/\\\/radioleinewelle.de\\\/index.php\\\/author\\\/leinewelle\\\/\"}]}<\/script>\n<!-- \/ Yoast SEO plugin. -->","yoast_head_json":{"title":"Bewerbung: Hannover als \"Agora of Europe\" auf dem Weg zur Kulturhauptstadt Europas 2025? - Radio Leinewelle","robots":{"index":"index","follow":"follow","max-snippet":"max-snippet:-1","max-image-preview":"max-image-preview:large","max-video-preview":"max-video-preview:-1"},"canonical":"https:\/\/radioleinewelle.de\/index.php\/2020\/09\/19\/bewerbung-hannover-als-agora-of-europe-auf-dem-weg-zur-kulturhauptstadt-europas-2025\/","og_locale":"de_DE","og_type":"article","og_title":"Bewerbung: Hannover als \"Agora of Europe\" auf dem Weg zur Kulturhauptstadt Europas 2025? - Radio Leinewelle","og_description":"In Zeiten, in denen die Europ\u00e4ische Union vielleicht vor ihren gr\u00f6\u00dften Herausforderungen steht, kommt den St\u00e4dten eine aktivistische Rolle zu: Vor Ort werden die dr\u00e4ngenden sozialen, politischen und \u00f6kologischen Themen Europas verhandelt und neu gedacht. &#8222;Als starke Stadt wollen wir die gemeinsamen Werte Europas st\u00e4rken&#8220;, k\u00fcndigt Oberb\u00fcrgermeister Belit Onay bei der Vorstellung des hannoverschen Bewerbungsbuches [&hellip;]","og_url":"https:\/\/radioleinewelle.de\/index.php\/2020\/09\/19\/bewerbung-hannover-als-agora-of-europe-auf-dem-weg-zur-kulturhauptstadt-europas-2025\/","og_site_name":"Radio Leinewelle","article_publisher":"https:\/\/www.facebook.com\/radioleinewelle","article_author":"https:\/\/www.facebook.com\/radioleinewelle","article_published_time":"2020-09-19T03:40:20+00:00","author":"Leinewelle","twitter_card":"summary_large_image","twitter_creator":"@https:\/\/twitter.com\/RLeinewelle?ref_src=twsrcgoogletwcampserptwgrauthor","twitter_site":"@RLeinewelle","twitter_misc":{"Verfasst von":"Leinewelle","Gesch\u00e4tzte Lesezeit":"3\u00a0Minuten"},"schema":{"@context":"https:\/\/schema.org","@graph":[{"@type":"Article","@id":"https:\/\/radioleinewelle.de\/index.php\/2020\/09\/19\/bewerbung-hannover-als-agora-of-europe-auf-dem-weg-zur-kulturhauptstadt-europas-2025\/#article","isPartOf":{"@id":"https:\/\/radioleinewelle.de\/index.php\/2020\/09\/19\/bewerbung-hannover-als-agora-of-europe-auf-dem-weg-zur-kulturhauptstadt-europas-2025\/"},"author":{"name":"Leinewelle","@id":"https:\/\/radioleinewelle.de\/#\/schema\/person\/45606f348637df637192dc1b68399a63"},"headline":"Bewerbung: Hannover als &#8222;Agora of Europe&#8220; auf dem Weg zur Kulturhauptstadt Europas 2025?","datePublished":"2020-09-19T03:40:20+00:00","mainEntityOfPage":{"@id":"https:\/\/radioleinewelle.de\/index.php\/2020\/09\/19\/bewerbung-hannover-als-agora-of-europe-auf-dem-weg-zur-kulturhauptstadt-europas-2025\/"},"wordCount":607,"publisher":{"@id":"https:\/\/radioleinewelle.de\/#organization"},"articleSection":["Aktuelle Nachrichten"],"inLanguage":"de"},{"@type":"WebPage","@id":"https:\/\/radioleinewelle.de\/index.php\/2020\/09\/19\/bewerbung-hannover-als-agora-of-europe-auf-dem-weg-zur-kulturhauptstadt-europas-2025\/","url":"https:\/\/radioleinewelle.de\/index.php\/2020\/09\/19\/bewerbung-hannover-als-agora-of-europe-auf-dem-weg-zur-kulturhauptstadt-europas-2025\/","name":"Bewerbung: Hannover als \"Agora of Europe\" auf dem Weg zur Kulturhauptstadt Europas 2025? - Radio Leinewelle","isPartOf":{"@id":"https:\/\/radioleinewelle.de\/#website"},"datePublished":"2020-09-19T03:40:20+00:00","breadcrumb":{"@id":"https:\/\/radioleinewelle.de\/index.php\/2020\/09\/19\/bewerbung-hannover-als-agora-of-europe-auf-dem-weg-zur-kulturhauptstadt-europas-2025\/#breadcrumb"},"inLanguage":"de","potentialAction":[{"@type":"ReadAction","target":["https:\/\/radioleinewelle.de\/index.php\/2020\/09\/19\/bewerbung-hannover-als-agora-of-europe-auf-dem-weg-zur-kulturhauptstadt-europas-2025\/"]}]},{"@type":"BreadcrumbList","@id":"https:\/\/radioleinewelle.de\/index.php\/2020\/09\/19\/bewerbung-hannover-als-agora-of-europe-auf-dem-weg-zur-kulturhauptstadt-europas-2025\/#breadcrumb","itemListElement":[{"@type":"ListItem","position":1,"name":"Startseite","item":"https:\/\/radioleinewelle.de\/"},{"@type":"ListItem","position":2,"name":"Bewerbung: Hannover als &#8222;Agora of Europe&#8220; auf dem Weg zur Kulturhauptstadt Europas 2025?"}]},{"@type":"WebSite","@id":"https:\/\/radioleinewelle.de\/#website","url":"https:\/\/radioleinewelle.de\/","name":"Radio Leinewelle","description":"","publisher":{"@id":"https:\/\/radioleinewelle.de\/#organization"},"potentialAction":[{"@type":"SearchAction","target":{"@type":"EntryPoint","urlTemplate":"https:\/\/radioleinewelle.de\/?s={search_term_string}"},"query-input":{"@type":"PropertyValueSpecification","valueRequired":true,"valueName":"search_term_string"}}],"inLanguage":"de"},{"@type":"Organization","@id":"https:\/\/radioleinewelle.de\/#organization","name":"Radio Leinewelle","alternateName":"Mein Radio f\u00fcr S\u00fcdniedersachsen","url":"https:\/\/radioleinewelle.de\/","logo":{"@type":"ImageObject","inLanguage":"de","@id":"https:\/\/radioleinewelle.de\/#\/schema\/logo\/image\/","url":"https:\/\/radioleinewelle.de\/wp-content\/uploads\/2023\/11\/cropped-Leinewelle_Logo_weiss.png","contentUrl":"https:\/\/radioleinewelle.de\/wp-content\/uploads\/2023\/11\/cropped-Leinewelle_Logo_weiss.png","width":854,"height":260,"caption":"Radio Leinewelle"},"image":{"@id":"https:\/\/radioleinewelle.de\/#\/schema\/logo\/image\/"},"sameAs":["https:\/\/www.facebook.com\/radioleinewelle","https:\/\/x.com\/RLeinewelle","https:\/\/www.instagram.com\/radioleinewelle\/?hl=de"]},{"@type":"Person","@id":"https:\/\/radioleinewelle.de\/#\/schema\/person\/45606f348637df637192dc1b68399a63","name":"Leinewelle","image":{"@type":"ImageObject","inLanguage":"de","@id":"https:\/\/secure.gravatar.com\/avatar\/05c9a17bc973052ee5d91549bd32fb4dd0dc85b7b85ae94b2e2b4943476bbea5?s=96&d=blank&r=g","url":"https:\/\/secure.gravatar.com\/avatar\/05c9a17bc973052ee5d91549bd32fb4dd0dc85b7b85ae94b2e2b4943476bbea5?s=96&d=blank&r=g","contentUrl":"https:\/\/secure.gravatar.com\/avatar\/05c9a17bc973052ee5d91549bd32fb4dd0dc85b7b85ae94b2e2b4943476bbea5?s=96&d=blank&r=g","caption":"Leinewelle"},"sameAs":["http:\/\/localhost\/radio%20leinewelle\/wordpress","https:\/\/www.facebook.com\/radioleinewelle","https:\/\/www.instagram.com\/radioleinewelle","https:\/\/x.com\/https:\/\/twitter.com\/RLeinewelle?ref_src=twsrcgoogletwcampserptwgrauthor","https:\/\/soundcloud.com\/foerderverein-lokalradio?utm_source=clipboard&utm_medium=text&utm_campaign=social_sharing"],"url":"https:\/\/radioleinewelle.de\/index.php\/author\/leinewelle\/"}]}},"_links":{"self":[{"href":"https:\/\/radioleinewelle.de\/index.php\/wp-json\/wp\/v2\/posts\/1721","targetHints":{"allow":["GET"]}}],"collection":[{"href":"https:\/\/radioleinewelle.de\/index.php\/wp-json\/wp\/v2\/posts"}],"about":[{"href":"https:\/\/radioleinewelle.de\/index.php\/wp-json\/wp\/v2\/types\/post"}],"author":[{"embeddable":true,"href":"https:\/\/radioleinewelle.de\/index.php\/wp-json\/wp\/v2\/users\/1"}],"replies":[{"embeddable":true,"href":"https:\/\/radioleinewelle.de\/index.php\/wp-json\/wp\/v2\/comments?post=1721"}],"version-history":[{"count":0,"href":"https:\/\/radioleinewelle.de\/index.php\/wp-json\/wp\/v2\/posts\/1721\/revisions"}],"wp:attachment":[{"href":"https:\/\/radioleinewelle.de\/index.php\/wp-json\/wp\/v2\/media?parent=1721"}],"wp:term":[{"taxonomy":"category","embeddable":true,"href":"https:\/\/radioleinewelle.de\/index.php\/wp-json\/wp\/v2\/categories?post=1721"},{"taxonomy":"post_tag","embeddable":true,"href":"https:\/\/radioleinewelle.de\/index.php\/wp-json\/wp\/v2\/tags?post=1721"}],"curies":[{"name":"wp","href":"https:\/\/api.w.org\/{rel}","templated":true}]}}