{"id":17277,"date":"2022-12-20T10:27:55","date_gmt":"2022-12-20T09:27:55","guid":{"rendered":"https:\/\/radioleinewelle.de\/?p=17277"},"modified":"2022-12-20T10:27:55","modified_gmt":"2022-12-20T09:27:55","slug":"viele-unfaelle-durch-eisregen-in-der-region","status":"publish","type":"post","link":"https:\/\/radioleinewelle.de\/index.php\/2022\/12\/20\/viele-unfaelle-durch-eisregen-in-der-region\/","title":{"rendered":"Viele Unf\u00e4lle durch Eisregen in der Region"},"content":{"rendered":"\n<p>Gestern kam es in S\u00fcdniedersachsen witterungsbedingt zu zahlreichen Verkehrsunf\u00e4llen. Die Polizeiinspektion G\u00f6ttingen hat f\u00fcr ihren Bereich Bilanz gezogen und teilt mit:<\/p>\n\n\n\n<p>Gl\u00e4tte und einsetzender Eisregen haben am Montagvormittag zu insgesamt rund 100 Verkehrsunf\u00e4llen gef\u00fchrt. Etwa die H\u00e4lfte davon ereigneten sich im Stadtgebiet von G\u00f6ttingen, der Rest verteilte sich auf den Landkreis. In den allermeisten F\u00e4llen blieb es bei Blechsch\u00e4den.<\/p>\n\n\n\n<p>Der schwerste Unfall ereignete sich gegen 08.50 Uhr auf der A 7 in Fahrtrichtung Kassel. Hier wurde der Fahrer eines polnischen Kleintransporters lebensgef\u00e4hrlich verletzt. Ersten Ermittlungen der Autobahnpolizei G\u00f6ttingen zufolge, fuhr der Mann aus bislang noch ungekl\u00e4rter Ursache am Ende eines Staus, der sich witterungsbedingt gebildet hatte, auf einen Omnibus auf. Durch die Wucht des Aufpralls wurde der Fahrer in seinem eingedr\u00fcckten F\u00fchrerhaus eingeklemmt. Er musste von der Feuerwehr befreit werden. Ein Rettungswagen transportierte den lebensgef\u00e4hrlich Verletzten anschlie\u00dfend in eine Klinik. Der Omnibusfahrer blieb unverletzt. Fahrg\u00e4ste hatte er nicht an Bord.<\/p>\n\n\n\n<p>In der Folge war die A 7 zwischen der AS G\u00f6ttingen und dem Autobahndreieck Drammetal f\u00fcr die Rettungsma\u00dfnahmen, die Unfallaufnahme und die anschlie\u00dfende Reinigung der Fahrbahn bis gegen 13.30 Uhr voll gesperrt. Der Verkehr in Richtung Kassel staute sich in der Spitze bis auf ca. vier Kilometer. An der Unfallstelle waren die FFW Rosdorf, die G\u00f6ttinger Berufsfeuerwehr und die Autobahnmeisterei G\u00f6ttingen im Einsatz.<\/p>\n\n\n\n<p>Bei einem weiteren Auffahrunfall auf der A 7 in Fahrtrichtung Hannover war am fr\u00fchen Morgen etwa gegen 05.35 Uhr ein Mensch leicht verletzt worden. Auch dieser Unfall ereignete sich am Ende eines Staus. Drei Fahrzeuge waren involviert.<\/p>\n\n\n\n<p>Symbolbild von <a href=\"http:\/\/Bild von &lt;a href=&quot;https:\/\/pixabay.com\/de\/users\/markus60138-17484\/?utm_source=link-attribution&amp;utm_medium=referral&amp;utm_campaign=image&amp;utm_content=75597&quot;&gt;Markus Sch.&lt;\/a&gt; auf &lt;a href=&quot;https:\/\/pixabay.com\/de\/\/?utm_source=link-attribution&amp;utm_medium=referral&amp;utm_campaign=image&amp;utm_content=75597&quot;&gt;Pixabay&lt;\/a&gt;\">Pixabay<\/a><\/p>\n","protected":false},"excerpt":{"rendered":"<p>Gestern kam es in S\u00fcdniedersachsen witterungsbedingt zu zahlreichen Verkehrsunf\u00e4llen. Die Polizeiinspektion G\u00f6ttingen hat f\u00fcr ihren Bereich Bilanz gezogen und teilt mit: Gl\u00e4tte und einsetzender Eisregen haben am Montagvormittag zu insgesamt rund 100 Verkehrsunf\u00e4llen gef\u00fchrt. Etwa die H\u00e4lfte davon ereigneten sich im Stadtgebiet von G\u00f6ttingen, der Rest verteilte sich auf den Landkreis. In den allermeisten F\u00e4llen [&hellip;]<\/p>\n","protected":false},"author":1,"featured_media":17279,"comment_status":"closed","ping_status":"closed","sticky":false,"template":"","format":"standard","meta":{"saved_in_kubio":false,"footnotes":""},"categories":[24,1],"tags":[3707,3708,3709],"class_list":["post-17277","post","type-post","status-publish","format-standard","has-post-thumbnail","hentry","category-news","category-allgemein","tag-eisregen","tag-glatteisunfaelle","tag-landkreis-goettingebn"],"yoast_head":"<!-- This site is optimized with the Yoast SEO plugin v27.4 - https:\/\/yoast.com\/product\/yoast-seo-wordpress\/ -->\n<title>Viele Unf\u00e4lle durch Eisregen in der Region - Radio Leinewelle<\/title>\n<meta name=\"robots\" content=\"index, follow, max-snippet:-1, max-image-preview:large, max-video-preview:-1\" \/>\n<link rel=\"canonical\" href=\"https:\/\/radioleinewelle.de\/index.php\/2022\/12\/20\/viele-unfaelle-durch-eisregen-in-der-region\/\" \/>\n<meta property=\"og:locale\" content=\"de_DE\" \/>\n<meta property=\"og:type\" content=\"article\" \/>\n<meta property=\"og:title\" content=\"Viele Unf\u00e4lle durch Eisregen in der Region - Radio Leinewelle\" \/>\n<meta property=\"og:description\" content=\"Gestern kam es in S\u00fcdniedersachsen witterungsbedingt zu zahlreichen Verkehrsunf\u00e4llen. Die Polizeiinspektion G\u00f6ttingen hat f\u00fcr ihren Bereich Bilanz gezogen und teilt mit: Gl\u00e4tte und einsetzender Eisregen haben am Montagvormittag zu insgesamt rund 100 Verkehrsunf\u00e4llen gef\u00fchrt. Etwa die H\u00e4lfte davon ereigneten sich im Stadtgebiet von G\u00f6ttingen, der Rest verteilte sich auf den Landkreis. In den allermeisten F\u00e4llen [&hellip;]\" \/>\n<meta property=\"og:url\" content=\"https:\/\/radioleinewelle.de\/index.php\/2022\/12\/20\/viele-unfaelle-durch-eisregen-in-der-region\/\" \/>\n<meta property=\"og:site_name\" content=\"Radio Leinewelle\" \/>\n<meta property=\"article:publisher\" content=\"https:\/\/www.facebook.com\/radioleinewelle\" \/>\n<meta property=\"article:author\" content=\"https:\/\/www.facebook.com\/radioleinewelle\" \/>\n<meta property=\"article:published_time\" content=\"2022-12-20T09:27:55+00:00\" \/>\n<meta property=\"og:image\" content=\"https:\/\/radioleinewelle.de\/wp-content\/uploads\/2022\/12\/black-ice-g97d9fe274_640.jpg\" \/>\n\t<meta property=\"og:image:width\" content=\"640\" \/>\n\t<meta property=\"og:image:height\" content=\"426\" \/>\n\t<meta property=\"og:image:type\" content=\"image\/jpeg\" \/>\n<meta name=\"author\" content=\"Leinewelle\" \/>\n<meta name=\"twitter:card\" content=\"summary_large_image\" \/>\n<meta name=\"twitter:creator\" content=\"@https:\/\/twitter.com\/RLeinewelle?ref_src=twsrcgoogletwcampserptwgrauthor\" \/>\n<meta name=\"twitter:site\" content=\"@RLeinewelle\" \/>\n<meta name=\"twitter:label1\" content=\"Verfasst von\" \/>\n\t<meta name=\"twitter:data1\" content=\"Leinewelle\" \/>\n\t<meta name=\"twitter:label2\" content=\"Gesch\u00e4tzte Lesezeit\" \/>\n\t<meta name=\"twitter:data2\" content=\"2\u00a0Minuten\" \/>\n<script type=\"application\/ld+json\" class=\"yoast-schema-graph\">{\"@context\":\"https:\\\/\\\/schema.org\",\"@graph\":[{\"@type\":\"Article\",\"@id\":\"https:\\\/\\\/radioleinewelle.de\\\/index.php\\\/2022\\\/12\\\/20\\\/viele-unfaelle-durch-eisregen-in-der-region\\\/#article\",\"isPartOf\":{\"@id\":\"https:\\\/\\\/radioleinewelle.de\\\/index.php\\\/2022\\\/12\\\/20\\\/viele-unfaelle-durch-eisregen-in-der-region\\\/\"},\"author\":{\"name\":\"Leinewelle\",\"@id\":\"https:\\\/\\\/radioleinewelle.de\\\/#\\\/schema\\\/person\\\/45606f348637df637192dc1b68399a63\"},\"headline\":\"Viele Unf\u00e4lle durch Eisregen in der Region\",\"datePublished\":\"2022-12-20T09:27:55+00:00\",\"mainEntityOfPage\":{\"@id\":\"https:\\\/\\\/radioleinewelle.de\\\/index.php\\\/2022\\\/12\\\/20\\\/viele-unfaelle-durch-eisregen-in-der-region\\\/\"},\"wordCount\":280,\"publisher\":{\"@id\":\"https:\\\/\\\/radioleinewelle.de\\\/#organization\"},\"image\":{\"@id\":\"https:\\\/\\\/radioleinewelle.de\\\/index.php\\\/2022\\\/12\\\/20\\\/viele-unfaelle-durch-eisregen-in-der-region\\\/#primaryimage\"},\"thumbnailUrl\":\"https:\\\/\\\/radioleinewelle.de\\\/wp-content\\\/uploads\\\/2022\\\/12\\\/black-ice-g97d9fe274_640.jpg\",\"keywords\":[\"Eisregen\",\"Glatteisunf\u00e4lle\",\"Landkreis G\u00f6ttingebn\"],\"articleSection\":[\"Aktuelle Nachrichten\"],\"inLanguage\":\"de\"},{\"@type\":\"WebPage\",\"@id\":\"https:\\\/\\\/radioleinewelle.de\\\/index.php\\\/2022\\\/12\\\/20\\\/viele-unfaelle-durch-eisregen-in-der-region\\\/\",\"url\":\"https:\\\/\\\/radioleinewelle.de\\\/index.php\\\/2022\\\/12\\\/20\\\/viele-unfaelle-durch-eisregen-in-der-region\\\/\",\"name\":\"Viele Unf\u00e4lle durch Eisregen in der Region - Radio Leinewelle\",\"isPartOf\":{\"@id\":\"https:\\\/\\\/radioleinewelle.de\\\/#website\"},\"primaryImageOfPage\":{\"@id\":\"https:\\\/\\\/radioleinewelle.de\\\/index.php\\\/2022\\\/12\\\/20\\\/viele-unfaelle-durch-eisregen-in-der-region\\\/#primaryimage\"},\"image\":{\"@id\":\"https:\\\/\\\/radioleinewelle.de\\\/index.php\\\/2022\\\/12\\\/20\\\/viele-unfaelle-durch-eisregen-in-der-region\\\/#primaryimage\"},\"thumbnailUrl\":\"https:\\\/\\\/radioleinewelle.de\\\/wp-content\\\/uploads\\\/2022\\\/12\\\/black-ice-g97d9fe274_640.jpg\",\"datePublished\":\"2022-12-20T09:27:55+00:00\",\"breadcrumb\":{\"@id\":\"https:\\\/\\\/radioleinewelle.de\\\/index.php\\\/2022\\\/12\\\/20\\\/viele-unfaelle-durch-eisregen-in-der-region\\\/#breadcrumb\"},\"inLanguage\":\"de\",\"potentialAction\":[{\"@type\":\"ReadAction\",\"target\":[\"https:\\\/\\\/radioleinewelle.de\\\/index.php\\\/2022\\\/12\\\/20\\\/viele-unfaelle-durch-eisregen-in-der-region\\\/\"]}]},{\"@type\":\"ImageObject\",\"inLanguage\":\"de\",\"@id\":\"https:\\\/\\\/radioleinewelle.de\\\/index.php\\\/2022\\\/12\\\/20\\\/viele-unfaelle-durch-eisregen-in-der-region\\\/#primaryimage\",\"url\":\"https:\\\/\\\/radioleinewelle.de\\\/wp-content\\\/uploads\\\/2022\\\/12\\\/black-ice-g97d9fe274_640.jpg\",\"contentUrl\":\"https:\\\/\\\/radioleinewelle.de\\\/wp-content\\\/uploads\\\/2022\\\/12\\\/black-ice-g97d9fe274_640.jpg\",\"width\":640,\"height\":426},{\"@type\":\"BreadcrumbList\",\"@id\":\"https:\\\/\\\/radioleinewelle.de\\\/index.php\\\/2022\\\/12\\\/20\\\/viele-unfaelle-durch-eisregen-in-der-region\\\/#breadcrumb\",\"itemListElement\":[{\"@type\":\"ListItem\",\"position\":1,\"name\":\"Startseite\",\"item\":\"https:\\\/\\\/radioleinewelle.de\\\/\"},{\"@type\":\"ListItem\",\"position\":2,\"name\":\"Viele Unf\u00e4lle durch Eisregen in der Region\"}]},{\"@type\":\"WebSite\",\"@id\":\"https:\\\/\\\/radioleinewelle.de\\\/#website\",\"url\":\"https:\\\/\\\/radioleinewelle.de\\\/\",\"name\":\"Radio Leinewelle\",\"description\":\"\",\"publisher\":{\"@id\":\"https:\\\/\\\/radioleinewelle.de\\\/#organization\"},\"potentialAction\":[{\"@type\":\"SearchAction\",\"target\":{\"@type\":\"EntryPoint\",\"urlTemplate\":\"https:\\\/\\\/radioleinewelle.de\\\/?s={search_term_string}\"},\"query-input\":{\"@type\":\"PropertyValueSpecification\",\"valueRequired\":true,\"valueName\":\"search_term_string\"}}],\"inLanguage\":\"de\"},{\"@type\":\"Organization\",\"@id\":\"https:\\\/\\\/radioleinewelle.de\\\/#organization\",\"name\":\"Radio Leinewelle\",\"alternateName\":\"Mein Radio f\u00fcr S\u00fcdniedersachsen\",\"url\":\"https:\\\/\\\/radioleinewelle.de\\\/\",\"logo\":{\"@type\":\"ImageObject\",\"inLanguage\":\"de\",\"@id\":\"https:\\\/\\\/radioleinewelle.de\\\/#\\\/schema\\\/logo\\\/image\\\/\",\"url\":\"https:\\\/\\\/radioleinewelle.de\\\/wp-content\\\/uploads\\\/2023\\\/11\\\/cropped-Leinewelle_Logo_weiss.png\",\"contentUrl\":\"https:\\\/\\\/radioleinewelle.de\\\/wp-content\\\/uploads\\\/2023\\\/11\\\/cropped-Leinewelle_Logo_weiss.png\",\"width\":854,\"height\":260,\"caption\":\"Radio Leinewelle\"},\"image\":{\"@id\":\"https:\\\/\\\/radioleinewelle.de\\\/#\\\/schema\\\/logo\\\/image\\\/\"},\"sameAs\":[\"https:\\\/\\\/www.facebook.com\\\/radioleinewelle\",\"https:\\\/\\\/x.com\\\/RLeinewelle\",\"https:\\\/\\\/www.instagram.com\\\/radioleinewelle\\\/?hl=de\"]},{\"@type\":\"Person\",\"@id\":\"https:\\\/\\\/radioleinewelle.de\\\/#\\\/schema\\\/person\\\/45606f348637df637192dc1b68399a63\",\"name\":\"Leinewelle\",\"image\":{\"@type\":\"ImageObject\",\"inLanguage\":\"de\",\"@id\":\"https:\\\/\\\/secure.gravatar.com\\\/avatar\\\/05c9a17bc973052ee5d91549bd32fb4dd0dc85b7b85ae94b2e2b4943476bbea5?s=96&d=blank&r=g\",\"url\":\"https:\\\/\\\/secure.gravatar.com\\\/avatar\\\/05c9a17bc973052ee5d91549bd32fb4dd0dc85b7b85ae94b2e2b4943476bbea5?s=96&d=blank&r=g\",\"contentUrl\":\"https:\\\/\\\/secure.gravatar.com\\\/avatar\\\/05c9a17bc973052ee5d91549bd32fb4dd0dc85b7b85ae94b2e2b4943476bbea5?s=96&d=blank&r=g\",\"caption\":\"Leinewelle\"},\"sameAs\":[\"http:\\\/\\\/localhost\\\/radio%20leinewelle\\\/wordpress\",\"https:\\\/\\\/www.facebook.com\\\/radioleinewelle\",\"https:\\\/\\\/www.instagram.com\\\/radioleinewelle\",\"https:\\\/\\\/x.com\\\/https:\\\/\\\/twitter.com\\\/RLeinewelle?ref_src=twsrcgoogletwcampserptwgrauthor\",\"https:\\\/\\\/soundcloud.com\\\/foerderverein-lokalradio?utm_source=clipboard&utm_medium=text&utm_campaign=social_sharing\"],\"url\":\"https:\\\/\\\/radioleinewelle.de\\\/index.php\\\/author\\\/leinewelle\\\/\"}]}<\/script>\n<!-- \/ Yoast SEO plugin. -->","yoast_head_json":{"title":"Viele Unf\u00e4lle durch Eisregen in der Region - Radio Leinewelle","robots":{"index":"index","follow":"follow","max-snippet":"max-snippet:-1","max-image-preview":"max-image-preview:large","max-video-preview":"max-video-preview:-1"},"canonical":"https:\/\/radioleinewelle.de\/index.php\/2022\/12\/20\/viele-unfaelle-durch-eisregen-in-der-region\/","og_locale":"de_DE","og_type":"article","og_title":"Viele Unf\u00e4lle durch Eisregen in der Region - Radio Leinewelle","og_description":"Gestern kam es in S\u00fcdniedersachsen witterungsbedingt zu zahlreichen Verkehrsunf\u00e4llen. Die Polizeiinspektion G\u00f6ttingen hat f\u00fcr ihren Bereich Bilanz gezogen und teilt mit: Gl\u00e4tte und einsetzender Eisregen haben am Montagvormittag zu insgesamt rund 100 Verkehrsunf\u00e4llen gef\u00fchrt. Etwa die H\u00e4lfte davon ereigneten sich im Stadtgebiet von G\u00f6ttingen, der Rest verteilte sich auf den Landkreis. In den allermeisten F\u00e4llen [&hellip;]","og_url":"https:\/\/radioleinewelle.de\/index.php\/2022\/12\/20\/viele-unfaelle-durch-eisregen-in-der-region\/","og_site_name":"Radio Leinewelle","article_publisher":"https:\/\/www.facebook.com\/radioleinewelle","article_author":"https:\/\/www.facebook.com\/radioleinewelle","article_published_time":"2022-12-20T09:27:55+00:00","og_image":[{"width":640,"height":426,"url":"https:\/\/radioleinewelle.de\/wp-content\/uploads\/2022\/12\/black-ice-g97d9fe274_640.jpg","type":"image\/jpeg"}],"author":"Leinewelle","twitter_card":"summary_large_image","twitter_creator":"@https:\/\/twitter.com\/RLeinewelle?ref_src=twsrcgoogletwcampserptwgrauthor","twitter_site":"@RLeinewelle","twitter_misc":{"Verfasst von":"Leinewelle","Gesch\u00e4tzte Lesezeit":"2\u00a0Minuten"},"schema":{"@context":"https:\/\/schema.org","@graph":[{"@type":"Article","@id":"https:\/\/radioleinewelle.de\/index.php\/2022\/12\/20\/viele-unfaelle-durch-eisregen-in-der-region\/#article","isPartOf":{"@id":"https:\/\/radioleinewelle.de\/index.php\/2022\/12\/20\/viele-unfaelle-durch-eisregen-in-der-region\/"},"author":{"name":"Leinewelle","@id":"https:\/\/radioleinewelle.de\/#\/schema\/person\/45606f348637df637192dc1b68399a63"},"headline":"Viele Unf\u00e4lle durch Eisregen in der Region","datePublished":"2022-12-20T09:27:55+00:00","mainEntityOfPage":{"@id":"https:\/\/radioleinewelle.de\/index.php\/2022\/12\/20\/viele-unfaelle-durch-eisregen-in-der-region\/"},"wordCount":280,"publisher":{"@id":"https:\/\/radioleinewelle.de\/#organization"},"image":{"@id":"https:\/\/radioleinewelle.de\/index.php\/2022\/12\/20\/viele-unfaelle-durch-eisregen-in-der-region\/#primaryimage"},"thumbnailUrl":"https:\/\/radioleinewelle.de\/wp-content\/uploads\/2022\/12\/black-ice-g97d9fe274_640.jpg","keywords":["Eisregen","Glatteisunf\u00e4lle","Landkreis G\u00f6ttingebn"],"articleSection":["Aktuelle Nachrichten"],"inLanguage":"de"},{"@type":"WebPage","@id":"https:\/\/radioleinewelle.de\/index.php\/2022\/12\/20\/viele-unfaelle-durch-eisregen-in-der-region\/","url":"https:\/\/radioleinewelle.de\/index.php\/2022\/12\/20\/viele-unfaelle-durch-eisregen-in-der-region\/","name":"Viele Unf\u00e4lle durch Eisregen in der Region - Radio Leinewelle","isPartOf":{"@id":"https:\/\/radioleinewelle.de\/#website"},"primaryImageOfPage":{"@id":"https:\/\/radioleinewelle.de\/index.php\/2022\/12\/20\/viele-unfaelle-durch-eisregen-in-der-region\/#primaryimage"},"image":{"@id":"https:\/\/radioleinewelle.de\/index.php\/2022\/12\/20\/viele-unfaelle-durch-eisregen-in-der-region\/#primaryimage"},"thumbnailUrl":"https:\/\/radioleinewelle.de\/wp-content\/uploads\/2022\/12\/black-ice-g97d9fe274_640.jpg","datePublished":"2022-12-20T09:27:55+00:00","breadcrumb":{"@id":"https:\/\/radioleinewelle.de\/index.php\/2022\/12\/20\/viele-unfaelle-durch-eisregen-in-der-region\/#breadcrumb"},"inLanguage":"de","potentialAction":[{"@type":"ReadAction","target":["https:\/\/radioleinewelle.de\/index.php\/2022\/12\/20\/viele-unfaelle-durch-eisregen-in-der-region\/"]}]},{"@type":"ImageObject","inLanguage":"de","@id":"https:\/\/radioleinewelle.de\/index.php\/2022\/12\/20\/viele-unfaelle-durch-eisregen-in-der-region\/#primaryimage","url":"https:\/\/radioleinewelle.de\/wp-content\/uploads\/2022\/12\/black-ice-g97d9fe274_640.jpg","contentUrl":"https:\/\/radioleinewelle.de\/wp-content\/uploads\/2022\/12\/black-ice-g97d9fe274_640.jpg","width":640,"height":426},{"@type":"BreadcrumbList","@id":"https:\/\/radioleinewelle.de\/index.php\/2022\/12\/20\/viele-unfaelle-durch-eisregen-in-der-region\/#breadcrumb","itemListElement":[{"@type":"ListItem","position":1,"name":"Startseite","item":"https:\/\/radioleinewelle.de\/"},{"@type":"ListItem","position":2,"name":"Viele Unf\u00e4lle durch Eisregen in der Region"}]},{"@type":"WebSite","@id":"https:\/\/radioleinewelle.de\/#website","url":"https:\/\/radioleinewelle.de\/","name":"Radio Leinewelle","description":"","publisher":{"@id":"https:\/\/radioleinewelle.de\/#organization"},"potentialAction":[{"@type":"SearchAction","target":{"@type":"EntryPoint","urlTemplate":"https:\/\/radioleinewelle.de\/?s={search_term_string}"},"query-input":{"@type":"PropertyValueSpecification","valueRequired":true,"valueName":"search_term_string"}}],"inLanguage":"de"},{"@type":"Organization","@id":"https:\/\/radioleinewelle.de\/#organization","name":"Radio Leinewelle","alternateName":"Mein Radio f\u00fcr S\u00fcdniedersachsen","url":"https:\/\/radioleinewelle.de\/","logo":{"@type":"ImageObject","inLanguage":"de","@id":"https:\/\/radioleinewelle.de\/#\/schema\/logo\/image\/","url":"https:\/\/radioleinewelle.de\/wp-content\/uploads\/2023\/11\/cropped-Leinewelle_Logo_weiss.png","contentUrl":"https:\/\/radioleinewelle.de\/wp-content\/uploads\/2023\/11\/cropped-Leinewelle_Logo_weiss.png","width":854,"height":260,"caption":"Radio Leinewelle"},"image":{"@id":"https:\/\/radioleinewelle.de\/#\/schema\/logo\/image\/"},"sameAs":["https:\/\/www.facebook.com\/radioleinewelle","https:\/\/x.com\/RLeinewelle","https:\/\/www.instagram.com\/radioleinewelle\/?hl=de"]},{"@type":"Person","@id":"https:\/\/radioleinewelle.de\/#\/schema\/person\/45606f348637df637192dc1b68399a63","name":"Leinewelle","image":{"@type":"ImageObject","inLanguage":"de","@id":"https:\/\/secure.gravatar.com\/avatar\/05c9a17bc973052ee5d91549bd32fb4dd0dc85b7b85ae94b2e2b4943476bbea5?s=96&d=blank&r=g","url":"https:\/\/secure.gravatar.com\/avatar\/05c9a17bc973052ee5d91549bd32fb4dd0dc85b7b85ae94b2e2b4943476bbea5?s=96&d=blank&r=g","contentUrl":"https:\/\/secure.gravatar.com\/avatar\/05c9a17bc973052ee5d91549bd32fb4dd0dc85b7b85ae94b2e2b4943476bbea5?s=96&d=blank&r=g","caption":"Leinewelle"},"sameAs":["http:\/\/localhost\/radio%20leinewelle\/wordpress","https:\/\/www.facebook.com\/radioleinewelle","https:\/\/www.instagram.com\/radioleinewelle","https:\/\/x.com\/https:\/\/twitter.com\/RLeinewelle?ref_src=twsrcgoogletwcampserptwgrauthor","https:\/\/soundcloud.com\/foerderverein-lokalradio?utm_source=clipboard&utm_medium=text&utm_campaign=social_sharing"],"url":"https:\/\/radioleinewelle.de\/index.php\/author\/leinewelle\/"}]}},"_links":{"self":[{"href":"https:\/\/radioleinewelle.de\/index.php\/wp-json\/wp\/v2\/posts\/17277","targetHints":{"allow":["GET"]}}],"collection":[{"href":"https:\/\/radioleinewelle.de\/index.php\/wp-json\/wp\/v2\/posts"}],"about":[{"href":"https:\/\/radioleinewelle.de\/index.php\/wp-json\/wp\/v2\/types\/post"}],"author":[{"embeddable":true,"href":"https:\/\/radioleinewelle.de\/index.php\/wp-json\/wp\/v2\/users\/1"}],"replies":[{"embeddable":true,"href":"https:\/\/radioleinewelle.de\/index.php\/wp-json\/wp\/v2\/comments?post=17277"}],"version-history":[{"count":0,"href":"https:\/\/radioleinewelle.de\/index.php\/wp-json\/wp\/v2\/posts\/17277\/revisions"}],"wp:featuredmedia":[{"embeddable":true,"href":"https:\/\/radioleinewelle.de\/index.php\/wp-json\/wp\/v2\/media\/17279"}],"wp:attachment":[{"href":"https:\/\/radioleinewelle.de\/index.php\/wp-json\/wp\/v2\/media?parent=17277"}],"wp:term":[{"taxonomy":"category","embeddable":true,"href":"https:\/\/radioleinewelle.de\/index.php\/wp-json\/wp\/v2\/categories?post=17277"},{"taxonomy":"post_tag","embeddable":true,"href":"https:\/\/radioleinewelle.de\/index.php\/wp-json\/wp\/v2\/tags?post=17277"}],"curies":[{"name":"wp","href":"https:\/\/api.w.org\/{rel}","templated":true}]}}