{"id":1728,"date":"2020-09-19T04:47:56","date_gmt":"2020-09-19T02:47:56","guid":{"rendered":"https:\/\/radioleinewelle.de\/?p=1728"},"modified":"2020-09-19T04:47:56","modified_gmt":"2020-09-19T02:47:56","slug":"gruener-stadtvorstand-schlaegt-ortsmitgliedern-doreen-fragel-als-ob-kandidatin-vor","status":"publish","type":"post","link":"https:\/\/radioleinewelle.de\/index.php\/2020\/09\/19\/gruener-stadtvorstand-schlaegt-ortsmitgliedern-doreen-fragel-als-ob-kandidatin-vor\/","title":{"rendered":"GR\u00dcNER Stadtvorstand schl\u00e4gt Ortsmitgliedern Doreen Fragel als OB-Kandidatin vor"},"content":{"rendered":"<p>B\u00dcNDNIS 90\/DIE GR\u00dcNEN in G\u00f6ttingen m\u00f6chten mit einer Frau in den Kommunalwahlkampf 2021 starten. Der neue Stadtvorstand der G\u00f6ttinger GR\u00dcNEN schl\u00e4gt der Ortsmitgliederversammlung die parteilose Gesch\u00e4ftsf\u00fchrerin Doreen Fragel als Oberb\u00fcrgermeister-Kandidatin zur Wahl vor. \u201eWir haben mit Doreen Fragel eine fachlich kompetente und zugleich mutige Kandidatin gefunden, die G\u00f6ttingen mit Engagement und Charme voranbringen kann,\u201c sagte Ute Reichmann bei ihrer Vorstellung am Freitag.<\/p>\n<p>Doreen Fragel ist Volljuristin und leitet seit 2010 die von Stadt, Landkreis und weiteren Akteuren gegr\u00fcndete \u201eEnergieagentur Region G\u00f6ttingen\u201c. \u201eDort hat sie gezeigt, dass sie sowohl B\u00fcrger*innen als auch Unternehmer*innen und Kommunen f\u00fcr Klimaschutz begeistert,\u201c sagte Ute Reichmann und verwies auch auf ihre F\u00e4higkeit, Wirtschaft, Wissenschaft, Handwerk und Sozialverb\u00e4nde miteinander erfolgreich zu vernetzen.<\/p>\n<p>\u201eSie scheut dabei auch nicht davor zur\u00fcck, sich gro\u00dfen Aufgaben zu stellen. Und all das brauchen wir, um G\u00f6ttingen \u00f6kologisch und sozial f\u00fcr heute und f\u00fcr die Zukunft fit zu machen,\u201c sagte Suse Stobbe, die auch erkl\u00e4rte, dass eine Findungskommission die 44-j\u00e4hrige Doreen Fragel aus mehreren Kandidat*innen ausgew\u00e4hlt hat. Ende Oktober werden nun die Mitglieder des Stadtverbands der G\u00f6ttinger Gr\u00fcnen im Rahmen einer Ortsmitgliederversammlung abschlie\u00dfend entscheiden, ob sie Doreen Fragel f\u00fcr die GR\u00dcNEN ins Rennen ums Neue Rathaus schicken werden.<\/p>\n<p>Die Kandidatin selbst ist stolz und geehrt, dass die Findungskommission sie angesprochen hat. \u201eVon Anfang an war das Arbeitsklima bei den GR\u00dcNEN mitrei\u00dfend, sach- und zielorientiert &#8211; das hat mich begeistert,\u201c sagte Doreen Fragel. Sie selbst sieht sich als ausgesprochene Teamplayerin, Netzwerkerin und Pragmatikerin. \u201eIch bringe den Mut zu Neuem mit. Denn wir m\u00fcssen in unserer Stadt durchstarten und uns beeilen, wenn wir die Stadt voranbringen, soziale H\u00fcrden abbauen und gleichzeitig effektiven und wirkungsvollen Klimaschutz umsetzen wollen.\u201c<\/p>\n<p>Klimaschutz sowie den Dreiklang von \u00f6kologischer, sozialer und wirtschaftlicher Nachhaltigkeit sieht sie als Querschnittsaufgaben f\u00fcr alle Entscheidungen, die heute und in Zukunft in G\u00f6ttingen anstehen. \u201eMit gro\u00dfer Freude und dem gebotenen Respekt w\u00fcrde ich mich als Oberb\u00fcrgermeisterin f\u00fcr unsere Stadt einsetzen, wenn mir die GR\u00dcNE Ortsmitgliederversammlung das n\u00f6tige Vertrauen schenkt.\u201c<\/p>\n<p>Doreen Fragel ist verheiratet und hat zwei Kinder. Sie ist in G\u00f6ttingens Partnerstadt Lutherstadt Wittenberg geboren und war 1996 zum Jura-Studium in die Uni-Stadt gekommen. Seitdem wohnt und arbeitet sie in und um G\u00f6ttingen.<\/p>\n","protected":false},"excerpt":{"rendered":"<p>B\u00dcNDNIS 90\/DIE GR\u00dcNEN in G\u00f6ttingen m\u00f6chten mit einer Frau in den Kommunalwahlkampf 2021 starten. Der neue Stadtvorstand der G\u00f6ttinger GR\u00dcNEN schl\u00e4gt der Ortsmitgliederversammlung die parteilose Gesch\u00e4ftsf\u00fchrerin Doreen Fragel als Oberb\u00fcrgermeister-Kandidatin zur Wahl vor. \u201eWir haben mit Doreen Fragel eine fachlich kompetente und zugleich mutige Kandidatin gefunden, die G\u00f6ttingen mit Engagement und Charme voranbringen kann,\u201c sagte [&hellip;]<\/p>\n","protected":false},"author":1,"featured_media":0,"comment_status":"closed","ping_status":"closed","sticky":false,"template":"","format":"standard","meta":{"saved_in_kubio":false,"footnotes":""},"categories":[1],"tags":[],"class_list":["post-1728","post","type-post","status-publish","format-standard","hentry","category-allgemein"],"yoast_head":"<!-- This site is optimized with the Yoast SEO plugin v27.5 - https:\/\/yoast.com\/product\/yoast-seo-wordpress\/ -->\n<title>GR\u00dcNER Stadtvorstand schl\u00e4gt Ortsmitgliedern Doreen Fragel als OB-Kandidatin vor - Radio Leinewelle<\/title>\n<meta name=\"robots\" content=\"index, follow, max-snippet:-1, max-image-preview:large, max-video-preview:-1\" \/>\n<link rel=\"canonical\" href=\"https:\/\/radioleinewelle.de\/index.php\/2020\/09\/19\/gruener-stadtvorstand-schlaegt-ortsmitgliedern-doreen-fragel-als-ob-kandidatin-vor\/\" \/>\n<meta property=\"og:locale\" content=\"de_DE\" \/>\n<meta property=\"og:type\" content=\"article\" \/>\n<meta property=\"og:title\" content=\"GR\u00dcNER Stadtvorstand schl\u00e4gt Ortsmitgliedern Doreen Fragel als OB-Kandidatin vor - Radio Leinewelle\" \/>\n<meta property=\"og:description\" content=\"B\u00dcNDNIS 90\/DIE GR\u00dcNEN in G\u00f6ttingen m\u00f6chten mit einer Frau in den Kommunalwahlkampf 2021 starten. Der neue Stadtvorstand der G\u00f6ttinger GR\u00dcNEN schl\u00e4gt der Ortsmitgliederversammlung die parteilose Gesch\u00e4ftsf\u00fchrerin Doreen Fragel als Oberb\u00fcrgermeister-Kandidatin zur Wahl vor. \u201eWir haben mit Doreen Fragel eine fachlich kompetente und zugleich mutige Kandidatin gefunden, die G\u00f6ttingen mit Engagement und Charme voranbringen kann,\u201c sagte [&hellip;]\" \/>\n<meta property=\"og:url\" content=\"https:\/\/radioleinewelle.de\/index.php\/2020\/09\/19\/gruener-stadtvorstand-schlaegt-ortsmitgliedern-doreen-fragel-als-ob-kandidatin-vor\/\" \/>\n<meta property=\"og:site_name\" content=\"Radio Leinewelle\" \/>\n<meta property=\"article:publisher\" content=\"https:\/\/www.facebook.com\/radioleinewelle\" \/>\n<meta property=\"article:author\" content=\"https:\/\/www.facebook.com\/radioleinewelle\" \/>\n<meta property=\"article:published_time\" content=\"2020-09-19T02:47:56+00:00\" \/>\n<meta name=\"author\" content=\"Leinewelle\" \/>\n<meta name=\"twitter:card\" content=\"summary_large_image\" \/>\n<meta name=\"twitter:creator\" content=\"@https:\/\/twitter.com\/RLeinewelle?ref_src=twsrcgoogletwcampserptwgrauthor\" \/>\n<meta name=\"twitter:site\" content=\"@RLeinewelle\" \/>\n<meta name=\"twitter:label1\" content=\"Verfasst von\" \/>\n\t<meta name=\"twitter:data1\" content=\"Leinewelle\" \/>\n\t<meta name=\"twitter:label2\" content=\"Gesch\u00e4tzte Lesezeit\" \/>\n\t<meta name=\"twitter:data2\" content=\"2\u00a0Minuten\" \/>\n<script type=\"application\/ld+json\" class=\"yoast-schema-graph\">{\"@context\":\"https:\\\/\\\/schema.org\",\"@graph\":[{\"@type\":\"Article\",\"@id\":\"https:\\\/\\\/radioleinewelle.de\\\/index.php\\\/2020\\\/09\\\/19\\\/gruener-stadtvorstand-schlaegt-ortsmitgliedern-doreen-fragel-als-ob-kandidatin-vor\\\/#article\",\"isPartOf\":{\"@id\":\"https:\\\/\\\/radioleinewelle.de\\\/index.php\\\/2020\\\/09\\\/19\\\/gruener-stadtvorstand-schlaegt-ortsmitgliedern-doreen-fragel-als-ob-kandidatin-vor\\\/\"},\"author\":{\"name\":\"Leinewelle\",\"@id\":\"https:\\\/\\\/radioleinewelle.de\\\/#\\\/schema\\\/person\\\/45606f348637df637192dc1b68399a63\"},\"headline\":\"GR\u00dcNER Stadtvorstand schl\u00e4gt Ortsmitgliedern Doreen Fragel als OB-Kandidatin vor\",\"datePublished\":\"2020-09-19T02:47:56+00:00\",\"mainEntityOfPage\":{\"@id\":\"https:\\\/\\\/radioleinewelle.de\\\/index.php\\\/2020\\\/09\\\/19\\\/gruener-stadtvorstand-schlaegt-ortsmitgliedern-doreen-fragel-als-ob-kandidatin-vor\\\/\"},\"wordCount\":411,\"publisher\":{\"@id\":\"https:\\\/\\\/radioleinewelle.de\\\/#organization\"},\"inLanguage\":\"de\"},{\"@type\":\"WebPage\",\"@id\":\"https:\\\/\\\/radioleinewelle.de\\\/index.php\\\/2020\\\/09\\\/19\\\/gruener-stadtvorstand-schlaegt-ortsmitgliedern-doreen-fragel-als-ob-kandidatin-vor\\\/\",\"url\":\"https:\\\/\\\/radioleinewelle.de\\\/index.php\\\/2020\\\/09\\\/19\\\/gruener-stadtvorstand-schlaegt-ortsmitgliedern-doreen-fragel-als-ob-kandidatin-vor\\\/\",\"name\":\"GR\u00dcNER Stadtvorstand schl\u00e4gt Ortsmitgliedern Doreen Fragel als OB-Kandidatin vor - Radio Leinewelle\",\"isPartOf\":{\"@id\":\"https:\\\/\\\/radioleinewelle.de\\\/#website\"},\"datePublished\":\"2020-09-19T02:47:56+00:00\",\"breadcrumb\":{\"@id\":\"https:\\\/\\\/radioleinewelle.de\\\/index.php\\\/2020\\\/09\\\/19\\\/gruener-stadtvorstand-schlaegt-ortsmitgliedern-doreen-fragel-als-ob-kandidatin-vor\\\/#breadcrumb\"},\"inLanguage\":\"de\",\"potentialAction\":[{\"@type\":\"ReadAction\",\"target\":[\"https:\\\/\\\/radioleinewelle.de\\\/index.php\\\/2020\\\/09\\\/19\\\/gruener-stadtvorstand-schlaegt-ortsmitgliedern-doreen-fragel-als-ob-kandidatin-vor\\\/\"]}]},{\"@type\":\"BreadcrumbList\",\"@id\":\"https:\\\/\\\/radioleinewelle.de\\\/index.php\\\/2020\\\/09\\\/19\\\/gruener-stadtvorstand-schlaegt-ortsmitgliedern-doreen-fragel-als-ob-kandidatin-vor\\\/#breadcrumb\",\"itemListElement\":[{\"@type\":\"ListItem\",\"position\":1,\"name\":\"Startseite\",\"item\":\"https:\\\/\\\/radioleinewelle.de\\\/\"},{\"@type\":\"ListItem\",\"position\":2,\"name\":\"GR\u00dcNER Stadtvorstand schl\u00e4gt Ortsmitgliedern Doreen Fragel als OB-Kandidatin vor\"}]},{\"@type\":\"WebSite\",\"@id\":\"https:\\\/\\\/radioleinewelle.de\\\/#website\",\"url\":\"https:\\\/\\\/radioleinewelle.de\\\/\",\"name\":\"Radio Leinewelle\",\"description\":\"\",\"publisher\":{\"@id\":\"https:\\\/\\\/radioleinewelle.de\\\/#organization\"},\"potentialAction\":[{\"@type\":\"SearchAction\",\"target\":{\"@type\":\"EntryPoint\",\"urlTemplate\":\"https:\\\/\\\/radioleinewelle.de\\\/?s={search_term_string}\"},\"query-input\":{\"@type\":\"PropertyValueSpecification\",\"valueRequired\":true,\"valueName\":\"search_term_string\"}}],\"inLanguage\":\"de\"},{\"@type\":\"Organization\",\"@id\":\"https:\\\/\\\/radioleinewelle.de\\\/#organization\",\"name\":\"Radio Leinewelle\",\"alternateName\":\"Mein Radio f\u00fcr S\u00fcdniedersachsen\",\"url\":\"https:\\\/\\\/radioleinewelle.de\\\/\",\"logo\":{\"@type\":\"ImageObject\",\"inLanguage\":\"de\",\"@id\":\"https:\\\/\\\/radioleinewelle.de\\\/#\\\/schema\\\/logo\\\/image\\\/\",\"url\":\"https:\\\/\\\/radioleinewelle.de\\\/wp-content\\\/uploads\\\/2023\\\/11\\\/cropped-Leinewelle_Logo_weiss.png\",\"contentUrl\":\"https:\\\/\\\/radioleinewelle.de\\\/wp-content\\\/uploads\\\/2023\\\/11\\\/cropped-Leinewelle_Logo_weiss.png\",\"width\":854,\"height\":260,\"caption\":\"Radio Leinewelle\"},\"image\":{\"@id\":\"https:\\\/\\\/radioleinewelle.de\\\/#\\\/schema\\\/logo\\\/image\\\/\"},\"sameAs\":[\"https:\\\/\\\/www.facebook.com\\\/radioleinewelle\",\"https:\\\/\\\/x.com\\\/RLeinewelle\",\"https:\\\/\\\/www.instagram.com\\\/radioleinewelle\\\/?hl=de\"]},{\"@type\":\"Person\",\"@id\":\"https:\\\/\\\/radioleinewelle.de\\\/#\\\/schema\\\/person\\\/45606f348637df637192dc1b68399a63\",\"name\":\"Leinewelle\",\"image\":{\"@type\":\"ImageObject\",\"inLanguage\":\"de\",\"@id\":\"https:\\\/\\\/secure.gravatar.com\\\/avatar\\\/05c9a17bc973052ee5d91549bd32fb4dd0dc85b7b85ae94b2e2b4943476bbea5?s=96&d=blank&r=g\",\"url\":\"https:\\\/\\\/secure.gravatar.com\\\/avatar\\\/05c9a17bc973052ee5d91549bd32fb4dd0dc85b7b85ae94b2e2b4943476bbea5?s=96&d=blank&r=g\",\"contentUrl\":\"https:\\\/\\\/secure.gravatar.com\\\/avatar\\\/05c9a17bc973052ee5d91549bd32fb4dd0dc85b7b85ae94b2e2b4943476bbea5?s=96&d=blank&r=g\",\"caption\":\"Leinewelle\"},\"sameAs\":[\"http:\\\/\\\/localhost\\\/radio%20leinewelle\\\/wordpress\",\"https:\\\/\\\/www.facebook.com\\\/radioleinewelle\",\"https:\\\/\\\/www.instagram.com\\\/radioleinewelle\",\"https:\\\/\\\/x.com\\\/https:\\\/\\\/twitter.com\\\/RLeinewelle?ref_src=twsrcgoogletwcampserptwgrauthor\",\"https:\\\/\\\/soundcloud.com\\\/foerderverein-lokalradio?utm_source=clipboard&utm_medium=text&utm_campaign=social_sharing\"],\"url\":\"https:\\\/\\\/radioleinewelle.de\\\/index.php\\\/author\\\/leinewelle\\\/\"}]}<\/script>\n<!-- \/ Yoast SEO plugin. -->","yoast_head_json":{"title":"GR\u00dcNER Stadtvorstand schl\u00e4gt Ortsmitgliedern Doreen Fragel als OB-Kandidatin vor - Radio Leinewelle","robots":{"index":"index","follow":"follow","max-snippet":"max-snippet:-1","max-image-preview":"max-image-preview:large","max-video-preview":"max-video-preview:-1"},"canonical":"https:\/\/radioleinewelle.de\/index.php\/2020\/09\/19\/gruener-stadtvorstand-schlaegt-ortsmitgliedern-doreen-fragel-als-ob-kandidatin-vor\/","og_locale":"de_DE","og_type":"article","og_title":"GR\u00dcNER Stadtvorstand schl\u00e4gt Ortsmitgliedern Doreen Fragel als OB-Kandidatin vor - Radio Leinewelle","og_description":"B\u00dcNDNIS 90\/DIE GR\u00dcNEN in G\u00f6ttingen m\u00f6chten mit einer Frau in den Kommunalwahlkampf 2021 starten. Der neue Stadtvorstand der G\u00f6ttinger GR\u00dcNEN schl\u00e4gt der Ortsmitgliederversammlung die parteilose Gesch\u00e4ftsf\u00fchrerin Doreen Fragel als Oberb\u00fcrgermeister-Kandidatin zur Wahl vor. \u201eWir haben mit Doreen Fragel eine fachlich kompetente und zugleich mutige Kandidatin gefunden, die G\u00f6ttingen mit Engagement und Charme voranbringen kann,\u201c sagte [&hellip;]","og_url":"https:\/\/radioleinewelle.de\/index.php\/2020\/09\/19\/gruener-stadtvorstand-schlaegt-ortsmitgliedern-doreen-fragel-als-ob-kandidatin-vor\/","og_site_name":"Radio Leinewelle","article_publisher":"https:\/\/www.facebook.com\/radioleinewelle","article_author":"https:\/\/www.facebook.com\/radioleinewelle","article_published_time":"2020-09-19T02:47:56+00:00","author":"Leinewelle","twitter_card":"summary_large_image","twitter_creator":"@https:\/\/twitter.com\/RLeinewelle?ref_src=twsrcgoogletwcampserptwgrauthor","twitter_site":"@RLeinewelle","twitter_misc":{"Verfasst von":"Leinewelle","Gesch\u00e4tzte Lesezeit":"2\u00a0Minuten"},"schema":{"@context":"https:\/\/schema.org","@graph":[{"@type":"Article","@id":"https:\/\/radioleinewelle.de\/index.php\/2020\/09\/19\/gruener-stadtvorstand-schlaegt-ortsmitgliedern-doreen-fragel-als-ob-kandidatin-vor\/#article","isPartOf":{"@id":"https:\/\/radioleinewelle.de\/index.php\/2020\/09\/19\/gruener-stadtvorstand-schlaegt-ortsmitgliedern-doreen-fragel-als-ob-kandidatin-vor\/"},"author":{"name":"Leinewelle","@id":"https:\/\/radioleinewelle.de\/#\/schema\/person\/45606f348637df637192dc1b68399a63"},"headline":"GR\u00dcNER Stadtvorstand schl\u00e4gt Ortsmitgliedern Doreen Fragel als OB-Kandidatin vor","datePublished":"2020-09-19T02:47:56+00:00","mainEntityOfPage":{"@id":"https:\/\/radioleinewelle.de\/index.php\/2020\/09\/19\/gruener-stadtvorstand-schlaegt-ortsmitgliedern-doreen-fragel-als-ob-kandidatin-vor\/"},"wordCount":411,"publisher":{"@id":"https:\/\/radioleinewelle.de\/#organization"},"inLanguage":"de"},{"@type":"WebPage","@id":"https:\/\/radioleinewelle.de\/index.php\/2020\/09\/19\/gruener-stadtvorstand-schlaegt-ortsmitgliedern-doreen-fragel-als-ob-kandidatin-vor\/","url":"https:\/\/radioleinewelle.de\/index.php\/2020\/09\/19\/gruener-stadtvorstand-schlaegt-ortsmitgliedern-doreen-fragel-als-ob-kandidatin-vor\/","name":"GR\u00dcNER Stadtvorstand schl\u00e4gt Ortsmitgliedern Doreen Fragel als OB-Kandidatin vor - Radio Leinewelle","isPartOf":{"@id":"https:\/\/radioleinewelle.de\/#website"},"datePublished":"2020-09-19T02:47:56+00:00","breadcrumb":{"@id":"https:\/\/radioleinewelle.de\/index.php\/2020\/09\/19\/gruener-stadtvorstand-schlaegt-ortsmitgliedern-doreen-fragel-als-ob-kandidatin-vor\/#breadcrumb"},"inLanguage":"de","potentialAction":[{"@type":"ReadAction","target":["https:\/\/radioleinewelle.de\/index.php\/2020\/09\/19\/gruener-stadtvorstand-schlaegt-ortsmitgliedern-doreen-fragel-als-ob-kandidatin-vor\/"]}]},{"@type":"BreadcrumbList","@id":"https:\/\/radioleinewelle.de\/index.php\/2020\/09\/19\/gruener-stadtvorstand-schlaegt-ortsmitgliedern-doreen-fragel-als-ob-kandidatin-vor\/#breadcrumb","itemListElement":[{"@type":"ListItem","position":1,"name":"Startseite","item":"https:\/\/radioleinewelle.de\/"},{"@type":"ListItem","position":2,"name":"GR\u00dcNER Stadtvorstand schl\u00e4gt Ortsmitgliedern Doreen Fragel als OB-Kandidatin vor"}]},{"@type":"WebSite","@id":"https:\/\/radioleinewelle.de\/#website","url":"https:\/\/radioleinewelle.de\/","name":"Radio Leinewelle","description":"","publisher":{"@id":"https:\/\/radioleinewelle.de\/#organization"},"potentialAction":[{"@type":"SearchAction","target":{"@type":"EntryPoint","urlTemplate":"https:\/\/radioleinewelle.de\/?s={search_term_string}"},"query-input":{"@type":"PropertyValueSpecification","valueRequired":true,"valueName":"search_term_string"}}],"inLanguage":"de"},{"@type":"Organization","@id":"https:\/\/radioleinewelle.de\/#organization","name":"Radio Leinewelle","alternateName":"Mein Radio f\u00fcr S\u00fcdniedersachsen","url":"https:\/\/radioleinewelle.de\/","logo":{"@type":"ImageObject","inLanguage":"de","@id":"https:\/\/radioleinewelle.de\/#\/schema\/logo\/image\/","url":"https:\/\/radioleinewelle.de\/wp-content\/uploads\/2023\/11\/cropped-Leinewelle_Logo_weiss.png","contentUrl":"https:\/\/radioleinewelle.de\/wp-content\/uploads\/2023\/11\/cropped-Leinewelle_Logo_weiss.png","width":854,"height":260,"caption":"Radio Leinewelle"},"image":{"@id":"https:\/\/radioleinewelle.de\/#\/schema\/logo\/image\/"},"sameAs":["https:\/\/www.facebook.com\/radioleinewelle","https:\/\/x.com\/RLeinewelle","https:\/\/www.instagram.com\/radioleinewelle\/?hl=de"]},{"@type":"Person","@id":"https:\/\/radioleinewelle.de\/#\/schema\/person\/45606f348637df637192dc1b68399a63","name":"Leinewelle","image":{"@type":"ImageObject","inLanguage":"de","@id":"https:\/\/secure.gravatar.com\/avatar\/05c9a17bc973052ee5d91549bd32fb4dd0dc85b7b85ae94b2e2b4943476bbea5?s=96&d=blank&r=g","url":"https:\/\/secure.gravatar.com\/avatar\/05c9a17bc973052ee5d91549bd32fb4dd0dc85b7b85ae94b2e2b4943476bbea5?s=96&d=blank&r=g","contentUrl":"https:\/\/secure.gravatar.com\/avatar\/05c9a17bc973052ee5d91549bd32fb4dd0dc85b7b85ae94b2e2b4943476bbea5?s=96&d=blank&r=g","caption":"Leinewelle"},"sameAs":["http:\/\/localhost\/radio%20leinewelle\/wordpress","https:\/\/www.facebook.com\/radioleinewelle","https:\/\/www.instagram.com\/radioleinewelle","https:\/\/x.com\/https:\/\/twitter.com\/RLeinewelle?ref_src=twsrcgoogletwcampserptwgrauthor","https:\/\/soundcloud.com\/foerderverein-lokalradio?utm_source=clipboard&utm_medium=text&utm_campaign=social_sharing"],"url":"https:\/\/radioleinewelle.de\/index.php\/author\/leinewelle\/"}]}},"_links":{"self":[{"href":"https:\/\/radioleinewelle.de\/index.php\/wp-json\/wp\/v2\/posts\/1728","targetHints":{"allow":["GET"]}}],"collection":[{"href":"https:\/\/radioleinewelle.de\/index.php\/wp-json\/wp\/v2\/posts"}],"about":[{"href":"https:\/\/radioleinewelle.de\/index.php\/wp-json\/wp\/v2\/types\/post"}],"author":[{"embeddable":true,"href":"https:\/\/radioleinewelle.de\/index.php\/wp-json\/wp\/v2\/users\/1"}],"replies":[{"embeddable":true,"href":"https:\/\/radioleinewelle.de\/index.php\/wp-json\/wp\/v2\/comments?post=1728"}],"version-history":[{"count":0,"href":"https:\/\/radioleinewelle.de\/index.php\/wp-json\/wp\/v2\/posts\/1728\/revisions"}],"wp:attachment":[{"href":"https:\/\/radioleinewelle.de\/index.php\/wp-json\/wp\/v2\/media?parent=1728"}],"wp:term":[{"taxonomy":"category","embeddable":true,"href":"https:\/\/radioleinewelle.de\/index.php\/wp-json\/wp\/v2\/categories?post=1728"},{"taxonomy":"post_tag","embeddable":true,"href":"https:\/\/radioleinewelle.de\/index.php\/wp-json\/wp\/v2\/tags?post=1728"}],"curies":[{"name":"wp","href":"https:\/\/api.w.org\/{rel}","templated":true}]}}