{"id":17282,"date":"2022-12-20T10:42:45","date_gmt":"2022-12-20T09:42:45","guid":{"rendered":"https:\/\/radioleinewelle.de\/?p=17282"},"modified":"2022-12-20T10:42:45","modified_gmt":"2022-12-20T09:42:45","slug":"70-kuenstlerinnen-aus-zahlreichen-goettinger-kultur-einrichtungen-bei-der-naechsten-kunst-gala","status":"publish","type":"post","link":"https:\/\/radioleinewelle.de\/index.php\/2022\/12\/20\/70-kuenstlerinnen-aus-zahlreichen-goettinger-kultur-einrichtungen-bei-der-naechsten-kunst-gala\/","title":{"rendered":"70 K\u00fcnstlerInnen aus zahlreichen G\u00f6ttinger Kultur-Einrichtungen bei der n\u00e4chsten KUNST-Gala"},"content":{"rendered":"\n<p><\/p>\n\n\n\n<p>Endlich wieder KUNST-Gala! Zum 20. Mal organisiert der Verein KUNST die Gala, bei der alle K\u00fcnstlerInnen kostenlos auftreten, um so einen m\u00f6glichst hohen Erl\u00f6s f\u00fcr die F\u00f6rderung der Kultur in G\u00f6ttingen zu erzielen.<\/p>\n\n\n\n<p>Am&nbsp;Samstag 25.3. und Sonntag 26.3.2023 jeweils um 18 Uhr treten&nbsp;fast 70 K\u00fcnstlerInnen aus zahlreichen G\u00f6ttinger Kultur-Einrichtungen wie dem Deutschen Theater, dem G\u00f6ttinger Symphonie Orchester, dem KAZ, dem ThOP, dem Jungen Theater, der musa oder der G\u00f6ttinger Ballettschule Art la Danse sowie zahlreiche G\u00e4ste im Deutschen Theater G\u00f6ttingen auf!&nbsp;<\/p>\n\n\n\n<p>Die Gala, die zum dritten Mal im Deutschen Theater stattfindet, ist wieder dreigeteilt: sie beginnt mit einem Hauptb\u00fchnen-Block, danach werden alle Gala-G\u00e4ste zu einem Glas Sekt oder Saft \u2013 gesponsert von der Stadtwerke AG &#8211;&nbsp;&nbsp;eingeladen und k\u00f6nnen dabei im DT-Studio, im DT-Keller und im Bellevue Foyer Impro-Theater, Tanz und Musik genie\u00dfen, und sie endet schlie\u00dflich auf der Hauptb\u00fchne mit weiteren Highlights und dem Finale.<\/p>\n\n\n\n<p>Ein Schwerpunkt bilden dieses Mal Beitr\u00e4ge aus den Bereichen Tanz und Akrobatik. So zeigt die G\u00f6ttinger Ballettschule Art la danse eine in Corona-Zeiten entstandene Tanz-performance, die sich mit N\u00e4he und Distanz auseinandersetzt. Hip Hop Hood, die HipHop-T\u00e4nzerInnen der musa sind ebenso dabei wie die indische Kathak-T\u00e4nzerin Jyotika Dayal. Dazu kommen eine Hula-Hoop-Tanzperformance von&nbsp;Lucia LovelyLoops, Vertikaltuch-Akrobatik von&nbsp;Katharina Trabert und die beliebten KAZ-Akrobaten.<strong><u><\/u><\/strong><\/p>\n\n\n\n<p>Dar\u00fcber hinaus zeigt das Deutsche Theater einen Ausschnitt aus dem St\u00fcck \u201eSzenen einer Ehe\u201c, die Comedy Company und die QuerQuassler des Theater im OP sind mit Impro-Show-Auftritten dabei und Sch\u00fclerInnen der Heinrich-B\u00f6ll-Schule zeigen ihren preisgekr\u00f6nten Kurzfilm \u201e69 Klimastreit\u201c.&nbsp;<\/p>\n\n\n\n<p>Musik unterschiedlicher Stilrichtungen rundet das Programm ab: das Junge Theater pr\u00e4sentiert fetzige Musik aus seiner aktuellen Musik-Revue, die Steel Driving Men spielen Bluegrass und Road Songs, Klassik gibt es von einem Trompeten-Quartett des G\u00f6ttinger Symphonie Orchesters, Country Blues von Peter Funk mit seiner Hawaii-Gitarre und Pop-Musik von der Frauen-Band Strophe 7.<\/p>\n\n\n\n<p>Dank zahlreicher Sponsoren wie der Sparkasse G\u00f6ttingen, Refra-Technik, dem G\u00f6ttinger Tageblatt, dem GDA Wohnstift, der GWS und Eastwood Design wird der gesamte Erl\u00f6s aus den Eintrittsgeldern aufgestockt um Spenden wieder in die G\u00f6ttinger Kulturf\u00f6rderung flie\u00dfen.&nbsp;<\/p>\n\n\n\n<p>Mit den Erl\u00f6sen werden dieses Mal Kulturprojekte aller Art gef\u00f6rdert, bevorzugt jedoch solche, die MigrantInnen einbeziehen oder sich mit der Migrationsproblematik auseinandersetzen.&nbsp;<\/p>\n\n\n\n<p><strong>Antragsteller&nbsp;<\/strong>k\u00f6nnen alle&nbsp;<em>Kultureinrichtungen, Schulen sowie&nbsp;<\/em>Gruppen, Initiativen oder Vereine, die gemeinn\u00fctzig sind oder gemeinn\u00fctzige Partner haben,&nbsp;<em>sein.&nbsp;<\/em><\/p>\n\n\n\n<p>Die&nbsp;<strong>Antr\u00e4ge<\/strong>&nbsp;m\u00fcssen eine Projektbeschreibung und eine Gesamtkosten- und Einnahmeaufstellung enthalten, die die bei KUNST beantragte F\u00f6rdersumme enth\u00e4lt. Eine Doppelf\u00f6rderung von KUNST und aus dem so genannten st\u00e4dtischen \u201eSammeltopf\u201c sowie durch Stiftungen f\u00fcr das gleiche Projekt ist m\u00f6glich. Die maximale F\u00f6rdersumme betr\u00e4gt 2000 Euro.<\/p>\n\n\n\n<p><strong>F\u00f6rderantr\u00e4ge<\/strong>&nbsp;sind schriftlich bis zum&nbsp;<strong><u>15. M\u00e4rz 2023&nbsp;<\/u><\/strong>an den Verein KUNST, Herzberger Landstr. 4, 37085 G\u00f6ttingen, zu richten.<\/p>\n\n\n\n<p><strong>Karten<\/strong>&nbsp;gibt es bei allen bekannten Vorverkaufstellen mit Reservix-Anschluss in G\u00f6ttingen (z.B. Touristb\u00fcro Altes Rathaus, Deutsches Theater, Apex) und auch au\u00dferhalb G\u00f6ttingens!<\/p>\n\n\n\n<p><strong>Foto: <\/strong>Comedy Company \/ Bild Verein KUNST e.V.<\/p>\n","protected":false},"excerpt":{"rendered":"<p>Endlich wieder KUNST-Gala! Zum 20. Mal organisiert der Verein KUNST die Gala, bei der alle K\u00fcnstlerInnen kostenlos auftreten, um so einen m\u00f6glichst hohen Erl\u00f6s f\u00fcr die F\u00f6rderung der Kultur in G\u00f6ttingen zu erzielen. Am&nbsp;Samstag 25.3. und Sonntag 26.3.2023 jeweils um 18 Uhr treten&nbsp;fast 70 K\u00fcnstlerInnen aus zahlreichen G\u00f6ttinger Kultur-Einrichtungen wie dem Deutschen Theater, dem G\u00f6ttinger [&hellip;]<\/p>\n","protected":false},"author":1,"featured_media":17285,"comment_status":"closed","ping_status":"closed","sticky":false,"template":"","format":"standard","meta":{"saved_in_kubio":false,"footnotes":""},"categories":[41],"tags":[3710,3711],"class_list":["post-17282","post","type-post","status-publish","format-standard","has-post-thumbnail","hentry","category-veranstaltungen","tag-69-klimastreit-verein-kunst","tag-kunst-gala-2023"],"yoast_head":"<!-- This site is optimized with the Yoast SEO plugin v27.4 - https:\/\/yoast.com\/product\/yoast-seo-wordpress\/ -->\n<title>70 K\u00fcnstlerInnen aus zahlreichen G\u00f6ttinger Kultur-Einrichtungen bei der n\u00e4chsten KUNST-Gala - Radio Leinewelle<\/title>\n<meta name=\"robots\" content=\"index, follow, max-snippet:-1, max-image-preview:large, max-video-preview:-1\" \/>\n<link rel=\"canonical\" href=\"https:\/\/radioleinewelle.de\/index.php\/2022\/12\/20\/70-kuenstlerinnen-aus-zahlreichen-goettinger-kultur-einrichtungen-bei-der-naechsten-kunst-gala\/\" \/>\n<meta property=\"og:locale\" content=\"de_DE\" \/>\n<meta property=\"og:type\" content=\"article\" \/>\n<meta property=\"og:title\" content=\"70 K\u00fcnstlerInnen aus zahlreichen G\u00f6ttinger Kultur-Einrichtungen bei der n\u00e4chsten KUNST-Gala - Radio Leinewelle\" \/>\n<meta property=\"og:description\" content=\"Endlich wieder KUNST-Gala! Zum 20. Mal organisiert der Verein KUNST die Gala, bei der alle K\u00fcnstlerInnen kostenlos auftreten, um so einen m\u00f6glichst hohen Erl\u00f6s f\u00fcr die F\u00f6rderung der Kultur in G\u00f6ttingen zu erzielen. Am&nbsp;Samstag 25.3. und Sonntag 26.3.2023 jeweils um 18 Uhr treten&nbsp;fast 70 K\u00fcnstlerInnen aus zahlreichen G\u00f6ttinger Kultur-Einrichtungen wie dem Deutschen Theater, dem G\u00f6ttinger [&hellip;]\" \/>\n<meta property=\"og:url\" content=\"https:\/\/radioleinewelle.de\/index.php\/2022\/12\/20\/70-kuenstlerinnen-aus-zahlreichen-goettinger-kultur-einrichtungen-bei-der-naechsten-kunst-gala\/\" \/>\n<meta property=\"og:site_name\" content=\"Radio Leinewelle\" \/>\n<meta property=\"article:publisher\" content=\"https:\/\/www.facebook.com\/radioleinewelle\" \/>\n<meta property=\"article:author\" content=\"https:\/\/www.facebook.com\/radioleinewelle\" \/>\n<meta property=\"article:published_time\" content=\"2022-12-20T09:42:45+00:00\" \/>\n<meta property=\"og:image\" content=\"https:\/\/radioleinewelle.de\/wp-content\/uploads\/2022\/12\/ComedyCompany-scaled-e1671529327965.jpg\" \/>\n\t<meta property=\"og:image:width\" content=\"600\" \/>\n\t<meta property=\"og:image:height\" content=\"311\" \/>\n\t<meta property=\"og:image:type\" content=\"image\/jpeg\" \/>\n<meta name=\"author\" content=\"Leinewelle\" \/>\n<meta name=\"twitter:card\" content=\"summary_large_image\" \/>\n<meta name=\"twitter:creator\" content=\"@https:\/\/twitter.com\/RLeinewelle?ref_src=twsrcgoogletwcampserptwgrauthor\" \/>\n<meta name=\"twitter:site\" content=\"@RLeinewelle\" \/>\n<meta name=\"twitter:label1\" content=\"Verfasst von\" \/>\n\t<meta name=\"twitter:data1\" content=\"Leinewelle\" \/>\n\t<meta name=\"twitter:label2\" content=\"Gesch\u00e4tzte Lesezeit\" \/>\n\t<meta name=\"twitter:data2\" content=\"3\u00a0Minuten\" \/>\n<script type=\"application\/ld+json\" class=\"yoast-schema-graph\">{\"@context\":\"https:\\\/\\\/schema.org\",\"@graph\":[{\"@type\":\"Article\",\"@id\":\"https:\\\/\\\/radioleinewelle.de\\\/index.php\\\/2022\\\/12\\\/20\\\/70-kuenstlerinnen-aus-zahlreichen-goettinger-kultur-einrichtungen-bei-der-naechsten-kunst-gala\\\/#article\",\"isPartOf\":{\"@id\":\"https:\\\/\\\/radioleinewelle.de\\\/index.php\\\/2022\\\/12\\\/20\\\/70-kuenstlerinnen-aus-zahlreichen-goettinger-kultur-einrichtungen-bei-der-naechsten-kunst-gala\\\/\"},\"author\":{\"name\":\"Leinewelle\",\"@id\":\"https:\\\/\\\/radioleinewelle.de\\\/#\\\/schema\\\/person\\\/45606f348637df637192dc1b68399a63\"},\"headline\":\"70 K\u00fcnstlerInnen aus zahlreichen G\u00f6ttinger Kultur-Einrichtungen bei der n\u00e4chsten KUNST-Gala\",\"datePublished\":\"2022-12-20T09:42:45+00:00\",\"mainEntityOfPage\":{\"@id\":\"https:\\\/\\\/radioleinewelle.de\\\/index.php\\\/2022\\\/12\\\/20\\\/70-kuenstlerinnen-aus-zahlreichen-goettinger-kultur-einrichtungen-bei-der-naechsten-kunst-gala\\\/\"},\"wordCount\":548,\"publisher\":{\"@id\":\"https:\\\/\\\/radioleinewelle.de\\\/#organization\"},\"image\":{\"@id\":\"https:\\\/\\\/radioleinewelle.de\\\/index.php\\\/2022\\\/12\\\/20\\\/70-kuenstlerinnen-aus-zahlreichen-goettinger-kultur-einrichtungen-bei-der-naechsten-kunst-gala\\\/#primaryimage\"},\"thumbnailUrl\":\"https:\\\/\\\/radioleinewelle.de\\\/wp-content\\\/uploads\\\/2022\\\/12\\\/ComedyCompany-scaled-e1671529327965.jpg\",\"keywords\":[\"69 Klimastreit Verein KUNST\",\"KUNST Gala 2023\"],\"articleSection\":[\"Veranstaltungen\"],\"inLanguage\":\"de\"},{\"@type\":\"WebPage\",\"@id\":\"https:\\\/\\\/radioleinewelle.de\\\/index.php\\\/2022\\\/12\\\/20\\\/70-kuenstlerinnen-aus-zahlreichen-goettinger-kultur-einrichtungen-bei-der-naechsten-kunst-gala\\\/\",\"url\":\"https:\\\/\\\/radioleinewelle.de\\\/index.php\\\/2022\\\/12\\\/20\\\/70-kuenstlerinnen-aus-zahlreichen-goettinger-kultur-einrichtungen-bei-der-naechsten-kunst-gala\\\/\",\"name\":\"70 K\u00fcnstlerInnen aus zahlreichen G\u00f6ttinger Kultur-Einrichtungen bei der n\u00e4chsten KUNST-Gala - Radio Leinewelle\",\"isPartOf\":{\"@id\":\"https:\\\/\\\/radioleinewelle.de\\\/#website\"},\"primaryImageOfPage\":{\"@id\":\"https:\\\/\\\/radioleinewelle.de\\\/index.php\\\/2022\\\/12\\\/20\\\/70-kuenstlerinnen-aus-zahlreichen-goettinger-kultur-einrichtungen-bei-der-naechsten-kunst-gala\\\/#primaryimage\"},\"image\":{\"@id\":\"https:\\\/\\\/radioleinewelle.de\\\/index.php\\\/2022\\\/12\\\/20\\\/70-kuenstlerinnen-aus-zahlreichen-goettinger-kultur-einrichtungen-bei-der-naechsten-kunst-gala\\\/#primaryimage\"},\"thumbnailUrl\":\"https:\\\/\\\/radioleinewelle.de\\\/wp-content\\\/uploads\\\/2022\\\/12\\\/ComedyCompany-scaled-e1671529327965.jpg\",\"datePublished\":\"2022-12-20T09:42:45+00:00\",\"breadcrumb\":{\"@id\":\"https:\\\/\\\/radioleinewelle.de\\\/index.php\\\/2022\\\/12\\\/20\\\/70-kuenstlerinnen-aus-zahlreichen-goettinger-kultur-einrichtungen-bei-der-naechsten-kunst-gala\\\/#breadcrumb\"},\"inLanguage\":\"de\",\"potentialAction\":[{\"@type\":\"ReadAction\",\"target\":[\"https:\\\/\\\/radioleinewelle.de\\\/index.php\\\/2022\\\/12\\\/20\\\/70-kuenstlerinnen-aus-zahlreichen-goettinger-kultur-einrichtungen-bei-der-naechsten-kunst-gala\\\/\"]}]},{\"@type\":\"ImageObject\",\"inLanguage\":\"de\",\"@id\":\"https:\\\/\\\/radioleinewelle.de\\\/index.php\\\/2022\\\/12\\\/20\\\/70-kuenstlerinnen-aus-zahlreichen-goettinger-kultur-einrichtungen-bei-der-naechsten-kunst-gala\\\/#primaryimage\",\"url\":\"https:\\\/\\\/radioleinewelle.de\\\/wp-content\\\/uploads\\\/2022\\\/12\\\/ComedyCompany-scaled-e1671529327965.jpg\",\"contentUrl\":\"https:\\\/\\\/radioleinewelle.de\\\/wp-content\\\/uploads\\\/2022\\\/12\\\/ComedyCompany-scaled-e1671529327965.jpg\",\"width\":600,\"height\":311},{\"@type\":\"BreadcrumbList\",\"@id\":\"https:\\\/\\\/radioleinewelle.de\\\/index.php\\\/2022\\\/12\\\/20\\\/70-kuenstlerinnen-aus-zahlreichen-goettinger-kultur-einrichtungen-bei-der-naechsten-kunst-gala\\\/#breadcrumb\",\"itemListElement\":[{\"@type\":\"ListItem\",\"position\":1,\"name\":\"Startseite\",\"item\":\"https:\\\/\\\/radioleinewelle.de\\\/\"},{\"@type\":\"ListItem\",\"position\":2,\"name\":\"70 K\u00fcnstlerInnen aus zahlreichen G\u00f6ttinger Kultur-Einrichtungen bei der n\u00e4chsten KUNST-Gala\"}]},{\"@type\":\"WebSite\",\"@id\":\"https:\\\/\\\/radioleinewelle.de\\\/#website\",\"url\":\"https:\\\/\\\/radioleinewelle.de\\\/\",\"name\":\"Radio Leinewelle\",\"description\":\"\",\"publisher\":{\"@id\":\"https:\\\/\\\/radioleinewelle.de\\\/#organization\"},\"potentialAction\":[{\"@type\":\"SearchAction\",\"target\":{\"@type\":\"EntryPoint\",\"urlTemplate\":\"https:\\\/\\\/radioleinewelle.de\\\/?s={search_term_string}\"},\"query-input\":{\"@type\":\"PropertyValueSpecification\",\"valueRequired\":true,\"valueName\":\"search_term_string\"}}],\"inLanguage\":\"de\"},{\"@type\":\"Organization\",\"@id\":\"https:\\\/\\\/radioleinewelle.de\\\/#organization\",\"name\":\"Radio Leinewelle\",\"alternateName\":\"Mein Radio f\u00fcr S\u00fcdniedersachsen\",\"url\":\"https:\\\/\\\/radioleinewelle.de\\\/\",\"logo\":{\"@type\":\"ImageObject\",\"inLanguage\":\"de\",\"@id\":\"https:\\\/\\\/radioleinewelle.de\\\/#\\\/schema\\\/logo\\\/image\\\/\",\"url\":\"https:\\\/\\\/radioleinewelle.de\\\/wp-content\\\/uploads\\\/2023\\\/11\\\/cropped-Leinewelle_Logo_weiss.png\",\"contentUrl\":\"https:\\\/\\\/radioleinewelle.de\\\/wp-content\\\/uploads\\\/2023\\\/11\\\/cropped-Leinewelle_Logo_weiss.png\",\"width\":854,\"height\":260,\"caption\":\"Radio Leinewelle\"},\"image\":{\"@id\":\"https:\\\/\\\/radioleinewelle.de\\\/#\\\/schema\\\/logo\\\/image\\\/\"},\"sameAs\":[\"https:\\\/\\\/www.facebook.com\\\/radioleinewelle\",\"https:\\\/\\\/x.com\\\/RLeinewelle\",\"https:\\\/\\\/www.instagram.com\\\/radioleinewelle\\\/?hl=de\"]},{\"@type\":\"Person\",\"@id\":\"https:\\\/\\\/radioleinewelle.de\\\/#\\\/schema\\\/person\\\/45606f348637df637192dc1b68399a63\",\"name\":\"Leinewelle\",\"image\":{\"@type\":\"ImageObject\",\"inLanguage\":\"de\",\"@id\":\"https:\\\/\\\/secure.gravatar.com\\\/avatar\\\/05c9a17bc973052ee5d91549bd32fb4dd0dc85b7b85ae94b2e2b4943476bbea5?s=96&d=blank&r=g\",\"url\":\"https:\\\/\\\/secure.gravatar.com\\\/avatar\\\/05c9a17bc973052ee5d91549bd32fb4dd0dc85b7b85ae94b2e2b4943476bbea5?s=96&d=blank&r=g\",\"contentUrl\":\"https:\\\/\\\/secure.gravatar.com\\\/avatar\\\/05c9a17bc973052ee5d91549bd32fb4dd0dc85b7b85ae94b2e2b4943476bbea5?s=96&d=blank&r=g\",\"caption\":\"Leinewelle\"},\"sameAs\":[\"http:\\\/\\\/localhost\\\/radio%20leinewelle\\\/wordpress\",\"https:\\\/\\\/www.facebook.com\\\/radioleinewelle\",\"https:\\\/\\\/www.instagram.com\\\/radioleinewelle\",\"https:\\\/\\\/x.com\\\/https:\\\/\\\/twitter.com\\\/RLeinewelle?ref_src=twsrcgoogletwcampserptwgrauthor\",\"https:\\\/\\\/soundcloud.com\\\/foerderverein-lokalradio?utm_source=clipboard&utm_medium=text&utm_campaign=social_sharing\"],\"url\":\"https:\\\/\\\/radioleinewelle.de\\\/index.php\\\/author\\\/leinewelle\\\/\"}]}<\/script>\n<!-- \/ Yoast SEO plugin. -->","yoast_head_json":{"title":"70 K\u00fcnstlerInnen aus zahlreichen G\u00f6ttinger Kultur-Einrichtungen bei der n\u00e4chsten KUNST-Gala - Radio Leinewelle","robots":{"index":"index","follow":"follow","max-snippet":"max-snippet:-1","max-image-preview":"max-image-preview:large","max-video-preview":"max-video-preview:-1"},"canonical":"https:\/\/radioleinewelle.de\/index.php\/2022\/12\/20\/70-kuenstlerinnen-aus-zahlreichen-goettinger-kultur-einrichtungen-bei-der-naechsten-kunst-gala\/","og_locale":"de_DE","og_type":"article","og_title":"70 K\u00fcnstlerInnen aus zahlreichen G\u00f6ttinger Kultur-Einrichtungen bei der n\u00e4chsten KUNST-Gala - Radio Leinewelle","og_description":"Endlich wieder KUNST-Gala! Zum 20. Mal organisiert der Verein KUNST die Gala, bei der alle K\u00fcnstlerInnen kostenlos auftreten, um so einen m\u00f6glichst hohen Erl\u00f6s f\u00fcr die F\u00f6rderung der Kultur in G\u00f6ttingen zu erzielen. Am&nbsp;Samstag 25.3. und Sonntag 26.3.2023 jeweils um 18 Uhr treten&nbsp;fast 70 K\u00fcnstlerInnen aus zahlreichen G\u00f6ttinger Kultur-Einrichtungen wie dem Deutschen Theater, dem G\u00f6ttinger [&hellip;]","og_url":"https:\/\/radioleinewelle.de\/index.php\/2022\/12\/20\/70-kuenstlerinnen-aus-zahlreichen-goettinger-kultur-einrichtungen-bei-der-naechsten-kunst-gala\/","og_site_name":"Radio Leinewelle","article_publisher":"https:\/\/www.facebook.com\/radioleinewelle","article_author":"https:\/\/www.facebook.com\/radioleinewelle","article_published_time":"2022-12-20T09:42:45+00:00","og_image":[{"width":600,"height":311,"url":"https:\/\/radioleinewelle.de\/wp-content\/uploads\/2022\/12\/ComedyCompany-scaled-e1671529327965.jpg","type":"image\/jpeg"}],"author":"Leinewelle","twitter_card":"summary_large_image","twitter_creator":"@https:\/\/twitter.com\/RLeinewelle?ref_src=twsrcgoogletwcampserptwgrauthor","twitter_site":"@RLeinewelle","twitter_misc":{"Verfasst von":"Leinewelle","Gesch\u00e4tzte Lesezeit":"3\u00a0Minuten"},"schema":{"@context":"https:\/\/schema.org","@graph":[{"@type":"Article","@id":"https:\/\/radioleinewelle.de\/index.php\/2022\/12\/20\/70-kuenstlerinnen-aus-zahlreichen-goettinger-kultur-einrichtungen-bei-der-naechsten-kunst-gala\/#article","isPartOf":{"@id":"https:\/\/radioleinewelle.de\/index.php\/2022\/12\/20\/70-kuenstlerinnen-aus-zahlreichen-goettinger-kultur-einrichtungen-bei-der-naechsten-kunst-gala\/"},"author":{"name":"Leinewelle","@id":"https:\/\/radioleinewelle.de\/#\/schema\/person\/45606f348637df637192dc1b68399a63"},"headline":"70 K\u00fcnstlerInnen aus zahlreichen G\u00f6ttinger Kultur-Einrichtungen bei der n\u00e4chsten KUNST-Gala","datePublished":"2022-12-20T09:42:45+00:00","mainEntityOfPage":{"@id":"https:\/\/radioleinewelle.de\/index.php\/2022\/12\/20\/70-kuenstlerinnen-aus-zahlreichen-goettinger-kultur-einrichtungen-bei-der-naechsten-kunst-gala\/"},"wordCount":548,"publisher":{"@id":"https:\/\/radioleinewelle.de\/#organization"},"image":{"@id":"https:\/\/radioleinewelle.de\/index.php\/2022\/12\/20\/70-kuenstlerinnen-aus-zahlreichen-goettinger-kultur-einrichtungen-bei-der-naechsten-kunst-gala\/#primaryimage"},"thumbnailUrl":"https:\/\/radioleinewelle.de\/wp-content\/uploads\/2022\/12\/ComedyCompany-scaled-e1671529327965.jpg","keywords":["69 Klimastreit Verein KUNST","KUNST Gala 2023"],"articleSection":["Veranstaltungen"],"inLanguage":"de"},{"@type":"WebPage","@id":"https:\/\/radioleinewelle.de\/index.php\/2022\/12\/20\/70-kuenstlerinnen-aus-zahlreichen-goettinger-kultur-einrichtungen-bei-der-naechsten-kunst-gala\/","url":"https:\/\/radioleinewelle.de\/index.php\/2022\/12\/20\/70-kuenstlerinnen-aus-zahlreichen-goettinger-kultur-einrichtungen-bei-der-naechsten-kunst-gala\/","name":"70 K\u00fcnstlerInnen aus zahlreichen G\u00f6ttinger Kultur-Einrichtungen bei der n\u00e4chsten KUNST-Gala - Radio Leinewelle","isPartOf":{"@id":"https:\/\/radioleinewelle.de\/#website"},"primaryImageOfPage":{"@id":"https:\/\/radioleinewelle.de\/index.php\/2022\/12\/20\/70-kuenstlerinnen-aus-zahlreichen-goettinger-kultur-einrichtungen-bei-der-naechsten-kunst-gala\/#primaryimage"},"image":{"@id":"https:\/\/radioleinewelle.de\/index.php\/2022\/12\/20\/70-kuenstlerinnen-aus-zahlreichen-goettinger-kultur-einrichtungen-bei-der-naechsten-kunst-gala\/#primaryimage"},"thumbnailUrl":"https:\/\/radioleinewelle.de\/wp-content\/uploads\/2022\/12\/ComedyCompany-scaled-e1671529327965.jpg","datePublished":"2022-12-20T09:42:45+00:00","breadcrumb":{"@id":"https:\/\/radioleinewelle.de\/index.php\/2022\/12\/20\/70-kuenstlerinnen-aus-zahlreichen-goettinger-kultur-einrichtungen-bei-der-naechsten-kunst-gala\/#breadcrumb"},"inLanguage":"de","potentialAction":[{"@type":"ReadAction","target":["https:\/\/radioleinewelle.de\/index.php\/2022\/12\/20\/70-kuenstlerinnen-aus-zahlreichen-goettinger-kultur-einrichtungen-bei-der-naechsten-kunst-gala\/"]}]},{"@type":"ImageObject","inLanguage":"de","@id":"https:\/\/radioleinewelle.de\/index.php\/2022\/12\/20\/70-kuenstlerinnen-aus-zahlreichen-goettinger-kultur-einrichtungen-bei-der-naechsten-kunst-gala\/#primaryimage","url":"https:\/\/radioleinewelle.de\/wp-content\/uploads\/2022\/12\/ComedyCompany-scaled-e1671529327965.jpg","contentUrl":"https:\/\/radioleinewelle.de\/wp-content\/uploads\/2022\/12\/ComedyCompany-scaled-e1671529327965.jpg","width":600,"height":311},{"@type":"BreadcrumbList","@id":"https:\/\/radioleinewelle.de\/index.php\/2022\/12\/20\/70-kuenstlerinnen-aus-zahlreichen-goettinger-kultur-einrichtungen-bei-der-naechsten-kunst-gala\/#breadcrumb","itemListElement":[{"@type":"ListItem","position":1,"name":"Startseite","item":"https:\/\/radioleinewelle.de\/"},{"@type":"ListItem","position":2,"name":"70 K\u00fcnstlerInnen aus zahlreichen G\u00f6ttinger Kultur-Einrichtungen bei der n\u00e4chsten KUNST-Gala"}]},{"@type":"WebSite","@id":"https:\/\/radioleinewelle.de\/#website","url":"https:\/\/radioleinewelle.de\/","name":"Radio Leinewelle","description":"","publisher":{"@id":"https:\/\/radioleinewelle.de\/#organization"},"potentialAction":[{"@type":"SearchAction","target":{"@type":"EntryPoint","urlTemplate":"https:\/\/radioleinewelle.de\/?s={search_term_string}"},"query-input":{"@type":"PropertyValueSpecification","valueRequired":true,"valueName":"search_term_string"}}],"inLanguage":"de"},{"@type":"Organization","@id":"https:\/\/radioleinewelle.de\/#organization","name":"Radio Leinewelle","alternateName":"Mein Radio f\u00fcr S\u00fcdniedersachsen","url":"https:\/\/radioleinewelle.de\/","logo":{"@type":"ImageObject","inLanguage":"de","@id":"https:\/\/radioleinewelle.de\/#\/schema\/logo\/image\/","url":"https:\/\/radioleinewelle.de\/wp-content\/uploads\/2023\/11\/cropped-Leinewelle_Logo_weiss.png","contentUrl":"https:\/\/radioleinewelle.de\/wp-content\/uploads\/2023\/11\/cropped-Leinewelle_Logo_weiss.png","width":854,"height":260,"caption":"Radio Leinewelle"},"image":{"@id":"https:\/\/radioleinewelle.de\/#\/schema\/logo\/image\/"},"sameAs":["https:\/\/www.facebook.com\/radioleinewelle","https:\/\/x.com\/RLeinewelle","https:\/\/www.instagram.com\/radioleinewelle\/?hl=de"]},{"@type":"Person","@id":"https:\/\/radioleinewelle.de\/#\/schema\/person\/45606f348637df637192dc1b68399a63","name":"Leinewelle","image":{"@type":"ImageObject","inLanguage":"de","@id":"https:\/\/secure.gravatar.com\/avatar\/05c9a17bc973052ee5d91549bd32fb4dd0dc85b7b85ae94b2e2b4943476bbea5?s=96&d=blank&r=g","url":"https:\/\/secure.gravatar.com\/avatar\/05c9a17bc973052ee5d91549bd32fb4dd0dc85b7b85ae94b2e2b4943476bbea5?s=96&d=blank&r=g","contentUrl":"https:\/\/secure.gravatar.com\/avatar\/05c9a17bc973052ee5d91549bd32fb4dd0dc85b7b85ae94b2e2b4943476bbea5?s=96&d=blank&r=g","caption":"Leinewelle"},"sameAs":["http:\/\/localhost\/radio%20leinewelle\/wordpress","https:\/\/www.facebook.com\/radioleinewelle","https:\/\/www.instagram.com\/radioleinewelle","https:\/\/x.com\/https:\/\/twitter.com\/RLeinewelle?ref_src=twsrcgoogletwcampserptwgrauthor","https:\/\/soundcloud.com\/foerderverein-lokalradio?utm_source=clipboard&utm_medium=text&utm_campaign=social_sharing"],"url":"https:\/\/radioleinewelle.de\/index.php\/author\/leinewelle\/"}]}},"_links":{"self":[{"href":"https:\/\/radioleinewelle.de\/index.php\/wp-json\/wp\/v2\/posts\/17282","targetHints":{"allow":["GET"]}}],"collection":[{"href":"https:\/\/radioleinewelle.de\/index.php\/wp-json\/wp\/v2\/posts"}],"about":[{"href":"https:\/\/radioleinewelle.de\/index.php\/wp-json\/wp\/v2\/types\/post"}],"author":[{"embeddable":true,"href":"https:\/\/radioleinewelle.de\/index.php\/wp-json\/wp\/v2\/users\/1"}],"replies":[{"embeddable":true,"href":"https:\/\/radioleinewelle.de\/index.php\/wp-json\/wp\/v2\/comments?post=17282"}],"version-history":[{"count":0,"href":"https:\/\/radioleinewelle.de\/index.php\/wp-json\/wp\/v2\/posts\/17282\/revisions"}],"wp:featuredmedia":[{"embeddable":true,"href":"https:\/\/radioleinewelle.de\/index.php\/wp-json\/wp\/v2\/media\/17285"}],"wp:attachment":[{"href":"https:\/\/radioleinewelle.de\/index.php\/wp-json\/wp\/v2\/media?parent=17282"}],"wp:term":[{"taxonomy":"category","embeddable":true,"href":"https:\/\/radioleinewelle.de\/index.php\/wp-json\/wp\/v2\/categories?post=17282"},{"taxonomy":"post_tag","embeddable":true,"href":"https:\/\/radioleinewelle.de\/index.php\/wp-json\/wp\/v2\/tags?post=17282"}],"curies":[{"name":"wp","href":"https:\/\/api.w.org\/{rel}","templated":true}]}}