{"id":17294,"date":"2022-12-21T10:21:56","date_gmt":"2022-12-21T09:21:56","guid":{"rendered":"https:\/\/radioleinewelle.de\/?p=17294"},"modified":"2022-12-21T10:21:56","modified_gmt":"2022-12-21T09:21:56","slug":"ratsgruppe-die-partei-und-volt-fordern-mehr-transparenz-um-die-personalvorgaenge-im-bauamt","status":"publish","type":"post","link":"https:\/\/radioleinewelle.de\/index.php\/2022\/12\/21\/ratsgruppe-die-partei-und-volt-fordern-mehr-transparenz-um-die-personalvorgaenge-im-bauamt\/","title":{"rendered":"Ratsgruppe Die Partei und Volt fordern mehr Transparenz um die Personalvorg\u00e4nge im Bauamt"},"content":{"rendered":"\n<p>Die Diskussionen um eine hohe Mitarbeiterin im Bauamt rei\u00dfen nicht ab. Jetzt hat die Ratsgruppe Die PARTEI und Volt-Ratsgruppe das Vorgehen der Verwaltung rund um die Personalie Andrea B. scharf kritisiert und eine z\u00fcgige Aufkl\u00e4rung und Fehleranalyse des Falls eingefordert. Dazu hei\u00dft es in einer Stellungnahme der Ratsgruppe:<\/p>\n\n\n\n<p>&#8222;Wir haben von der &#8222;Nichtleistung&#8220; einer st\u00e4dtischen F\u00fchrungskraft in der Bauverwaltung aus der Zeitung erfahren &#8211; Und damit ist schon ein gro\u00dfer Teil des Problems benannt. In Anbetracht der Tatsache, dass die Ratspolitik immer wieder mit Nachdruck auf verschleppte Bauprojekte in G\u00f6ttingen hingewiesen und Auskunft eingefordert hat, ist es f\u00fcr uns v\u00f6llig unverst\u00e4ndlich warum dieser Personalmissstand bislang in keinem Gremium mitgeteilt wurde. Neben dem Schaden, der durch die offenbar falsche Personalauswahl entstanden ist, f\u00fchrt so ein Vorgehen auch zu einem Vertrauensverlust der Bev\u00f6lkerung in die Institutionen. Das muss jetzt repariert werden!&#8220; so Helena Arndt, f\u00fcr die PARTEI im G\u00f6ttinger Rat.<\/p>\n\n\n\n<p>Neben der Intransparenz erstaunt die Ratsmitglieder allerdings auch die wohl mangelhafte Recherchearbeit der Personalabteilung.<\/p>\n\n\n\n<p>Ratsherr Till Jonas Hampe (Volt) erkl\u00e4rt: &#8222;Sicherlich ist es zurzeit nicht einfach Fachkr\u00e4fte zu gewinnen, dennoch ist es unverst\u00e4ndlich, dass bei einer Bewerbung auf F\u00fchrungsebene anscheinend nicht einmal der Kontakt mit der vorherigen Arbeitsst\u00e4tte aufgenommen wurde, also in diesem Fall Potsdam. Hier scheint es ein Defizit im Personalauswahlverfahren zu geben, was unbedingt angegangen werden muss.&#8220;<\/p>\n\n\n\n<p>Die Ratsgruppe sieht deshalb das Personalauswahlverfahren als einen m\u00f6glichen Hebel um \u00fcberhaupt Einfluss nehmen zu k\u00f6nnen.<\/p>\n\n\n\n<p>Helena Arndt erl\u00e4utert: &#8222;Als ehrenamtlich t\u00e4tige Ratsmitglieder allgemein m\u00fcssen wir uns sehr oft auf das verantwortungsvolle Handeln der Verwaltung einfach verlassen k\u00f6nnen und gerade in Personalfragen sind unsere Handlungsspielr\u00e4ume begrenzt. Dieser Fall und zuvor der Fall der ehemaligen Baudezernentin bringt uns jedoch zum Nachdenken. Denn auch hier wurden wir erst sehr sp\u00e4t informiert nachdem das Problem schon viele Monate bestanden hatte.&nbsp;Das Ziel einer Aufarbeitung muss vor allem sein, Mechanismen zu entwickeln, damit sich diese Fehler nicht wiederholen.&#8220;<\/p>\n\n\n\n<p>Ein gr\u00fcndlichere Recherche und bessere Pr\u00fcfung der Eignung zuk\u00fcnftiger Mitarbeiter*innen k\u00f6nnte zur L\u00f6sung beitragen, weiterhin sollte die Stadt G\u00f6ttingen darauf hinarbeiten, eine noch attraktiverer Arbeitgeberin zu werden.<\/p>\n\n\n\n<p>&#8222;Denn,&#8220; so Till Jonas Hampe (Volt), &#8222;je attraktiver das Arbeitsangebot, desto mehr Bewerber*innen, die auf das gesuchte Profil passen und desto geringer die Gefahr, die Katze im Sack kaufen zu m\u00fcssen. Hier sehen wir uns als Politiker*innen gefragt ein Konzept zur Attraktivit\u00e4tssteigerung einzufordern und auch daran mitzuwirken. &#8222;<\/p>\n","protected":false},"excerpt":{"rendered":"<p>Die Diskussionen um eine hohe Mitarbeiterin im Bauamt rei\u00dfen nicht ab. Jetzt hat die Ratsgruppe Die PARTEI und Volt-Ratsgruppe das Vorgehen der Verwaltung rund um die Personalie Andrea B. scharf kritisiert und eine z\u00fcgige Aufkl\u00e4rung und Fehleranalyse des Falls eingefordert. Dazu hei\u00dft es in einer Stellungnahme der Ratsgruppe: &#8222;Wir haben von der &#8222;Nichtleistung&#8220; einer st\u00e4dtischen [&hellip;]<\/p>\n","protected":false},"author":1,"featured_media":12821,"comment_status":"closed","ping_status":"closed","sticky":false,"template":"","format":"standard","meta":{"saved_in_kubio":false,"footnotes":""},"categories":[25,39],"tags":[],"class_list":["post-17294","post","type-post","status-publish","format-standard","has-post-thumbnail","hentry","category-diskurs-kritik","category-lokalpolitik"],"yoast_head":"<!-- This site is optimized with the Yoast SEO plugin v27.5 - https:\/\/yoast.com\/product\/yoast-seo-wordpress\/ -->\n<title>Ratsgruppe Die Partei und Volt fordern mehr Transparenz um die Personalvorg\u00e4nge im Bauamt - Radio Leinewelle<\/title>\n<meta name=\"robots\" content=\"index, follow, max-snippet:-1, max-image-preview:large, max-video-preview:-1\" \/>\n<link rel=\"canonical\" href=\"https:\/\/radioleinewelle.de\/index.php\/2022\/12\/21\/ratsgruppe-die-partei-und-volt-fordern-mehr-transparenz-um-die-personalvorgaenge-im-bauamt\/\" \/>\n<meta property=\"og:locale\" content=\"de_DE\" \/>\n<meta property=\"og:type\" content=\"article\" \/>\n<meta property=\"og:title\" content=\"Ratsgruppe Die Partei und Volt fordern mehr Transparenz um die Personalvorg\u00e4nge im Bauamt - Radio Leinewelle\" \/>\n<meta property=\"og:description\" content=\"Die Diskussionen um eine hohe Mitarbeiterin im Bauamt rei\u00dfen nicht ab. Jetzt hat die Ratsgruppe Die PARTEI und Volt-Ratsgruppe das Vorgehen der Verwaltung rund um die Personalie Andrea B. scharf kritisiert und eine z\u00fcgige Aufkl\u00e4rung und Fehleranalyse des Falls eingefordert. Dazu hei\u00dft es in einer Stellungnahme der Ratsgruppe: &#8222;Wir haben von der &#8222;Nichtleistung&#8220; einer st\u00e4dtischen [&hellip;]\" \/>\n<meta property=\"og:url\" content=\"https:\/\/radioleinewelle.de\/index.php\/2022\/12\/21\/ratsgruppe-die-partei-und-volt-fordern-mehr-transparenz-um-die-personalvorgaenge-im-bauamt\/\" \/>\n<meta property=\"og:site_name\" content=\"Radio Leinewelle\" \/>\n<meta property=\"article:publisher\" content=\"https:\/\/www.facebook.com\/radioleinewelle\" \/>\n<meta property=\"article:author\" content=\"https:\/\/www.facebook.com\/radioleinewelle\" \/>\n<meta property=\"article:published_time\" content=\"2022-12-21T09:21:56+00:00\" \/>\n<meta property=\"og:image\" content=\"https:\/\/radioleinewelle.de\/wp-content\/uploads\/2022\/02\/Rathaus-Goettingen-e1679303538325.jpg\" \/>\n\t<meta property=\"og:image:width\" content=\"594\" \/>\n\t<meta property=\"og:image:height\" content=\"413\" \/>\n\t<meta property=\"og:image:type\" content=\"image\/jpeg\" \/>\n<meta name=\"author\" content=\"Leinewelle\" \/>\n<meta name=\"twitter:card\" content=\"summary_large_image\" \/>\n<meta name=\"twitter:creator\" content=\"@https:\/\/twitter.com\/RLeinewelle?ref_src=twsrcgoogletwcampserptwgrauthor\" \/>\n<meta name=\"twitter:site\" content=\"@RLeinewelle\" \/>\n<meta name=\"twitter:label1\" content=\"Verfasst von\" \/>\n\t<meta name=\"twitter:data1\" content=\"Leinewelle\" \/>\n\t<meta name=\"twitter:label2\" content=\"Gesch\u00e4tzte Lesezeit\" \/>\n\t<meta name=\"twitter:data2\" content=\"3\u00a0Minuten\" \/>\n<script type=\"application\/ld+json\" class=\"yoast-schema-graph\">{\"@context\":\"https:\\\/\\\/schema.org\",\"@graph\":[{\"@type\":\"Article\",\"@id\":\"https:\\\/\\\/radioleinewelle.de\\\/index.php\\\/2022\\\/12\\\/21\\\/ratsgruppe-die-partei-und-volt-fordern-mehr-transparenz-um-die-personalvorgaenge-im-bauamt\\\/#article\",\"isPartOf\":{\"@id\":\"https:\\\/\\\/radioleinewelle.de\\\/index.php\\\/2022\\\/12\\\/21\\\/ratsgruppe-die-partei-und-volt-fordern-mehr-transparenz-um-die-personalvorgaenge-im-bauamt\\\/\"},\"author\":{\"name\":\"Leinewelle\",\"@id\":\"https:\\\/\\\/radioleinewelle.de\\\/#\\\/schema\\\/person\\\/45606f348637df637192dc1b68399a63\"},\"headline\":\"Ratsgruppe Die Partei und Volt fordern mehr Transparenz um die Personalvorg\u00e4nge im Bauamt\",\"datePublished\":\"2022-12-21T09:21:56+00:00\",\"mainEntityOfPage\":{\"@id\":\"https:\\\/\\\/radioleinewelle.de\\\/index.php\\\/2022\\\/12\\\/21\\\/ratsgruppe-die-partei-und-volt-fordern-mehr-transparenz-um-die-personalvorgaenge-im-bauamt\\\/\"},\"wordCount\":439,\"publisher\":{\"@id\":\"https:\\\/\\\/radioleinewelle.de\\\/#organization\"},\"image\":{\"@id\":\"https:\\\/\\\/radioleinewelle.de\\\/index.php\\\/2022\\\/12\\\/21\\\/ratsgruppe-die-partei-und-volt-fordern-mehr-transparenz-um-die-personalvorgaenge-im-bauamt\\\/#primaryimage\"},\"thumbnailUrl\":\"https:\\\/\\\/radioleinewelle.de\\\/wp-content\\\/uploads\\\/2022\\\/02\\\/Rathaus-Goettingen-e1679303538325.jpg\",\"articleSection\":[\"Diskurs &amp; Kritik\",\"Lokalpolitik\"],\"inLanguage\":\"de\"},{\"@type\":\"WebPage\",\"@id\":\"https:\\\/\\\/radioleinewelle.de\\\/index.php\\\/2022\\\/12\\\/21\\\/ratsgruppe-die-partei-und-volt-fordern-mehr-transparenz-um-die-personalvorgaenge-im-bauamt\\\/\",\"url\":\"https:\\\/\\\/radioleinewelle.de\\\/index.php\\\/2022\\\/12\\\/21\\\/ratsgruppe-die-partei-und-volt-fordern-mehr-transparenz-um-die-personalvorgaenge-im-bauamt\\\/\",\"name\":\"Ratsgruppe Die Partei und Volt fordern mehr Transparenz um die Personalvorg\u00e4nge im Bauamt - Radio Leinewelle\",\"isPartOf\":{\"@id\":\"https:\\\/\\\/radioleinewelle.de\\\/#website\"},\"primaryImageOfPage\":{\"@id\":\"https:\\\/\\\/radioleinewelle.de\\\/index.php\\\/2022\\\/12\\\/21\\\/ratsgruppe-die-partei-und-volt-fordern-mehr-transparenz-um-die-personalvorgaenge-im-bauamt\\\/#primaryimage\"},\"image\":{\"@id\":\"https:\\\/\\\/radioleinewelle.de\\\/index.php\\\/2022\\\/12\\\/21\\\/ratsgruppe-die-partei-und-volt-fordern-mehr-transparenz-um-die-personalvorgaenge-im-bauamt\\\/#primaryimage\"},\"thumbnailUrl\":\"https:\\\/\\\/radioleinewelle.de\\\/wp-content\\\/uploads\\\/2022\\\/02\\\/Rathaus-Goettingen-e1679303538325.jpg\",\"datePublished\":\"2022-12-21T09:21:56+00:00\",\"breadcrumb\":{\"@id\":\"https:\\\/\\\/radioleinewelle.de\\\/index.php\\\/2022\\\/12\\\/21\\\/ratsgruppe-die-partei-und-volt-fordern-mehr-transparenz-um-die-personalvorgaenge-im-bauamt\\\/#breadcrumb\"},\"inLanguage\":\"de\",\"potentialAction\":[{\"@type\":\"ReadAction\",\"target\":[\"https:\\\/\\\/radioleinewelle.de\\\/index.php\\\/2022\\\/12\\\/21\\\/ratsgruppe-die-partei-und-volt-fordern-mehr-transparenz-um-die-personalvorgaenge-im-bauamt\\\/\"]}]},{\"@type\":\"ImageObject\",\"inLanguage\":\"de\",\"@id\":\"https:\\\/\\\/radioleinewelle.de\\\/index.php\\\/2022\\\/12\\\/21\\\/ratsgruppe-die-partei-und-volt-fordern-mehr-transparenz-um-die-personalvorgaenge-im-bauamt\\\/#primaryimage\",\"url\":\"https:\\\/\\\/radioleinewelle.de\\\/wp-content\\\/uploads\\\/2022\\\/02\\\/Rathaus-Goettingen-e1679303538325.jpg\",\"contentUrl\":\"https:\\\/\\\/radioleinewelle.de\\\/wp-content\\\/uploads\\\/2022\\\/02\\\/Rathaus-Goettingen-e1679303538325.jpg\",\"width\":594,\"height\":413},{\"@type\":\"BreadcrumbList\",\"@id\":\"https:\\\/\\\/radioleinewelle.de\\\/index.php\\\/2022\\\/12\\\/21\\\/ratsgruppe-die-partei-und-volt-fordern-mehr-transparenz-um-die-personalvorgaenge-im-bauamt\\\/#breadcrumb\",\"itemListElement\":[{\"@type\":\"ListItem\",\"position\":1,\"name\":\"Startseite\",\"item\":\"https:\\\/\\\/radioleinewelle.de\\\/\"},{\"@type\":\"ListItem\",\"position\":2,\"name\":\"Ratsgruppe Die Partei und Volt fordern mehr Transparenz um die Personalvorg\u00e4nge im Bauamt\"}]},{\"@type\":\"WebSite\",\"@id\":\"https:\\\/\\\/radioleinewelle.de\\\/#website\",\"url\":\"https:\\\/\\\/radioleinewelle.de\\\/\",\"name\":\"Radio Leinewelle\",\"description\":\"\",\"publisher\":{\"@id\":\"https:\\\/\\\/radioleinewelle.de\\\/#organization\"},\"potentialAction\":[{\"@type\":\"SearchAction\",\"target\":{\"@type\":\"EntryPoint\",\"urlTemplate\":\"https:\\\/\\\/radioleinewelle.de\\\/?s={search_term_string}\"},\"query-input\":{\"@type\":\"PropertyValueSpecification\",\"valueRequired\":true,\"valueName\":\"search_term_string\"}}],\"inLanguage\":\"de\"},{\"@type\":\"Organization\",\"@id\":\"https:\\\/\\\/radioleinewelle.de\\\/#organization\",\"name\":\"Radio Leinewelle\",\"alternateName\":\"Mein Radio f\u00fcr S\u00fcdniedersachsen\",\"url\":\"https:\\\/\\\/radioleinewelle.de\\\/\",\"logo\":{\"@type\":\"ImageObject\",\"inLanguage\":\"de\",\"@id\":\"https:\\\/\\\/radioleinewelle.de\\\/#\\\/schema\\\/logo\\\/image\\\/\",\"url\":\"https:\\\/\\\/radioleinewelle.de\\\/wp-content\\\/uploads\\\/2023\\\/11\\\/cropped-Leinewelle_Logo_weiss.png\",\"contentUrl\":\"https:\\\/\\\/radioleinewelle.de\\\/wp-content\\\/uploads\\\/2023\\\/11\\\/cropped-Leinewelle_Logo_weiss.png\",\"width\":854,\"height\":260,\"caption\":\"Radio Leinewelle\"},\"image\":{\"@id\":\"https:\\\/\\\/radioleinewelle.de\\\/#\\\/schema\\\/logo\\\/image\\\/\"},\"sameAs\":[\"https:\\\/\\\/www.facebook.com\\\/radioleinewelle\",\"https:\\\/\\\/x.com\\\/RLeinewelle\",\"https:\\\/\\\/www.instagram.com\\\/radioleinewelle\\\/?hl=de\"]},{\"@type\":\"Person\",\"@id\":\"https:\\\/\\\/radioleinewelle.de\\\/#\\\/schema\\\/person\\\/45606f348637df637192dc1b68399a63\",\"name\":\"Leinewelle\",\"image\":{\"@type\":\"ImageObject\",\"inLanguage\":\"de\",\"@id\":\"https:\\\/\\\/secure.gravatar.com\\\/avatar\\\/05c9a17bc973052ee5d91549bd32fb4dd0dc85b7b85ae94b2e2b4943476bbea5?s=96&d=blank&r=g\",\"url\":\"https:\\\/\\\/secure.gravatar.com\\\/avatar\\\/05c9a17bc973052ee5d91549bd32fb4dd0dc85b7b85ae94b2e2b4943476bbea5?s=96&d=blank&r=g\",\"contentUrl\":\"https:\\\/\\\/secure.gravatar.com\\\/avatar\\\/05c9a17bc973052ee5d91549bd32fb4dd0dc85b7b85ae94b2e2b4943476bbea5?s=96&d=blank&r=g\",\"caption\":\"Leinewelle\"},\"sameAs\":[\"http:\\\/\\\/localhost\\\/radio%20leinewelle\\\/wordpress\",\"https:\\\/\\\/www.facebook.com\\\/radioleinewelle\",\"https:\\\/\\\/www.instagram.com\\\/radioleinewelle\",\"https:\\\/\\\/x.com\\\/https:\\\/\\\/twitter.com\\\/RLeinewelle?ref_src=twsrcgoogletwcampserptwgrauthor\",\"https:\\\/\\\/soundcloud.com\\\/foerderverein-lokalradio?utm_source=clipboard&utm_medium=text&utm_campaign=social_sharing\"],\"url\":\"https:\\\/\\\/radioleinewelle.de\\\/index.php\\\/author\\\/leinewelle\\\/\"}]}<\/script>\n<!-- \/ Yoast SEO plugin. -->","yoast_head_json":{"title":"Ratsgruppe Die Partei und Volt fordern mehr Transparenz um die Personalvorg\u00e4nge im Bauamt - Radio Leinewelle","robots":{"index":"index","follow":"follow","max-snippet":"max-snippet:-1","max-image-preview":"max-image-preview:large","max-video-preview":"max-video-preview:-1"},"canonical":"https:\/\/radioleinewelle.de\/index.php\/2022\/12\/21\/ratsgruppe-die-partei-und-volt-fordern-mehr-transparenz-um-die-personalvorgaenge-im-bauamt\/","og_locale":"de_DE","og_type":"article","og_title":"Ratsgruppe Die Partei und Volt fordern mehr Transparenz um die Personalvorg\u00e4nge im Bauamt - Radio Leinewelle","og_description":"Die Diskussionen um eine hohe Mitarbeiterin im Bauamt rei\u00dfen nicht ab. Jetzt hat die Ratsgruppe Die PARTEI und Volt-Ratsgruppe das Vorgehen der Verwaltung rund um die Personalie Andrea B. scharf kritisiert und eine z\u00fcgige Aufkl\u00e4rung und Fehleranalyse des Falls eingefordert. Dazu hei\u00dft es in einer Stellungnahme der Ratsgruppe: &#8222;Wir haben von der &#8222;Nichtleistung&#8220; einer st\u00e4dtischen [&hellip;]","og_url":"https:\/\/radioleinewelle.de\/index.php\/2022\/12\/21\/ratsgruppe-die-partei-und-volt-fordern-mehr-transparenz-um-die-personalvorgaenge-im-bauamt\/","og_site_name":"Radio Leinewelle","article_publisher":"https:\/\/www.facebook.com\/radioleinewelle","article_author":"https:\/\/www.facebook.com\/radioleinewelle","article_published_time":"2022-12-21T09:21:56+00:00","og_image":[{"width":594,"height":413,"url":"https:\/\/radioleinewelle.de\/wp-content\/uploads\/2022\/02\/Rathaus-Goettingen-e1679303538325.jpg","type":"image\/jpeg"}],"author":"Leinewelle","twitter_card":"summary_large_image","twitter_creator":"@https:\/\/twitter.com\/RLeinewelle?ref_src=twsrcgoogletwcampserptwgrauthor","twitter_site":"@RLeinewelle","twitter_misc":{"Verfasst von":"Leinewelle","Gesch\u00e4tzte Lesezeit":"3\u00a0Minuten"},"schema":{"@context":"https:\/\/schema.org","@graph":[{"@type":"Article","@id":"https:\/\/radioleinewelle.de\/index.php\/2022\/12\/21\/ratsgruppe-die-partei-und-volt-fordern-mehr-transparenz-um-die-personalvorgaenge-im-bauamt\/#article","isPartOf":{"@id":"https:\/\/radioleinewelle.de\/index.php\/2022\/12\/21\/ratsgruppe-die-partei-und-volt-fordern-mehr-transparenz-um-die-personalvorgaenge-im-bauamt\/"},"author":{"name":"Leinewelle","@id":"https:\/\/radioleinewelle.de\/#\/schema\/person\/45606f348637df637192dc1b68399a63"},"headline":"Ratsgruppe Die Partei und Volt fordern mehr Transparenz um die Personalvorg\u00e4nge im Bauamt","datePublished":"2022-12-21T09:21:56+00:00","mainEntityOfPage":{"@id":"https:\/\/radioleinewelle.de\/index.php\/2022\/12\/21\/ratsgruppe-die-partei-und-volt-fordern-mehr-transparenz-um-die-personalvorgaenge-im-bauamt\/"},"wordCount":439,"publisher":{"@id":"https:\/\/radioleinewelle.de\/#organization"},"image":{"@id":"https:\/\/radioleinewelle.de\/index.php\/2022\/12\/21\/ratsgruppe-die-partei-und-volt-fordern-mehr-transparenz-um-die-personalvorgaenge-im-bauamt\/#primaryimage"},"thumbnailUrl":"https:\/\/radioleinewelle.de\/wp-content\/uploads\/2022\/02\/Rathaus-Goettingen-e1679303538325.jpg","articleSection":["Diskurs &amp; Kritik","Lokalpolitik"],"inLanguage":"de"},{"@type":"WebPage","@id":"https:\/\/radioleinewelle.de\/index.php\/2022\/12\/21\/ratsgruppe-die-partei-und-volt-fordern-mehr-transparenz-um-die-personalvorgaenge-im-bauamt\/","url":"https:\/\/radioleinewelle.de\/index.php\/2022\/12\/21\/ratsgruppe-die-partei-und-volt-fordern-mehr-transparenz-um-die-personalvorgaenge-im-bauamt\/","name":"Ratsgruppe Die Partei und Volt fordern mehr Transparenz um die Personalvorg\u00e4nge im Bauamt - Radio Leinewelle","isPartOf":{"@id":"https:\/\/radioleinewelle.de\/#website"},"primaryImageOfPage":{"@id":"https:\/\/radioleinewelle.de\/index.php\/2022\/12\/21\/ratsgruppe-die-partei-und-volt-fordern-mehr-transparenz-um-die-personalvorgaenge-im-bauamt\/#primaryimage"},"image":{"@id":"https:\/\/radioleinewelle.de\/index.php\/2022\/12\/21\/ratsgruppe-die-partei-und-volt-fordern-mehr-transparenz-um-die-personalvorgaenge-im-bauamt\/#primaryimage"},"thumbnailUrl":"https:\/\/radioleinewelle.de\/wp-content\/uploads\/2022\/02\/Rathaus-Goettingen-e1679303538325.jpg","datePublished":"2022-12-21T09:21:56+00:00","breadcrumb":{"@id":"https:\/\/radioleinewelle.de\/index.php\/2022\/12\/21\/ratsgruppe-die-partei-und-volt-fordern-mehr-transparenz-um-die-personalvorgaenge-im-bauamt\/#breadcrumb"},"inLanguage":"de","potentialAction":[{"@type":"ReadAction","target":["https:\/\/radioleinewelle.de\/index.php\/2022\/12\/21\/ratsgruppe-die-partei-und-volt-fordern-mehr-transparenz-um-die-personalvorgaenge-im-bauamt\/"]}]},{"@type":"ImageObject","inLanguage":"de","@id":"https:\/\/radioleinewelle.de\/index.php\/2022\/12\/21\/ratsgruppe-die-partei-und-volt-fordern-mehr-transparenz-um-die-personalvorgaenge-im-bauamt\/#primaryimage","url":"https:\/\/radioleinewelle.de\/wp-content\/uploads\/2022\/02\/Rathaus-Goettingen-e1679303538325.jpg","contentUrl":"https:\/\/radioleinewelle.de\/wp-content\/uploads\/2022\/02\/Rathaus-Goettingen-e1679303538325.jpg","width":594,"height":413},{"@type":"BreadcrumbList","@id":"https:\/\/radioleinewelle.de\/index.php\/2022\/12\/21\/ratsgruppe-die-partei-und-volt-fordern-mehr-transparenz-um-die-personalvorgaenge-im-bauamt\/#breadcrumb","itemListElement":[{"@type":"ListItem","position":1,"name":"Startseite","item":"https:\/\/radioleinewelle.de\/"},{"@type":"ListItem","position":2,"name":"Ratsgruppe Die Partei und Volt fordern mehr Transparenz um die Personalvorg\u00e4nge im Bauamt"}]},{"@type":"WebSite","@id":"https:\/\/radioleinewelle.de\/#website","url":"https:\/\/radioleinewelle.de\/","name":"Radio Leinewelle","description":"","publisher":{"@id":"https:\/\/radioleinewelle.de\/#organization"},"potentialAction":[{"@type":"SearchAction","target":{"@type":"EntryPoint","urlTemplate":"https:\/\/radioleinewelle.de\/?s={search_term_string}"},"query-input":{"@type":"PropertyValueSpecification","valueRequired":true,"valueName":"search_term_string"}}],"inLanguage":"de"},{"@type":"Organization","@id":"https:\/\/radioleinewelle.de\/#organization","name":"Radio Leinewelle","alternateName":"Mein Radio f\u00fcr S\u00fcdniedersachsen","url":"https:\/\/radioleinewelle.de\/","logo":{"@type":"ImageObject","inLanguage":"de","@id":"https:\/\/radioleinewelle.de\/#\/schema\/logo\/image\/","url":"https:\/\/radioleinewelle.de\/wp-content\/uploads\/2023\/11\/cropped-Leinewelle_Logo_weiss.png","contentUrl":"https:\/\/radioleinewelle.de\/wp-content\/uploads\/2023\/11\/cropped-Leinewelle_Logo_weiss.png","width":854,"height":260,"caption":"Radio Leinewelle"},"image":{"@id":"https:\/\/radioleinewelle.de\/#\/schema\/logo\/image\/"},"sameAs":["https:\/\/www.facebook.com\/radioleinewelle","https:\/\/x.com\/RLeinewelle","https:\/\/www.instagram.com\/radioleinewelle\/?hl=de"]},{"@type":"Person","@id":"https:\/\/radioleinewelle.de\/#\/schema\/person\/45606f348637df637192dc1b68399a63","name":"Leinewelle","image":{"@type":"ImageObject","inLanguage":"de","@id":"https:\/\/secure.gravatar.com\/avatar\/05c9a17bc973052ee5d91549bd32fb4dd0dc85b7b85ae94b2e2b4943476bbea5?s=96&d=blank&r=g","url":"https:\/\/secure.gravatar.com\/avatar\/05c9a17bc973052ee5d91549bd32fb4dd0dc85b7b85ae94b2e2b4943476bbea5?s=96&d=blank&r=g","contentUrl":"https:\/\/secure.gravatar.com\/avatar\/05c9a17bc973052ee5d91549bd32fb4dd0dc85b7b85ae94b2e2b4943476bbea5?s=96&d=blank&r=g","caption":"Leinewelle"},"sameAs":["http:\/\/localhost\/radio%20leinewelle\/wordpress","https:\/\/www.facebook.com\/radioleinewelle","https:\/\/www.instagram.com\/radioleinewelle","https:\/\/x.com\/https:\/\/twitter.com\/RLeinewelle?ref_src=twsrcgoogletwcampserptwgrauthor","https:\/\/soundcloud.com\/foerderverein-lokalradio?utm_source=clipboard&utm_medium=text&utm_campaign=social_sharing"],"url":"https:\/\/radioleinewelle.de\/index.php\/author\/leinewelle\/"}]}},"_links":{"self":[{"href":"https:\/\/radioleinewelle.de\/index.php\/wp-json\/wp\/v2\/posts\/17294","targetHints":{"allow":["GET"]}}],"collection":[{"href":"https:\/\/radioleinewelle.de\/index.php\/wp-json\/wp\/v2\/posts"}],"about":[{"href":"https:\/\/radioleinewelle.de\/index.php\/wp-json\/wp\/v2\/types\/post"}],"author":[{"embeddable":true,"href":"https:\/\/radioleinewelle.de\/index.php\/wp-json\/wp\/v2\/users\/1"}],"replies":[{"embeddable":true,"href":"https:\/\/radioleinewelle.de\/index.php\/wp-json\/wp\/v2\/comments?post=17294"}],"version-history":[{"count":0,"href":"https:\/\/radioleinewelle.de\/index.php\/wp-json\/wp\/v2\/posts\/17294\/revisions"}],"wp:featuredmedia":[{"embeddable":true,"href":"https:\/\/radioleinewelle.de\/index.php\/wp-json\/wp\/v2\/media\/12821"}],"wp:attachment":[{"href":"https:\/\/radioleinewelle.de\/index.php\/wp-json\/wp\/v2\/media?parent=17294"}],"wp:term":[{"taxonomy":"category","embeddable":true,"href":"https:\/\/radioleinewelle.de\/index.php\/wp-json\/wp\/v2\/categories?post=17294"},{"taxonomy":"post_tag","embeddable":true,"href":"https:\/\/radioleinewelle.de\/index.php\/wp-json\/wp\/v2\/tags?post=17294"}],"curies":[{"name":"wp","href":"https:\/\/api.w.org\/{rel}","templated":true}]}}