{"id":1731,"date":"2020-09-19T12:58:28","date_gmt":"2020-09-19T10:58:28","guid":{"rendered":"https:\/\/radioleinewelle.de\/?p=1731"},"modified":"2020-09-19T12:58:28","modified_gmt":"2020-09-19T10:58:28","slug":"ergebnisse-der-18-ratssitzung-der-stadt-goettingen","status":"publish","type":"post","link":"https:\/\/radioleinewelle.de\/index.php\/2020\/09\/19\/ergebnisse-der-18-ratssitzung-der-stadt-goettingen\/","title":{"rendered":"Ergebnisse der 18. Ratssitzung der Stadt G\u00f6ttingen"},"content":{"rendered":"<p>Um 16 Uhr begann am Freitag, den 18.09.2020, die 18. Sitzung des Rates der Stadt G\u00f6ttingen. Aufgrund der weiterhin geltenden Hygienevorschriften fand die Sitzung erneut in der Lokhalle statt.<\/p>\n<p>Zu Beginn der Ratssitzung legte Christian Henze (SPD) nach 19 Jahren sein Mandat nieder, um mehr Zeit mit seiner Familie verbringen zu k\u00f6nnen. F\u00fcr ihn r\u00fcckte in die Ratsfraktion Bernd Grunwald nach. Mit Henzes Mandatsverzicht wurde auch die Position als Ratsvorsitzende\/r frei. Die SPD schlug als Nachfolgerin Karola Margraf vor, die vom Rat einstimmig als neue Ratsvorsitzende best\u00e4tigt wurde. Sie ist seit 2014 Ortsb\u00fcrgermeisterin in Nikolausberg.<\/p>\n<p><span style=\"text-decoration: underline;\">Hier die wichtigsten Ratsbeschl\u00fcsse in der \u00dcbersicht:<\/span><\/p>\n<p>TOP 7) Der gemeinsame Antrag aller Ratsfraktionen und -gruppen und des Rh Dr. Welter-Schultes betr. &#8222;<strong>Quartiersarbeit im Leineviertel nachhaltig st\u00e4rken<\/strong>&#8220; wurde <span style=\"color: #339966;\"><em>einstimmig angenommen<\/em><\/span>.<\/p>\n<p>TOP 7.1) Der gemeinsame Antrag der PARTEI-Ratsgruppe, B90\/Die Gr\u00fcnen-, und SPD-Ratsfraktionen sowie der G\u00f6Linke\/ALG-Ratsgruppe betr. \u201e<strong>Aufl\u00f6sung des Gefl\u00fcchteten-Lagers Moria auf Lesbos; Aufnahme von 30 Personen aus dem Lager<\/strong>\u201c wurde <em><span style=\"color: #339966;\">einstimmig direkt angenommen<\/span>.<\/em><\/p>\n<p>TOP 8) Der gemeinsame Antrag der SPD- und B&#8217;90\/Die Gr\u00fcnen-Ratsfraktionen betr. &#8222;<strong>G\u00f6ttingen soll Solarstadt werden<\/strong>&#8220; wurde <span style=\"color: #339966;\"><em>einstimmig in den Umweltausschuss \u00fcberwiesen<\/em><\/span>.<\/p>\n<p>TOP 9) Der Antrag der SPD-Ratsfraktion betr. &#8222;<strong>Corona ver\u00e4ndert Lebenssituationen &#8211; Familien und Alleinerziehende stabilisieren und unterst\u00fctzen<\/strong>&#8220; wurde einstimmig direkt beschlossen.<\/p>\n<p>TOP 1o) Der Antrag der CDU-Ratsfraktion betr. &#8222;<strong>Kultur in G\u00f6ttingen mit \u201eOffener B\u00fchne\u201c unterst\u00fctzen<\/strong>&#8220; wurde, nach einer kontroversen Diskussion, <em><span style=\"color: #339966;\">einstimmig in den Kulturausschuss \u00fcberwiesen<\/span><\/em>.<\/p>\n<p>TOP 11) Der Antrag der G\u00f6Linke\/ALG-Ratsgruppe betr. &#8222;<strong>Chancengleichheit bei der Ausbildung in der Stadtverwaltung<\/strong>&#8220; wurde <span style=\"color: #339966;\"><em>einstimmig in den Personalausschuss \u00fcberwiesen<\/em><\/span>.<\/p>\n<p>TOP 12) Der Antrag der FDP-Ratsfraktion betr. &#8222;<strong>E-Sport anerkennen<\/strong>&#8220; wurde, nach einer kontroversen Diskussion, <em><span style=\"color: #339966;\">mehrheitlich &#8211; bei 6 Stimmen f\u00fcr den Antrag &#8211; abgelehnt.<\/span><\/em><\/p>\n<p>TOP 13) Der Antrag der PARTEI-Ratsgruppe betr. &#8222;<strong>Mehrsprachiges Informationsangebot auf der st\u00e4dtischen Homepage<\/strong>&#8220; wurde <em><span style=\"color: #339966;\">einstimmig in den Finanzausschuss \u00fcberwiesen<\/span>.<\/em><\/p>\n<p>TOP 14) Der Antrag des Rh. Dr. Welter-Schultes betr. &#8222;<strong>F\u00fcr die Aussetzung der Verpflichtung zum Sammeln von Unterschriften vor Wahlen<\/strong>&#8220; wurde <span style=\"color: #339966;\"><em>mehrheitlich &#8211; bei einer Enthaltung und einer Stimmer f\u00fcr den Antrag &#8211; abgelehnt<\/em><\/span>.<\/p>\n<p>TOP 15) Der gemeinsame Antrag aller Ratsfraktionen und -gruppen und des Rh. Dr. Welter-Schultes betr. &#8222;<strong>Erm\u00f6glichung der Doppelspitze in G\u00f6ttingen<\/strong>&#8220; wurde <em><span style=\"color: #339966;\">einstimmig direkt beschlossen<\/span><\/em>.<\/p>\n<p>TOP 16) Der gemeinsame Antrag der SPD- und B&#8217;90\/Die Gr\u00fcnen-Ratsfraktionen betr. &#8222;<strong>Aktualisierung Innenstadtleitbild &#8211; Lebendige Innenstadt mit Zukunft<\/strong>&#8220; wurde <em><span style=\"color: #339966;\">einstimmig in den Bauausschuss \u00fcberwiesen<\/span>.<\/em><\/p>\n<p>TOP 17) Der Antrag der SPD-Ratsfraktion betr. &#8222;<strong>Schule zu Corona-Zeiten \/ L\u00fcftungsanlagen f\u00fcr Klassenr\u00e4um<\/strong>e&#8220; wurde e<em><span style=\"color: #339966;\">instimmig in den Bau- und Schulausschuss \u00fcberwiesen<\/span><\/em>.<\/p>\n<p>TOP 18) Der Antrag der FDP-Ratsfraktion betr. &#8222;<strong>Durchf\u00fchrung des Weihnachtsmarkts 2020 unter Pandemiebedingungen erm\u00f6glichen<\/strong>&#8220; wurde <em><span style=\"color: #339966;\">mehrheitlich direkt abgelehnt<\/span><\/em>, nachdem die FDP-Fraktions den Antragstext kurzfristig selbst noch einmal ge\u00e4ndert hatte.<\/p>\n<p>TOP 19) Der Antrag des Rh. Dr. Welter-Schultes betr. &#8222;<strong>R\u00fcckholverfahren zur Dienstaufsichtsbeschwerde vom 30.12.2019<\/strong>&#8220; <span style=\"color: #000000;\">wurde<\/span><em><span style=\"color: #339966;\"> mehrheitlich, bei 6 Enthaltungen, abgelehnt<\/span><\/em>.<\/p>\n<p>TOP 29+30) Die beiden Tagesordnungspunkte zur &#8222;<strong>Tarifreform f\u00fcr den Bereich des Verkehrsverbundes S\u00fcdniedersachsen (VSN)<\/strong>&#8220; wurden <span style=\"color: #339966;\"><em>einstimmig angenommen<\/em><\/span>.<\/p>\n<p>TOP 34) Auch der &#8222;<strong>Sanierung Freibad Brauweg<\/strong>&#8220; wurde <em><span style=\"color: #339966;\">einstimmig zugestimmt<\/span><\/em>.<\/p>\n<p>TOP 38) Die &#8222;<strong>\u00c4nderung des Schulst\u00e4ttenentwicklungskonzepts<\/strong>&#8220; wurde, nach der Ablehnung eines \u00c4nderungsantrags der CDU, <em><span style=\"color: #339966;\">mehrheitlich<\/span> in seiner urspr\u00fcnglichen Fassung <span style=\"color: #339966;\">beschlossen<\/span><\/em>.<\/p>\n<p>TOP 42) Der Antrag des Rh. Dr. Welter-Schultes betr. &#8222;<strong>Lebensr\u00e4ume f\u00fcr Insekten entlang der Feldwege in der Agrarlandschaft sch\u00fctzen<\/strong>&#8220; wurde <em><span style=\"color: #339966;\">einstimmig in den Umweltausschuss \u00fcberwiesen<\/span><\/em>.<\/p>\n<p>&nbsp;<\/p>\n<p><span style=\"text-decoration: underline;\">Der \u00f6ffentliche Teil der Ratssitzung endete um 20:47 Uhr.<\/span><\/p>\n","protected":false},"excerpt":{"rendered":"<p>Um 16 Uhr begann am Freitag, den 18.09.2020, die 18. Sitzung des Rates der Stadt G\u00f6ttingen. Aufgrund der weiterhin geltenden Hygienevorschriften fand die Sitzung erneut in der Lokhalle statt. Zu Beginn der Ratssitzung legte Christian Henze (SPD) nach 19 Jahren sein Mandat nieder, um mehr Zeit mit seiner Familie verbringen zu k\u00f6nnen. F\u00fcr ihn r\u00fcckte [&hellip;]<\/p>\n","protected":false},"author":1,"featured_media":0,"comment_status":"closed","ping_status":"closed","sticky":false,"template":"","format":"standard","meta":{"saved_in_kubio":false,"footnotes":""},"categories":[24],"tags":[],"class_list":["post-1731","post","type-post","status-publish","format-standard","hentry","category-news"],"yoast_head":"<!-- This site is optimized with the Yoast SEO plugin v27.5 - https:\/\/yoast.com\/product\/yoast-seo-wordpress\/ -->\n<title>Ergebnisse der 18. Ratssitzung der Stadt G\u00f6ttingen - Radio Leinewelle<\/title>\n<meta name=\"robots\" content=\"index, follow, max-snippet:-1, max-image-preview:large, max-video-preview:-1\" \/>\n<link rel=\"canonical\" href=\"https:\/\/radioleinewelle.de\/index.php\/2020\/09\/19\/ergebnisse-der-18-ratssitzung-der-stadt-goettingen\/\" \/>\n<meta property=\"og:locale\" content=\"de_DE\" \/>\n<meta property=\"og:type\" content=\"article\" \/>\n<meta property=\"og:title\" content=\"Ergebnisse der 18. Ratssitzung der Stadt G\u00f6ttingen - Radio Leinewelle\" \/>\n<meta property=\"og:description\" content=\"Um 16 Uhr begann am Freitag, den 18.09.2020, die 18. Sitzung des Rates der Stadt G\u00f6ttingen. Aufgrund der weiterhin geltenden Hygienevorschriften fand die Sitzung erneut in der Lokhalle statt. Zu Beginn der Ratssitzung legte Christian Henze (SPD) nach 19 Jahren sein Mandat nieder, um mehr Zeit mit seiner Familie verbringen zu k\u00f6nnen. F\u00fcr ihn r\u00fcckte [&hellip;]\" \/>\n<meta property=\"og:url\" content=\"https:\/\/radioleinewelle.de\/index.php\/2020\/09\/19\/ergebnisse-der-18-ratssitzung-der-stadt-goettingen\/\" \/>\n<meta property=\"og:site_name\" content=\"Radio Leinewelle\" \/>\n<meta property=\"article:publisher\" content=\"https:\/\/www.facebook.com\/radioleinewelle\" \/>\n<meta property=\"article:author\" content=\"https:\/\/www.facebook.com\/radioleinewelle\" \/>\n<meta property=\"article:published_time\" content=\"2020-09-19T10:58:28+00:00\" \/>\n<meta name=\"author\" content=\"Leinewelle\" \/>\n<meta name=\"twitter:card\" content=\"summary_large_image\" \/>\n<meta name=\"twitter:creator\" content=\"@https:\/\/twitter.com\/RLeinewelle?ref_src=twsrcgoogletwcampserptwgrauthor\" \/>\n<meta name=\"twitter:site\" content=\"@RLeinewelle\" \/>\n<meta name=\"twitter:label1\" content=\"Verfasst von\" \/>\n\t<meta name=\"twitter:data1\" content=\"Leinewelle\" \/>\n\t<meta name=\"twitter:label2\" content=\"Gesch\u00e4tzte Lesezeit\" \/>\n\t<meta name=\"twitter:data2\" content=\"3\u00a0Minuten\" \/>\n<script type=\"application\/ld+json\" class=\"yoast-schema-graph\">{\"@context\":\"https:\\\/\\\/schema.org\",\"@graph\":[{\"@type\":\"Article\",\"@id\":\"https:\\\/\\\/radioleinewelle.de\\\/index.php\\\/2020\\\/09\\\/19\\\/ergebnisse-der-18-ratssitzung-der-stadt-goettingen\\\/#article\",\"isPartOf\":{\"@id\":\"https:\\\/\\\/radioleinewelle.de\\\/index.php\\\/2020\\\/09\\\/19\\\/ergebnisse-der-18-ratssitzung-der-stadt-goettingen\\\/\"},\"author\":{\"name\":\"Leinewelle\",\"@id\":\"https:\\\/\\\/radioleinewelle.de\\\/#\\\/schema\\\/person\\\/45606f348637df637192dc1b68399a63\"},\"headline\":\"Ergebnisse der 18. Ratssitzung der Stadt G\u00f6ttingen\",\"datePublished\":\"2020-09-19T10:58:28+00:00\",\"mainEntityOfPage\":{\"@id\":\"https:\\\/\\\/radioleinewelle.de\\\/index.php\\\/2020\\\/09\\\/19\\\/ergebnisse-der-18-ratssitzung-der-stadt-goettingen\\\/\"},\"wordCount\":547,\"publisher\":{\"@id\":\"https:\\\/\\\/radioleinewelle.de\\\/#organization\"},\"articleSection\":[\"Aktuelle Nachrichten\"],\"inLanguage\":\"de\"},{\"@type\":\"WebPage\",\"@id\":\"https:\\\/\\\/radioleinewelle.de\\\/index.php\\\/2020\\\/09\\\/19\\\/ergebnisse-der-18-ratssitzung-der-stadt-goettingen\\\/\",\"url\":\"https:\\\/\\\/radioleinewelle.de\\\/index.php\\\/2020\\\/09\\\/19\\\/ergebnisse-der-18-ratssitzung-der-stadt-goettingen\\\/\",\"name\":\"Ergebnisse der 18. Ratssitzung der Stadt G\u00f6ttingen - Radio Leinewelle\",\"isPartOf\":{\"@id\":\"https:\\\/\\\/radioleinewelle.de\\\/#website\"},\"datePublished\":\"2020-09-19T10:58:28+00:00\",\"breadcrumb\":{\"@id\":\"https:\\\/\\\/radioleinewelle.de\\\/index.php\\\/2020\\\/09\\\/19\\\/ergebnisse-der-18-ratssitzung-der-stadt-goettingen\\\/#breadcrumb\"},\"inLanguage\":\"de\",\"potentialAction\":[{\"@type\":\"ReadAction\",\"target\":[\"https:\\\/\\\/radioleinewelle.de\\\/index.php\\\/2020\\\/09\\\/19\\\/ergebnisse-der-18-ratssitzung-der-stadt-goettingen\\\/\"]}]},{\"@type\":\"BreadcrumbList\",\"@id\":\"https:\\\/\\\/radioleinewelle.de\\\/index.php\\\/2020\\\/09\\\/19\\\/ergebnisse-der-18-ratssitzung-der-stadt-goettingen\\\/#breadcrumb\",\"itemListElement\":[{\"@type\":\"ListItem\",\"position\":1,\"name\":\"Startseite\",\"item\":\"https:\\\/\\\/radioleinewelle.de\\\/\"},{\"@type\":\"ListItem\",\"position\":2,\"name\":\"Ergebnisse der 18. Ratssitzung der Stadt G\u00f6ttingen\"}]},{\"@type\":\"WebSite\",\"@id\":\"https:\\\/\\\/radioleinewelle.de\\\/#website\",\"url\":\"https:\\\/\\\/radioleinewelle.de\\\/\",\"name\":\"Radio Leinewelle\",\"description\":\"\",\"publisher\":{\"@id\":\"https:\\\/\\\/radioleinewelle.de\\\/#organization\"},\"potentialAction\":[{\"@type\":\"SearchAction\",\"target\":{\"@type\":\"EntryPoint\",\"urlTemplate\":\"https:\\\/\\\/radioleinewelle.de\\\/?s={search_term_string}\"},\"query-input\":{\"@type\":\"PropertyValueSpecification\",\"valueRequired\":true,\"valueName\":\"search_term_string\"}}],\"inLanguage\":\"de\"},{\"@type\":\"Organization\",\"@id\":\"https:\\\/\\\/radioleinewelle.de\\\/#organization\",\"name\":\"Radio Leinewelle\",\"alternateName\":\"Mein Radio f\u00fcr S\u00fcdniedersachsen\",\"url\":\"https:\\\/\\\/radioleinewelle.de\\\/\",\"logo\":{\"@type\":\"ImageObject\",\"inLanguage\":\"de\",\"@id\":\"https:\\\/\\\/radioleinewelle.de\\\/#\\\/schema\\\/logo\\\/image\\\/\",\"url\":\"https:\\\/\\\/radioleinewelle.de\\\/wp-content\\\/uploads\\\/2023\\\/11\\\/cropped-Leinewelle_Logo_weiss.png\",\"contentUrl\":\"https:\\\/\\\/radioleinewelle.de\\\/wp-content\\\/uploads\\\/2023\\\/11\\\/cropped-Leinewelle_Logo_weiss.png\",\"width\":854,\"height\":260,\"caption\":\"Radio Leinewelle\"},\"image\":{\"@id\":\"https:\\\/\\\/radioleinewelle.de\\\/#\\\/schema\\\/logo\\\/image\\\/\"},\"sameAs\":[\"https:\\\/\\\/www.facebook.com\\\/radioleinewelle\",\"https:\\\/\\\/x.com\\\/RLeinewelle\",\"https:\\\/\\\/www.instagram.com\\\/radioleinewelle\\\/?hl=de\"]},{\"@type\":\"Person\",\"@id\":\"https:\\\/\\\/radioleinewelle.de\\\/#\\\/schema\\\/person\\\/45606f348637df637192dc1b68399a63\",\"name\":\"Leinewelle\",\"image\":{\"@type\":\"ImageObject\",\"inLanguage\":\"de\",\"@id\":\"https:\\\/\\\/secure.gravatar.com\\\/avatar\\\/05c9a17bc973052ee5d91549bd32fb4dd0dc85b7b85ae94b2e2b4943476bbea5?s=96&d=blank&r=g\",\"url\":\"https:\\\/\\\/secure.gravatar.com\\\/avatar\\\/05c9a17bc973052ee5d91549bd32fb4dd0dc85b7b85ae94b2e2b4943476bbea5?s=96&d=blank&r=g\",\"contentUrl\":\"https:\\\/\\\/secure.gravatar.com\\\/avatar\\\/05c9a17bc973052ee5d91549bd32fb4dd0dc85b7b85ae94b2e2b4943476bbea5?s=96&d=blank&r=g\",\"caption\":\"Leinewelle\"},\"sameAs\":[\"http:\\\/\\\/localhost\\\/radio%20leinewelle\\\/wordpress\",\"https:\\\/\\\/www.facebook.com\\\/radioleinewelle\",\"https:\\\/\\\/www.instagram.com\\\/radioleinewelle\",\"https:\\\/\\\/x.com\\\/https:\\\/\\\/twitter.com\\\/RLeinewelle?ref_src=twsrcgoogletwcampserptwgrauthor\",\"https:\\\/\\\/soundcloud.com\\\/foerderverein-lokalradio?utm_source=clipboard&utm_medium=text&utm_campaign=social_sharing\"],\"url\":\"https:\\\/\\\/radioleinewelle.de\\\/index.php\\\/author\\\/leinewelle\\\/\"}]}<\/script>\n<!-- \/ Yoast SEO plugin. -->","yoast_head_json":{"title":"Ergebnisse der 18. Ratssitzung der Stadt G\u00f6ttingen - Radio Leinewelle","robots":{"index":"index","follow":"follow","max-snippet":"max-snippet:-1","max-image-preview":"max-image-preview:large","max-video-preview":"max-video-preview:-1"},"canonical":"https:\/\/radioleinewelle.de\/index.php\/2020\/09\/19\/ergebnisse-der-18-ratssitzung-der-stadt-goettingen\/","og_locale":"de_DE","og_type":"article","og_title":"Ergebnisse der 18. Ratssitzung der Stadt G\u00f6ttingen - Radio Leinewelle","og_description":"Um 16 Uhr begann am Freitag, den 18.09.2020, die 18. Sitzung des Rates der Stadt G\u00f6ttingen. Aufgrund der weiterhin geltenden Hygienevorschriften fand die Sitzung erneut in der Lokhalle statt. Zu Beginn der Ratssitzung legte Christian Henze (SPD) nach 19 Jahren sein Mandat nieder, um mehr Zeit mit seiner Familie verbringen zu k\u00f6nnen. F\u00fcr ihn r\u00fcckte [&hellip;]","og_url":"https:\/\/radioleinewelle.de\/index.php\/2020\/09\/19\/ergebnisse-der-18-ratssitzung-der-stadt-goettingen\/","og_site_name":"Radio Leinewelle","article_publisher":"https:\/\/www.facebook.com\/radioleinewelle","article_author":"https:\/\/www.facebook.com\/radioleinewelle","article_published_time":"2020-09-19T10:58:28+00:00","author":"Leinewelle","twitter_card":"summary_large_image","twitter_creator":"@https:\/\/twitter.com\/RLeinewelle?ref_src=twsrcgoogletwcampserptwgrauthor","twitter_site":"@RLeinewelle","twitter_misc":{"Verfasst von":"Leinewelle","Gesch\u00e4tzte Lesezeit":"3\u00a0Minuten"},"schema":{"@context":"https:\/\/schema.org","@graph":[{"@type":"Article","@id":"https:\/\/radioleinewelle.de\/index.php\/2020\/09\/19\/ergebnisse-der-18-ratssitzung-der-stadt-goettingen\/#article","isPartOf":{"@id":"https:\/\/radioleinewelle.de\/index.php\/2020\/09\/19\/ergebnisse-der-18-ratssitzung-der-stadt-goettingen\/"},"author":{"name":"Leinewelle","@id":"https:\/\/radioleinewelle.de\/#\/schema\/person\/45606f348637df637192dc1b68399a63"},"headline":"Ergebnisse der 18. Ratssitzung der Stadt G\u00f6ttingen","datePublished":"2020-09-19T10:58:28+00:00","mainEntityOfPage":{"@id":"https:\/\/radioleinewelle.de\/index.php\/2020\/09\/19\/ergebnisse-der-18-ratssitzung-der-stadt-goettingen\/"},"wordCount":547,"publisher":{"@id":"https:\/\/radioleinewelle.de\/#organization"},"articleSection":["Aktuelle Nachrichten"],"inLanguage":"de"},{"@type":"WebPage","@id":"https:\/\/radioleinewelle.de\/index.php\/2020\/09\/19\/ergebnisse-der-18-ratssitzung-der-stadt-goettingen\/","url":"https:\/\/radioleinewelle.de\/index.php\/2020\/09\/19\/ergebnisse-der-18-ratssitzung-der-stadt-goettingen\/","name":"Ergebnisse der 18. Ratssitzung der Stadt G\u00f6ttingen - Radio Leinewelle","isPartOf":{"@id":"https:\/\/radioleinewelle.de\/#website"},"datePublished":"2020-09-19T10:58:28+00:00","breadcrumb":{"@id":"https:\/\/radioleinewelle.de\/index.php\/2020\/09\/19\/ergebnisse-der-18-ratssitzung-der-stadt-goettingen\/#breadcrumb"},"inLanguage":"de","potentialAction":[{"@type":"ReadAction","target":["https:\/\/radioleinewelle.de\/index.php\/2020\/09\/19\/ergebnisse-der-18-ratssitzung-der-stadt-goettingen\/"]}]},{"@type":"BreadcrumbList","@id":"https:\/\/radioleinewelle.de\/index.php\/2020\/09\/19\/ergebnisse-der-18-ratssitzung-der-stadt-goettingen\/#breadcrumb","itemListElement":[{"@type":"ListItem","position":1,"name":"Startseite","item":"https:\/\/radioleinewelle.de\/"},{"@type":"ListItem","position":2,"name":"Ergebnisse der 18. Ratssitzung der Stadt G\u00f6ttingen"}]},{"@type":"WebSite","@id":"https:\/\/radioleinewelle.de\/#website","url":"https:\/\/radioleinewelle.de\/","name":"Radio Leinewelle","description":"","publisher":{"@id":"https:\/\/radioleinewelle.de\/#organization"},"potentialAction":[{"@type":"SearchAction","target":{"@type":"EntryPoint","urlTemplate":"https:\/\/radioleinewelle.de\/?s={search_term_string}"},"query-input":{"@type":"PropertyValueSpecification","valueRequired":true,"valueName":"search_term_string"}}],"inLanguage":"de"},{"@type":"Organization","@id":"https:\/\/radioleinewelle.de\/#organization","name":"Radio Leinewelle","alternateName":"Mein Radio f\u00fcr S\u00fcdniedersachsen","url":"https:\/\/radioleinewelle.de\/","logo":{"@type":"ImageObject","inLanguage":"de","@id":"https:\/\/radioleinewelle.de\/#\/schema\/logo\/image\/","url":"https:\/\/radioleinewelle.de\/wp-content\/uploads\/2023\/11\/cropped-Leinewelle_Logo_weiss.png","contentUrl":"https:\/\/radioleinewelle.de\/wp-content\/uploads\/2023\/11\/cropped-Leinewelle_Logo_weiss.png","width":854,"height":260,"caption":"Radio Leinewelle"},"image":{"@id":"https:\/\/radioleinewelle.de\/#\/schema\/logo\/image\/"},"sameAs":["https:\/\/www.facebook.com\/radioleinewelle","https:\/\/x.com\/RLeinewelle","https:\/\/www.instagram.com\/radioleinewelle\/?hl=de"]},{"@type":"Person","@id":"https:\/\/radioleinewelle.de\/#\/schema\/person\/45606f348637df637192dc1b68399a63","name":"Leinewelle","image":{"@type":"ImageObject","inLanguage":"de","@id":"https:\/\/secure.gravatar.com\/avatar\/05c9a17bc973052ee5d91549bd32fb4dd0dc85b7b85ae94b2e2b4943476bbea5?s=96&d=blank&r=g","url":"https:\/\/secure.gravatar.com\/avatar\/05c9a17bc973052ee5d91549bd32fb4dd0dc85b7b85ae94b2e2b4943476bbea5?s=96&d=blank&r=g","contentUrl":"https:\/\/secure.gravatar.com\/avatar\/05c9a17bc973052ee5d91549bd32fb4dd0dc85b7b85ae94b2e2b4943476bbea5?s=96&d=blank&r=g","caption":"Leinewelle"},"sameAs":["http:\/\/localhost\/radio%20leinewelle\/wordpress","https:\/\/www.facebook.com\/radioleinewelle","https:\/\/www.instagram.com\/radioleinewelle","https:\/\/x.com\/https:\/\/twitter.com\/RLeinewelle?ref_src=twsrcgoogletwcampserptwgrauthor","https:\/\/soundcloud.com\/foerderverein-lokalradio?utm_source=clipboard&utm_medium=text&utm_campaign=social_sharing"],"url":"https:\/\/radioleinewelle.de\/index.php\/author\/leinewelle\/"}]}},"_links":{"self":[{"href":"https:\/\/radioleinewelle.de\/index.php\/wp-json\/wp\/v2\/posts\/1731","targetHints":{"allow":["GET"]}}],"collection":[{"href":"https:\/\/radioleinewelle.de\/index.php\/wp-json\/wp\/v2\/posts"}],"about":[{"href":"https:\/\/radioleinewelle.de\/index.php\/wp-json\/wp\/v2\/types\/post"}],"author":[{"embeddable":true,"href":"https:\/\/radioleinewelle.de\/index.php\/wp-json\/wp\/v2\/users\/1"}],"replies":[{"embeddable":true,"href":"https:\/\/radioleinewelle.de\/index.php\/wp-json\/wp\/v2\/comments?post=1731"}],"version-history":[{"count":0,"href":"https:\/\/radioleinewelle.de\/index.php\/wp-json\/wp\/v2\/posts\/1731\/revisions"}],"wp:attachment":[{"href":"https:\/\/radioleinewelle.de\/index.php\/wp-json\/wp\/v2\/media?parent=1731"}],"wp:term":[{"taxonomy":"category","embeddable":true,"href":"https:\/\/radioleinewelle.de\/index.php\/wp-json\/wp\/v2\/categories?post=1731"},{"taxonomy":"post_tag","embeddable":true,"href":"https:\/\/radioleinewelle.de\/index.php\/wp-json\/wp\/v2\/tags?post=1731"}],"curies":[{"name":"wp","href":"https:\/\/api.w.org\/{rel}","templated":true}]}}