{"id":17310,"date":"2022-12-22T12:14:46","date_gmt":"2022-12-22T11:14:46","guid":{"rendered":"https:\/\/radioleinewelle.de\/?p=17310"},"modified":"2022-12-22T12:14:46","modified_gmt":"2022-12-22T11:14:46","slug":"goettinger-buendnis-gegen-rechts-startet-appell-zur-gefaehrdung-der-demokratie","status":"publish","type":"post","link":"https:\/\/radioleinewelle.de\/index.php\/2022\/12\/22\/goettinger-buendnis-gegen-rechts-startet-appell-zur-gefaehrdung-der-demokratie\/","title":{"rendered":"G\u00f6ttinger B\u00fcndnis gegen Rechts startet &#8222;Appell zur Gef\u00e4hrdung der Demokratie&#8220;"},"content":{"rendered":"\n<p>Das G\u00f6ttinger B\u00fcndnis gegen Rechts verurteilt die rechtsextremen Drohbriefe an religi\u00f6se Gemeinden in G\u00f6ttingen (November 2022) aufs Sch\u00e4rfste. Es nimmt die j\u00fcngsten Vorf\u00e4lle zum Anlass, sich mit einem \u201eAppell zur Gef\u00e4hrdung der Demokratie\u201c an die G\u00f6ttinger Gesellschaft zu wenden und ruft dazu auf, diesen online zu unterschreiben.<\/p>\n\n\n\n<p>Ab vergangenen Donnerstag, den 15. Dezember 2022, kann der Appell, den das \u00fcberparteilich antifaschistische B\u00fcndnis gemeinsam mit Erstunterzeichnenden aus der G\u00f6ttinger Zivilgesellschaft ver\u00f6ffentlicht hat, unter<\/p>\n\n\n\n<p><a href=\"http:\/\/www.petitionen.com\/goettinger_appell_zur_gefaehrdung_der_demokratie\">www.petitionen.com\/goettinger_appell_zur_gefaehrdung_der_demokratie<\/a><\/p>\n\n\n\n<p>mitgezeichnet werden.&nbsp;<\/p>\n\n\n\n<p>\u201eWir wollen die G\u00f6ttinger*innen hinter diesem Appell versammeln und gemeinsam Solidarit\u00e4t mit den Bedrohten zeigen\u201c, sagt Agnieszka Zimowska, Vorsitzende des Deutschen Gewerkschaftsbundes, Kreisverband G\u00f6ttingen, und B\u00fcndnismitglied. Gleichzeitig wolle man mit allem Nachdruck auf die Gef\u00e4hrdung der Demokratie durch rechte Netzwerke aufmerksam machen, die das B\u00fcndnis vor Ort wie bundesweit mit gro\u00dfer Besorgnis wahrnehme.&nbsp;<\/p>\n\n\n\n<p>\u201eWir sind ersch\u00fcttert, dass hier Religionsgemeinschaften gezielt eingesch\u00fcchtert werden\u201c, so Zimowska, \u201eEs m\u00f6gen Mails und Briefe sein, aber Worte sind Vorboten und Begleiter von Taten. Wir verurteilen die antisemitisch und antimuslimisch motivierten Bedrohungen der Gemeinden in aller Sch\u00e4rfe. Die Solidarit\u00e4t in unserer Stadt soll st\u00e4rker sein als jede Bedrohung!\u201c<\/p>\n\n\n\n<p>Die Gesellschaft m\u00fcsse ihre Lehren aus dem NSU-Komplex, aus den Morden von M\u00f6lln, Halle und Hanau ziehen, hei\u00dft es im Apell. Unabh\u00e4ngig davon, ob man politische, religi\u00f6se und weltanschauliche Haltungen teile, gelte es im Moment der Bedrohung von Rechts zusammen zu stehen. Auf die Frage danach, wer die virulente Gefahr von Rechts stoppen k\u00f6nne, g\u00e4be es nur eine Antwort in der Demokratie: alle seien gefordert, gegen\u00fcber Worten und Taten der Ausgrenzung und Bedrohung einzutreten.&nbsp;<\/p>\n\n\n\n<p>\u201eDie j\u00fcngst von Ermittlungsbeh\u00f6rden aufgedeckten gewaltsamen Umsturzpl\u00e4ne sogenannter Reichsb\u00fcrger*innen zeigen noch einmal mehr, in welcher akuten Bedrohungslage sich unsere Demokratie befindet\u201c, betont B\u00fcndnisaktivist*in Ezra Rudolph (Mitglied im Stadtvorstand von B90\/DIE GR\u00dcNEN), \u201eHier sind vor allem die staatlichen Organe gefragt. Die Polizei und der Verfassungsschutz d\u00fcrfen als Ermittlungsbeh\u00f6rden nicht versagen.\u201c&nbsp;<\/p>\n\n\n\n<p>Ebenso wichtig sei die Wachsamkeit und das Engagement vor Ort. \u201eWir kennen die Bedrohungen der Rechten in unserer Stadt.\u201c betont B\u00fcndnismitglied Dr. Mohan Ramaswamy, \u201eDoch ist es dank dem starken Eintreten gegen jeden noch so kleinen \u00dcbergriff der Rechten in G\u00f6ttingen gelungen, die organisierten Nazis aus der Stadt zu halten. Die meisten Menschen k\u00f6nnen in unserer Stadt ohne Angst in Vielfalt leben. Und das wollen wir auch weiterhin k\u00f6nnen.\u201c&nbsp;<\/p>\n\n\n\n<p>\u201eMit dem Appell wollen wir die j\u00fcngsten Drohungen in G\u00f6ttingen nicht als Einzeltaten abtun\u201c, erg\u00e4nzt Ezra Rudolph, \u201eWir nehmen sie zum Anlass, gemeinsam auf die akute Bedrohung unserer Demokratie aufmerksam zu machen und unserer Haltung Gesicht und Namen zu geben. Wir freuen uns sehr \u00fcber die bereits gewonnenen Erstunterzeichner*innen und z\u00e4hlen nun darauf, dass viele B\u00fcrger*innen, aber auch Politik, Kultur, Vereine und andere Zusammenschl\u00fcsse diesem Beispiel folgen. Denn unsere Solidarit\u00e4t ist st\u00e4rker!\u201c<\/p>\n\n\n\n<p>Symbolbild von <a href=\"http:\/\/Bild von &lt;a href=&quot;https:\/\/pixabay.com\/de\/users\/wokandapix-614097\/?utm_source=link-attribution&amp;utm_medium=referral&amp;utm_campaign=image&amp;utm_content=2019922&quot;&gt;Wokandapix&lt;\/a&gt; auf &lt;a href=&quot;https:\/\/pixabay.com\/de\/\/?utm_source=link-attribution&amp;utm_medium=referral&amp;utm_campaign=image&amp;utm_content=2019922&quot;&gt;Pixabay&lt;\/a&gt;\">Pixabay<\/a><\/p>\n","protected":false},"excerpt":{"rendered":"<p>Das G\u00f6ttinger B\u00fcndnis gegen Rechts verurteilt die rechtsextremen Drohbriefe an religi\u00f6se Gemeinden in G\u00f6ttingen (November 2022) aufs Sch\u00e4rfste. Es nimmt die j\u00fcngsten Vorf\u00e4lle zum Anlass, sich mit einem \u201eAppell zur Gef\u00e4hrdung der Demokratie\u201c an die G\u00f6ttinger Gesellschaft zu wenden und ruft dazu auf, diesen online zu unterschreiben. Ab vergangenen Donnerstag, den 15. Dezember 2022, kann [&hellip;]<\/p>\n","protected":false},"author":1,"featured_media":17313,"comment_status":"closed","ping_status":"closed","sticky":false,"template":"","format":"standard","meta":{"saved_in_kubio":false,"footnotes":""},"categories":[53],"tags":[3715,3716],"class_list":["post-17310","post","type-post","status-publish","format-standard","has-post-thumbnail","hentry","category-gesellschaft","tag-appell-zur-gefaehrdung-der-demokratie","tag-buendnis-gegen-rechts"],"yoast_head":"<!-- This site is optimized with the Yoast SEO plugin v27.5 - https:\/\/yoast.com\/product\/yoast-seo-wordpress\/ -->\n<title>G\u00f6ttinger B\u00fcndnis gegen Rechts startet &quot;Appell zur Gef\u00e4hrdung der Demokratie&quot; - Radio Leinewelle<\/title>\n<meta name=\"robots\" content=\"index, follow, max-snippet:-1, max-image-preview:large, max-video-preview:-1\" \/>\n<link rel=\"canonical\" href=\"https:\/\/radioleinewelle.de\/index.php\/2022\/12\/22\/goettinger-buendnis-gegen-rechts-startet-appell-zur-gefaehrdung-der-demokratie\/\" \/>\n<meta property=\"og:locale\" content=\"de_DE\" \/>\n<meta property=\"og:type\" content=\"article\" \/>\n<meta property=\"og:title\" content=\"G\u00f6ttinger B\u00fcndnis gegen Rechts startet &quot;Appell zur Gef\u00e4hrdung der Demokratie&quot; - Radio Leinewelle\" \/>\n<meta property=\"og:description\" content=\"Das G\u00f6ttinger B\u00fcndnis gegen Rechts verurteilt die rechtsextremen Drohbriefe an religi\u00f6se Gemeinden in G\u00f6ttingen (November 2022) aufs Sch\u00e4rfste. Es nimmt die j\u00fcngsten Vorf\u00e4lle zum Anlass, sich mit einem \u201eAppell zur Gef\u00e4hrdung der Demokratie\u201c an die G\u00f6ttinger Gesellschaft zu wenden und ruft dazu auf, diesen online zu unterschreiben. Ab vergangenen Donnerstag, den 15. Dezember 2022, kann [&hellip;]\" \/>\n<meta property=\"og:url\" content=\"https:\/\/radioleinewelle.de\/index.php\/2022\/12\/22\/goettinger-buendnis-gegen-rechts-startet-appell-zur-gefaehrdung-der-demokratie\/\" \/>\n<meta property=\"og:site_name\" content=\"Radio Leinewelle\" \/>\n<meta property=\"article:publisher\" content=\"https:\/\/www.facebook.com\/radioleinewelle\" \/>\n<meta property=\"article:author\" content=\"https:\/\/www.facebook.com\/radioleinewelle\" \/>\n<meta property=\"article:published_time\" content=\"2022-12-22T11:14:46+00:00\" \/>\n<meta property=\"og:image\" content=\"https:\/\/radioleinewelle.de\/wp-content\/uploads\/2022\/12\/no-hate-gbed3b788c_640.jpg\" \/>\n\t<meta property=\"og:image:width\" content=\"640\" \/>\n\t<meta property=\"og:image:height\" content=\"427\" \/>\n\t<meta property=\"og:image:type\" content=\"image\/jpeg\" \/>\n<meta name=\"author\" content=\"Leinewelle\" \/>\n<meta name=\"twitter:card\" content=\"summary_large_image\" \/>\n<meta name=\"twitter:creator\" content=\"@https:\/\/twitter.com\/RLeinewelle?ref_src=twsrcgoogletwcampserptwgrauthor\" \/>\n<meta name=\"twitter:site\" content=\"@RLeinewelle\" \/>\n<meta name=\"twitter:label1\" content=\"Verfasst von\" \/>\n\t<meta name=\"twitter:data1\" content=\"Leinewelle\" \/>\n\t<meta name=\"twitter:label2\" content=\"Gesch\u00e4tzte Lesezeit\" \/>\n\t<meta name=\"twitter:data2\" content=\"3\u00a0Minuten\" \/>\n<script type=\"application\/ld+json\" class=\"yoast-schema-graph\">{\"@context\":\"https:\\\/\\\/schema.org\",\"@graph\":[{\"@type\":\"Article\",\"@id\":\"https:\\\/\\\/radioleinewelle.de\\\/index.php\\\/2022\\\/12\\\/22\\\/goettinger-buendnis-gegen-rechts-startet-appell-zur-gefaehrdung-der-demokratie\\\/#article\",\"isPartOf\":{\"@id\":\"https:\\\/\\\/radioleinewelle.de\\\/index.php\\\/2022\\\/12\\\/22\\\/goettinger-buendnis-gegen-rechts-startet-appell-zur-gefaehrdung-der-demokratie\\\/\"},\"author\":{\"name\":\"Leinewelle\",\"@id\":\"https:\\\/\\\/radioleinewelle.de\\\/#\\\/schema\\\/person\\\/45606f348637df637192dc1b68399a63\"},\"headline\":\"G\u00f6ttinger B\u00fcndnis gegen Rechts startet &#8222;Appell zur Gef\u00e4hrdung der Demokratie&#8220;\",\"datePublished\":\"2022-12-22T11:14:46+00:00\",\"mainEntityOfPage\":{\"@id\":\"https:\\\/\\\/radioleinewelle.de\\\/index.php\\\/2022\\\/12\\\/22\\\/goettinger-buendnis-gegen-rechts-startet-appell-zur-gefaehrdung-der-demokratie\\\/\"},\"wordCount\":526,\"publisher\":{\"@id\":\"https:\\\/\\\/radioleinewelle.de\\\/#organization\"},\"image\":{\"@id\":\"https:\\\/\\\/radioleinewelle.de\\\/index.php\\\/2022\\\/12\\\/22\\\/goettinger-buendnis-gegen-rechts-startet-appell-zur-gefaehrdung-der-demokratie\\\/#primaryimage\"},\"thumbnailUrl\":\"https:\\\/\\\/radioleinewelle.de\\\/wp-content\\\/uploads\\\/2022\\\/12\\\/no-hate-gbed3b788c_640.jpg\",\"keywords\":[\"Appell zur Gef\u00e4hrdung der Demokratie\",\"B\u00fcndnis gegen Rechts\"],\"articleSection\":[\"Gesellschaft\"],\"inLanguage\":\"de\"},{\"@type\":\"WebPage\",\"@id\":\"https:\\\/\\\/radioleinewelle.de\\\/index.php\\\/2022\\\/12\\\/22\\\/goettinger-buendnis-gegen-rechts-startet-appell-zur-gefaehrdung-der-demokratie\\\/\",\"url\":\"https:\\\/\\\/radioleinewelle.de\\\/index.php\\\/2022\\\/12\\\/22\\\/goettinger-buendnis-gegen-rechts-startet-appell-zur-gefaehrdung-der-demokratie\\\/\",\"name\":\"G\u00f6ttinger B\u00fcndnis gegen Rechts startet \\\"Appell zur Gef\u00e4hrdung der Demokratie\\\" - Radio Leinewelle\",\"isPartOf\":{\"@id\":\"https:\\\/\\\/radioleinewelle.de\\\/#website\"},\"primaryImageOfPage\":{\"@id\":\"https:\\\/\\\/radioleinewelle.de\\\/index.php\\\/2022\\\/12\\\/22\\\/goettinger-buendnis-gegen-rechts-startet-appell-zur-gefaehrdung-der-demokratie\\\/#primaryimage\"},\"image\":{\"@id\":\"https:\\\/\\\/radioleinewelle.de\\\/index.php\\\/2022\\\/12\\\/22\\\/goettinger-buendnis-gegen-rechts-startet-appell-zur-gefaehrdung-der-demokratie\\\/#primaryimage\"},\"thumbnailUrl\":\"https:\\\/\\\/radioleinewelle.de\\\/wp-content\\\/uploads\\\/2022\\\/12\\\/no-hate-gbed3b788c_640.jpg\",\"datePublished\":\"2022-12-22T11:14:46+00:00\",\"breadcrumb\":{\"@id\":\"https:\\\/\\\/radioleinewelle.de\\\/index.php\\\/2022\\\/12\\\/22\\\/goettinger-buendnis-gegen-rechts-startet-appell-zur-gefaehrdung-der-demokratie\\\/#breadcrumb\"},\"inLanguage\":\"de\",\"potentialAction\":[{\"@type\":\"ReadAction\",\"target\":[\"https:\\\/\\\/radioleinewelle.de\\\/index.php\\\/2022\\\/12\\\/22\\\/goettinger-buendnis-gegen-rechts-startet-appell-zur-gefaehrdung-der-demokratie\\\/\"]}]},{\"@type\":\"ImageObject\",\"inLanguage\":\"de\",\"@id\":\"https:\\\/\\\/radioleinewelle.de\\\/index.php\\\/2022\\\/12\\\/22\\\/goettinger-buendnis-gegen-rechts-startet-appell-zur-gefaehrdung-der-demokratie\\\/#primaryimage\",\"url\":\"https:\\\/\\\/radioleinewelle.de\\\/wp-content\\\/uploads\\\/2022\\\/12\\\/no-hate-gbed3b788c_640.jpg\",\"contentUrl\":\"https:\\\/\\\/radioleinewelle.de\\\/wp-content\\\/uploads\\\/2022\\\/12\\\/no-hate-gbed3b788c_640.jpg\",\"width\":640,\"height\":427},{\"@type\":\"BreadcrumbList\",\"@id\":\"https:\\\/\\\/radioleinewelle.de\\\/index.php\\\/2022\\\/12\\\/22\\\/goettinger-buendnis-gegen-rechts-startet-appell-zur-gefaehrdung-der-demokratie\\\/#breadcrumb\",\"itemListElement\":[{\"@type\":\"ListItem\",\"position\":1,\"name\":\"Startseite\",\"item\":\"https:\\\/\\\/radioleinewelle.de\\\/\"},{\"@type\":\"ListItem\",\"position\":2,\"name\":\"G\u00f6ttinger B\u00fcndnis gegen Rechts startet &#8222;Appell zur Gef\u00e4hrdung der Demokratie&#8220;\"}]},{\"@type\":\"WebSite\",\"@id\":\"https:\\\/\\\/radioleinewelle.de\\\/#website\",\"url\":\"https:\\\/\\\/radioleinewelle.de\\\/\",\"name\":\"Radio Leinewelle\",\"description\":\"\",\"publisher\":{\"@id\":\"https:\\\/\\\/radioleinewelle.de\\\/#organization\"},\"potentialAction\":[{\"@type\":\"SearchAction\",\"target\":{\"@type\":\"EntryPoint\",\"urlTemplate\":\"https:\\\/\\\/radioleinewelle.de\\\/?s={search_term_string}\"},\"query-input\":{\"@type\":\"PropertyValueSpecification\",\"valueRequired\":true,\"valueName\":\"search_term_string\"}}],\"inLanguage\":\"de\"},{\"@type\":\"Organization\",\"@id\":\"https:\\\/\\\/radioleinewelle.de\\\/#organization\",\"name\":\"Radio Leinewelle\",\"alternateName\":\"Mein Radio f\u00fcr S\u00fcdniedersachsen\",\"url\":\"https:\\\/\\\/radioleinewelle.de\\\/\",\"logo\":{\"@type\":\"ImageObject\",\"inLanguage\":\"de\",\"@id\":\"https:\\\/\\\/radioleinewelle.de\\\/#\\\/schema\\\/logo\\\/image\\\/\",\"url\":\"https:\\\/\\\/radioleinewelle.de\\\/wp-content\\\/uploads\\\/2023\\\/11\\\/cropped-Leinewelle_Logo_weiss.png\",\"contentUrl\":\"https:\\\/\\\/radioleinewelle.de\\\/wp-content\\\/uploads\\\/2023\\\/11\\\/cropped-Leinewelle_Logo_weiss.png\",\"width\":854,\"height\":260,\"caption\":\"Radio Leinewelle\"},\"image\":{\"@id\":\"https:\\\/\\\/radioleinewelle.de\\\/#\\\/schema\\\/logo\\\/image\\\/\"},\"sameAs\":[\"https:\\\/\\\/www.facebook.com\\\/radioleinewelle\",\"https:\\\/\\\/x.com\\\/RLeinewelle\",\"https:\\\/\\\/www.instagram.com\\\/radioleinewelle\\\/?hl=de\"]},{\"@type\":\"Person\",\"@id\":\"https:\\\/\\\/radioleinewelle.de\\\/#\\\/schema\\\/person\\\/45606f348637df637192dc1b68399a63\",\"name\":\"Leinewelle\",\"image\":{\"@type\":\"ImageObject\",\"inLanguage\":\"de\",\"@id\":\"https:\\\/\\\/secure.gravatar.com\\\/avatar\\\/05c9a17bc973052ee5d91549bd32fb4dd0dc85b7b85ae94b2e2b4943476bbea5?s=96&d=blank&r=g\",\"url\":\"https:\\\/\\\/secure.gravatar.com\\\/avatar\\\/05c9a17bc973052ee5d91549bd32fb4dd0dc85b7b85ae94b2e2b4943476bbea5?s=96&d=blank&r=g\",\"contentUrl\":\"https:\\\/\\\/secure.gravatar.com\\\/avatar\\\/05c9a17bc973052ee5d91549bd32fb4dd0dc85b7b85ae94b2e2b4943476bbea5?s=96&d=blank&r=g\",\"caption\":\"Leinewelle\"},\"sameAs\":[\"http:\\\/\\\/localhost\\\/radio%20leinewelle\\\/wordpress\",\"https:\\\/\\\/www.facebook.com\\\/radioleinewelle\",\"https:\\\/\\\/www.instagram.com\\\/radioleinewelle\",\"https:\\\/\\\/x.com\\\/https:\\\/\\\/twitter.com\\\/RLeinewelle?ref_src=twsrcgoogletwcampserptwgrauthor\",\"https:\\\/\\\/soundcloud.com\\\/foerderverein-lokalradio?utm_source=clipboard&utm_medium=text&utm_campaign=social_sharing\"],\"url\":\"https:\\\/\\\/radioleinewelle.de\\\/index.php\\\/author\\\/leinewelle\\\/\"}]}<\/script>\n<!-- \/ Yoast SEO plugin. -->","yoast_head_json":{"title":"G\u00f6ttinger B\u00fcndnis gegen Rechts startet \"Appell zur Gef\u00e4hrdung der Demokratie\" - Radio Leinewelle","robots":{"index":"index","follow":"follow","max-snippet":"max-snippet:-1","max-image-preview":"max-image-preview:large","max-video-preview":"max-video-preview:-1"},"canonical":"https:\/\/radioleinewelle.de\/index.php\/2022\/12\/22\/goettinger-buendnis-gegen-rechts-startet-appell-zur-gefaehrdung-der-demokratie\/","og_locale":"de_DE","og_type":"article","og_title":"G\u00f6ttinger B\u00fcndnis gegen Rechts startet \"Appell zur Gef\u00e4hrdung der Demokratie\" - Radio Leinewelle","og_description":"Das G\u00f6ttinger B\u00fcndnis gegen Rechts verurteilt die rechtsextremen Drohbriefe an religi\u00f6se Gemeinden in G\u00f6ttingen (November 2022) aufs Sch\u00e4rfste. Es nimmt die j\u00fcngsten Vorf\u00e4lle zum Anlass, sich mit einem \u201eAppell zur Gef\u00e4hrdung der Demokratie\u201c an die G\u00f6ttinger Gesellschaft zu wenden und ruft dazu auf, diesen online zu unterschreiben. Ab vergangenen Donnerstag, den 15. Dezember 2022, kann [&hellip;]","og_url":"https:\/\/radioleinewelle.de\/index.php\/2022\/12\/22\/goettinger-buendnis-gegen-rechts-startet-appell-zur-gefaehrdung-der-demokratie\/","og_site_name":"Radio Leinewelle","article_publisher":"https:\/\/www.facebook.com\/radioleinewelle","article_author":"https:\/\/www.facebook.com\/radioleinewelle","article_published_time":"2022-12-22T11:14:46+00:00","og_image":[{"width":640,"height":427,"url":"https:\/\/radioleinewelle.de\/wp-content\/uploads\/2022\/12\/no-hate-gbed3b788c_640.jpg","type":"image\/jpeg"}],"author":"Leinewelle","twitter_card":"summary_large_image","twitter_creator":"@https:\/\/twitter.com\/RLeinewelle?ref_src=twsrcgoogletwcampserptwgrauthor","twitter_site":"@RLeinewelle","twitter_misc":{"Verfasst von":"Leinewelle","Gesch\u00e4tzte Lesezeit":"3\u00a0Minuten"},"schema":{"@context":"https:\/\/schema.org","@graph":[{"@type":"Article","@id":"https:\/\/radioleinewelle.de\/index.php\/2022\/12\/22\/goettinger-buendnis-gegen-rechts-startet-appell-zur-gefaehrdung-der-demokratie\/#article","isPartOf":{"@id":"https:\/\/radioleinewelle.de\/index.php\/2022\/12\/22\/goettinger-buendnis-gegen-rechts-startet-appell-zur-gefaehrdung-der-demokratie\/"},"author":{"name":"Leinewelle","@id":"https:\/\/radioleinewelle.de\/#\/schema\/person\/45606f348637df637192dc1b68399a63"},"headline":"G\u00f6ttinger B\u00fcndnis gegen Rechts startet &#8222;Appell zur Gef\u00e4hrdung der Demokratie&#8220;","datePublished":"2022-12-22T11:14:46+00:00","mainEntityOfPage":{"@id":"https:\/\/radioleinewelle.de\/index.php\/2022\/12\/22\/goettinger-buendnis-gegen-rechts-startet-appell-zur-gefaehrdung-der-demokratie\/"},"wordCount":526,"publisher":{"@id":"https:\/\/radioleinewelle.de\/#organization"},"image":{"@id":"https:\/\/radioleinewelle.de\/index.php\/2022\/12\/22\/goettinger-buendnis-gegen-rechts-startet-appell-zur-gefaehrdung-der-demokratie\/#primaryimage"},"thumbnailUrl":"https:\/\/radioleinewelle.de\/wp-content\/uploads\/2022\/12\/no-hate-gbed3b788c_640.jpg","keywords":["Appell zur Gef\u00e4hrdung der Demokratie","B\u00fcndnis gegen Rechts"],"articleSection":["Gesellschaft"],"inLanguage":"de"},{"@type":"WebPage","@id":"https:\/\/radioleinewelle.de\/index.php\/2022\/12\/22\/goettinger-buendnis-gegen-rechts-startet-appell-zur-gefaehrdung-der-demokratie\/","url":"https:\/\/radioleinewelle.de\/index.php\/2022\/12\/22\/goettinger-buendnis-gegen-rechts-startet-appell-zur-gefaehrdung-der-demokratie\/","name":"G\u00f6ttinger B\u00fcndnis gegen Rechts startet \"Appell zur Gef\u00e4hrdung der Demokratie\" - Radio Leinewelle","isPartOf":{"@id":"https:\/\/radioleinewelle.de\/#website"},"primaryImageOfPage":{"@id":"https:\/\/radioleinewelle.de\/index.php\/2022\/12\/22\/goettinger-buendnis-gegen-rechts-startet-appell-zur-gefaehrdung-der-demokratie\/#primaryimage"},"image":{"@id":"https:\/\/radioleinewelle.de\/index.php\/2022\/12\/22\/goettinger-buendnis-gegen-rechts-startet-appell-zur-gefaehrdung-der-demokratie\/#primaryimage"},"thumbnailUrl":"https:\/\/radioleinewelle.de\/wp-content\/uploads\/2022\/12\/no-hate-gbed3b788c_640.jpg","datePublished":"2022-12-22T11:14:46+00:00","breadcrumb":{"@id":"https:\/\/radioleinewelle.de\/index.php\/2022\/12\/22\/goettinger-buendnis-gegen-rechts-startet-appell-zur-gefaehrdung-der-demokratie\/#breadcrumb"},"inLanguage":"de","potentialAction":[{"@type":"ReadAction","target":["https:\/\/radioleinewelle.de\/index.php\/2022\/12\/22\/goettinger-buendnis-gegen-rechts-startet-appell-zur-gefaehrdung-der-demokratie\/"]}]},{"@type":"ImageObject","inLanguage":"de","@id":"https:\/\/radioleinewelle.de\/index.php\/2022\/12\/22\/goettinger-buendnis-gegen-rechts-startet-appell-zur-gefaehrdung-der-demokratie\/#primaryimage","url":"https:\/\/radioleinewelle.de\/wp-content\/uploads\/2022\/12\/no-hate-gbed3b788c_640.jpg","contentUrl":"https:\/\/radioleinewelle.de\/wp-content\/uploads\/2022\/12\/no-hate-gbed3b788c_640.jpg","width":640,"height":427},{"@type":"BreadcrumbList","@id":"https:\/\/radioleinewelle.de\/index.php\/2022\/12\/22\/goettinger-buendnis-gegen-rechts-startet-appell-zur-gefaehrdung-der-demokratie\/#breadcrumb","itemListElement":[{"@type":"ListItem","position":1,"name":"Startseite","item":"https:\/\/radioleinewelle.de\/"},{"@type":"ListItem","position":2,"name":"G\u00f6ttinger B\u00fcndnis gegen Rechts startet &#8222;Appell zur Gef\u00e4hrdung der Demokratie&#8220;"}]},{"@type":"WebSite","@id":"https:\/\/radioleinewelle.de\/#website","url":"https:\/\/radioleinewelle.de\/","name":"Radio Leinewelle","description":"","publisher":{"@id":"https:\/\/radioleinewelle.de\/#organization"},"potentialAction":[{"@type":"SearchAction","target":{"@type":"EntryPoint","urlTemplate":"https:\/\/radioleinewelle.de\/?s={search_term_string}"},"query-input":{"@type":"PropertyValueSpecification","valueRequired":true,"valueName":"search_term_string"}}],"inLanguage":"de"},{"@type":"Organization","@id":"https:\/\/radioleinewelle.de\/#organization","name":"Radio Leinewelle","alternateName":"Mein Radio f\u00fcr S\u00fcdniedersachsen","url":"https:\/\/radioleinewelle.de\/","logo":{"@type":"ImageObject","inLanguage":"de","@id":"https:\/\/radioleinewelle.de\/#\/schema\/logo\/image\/","url":"https:\/\/radioleinewelle.de\/wp-content\/uploads\/2023\/11\/cropped-Leinewelle_Logo_weiss.png","contentUrl":"https:\/\/radioleinewelle.de\/wp-content\/uploads\/2023\/11\/cropped-Leinewelle_Logo_weiss.png","width":854,"height":260,"caption":"Radio Leinewelle"},"image":{"@id":"https:\/\/radioleinewelle.de\/#\/schema\/logo\/image\/"},"sameAs":["https:\/\/www.facebook.com\/radioleinewelle","https:\/\/x.com\/RLeinewelle","https:\/\/www.instagram.com\/radioleinewelle\/?hl=de"]},{"@type":"Person","@id":"https:\/\/radioleinewelle.de\/#\/schema\/person\/45606f348637df637192dc1b68399a63","name":"Leinewelle","image":{"@type":"ImageObject","inLanguage":"de","@id":"https:\/\/secure.gravatar.com\/avatar\/05c9a17bc973052ee5d91549bd32fb4dd0dc85b7b85ae94b2e2b4943476bbea5?s=96&d=blank&r=g","url":"https:\/\/secure.gravatar.com\/avatar\/05c9a17bc973052ee5d91549bd32fb4dd0dc85b7b85ae94b2e2b4943476bbea5?s=96&d=blank&r=g","contentUrl":"https:\/\/secure.gravatar.com\/avatar\/05c9a17bc973052ee5d91549bd32fb4dd0dc85b7b85ae94b2e2b4943476bbea5?s=96&d=blank&r=g","caption":"Leinewelle"},"sameAs":["http:\/\/localhost\/radio%20leinewelle\/wordpress","https:\/\/www.facebook.com\/radioleinewelle","https:\/\/www.instagram.com\/radioleinewelle","https:\/\/x.com\/https:\/\/twitter.com\/RLeinewelle?ref_src=twsrcgoogletwcampserptwgrauthor","https:\/\/soundcloud.com\/foerderverein-lokalradio?utm_source=clipboard&utm_medium=text&utm_campaign=social_sharing"],"url":"https:\/\/radioleinewelle.de\/index.php\/author\/leinewelle\/"}]}},"_links":{"self":[{"href":"https:\/\/radioleinewelle.de\/index.php\/wp-json\/wp\/v2\/posts\/17310","targetHints":{"allow":["GET"]}}],"collection":[{"href":"https:\/\/radioleinewelle.de\/index.php\/wp-json\/wp\/v2\/posts"}],"about":[{"href":"https:\/\/radioleinewelle.de\/index.php\/wp-json\/wp\/v2\/types\/post"}],"author":[{"embeddable":true,"href":"https:\/\/radioleinewelle.de\/index.php\/wp-json\/wp\/v2\/users\/1"}],"replies":[{"embeddable":true,"href":"https:\/\/radioleinewelle.de\/index.php\/wp-json\/wp\/v2\/comments?post=17310"}],"version-history":[{"count":0,"href":"https:\/\/radioleinewelle.de\/index.php\/wp-json\/wp\/v2\/posts\/17310\/revisions"}],"wp:featuredmedia":[{"embeddable":true,"href":"https:\/\/radioleinewelle.de\/index.php\/wp-json\/wp\/v2\/media\/17313"}],"wp:attachment":[{"href":"https:\/\/radioleinewelle.de\/index.php\/wp-json\/wp\/v2\/media?parent=17310"}],"wp:term":[{"taxonomy":"category","embeddable":true,"href":"https:\/\/radioleinewelle.de\/index.php\/wp-json\/wp\/v2\/categories?post=17310"},{"taxonomy":"post_tag","embeddable":true,"href":"https:\/\/radioleinewelle.de\/index.php\/wp-json\/wp\/v2\/tags?post=17310"}],"curies":[{"name":"wp","href":"https:\/\/api.w.org\/{rel}","templated":true}]}}