{"id":17327,"date":"2022-12-23T13:07:12","date_gmt":"2022-12-23T12:07:12","guid":{"rendered":"https:\/\/radioleinewelle.de\/?p=17327"},"modified":"2022-12-23T13:07:12","modified_gmt":"2022-12-23T12:07:12","slug":"der-neue-stephen-king-ein-amerikanisches-maerchen","status":"publish","type":"post","link":"https:\/\/radioleinewelle.de\/index.php\/2022\/12\/23\/der-neue-stephen-king-ein-amerikanisches-maerchen\/","title":{"rendered":"Der neue Stephen King: ein amerikanisches M\u00e4rchen"},"content":{"rendered":"\n<p>Es ist wieder ein gewaltiger Brocken, das neue Buch von Stephen King. Fast 900 Seiten, f\u00fcr King Fans die richtige Winterlekt\u00fcre. P\u00fcnktlich zum 75. Geburtstag des Autors erscheint dieser Roman, geschrieben in der Coronapandemie. Fairy Tale \u2013 zu Deutsch M\u00e4rchen \u2013 f\u00fchrt die Leser in der Tat in eine fantastische unterirdische Welt. Nat\u00fcrlich unter einer amerikanischen Kleinstadt. Bis es soweit ist, muss der Held sich \u00fcber einige 100 Seiten mit dem langweiligen Kleinstadtleben herumschlagen. Der&nbsp;siebzehnj\u00e4hrige Charlie Reade hat kein leichtes Leben. Seine Mutter starb bei einem tragischen Unfall, als er sieben Jahre alt war.&nbsp;&nbsp;Sein Vater ist ein trockener Alkoholiker. Charlie bekommt durch Zufall Kontakt mit einem seltsamen Nachbarn und dessen Hund Radar. Zwischen ihnen entsteht eine Freundschaft. Das Geheimnis des mysteri\u00f6sen Schuppens auf dem Grundst\u00fcck enth\u00fcllt ihm der Alte erst auf dem Sterbebett. Dort befindet sich der Zugang zu einer fremdartigen und verst\u00f6renden Welt. Der ewige Kampf Gut gegen B\u00f6se entbrennt. \u201eFairy Tale\u201c kommt seinem Titel ziemlich nahe. Es bleibt den Leser:innen \u00fcberlassen, Parallelen zu anderen bekannten M\u00e4rchen herzustellen. Anspielungen gibt es genug.<\/p>\n\n\n\n<p>Der neue Roman wird bei den Fans sicherlich gespaltene Reaktionen hervorrufen. Der ersteTeil des Buches ist etwas f\u00fcr die \u201eOld School Fans\u201c von King. Man f\u00fchlt sich an seine \u201eComing of Age\u201c Romane erinnert. Geht es in die Unterwelt, wird ihm die Begeisterung der Fantasygemeinde sicher sein. Was kann man als Autor mehr erwarten!<\/p>\n\n\n\n<p>\u201eFairy Tale\u201c soll von Paul Greengrass verfilmt werden. Man darf gespannt sein, wie der Actionfilmer (Die Bourne Verschw\u00f6rung) diese Herausforderung meistern wird.<\/p>\n\n\n\n<p><em>Text: Ulf Engelmayer<\/em>&nbsp;<br \/>Stephen King \u2013 Fairy Tale 28\u20ac<br \/>Heyne Verlag, ISBN&nbsp;<\/p>\n","protected":false},"excerpt":{"rendered":"<p>Es ist wieder ein gewaltiger Brocken, das neue Buch von Stephen King. Fast 900 Seiten, f\u00fcr King Fans die richtige Winterlekt\u00fcre. P\u00fcnktlich zum 75. Geburtstag des Autors erscheint dieser Roman, geschrieben in der Coronapandemie. Fairy Tale \u2013 zu Deutsch M\u00e4rchen \u2013 f\u00fchrt die Leser in der Tat in eine fantastische unterirdische Welt. Nat\u00fcrlich unter einer [&hellip;]<\/p>\n","protected":false},"author":1,"featured_media":0,"comment_status":"closed","ping_status":"closed","sticky":false,"template":"","format":"standard","meta":{"saved_in_kubio":false,"footnotes":""},"categories":[3273],"tags":[3719,3720,3721],"class_list":["post-17327","post","type-post","status-publish","format-standard","hentry","category-buchkritik","tag-fairy-tale","tag-heyne-verlag","tag-stephen-king"],"yoast_head":"<!-- This site is optimized with the Yoast SEO plugin v27.5 - https:\/\/yoast.com\/product\/yoast-seo-wordpress\/ -->\n<title>Der neue Stephen King: ein amerikanisches M\u00e4rchen - Radio Leinewelle<\/title>\n<meta name=\"robots\" content=\"index, follow, max-snippet:-1, max-image-preview:large, max-video-preview:-1\" \/>\n<link rel=\"canonical\" href=\"https:\/\/radioleinewelle.de\/index.php\/2022\/12\/23\/der-neue-stephen-king-ein-amerikanisches-maerchen\/\" \/>\n<meta property=\"og:locale\" content=\"de_DE\" \/>\n<meta property=\"og:type\" content=\"article\" \/>\n<meta property=\"og:title\" content=\"Der neue Stephen King: ein amerikanisches M\u00e4rchen - Radio Leinewelle\" \/>\n<meta property=\"og:description\" content=\"Es ist wieder ein gewaltiger Brocken, das neue Buch von Stephen King. Fast 900 Seiten, f\u00fcr King Fans die richtige Winterlekt\u00fcre. P\u00fcnktlich zum 75. Geburtstag des Autors erscheint dieser Roman, geschrieben in der Coronapandemie. Fairy Tale \u2013 zu Deutsch M\u00e4rchen \u2013 f\u00fchrt die Leser in der Tat in eine fantastische unterirdische Welt. Nat\u00fcrlich unter einer [&hellip;]\" \/>\n<meta property=\"og:url\" content=\"https:\/\/radioleinewelle.de\/index.php\/2022\/12\/23\/der-neue-stephen-king-ein-amerikanisches-maerchen\/\" \/>\n<meta property=\"og:site_name\" content=\"Radio Leinewelle\" \/>\n<meta property=\"article:publisher\" content=\"https:\/\/www.facebook.com\/radioleinewelle\" \/>\n<meta property=\"article:author\" content=\"https:\/\/www.facebook.com\/radioleinewelle\" \/>\n<meta property=\"article:published_time\" content=\"2022-12-23T12:07:12+00:00\" \/>\n<meta name=\"author\" content=\"Leinewelle\" \/>\n<meta name=\"twitter:card\" content=\"summary_large_image\" \/>\n<meta name=\"twitter:creator\" content=\"@https:\/\/twitter.com\/RLeinewelle?ref_src=twsrcgoogletwcampserptwgrauthor\" \/>\n<meta name=\"twitter:site\" content=\"@RLeinewelle\" \/>\n<meta name=\"twitter:label1\" content=\"Verfasst von\" \/>\n\t<meta name=\"twitter:data1\" content=\"Leinewelle\" \/>\n\t<meta name=\"twitter:label2\" content=\"Gesch\u00e4tzte Lesezeit\" \/>\n\t<meta name=\"twitter:data2\" content=\"2\u00a0Minuten\" \/>\n<script type=\"application\/ld+json\" class=\"yoast-schema-graph\">{\"@context\":\"https:\\\/\\\/schema.org\",\"@graph\":[{\"@type\":\"Article\",\"@id\":\"https:\\\/\\\/radioleinewelle.de\\\/index.php\\\/2022\\\/12\\\/23\\\/der-neue-stephen-king-ein-amerikanisches-maerchen\\\/#article\",\"isPartOf\":{\"@id\":\"https:\\\/\\\/radioleinewelle.de\\\/index.php\\\/2022\\\/12\\\/23\\\/der-neue-stephen-king-ein-amerikanisches-maerchen\\\/\"},\"author\":{\"name\":\"Leinewelle\",\"@id\":\"https:\\\/\\\/radioleinewelle.de\\\/#\\\/schema\\\/person\\\/45606f348637df637192dc1b68399a63\"},\"headline\":\"Der neue Stephen King: ein amerikanisches M\u00e4rchen\",\"datePublished\":\"2022-12-23T12:07:12+00:00\",\"mainEntityOfPage\":{\"@id\":\"https:\\\/\\\/radioleinewelle.de\\\/index.php\\\/2022\\\/12\\\/23\\\/der-neue-stephen-king-ein-amerikanisches-maerchen\\\/\"},\"wordCount\":286,\"publisher\":{\"@id\":\"https:\\\/\\\/radioleinewelle.de\\\/#organization\"},\"keywords\":[\"Fairy Tale\",\"Heyne Verlag\",\"Stephen King\"],\"articleSection\":[\"Buchkritik\"],\"inLanguage\":\"de\"},{\"@type\":\"WebPage\",\"@id\":\"https:\\\/\\\/radioleinewelle.de\\\/index.php\\\/2022\\\/12\\\/23\\\/der-neue-stephen-king-ein-amerikanisches-maerchen\\\/\",\"url\":\"https:\\\/\\\/radioleinewelle.de\\\/index.php\\\/2022\\\/12\\\/23\\\/der-neue-stephen-king-ein-amerikanisches-maerchen\\\/\",\"name\":\"Der neue Stephen King: ein amerikanisches M\u00e4rchen - Radio Leinewelle\",\"isPartOf\":{\"@id\":\"https:\\\/\\\/radioleinewelle.de\\\/#website\"},\"datePublished\":\"2022-12-23T12:07:12+00:00\",\"breadcrumb\":{\"@id\":\"https:\\\/\\\/radioleinewelle.de\\\/index.php\\\/2022\\\/12\\\/23\\\/der-neue-stephen-king-ein-amerikanisches-maerchen\\\/#breadcrumb\"},\"inLanguage\":\"de\",\"potentialAction\":[{\"@type\":\"ReadAction\",\"target\":[\"https:\\\/\\\/radioleinewelle.de\\\/index.php\\\/2022\\\/12\\\/23\\\/der-neue-stephen-king-ein-amerikanisches-maerchen\\\/\"]}]},{\"@type\":\"BreadcrumbList\",\"@id\":\"https:\\\/\\\/radioleinewelle.de\\\/index.php\\\/2022\\\/12\\\/23\\\/der-neue-stephen-king-ein-amerikanisches-maerchen\\\/#breadcrumb\",\"itemListElement\":[{\"@type\":\"ListItem\",\"position\":1,\"name\":\"Startseite\",\"item\":\"https:\\\/\\\/radioleinewelle.de\\\/\"},{\"@type\":\"ListItem\",\"position\":2,\"name\":\"Der neue Stephen King: ein amerikanisches M\u00e4rchen\"}]},{\"@type\":\"WebSite\",\"@id\":\"https:\\\/\\\/radioleinewelle.de\\\/#website\",\"url\":\"https:\\\/\\\/radioleinewelle.de\\\/\",\"name\":\"Radio Leinewelle\",\"description\":\"\",\"publisher\":{\"@id\":\"https:\\\/\\\/radioleinewelle.de\\\/#organization\"},\"potentialAction\":[{\"@type\":\"SearchAction\",\"target\":{\"@type\":\"EntryPoint\",\"urlTemplate\":\"https:\\\/\\\/radioleinewelle.de\\\/?s={search_term_string}\"},\"query-input\":{\"@type\":\"PropertyValueSpecification\",\"valueRequired\":true,\"valueName\":\"search_term_string\"}}],\"inLanguage\":\"de\"},{\"@type\":\"Organization\",\"@id\":\"https:\\\/\\\/radioleinewelle.de\\\/#organization\",\"name\":\"Radio Leinewelle\",\"alternateName\":\"Mein Radio f\u00fcr S\u00fcdniedersachsen\",\"url\":\"https:\\\/\\\/radioleinewelle.de\\\/\",\"logo\":{\"@type\":\"ImageObject\",\"inLanguage\":\"de\",\"@id\":\"https:\\\/\\\/radioleinewelle.de\\\/#\\\/schema\\\/logo\\\/image\\\/\",\"url\":\"https:\\\/\\\/radioleinewelle.de\\\/wp-content\\\/uploads\\\/2023\\\/11\\\/cropped-Leinewelle_Logo_weiss.png\",\"contentUrl\":\"https:\\\/\\\/radioleinewelle.de\\\/wp-content\\\/uploads\\\/2023\\\/11\\\/cropped-Leinewelle_Logo_weiss.png\",\"width\":854,\"height\":260,\"caption\":\"Radio Leinewelle\"},\"image\":{\"@id\":\"https:\\\/\\\/radioleinewelle.de\\\/#\\\/schema\\\/logo\\\/image\\\/\"},\"sameAs\":[\"https:\\\/\\\/www.facebook.com\\\/radioleinewelle\",\"https:\\\/\\\/x.com\\\/RLeinewelle\",\"https:\\\/\\\/www.instagram.com\\\/radioleinewelle\\\/?hl=de\"]},{\"@type\":\"Person\",\"@id\":\"https:\\\/\\\/radioleinewelle.de\\\/#\\\/schema\\\/person\\\/45606f348637df637192dc1b68399a63\",\"name\":\"Leinewelle\",\"image\":{\"@type\":\"ImageObject\",\"inLanguage\":\"de\",\"@id\":\"https:\\\/\\\/secure.gravatar.com\\\/avatar\\\/05c9a17bc973052ee5d91549bd32fb4dd0dc85b7b85ae94b2e2b4943476bbea5?s=96&d=blank&r=g\",\"url\":\"https:\\\/\\\/secure.gravatar.com\\\/avatar\\\/05c9a17bc973052ee5d91549bd32fb4dd0dc85b7b85ae94b2e2b4943476bbea5?s=96&d=blank&r=g\",\"contentUrl\":\"https:\\\/\\\/secure.gravatar.com\\\/avatar\\\/05c9a17bc973052ee5d91549bd32fb4dd0dc85b7b85ae94b2e2b4943476bbea5?s=96&d=blank&r=g\",\"caption\":\"Leinewelle\"},\"sameAs\":[\"http:\\\/\\\/localhost\\\/radio%20leinewelle\\\/wordpress\",\"https:\\\/\\\/www.facebook.com\\\/radioleinewelle\",\"https:\\\/\\\/www.instagram.com\\\/radioleinewelle\",\"https:\\\/\\\/x.com\\\/https:\\\/\\\/twitter.com\\\/RLeinewelle?ref_src=twsrcgoogletwcampserptwgrauthor\",\"https:\\\/\\\/soundcloud.com\\\/foerderverein-lokalradio?utm_source=clipboard&utm_medium=text&utm_campaign=social_sharing\"],\"url\":\"https:\\\/\\\/radioleinewelle.de\\\/index.php\\\/author\\\/leinewelle\\\/\"}]}<\/script>\n<!-- \/ Yoast SEO plugin. -->","yoast_head_json":{"title":"Der neue Stephen King: ein amerikanisches M\u00e4rchen - Radio Leinewelle","robots":{"index":"index","follow":"follow","max-snippet":"max-snippet:-1","max-image-preview":"max-image-preview:large","max-video-preview":"max-video-preview:-1"},"canonical":"https:\/\/radioleinewelle.de\/index.php\/2022\/12\/23\/der-neue-stephen-king-ein-amerikanisches-maerchen\/","og_locale":"de_DE","og_type":"article","og_title":"Der neue Stephen King: ein amerikanisches M\u00e4rchen - Radio Leinewelle","og_description":"Es ist wieder ein gewaltiger Brocken, das neue Buch von Stephen King. Fast 900 Seiten, f\u00fcr King Fans die richtige Winterlekt\u00fcre. P\u00fcnktlich zum 75. Geburtstag des Autors erscheint dieser Roman, geschrieben in der Coronapandemie. Fairy Tale \u2013 zu Deutsch M\u00e4rchen \u2013 f\u00fchrt die Leser in der Tat in eine fantastische unterirdische Welt. Nat\u00fcrlich unter einer [&hellip;]","og_url":"https:\/\/radioleinewelle.de\/index.php\/2022\/12\/23\/der-neue-stephen-king-ein-amerikanisches-maerchen\/","og_site_name":"Radio Leinewelle","article_publisher":"https:\/\/www.facebook.com\/radioleinewelle","article_author":"https:\/\/www.facebook.com\/radioleinewelle","article_published_time":"2022-12-23T12:07:12+00:00","author":"Leinewelle","twitter_card":"summary_large_image","twitter_creator":"@https:\/\/twitter.com\/RLeinewelle?ref_src=twsrcgoogletwcampserptwgrauthor","twitter_site":"@RLeinewelle","twitter_misc":{"Verfasst von":"Leinewelle","Gesch\u00e4tzte Lesezeit":"2\u00a0Minuten"},"schema":{"@context":"https:\/\/schema.org","@graph":[{"@type":"Article","@id":"https:\/\/radioleinewelle.de\/index.php\/2022\/12\/23\/der-neue-stephen-king-ein-amerikanisches-maerchen\/#article","isPartOf":{"@id":"https:\/\/radioleinewelle.de\/index.php\/2022\/12\/23\/der-neue-stephen-king-ein-amerikanisches-maerchen\/"},"author":{"name":"Leinewelle","@id":"https:\/\/radioleinewelle.de\/#\/schema\/person\/45606f348637df637192dc1b68399a63"},"headline":"Der neue Stephen King: ein amerikanisches M\u00e4rchen","datePublished":"2022-12-23T12:07:12+00:00","mainEntityOfPage":{"@id":"https:\/\/radioleinewelle.de\/index.php\/2022\/12\/23\/der-neue-stephen-king-ein-amerikanisches-maerchen\/"},"wordCount":286,"publisher":{"@id":"https:\/\/radioleinewelle.de\/#organization"},"keywords":["Fairy Tale","Heyne Verlag","Stephen King"],"articleSection":["Buchkritik"],"inLanguage":"de"},{"@type":"WebPage","@id":"https:\/\/radioleinewelle.de\/index.php\/2022\/12\/23\/der-neue-stephen-king-ein-amerikanisches-maerchen\/","url":"https:\/\/radioleinewelle.de\/index.php\/2022\/12\/23\/der-neue-stephen-king-ein-amerikanisches-maerchen\/","name":"Der neue Stephen King: ein amerikanisches M\u00e4rchen - Radio Leinewelle","isPartOf":{"@id":"https:\/\/radioleinewelle.de\/#website"},"datePublished":"2022-12-23T12:07:12+00:00","breadcrumb":{"@id":"https:\/\/radioleinewelle.de\/index.php\/2022\/12\/23\/der-neue-stephen-king-ein-amerikanisches-maerchen\/#breadcrumb"},"inLanguage":"de","potentialAction":[{"@type":"ReadAction","target":["https:\/\/radioleinewelle.de\/index.php\/2022\/12\/23\/der-neue-stephen-king-ein-amerikanisches-maerchen\/"]}]},{"@type":"BreadcrumbList","@id":"https:\/\/radioleinewelle.de\/index.php\/2022\/12\/23\/der-neue-stephen-king-ein-amerikanisches-maerchen\/#breadcrumb","itemListElement":[{"@type":"ListItem","position":1,"name":"Startseite","item":"https:\/\/radioleinewelle.de\/"},{"@type":"ListItem","position":2,"name":"Der neue Stephen King: ein amerikanisches M\u00e4rchen"}]},{"@type":"WebSite","@id":"https:\/\/radioleinewelle.de\/#website","url":"https:\/\/radioleinewelle.de\/","name":"Radio Leinewelle","description":"","publisher":{"@id":"https:\/\/radioleinewelle.de\/#organization"},"potentialAction":[{"@type":"SearchAction","target":{"@type":"EntryPoint","urlTemplate":"https:\/\/radioleinewelle.de\/?s={search_term_string}"},"query-input":{"@type":"PropertyValueSpecification","valueRequired":true,"valueName":"search_term_string"}}],"inLanguage":"de"},{"@type":"Organization","@id":"https:\/\/radioleinewelle.de\/#organization","name":"Radio Leinewelle","alternateName":"Mein Radio f\u00fcr S\u00fcdniedersachsen","url":"https:\/\/radioleinewelle.de\/","logo":{"@type":"ImageObject","inLanguage":"de","@id":"https:\/\/radioleinewelle.de\/#\/schema\/logo\/image\/","url":"https:\/\/radioleinewelle.de\/wp-content\/uploads\/2023\/11\/cropped-Leinewelle_Logo_weiss.png","contentUrl":"https:\/\/radioleinewelle.de\/wp-content\/uploads\/2023\/11\/cropped-Leinewelle_Logo_weiss.png","width":854,"height":260,"caption":"Radio Leinewelle"},"image":{"@id":"https:\/\/radioleinewelle.de\/#\/schema\/logo\/image\/"},"sameAs":["https:\/\/www.facebook.com\/radioleinewelle","https:\/\/x.com\/RLeinewelle","https:\/\/www.instagram.com\/radioleinewelle\/?hl=de"]},{"@type":"Person","@id":"https:\/\/radioleinewelle.de\/#\/schema\/person\/45606f348637df637192dc1b68399a63","name":"Leinewelle","image":{"@type":"ImageObject","inLanguage":"de","@id":"https:\/\/secure.gravatar.com\/avatar\/05c9a17bc973052ee5d91549bd32fb4dd0dc85b7b85ae94b2e2b4943476bbea5?s=96&d=blank&r=g","url":"https:\/\/secure.gravatar.com\/avatar\/05c9a17bc973052ee5d91549bd32fb4dd0dc85b7b85ae94b2e2b4943476bbea5?s=96&d=blank&r=g","contentUrl":"https:\/\/secure.gravatar.com\/avatar\/05c9a17bc973052ee5d91549bd32fb4dd0dc85b7b85ae94b2e2b4943476bbea5?s=96&d=blank&r=g","caption":"Leinewelle"},"sameAs":["http:\/\/localhost\/radio%20leinewelle\/wordpress","https:\/\/www.facebook.com\/radioleinewelle","https:\/\/www.instagram.com\/radioleinewelle","https:\/\/x.com\/https:\/\/twitter.com\/RLeinewelle?ref_src=twsrcgoogletwcampserptwgrauthor","https:\/\/soundcloud.com\/foerderverein-lokalradio?utm_source=clipboard&utm_medium=text&utm_campaign=social_sharing"],"url":"https:\/\/radioleinewelle.de\/index.php\/author\/leinewelle\/"}]}},"_links":{"self":[{"href":"https:\/\/radioleinewelle.de\/index.php\/wp-json\/wp\/v2\/posts\/17327","targetHints":{"allow":["GET"]}}],"collection":[{"href":"https:\/\/radioleinewelle.de\/index.php\/wp-json\/wp\/v2\/posts"}],"about":[{"href":"https:\/\/radioleinewelle.de\/index.php\/wp-json\/wp\/v2\/types\/post"}],"author":[{"embeddable":true,"href":"https:\/\/radioleinewelle.de\/index.php\/wp-json\/wp\/v2\/users\/1"}],"replies":[{"embeddable":true,"href":"https:\/\/radioleinewelle.de\/index.php\/wp-json\/wp\/v2\/comments?post=17327"}],"version-history":[{"count":0,"href":"https:\/\/radioleinewelle.de\/index.php\/wp-json\/wp\/v2\/posts\/17327\/revisions"}],"wp:attachment":[{"href":"https:\/\/radioleinewelle.de\/index.php\/wp-json\/wp\/v2\/media?parent=17327"}],"wp:term":[{"taxonomy":"category","embeddable":true,"href":"https:\/\/radioleinewelle.de\/index.php\/wp-json\/wp\/v2\/categories?post=17327"},{"taxonomy":"post_tag","embeddable":true,"href":"https:\/\/radioleinewelle.de\/index.php\/wp-json\/wp\/v2\/tags?post=17327"}],"curies":[{"name":"wp","href":"https:\/\/api.w.org\/{rel}","templated":true}]}}