{"id":17477,"date":"2023-01-05T05:41:36","date_gmt":"2023-01-05T04:41:36","guid":{"rendered":"https:\/\/radioleinewelle.de\/?p=17477"},"modified":"2023-01-05T05:41:36","modified_gmt":"2023-01-05T04:41:36","slug":"gelesen-johann-koenig-blinder-galerist","status":"publish","type":"post","link":"https:\/\/radioleinewelle.de\/index.php\/2023\/01\/05\/gelesen-johann-koenig-blinder-galerist\/","title":{"rendered":"Gelesen: Johann K\u00f6nig &#8222;Blinder Galerist&#8220;"},"content":{"rendered":"\n<p>Wie ist es m\u00f6glich, eine Karriere als Galerist einzuschlagen, wenn man sich in seinem Urteil nicht auf sein Augenlicht verlassen kann? Wie organisiert man seine Reisen, sein Alltagsgesch\u00e4ft? Und: wie wird man zu einem der angesagtesten Galeristen in der internationalen Kunstszene?<\/p>\n\n\n\n<p>Wer Antworten auf diese Fragen bekommen m\u00f6chte, der sollte zum Buch von Johann K\u00f6nig \u201eBlinder Galerist\u201c greifen. Der famili\u00e4re Bezug zur Kunst wird schnell offensichtlich. Seine Mutter Edda K\u00f6chl-K\u00f6nig ist Illustratorin und Schauspielerin, der Vater Kaspar K\u00f6nig Kunstprofessor und Kurator. Sein Onkel Walter K\u00f6nig ist einer der renommiertesten Kunstbuchh\u00e4ndler Deutschlands. Kunst war in der Familien ein Dauerthema. \u201eNicht einmalin den Ferien blieb ich davon verschont\u201c, so Kaspar K\u00f6nig. \u201eEgal, wohin wir fuhren, es hatte immer etwas mit Kunst zu tun. Kunst. Kunst. Kunst. Dauernd nur Kunst. Viele Jahre lang fand ich Kunst das Schlimmste.\u201c \u00dcber seinen Vater lernt er viele gro\u00dfe zeitgen\u00f6ssische K\u00fcnstler und ihre Ateliers kennen. Dann mit zw\u00f6lf Jahren ein tragischer Unfall, der fast sein komplettes Augenlicht kostet. Zahlreiche Operationen folgen, der Zustand reicht von fast kompletter Blindheit bis hin zu einer gelungenen Hornhauttransplantation im Jahr 2008. Diese f\u00fchrte zu einer deutlichen Verbesserung der Lebenssituation. Die Familie war ihm w\u00e4hrend der ganzen schwierigen Zeit eine St\u00fctze, sie half ihm auch bei seiner Entscheidung in Berlin eine Galerie zu er\u00f6ffnen. Nach ersten Fehlschl\u00e4gen ging es dann schnell aufw\u00e4rts. Durch seine internationalen Kontakte z.B. auf der Art Basel in Miami erregte&nbsp;&nbsp;er durch seine fundierte und spannende Auswahl von jungen K\u00fcnstler:innen schnell Aufmerksamkeit. Gr\u00f6\u00dfere Galerier\u00e4ume mussten her. In einer Betonkirche in Berlin betreibt er zur Zeit einer der spektakul\u00e4rsten Galerien Deutschlands.<\/p>\n\n\n\n<p>Das Buch \u201eBlinder Galerist\u201c, entstanden in Zusammenarbeit mit dem Susan Sonntag Biografen Daniel Schreiber bietet einen spannenden und hochinformativen Einblick in die Welt der aktuellen Kunstszene. Beschrieben von einer Person, die in sehr jungen Jahren ihren pers\u00f6nlichen Kampf um ihre Selbstst\u00e4ndigkeit und Selbstfindung unter widrigsten Umst\u00e4nden f\u00fchren musste. Sehr eindringlich die Schilderungen \u00fcber die Organisation des Alltagslebens einer fast blinden Person, der es gelingt trotz Handicaps zum Popstar unter den Galeristen aufzusteigen.&nbsp;<\/p>\n\n\n\n<p>F\u00fcr alle Kunstinteressierten ein \u201eMust read\u201c. Das Taschenbuch ist reich bebildert und bietet damit auch einen Anreiz die Galerie in der ehemaligen St. Agnes Kirche pers\u00f6nlich in Augenschein zu nehmen.<\/p>\n\n\n\n<p>Die Chronistenpflicht gebietet es darauf hinzuweisen, dass Johann K\u00f6nig seit einerVer\u00f6ffentlichung in der Zeit im August mit Vorw\u00fcrfen der sexuellen Bel\u00e4stigung und des Machtmissbrauchs konfrontiert wird. Dies hat zu einem Rechtsstreit mit der Zeit und einer Stellungnahme von K\u00f6nig in der Berliner Zeitung gef\u00fchrt. <a href=\"https:\/\/de.wikipedia.org\/wiki\/Johann_K\u00f6nig_(Galerist)\">Mehr dazu<\/a><\/p>\n\n\n\n<p>Das Buch&#8220; Blinder Galerist&#8220; ist erschienen im Ullstein Verlag und kostet 13,99 \u20ac<\/p>\n\n\n\n<p><em>Ulf Engelmayer<\/em><\/p>\n","protected":false},"excerpt":{"rendered":"<p>Wie ist es m\u00f6glich, eine Karriere als Galerist einzuschlagen, wenn man sich in seinem Urteil nicht auf sein Augenlicht verlassen kann? Wie organisiert man seine Reisen, sein Alltagsgesch\u00e4ft? Und: wie wird man zu einem der angesagtesten Galeristen in der internationalen Kunstszene? Wer Antworten auf diese Fragen bekommen m\u00f6chte, der sollte zum Buch von Johann K\u00f6nig [&hellip;]<\/p>\n","protected":false},"author":1,"featured_media":0,"comment_status":"closed","ping_status":"closed","sticky":false,"template":"","format":"standard","meta":{"saved_in_kubio":false,"footnotes":""},"categories":[3273],"tags":[3750,3751],"class_list":["post-17477","post","type-post","status-publish","format-standard","hentry","category-buchkritik","tag-blinder-galerist","tag-johann-koenig"],"yoast_head":"<!-- This site is optimized with the Yoast SEO plugin v27.5 - https:\/\/yoast.com\/product\/yoast-seo-wordpress\/ -->\n<title>Gelesen: Johann K\u00f6nig &quot;Blinder Galerist&quot; - Radio Leinewelle<\/title>\n<meta name=\"robots\" content=\"index, follow, max-snippet:-1, max-image-preview:large, max-video-preview:-1\" \/>\n<link rel=\"canonical\" href=\"https:\/\/radioleinewelle.de\/index.php\/2023\/01\/05\/gelesen-johann-koenig-blinder-galerist\/\" \/>\n<meta property=\"og:locale\" content=\"de_DE\" \/>\n<meta property=\"og:type\" content=\"article\" \/>\n<meta property=\"og:title\" content=\"Gelesen: Johann K\u00f6nig &quot;Blinder Galerist&quot; - Radio Leinewelle\" \/>\n<meta property=\"og:description\" content=\"Wie ist es m\u00f6glich, eine Karriere als Galerist einzuschlagen, wenn man sich in seinem Urteil nicht auf sein Augenlicht verlassen kann? Wie organisiert man seine Reisen, sein Alltagsgesch\u00e4ft? Und: wie wird man zu einem der angesagtesten Galeristen in der internationalen Kunstszene? Wer Antworten auf diese Fragen bekommen m\u00f6chte, der sollte zum Buch von Johann K\u00f6nig [&hellip;]\" \/>\n<meta property=\"og:url\" content=\"https:\/\/radioleinewelle.de\/index.php\/2023\/01\/05\/gelesen-johann-koenig-blinder-galerist\/\" \/>\n<meta property=\"og:site_name\" content=\"Radio Leinewelle\" \/>\n<meta property=\"article:publisher\" content=\"https:\/\/www.facebook.com\/radioleinewelle\" \/>\n<meta property=\"article:author\" content=\"https:\/\/www.facebook.com\/radioleinewelle\" \/>\n<meta property=\"article:published_time\" content=\"2023-01-05T04:41:36+00:00\" \/>\n<meta name=\"author\" content=\"Leinewelle\" \/>\n<meta name=\"twitter:card\" content=\"summary_large_image\" \/>\n<meta name=\"twitter:creator\" content=\"@https:\/\/twitter.com\/RLeinewelle?ref_src=twsrcgoogletwcampserptwgrauthor\" \/>\n<meta name=\"twitter:site\" content=\"@RLeinewelle\" \/>\n<meta name=\"twitter:label1\" content=\"Verfasst von\" \/>\n\t<meta name=\"twitter:data1\" content=\"Leinewelle\" \/>\n<script type=\"application\/ld+json\" class=\"yoast-schema-graph\">{\"@context\":\"https:\\\/\\\/schema.org\",\"@graph\":[{\"@type\":\"Article\",\"@id\":\"https:\\\/\\\/radioleinewelle.de\\\/index.php\\\/2023\\\/01\\\/05\\\/gelesen-johann-koenig-blinder-galerist\\\/#article\",\"isPartOf\":{\"@id\":\"https:\\\/\\\/radioleinewelle.de\\\/index.php\\\/2023\\\/01\\\/05\\\/gelesen-johann-koenig-blinder-galerist\\\/\"},\"author\":{\"name\":\"Leinewelle\",\"@id\":\"https:\\\/\\\/radioleinewelle.de\\\/#\\\/schema\\\/person\\\/45606f348637df637192dc1b68399a63\"},\"headline\":\"Gelesen: Johann K\u00f6nig &#8222;Blinder Galerist&#8220;\",\"datePublished\":\"2023-01-05T04:41:36+00:00\",\"mainEntityOfPage\":{\"@id\":\"https:\\\/\\\/radioleinewelle.de\\\/index.php\\\/2023\\\/01\\\/05\\\/gelesen-johann-koenig-blinder-galerist\\\/\"},\"wordCount\":470,\"publisher\":{\"@id\":\"https:\\\/\\\/radioleinewelle.de\\\/#organization\"},\"keywords\":[\"Blinder Galerist\",\"Johann K\u00f6nig\"],\"articleSection\":[\"Buchkritik\"],\"inLanguage\":\"de\"},{\"@type\":\"WebPage\",\"@id\":\"https:\\\/\\\/radioleinewelle.de\\\/index.php\\\/2023\\\/01\\\/05\\\/gelesen-johann-koenig-blinder-galerist\\\/\",\"url\":\"https:\\\/\\\/radioleinewelle.de\\\/index.php\\\/2023\\\/01\\\/05\\\/gelesen-johann-koenig-blinder-galerist\\\/\",\"name\":\"Gelesen: Johann K\u00f6nig \\\"Blinder Galerist\\\" - Radio Leinewelle\",\"isPartOf\":{\"@id\":\"https:\\\/\\\/radioleinewelle.de\\\/#website\"},\"datePublished\":\"2023-01-05T04:41:36+00:00\",\"breadcrumb\":{\"@id\":\"https:\\\/\\\/radioleinewelle.de\\\/index.php\\\/2023\\\/01\\\/05\\\/gelesen-johann-koenig-blinder-galerist\\\/#breadcrumb\"},\"inLanguage\":\"de\",\"potentialAction\":[{\"@type\":\"ReadAction\",\"target\":[\"https:\\\/\\\/radioleinewelle.de\\\/index.php\\\/2023\\\/01\\\/05\\\/gelesen-johann-koenig-blinder-galerist\\\/\"]}]},{\"@type\":\"BreadcrumbList\",\"@id\":\"https:\\\/\\\/radioleinewelle.de\\\/index.php\\\/2023\\\/01\\\/05\\\/gelesen-johann-koenig-blinder-galerist\\\/#breadcrumb\",\"itemListElement\":[{\"@type\":\"ListItem\",\"position\":1,\"name\":\"Startseite\",\"item\":\"https:\\\/\\\/radioleinewelle.de\\\/\"},{\"@type\":\"ListItem\",\"position\":2,\"name\":\"Gelesen: Johann K\u00f6nig &#8222;Blinder Galerist&#8220;\"}]},{\"@type\":\"WebSite\",\"@id\":\"https:\\\/\\\/radioleinewelle.de\\\/#website\",\"url\":\"https:\\\/\\\/radioleinewelle.de\\\/\",\"name\":\"Radio Leinewelle\",\"description\":\"\",\"publisher\":{\"@id\":\"https:\\\/\\\/radioleinewelle.de\\\/#organization\"},\"potentialAction\":[{\"@type\":\"SearchAction\",\"target\":{\"@type\":\"EntryPoint\",\"urlTemplate\":\"https:\\\/\\\/radioleinewelle.de\\\/?s={search_term_string}\"},\"query-input\":{\"@type\":\"PropertyValueSpecification\",\"valueRequired\":true,\"valueName\":\"search_term_string\"}}],\"inLanguage\":\"de\"},{\"@type\":\"Organization\",\"@id\":\"https:\\\/\\\/radioleinewelle.de\\\/#organization\",\"name\":\"Radio Leinewelle\",\"alternateName\":\"Mein Radio f\u00fcr S\u00fcdniedersachsen\",\"url\":\"https:\\\/\\\/radioleinewelle.de\\\/\",\"logo\":{\"@type\":\"ImageObject\",\"inLanguage\":\"de\",\"@id\":\"https:\\\/\\\/radioleinewelle.de\\\/#\\\/schema\\\/logo\\\/image\\\/\",\"url\":\"https:\\\/\\\/radioleinewelle.de\\\/wp-content\\\/uploads\\\/2023\\\/11\\\/cropped-Leinewelle_Logo_weiss.png\",\"contentUrl\":\"https:\\\/\\\/radioleinewelle.de\\\/wp-content\\\/uploads\\\/2023\\\/11\\\/cropped-Leinewelle_Logo_weiss.png\",\"width\":854,\"height\":260,\"caption\":\"Radio Leinewelle\"},\"image\":{\"@id\":\"https:\\\/\\\/radioleinewelle.de\\\/#\\\/schema\\\/logo\\\/image\\\/\"},\"sameAs\":[\"https:\\\/\\\/www.facebook.com\\\/radioleinewelle\",\"https:\\\/\\\/x.com\\\/RLeinewelle\",\"https:\\\/\\\/www.instagram.com\\\/radioleinewelle\\\/?hl=de\"]},{\"@type\":\"Person\",\"@id\":\"https:\\\/\\\/radioleinewelle.de\\\/#\\\/schema\\\/person\\\/45606f348637df637192dc1b68399a63\",\"name\":\"Leinewelle\",\"image\":{\"@type\":\"ImageObject\",\"inLanguage\":\"de\",\"@id\":\"https:\\\/\\\/secure.gravatar.com\\\/avatar\\\/05c9a17bc973052ee5d91549bd32fb4dd0dc85b7b85ae94b2e2b4943476bbea5?s=96&d=blank&r=g\",\"url\":\"https:\\\/\\\/secure.gravatar.com\\\/avatar\\\/05c9a17bc973052ee5d91549bd32fb4dd0dc85b7b85ae94b2e2b4943476bbea5?s=96&d=blank&r=g\",\"contentUrl\":\"https:\\\/\\\/secure.gravatar.com\\\/avatar\\\/05c9a17bc973052ee5d91549bd32fb4dd0dc85b7b85ae94b2e2b4943476bbea5?s=96&d=blank&r=g\",\"caption\":\"Leinewelle\"},\"sameAs\":[\"http:\\\/\\\/localhost\\\/radio%20leinewelle\\\/wordpress\",\"https:\\\/\\\/www.facebook.com\\\/radioleinewelle\",\"https:\\\/\\\/www.instagram.com\\\/radioleinewelle\",\"https:\\\/\\\/x.com\\\/https:\\\/\\\/twitter.com\\\/RLeinewelle?ref_src=twsrcgoogletwcampserptwgrauthor\",\"https:\\\/\\\/soundcloud.com\\\/foerderverein-lokalradio?utm_source=clipboard&utm_medium=text&utm_campaign=social_sharing\"],\"url\":\"https:\\\/\\\/radioleinewelle.de\\\/index.php\\\/author\\\/leinewelle\\\/\"}]}<\/script>\n<!-- \/ Yoast SEO plugin. -->","yoast_head_json":{"title":"Gelesen: Johann K\u00f6nig \"Blinder Galerist\" - Radio Leinewelle","robots":{"index":"index","follow":"follow","max-snippet":"max-snippet:-1","max-image-preview":"max-image-preview:large","max-video-preview":"max-video-preview:-1"},"canonical":"https:\/\/radioleinewelle.de\/index.php\/2023\/01\/05\/gelesen-johann-koenig-blinder-galerist\/","og_locale":"de_DE","og_type":"article","og_title":"Gelesen: Johann K\u00f6nig \"Blinder Galerist\" - Radio Leinewelle","og_description":"Wie ist es m\u00f6glich, eine Karriere als Galerist einzuschlagen, wenn man sich in seinem Urteil nicht auf sein Augenlicht verlassen kann? Wie organisiert man seine Reisen, sein Alltagsgesch\u00e4ft? Und: wie wird man zu einem der angesagtesten Galeristen in der internationalen Kunstszene? Wer Antworten auf diese Fragen bekommen m\u00f6chte, der sollte zum Buch von Johann K\u00f6nig [&hellip;]","og_url":"https:\/\/radioleinewelle.de\/index.php\/2023\/01\/05\/gelesen-johann-koenig-blinder-galerist\/","og_site_name":"Radio Leinewelle","article_publisher":"https:\/\/www.facebook.com\/radioleinewelle","article_author":"https:\/\/www.facebook.com\/radioleinewelle","article_published_time":"2023-01-05T04:41:36+00:00","author":"Leinewelle","twitter_card":"summary_large_image","twitter_creator":"@https:\/\/twitter.com\/RLeinewelle?ref_src=twsrcgoogletwcampserptwgrauthor","twitter_site":"@RLeinewelle","twitter_misc":{"Verfasst von":"Leinewelle"},"schema":{"@context":"https:\/\/schema.org","@graph":[{"@type":"Article","@id":"https:\/\/radioleinewelle.de\/index.php\/2023\/01\/05\/gelesen-johann-koenig-blinder-galerist\/#article","isPartOf":{"@id":"https:\/\/radioleinewelle.de\/index.php\/2023\/01\/05\/gelesen-johann-koenig-blinder-galerist\/"},"author":{"name":"Leinewelle","@id":"https:\/\/radioleinewelle.de\/#\/schema\/person\/45606f348637df637192dc1b68399a63"},"headline":"Gelesen: Johann K\u00f6nig &#8222;Blinder Galerist&#8220;","datePublished":"2023-01-05T04:41:36+00:00","mainEntityOfPage":{"@id":"https:\/\/radioleinewelle.de\/index.php\/2023\/01\/05\/gelesen-johann-koenig-blinder-galerist\/"},"wordCount":470,"publisher":{"@id":"https:\/\/radioleinewelle.de\/#organization"},"keywords":["Blinder Galerist","Johann K\u00f6nig"],"articleSection":["Buchkritik"],"inLanguage":"de"},{"@type":"WebPage","@id":"https:\/\/radioleinewelle.de\/index.php\/2023\/01\/05\/gelesen-johann-koenig-blinder-galerist\/","url":"https:\/\/radioleinewelle.de\/index.php\/2023\/01\/05\/gelesen-johann-koenig-blinder-galerist\/","name":"Gelesen: Johann K\u00f6nig \"Blinder Galerist\" - Radio Leinewelle","isPartOf":{"@id":"https:\/\/radioleinewelle.de\/#website"},"datePublished":"2023-01-05T04:41:36+00:00","breadcrumb":{"@id":"https:\/\/radioleinewelle.de\/index.php\/2023\/01\/05\/gelesen-johann-koenig-blinder-galerist\/#breadcrumb"},"inLanguage":"de","potentialAction":[{"@type":"ReadAction","target":["https:\/\/radioleinewelle.de\/index.php\/2023\/01\/05\/gelesen-johann-koenig-blinder-galerist\/"]}]},{"@type":"BreadcrumbList","@id":"https:\/\/radioleinewelle.de\/index.php\/2023\/01\/05\/gelesen-johann-koenig-blinder-galerist\/#breadcrumb","itemListElement":[{"@type":"ListItem","position":1,"name":"Startseite","item":"https:\/\/radioleinewelle.de\/"},{"@type":"ListItem","position":2,"name":"Gelesen: Johann K\u00f6nig &#8222;Blinder Galerist&#8220;"}]},{"@type":"WebSite","@id":"https:\/\/radioleinewelle.de\/#website","url":"https:\/\/radioleinewelle.de\/","name":"Radio Leinewelle","description":"","publisher":{"@id":"https:\/\/radioleinewelle.de\/#organization"},"potentialAction":[{"@type":"SearchAction","target":{"@type":"EntryPoint","urlTemplate":"https:\/\/radioleinewelle.de\/?s={search_term_string}"},"query-input":{"@type":"PropertyValueSpecification","valueRequired":true,"valueName":"search_term_string"}}],"inLanguage":"de"},{"@type":"Organization","@id":"https:\/\/radioleinewelle.de\/#organization","name":"Radio Leinewelle","alternateName":"Mein Radio f\u00fcr S\u00fcdniedersachsen","url":"https:\/\/radioleinewelle.de\/","logo":{"@type":"ImageObject","inLanguage":"de","@id":"https:\/\/radioleinewelle.de\/#\/schema\/logo\/image\/","url":"https:\/\/radioleinewelle.de\/wp-content\/uploads\/2023\/11\/cropped-Leinewelle_Logo_weiss.png","contentUrl":"https:\/\/radioleinewelle.de\/wp-content\/uploads\/2023\/11\/cropped-Leinewelle_Logo_weiss.png","width":854,"height":260,"caption":"Radio Leinewelle"},"image":{"@id":"https:\/\/radioleinewelle.de\/#\/schema\/logo\/image\/"},"sameAs":["https:\/\/www.facebook.com\/radioleinewelle","https:\/\/x.com\/RLeinewelle","https:\/\/www.instagram.com\/radioleinewelle\/?hl=de"]},{"@type":"Person","@id":"https:\/\/radioleinewelle.de\/#\/schema\/person\/45606f348637df637192dc1b68399a63","name":"Leinewelle","image":{"@type":"ImageObject","inLanguage":"de","@id":"https:\/\/secure.gravatar.com\/avatar\/05c9a17bc973052ee5d91549bd32fb4dd0dc85b7b85ae94b2e2b4943476bbea5?s=96&d=blank&r=g","url":"https:\/\/secure.gravatar.com\/avatar\/05c9a17bc973052ee5d91549bd32fb4dd0dc85b7b85ae94b2e2b4943476bbea5?s=96&d=blank&r=g","contentUrl":"https:\/\/secure.gravatar.com\/avatar\/05c9a17bc973052ee5d91549bd32fb4dd0dc85b7b85ae94b2e2b4943476bbea5?s=96&d=blank&r=g","caption":"Leinewelle"},"sameAs":["http:\/\/localhost\/radio%20leinewelle\/wordpress","https:\/\/www.facebook.com\/radioleinewelle","https:\/\/www.instagram.com\/radioleinewelle","https:\/\/x.com\/https:\/\/twitter.com\/RLeinewelle?ref_src=twsrcgoogletwcampserptwgrauthor","https:\/\/soundcloud.com\/foerderverein-lokalradio?utm_source=clipboard&utm_medium=text&utm_campaign=social_sharing"],"url":"https:\/\/radioleinewelle.de\/index.php\/author\/leinewelle\/"}]}},"_links":{"self":[{"href":"https:\/\/radioleinewelle.de\/index.php\/wp-json\/wp\/v2\/posts\/17477","targetHints":{"allow":["GET"]}}],"collection":[{"href":"https:\/\/radioleinewelle.de\/index.php\/wp-json\/wp\/v2\/posts"}],"about":[{"href":"https:\/\/radioleinewelle.de\/index.php\/wp-json\/wp\/v2\/types\/post"}],"author":[{"embeddable":true,"href":"https:\/\/radioleinewelle.de\/index.php\/wp-json\/wp\/v2\/users\/1"}],"replies":[{"embeddable":true,"href":"https:\/\/radioleinewelle.de\/index.php\/wp-json\/wp\/v2\/comments?post=17477"}],"version-history":[{"count":0,"href":"https:\/\/radioleinewelle.de\/index.php\/wp-json\/wp\/v2\/posts\/17477\/revisions"}],"wp:attachment":[{"href":"https:\/\/radioleinewelle.de\/index.php\/wp-json\/wp\/v2\/media?parent=17477"}],"wp:term":[{"taxonomy":"category","embeddable":true,"href":"https:\/\/radioleinewelle.de\/index.php\/wp-json\/wp\/v2\/categories?post=17477"},{"taxonomy":"post_tag","embeddable":true,"href":"https:\/\/radioleinewelle.de\/index.php\/wp-json\/wp\/v2\/tags?post=17477"}],"curies":[{"name":"wp","href":"https:\/\/api.w.org\/{rel}","templated":true}]}}