{"id":17485,"date":"2023-01-10T06:19:31","date_gmt":"2023-01-10T05:19:31","guid":{"rendered":"https:\/\/radioleinewelle.de\/?p=17485"},"modified":"2023-01-10T06:19:31","modified_gmt":"2023-01-10T05:19:31","slug":"ausstellung-auf-den-spuren-juedischer-kultur-in-der-ukraine","status":"publish","type":"post","link":"https:\/\/radioleinewelle.de\/index.php\/2023\/01\/10\/ausstellung-auf-den-spuren-juedischer-kultur-in-der-ukraine\/","title":{"rendered":"Ausstellung: auf den Spuren j\u00fcdischer Kultur in der Ukraine"},"content":{"rendered":"\n<p>Im Rahmen der Veranstaltungsreihe des G\u00f6ttinger B\u00fcndnisses zum Gedenken an die Opfer des Nationalsozialismus bieten die Gesellschaft f\u00fcr christlich-j\u00fcdische Zusammenarbeit (GCJZ) G\u00f6ttingen e.V. in Kooperation mit der Philosophischen Fakult\u00e4t der Universit\u00e4t G\u00f6ttingen eine Fotoausstellung an, die am <strong>Donnerstag, 12.01. 2023 um 16 Uhr im Foyer des Kulturwissenschaftlichen Zentrums <\/strong>(KWZ, Heinrich-D\u00fcker-Weg 14) er\u00f6ffnet wird, verbunden mit einer Lesung des Fotografen und Autors Marc Sagnol.&nbsp;<\/p>\n\n\n\n<p>In dieser Ausstellung zeigt Marc Sagnol Ergebnisse seiner zahlreichen Reisen durch die Ukraine auf der Suche nach Spuren j\u00fcdischer Kultur und Architektur, insbesondere von ehemaligen Synagogen.<\/p>\n\n\n\n<p>Seine erste Reise fand 1992, also vor 30 Jahren statt. Da entdeckte er fast zuf\u00e4llig in der Gegend von Lwow (Lemberg) das Geb\u00e4ude einer einst pr\u00e4chtigen Renaissance-Synagoge in Zholkva, das fr\u00fchere \u017b\u00f3\u0142kiew (s. Foto), der ber\u00fchmten \u201eSobieski-Schul\u201c, die noch in relativ gut erhaltenem Zustand war, heute ganz dem Verfall \u00fcberlassen ist. Von nun an setzte er sich bei seinen Reisen durch ukrainische D\u00f6rfer und Kleinst\u00e4dte &#8211; ehemalige&nbsp;<em>Shtetels<\/em>&nbsp;&#8211; auf die Suche nach \u00e4hnlichen Bauten, die in ihrer Bausubstanz noch ein reiches Erbe darstellten, allerdings ein gef\u00e4hrdetes Erbe, da es so gut wie keine j\u00fcdischen Gemeinden mehr gab, oder weil die, die noch da waren, allm\u00e4hlich emigrierten und die Einheimischen kein Interesse daf\u00fcr zeigten.&nbsp;<\/p>\n\n\n\n<p>In G\u00f6ttingen zeigt Marc Sagnol seine Arbeit zum ersten Mal.<\/p>\n\n\n\n<p>2021 erschien im Kulturverlag Kadmos sein <strong>Buch&nbsp;<em>Galizie<\/em><\/strong><em><strong>n und Lodomerien. Eine Spurensuche<\/strong><\/em>, in dem viele Fotos, darunter viele aus dieser Ausstellung, zu sehen sind. Bei der Er\u00f6ffnung am 12. Januar wird Marc Sagnol anwesend sein und aus seinem Buch lesen.<\/p>\n\n\n\n<p>Mehr unter:&nbsp;<a href=\"https:\/\/gedenken-an-die-opfer-des-nationalsozialismus.de\/januar-2023.php\">https:\/\/gedenken-an-die-opfer-des-nationalsozialismus.de\/januar-2023.php<\/a><\/p>\n\n\n\n<p><strong>Foto:<\/strong> \u00a9Marc Sagnol<\/p>\n","protected":false},"excerpt":{"rendered":"<p>Im Rahmen der Veranstaltungsreihe des G\u00f6ttinger B\u00fcndnisses zum Gedenken an die Opfer des Nationalsozialismus bieten die Gesellschaft f\u00fcr christlich-j\u00fcdische Zusammenarbeit (GCJZ) G\u00f6ttingen e.V. in Kooperation mit der Philosophischen Fakult\u00e4t der Universit\u00e4t G\u00f6ttingen eine Fotoausstellung an, die am Donnerstag, 12.01. 2023 um 16 Uhr im Foyer des Kulturwissenschaftlichen Zentrums (KWZ, Heinrich-D\u00fcker-Weg 14) er\u00f6ffnet wird, verbunden mit [&hellip;]<\/p>\n","protected":false},"author":1,"featured_media":17488,"comment_status":"closed","ping_status":"closed","sticky":false,"template":"","format":"standard","meta":{"saved_in_kubio":false,"footnotes":""},"categories":[2930],"tags":[3755,3756,3757],"class_list":["post-17485","post","type-post","status-publish","format-standard","has-post-thumbnail","hentry","category-ausstellungen","tag-gcjz","tag-marc-sagnol","tag-philosophische-fakultaet-goettingen"],"yoast_head":"<!-- This site is optimized with the Yoast SEO plugin v27.5 - https:\/\/yoast.com\/product\/yoast-seo-wordpress\/ -->\n<title>Ausstellung: auf den Spuren j\u00fcdischer Kultur in der Ukraine - Radio Leinewelle<\/title>\n<meta name=\"robots\" content=\"index, follow, max-snippet:-1, max-image-preview:large, max-video-preview:-1\" \/>\n<link rel=\"canonical\" href=\"https:\/\/radioleinewelle.de\/index.php\/2023\/01\/10\/ausstellung-auf-den-spuren-juedischer-kultur-in-der-ukraine\/\" \/>\n<meta property=\"og:locale\" content=\"de_DE\" \/>\n<meta property=\"og:type\" content=\"article\" \/>\n<meta property=\"og:title\" content=\"Ausstellung: auf den Spuren j\u00fcdischer Kultur in der Ukraine - Radio Leinewelle\" \/>\n<meta property=\"og:description\" content=\"Im Rahmen der Veranstaltungsreihe des G\u00f6ttinger B\u00fcndnisses zum Gedenken an die Opfer des Nationalsozialismus bieten die Gesellschaft f\u00fcr christlich-j\u00fcdische Zusammenarbeit (GCJZ) G\u00f6ttingen e.V. in Kooperation mit der Philosophischen Fakult\u00e4t der Universit\u00e4t G\u00f6ttingen eine Fotoausstellung an, die am Donnerstag, 12.01. 2023 um 16 Uhr im Foyer des Kulturwissenschaftlichen Zentrums (KWZ, Heinrich-D\u00fcker-Weg 14) er\u00f6ffnet wird, verbunden mit [&hellip;]\" \/>\n<meta property=\"og:url\" content=\"https:\/\/radioleinewelle.de\/index.php\/2023\/01\/10\/ausstellung-auf-den-spuren-juedischer-kultur-in-der-ukraine\/\" \/>\n<meta property=\"og:site_name\" content=\"Radio Leinewelle\" \/>\n<meta property=\"article:publisher\" content=\"https:\/\/www.facebook.com\/radioleinewelle\" \/>\n<meta property=\"article:author\" content=\"https:\/\/www.facebook.com\/radioleinewelle\" \/>\n<meta property=\"article:published_time\" content=\"2023-01-10T05:19:31+00:00\" \/>\n<meta property=\"og:image\" content=\"https:\/\/radioleinewelle.de\/wp-content\/uploads\/2023\/01\/2_2.-Zolkiew-region-de-Lvov-Sobieski-Schul-M.S.-2004..jpg\" \/>\n\t<meta property=\"og:image:width\" content=\"775\" \/>\n\t<meta property=\"og:image:height\" content=\"768\" \/>\n\t<meta property=\"og:image:type\" content=\"image\/jpeg\" \/>\n<meta name=\"author\" content=\"Leinewelle\" \/>\n<meta name=\"twitter:card\" content=\"summary_large_image\" \/>\n<meta name=\"twitter:creator\" content=\"@https:\/\/twitter.com\/RLeinewelle?ref_src=twsrcgoogletwcampserptwgrauthor\" \/>\n<meta name=\"twitter:site\" content=\"@RLeinewelle\" \/>\n<meta name=\"twitter:label1\" content=\"Verfasst von\" \/>\n\t<meta name=\"twitter:data1\" content=\"Leinewelle\" \/>\n\t<meta name=\"twitter:label2\" content=\"Gesch\u00e4tzte Lesezeit\" \/>\n\t<meta name=\"twitter:data2\" content=\"2\u00a0Minuten\" \/>\n<script type=\"application\/ld+json\" class=\"yoast-schema-graph\">{\"@context\":\"https:\\\/\\\/schema.org\",\"@graph\":[{\"@type\":\"Article\",\"@id\":\"https:\\\/\\\/radioleinewelle.de\\\/index.php\\\/2023\\\/01\\\/10\\\/ausstellung-auf-den-spuren-juedischer-kultur-in-der-ukraine\\\/#article\",\"isPartOf\":{\"@id\":\"https:\\\/\\\/radioleinewelle.de\\\/index.php\\\/2023\\\/01\\\/10\\\/ausstellung-auf-den-spuren-juedischer-kultur-in-der-ukraine\\\/\"},\"author\":{\"name\":\"Leinewelle\",\"@id\":\"https:\\\/\\\/radioleinewelle.de\\\/#\\\/schema\\\/person\\\/45606f348637df637192dc1b68399a63\"},\"headline\":\"Ausstellung: auf den Spuren j\u00fcdischer Kultur in der Ukraine\",\"datePublished\":\"2023-01-10T05:19:31+00:00\",\"mainEntityOfPage\":{\"@id\":\"https:\\\/\\\/radioleinewelle.de\\\/index.php\\\/2023\\\/01\\\/10\\\/ausstellung-auf-den-spuren-juedischer-kultur-in-der-ukraine\\\/\"},\"wordCount\":297,\"publisher\":{\"@id\":\"https:\\\/\\\/radioleinewelle.de\\\/#organization\"},\"image\":{\"@id\":\"https:\\\/\\\/radioleinewelle.de\\\/index.php\\\/2023\\\/01\\\/10\\\/ausstellung-auf-den-spuren-juedischer-kultur-in-der-ukraine\\\/#primaryimage\"},\"thumbnailUrl\":\"https:\\\/\\\/radioleinewelle.de\\\/wp-content\\\/uploads\\\/2023\\\/01\\\/2_2.-Zolkiew-region-de-Lvov-Sobieski-Schul-M.S.-2004..jpg\",\"keywords\":[\"GCJZ\",\"Marc Sagnol\",\"Philosophische Fakult\u00e4t G\u00f6ttingen\"],\"articleSection\":[\"Ausstellungen\"],\"inLanguage\":\"de\"},{\"@type\":\"WebPage\",\"@id\":\"https:\\\/\\\/radioleinewelle.de\\\/index.php\\\/2023\\\/01\\\/10\\\/ausstellung-auf-den-spuren-juedischer-kultur-in-der-ukraine\\\/\",\"url\":\"https:\\\/\\\/radioleinewelle.de\\\/index.php\\\/2023\\\/01\\\/10\\\/ausstellung-auf-den-spuren-juedischer-kultur-in-der-ukraine\\\/\",\"name\":\"Ausstellung: auf den Spuren j\u00fcdischer Kultur in der Ukraine - Radio Leinewelle\",\"isPartOf\":{\"@id\":\"https:\\\/\\\/radioleinewelle.de\\\/#website\"},\"primaryImageOfPage\":{\"@id\":\"https:\\\/\\\/radioleinewelle.de\\\/index.php\\\/2023\\\/01\\\/10\\\/ausstellung-auf-den-spuren-juedischer-kultur-in-der-ukraine\\\/#primaryimage\"},\"image\":{\"@id\":\"https:\\\/\\\/radioleinewelle.de\\\/index.php\\\/2023\\\/01\\\/10\\\/ausstellung-auf-den-spuren-juedischer-kultur-in-der-ukraine\\\/#primaryimage\"},\"thumbnailUrl\":\"https:\\\/\\\/radioleinewelle.de\\\/wp-content\\\/uploads\\\/2023\\\/01\\\/2_2.-Zolkiew-region-de-Lvov-Sobieski-Schul-M.S.-2004..jpg\",\"datePublished\":\"2023-01-10T05:19:31+00:00\",\"breadcrumb\":{\"@id\":\"https:\\\/\\\/radioleinewelle.de\\\/index.php\\\/2023\\\/01\\\/10\\\/ausstellung-auf-den-spuren-juedischer-kultur-in-der-ukraine\\\/#breadcrumb\"},\"inLanguage\":\"de\",\"potentialAction\":[{\"@type\":\"ReadAction\",\"target\":[\"https:\\\/\\\/radioleinewelle.de\\\/index.php\\\/2023\\\/01\\\/10\\\/ausstellung-auf-den-spuren-juedischer-kultur-in-der-ukraine\\\/\"]}]},{\"@type\":\"ImageObject\",\"inLanguage\":\"de\",\"@id\":\"https:\\\/\\\/radioleinewelle.de\\\/index.php\\\/2023\\\/01\\\/10\\\/ausstellung-auf-den-spuren-juedischer-kultur-in-der-ukraine\\\/#primaryimage\",\"url\":\"https:\\\/\\\/radioleinewelle.de\\\/wp-content\\\/uploads\\\/2023\\\/01\\\/2_2.-Zolkiew-region-de-Lvov-Sobieski-Schul-M.S.-2004..jpg\",\"contentUrl\":\"https:\\\/\\\/radioleinewelle.de\\\/wp-content\\\/uploads\\\/2023\\\/01\\\/2_2.-Zolkiew-region-de-Lvov-Sobieski-Schul-M.S.-2004..jpg\",\"width\":775,\"height\":768},{\"@type\":\"BreadcrumbList\",\"@id\":\"https:\\\/\\\/radioleinewelle.de\\\/index.php\\\/2023\\\/01\\\/10\\\/ausstellung-auf-den-spuren-juedischer-kultur-in-der-ukraine\\\/#breadcrumb\",\"itemListElement\":[{\"@type\":\"ListItem\",\"position\":1,\"name\":\"Startseite\",\"item\":\"https:\\\/\\\/radioleinewelle.de\\\/\"},{\"@type\":\"ListItem\",\"position\":2,\"name\":\"Ausstellung: auf den Spuren j\u00fcdischer Kultur in der Ukraine\"}]},{\"@type\":\"WebSite\",\"@id\":\"https:\\\/\\\/radioleinewelle.de\\\/#website\",\"url\":\"https:\\\/\\\/radioleinewelle.de\\\/\",\"name\":\"Radio Leinewelle\",\"description\":\"\",\"publisher\":{\"@id\":\"https:\\\/\\\/radioleinewelle.de\\\/#organization\"},\"potentialAction\":[{\"@type\":\"SearchAction\",\"target\":{\"@type\":\"EntryPoint\",\"urlTemplate\":\"https:\\\/\\\/radioleinewelle.de\\\/?s={search_term_string}\"},\"query-input\":{\"@type\":\"PropertyValueSpecification\",\"valueRequired\":true,\"valueName\":\"search_term_string\"}}],\"inLanguage\":\"de\"},{\"@type\":\"Organization\",\"@id\":\"https:\\\/\\\/radioleinewelle.de\\\/#organization\",\"name\":\"Radio Leinewelle\",\"alternateName\":\"Mein Radio f\u00fcr S\u00fcdniedersachsen\",\"url\":\"https:\\\/\\\/radioleinewelle.de\\\/\",\"logo\":{\"@type\":\"ImageObject\",\"inLanguage\":\"de\",\"@id\":\"https:\\\/\\\/radioleinewelle.de\\\/#\\\/schema\\\/logo\\\/image\\\/\",\"url\":\"https:\\\/\\\/radioleinewelle.de\\\/wp-content\\\/uploads\\\/2023\\\/11\\\/cropped-Leinewelle_Logo_weiss.png\",\"contentUrl\":\"https:\\\/\\\/radioleinewelle.de\\\/wp-content\\\/uploads\\\/2023\\\/11\\\/cropped-Leinewelle_Logo_weiss.png\",\"width\":854,\"height\":260,\"caption\":\"Radio Leinewelle\"},\"image\":{\"@id\":\"https:\\\/\\\/radioleinewelle.de\\\/#\\\/schema\\\/logo\\\/image\\\/\"},\"sameAs\":[\"https:\\\/\\\/www.facebook.com\\\/radioleinewelle\",\"https:\\\/\\\/x.com\\\/RLeinewelle\",\"https:\\\/\\\/www.instagram.com\\\/radioleinewelle\\\/?hl=de\"]},{\"@type\":\"Person\",\"@id\":\"https:\\\/\\\/radioleinewelle.de\\\/#\\\/schema\\\/person\\\/45606f348637df637192dc1b68399a63\",\"name\":\"Leinewelle\",\"image\":{\"@type\":\"ImageObject\",\"inLanguage\":\"de\",\"@id\":\"https:\\\/\\\/secure.gravatar.com\\\/avatar\\\/05c9a17bc973052ee5d91549bd32fb4dd0dc85b7b85ae94b2e2b4943476bbea5?s=96&d=blank&r=g\",\"url\":\"https:\\\/\\\/secure.gravatar.com\\\/avatar\\\/05c9a17bc973052ee5d91549bd32fb4dd0dc85b7b85ae94b2e2b4943476bbea5?s=96&d=blank&r=g\",\"contentUrl\":\"https:\\\/\\\/secure.gravatar.com\\\/avatar\\\/05c9a17bc973052ee5d91549bd32fb4dd0dc85b7b85ae94b2e2b4943476bbea5?s=96&d=blank&r=g\",\"caption\":\"Leinewelle\"},\"sameAs\":[\"http:\\\/\\\/localhost\\\/radio%20leinewelle\\\/wordpress\",\"https:\\\/\\\/www.facebook.com\\\/radioleinewelle\",\"https:\\\/\\\/www.instagram.com\\\/radioleinewelle\",\"https:\\\/\\\/x.com\\\/https:\\\/\\\/twitter.com\\\/RLeinewelle?ref_src=twsrcgoogletwcampserptwgrauthor\",\"https:\\\/\\\/soundcloud.com\\\/foerderverein-lokalradio?utm_source=clipboard&utm_medium=text&utm_campaign=social_sharing\"],\"url\":\"https:\\\/\\\/radioleinewelle.de\\\/index.php\\\/author\\\/leinewelle\\\/\"}]}<\/script>\n<!-- \/ Yoast SEO plugin. -->","yoast_head_json":{"title":"Ausstellung: auf den Spuren j\u00fcdischer Kultur in der Ukraine - Radio Leinewelle","robots":{"index":"index","follow":"follow","max-snippet":"max-snippet:-1","max-image-preview":"max-image-preview:large","max-video-preview":"max-video-preview:-1"},"canonical":"https:\/\/radioleinewelle.de\/index.php\/2023\/01\/10\/ausstellung-auf-den-spuren-juedischer-kultur-in-der-ukraine\/","og_locale":"de_DE","og_type":"article","og_title":"Ausstellung: auf den Spuren j\u00fcdischer Kultur in der Ukraine - Radio Leinewelle","og_description":"Im Rahmen der Veranstaltungsreihe des G\u00f6ttinger B\u00fcndnisses zum Gedenken an die Opfer des Nationalsozialismus bieten die Gesellschaft f\u00fcr christlich-j\u00fcdische Zusammenarbeit (GCJZ) G\u00f6ttingen e.V. in Kooperation mit der Philosophischen Fakult\u00e4t der Universit\u00e4t G\u00f6ttingen eine Fotoausstellung an, die am Donnerstag, 12.01. 2023 um 16 Uhr im Foyer des Kulturwissenschaftlichen Zentrums (KWZ, Heinrich-D\u00fcker-Weg 14) er\u00f6ffnet wird, verbunden mit [&hellip;]","og_url":"https:\/\/radioleinewelle.de\/index.php\/2023\/01\/10\/ausstellung-auf-den-spuren-juedischer-kultur-in-der-ukraine\/","og_site_name":"Radio Leinewelle","article_publisher":"https:\/\/www.facebook.com\/radioleinewelle","article_author":"https:\/\/www.facebook.com\/radioleinewelle","article_published_time":"2023-01-10T05:19:31+00:00","og_image":[{"width":775,"height":768,"url":"https:\/\/radioleinewelle.de\/wp-content\/uploads\/2023\/01\/2_2.-Zolkiew-region-de-Lvov-Sobieski-Schul-M.S.-2004..jpg","type":"image\/jpeg"}],"author":"Leinewelle","twitter_card":"summary_large_image","twitter_creator":"@https:\/\/twitter.com\/RLeinewelle?ref_src=twsrcgoogletwcampserptwgrauthor","twitter_site":"@RLeinewelle","twitter_misc":{"Verfasst von":"Leinewelle","Gesch\u00e4tzte Lesezeit":"2\u00a0Minuten"},"schema":{"@context":"https:\/\/schema.org","@graph":[{"@type":"Article","@id":"https:\/\/radioleinewelle.de\/index.php\/2023\/01\/10\/ausstellung-auf-den-spuren-juedischer-kultur-in-der-ukraine\/#article","isPartOf":{"@id":"https:\/\/radioleinewelle.de\/index.php\/2023\/01\/10\/ausstellung-auf-den-spuren-juedischer-kultur-in-der-ukraine\/"},"author":{"name":"Leinewelle","@id":"https:\/\/radioleinewelle.de\/#\/schema\/person\/45606f348637df637192dc1b68399a63"},"headline":"Ausstellung: auf den Spuren j\u00fcdischer Kultur in der Ukraine","datePublished":"2023-01-10T05:19:31+00:00","mainEntityOfPage":{"@id":"https:\/\/radioleinewelle.de\/index.php\/2023\/01\/10\/ausstellung-auf-den-spuren-juedischer-kultur-in-der-ukraine\/"},"wordCount":297,"publisher":{"@id":"https:\/\/radioleinewelle.de\/#organization"},"image":{"@id":"https:\/\/radioleinewelle.de\/index.php\/2023\/01\/10\/ausstellung-auf-den-spuren-juedischer-kultur-in-der-ukraine\/#primaryimage"},"thumbnailUrl":"https:\/\/radioleinewelle.de\/wp-content\/uploads\/2023\/01\/2_2.-Zolkiew-region-de-Lvov-Sobieski-Schul-M.S.-2004..jpg","keywords":["GCJZ","Marc Sagnol","Philosophische Fakult\u00e4t G\u00f6ttingen"],"articleSection":["Ausstellungen"],"inLanguage":"de"},{"@type":"WebPage","@id":"https:\/\/radioleinewelle.de\/index.php\/2023\/01\/10\/ausstellung-auf-den-spuren-juedischer-kultur-in-der-ukraine\/","url":"https:\/\/radioleinewelle.de\/index.php\/2023\/01\/10\/ausstellung-auf-den-spuren-juedischer-kultur-in-der-ukraine\/","name":"Ausstellung: auf den Spuren j\u00fcdischer Kultur in der Ukraine - Radio Leinewelle","isPartOf":{"@id":"https:\/\/radioleinewelle.de\/#website"},"primaryImageOfPage":{"@id":"https:\/\/radioleinewelle.de\/index.php\/2023\/01\/10\/ausstellung-auf-den-spuren-juedischer-kultur-in-der-ukraine\/#primaryimage"},"image":{"@id":"https:\/\/radioleinewelle.de\/index.php\/2023\/01\/10\/ausstellung-auf-den-spuren-juedischer-kultur-in-der-ukraine\/#primaryimage"},"thumbnailUrl":"https:\/\/radioleinewelle.de\/wp-content\/uploads\/2023\/01\/2_2.-Zolkiew-region-de-Lvov-Sobieski-Schul-M.S.-2004..jpg","datePublished":"2023-01-10T05:19:31+00:00","breadcrumb":{"@id":"https:\/\/radioleinewelle.de\/index.php\/2023\/01\/10\/ausstellung-auf-den-spuren-juedischer-kultur-in-der-ukraine\/#breadcrumb"},"inLanguage":"de","potentialAction":[{"@type":"ReadAction","target":["https:\/\/radioleinewelle.de\/index.php\/2023\/01\/10\/ausstellung-auf-den-spuren-juedischer-kultur-in-der-ukraine\/"]}]},{"@type":"ImageObject","inLanguage":"de","@id":"https:\/\/radioleinewelle.de\/index.php\/2023\/01\/10\/ausstellung-auf-den-spuren-juedischer-kultur-in-der-ukraine\/#primaryimage","url":"https:\/\/radioleinewelle.de\/wp-content\/uploads\/2023\/01\/2_2.-Zolkiew-region-de-Lvov-Sobieski-Schul-M.S.-2004..jpg","contentUrl":"https:\/\/radioleinewelle.de\/wp-content\/uploads\/2023\/01\/2_2.-Zolkiew-region-de-Lvov-Sobieski-Schul-M.S.-2004..jpg","width":775,"height":768},{"@type":"BreadcrumbList","@id":"https:\/\/radioleinewelle.de\/index.php\/2023\/01\/10\/ausstellung-auf-den-spuren-juedischer-kultur-in-der-ukraine\/#breadcrumb","itemListElement":[{"@type":"ListItem","position":1,"name":"Startseite","item":"https:\/\/radioleinewelle.de\/"},{"@type":"ListItem","position":2,"name":"Ausstellung: auf den Spuren j\u00fcdischer Kultur in der Ukraine"}]},{"@type":"WebSite","@id":"https:\/\/radioleinewelle.de\/#website","url":"https:\/\/radioleinewelle.de\/","name":"Radio Leinewelle","description":"","publisher":{"@id":"https:\/\/radioleinewelle.de\/#organization"},"potentialAction":[{"@type":"SearchAction","target":{"@type":"EntryPoint","urlTemplate":"https:\/\/radioleinewelle.de\/?s={search_term_string}"},"query-input":{"@type":"PropertyValueSpecification","valueRequired":true,"valueName":"search_term_string"}}],"inLanguage":"de"},{"@type":"Organization","@id":"https:\/\/radioleinewelle.de\/#organization","name":"Radio Leinewelle","alternateName":"Mein Radio f\u00fcr S\u00fcdniedersachsen","url":"https:\/\/radioleinewelle.de\/","logo":{"@type":"ImageObject","inLanguage":"de","@id":"https:\/\/radioleinewelle.de\/#\/schema\/logo\/image\/","url":"https:\/\/radioleinewelle.de\/wp-content\/uploads\/2023\/11\/cropped-Leinewelle_Logo_weiss.png","contentUrl":"https:\/\/radioleinewelle.de\/wp-content\/uploads\/2023\/11\/cropped-Leinewelle_Logo_weiss.png","width":854,"height":260,"caption":"Radio Leinewelle"},"image":{"@id":"https:\/\/radioleinewelle.de\/#\/schema\/logo\/image\/"},"sameAs":["https:\/\/www.facebook.com\/radioleinewelle","https:\/\/x.com\/RLeinewelle","https:\/\/www.instagram.com\/radioleinewelle\/?hl=de"]},{"@type":"Person","@id":"https:\/\/radioleinewelle.de\/#\/schema\/person\/45606f348637df637192dc1b68399a63","name":"Leinewelle","image":{"@type":"ImageObject","inLanguage":"de","@id":"https:\/\/secure.gravatar.com\/avatar\/05c9a17bc973052ee5d91549bd32fb4dd0dc85b7b85ae94b2e2b4943476bbea5?s=96&d=blank&r=g","url":"https:\/\/secure.gravatar.com\/avatar\/05c9a17bc973052ee5d91549bd32fb4dd0dc85b7b85ae94b2e2b4943476bbea5?s=96&d=blank&r=g","contentUrl":"https:\/\/secure.gravatar.com\/avatar\/05c9a17bc973052ee5d91549bd32fb4dd0dc85b7b85ae94b2e2b4943476bbea5?s=96&d=blank&r=g","caption":"Leinewelle"},"sameAs":["http:\/\/localhost\/radio%20leinewelle\/wordpress","https:\/\/www.facebook.com\/radioleinewelle","https:\/\/www.instagram.com\/radioleinewelle","https:\/\/x.com\/https:\/\/twitter.com\/RLeinewelle?ref_src=twsrcgoogletwcampserptwgrauthor","https:\/\/soundcloud.com\/foerderverein-lokalradio?utm_source=clipboard&utm_medium=text&utm_campaign=social_sharing"],"url":"https:\/\/radioleinewelle.de\/index.php\/author\/leinewelle\/"}]}},"_links":{"self":[{"href":"https:\/\/radioleinewelle.de\/index.php\/wp-json\/wp\/v2\/posts\/17485","targetHints":{"allow":["GET"]}}],"collection":[{"href":"https:\/\/radioleinewelle.de\/index.php\/wp-json\/wp\/v2\/posts"}],"about":[{"href":"https:\/\/radioleinewelle.de\/index.php\/wp-json\/wp\/v2\/types\/post"}],"author":[{"embeddable":true,"href":"https:\/\/radioleinewelle.de\/index.php\/wp-json\/wp\/v2\/users\/1"}],"replies":[{"embeddable":true,"href":"https:\/\/radioleinewelle.de\/index.php\/wp-json\/wp\/v2\/comments?post=17485"}],"version-history":[{"count":0,"href":"https:\/\/radioleinewelle.de\/index.php\/wp-json\/wp\/v2\/posts\/17485\/revisions"}],"wp:featuredmedia":[{"embeddable":true,"href":"https:\/\/radioleinewelle.de\/index.php\/wp-json\/wp\/v2\/media\/17488"}],"wp:attachment":[{"href":"https:\/\/radioleinewelle.de\/index.php\/wp-json\/wp\/v2\/media?parent=17485"}],"wp:term":[{"taxonomy":"category","embeddable":true,"href":"https:\/\/radioleinewelle.de\/index.php\/wp-json\/wp\/v2\/categories?post=17485"},{"taxonomy":"post_tag","embeddable":true,"href":"https:\/\/radioleinewelle.de\/index.php\/wp-json\/wp\/v2\/tags?post=17485"}],"curies":[{"name":"wp","href":"https:\/\/api.w.org\/{rel}","templated":true}]}}