{"id":17520,"date":"2023-01-09T05:09:00","date_gmt":"2023-01-09T04:09:00","guid":{"rendered":"https:\/\/radioleinewelle.de\/?p=17520"},"modified":"2023-01-09T05:09:00","modified_gmt":"2023-01-09T04:09:00","slug":"goettingen-ab-montag-vollsperrungen-in-der-stresemannstr-und-im-nelkenwinkel","status":"publish","type":"post","link":"https:\/\/radioleinewelle.de\/index.php\/2023\/01\/09\/goettingen-ab-montag-vollsperrungen-in-der-stresemannstr-und-im-nelkenwinkel\/","title":{"rendered":"G\u00f6ttingen: ab heute Vollsperrungen in der Stresemannstr. und im Nelkenwinkel"},"content":{"rendered":"\n<p><strong>Im Rahmen des Fernw\u00e4rme-Netzausbaus der Stadtwerke G\u00f6ttingen in Richtung Nord-Westen kommt es in zwei Bauabschnitten zur Vollsperrung der Stresemannstra\u00dfe. Ab Montag, 9. Januar 2023, wird der erste Abschnitt ab Levinstra\u00dfe bis zu den Bahnschranken f\u00fcr etwa neun Wochen voll gesperrt.<\/strong><\/p>\n\n\n\n<p>Im Anschluss erfolgt f\u00fcr voraussichtlich weitere neun Wochen die komplette Sperrung der Stresemannstra\u00dfe ab den Bahnschranken bis vor die Kreuzung der Rudolf-Winkel-Stra\u00dfe.<\/p>\n\n\n\n<p>Auch der Nelkenwinkel wird in zwei Bauabschnitten voll gesperrt. Ab Leineradweg bis Rosenwinkel erfolgt die Sperrung ebenfalls ab dem 9. Januar 2023. F\u00fcr den zweiten Abschnitt wird ab dem Rosenwinkel bis zur Pfalz-Grona-Breite gesperrt. Die Bauzeit f\u00fcr beide Abschnitte ist mit 12 Wochen veranschlagt.<\/p>\n\n\n\n<p>Die Dauer der beiden Bauma\u00dfnahmen ist stark witterungsabh\u00e4ngig. Sowohl in der Stresemannstra\u00dfe als auch im Nelkenwinkel wurden die Anwohner \u00fcber Hauswurfmitteilungen informiert. Umleitungen sind entsprechend ausgeschildert.<\/p>\n","protected":false},"excerpt":{"rendered":"<p>Im Rahmen des Fernw\u00e4rme-Netzausbaus der Stadtwerke G\u00f6ttingen in Richtung Nord-Westen kommt es in zwei Bauabschnitten zur Vollsperrung der Stresemannstra\u00dfe. Ab Montag, 9. Januar 2023, wird der erste Abschnitt ab Levinstra\u00dfe bis zu den Bahnschranken f\u00fcr etwa neun Wochen voll gesperrt. Im Anschluss erfolgt f\u00fcr voraussichtlich weitere neun Wochen die komplette Sperrung der Stresemannstra\u00dfe ab den [&hellip;]<\/p>\n","protected":false},"author":1,"featured_media":16319,"comment_status":"closed","ping_status":"closed","sticky":false,"template":"","format":"standard","meta":{"saved_in_kubio":false,"footnotes":""},"categories":[1,31],"tags":[3761,3762,3763],"class_list":["post-17520","post","type-post","status-publish","format-standard","has-post-thumbnail","hentry","category-allgemein","category-bauen-verkehr","tag-nelkenwinkel","tag-stresemannstr","tag-vollsperrungen-goettingen"],"yoast_head":"<!-- This site is optimized with the Yoast SEO plugin v27.5 - https:\/\/yoast.com\/product\/yoast-seo-wordpress\/ -->\n<title>G\u00f6ttingen: ab heute Vollsperrungen in der Stresemannstr. und im Nelkenwinkel - Radio Leinewelle<\/title>\n<meta name=\"robots\" content=\"index, follow, max-snippet:-1, max-image-preview:large, max-video-preview:-1\" \/>\n<link rel=\"canonical\" href=\"https:\/\/radioleinewelle.de\/index.php\/2023\/01\/09\/goettingen-ab-montag-vollsperrungen-in-der-stresemannstr-und-im-nelkenwinkel\/\" \/>\n<meta property=\"og:locale\" content=\"de_DE\" \/>\n<meta property=\"og:type\" content=\"article\" \/>\n<meta property=\"og:title\" content=\"G\u00f6ttingen: ab heute Vollsperrungen in der Stresemannstr. und im Nelkenwinkel - Radio Leinewelle\" \/>\n<meta property=\"og:description\" content=\"Im Rahmen des Fernw\u00e4rme-Netzausbaus der Stadtwerke G\u00f6ttingen in Richtung Nord-Westen kommt es in zwei Bauabschnitten zur Vollsperrung der Stresemannstra\u00dfe. Ab Montag, 9. Januar 2023, wird der erste Abschnitt ab Levinstra\u00dfe bis zu den Bahnschranken f\u00fcr etwa neun Wochen voll gesperrt. Im Anschluss erfolgt f\u00fcr voraussichtlich weitere neun Wochen die komplette Sperrung der Stresemannstra\u00dfe ab den [&hellip;]\" \/>\n<meta property=\"og:url\" content=\"https:\/\/radioleinewelle.de\/index.php\/2023\/01\/09\/goettingen-ab-montag-vollsperrungen-in-der-stresemannstr-und-im-nelkenwinkel\/\" \/>\n<meta property=\"og:site_name\" content=\"Radio Leinewelle\" \/>\n<meta property=\"article:publisher\" content=\"https:\/\/www.facebook.com\/radioleinewelle\" \/>\n<meta property=\"article:author\" content=\"https:\/\/www.facebook.com\/radioleinewelle\" \/>\n<meta property=\"article:published_time\" content=\"2023-01-09T04:09:00+00:00\" \/>\n<meta property=\"og:image\" content=\"https:\/\/radioleinewelle.de\/wp-content\/uploads\/2022\/10\/construction-site-gace5bbfa7_640.jpg\" \/>\n\t<meta property=\"og:image:width\" content=\"640\" \/>\n\t<meta property=\"og:image:height\" content=\"427\" \/>\n\t<meta property=\"og:image:type\" content=\"image\/jpeg\" \/>\n<meta name=\"author\" content=\"Leinewelle\" \/>\n<meta name=\"twitter:card\" content=\"summary_large_image\" \/>\n<meta name=\"twitter:creator\" content=\"@https:\/\/twitter.com\/RLeinewelle?ref_src=twsrcgoogletwcampserptwgrauthor\" \/>\n<meta name=\"twitter:site\" content=\"@RLeinewelle\" \/>\n<meta name=\"twitter:label1\" content=\"Verfasst von\" \/>\n\t<meta name=\"twitter:data1\" content=\"Leinewelle\" \/>\n\t<meta name=\"twitter:label2\" content=\"Gesch\u00e4tzte Lesezeit\" \/>\n\t<meta name=\"twitter:data2\" content=\"1\u00a0Minute\" \/>\n<script type=\"application\/ld+json\" class=\"yoast-schema-graph\">{\"@context\":\"https:\\\/\\\/schema.org\",\"@graph\":[{\"@type\":\"Article\",\"@id\":\"https:\\\/\\\/radioleinewelle.de\\\/index.php\\\/2023\\\/01\\\/09\\\/goettingen-ab-montag-vollsperrungen-in-der-stresemannstr-und-im-nelkenwinkel\\\/#article\",\"isPartOf\":{\"@id\":\"https:\\\/\\\/radioleinewelle.de\\\/index.php\\\/2023\\\/01\\\/09\\\/goettingen-ab-montag-vollsperrungen-in-der-stresemannstr-und-im-nelkenwinkel\\\/\"},\"author\":{\"name\":\"Leinewelle\",\"@id\":\"https:\\\/\\\/radioleinewelle.de\\\/#\\\/schema\\\/person\\\/45606f348637df637192dc1b68399a63\"},\"headline\":\"G\u00f6ttingen: ab heute Vollsperrungen in der Stresemannstr. und im Nelkenwinkel\",\"datePublished\":\"2023-01-09T04:09:00+00:00\",\"mainEntityOfPage\":{\"@id\":\"https:\\\/\\\/radioleinewelle.de\\\/index.php\\\/2023\\\/01\\\/09\\\/goettingen-ab-montag-vollsperrungen-in-der-stresemannstr-und-im-nelkenwinkel\\\/\"},\"wordCount\":151,\"publisher\":{\"@id\":\"https:\\\/\\\/radioleinewelle.de\\\/#organization\"},\"image\":{\"@id\":\"https:\\\/\\\/radioleinewelle.de\\\/index.php\\\/2023\\\/01\\\/09\\\/goettingen-ab-montag-vollsperrungen-in-der-stresemannstr-und-im-nelkenwinkel\\\/#primaryimage\"},\"thumbnailUrl\":\"https:\\\/\\\/radioleinewelle.de\\\/wp-content\\\/uploads\\\/2022\\\/10\\\/construction-site-gace5bbfa7_640.jpg\",\"keywords\":[\"Nelkenwinkel\",\"Stresemannstr.\",\"Vollsperrungen G\u00f6ttingen\"],\"articleSection\":{\"1\":\"Bauen &amp; Verkehr\"},\"inLanguage\":\"de\"},{\"@type\":\"WebPage\",\"@id\":\"https:\\\/\\\/radioleinewelle.de\\\/index.php\\\/2023\\\/01\\\/09\\\/goettingen-ab-montag-vollsperrungen-in-der-stresemannstr-und-im-nelkenwinkel\\\/\",\"url\":\"https:\\\/\\\/radioleinewelle.de\\\/index.php\\\/2023\\\/01\\\/09\\\/goettingen-ab-montag-vollsperrungen-in-der-stresemannstr-und-im-nelkenwinkel\\\/\",\"name\":\"G\u00f6ttingen: ab heute Vollsperrungen in der Stresemannstr. und im Nelkenwinkel - Radio Leinewelle\",\"isPartOf\":{\"@id\":\"https:\\\/\\\/radioleinewelle.de\\\/#website\"},\"primaryImageOfPage\":{\"@id\":\"https:\\\/\\\/radioleinewelle.de\\\/index.php\\\/2023\\\/01\\\/09\\\/goettingen-ab-montag-vollsperrungen-in-der-stresemannstr-und-im-nelkenwinkel\\\/#primaryimage\"},\"image\":{\"@id\":\"https:\\\/\\\/radioleinewelle.de\\\/index.php\\\/2023\\\/01\\\/09\\\/goettingen-ab-montag-vollsperrungen-in-der-stresemannstr-und-im-nelkenwinkel\\\/#primaryimage\"},\"thumbnailUrl\":\"https:\\\/\\\/radioleinewelle.de\\\/wp-content\\\/uploads\\\/2022\\\/10\\\/construction-site-gace5bbfa7_640.jpg\",\"datePublished\":\"2023-01-09T04:09:00+00:00\",\"breadcrumb\":{\"@id\":\"https:\\\/\\\/radioleinewelle.de\\\/index.php\\\/2023\\\/01\\\/09\\\/goettingen-ab-montag-vollsperrungen-in-der-stresemannstr-und-im-nelkenwinkel\\\/#breadcrumb\"},\"inLanguage\":\"de\",\"potentialAction\":[{\"@type\":\"ReadAction\",\"target\":[\"https:\\\/\\\/radioleinewelle.de\\\/index.php\\\/2023\\\/01\\\/09\\\/goettingen-ab-montag-vollsperrungen-in-der-stresemannstr-und-im-nelkenwinkel\\\/\"]}]},{\"@type\":\"ImageObject\",\"inLanguage\":\"de\",\"@id\":\"https:\\\/\\\/radioleinewelle.de\\\/index.php\\\/2023\\\/01\\\/09\\\/goettingen-ab-montag-vollsperrungen-in-der-stresemannstr-und-im-nelkenwinkel\\\/#primaryimage\",\"url\":\"https:\\\/\\\/radioleinewelle.de\\\/wp-content\\\/uploads\\\/2022\\\/10\\\/construction-site-gace5bbfa7_640.jpg\",\"contentUrl\":\"https:\\\/\\\/radioleinewelle.de\\\/wp-content\\\/uploads\\\/2022\\\/10\\\/construction-site-gace5bbfa7_640.jpg\",\"width\":640,\"height\":427},{\"@type\":\"BreadcrumbList\",\"@id\":\"https:\\\/\\\/radioleinewelle.de\\\/index.php\\\/2023\\\/01\\\/09\\\/goettingen-ab-montag-vollsperrungen-in-der-stresemannstr-und-im-nelkenwinkel\\\/#breadcrumb\",\"itemListElement\":[{\"@type\":\"ListItem\",\"position\":1,\"name\":\"Startseite\",\"item\":\"https:\\\/\\\/radioleinewelle.de\\\/\"},{\"@type\":\"ListItem\",\"position\":2,\"name\":\"G\u00f6ttingen: ab heute Vollsperrungen in der Stresemannstr. und im Nelkenwinkel\"}]},{\"@type\":\"WebSite\",\"@id\":\"https:\\\/\\\/radioleinewelle.de\\\/#website\",\"url\":\"https:\\\/\\\/radioleinewelle.de\\\/\",\"name\":\"Radio Leinewelle\",\"description\":\"\",\"publisher\":{\"@id\":\"https:\\\/\\\/radioleinewelle.de\\\/#organization\"},\"potentialAction\":[{\"@type\":\"SearchAction\",\"target\":{\"@type\":\"EntryPoint\",\"urlTemplate\":\"https:\\\/\\\/radioleinewelle.de\\\/?s={search_term_string}\"},\"query-input\":{\"@type\":\"PropertyValueSpecification\",\"valueRequired\":true,\"valueName\":\"search_term_string\"}}],\"inLanguage\":\"de\"},{\"@type\":\"Organization\",\"@id\":\"https:\\\/\\\/radioleinewelle.de\\\/#organization\",\"name\":\"Radio Leinewelle\",\"alternateName\":\"Mein Radio f\u00fcr S\u00fcdniedersachsen\",\"url\":\"https:\\\/\\\/radioleinewelle.de\\\/\",\"logo\":{\"@type\":\"ImageObject\",\"inLanguage\":\"de\",\"@id\":\"https:\\\/\\\/radioleinewelle.de\\\/#\\\/schema\\\/logo\\\/image\\\/\",\"url\":\"https:\\\/\\\/radioleinewelle.de\\\/wp-content\\\/uploads\\\/2023\\\/11\\\/cropped-Leinewelle_Logo_weiss.png\",\"contentUrl\":\"https:\\\/\\\/radioleinewelle.de\\\/wp-content\\\/uploads\\\/2023\\\/11\\\/cropped-Leinewelle_Logo_weiss.png\",\"width\":854,\"height\":260,\"caption\":\"Radio Leinewelle\"},\"image\":{\"@id\":\"https:\\\/\\\/radioleinewelle.de\\\/#\\\/schema\\\/logo\\\/image\\\/\"},\"sameAs\":[\"https:\\\/\\\/www.facebook.com\\\/radioleinewelle\",\"https:\\\/\\\/x.com\\\/RLeinewelle\",\"https:\\\/\\\/www.instagram.com\\\/radioleinewelle\\\/?hl=de\"]},{\"@type\":\"Person\",\"@id\":\"https:\\\/\\\/radioleinewelle.de\\\/#\\\/schema\\\/person\\\/45606f348637df637192dc1b68399a63\",\"name\":\"Leinewelle\",\"image\":{\"@type\":\"ImageObject\",\"inLanguage\":\"de\",\"@id\":\"https:\\\/\\\/secure.gravatar.com\\\/avatar\\\/05c9a17bc973052ee5d91549bd32fb4dd0dc85b7b85ae94b2e2b4943476bbea5?s=96&d=blank&r=g\",\"url\":\"https:\\\/\\\/secure.gravatar.com\\\/avatar\\\/05c9a17bc973052ee5d91549bd32fb4dd0dc85b7b85ae94b2e2b4943476bbea5?s=96&d=blank&r=g\",\"contentUrl\":\"https:\\\/\\\/secure.gravatar.com\\\/avatar\\\/05c9a17bc973052ee5d91549bd32fb4dd0dc85b7b85ae94b2e2b4943476bbea5?s=96&d=blank&r=g\",\"caption\":\"Leinewelle\"},\"sameAs\":[\"http:\\\/\\\/localhost\\\/radio%20leinewelle\\\/wordpress\",\"https:\\\/\\\/www.facebook.com\\\/radioleinewelle\",\"https:\\\/\\\/www.instagram.com\\\/radioleinewelle\",\"https:\\\/\\\/x.com\\\/https:\\\/\\\/twitter.com\\\/RLeinewelle?ref_src=twsrcgoogletwcampserptwgrauthor\",\"https:\\\/\\\/soundcloud.com\\\/foerderverein-lokalradio?utm_source=clipboard&utm_medium=text&utm_campaign=social_sharing\"],\"url\":\"https:\\\/\\\/radioleinewelle.de\\\/index.php\\\/author\\\/leinewelle\\\/\"}]}<\/script>\n<!-- \/ Yoast SEO plugin. -->","yoast_head_json":{"title":"G\u00f6ttingen: ab heute Vollsperrungen in der Stresemannstr. und im Nelkenwinkel - Radio Leinewelle","robots":{"index":"index","follow":"follow","max-snippet":"max-snippet:-1","max-image-preview":"max-image-preview:large","max-video-preview":"max-video-preview:-1"},"canonical":"https:\/\/radioleinewelle.de\/index.php\/2023\/01\/09\/goettingen-ab-montag-vollsperrungen-in-der-stresemannstr-und-im-nelkenwinkel\/","og_locale":"de_DE","og_type":"article","og_title":"G\u00f6ttingen: ab heute Vollsperrungen in der Stresemannstr. und im Nelkenwinkel - Radio Leinewelle","og_description":"Im Rahmen des Fernw\u00e4rme-Netzausbaus der Stadtwerke G\u00f6ttingen in Richtung Nord-Westen kommt es in zwei Bauabschnitten zur Vollsperrung der Stresemannstra\u00dfe. Ab Montag, 9. Januar 2023, wird der erste Abschnitt ab Levinstra\u00dfe bis zu den Bahnschranken f\u00fcr etwa neun Wochen voll gesperrt. Im Anschluss erfolgt f\u00fcr voraussichtlich weitere neun Wochen die komplette Sperrung der Stresemannstra\u00dfe ab den [&hellip;]","og_url":"https:\/\/radioleinewelle.de\/index.php\/2023\/01\/09\/goettingen-ab-montag-vollsperrungen-in-der-stresemannstr-und-im-nelkenwinkel\/","og_site_name":"Radio Leinewelle","article_publisher":"https:\/\/www.facebook.com\/radioleinewelle","article_author":"https:\/\/www.facebook.com\/radioleinewelle","article_published_time":"2023-01-09T04:09:00+00:00","og_image":[{"width":640,"height":427,"url":"https:\/\/radioleinewelle.de\/wp-content\/uploads\/2022\/10\/construction-site-gace5bbfa7_640.jpg","type":"image\/jpeg"}],"author":"Leinewelle","twitter_card":"summary_large_image","twitter_creator":"@https:\/\/twitter.com\/RLeinewelle?ref_src=twsrcgoogletwcampserptwgrauthor","twitter_site":"@RLeinewelle","twitter_misc":{"Verfasst von":"Leinewelle","Gesch\u00e4tzte Lesezeit":"1\u00a0Minute"},"schema":{"@context":"https:\/\/schema.org","@graph":[{"@type":"Article","@id":"https:\/\/radioleinewelle.de\/index.php\/2023\/01\/09\/goettingen-ab-montag-vollsperrungen-in-der-stresemannstr-und-im-nelkenwinkel\/#article","isPartOf":{"@id":"https:\/\/radioleinewelle.de\/index.php\/2023\/01\/09\/goettingen-ab-montag-vollsperrungen-in-der-stresemannstr-und-im-nelkenwinkel\/"},"author":{"name":"Leinewelle","@id":"https:\/\/radioleinewelle.de\/#\/schema\/person\/45606f348637df637192dc1b68399a63"},"headline":"G\u00f6ttingen: ab heute Vollsperrungen in der Stresemannstr. und im Nelkenwinkel","datePublished":"2023-01-09T04:09:00+00:00","mainEntityOfPage":{"@id":"https:\/\/radioleinewelle.de\/index.php\/2023\/01\/09\/goettingen-ab-montag-vollsperrungen-in-der-stresemannstr-und-im-nelkenwinkel\/"},"wordCount":151,"publisher":{"@id":"https:\/\/radioleinewelle.de\/#organization"},"image":{"@id":"https:\/\/radioleinewelle.de\/index.php\/2023\/01\/09\/goettingen-ab-montag-vollsperrungen-in-der-stresemannstr-und-im-nelkenwinkel\/#primaryimage"},"thumbnailUrl":"https:\/\/radioleinewelle.de\/wp-content\/uploads\/2022\/10\/construction-site-gace5bbfa7_640.jpg","keywords":["Nelkenwinkel","Stresemannstr.","Vollsperrungen G\u00f6ttingen"],"articleSection":{"1":"Bauen &amp; Verkehr"},"inLanguage":"de"},{"@type":"WebPage","@id":"https:\/\/radioleinewelle.de\/index.php\/2023\/01\/09\/goettingen-ab-montag-vollsperrungen-in-der-stresemannstr-und-im-nelkenwinkel\/","url":"https:\/\/radioleinewelle.de\/index.php\/2023\/01\/09\/goettingen-ab-montag-vollsperrungen-in-der-stresemannstr-und-im-nelkenwinkel\/","name":"G\u00f6ttingen: ab heute Vollsperrungen in der Stresemannstr. und im Nelkenwinkel - Radio Leinewelle","isPartOf":{"@id":"https:\/\/radioleinewelle.de\/#website"},"primaryImageOfPage":{"@id":"https:\/\/radioleinewelle.de\/index.php\/2023\/01\/09\/goettingen-ab-montag-vollsperrungen-in-der-stresemannstr-und-im-nelkenwinkel\/#primaryimage"},"image":{"@id":"https:\/\/radioleinewelle.de\/index.php\/2023\/01\/09\/goettingen-ab-montag-vollsperrungen-in-der-stresemannstr-und-im-nelkenwinkel\/#primaryimage"},"thumbnailUrl":"https:\/\/radioleinewelle.de\/wp-content\/uploads\/2022\/10\/construction-site-gace5bbfa7_640.jpg","datePublished":"2023-01-09T04:09:00+00:00","breadcrumb":{"@id":"https:\/\/radioleinewelle.de\/index.php\/2023\/01\/09\/goettingen-ab-montag-vollsperrungen-in-der-stresemannstr-und-im-nelkenwinkel\/#breadcrumb"},"inLanguage":"de","potentialAction":[{"@type":"ReadAction","target":["https:\/\/radioleinewelle.de\/index.php\/2023\/01\/09\/goettingen-ab-montag-vollsperrungen-in-der-stresemannstr-und-im-nelkenwinkel\/"]}]},{"@type":"ImageObject","inLanguage":"de","@id":"https:\/\/radioleinewelle.de\/index.php\/2023\/01\/09\/goettingen-ab-montag-vollsperrungen-in-der-stresemannstr-und-im-nelkenwinkel\/#primaryimage","url":"https:\/\/radioleinewelle.de\/wp-content\/uploads\/2022\/10\/construction-site-gace5bbfa7_640.jpg","contentUrl":"https:\/\/radioleinewelle.de\/wp-content\/uploads\/2022\/10\/construction-site-gace5bbfa7_640.jpg","width":640,"height":427},{"@type":"BreadcrumbList","@id":"https:\/\/radioleinewelle.de\/index.php\/2023\/01\/09\/goettingen-ab-montag-vollsperrungen-in-der-stresemannstr-und-im-nelkenwinkel\/#breadcrumb","itemListElement":[{"@type":"ListItem","position":1,"name":"Startseite","item":"https:\/\/radioleinewelle.de\/"},{"@type":"ListItem","position":2,"name":"G\u00f6ttingen: ab heute Vollsperrungen in der Stresemannstr. und im Nelkenwinkel"}]},{"@type":"WebSite","@id":"https:\/\/radioleinewelle.de\/#website","url":"https:\/\/radioleinewelle.de\/","name":"Radio Leinewelle","description":"","publisher":{"@id":"https:\/\/radioleinewelle.de\/#organization"},"potentialAction":[{"@type":"SearchAction","target":{"@type":"EntryPoint","urlTemplate":"https:\/\/radioleinewelle.de\/?s={search_term_string}"},"query-input":{"@type":"PropertyValueSpecification","valueRequired":true,"valueName":"search_term_string"}}],"inLanguage":"de"},{"@type":"Organization","@id":"https:\/\/radioleinewelle.de\/#organization","name":"Radio Leinewelle","alternateName":"Mein Radio f\u00fcr S\u00fcdniedersachsen","url":"https:\/\/radioleinewelle.de\/","logo":{"@type":"ImageObject","inLanguage":"de","@id":"https:\/\/radioleinewelle.de\/#\/schema\/logo\/image\/","url":"https:\/\/radioleinewelle.de\/wp-content\/uploads\/2023\/11\/cropped-Leinewelle_Logo_weiss.png","contentUrl":"https:\/\/radioleinewelle.de\/wp-content\/uploads\/2023\/11\/cropped-Leinewelle_Logo_weiss.png","width":854,"height":260,"caption":"Radio Leinewelle"},"image":{"@id":"https:\/\/radioleinewelle.de\/#\/schema\/logo\/image\/"},"sameAs":["https:\/\/www.facebook.com\/radioleinewelle","https:\/\/x.com\/RLeinewelle","https:\/\/www.instagram.com\/radioleinewelle\/?hl=de"]},{"@type":"Person","@id":"https:\/\/radioleinewelle.de\/#\/schema\/person\/45606f348637df637192dc1b68399a63","name":"Leinewelle","image":{"@type":"ImageObject","inLanguage":"de","@id":"https:\/\/secure.gravatar.com\/avatar\/05c9a17bc973052ee5d91549bd32fb4dd0dc85b7b85ae94b2e2b4943476bbea5?s=96&d=blank&r=g","url":"https:\/\/secure.gravatar.com\/avatar\/05c9a17bc973052ee5d91549bd32fb4dd0dc85b7b85ae94b2e2b4943476bbea5?s=96&d=blank&r=g","contentUrl":"https:\/\/secure.gravatar.com\/avatar\/05c9a17bc973052ee5d91549bd32fb4dd0dc85b7b85ae94b2e2b4943476bbea5?s=96&d=blank&r=g","caption":"Leinewelle"},"sameAs":["http:\/\/localhost\/radio%20leinewelle\/wordpress","https:\/\/www.facebook.com\/radioleinewelle","https:\/\/www.instagram.com\/radioleinewelle","https:\/\/x.com\/https:\/\/twitter.com\/RLeinewelle?ref_src=twsrcgoogletwcampserptwgrauthor","https:\/\/soundcloud.com\/foerderverein-lokalradio?utm_source=clipboard&utm_medium=text&utm_campaign=social_sharing"],"url":"https:\/\/radioleinewelle.de\/index.php\/author\/leinewelle\/"}]}},"_links":{"self":[{"href":"https:\/\/radioleinewelle.de\/index.php\/wp-json\/wp\/v2\/posts\/17520","targetHints":{"allow":["GET"]}}],"collection":[{"href":"https:\/\/radioleinewelle.de\/index.php\/wp-json\/wp\/v2\/posts"}],"about":[{"href":"https:\/\/radioleinewelle.de\/index.php\/wp-json\/wp\/v2\/types\/post"}],"author":[{"embeddable":true,"href":"https:\/\/radioleinewelle.de\/index.php\/wp-json\/wp\/v2\/users\/1"}],"replies":[{"embeddable":true,"href":"https:\/\/radioleinewelle.de\/index.php\/wp-json\/wp\/v2\/comments?post=17520"}],"version-history":[{"count":0,"href":"https:\/\/radioleinewelle.de\/index.php\/wp-json\/wp\/v2\/posts\/17520\/revisions"}],"wp:featuredmedia":[{"embeddable":true,"href":"https:\/\/radioleinewelle.de\/index.php\/wp-json\/wp\/v2\/media\/16319"}],"wp:attachment":[{"href":"https:\/\/radioleinewelle.de\/index.php\/wp-json\/wp\/v2\/media?parent=17520"}],"wp:term":[{"taxonomy":"category","embeddable":true,"href":"https:\/\/radioleinewelle.de\/index.php\/wp-json\/wp\/v2\/categories?post=17520"},{"taxonomy":"post_tag","embeddable":true,"href":"https:\/\/radioleinewelle.de\/index.php\/wp-json\/wp\/v2\/tags?post=17520"}],"curies":[{"name":"wp","href":"https:\/\/api.w.org\/{rel}","templated":true}]}}