{"id":17527,"date":"2023-01-08T05:59:00","date_gmt":"2023-01-08T04:59:00","guid":{"rendered":"https:\/\/radioleinewelle.de\/?p=17527"},"modified":"2023-01-08T05:59:00","modified_gmt":"2023-01-08T04:59:00","slug":"verbraucherzentrale-informiert-zu-rundfunkbeitrag","status":"publish","type":"post","link":"https:\/\/radioleinewelle.de\/index.php\/2023\/01\/08\/verbraucherzentrale-informiert-zu-rundfunkbeitrag\/","title":{"rendered":"Verbraucherzentrale informiert zu Rundfunkbeitrag"},"content":{"rendered":"\n<p><strong>Seit dem 6. November 2022 gleicht der Beitragsservice bundesweit seine Bestandsdaten mit denen der Einwohnermelde\u00e4mter ab. Vollj\u00e4hrige Personen, die sich dabei keiner angemeldeten Wohnung zuordnen lassen, bekommen vom Beitragsservice voraussichtlich ab dem 10. Januar 2023 eine Benachrichtigung per Post.<\/strong>&nbsp;<strong>Wer solch ein Schreiben erh\u00e4lt, sollte in jedem Fall reagieren. Die Verbraucherzentrale Niedersachsen informiert, was dabei zu beachten ist.<\/strong><\/p>\n\n\n\n<p>Grunds\u00e4tzlich muss jeder Haushalt den Rundfunkbeitrag zahlen.&nbsp;Doch nicht alle Wohnungsinhaberinnen und -inhaber sind mit ihren Wohnungen beim Beitragsservice angemeldet, weshalb im vergangenen Jahr der bundesweite Meldedatenabgleich startete.&nbsp;Dies ist ein gesetzlich festgelegtes Verfahren, bei dem der Beitragsservice alle vier Jahre seinen Datenbestand pr\u00fcft. Auf Grundlage dieses Abgleichs benachrichtigt der Beitragsservice nun schrittweise alle unangemeldeten Personen ab 18 Jahren und fragt nach, ob eine Anmeldung notwendig ist. \u201eWer ab dem 10. Januar ein Schreiben des Beitragsservice im Postkasten findet, hat in der Regel zwei Wochen Zeit, darauf zu antworten\u201c, erkl\u00e4rt Tim Oliver Tettinger, Rechtsexperte der Verbraucherzentrale Niedersachsen und f\u00fchrt aus: \u201eBezahlt bereits eine Person im Haushalt den Rundfunkbeitrag, m\u00fcssen Verbraucherinnen und Verbraucher dem Beitragsservice lediglich den Namen der angemeldeten Person und die Beitragsnummer nennen.\u201c Eine R\u00fcckmeldung ist in jedem Fall zu empfehlen, denn: Reagieren Empf\u00e4ngerinnen und Empf\u00e4nger auch nach einer Erinnerung durch den Beitragsservice nicht auf das Schreiben, kommt es zur automatischen Anmeldung und letztlich zu einer Zahlungsaufforderung.&nbsp;<\/p>\n\n\n\n<p><strong>Beitragsservice kann r\u00fcckwirkend Beitrag einfordern<\/strong><\/p>\n\n\n\n<p>Steht fest, dass die Wohnung bislang auf niemanden angemeldet war, muss dies nachgeholt werden. Hierf\u00fcr teilen Verbraucherinnen und Verbraucher dem Beitragsservice das Einzugsdatum mit \u2013 entweder \u00fcber das Online-Formular oder mithilfe des Antwortbogens, das dem Schreiben beiliegt. Dieses Datum ist sodann Ausgangspunkt f\u00fcr die nachtr\u00e4gliche Berechnung des Rundfunkbeitrags. Da der letzte Meldedatenabgleich 2018\/19 stattfand, ist der 1. Januar 2020 der Stichtag, ab dem die Beitr\u00e4ge fr\u00fchestens r\u00fcckwirkend eingefordert werden k\u00f6nnen. \u201eWer in der zur\u00fcckliegenden Zeit beispielsweise BAf\u00f6G oder Grundsicherung erhalten hat oder aus gesundheitlichen Gr\u00fcnden ein Anspruch auf Befreiung oder Erm\u00e4\u00dfigung hat, kann das noch f\u00fcr bis zu drei Jahre r\u00fcckwirkend geltend machen\u201c, erkl\u00e4rt Tettinger. Betroffene m\u00fcssten daf\u00fcr einen schriftlichen Antrag stellen und die entsprechenden Nachweise beim Beitragsservice einreichen. Gleiches gilt, wenn Personen aktuell einen Anspruch auf Erm\u00e4\u00dfigung oder Befreiung haben und diesen jetzt geltend machen wollen.&nbsp;<\/p>\n\n\n\n<p>Bei Fragen hilft die kostenlose&nbsp;<a href=\"https:\/\/www.verbraucherzentrale-niedersachsen.de\/themen\/rundfunkbeitrag#beratungsangebot\" target=\"_blank\" rel=\"noreferrer noopener\">Rundfunkbeitragsberatung<\/a>&nbsp;am Dienstag und Freitag von 10:00 bis 14:00 Uhr \u2013 telefonisch unter (05 51) 2 93 41 48 oder per E-Mail an&nbsp;<a href=\"mailto:rundfunkbeitrag@vzniedersachsen.de\">rundfunkbeitrag@vzniedersachsen.de<\/a>.<\/p>\n\n\n\n<p>Symbolbild von <a href=\"http:\/\/Bild von &lt;a href=&quot;https:\/\/pixabay.com\/de\/users\/viarami-13458823\/?utm_source=link-attribution&amp;utm_medium=referral&amp;utm_campaign=image&amp;utm_content=5282000&quot;&gt;Markus Winkler&lt;\/a&gt; auf &lt;a href=&quot;https:\/\/pixabay.com\/de\/\/?utm_source=link-attribution&amp;utm_medium=referral&amp;utm_campaign=image&amp;utm_content=5282000&quot;&gt;Pixabay&lt;\/a&gt;\">Pixabay<\/a><\/p>\n","protected":false},"excerpt":{"rendered":"<p>Seit dem 6. November 2022 gleicht der Beitragsservice bundesweit seine Bestandsdaten mit denen der Einwohnermelde\u00e4mter ab. Vollj\u00e4hrige Personen, die sich dabei keiner angemeldeten Wohnung zuordnen lassen, bekommen vom Beitragsservice voraussichtlich ab dem 10. Januar 2023 eine Benachrichtigung per Post.&nbsp;Wer solch ein Schreiben erh\u00e4lt, sollte in jedem Fall reagieren. Die Verbraucherzentrale Niedersachsen informiert, was dabei zu [&hellip;]<\/p>\n","protected":false},"author":1,"featured_media":17528,"comment_status":"closed","ping_status":"closed","sticky":false,"template":"","format":"standard","meta":{"saved_in_kubio":false,"footnotes":""},"categories":[55],"tags":[3766,3767,157],"class_list":["post-17527","post","type-post","status-publish","format-standard","has-post-thumbnail","hentry","category-verbrauchertipps","tag-beitragsservice","tag-rundfunkbeitrag","tag-verbraucherzentrale-niedersachsen"],"yoast_head":"<!-- This site is optimized with the Yoast SEO plugin v27.5 - https:\/\/yoast.com\/product\/yoast-seo-wordpress\/ -->\n<title>Verbraucherzentrale informiert zu Rundfunkbeitrag - Radio Leinewelle<\/title>\n<meta name=\"robots\" content=\"index, follow, max-snippet:-1, max-image-preview:large, max-video-preview:-1\" \/>\n<link rel=\"canonical\" href=\"https:\/\/radioleinewelle.de\/index.php\/2023\/01\/08\/verbraucherzentrale-informiert-zu-rundfunkbeitrag\/\" \/>\n<meta property=\"og:locale\" content=\"de_DE\" \/>\n<meta property=\"og:type\" content=\"article\" \/>\n<meta property=\"og:title\" content=\"Verbraucherzentrale informiert zu Rundfunkbeitrag - Radio Leinewelle\" \/>\n<meta property=\"og:description\" content=\"Seit dem 6. November 2022 gleicht der Beitragsservice bundesweit seine Bestandsdaten mit denen der Einwohnermelde\u00e4mter ab. Vollj\u00e4hrige Personen, die sich dabei keiner angemeldeten Wohnung zuordnen lassen, bekommen vom Beitragsservice voraussichtlich ab dem 10. Januar 2023 eine Benachrichtigung per Post.&nbsp;Wer solch ein Schreiben erh\u00e4lt, sollte in jedem Fall reagieren. Die Verbraucherzentrale Niedersachsen informiert, was dabei zu [&hellip;]\" \/>\n<meta property=\"og:url\" content=\"https:\/\/radioleinewelle.de\/index.php\/2023\/01\/08\/verbraucherzentrale-informiert-zu-rundfunkbeitrag\/\" \/>\n<meta property=\"og:site_name\" content=\"Radio Leinewelle\" \/>\n<meta property=\"article:publisher\" content=\"https:\/\/www.facebook.com\/radioleinewelle\" \/>\n<meta property=\"article:author\" content=\"https:\/\/www.facebook.com\/radioleinewelle\" \/>\n<meta property=\"article:published_time\" content=\"2023-01-08T04:59:00+00:00\" \/>\n<meta property=\"og:image\" content=\"https:\/\/radioleinewelle.de\/wp-content\/uploads\/2023\/01\/mockup-g442058592_640.jpg\" \/>\n\t<meta property=\"og:image:width\" content=\"640\" \/>\n\t<meta property=\"og:image:height\" content=\"414\" \/>\n\t<meta property=\"og:image:type\" content=\"image\/jpeg\" \/>\n<meta name=\"author\" content=\"Leinewelle\" \/>\n<meta name=\"twitter:card\" content=\"summary_large_image\" \/>\n<meta name=\"twitter:creator\" content=\"@https:\/\/twitter.com\/RLeinewelle?ref_src=twsrcgoogletwcampserptwgrauthor\" \/>\n<meta name=\"twitter:site\" content=\"@RLeinewelle\" \/>\n<meta name=\"twitter:label1\" content=\"Verfasst von\" \/>\n\t<meta name=\"twitter:data1\" content=\"Leinewelle\" \/>\n<script type=\"application\/ld+json\" class=\"yoast-schema-graph\">{\"@context\":\"https:\\\/\\\/schema.org\",\"@graph\":[{\"@type\":\"Article\",\"@id\":\"https:\\\/\\\/radioleinewelle.de\\\/index.php\\\/2023\\\/01\\\/08\\\/verbraucherzentrale-informiert-zu-rundfunkbeitrag\\\/#article\",\"isPartOf\":{\"@id\":\"https:\\\/\\\/radioleinewelle.de\\\/index.php\\\/2023\\\/01\\\/08\\\/verbraucherzentrale-informiert-zu-rundfunkbeitrag\\\/\"},\"author\":{\"name\":\"Leinewelle\",\"@id\":\"https:\\\/\\\/radioleinewelle.de\\\/#\\\/schema\\\/person\\\/45606f348637df637192dc1b68399a63\"},\"headline\":\"Verbraucherzentrale informiert zu Rundfunkbeitrag\",\"datePublished\":\"2023-01-08T04:59:00+00:00\",\"mainEntityOfPage\":{\"@id\":\"https:\\\/\\\/radioleinewelle.de\\\/index.php\\\/2023\\\/01\\\/08\\\/verbraucherzentrale-informiert-zu-rundfunkbeitrag\\\/\"},\"wordCount\":414,\"publisher\":{\"@id\":\"https:\\\/\\\/radioleinewelle.de\\\/#organization\"},\"image\":{\"@id\":\"https:\\\/\\\/radioleinewelle.de\\\/index.php\\\/2023\\\/01\\\/08\\\/verbraucherzentrale-informiert-zu-rundfunkbeitrag\\\/#primaryimage\"},\"thumbnailUrl\":\"https:\\\/\\\/radioleinewelle.de\\\/wp-content\\\/uploads\\\/2023\\\/01\\\/mockup-g442058592_640.jpg\",\"keywords\":[\"Beitragsservice\",\"Rundfunkbeitrag\",\"Verbraucherzentrale Niedersachsen\"],\"articleSection\":[\"Verbrauchertipps\"],\"inLanguage\":\"de\"},{\"@type\":\"WebPage\",\"@id\":\"https:\\\/\\\/radioleinewelle.de\\\/index.php\\\/2023\\\/01\\\/08\\\/verbraucherzentrale-informiert-zu-rundfunkbeitrag\\\/\",\"url\":\"https:\\\/\\\/radioleinewelle.de\\\/index.php\\\/2023\\\/01\\\/08\\\/verbraucherzentrale-informiert-zu-rundfunkbeitrag\\\/\",\"name\":\"Verbraucherzentrale informiert zu Rundfunkbeitrag - Radio Leinewelle\",\"isPartOf\":{\"@id\":\"https:\\\/\\\/radioleinewelle.de\\\/#website\"},\"primaryImageOfPage\":{\"@id\":\"https:\\\/\\\/radioleinewelle.de\\\/index.php\\\/2023\\\/01\\\/08\\\/verbraucherzentrale-informiert-zu-rundfunkbeitrag\\\/#primaryimage\"},\"image\":{\"@id\":\"https:\\\/\\\/radioleinewelle.de\\\/index.php\\\/2023\\\/01\\\/08\\\/verbraucherzentrale-informiert-zu-rundfunkbeitrag\\\/#primaryimage\"},\"thumbnailUrl\":\"https:\\\/\\\/radioleinewelle.de\\\/wp-content\\\/uploads\\\/2023\\\/01\\\/mockup-g442058592_640.jpg\",\"datePublished\":\"2023-01-08T04:59:00+00:00\",\"breadcrumb\":{\"@id\":\"https:\\\/\\\/radioleinewelle.de\\\/index.php\\\/2023\\\/01\\\/08\\\/verbraucherzentrale-informiert-zu-rundfunkbeitrag\\\/#breadcrumb\"},\"inLanguage\":\"de\",\"potentialAction\":[{\"@type\":\"ReadAction\",\"target\":[\"https:\\\/\\\/radioleinewelle.de\\\/index.php\\\/2023\\\/01\\\/08\\\/verbraucherzentrale-informiert-zu-rundfunkbeitrag\\\/\"]}]},{\"@type\":\"ImageObject\",\"inLanguage\":\"de\",\"@id\":\"https:\\\/\\\/radioleinewelle.de\\\/index.php\\\/2023\\\/01\\\/08\\\/verbraucherzentrale-informiert-zu-rundfunkbeitrag\\\/#primaryimage\",\"url\":\"https:\\\/\\\/radioleinewelle.de\\\/wp-content\\\/uploads\\\/2023\\\/01\\\/mockup-g442058592_640.jpg\",\"contentUrl\":\"https:\\\/\\\/radioleinewelle.de\\\/wp-content\\\/uploads\\\/2023\\\/01\\\/mockup-g442058592_640.jpg\",\"width\":640,\"height\":414},{\"@type\":\"BreadcrumbList\",\"@id\":\"https:\\\/\\\/radioleinewelle.de\\\/index.php\\\/2023\\\/01\\\/08\\\/verbraucherzentrale-informiert-zu-rundfunkbeitrag\\\/#breadcrumb\",\"itemListElement\":[{\"@type\":\"ListItem\",\"position\":1,\"name\":\"Startseite\",\"item\":\"https:\\\/\\\/radioleinewelle.de\\\/\"},{\"@type\":\"ListItem\",\"position\":2,\"name\":\"Verbraucherzentrale informiert zu Rundfunkbeitrag\"}]},{\"@type\":\"WebSite\",\"@id\":\"https:\\\/\\\/radioleinewelle.de\\\/#website\",\"url\":\"https:\\\/\\\/radioleinewelle.de\\\/\",\"name\":\"Radio Leinewelle\",\"description\":\"\",\"publisher\":{\"@id\":\"https:\\\/\\\/radioleinewelle.de\\\/#organization\"},\"potentialAction\":[{\"@type\":\"SearchAction\",\"target\":{\"@type\":\"EntryPoint\",\"urlTemplate\":\"https:\\\/\\\/radioleinewelle.de\\\/?s={search_term_string}\"},\"query-input\":{\"@type\":\"PropertyValueSpecification\",\"valueRequired\":true,\"valueName\":\"search_term_string\"}}],\"inLanguage\":\"de\"},{\"@type\":\"Organization\",\"@id\":\"https:\\\/\\\/radioleinewelle.de\\\/#organization\",\"name\":\"Radio Leinewelle\",\"alternateName\":\"Mein Radio f\u00fcr S\u00fcdniedersachsen\",\"url\":\"https:\\\/\\\/radioleinewelle.de\\\/\",\"logo\":{\"@type\":\"ImageObject\",\"inLanguage\":\"de\",\"@id\":\"https:\\\/\\\/radioleinewelle.de\\\/#\\\/schema\\\/logo\\\/image\\\/\",\"url\":\"https:\\\/\\\/radioleinewelle.de\\\/wp-content\\\/uploads\\\/2023\\\/11\\\/cropped-Leinewelle_Logo_weiss.png\",\"contentUrl\":\"https:\\\/\\\/radioleinewelle.de\\\/wp-content\\\/uploads\\\/2023\\\/11\\\/cropped-Leinewelle_Logo_weiss.png\",\"width\":854,\"height\":260,\"caption\":\"Radio Leinewelle\"},\"image\":{\"@id\":\"https:\\\/\\\/radioleinewelle.de\\\/#\\\/schema\\\/logo\\\/image\\\/\"},\"sameAs\":[\"https:\\\/\\\/www.facebook.com\\\/radioleinewelle\",\"https:\\\/\\\/x.com\\\/RLeinewelle\",\"https:\\\/\\\/www.instagram.com\\\/radioleinewelle\\\/?hl=de\"]},{\"@type\":\"Person\",\"@id\":\"https:\\\/\\\/radioleinewelle.de\\\/#\\\/schema\\\/person\\\/45606f348637df637192dc1b68399a63\",\"name\":\"Leinewelle\",\"image\":{\"@type\":\"ImageObject\",\"inLanguage\":\"de\",\"@id\":\"https:\\\/\\\/secure.gravatar.com\\\/avatar\\\/05c9a17bc973052ee5d91549bd32fb4dd0dc85b7b85ae94b2e2b4943476bbea5?s=96&d=blank&r=g\",\"url\":\"https:\\\/\\\/secure.gravatar.com\\\/avatar\\\/05c9a17bc973052ee5d91549bd32fb4dd0dc85b7b85ae94b2e2b4943476bbea5?s=96&d=blank&r=g\",\"contentUrl\":\"https:\\\/\\\/secure.gravatar.com\\\/avatar\\\/05c9a17bc973052ee5d91549bd32fb4dd0dc85b7b85ae94b2e2b4943476bbea5?s=96&d=blank&r=g\",\"caption\":\"Leinewelle\"},\"sameAs\":[\"http:\\\/\\\/localhost\\\/radio%20leinewelle\\\/wordpress\",\"https:\\\/\\\/www.facebook.com\\\/radioleinewelle\",\"https:\\\/\\\/www.instagram.com\\\/radioleinewelle\",\"https:\\\/\\\/x.com\\\/https:\\\/\\\/twitter.com\\\/RLeinewelle?ref_src=twsrcgoogletwcampserptwgrauthor\",\"https:\\\/\\\/soundcloud.com\\\/foerderverein-lokalradio?utm_source=clipboard&utm_medium=text&utm_campaign=social_sharing\"],\"url\":\"https:\\\/\\\/radioleinewelle.de\\\/index.php\\\/author\\\/leinewelle\\\/\"}]}<\/script>\n<!-- \/ Yoast SEO plugin. -->","yoast_head_json":{"title":"Verbraucherzentrale informiert zu Rundfunkbeitrag - Radio Leinewelle","robots":{"index":"index","follow":"follow","max-snippet":"max-snippet:-1","max-image-preview":"max-image-preview:large","max-video-preview":"max-video-preview:-1"},"canonical":"https:\/\/radioleinewelle.de\/index.php\/2023\/01\/08\/verbraucherzentrale-informiert-zu-rundfunkbeitrag\/","og_locale":"de_DE","og_type":"article","og_title":"Verbraucherzentrale informiert zu Rundfunkbeitrag - Radio Leinewelle","og_description":"Seit dem 6. November 2022 gleicht der Beitragsservice bundesweit seine Bestandsdaten mit denen der Einwohnermelde\u00e4mter ab. Vollj\u00e4hrige Personen, die sich dabei keiner angemeldeten Wohnung zuordnen lassen, bekommen vom Beitragsservice voraussichtlich ab dem 10. Januar 2023 eine Benachrichtigung per Post.&nbsp;Wer solch ein Schreiben erh\u00e4lt, sollte in jedem Fall reagieren. Die Verbraucherzentrale Niedersachsen informiert, was dabei zu [&hellip;]","og_url":"https:\/\/radioleinewelle.de\/index.php\/2023\/01\/08\/verbraucherzentrale-informiert-zu-rundfunkbeitrag\/","og_site_name":"Radio Leinewelle","article_publisher":"https:\/\/www.facebook.com\/radioleinewelle","article_author":"https:\/\/www.facebook.com\/radioleinewelle","article_published_time":"2023-01-08T04:59:00+00:00","og_image":[{"width":640,"height":414,"url":"https:\/\/radioleinewelle.de\/wp-content\/uploads\/2023\/01\/mockup-g442058592_640.jpg","type":"image\/jpeg"}],"author":"Leinewelle","twitter_card":"summary_large_image","twitter_creator":"@https:\/\/twitter.com\/RLeinewelle?ref_src=twsrcgoogletwcampserptwgrauthor","twitter_site":"@RLeinewelle","twitter_misc":{"Verfasst von":"Leinewelle"},"schema":{"@context":"https:\/\/schema.org","@graph":[{"@type":"Article","@id":"https:\/\/radioleinewelle.de\/index.php\/2023\/01\/08\/verbraucherzentrale-informiert-zu-rundfunkbeitrag\/#article","isPartOf":{"@id":"https:\/\/radioleinewelle.de\/index.php\/2023\/01\/08\/verbraucherzentrale-informiert-zu-rundfunkbeitrag\/"},"author":{"name":"Leinewelle","@id":"https:\/\/radioleinewelle.de\/#\/schema\/person\/45606f348637df637192dc1b68399a63"},"headline":"Verbraucherzentrale informiert zu Rundfunkbeitrag","datePublished":"2023-01-08T04:59:00+00:00","mainEntityOfPage":{"@id":"https:\/\/radioleinewelle.de\/index.php\/2023\/01\/08\/verbraucherzentrale-informiert-zu-rundfunkbeitrag\/"},"wordCount":414,"publisher":{"@id":"https:\/\/radioleinewelle.de\/#organization"},"image":{"@id":"https:\/\/radioleinewelle.de\/index.php\/2023\/01\/08\/verbraucherzentrale-informiert-zu-rundfunkbeitrag\/#primaryimage"},"thumbnailUrl":"https:\/\/radioleinewelle.de\/wp-content\/uploads\/2023\/01\/mockup-g442058592_640.jpg","keywords":["Beitragsservice","Rundfunkbeitrag","Verbraucherzentrale Niedersachsen"],"articleSection":["Verbrauchertipps"],"inLanguage":"de"},{"@type":"WebPage","@id":"https:\/\/radioleinewelle.de\/index.php\/2023\/01\/08\/verbraucherzentrale-informiert-zu-rundfunkbeitrag\/","url":"https:\/\/radioleinewelle.de\/index.php\/2023\/01\/08\/verbraucherzentrale-informiert-zu-rundfunkbeitrag\/","name":"Verbraucherzentrale informiert zu Rundfunkbeitrag - Radio Leinewelle","isPartOf":{"@id":"https:\/\/radioleinewelle.de\/#website"},"primaryImageOfPage":{"@id":"https:\/\/radioleinewelle.de\/index.php\/2023\/01\/08\/verbraucherzentrale-informiert-zu-rundfunkbeitrag\/#primaryimage"},"image":{"@id":"https:\/\/radioleinewelle.de\/index.php\/2023\/01\/08\/verbraucherzentrale-informiert-zu-rundfunkbeitrag\/#primaryimage"},"thumbnailUrl":"https:\/\/radioleinewelle.de\/wp-content\/uploads\/2023\/01\/mockup-g442058592_640.jpg","datePublished":"2023-01-08T04:59:00+00:00","breadcrumb":{"@id":"https:\/\/radioleinewelle.de\/index.php\/2023\/01\/08\/verbraucherzentrale-informiert-zu-rundfunkbeitrag\/#breadcrumb"},"inLanguage":"de","potentialAction":[{"@type":"ReadAction","target":["https:\/\/radioleinewelle.de\/index.php\/2023\/01\/08\/verbraucherzentrale-informiert-zu-rundfunkbeitrag\/"]}]},{"@type":"ImageObject","inLanguage":"de","@id":"https:\/\/radioleinewelle.de\/index.php\/2023\/01\/08\/verbraucherzentrale-informiert-zu-rundfunkbeitrag\/#primaryimage","url":"https:\/\/radioleinewelle.de\/wp-content\/uploads\/2023\/01\/mockup-g442058592_640.jpg","contentUrl":"https:\/\/radioleinewelle.de\/wp-content\/uploads\/2023\/01\/mockup-g442058592_640.jpg","width":640,"height":414},{"@type":"BreadcrumbList","@id":"https:\/\/radioleinewelle.de\/index.php\/2023\/01\/08\/verbraucherzentrale-informiert-zu-rundfunkbeitrag\/#breadcrumb","itemListElement":[{"@type":"ListItem","position":1,"name":"Startseite","item":"https:\/\/radioleinewelle.de\/"},{"@type":"ListItem","position":2,"name":"Verbraucherzentrale informiert zu Rundfunkbeitrag"}]},{"@type":"WebSite","@id":"https:\/\/radioleinewelle.de\/#website","url":"https:\/\/radioleinewelle.de\/","name":"Radio Leinewelle","description":"","publisher":{"@id":"https:\/\/radioleinewelle.de\/#organization"},"potentialAction":[{"@type":"SearchAction","target":{"@type":"EntryPoint","urlTemplate":"https:\/\/radioleinewelle.de\/?s={search_term_string}"},"query-input":{"@type":"PropertyValueSpecification","valueRequired":true,"valueName":"search_term_string"}}],"inLanguage":"de"},{"@type":"Organization","@id":"https:\/\/radioleinewelle.de\/#organization","name":"Radio Leinewelle","alternateName":"Mein Radio f\u00fcr S\u00fcdniedersachsen","url":"https:\/\/radioleinewelle.de\/","logo":{"@type":"ImageObject","inLanguage":"de","@id":"https:\/\/radioleinewelle.de\/#\/schema\/logo\/image\/","url":"https:\/\/radioleinewelle.de\/wp-content\/uploads\/2023\/11\/cropped-Leinewelle_Logo_weiss.png","contentUrl":"https:\/\/radioleinewelle.de\/wp-content\/uploads\/2023\/11\/cropped-Leinewelle_Logo_weiss.png","width":854,"height":260,"caption":"Radio Leinewelle"},"image":{"@id":"https:\/\/radioleinewelle.de\/#\/schema\/logo\/image\/"},"sameAs":["https:\/\/www.facebook.com\/radioleinewelle","https:\/\/x.com\/RLeinewelle","https:\/\/www.instagram.com\/radioleinewelle\/?hl=de"]},{"@type":"Person","@id":"https:\/\/radioleinewelle.de\/#\/schema\/person\/45606f348637df637192dc1b68399a63","name":"Leinewelle","image":{"@type":"ImageObject","inLanguage":"de","@id":"https:\/\/secure.gravatar.com\/avatar\/05c9a17bc973052ee5d91549bd32fb4dd0dc85b7b85ae94b2e2b4943476bbea5?s=96&d=blank&r=g","url":"https:\/\/secure.gravatar.com\/avatar\/05c9a17bc973052ee5d91549bd32fb4dd0dc85b7b85ae94b2e2b4943476bbea5?s=96&d=blank&r=g","contentUrl":"https:\/\/secure.gravatar.com\/avatar\/05c9a17bc973052ee5d91549bd32fb4dd0dc85b7b85ae94b2e2b4943476bbea5?s=96&d=blank&r=g","caption":"Leinewelle"},"sameAs":["http:\/\/localhost\/radio%20leinewelle\/wordpress","https:\/\/www.facebook.com\/radioleinewelle","https:\/\/www.instagram.com\/radioleinewelle","https:\/\/x.com\/https:\/\/twitter.com\/RLeinewelle?ref_src=twsrcgoogletwcampserptwgrauthor","https:\/\/soundcloud.com\/foerderverein-lokalradio?utm_source=clipboard&utm_medium=text&utm_campaign=social_sharing"],"url":"https:\/\/radioleinewelle.de\/index.php\/author\/leinewelle\/"}]}},"_links":{"self":[{"href":"https:\/\/radioleinewelle.de\/index.php\/wp-json\/wp\/v2\/posts\/17527","targetHints":{"allow":["GET"]}}],"collection":[{"href":"https:\/\/radioleinewelle.de\/index.php\/wp-json\/wp\/v2\/posts"}],"about":[{"href":"https:\/\/radioleinewelle.de\/index.php\/wp-json\/wp\/v2\/types\/post"}],"author":[{"embeddable":true,"href":"https:\/\/radioleinewelle.de\/index.php\/wp-json\/wp\/v2\/users\/1"}],"replies":[{"embeddable":true,"href":"https:\/\/radioleinewelle.de\/index.php\/wp-json\/wp\/v2\/comments?post=17527"}],"version-history":[{"count":0,"href":"https:\/\/radioleinewelle.de\/index.php\/wp-json\/wp\/v2\/posts\/17527\/revisions"}],"wp:featuredmedia":[{"embeddable":true,"href":"https:\/\/radioleinewelle.de\/index.php\/wp-json\/wp\/v2\/media\/17528"}],"wp:attachment":[{"href":"https:\/\/radioleinewelle.de\/index.php\/wp-json\/wp\/v2\/media?parent=17527"}],"wp:term":[{"taxonomy":"category","embeddable":true,"href":"https:\/\/radioleinewelle.de\/index.php\/wp-json\/wp\/v2\/categories?post=17527"},{"taxonomy":"post_tag","embeddable":true,"href":"https:\/\/radioleinewelle.de\/index.php\/wp-json\/wp\/v2\/tags?post=17527"}],"curies":[{"name":"wp","href":"https:\/\/api.w.org\/{rel}","templated":true}]}}