{"id":17534,"date":"2023-01-09T07:44:38","date_gmt":"2023-01-09T06:44:38","guid":{"rendered":"https:\/\/radioleinewelle.de\/?p=17534"},"modified":"2023-01-09T07:44:38","modified_gmt":"2023-01-09T06:44:38","slug":"die-autobahn-7-wird-zwischen-northeim-nord-und-lutterberg-richtung-sueden-voll-gesperrt","status":"publish","type":"post","link":"https:\/\/radioleinewelle.de\/index.php\/2023\/01\/09\/die-autobahn-7-wird-zwischen-northeim-nord-und-lutterberg-richtung-sueden-voll-gesperrt\/","title":{"rendered":"Die Autobahn 7 wird zwischen Northeim\/Nord und Lutterberg Richtung S\u00fcden voll gesperrt"},"content":{"rendered":"\n<p>Ein bislang unbekanntes Fahrzeug hat \u00fcber die gesamte Strecke eine noch nicht identifizierte, wei\u00dfe, pulvrige Substanz verloren, die extreme Gl\u00e4tte verursacht. Die Autobahn bleibt daher in Richtung S\u00fcden zwischen Northeim\/Nord und Lutterberg vorerst voll gesperrt. Im Einsatz sind neben einem gro\u00dfen Polizeiaufgebot auch verschiedene Feuerwehren und die Via Niedersachsen GmbH sowie die Autobahnmeisterei G\u00f6ttingen.<\/p>\n\n\n\n<p>Experten der Feuerwehren sind sich dar\u00fcber einig, dass es sich bei der Substanz zumindest nicht um einen gef\u00e4hrlichen Stoff handelt. Die Organisation der Reinigung obliegt nun der Autobahnmeisterei G\u00f6ttingen und der Via Niedersachsen GmbH. Es wird davon ausgegangen, dass dieser Vorgang noch einige Stunden dauern wird, sodass eine Freigabe der Autobahn &#8211; auch in Teilst\u00fccken &#8211; f\u00fcr l\u00e4ngere Zeit nicht erwartet werden kann.<\/p>\n\n\n\n<p>Eine gro\u00dffl\u00e4chige Umleitung wird empfohlen, ein Ende der Sperrung kann noch nicht eingesch\u00e4tzt werden.<\/p>\n\n\n\n<p>Symbolbild von Pixabay<\/p>\n","protected":false},"excerpt":{"rendered":"<p>Ein bislang unbekanntes Fahrzeug hat \u00fcber die gesamte Strecke eine noch nicht identifizierte, wei\u00dfe, pulvrige Substanz verloren, die extreme Gl\u00e4tte verursacht. Die Autobahn bleibt daher in Richtung S\u00fcden zwischen Northeim\/Nord und Lutterberg vorerst voll gesperrt. Im Einsatz sind neben einem gro\u00dfen Polizeiaufgebot auch verschiedene Feuerwehren und die Via Niedersachsen GmbH sowie die Autobahnmeisterei G\u00f6ttingen. Experten [&hellip;]<\/p>\n","protected":false},"author":1,"featured_media":0,"comment_status":"closed","ping_status":"closed","sticky":false,"template":"","format":"standard","meta":{"saved_in_kubio":false,"footnotes":""},"categories":[24],"tags":[3771],"class_list":["post-17534","post","type-post","status-publish","format-standard","hentry","category-news","tag-sperrung-a7"],"yoast_head":"<!-- This site is optimized with the Yoast SEO plugin v27.5 - https:\/\/yoast.com\/product\/yoast-seo-wordpress\/ -->\n<title>Die Autobahn 7 wird zwischen Northeim\/Nord und Lutterberg Richtung S\u00fcden voll gesperrt - Radio Leinewelle<\/title>\n<meta name=\"robots\" content=\"index, follow, max-snippet:-1, max-image-preview:large, max-video-preview:-1\" \/>\n<link rel=\"canonical\" href=\"https:\/\/radioleinewelle.de\/index.php\/2023\/01\/09\/die-autobahn-7-wird-zwischen-northeim-nord-und-lutterberg-richtung-sueden-voll-gesperrt\/\" \/>\n<meta property=\"og:locale\" content=\"de_DE\" \/>\n<meta property=\"og:type\" content=\"article\" \/>\n<meta property=\"og:title\" content=\"Die Autobahn 7 wird zwischen Northeim\/Nord und Lutterberg Richtung S\u00fcden voll gesperrt - Radio Leinewelle\" \/>\n<meta property=\"og:description\" content=\"Ein bislang unbekanntes Fahrzeug hat \u00fcber die gesamte Strecke eine noch nicht identifizierte, wei\u00dfe, pulvrige Substanz verloren, die extreme Gl\u00e4tte verursacht. Die Autobahn bleibt daher in Richtung S\u00fcden zwischen Northeim\/Nord und Lutterberg vorerst voll gesperrt. Im Einsatz sind neben einem gro\u00dfen Polizeiaufgebot auch verschiedene Feuerwehren und die Via Niedersachsen GmbH sowie die Autobahnmeisterei G\u00f6ttingen. Experten [&hellip;]\" \/>\n<meta property=\"og:url\" content=\"https:\/\/radioleinewelle.de\/index.php\/2023\/01\/09\/die-autobahn-7-wird-zwischen-northeim-nord-und-lutterberg-richtung-sueden-voll-gesperrt\/\" \/>\n<meta property=\"og:site_name\" content=\"Radio Leinewelle\" \/>\n<meta property=\"article:publisher\" content=\"https:\/\/www.facebook.com\/radioleinewelle\" \/>\n<meta property=\"article:author\" content=\"https:\/\/www.facebook.com\/radioleinewelle\" \/>\n<meta property=\"article:published_time\" content=\"2023-01-09T06:44:38+00:00\" \/>\n<meta name=\"author\" content=\"Leinewelle\" \/>\n<meta name=\"twitter:card\" content=\"summary_large_image\" \/>\n<meta name=\"twitter:creator\" content=\"@https:\/\/twitter.com\/RLeinewelle?ref_src=twsrcgoogletwcampserptwgrauthor\" \/>\n<meta name=\"twitter:site\" content=\"@RLeinewelle\" \/>\n<meta name=\"twitter:label1\" content=\"Verfasst von\" \/>\n\t<meta name=\"twitter:data1\" content=\"Leinewelle\" \/>\n<script type=\"application\/ld+json\" class=\"yoast-schema-graph\">{\"@context\":\"https:\\\/\\\/schema.org\",\"@graph\":[{\"@type\":\"Article\",\"@id\":\"https:\\\/\\\/radioleinewelle.de\\\/index.php\\\/2023\\\/01\\\/09\\\/die-autobahn-7-wird-zwischen-northeim-nord-und-lutterberg-richtung-sueden-voll-gesperrt\\\/#article\",\"isPartOf\":{\"@id\":\"https:\\\/\\\/radioleinewelle.de\\\/index.php\\\/2023\\\/01\\\/09\\\/die-autobahn-7-wird-zwischen-northeim-nord-und-lutterberg-richtung-sueden-voll-gesperrt\\\/\"},\"author\":{\"name\":\"Leinewelle\",\"@id\":\"https:\\\/\\\/radioleinewelle.de\\\/#\\\/schema\\\/person\\\/45606f348637df637192dc1b68399a63\"},\"headline\":\"Die Autobahn 7 wird zwischen Northeim\\\/Nord und Lutterberg Richtung S\u00fcden voll gesperrt\",\"datePublished\":\"2023-01-09T06:44:38+00:00\",\"mainEntityOfPage\":{\"@id\":\"https:\\\/\\\/radioleinewelle.de\\\/index.php\\\/2023\\\/01\\\/09\\\/die-autobahn-7-wird-zwischen-northeim-nord-und-lutterberg-richtung-sueden-voll-gesperrt\\\/\"},\"wordCount\":162,\"publisher\":{\"@id\":\"https:\\\/\\\/radioleinewelle.de\\\/#organization\"},\"keywords\":[\"Sperrung A7\"],\"articleSection\":[\"Aktuelle Nachrichten\"],\"inLanguage\":\"de\"},{\"@type\":\"WebPage\",\"@id\":\"https:\\\/\\\/radioleinewelle.de\\\/index.php\\\/2023\\\/01\\\/09\\\/die-autobahn-7-wird-zwischen-northeim-nord-und-lutterberg-richtung-sueden-voll-gesperrt\\\/\",\"url\":\"https:\\\/\\\/radioleinewelle.de\\\/index.php\\\/2023\\\/01\\\/09\\\/die-autobahn-7-wird-zwischen-northeim-nord-und-lutterberg-richtung-sueden-voll-gesperrt\\\/\",\"name\":\"Die Autobahn 7 wird zwischen Northeim\\\/Nord und Lutterberg Richtung S\u00fcden voll gesperrt - Radio Leinewelle\",\"isPartOf\":{\"@id\":\"https:\\\/\\\/radioleinewelle.de\\\/#website\"},\"datePublished\":\"2023-01-09T06:44:38+00:00\",\"breadcrumb\":{\"@id\":\"https:\\\/\\\/radioleinewelle.de\\\/index.php\\\/2023\\\/01\\\/09\\\/die-autobahn-7-wird-zwischen-northeim-nord-und-lutterberg-richtung-sueden-voll-gesperrt\\\/#breadcrumb\"},\"inLanguage\":\"de\",\"potentialAction\":[{\"@type\":\"ReadAction\",\"target\":[\"https:\\\/\\\/radioleinewelle.de\\\/index.php\\\/2023\\\/01\\\/09\\\/die-autobahn-7-wird-zwischen-northeim-nord-und-lutterberg-richtung-sueden-voll-gesperrt\\\/\"]}]},{\"@type\":\"BreadcrumbList\",\"@id\":\"https:\\\/\\\/radioleinewelle.de\\\/index.php\\\/2023\\\/01\\\/09\\\/die-autobahn-7-wird-zwischen-northeim-nord-und-lutterberg-richtung-sueden-voll-gesperrt\\\/#breadcrumb\",\"itemListElement\":[{\"@type\":\"ListItem\",\"position\":1,\"name\":\"Startseite\",\"item\":\"https:\\\/\\\/radioleinewelle.de\\\/\"},{\"@type\":\"ListItem\",\"position\":2,\"name\":\"Die Autobahn 7 wird zwischen Northeim\\\/Nord und Lutterberg Richtung S\u00fcden voll gesperrt\"}]},{\"@type\":\"WebSite\",\"@id\":\"https:\\\/\\\/radioleinewelle.de\\\/#website\",\"url\":\"https:\\\/\\\/radioleinewelle.de\\\/\",\"name\":\"Radio Leinewelle\",\"description\":\"\",\"publisher\":{\"@id\":\"https:\\\/\\\/radioleinewelle.de\\\/#organization\"},\"potentialAction\":[{\"@type\":\"SearchAction\",\"target\":{\"@type\":\"EntryPoint\",\"urlTemplate\":\"https:\\\/\\\/radioleinewelle.de\\\/?s={search_term_string}\"},\"query-input\":{\"@type\":\"PropertyValueSpecification\",\"valueRequired\":true,\"valueName\":\"search_term_string\"}}],\"inLanguage\":\"de\"},{\"@type\":\"Organization\",\"@id\":\"https:\\\/\\\/radioleinewelle.de\\\/#organization\",\"name\":\"Radio Leinewelle\",\"alternateName\":\"Mein Radio f\u00fcr S\u00fcdniedersachsen\",\"url\":\"https:\\\/\\\/radioleinewelle.de\\\/\",\"logo\":{\"@type\":\"ImageObject\",\"inLanguage\":\"de\",\"@id\":\"https:\\\/\\\/radioleinewelle.de\\\/#\\\/schema\\\/logo\\\/image\\\/\",\"url\":\"https:\\\/\\\/radioleinewelle.de\\\/wp-content\\\/uploads\\\/2023\\\/11\\\/cropped-Leinewelle_Logo_weiss.png\",\"contentUrl\":\"https:\\\/\\\/radioleinewelle.de\\\/wp-content\\\/uploads\\\/2023\\\/11\\\/cropped-Leinewelle_Logo_weiss.png\",\"width\":854,\"height\":260,\"caption\":\"Radio Leinewelle\"},\"image\":{\"@id\":\"https:\\\/\\\/radioleinewelle.de\\\/#\\\/schema\\\/logo\\\/image\\\/\"},\"sameAs\":[\"https:\\\/\\\/www.facebook.com\\\/radioleinewelle\",\"https:\\\/\\\/x.com\\\/RLeinewelle\",\"https:\\\/\\\/www.instagram.com\\\/radioleinewelle\\\/?hl=de\"]},{\"@type\":\"Person\",\"@id\":\"https:\\\/\\\/radioleinewelle.de\\\/#\\\/schema\\\/person\\\/45606f348637df637192dc1b68399a63\",\"name\":\"Leinewelle\",\"image\":{\"@type\":\"ImageObject\",\"inLanguage\":\"de\",\"@id\":\"https:\\\/\\\/secure.gravatar.com\\\/avatar\\\/05c9a17bc973052ee5d91549bd32fb4dd0dc85b7b85ae94b2e2b4943476bbea5?s=96&d=blank&r=g\",\"url\":\"https:\\\/\\\/secure.gravatar.com\\\/avatar\\\/05c9a17bc973052ee5d91549bd32fb4dd0dc85b7b85ae94b2e2b4943476bbea5?s=96&d=blank&r=g\",\"contentUrl\":\"https:\\\/\\\/secure.gravatar.com\\\/avatar\\\/05c9a17bc973052ee5d91549bd32fb4dd0dc85b7b85ae94b2e2b4943476bbea5?s=96&d=blank&r=g\",\"caption\":\"Leinewelle\"},\"sameAs\":[\"http:\\\/\\\/localhost\\\/radio%20leinewelle\\\/wordpress\",\"https:\\\/\\\/www.facebook.com\\\/radioleinewelle\",\"https:\\\/\\\/www.instagram.com\\\/radioleinewelle\",\"https:\\\/\\\/x.com\\\/https:\\\/\\\/twitter.com\\\/RLeinewelle?ref_src=twsrcgoogletwcampserptwgrauthor\",\"https:\\\/\\\/soundcloud.com\\\/foerderverein-lokalradio?utm_source=clipboard&utm_medium=text&utm_campaign=social_sharing\"],\"url\":\"https:\\\/\\\/radioleinewelle.de\\\/index.php\\\/author\\\/leinewelle\\\/\"}]}<\/script>\n<!-- \/ Yoast SEO plugin. -->","yoast_head_json":{"title":"Die Autobahn 7 wird zwischen Northeim\/Nord und Lutterberg Richtung S\u00fcden voll gesperrt - Radio Leinewelle","robots":{"index":"index","follow":"follow","max-snippet":"max-snippet:-1","max-image-preview":"max-image-preview:large","max-video-preview":"max-video-preview:-1"},"canonical":"https:\/\/radioleinewelle.de\/index.php\/2023\/01\/09\/die-autobahn-7-wird-zwischen-northeim-nord-und-lutterberg-richtung-sueden-voll-gesperrt\/","og_locale":"de_DE","og_type":"article","og_title":"Die Autobahn 7 wird zwischen Northeim\/Nord und Lutterberg Richtung S\u00fcden voll gesperrt - Radio Leinewelle","og_description":"Ein bislang unbekanntes Fahrzeug hat \u00fcber die gesamte Strecke eine noch nicht identifizierte, wei\u00dfe, pulvrige Substanz verloren, die extreme Gl\u00e4tte verursacht. Die Autobahn bleibt daher in Richtung S\u00fcden zwischen Northeim\/Nord und Lutterberg vorerst voll gesperrt. Im Einsatz sind neben einem gro\u00dfen Polizeiaufgebot auch verschiedene Feuerwehren und die Via Niedersachsen GmbH sowie die Autobahnmeisterei G\u00f6ttingen. Experten [&hellip;]","og_url":"https:\/\/radioleinewelle.de\/index.php\/2023\/01\/09\/die-autobahn-7-wird-zwischen-northeim-nord-und-lutterberg-richtung-sueden-voll-gesperrt\/","og_site_name":"Radio Leinewelle","article_publisher":"https:\/\/www.facebook.com\/radioleinewelle","article_author":"https:\/\/www.facebook.com\/radioleinewelle","article_published_time":"2023-01-09T06:44:38+00:00","author":"Leinewelle","twitter_card":"summary_large_image","twitter_creator":"@https:\/\/twitter.com\/RLeinewelle?ref_src=twsrcgoogletwcampserptwgrauthor","twitter_site":"@RLeinewelle","twitter_misc":{"Verfasst von":"Leinewelle"},"schema":{"@context":"https:\/\/schema.org","@graph":[{"@type":"Article","@id":"https:\/\/radioleinewelle.de\/index.php\/2023\/01\/09\/die-autobahn-7-wird-zwischen-northeim-nord-und-lutterberg-richtung-sueden-voll-gesperrt\/#article","isPartOf":{"@id":"https:\/\/radioleinewelle.de\/index.php\/2023\/01\/09\/die-autobahn-7-wird-zwischen-northeim-nord-und-lutterberg-richtung-sueden-voll-gesperrt\/"},"author":{"name":"Leinewelle","@id":"https:\/\/radioleinewelle.de\/#\/schema\/person\/45606f348637df637192dc1b68399a63"},"headline":"Die Autobahn 7 wird zwischen Northeim\/Nord und Lutterberg Richtung S\u00fcden voll gesperrt","datePublished":"2023-01-09T06:44:38+00:00","mainEntityOfPage":{"@id":"https:\/\/radioleinewelle.de\/index.php\/2023\/01\/09\/die-autobahn-7-wird-zwischen-northeim-nord-und-lutterberg-richtung-sueden-voll-gesperrt\/"},"wordCount":162,"publisher":{"@id":"https:\/\/radioleinewelle.de\/#organization"},"keywords":["Sperrung A7"],"articleSection":["Aktuelle Nachrichten"],"inLanguage":"de"},{"@type":"WebPage","@id":"https:\/\/radioleinewelle.de\/index.php\/2023\/01\/09\/die-autobahn-7-wird-zwischen-northeim-nord-und-lutterberg-richtung-sueden-voll-gesperrt\/","url":"https:\/\/radioleinewelle.de\/index.php\/2023\/01\/09\/die-autobahn-7-wird-zwischen-northeim-nord-und-lutterberg-richtung-sueden-voll-gesperrt\/","name":"Die Autobahn 7 wird zwischen Northeim\/Nord und Lutterberg Richtung S\u00fcden voll gesperrt - Radio Leinewelle","isPartOf":{"@id":"https:\/\/radioleinewelle.de\/#website"},"datePublished":"2023-01-09T06:44:38+00:00","breadcrumb":{"@id":"https:\/\/radioleinewelle.de\/index.php\/2023\/01\/09\/die-autobahn-7-wird-zwischen-northeim-nord-und-lutterberg-richtung-sueden-voll-gesperrt\/#breadcrumb"},"inLanguage":"de","potentialAction":[{"@type":"ReadAction","target":["https:\/\/radioleinewelle.de\/index.php\/2023\/01\/09\/die-autobahn-7-wird-zwischen-northeim-nord-und-lutterberg-richtung-sueden-voll-gesperrt\/"]}]},{"@type":"BreadcrumbList","@id":"https:\/\/radioleinewelle.de\/index.php\/2023\/01\/09\/die-autobahn-7-wird-zwischen-northeim-nord-und-lutterberg-richtung-sueden-voll-gesperrt\/#breadcrumb","itemListElement":[{"@type":"ListItem","position":1,"name":"Startseite","item":"https:\/\/radioleinewelle.de\/"},{"@type":"ListItem","position":2,"name":"Die Autobahn 7 wird zwischen Northeim\/Nord und Lutterberg Richtung S\u00fcden voll gesperrt"}]},{"@type":"WebSite","@id":"https:\/\/radioleinewelle.de\/#website","url":"https:\/\/radioleinewelle.de\/","name":"Radio Leinewelle","description":"","publisher":{"@id":"https:\/\/radioleinewelle.de\/#organization"},"potentialAction":[{"@type":"SearchAction","target":{"@type":"EntryPoint","urlTemplate":"https:\/\/radioleinewelle.de\/?s={search_term_string}"},"query-input":{"@type":"PropertyValueSpecification","valueRequired":true,"valueName":"search_term_string"}}],"inLanguage":"de"},{"@type":"Organization","@id":"https:\/\/radioleinewelle.de\/#organization","name":"Radio Leinewelle","alternateName":"Mein Radio f\u00fcr S\u00fcdniedersachsen","url":"https:\/\/radioleinewelle.de\/","logo":{"@type":"ImageObject","inLanguage":"de","@id":"https:\/\/radioleinewelle.de\/#\/schema\/logo\/image\/","url":"https:\/\/radioleinewelle.de\/wp-content\/uploads\/2023\/11\/cropped-Leinewelle_Logo_weiss.png","contentUrl":"https:\/\/radioleinewelle.de\/wp-content\/uploads\/2023\/11\/cropped-Leinewelle_Logo_weiss.png","width":854,"height":260,"caption":"Radio Leinewelle"},"image":{"@id":"https:\/\/radioleinewelle.de\/#\/schema\/logo\/image\/"},"sameAs":["https:\/\/www.facebook.com\/radioleinewelle","https:\/\/x.com\/RLeinewelle","https:\/\/www.instagram.com\/radioleinewelle\/?hl=de"]},{"@type":"Person","@id":"https:\/\/radioleinewelle.de\/#\/schema\/person\/45606f348637df637192dc1b68399a63","name":"Leinewelle","image":{"@type":"ImageObject","inLanguage":"de","@id":"https:\/\/secure.gravatar.com\/avatar\/05c9a17bc973052ee5d91549bd32fb4dd0dc85b7b85ae94b2e2b4943476bbea5?s=96&d=blank&r=g","url":"https:\/\/secure.gravatar.com\/avatar\/05c9a17bc973052ee5d91549bd32fb4dd0dc85b7b85ae94b2e2b4943476bbea5?s=96&d=blank&r=g","contentUrl":"https:\/\/secure.gravatar.com\/avatar\/05c9a17bc973052ee5d91549bd32fb4dd0dc85b7b85ae94b2e2b4943476bbea5?s=96&d=blank&r=g","caption":"Leinewelle"},"sameAs":["http:\/\/localhost\/radio%20leinewelle\/wordpress","https:\/\/www.facebook.com\/radioleinewelle","https:\/\/www.instagram.com\/radioleinewelle","https:\/\/x.com\/https:\/\/twitter.com\/RLeinewelle?ref_src=twsrcgoogletwcampserptwgrauthor","https:\/\/soundcloud.com\/foerderverein-lokalradio?utm_source=clipboard&utm_medium=text&utm_campaign=social_sharing"],"url":"https:\/\/radioleinewelle.de\/index.php\/author\/leinewelle\/"}]}},"_links":{"self":[{"href":"https:\/\/radioleinewelle.de\/index.php\/wp-json\/wp\/v2\/posts\/17534","targetHints":{"allow":["GET"]}}],"collection":[{"href":"https:\/\/radioleinewelle.de\/index.php\/wp-json\/wp\/v2\/posts"}],"about":[{"href":"https:\/\/radioleinewelle.de\/index.php\/wp-json\/wp\/v2\/types\/post"}],"author":[{"embeddable":true,"href":"https:\/\/radioleinewelle.de\/index.php\/wp-json\/wp\/v2\/users\/1"}],"replies":[{"embeddable":true,"href":"https:\/\/radioleinewelle.de\/index.php\/wp-json\/wp\/v2\/comments?post=17534"}],"version-history":[{"count":0,"href":"https:\/\/radioleinewelle.de\/index.php\/wp-json\/wp\/v2\/posts\/17534\/revisions"}],"wp:attachment":[{"href":"https:\/\/radioleinewelle.de\/index.php\/wp-json\/wp\/v2\/media?parent=17534"}],"wp:term":[{"taxonomy":"category","embeddable":true,"href":"https:\/\/radioleinewelle.de\/index.php\/wp-json\/wp\/v2\/categories?post=17534"},{"taxonomy":"post_tag","embeddable":true,"href":"https:\/\/radioleinewelle.de\/index.php\/wp-json\/wp\/v2\/tags?post=17534"}],"curies":[{"name":"wp","href":"https:\/\/api.w.org\/{rel}","templated":true}]}}