{"id":17545,"date":"2023-01-10T06:40:28","date_gmt":"2023-01-10T05:40:28","guid":{"rendered":"https:\/\/radioleinewelle.de\/?p=17545"},"modified":"2023-01-10T06:40:28","modified_gmt":"2023-01-10T05:40:28","slug":"schwerer-verkehrsunfall-bei-bad-grund-ot-teichhuette","status":"publish","type":"post","link":"https:\/\/radioleinewelle.de\/index.php\/2023\/01\/10\/schwerer-verkehrsunfall-bei-bad-grund-ot-teichhuette\/","title":{"rendered":"Schwerer Verkehrsunfall bei Bad Grund (OT Teichh\u00fctte)"},"content":{"rendered":"\n<p>&nbsp;Bei einem schweren Verkehrsunfall auf der K431 zwischen den Ortschaften Teichh\u00fctte und Eisdorf (Landkreis G\u00f6ttingen) ist am Montagmittag (09.01.23) gegen 12.20 Uhr eine Frau aus dem Landkreis G\u00f6ttingen t\u00f6dlich verletzt worden. Die 61-J\u00e4hrige sa\u00df auf dem Beifahrersitz eines Volkswagens aus dem Landkreis G\u00f6ttingen.<\/p>\n\n\n\n<p>Die 34 Jahre alte Fahrerin des Wagens wurde leicht verletzt mit dem Rettungswagen in eine G\u00f6ttinger Klinik transportiert. F\u00fcr die Dauer der Rettungs- und Bergungsarbeiten war die Kreisstra\u00dfe bis gegen 16:30 Uhr voll gesperrt.<\/p>\n\n\n\n<p>Ersten Ermittlungen zufolge kam der Pkw auf dem Weg von Teichh\u00fctte kommend in Richtung Eisdorf in einer langgezogenen Linkskurve aus noch ungekl\u00e4rter Ursache nach rechts von der Stra\u00dfe ab und prallte frontal gegen einen Stra\u00dfenbaum. Bei der Kollision wurde die 61-j\u00e4hrige Beifahrerin so schwer verletzt, dass sie wenig sp\u00e4ter verstarb.<\/p>\n\n\n\n<p>Am Unfallort waren die Freiwilligen Feuerwehren Gittelde, Bad Grund und Windhausen, zwei Rettungswagen und zwei Rettungshubschrauber mit Not\u00e4rzten aus G\u00f6ttingen und Nordhausen im Einsatz. Die weiteren Ermittlungen zur Unfallursache dauern an.<\/p>\n\n\n\n<p>Symbolbild von Pixabay<\/p>\n","protected":false},"excerpt":{"rendered":"<p>&nbsp;Bei einem schweren Verkehrsunfall auf der K431 zwischen den Ortschaften Teichh\u00fctte und Eisdorf (Landkreis G\u00f6ttingen) ist am Montagmittag (09.01.23) gegen 12.20 Uhr eine Frau aus dem Landkreis G\u00f6ttingen t\u00f6dlich verletzt worden. Die 61-J\u00e4hrige sa\u00df auf dem Beifahrersitz eines Volkswagens aus dem Landkreis G\u00f6ttingen. Die 34 Jahre alte Fahrerin des Wagens wurde leicht verletzt mit dem [&hellip;]<\/p>\n","protected":false},"author":1,"featured_media":0,"comment_status":"closed","ping_status":"closed","sticky":false,"template":"","format":"standard","meta":{"saved_in_kubio":false,"footnotes":""},"categories":[1],"tags":[],"class_list":["post-17545","post","type-post","status-publish","format-standard","hentry","category-allgemein"],"yoast_head":"<!-- This site is optimized with the Yoast SEO plugin v27.5 - https:\/\/yoast.com\/product\/yoast-seo-wordpress\/ -->\n<title>Schwerer Verkehrsunfall bei Bad Grund (OT Teichh\u00fctte) - Radio Leinewelle<\/title>\n<meta name=\"robots\" content=\"index, follow, max-snippet:-1, max-image-preview:large, max-video-preview:-1\" \/>\n<link rel=\"canonical\" href=\"https:\/\/radioleinewelle.de\/index.php\/2023\/01\/10\/schwerer-verkehrsunfall-bei-bad-grund-ot-teichhuette\/\" \/>\n<meta property=\"og:locale\" content=\"de_DE\" \/>\n<meta property=\"og:type\" content=\"article\" \/>\n<meta property=\"og:title\" content=\"Schwerer Verkehrsunfall bei Bad Grund (OT Teichh\u00fctte) - Radio Leinewelle\" \/>\n<meta property=\"og:description\" content=\"&nbsp;Bei einem schweren Verkehrsunfall auf der K431 zwischen den Ortschaften Teichh\u00fctte und Eisdorf (Landkreis G\u00f6ttingen) ist am Montagmittag (09.01.23) gegen 12.20 Uhr eine Frau aus dem Landkreis G\u00f6ttingen t\u00f6dlich verletzt worden. Die 61-J\u00e4hrige sa\u00df auf dem Beifahrersitz eines Volkswagens aus dem Landkreis G\u00f6ttingen. Die 34 Jahre alte Fahrerin des Wagens wurde leicht verletzt mit dem [&hellip;]\" \/>\n<meta property=\"og:url\" content=\"https:\/\/radioleinewelle.de\/index.php\/2023\/01\/10\/schwerer-verkehrsunfall-bei-bad-grund-ot-teichhuette\/\" \/>\n<meta property=\"og:site_name\" content=\"Radio Leinewelle\" \/>\n<meta property=\"article:publisher\" content=\"https:\/\/www.facebook.com\/radioleinewelle\" \/>\n<meta property=\"article:author\" content=\"https:\/\/www.facebook.com\/radioleinewelle\" \/>\n<meta property=\"article:published_time\" content=\"2023-01-10T05:40:28+00:00\" \/>\n<meta name=\"author\" content=\"Leinewelle\" \/>\n<meta name=\"twitter:card\" content=\"summary_large_image\" \/>\n<meta name=\"twitter:creator\" content=\"@https:\/\/twitter.com\/RLeinewelle?ref_src=twsrcgoogletwcampserptwgrauthor\" \/>\n<meta name=\"twitter:site\" content=\"@RLeinewelle\" \/>\n<meta name=\"twitter:label1\" content=\"Verfasst von\" \/>\n\t<meta name=\"twitter:data1\" content=\"Leinewelle\" \/>\n<script type=\"application\/ld+json\" class=\"yoast-schema-graph\">{\"@context\":\"https:\\\/\\\/schema.org\",\"@graph\":[{\"@type\":\"Article\",\"@id\":\"https:\\\/\\\/radioleinewelle.de\\\/index.php\\\/2023\\\/01\\\/10\\\/schwerer-verkehrsunfall-bei-bad-grund-ot-teichhuette\\\/#article\",\"isPartOf\":{\"@id\":\"https:\\\/\\\/radioleinewelle.de\\\/index.php\\\/2023\\\/01\\\/10\\\/schwerer-verkehrsunfall-bei-bad-grund-ot-teichhuette\\\/\"},\"author\":{\"name\":\"Leinewelle\",\"@id\":\"https:\\\/\\\/radioleinewelle.de\\\/#\\\/schema\\\/person\\\/45606f348637df637192dc1b68399a63\"},\"headline\":\"Schwerer Verkehrsunfall bei Bad Grund (OT Teichh\u00fctte)\",\"datePublished\":\"2023-01-10T05:40:28+00:00\",\"mainEntityOfPage\":{\"@id\":\"https:\\\/\\\/radioleinewelle.de\\\/index.php\\\/2023\\\/01\\\/10\\\/schwerer-verkehrsunfall-bei-bad-grund-ot-teichhuette\\\/\"},\"wordCount\":183,\"publisher\":{\"@id\":\"https:\\\/\\\/radioleinewelle.de\\\/#organization\"},\"inLanguage\":\"de\"},{\"@type\":\"WebPage\",\"@id\":\"https:\\\/\\\/radioleinewelle.de\\\/index.php\\\/2023\\\/01\\\/10\\\/schwerer-verkehrsunfall-bei-bad-grund-ot-teichhuette\\\/\",\"url\":\"https:\\\/\\\/radioleinewelle.de\\\/index.php\\\/2023\\\/01\\\/10\\\/schwerer-verkehrsunfall-bei-bad-grund-ot-teichhuette\\\/\",\"name\":\"Schwerer Verkehrsunfall bei Bad Grund (OT Teichh\u00fctte) - Radio Leinewelle\",\"isPartOf\":{\"@id\":\"https:\\\/\\\/radioleinewelle.de\\\/#website\"},\"datePublished\":\"2023-01-10T05:40:28+00:00\",\"breadcrumb\":{\"@id\":\"https:\\\/\\\/radioleinewelle.de\\\/index.php\\\/2023\\\/01\\\/10\\\/schwerer-verkehrsunfall-bei-bad-grund-ot-teichhuette\\\/#breadcrumb\"},\"inLanguage\":\"de\",\"potentialAction\":[{\"@type\":\"ReadAction\",\"target\":[\"https:\\\/\\\/radioleinewelle.de\\\/index.php\\\/2023\\\/01\\\/10\\\/schwerer-verkehrsunfall-bei-bad-grund-ot-teichhuette\\\/\"]}]},{\"@type\":\"BreadcrumbList\",\"@id\":\"https:\\\/\\\/radioleinewelle.de\\\/index.php\\\/2023\\\/01\\\/10\\\/schwerer-verkehrsunfall-bei-bad-grund-ot-teichhuette\\\/#breadcrumb\",\"itemListElement\":[{\"@type\":\"ListItem\",\"position\":1,\"name\":\"Startseite\",\"item\":\"https:\\\/\\\/radioleinewelle.de\\\/\"},{\"@type\":\"ListItem\",\"position\":2,\"name\":\"Schwerer Verkehrsunfall bei Bad Grund (OT Teichh\u00fctte)\"}]},{\"@type\":\"WebSite\",\"@id\":\"https:\\\/\\\/radioleinewelle.de\\\/#website\",\"url\":\"https:\\\/\\\/radioleinewelle.de\\\/\",\"name\":\"Radio Leinewelle\",\"description\":\"\",\"publisher\":{\"@id\":\"https:\\\/\\\/radioleinewelle.de\\\/#organization\"},\"potentialAction\":[{\"@type\":\"SearchAction\",\"target\":{\"@type\":\"EntryPoint\",\"urlTemplate\":\"https:\\\/\\\/radioleinewelle.de\\\/?s={search_term_string}\"},\"query-input\":{\"@type\":\"PropertyValueSpecification\",\"valueRequired\":true,\"valueName\":\"search_term_string\"}}],\"inLanguage\":\"de\"},{\"@type\":\"Organization\",\"@id\":\"https:\\\/\\\/radioleinewelle.de\\\/#organization\",\"name\":\"Radio Leinewelle\",\"alternateName\":\"Mein Radio f\u00fcr S\u00fcdniedersachsen\",\"url\":\"https:\\\/\\\/radioleinewelle.de\\\/\",\"logo\":{\"@type\":\"ImageObject\",\"inLanguage\":\"de\",\"@id\":\"https:\\\/\\\/radioleinewelle.de\\\/#\\\/schema\\\/logo\\\/image\\\/\",\"url\":\"https:\\\/\\\/radioleinewelle.de\\\/wp-content\\\/uploads\\\/2023\\\/11\\\/cropped-Leinewelle_Logo_weiss.png\",\"contentUrl\":\"https:\\\/\\\/radioleinewelle.de\\\/wp-content\\\/uploads\\\/2023\\\/11\\\/cropped-Leinewelle_Logo_weiss.png\",\"width\":854,\"height\":260,\"caption\":\"Radio Leinewelle\"},\"image\":{\"@id\":\"https:\\\/\\\/radioleinewelle.de\\\/#\\\/schema\\\/logo\\\/image\\\/\"},\"sameAs\":[\"https:\\\/\\\/www.facebook.com\\\/radioleinewelle\",\"https:\\\/\\\/x.com\\\/RLeinewelle\",\"https:\\\/\\\/www.instagram.com\\\/radioleinewelle\\\/?hl=de\"]},{\"@type\":\"Person\",\"@id\":\"https:\\\/\\\/radioleinewelle.de\\\/#\\\/schema\\\/person\\\/45606f348637df637192dc1b68399a63\",\"name\":\"Leinewelle\",\"image\":{\"@type\":\"ImageObject\",\"inLanguage\":\"de\",\"@id\":\"https:\\\/\\\/secure.gravatar.com\\\/avatar\\\/05c9a17bc973052ee5d91549bd32fb4dd0dc85b7b85ae94b2e2b4943476bbea5?s=96&d=blank&r=g\",\"url\":\"https:\\\/\\\/secure.gravatar.com\\\/avatar\\\/05c9a17bc973052ee5d91549bd32fb4dd0dc85b7b85ae94b2e2b4943476bbea5?s=96&d=blank&r=g\",\"contentUrl\":\"https:\\\/\\\/secure.gravatar.com\\\/avatar\\\/05c9a17bc973052ee5d91549bd32fb4dd0dc85b7b85ae94b2e2b4943476bbea5?s=96&d=blank&r=g\",\"caption\":\"Leinewelle\"},\"sameAs\":[\"http:\\\/\\\/localhost\\\/radio%20leinewelle\\\/wordpress\",\"https:\\\/\\\/www.facebook.com\\\/radioleinewelle\",\"https:\\\/\\\/www.instagram.com\\\/radioleinewelle\",\"https:\\\/\\\/x.com\\\/https:\\\/\\\/twitter.com\\\/RLeinewelle?ref_src=twsrcgoogletwcampserptwgrauthor\",\"https:\\\/\\\/soundcloud.com\\\/foerderverein-lokalradio?utm_source=clipboard&utm_medium=text&utm_campaign=social_sharing\"],\"url\":\"https:\\\/\\\/radioleinewelle.de\\\/index.php\\\/author\\\/leinewelle\\\/\"}]}<\/script>\n<!-- \/ Yoast SEO plugin. -->","yoast_head_json":{"title":"Schwerer Verkehrsunfall bei Bad Grund (OT Teichh\u00fctte) - Radio Leinewelle","robots":{"index":"index","follow":"follow","max-snippet":"max-snippet:-1","max-image-preview":"max-image-preview:large","max-video-preview":"max-video-preview:-1"},"canonical":"https:\/\/radioleinewelle.de\/index.php\/2023\/01\/10\/schwerer-verkehrsunfall-bei-bad-grund-ot-teichhuette\/","og_locale":"de_DE","og_type":"article","og_title":"Schwerer Verkehrsunfall bei Bad Grund (OT Teichh\u00fctte) - Radio Leinewelle","og_description":"&nbsp;Bei einem schweren Verkehrsunfall auf der K431 zwischen den Ortschaften Teichh\u00fctte und Eisdorf (Landkreis G\u00f6ttingen) ist am Montagmittag (09.01.23) gegen 12.20 Uhr eine Frau aus dem Landkreis G\u00f6ttingen t\u00f6dlich verletzt worden. Die 61-J\u00e4hrige sa\u00df auf dem Beifahrersitz eines Volkswagens aus dem Landkreis G\u00f6ttingen. Die 34 Jahre alte Fahrerin des Wagens wurde leicht verletzt mit dem [&hellip;]","og_url":"https:\/\/radioleinewelle.de\/index.php\/2023\/01\/10\/schwerer-verkehrsunfall-bei-bad-grund-ot-teichhuette\/","og_site_name":"Radio Leinewelle","article_publisher":"https:\/\/www.facebook.com\/radioleinewelle","article_author":"https:\/\/www.facebook.com\/radioleinewelle","article_published_time":"2023-01-10T05:40:28+00:00","author":"Leinewelle","twitter_card":"summary_large_image","twitter_creator":"@https:\/\/twitter.com\/RLeinewelle?ref_src=twsrcgoogletwcampserptwgrauthor","twitter_site":"@RLeinewelle","twitter_misc":{"Verfasst von":"Leinewelle"},"schema":{"@context":"https:\/\/schema.org","@graph":[{"@type":"Article","@id":"https:\/\/radioleinewelle.de\/index.php\/2023\/01\/10\/schwerer-verkehrsunfall-bei-bad-grund-ot-teichhuette\/#article","isPartOf":{"@id":"https:\/\/radioleinewelle.de\/index.php\/2023\/01\/10\/schwerer-verkehrsunfall-bei-bad-grund-ot-teichhuette\/"},"author":{"name":"Leinewelle","@id":"https:\/\/radioleinewelle.de\/#\/schema\/person\/45606f348637df637192dc1b68399a63"},"headline":"Schwerer Verkehrsunfall bei Bad Grund (OT Teichh\u00fctte)","datePublished":"2023-01-10T05:40:28+00:00","mainEntityOfPage":{"@id":"https:\/\/radioleinewelle.de\/index.php\/2023\/01\/10\/schwerer-verkehrsunfall-bei-bad-grund-ot-teichhuette\/"},"wordCount":183,"publisher":{"@id":"https:\/\/radioleinewelle.de\/#organization"},"inLanguage":"de"},{"@type":"WebPage","@id":"https:\/\/radioleinewelle.de\/index.php\/2023\/01\/10\/schwerer-verkehrsunfall-bei-bad-grund-ot-teichhuette\/","url":"https:\/\/radioleinewelle.de\/index.php\/2023\/01\/10\/schwerer-verkehrsunfall-bei-bad-grund-ot-teichhuette\/","name":"Schwerer Verkehrsunfall bei Bad Grund (OT Teichh\u00fctte) - Radio Leinewelle","isPartOf":{"@id":"https:\/\/radioleinewelle.de\/#website"},"datePublished":"2023-01-10T05:40:28+00:00","breadcrumb":{"@id":"https:\/\/radioleinewelle.de\/index.php\/2023\/01\/10\/schwerer-verkehrsunfall-bei-bad-grund-ot-teichhuette\/#breadcrumb"},"inLanguage":"de","potentialAction":[{"@type":"ReadAction","target":["https:\/\/radioleinewelle.de\/index.php\/2023\/01\/10\/schwerer-verkehrsunfall-bei-bad-grund-ot-teichhuette\/"]}]},{"@type":"BreadcrumbList","@id":"https:\/\/radioleinewelle.de\/index.php\/2023\/01\/10\/schwerer-verkehrsunfall-bei-bad-grund-ot-teichhuette\/#breadcrumb","itemListElement":[{"@type":"ListItem","position":1,"name":"Startseite","item":"https:\/\/radioleinewelle.de\/"},{"@type":"ListItem","position":2,"name":"Schwerer Verkehrsunfall bei Bad Grund (OT Teichh\u00fctte)"}]},{"@type":"WebSite","@id":"https:\/\/radioleinewelle.de\/#website","url":"https:\/\/radioleinewelle.de\/","name":"Radio Leinewelle","description":"","publisher":{"@id":"https:\/\/radioleinewelle.de\/#organization"},"potentialAction":[{"@type":"SearchAction","target":{"@type":"EntryPoint","urlTemplate":"https:\/\/radioleinewelle.de\/?s={search_term_string}"},"query-input":{"@type":"PropertyValueSpecification","valueRequired":true,"valueName":"search_term_string"}}],"inLanguage":"de"},{"@type":"Organization","@id":"https:\/\/radioleinewelle.de\/#organization","name":"Radio Leinewelle","alternateName":"Mein Radio f\u00fcr S\u00fcdniedersachsen","url":"https:\/\/radioleinewelle.de\/","logo":{"@type":"ImageObject","inLanguage":"de","@id":"https:\/\/radioleinewelle.de\/#\/schema\/logo\/image\/","url":"https:\/\/radioleinewelle.de\/wp-content\/uploads\/2023\/11\/cropped-Leinewelle_Logo_weiss.png","contentUrl":"https:\/\/radioleinewelle.de\/wp-content\/uploads\/2023\/11\/cropped-Leinewelle_Logo_weiss.png","width":854,"height":260,"caption":"Radio Leinewelle"},"image":{"@id":"https:\/\/radioleinewelle.de\/#\/schema\/logo\/image\/"},"sameAs":["https:\/\/www.facebook.com\/radioleinewelle","https:\/\/x.com\/RLeinewelle","https:\/\/www.instagram.com\/radioleinewelle\/?hl=de"]},{"@type":"Person","@id":"https:\/\/radioleinewelle.de\/#\/schema\/person\/45606f348637df637192dc1b68399a63","name":"Leinewelle","image":{"@type":"ImageObject","inLanguage":"de","@id":"https:\/\/secure.gravatar.com\/avatar\/05c9a17bc973052ee5d91549bd32fb4dd0dc85b7b85ae94b2e2b4943476bbea5?s=96&d=blank&r=g","url":"https:\/\/secure.gravatar.com\/avatar\/05c9a17bc973052ee5d91549bd32fb4dd0dc85b7b85ae94b2e2b4943476bbea5?s=96&d=blank&r=g","contentUrl":"https:\/\/secure.gravatar.com\/avatar\/05c9a17bc973052ee5d91549bd32fb4dd0dc85b7b85ae94b2e2b4943476bbea5?s=96&d=blank&r=g","caption":"Leinewelle"},"sameAs":["http:\/\/localhost\/radio%20leinewelle\/wordpress","https:\/\/www.facebook.com\/radioleinewelle","https:\/\/www.instagram.com\/radioleinewelle","https:\/\/x.com\/https:\/\/twitter.com\/RLeinewelle?ref_src=twsrcgoogletwcampserptwgrauthor","https:\/\/soundcloud.com\/foerderverein-lokalradio?utm_source=clipboard&utm_medium=text&utm_campaign=social_sharing"],"url":"https:\/\/radioleinewelle.de\/index.php\/author\/leinewelle\/"}]}},"_links":{"self":[{"href":"https:\/\/radioleinewelle.de\/index.php\/wp-json\/wp\/v2\/posts\/17545","targetHints":{"allow":["GET"]}}],"collection":[{"href":"https:\/\/radioleinewelle.de\/index.php\/wp-json\/wp\/v2\/posts"}],"about":[{"href":"https:\/\/radioleinewelle.de\/index.php\/wp-json\/wp\/v2\/types\/post"}],"author":[{"embeddable":true,"href":"https:\/\/radioleinewelle.de\/index.php\/wp-json\/wp\/v2\/users\/1"}],"replies":[{"embeddable":true,"href":"https:\/\/radioleinewelle.de\/index.php\/wp-json\/wp\/v2\/comments?post=17545"}],"version-history":[{"count":0,"href":"https:\/\/radioleinewelle.de\/index.php\/wp-json\/wp\/v2\/posts\/17545\/revisions"}],"wp:attachment":[{"href":"https:\/\/radioleinewelle.de\/index.php\/wp-json\/wp\/v2\/media?parent=17545"}],"wp:term":[{"taxonomy":"category","embeddable":true,"href":"https:\/\/radioleinewelle.de\/index.php\/wp-json\/wp\/v2\/categories?post=17545"},{"taxonomy":"post_tag","embeddable":true,"href":"https:\/\/radioleinewelle.de\/index.php\/wp-json\/wp\/v2\/tags?post=17545"}],"curies":[{"name":"wp","href":"https:\/\/api.w.org\/{rel}","templated":true}]}}