{"id":17549,"date":"2023-01-10T06:58:45","date_gmt":"2023-01-10T05:58:45","guid":{"rendered":"https:\/\/radioleinewelle.de\/?p=17549"},"modified":"2023-01-31T12:43:11","modified_gmt":"2023-01-31T11:43:11","slug":"mann-in-alfeld-durch-messerstich-lebensgefaehrlich-verletzt","status":"publish","type":"post","link":"https:\/\/radioleinewelle.de\/index.php\/2023\/01\/10\/mann-in-alfeld-durch-messerstich-lebensgefaehrlich-verletzt\/","title":{"rendered":"Mann in Alfeld durch Messerstich lebensgef\u00e4hrlich verletzt"},"content":{"rendered":"\n<p>Ein 42-j\u00e4hriger Mann wurde am vergangenen Donnerstagabend , bei einer Auseinandersetzung in einem Wohnhaus im Warzer Weg (Alfeld) mit einem Messer lebensbedrohlich verletzt.<\/p>\n\n\n\n<p>In diesem Zusammenhang wurde ein 39-j\u00e4hriger Tatverd\u00e4chtiger vorl\u00e4ufig festgenommen. Nach ersten Erkenntnissen sollen die beiden unter Alkoholeinfluss stehenden M\u00e4nner aus bisher nicht bekannter Ursache in Streit geraten sein, in dessen Verlauf der Tatverd\u00e4chtige dem Opfer mit einem Messer in den Oberk\u00f6rper gestochen haben soll.<\/p>\n\n\n\n<p>Der Mann wurde schwer verletzt in ein Krankenhaus eingeliefert. Er konnte bisher nicht zu dem Vorfall befragt werden. Der Tatverd\u00e4chtige wurde vorl\u00e4ufig festgenommen und zur Polizeiienststelle nach Hildesheim verbracht. Er verweigert bisher eine Aussage. Gegen ihn wurde ein Ermittlungsverfahren wegen eines versuchten T\u00f6tungsdeliktes eingeleitet.<\/p>\n\n\n\n<p>Die genauen Hintergr\u00fcnde und Umst\u00e4nde des Geschehens sind bisher unklar und Gegenstand der nun laufenden Ermittlungen. Auf Antrag der Staatsanwaltschaft erlie\u00df das Amtsgericht Hildesheim am heutigen Freitag einen Untersuchungshaftbefehl gegen den 39-J\u00e4hrigen. Er wurde anschlie\u00dfend in eine Justizvollzugsanstalt gebracht.<\/p>\n","protected":false},"excerpt":{"rendered":"<p>Ein 42-j\u00e4hriger Mann wurde am vergangenen Donnerstagabend , bei einer Auseinandersetzung in einem Wohnhaus im Warzer Weg (Alfeld) mit einem Messer lebensbedrohlich verletzt. In diesem Zusammenhang wurde ein 39-j\u00e4hriger Tatverd\u00e4chtiger vorl\u00e4ufig festgenommen. Nach ersten Erkenntnissen sollen die beiden unter Alkoholeinfluss stehenden M\u00e4nner aus bisher nicht bekannter Ursache in Streit geraten sein, in dessen Verlauf der [&hellip;]<\/p>\n","protected":false},"author":1,"featured_media":20875,"comment_status":"closed","ping_status":"closed","sticky":false,"template":"","format":"standard","meta":{"saved_in_kubio":false,"footnotes":""},"categories":[1],"tags":[],"class_list":["post-17549","post","type-post","status-publish","format-standard","has-post-thumbnail","hentry","category-allgemein"],"yoast_head":"<!-- This site is optimized with the Yoast SEO plugin v27.5 - https:\/\/yoast.com\/product\/yoast-seo-wordpress\/ -->\n<title>Mann in Alfeld durch Messerstich lebensgef\u00e4hrlich verletzt - Radio Leinewelle<\/title>\n<meta name=\"robots\" content=\"index, follow, max-snippet:-1, max-image-preview:large, max-video-preview:-1\" \/>\n<link rel=\"canonical\" href=\"https:\/\/radioleinewelle.de\/index.php\/2023\/01\/10\/mann-in-alfeld-durch-messerstich-lebensgefaehrlich-verletzt\/\" \/>\n<meta property=\"og:locale\" content=\"de_DE\" \/>\n<meta property=\"og:type\" content=\"article\" \/>\n<meta property=\"og:title\" content=\"Mann in Alfeld durch Messerstich lebensgef\u00e4hrlich verletzt - Radio Leinewelle\" \/>\n<meta property=\"og:description\" content=\"Ein 42-j\u00e4hriger Mann wurde am vergangenen Donnerstagabend , bei einer Auseinandersetzung in einem Wohnhaus im Warzer Weg (Alfeld) mit einem Messer lebensbedrohlich verletzt. In diesem Zusammenhang wurde ein 39-j\u00e4hriger Tatverd\u00e4chtiger vorl\u00e4ufig festgenommen. Nach ersten Erkenntnissen sollen die beiden unter Alkoholeinfluss stehenden M\u00e4nner aus bisher nicht bekannter Ursache in Streit geraten sein, in dessen Verlauf der [&hellip;]\" \/>\n<meta property=\"og:url\" content=\"https:\/\/radioleinewelle.de\/index.php\/2023\/01\/10\/mann-in-alfeld-durch-messerstich-lebensgefaehrlich-verletzt\/\" \/>\n<meta property=\"og:site_name\" content=\"Radio Leinewelle\" \/>\n<meta property=\"article:publisher\" content=\"https:\/\/www.facebook.com\/radioleinewelle\" \/>\n<meta property=\"article:author\" content=\"https:\/\/www.facebook.com\/radioleinewelle\" \/>\n<meta property=\"article:published_time\" content=\"2023-01-10T05:58:45+00:00\" \/>\n<meta property=\"article:modified_time\" content=\"2023-01-31T11:43:11+00:00\" \/>\n<meta property=\"og:image\" content=\"https:\/\/radioleinewelle.de\/wp-content\/uploads\/2023\/01\/News.jpg\" \/>\n\t<meta property=\"og:image:width\" content=\"1024\" \/>\n\t<meta property=\"og:image:height\" content=\"1024\" \/>\n\t<meta property=\"og:image:type\" content=\"image\/jpeg\" \/>\n<meta name=\"author\" content=\"Leinewelle\" \/>\n<meta name=\"twitter:card\" content=\"summary_large_image\" \/>\n<meta name=\"twitter:creator\" content=\"@https:\/\/twitter.com\/RLeinewelle?ref_src=twsrcgoogletwcampserptwgrauthor\" \/>\n<meta name=\"twitter:site\" content=\"@RLeinewelle\" \/>\n<meta name=\"twitter:label1\" content=\"Verfasst von\" \/>\n\t<meta name=\"twitter:data1\" content=\"Leinewelle\" \/>\n<script type=\"application\/ld+json\" class=\"yoast-schema-graph\">{\"@context\":\"https:\\\/\\\/schema.org\",\"@graph\":[{\"@type\":\"Article\",\"@id\":\"https:\\\/\\\/radioleinewelle.de\\\/index.php\\\/2023\\\/01\\\/10\\\/mann-in-alfeld-durch-messerstich-lebensgefaehrlich-verletzt\\\/#article\",\"isPartOf\":{\"@id\":\"https:\\\/\\\/radioleinewelle.de\\\/index.php\\\/2023\\\/01\\\/10\\\/mann-in-alfeld-durch-messerstich-lebensgefaehrlich-verletzt\\\/\"},\"author\":{\"name\":\"Leinewelle\",\"@id\":\"https:\\\/\\\/radioleinewelle.de\\\/#\\\/schema\\\/person\\\/45606f348637df637192dc1b68399a63\"},\"headline\":\"Mann in Alfeld durch Messerstich lebensgef\u00e4hrlich verletzt\",\"datePublished\":\"2023-01-10T05:58:45+00:00\",\"dateModified\":\"2023-01-31T11:43:11+00:00\",\"mainEntityOfPage\":{\"@id\":\"https:\\\/\\\/radioleinewelle.de\\\/index.php\\\/2023\\\/01\\\/10\\\/mann-in-alfeld-durch-messerstich-lebensgefaehrlich-verletzt\\\/\"},\"wordCount\":171,\"publisher\":{\"@id\":\"https:\\\/\\\/radioleinewelle.de\\\/#organization\"},\"image\":{\"@id\":\"https:\\\/\\\/radioleinewelle.de\\\/index.php\\\/2023\\\/01\\\/10\\\/mann-in-alfeld-durch-messerstich-lebensgefaehrlich-verletzt\\\/#primaryimage\"},\"thumbnailUrl\":\"https:\\\/\\\/radioleinewelle.de\\\/wp-content\\\/uploads\\\/2023\\\/01\\\/News.jpg\",\"inLanguage\":\"de\"},{\"@type\":\"WebPage\",\"@id\":\"https:\\\/\\\/radioleinewelle.de\\\/index.php\\\/2023\\\/01\\\/10\\\/mann-in-alfeld-durch-messerstich-lebensgefaehrlich-verletzt\\\/\",\"url\":\"https:\\\/\\\/radioleinewelle.de\\\/index.php\\\/2023\\\/01\\\/10\\\/mann-in-alfeld-durch-messerstich-lebensgefaehrlich-verletzt\\\/\",\"name\":\"Mann in Alfeld durch Messerstich lebensgef\u00e4hrlich verletzt - Radio Leinewelle\",\"isPartOf\":{\"@id\":\"https:\\\/\\\/radioleinewelle.de\\\/#website\"},\"primaryImageOfPage\":{\"@id\":\"https:\\\/\\\/radioleinewelle.de\\\/index.php\\\/2023\\\/01\\\/10\\\/mann-in-alfeld-durch-messerstich-lebensgefaehrlich-verletzt\\\/#primaryimage\"},\"image\":{\"@id\":\"https:\\\/\\\/radioleinewelle.de\\\/index.php\\\/2023\\\/01\\\/10\\\/mann-in-alfeld-durch-messerstich-lebensgefaehrlich-verletzt\\\/#primaryimage\"},\"thumbnailUrl\":\"https:\\\/\\\/radioleinewelle.de\\\/wp-content\\\/uploads\\\/2023\\\/01\\\/News.jpg\",\"datePublished\":\"2023-01-10T05:58:45+00:00\",\"dateModified\":\"2023-01-31T11:43:11+00:00\",\"breadcrumb\":{\"@id\":\"https:\\\/\\\/radioleinewelle.de\\\/index.php\\\/2023\\\/01\\\/10\\\/mann-in-alfeld-durch-messerstich-lebensgefaehrlich-verletzt\\\/#breadcrumb\"},\"inLanguage\":\"de\",\"potentialAction\":[{\"@type\":\"ReadAction\",\"target\":[\"https:\\\/\\\/radioleinewelle.de\\\/index.php\\\/2023\\\/01\\\/10\\\/mann-in-alfeld-durch-messerstich-lebensgefaehrlich-verletzt\\\/\"]}]},{\"@type\":\"ImageObject\",\"inLanguage\":\"de\",\"@id\":\"https:\\\/\\\/radioleinewelle.de\\\/index.php\\\/2023\\\/01\\\/10\\\/mann-in-alfeld-durch-messerstich-lebensgefaehrlich-verletzt\\\/#primaryimage\",\"url\":\"https:\\\/\\\/radioleinewelle.de\\\/wp-content\\\/uploads\\\/2023\\\/01\\\/News.jpg\",\"contentUrl\":\"https:\\\/\\\/radioleinewelle.de\\\/wp-content\\\/uploads\\\/2023\\\/01\\\/News.jpg\",\"width\":3709,\"height\":3709},{\"@type\":\"BreadcrumbList\",\"@id\":\"https:\\\/\\\/radioleinewelle.de\\\/index.php\\\/2023\\\/01\\\/10\\\/mann-in-alfeld-durch-messerstich-lebensgefaehrlich-verletzt\\\/#breadcrumb\",\"itemListElement\":[{\"@type\":\"ListItem\",\"position\":1,\"name\":\"Startseite\",\"item\":\"https:\\\/\\\/radioleinewelle.de\\\/\"},{\"@type\":\"ListItem\",\"position\":2,\"name\":\"Mann in Alfeld durch Messerstich lebensgef\u00e4hrlich verletzt\"}]},{\"@type\":\"WebSite\",\"@id\":\"https:\\\/\\\/radioleinewelle.de\\\/#website\",\"url\":\"https:\\\/\\\/radioleinewelle.de\\\/\",\"name\":\"Radio Leinewelle\",\"description\":\"\",\"publisher\":{\"@id\":\"https:\\\/\\\/radioleinewelle.de\\\/#organization\"},\"potentialAction\":[{\"@type\":\"SearchAction\",\"target\":{\"@type\":\"EntryPoint\",\"urlTemplate\":\"https:\\\/\\\/radioleinewelle.de\\\/?s={search_term_string}\"},\"query-input\":{\"@type\":\"PropertyValueSpecification\",\"valueRequired\":true,\"valueName\":\"search_term_string\"}}],\"inLanguage\":\"de\"},{\"@type\":\"Organization\",\"@id\":\"https:\\\/\\\/radioleinewelle.de\\\/#organization\",\"name\":\"Radio Leinewelle\",\"alternateName\":\"Mein Radio f\u00fcr S\u00fcdniedersachsen\",\"url\":\"https:\\\/\\\/radioleinewelle.de\\\/\",\"logo\":{\"@type\":\"ImageObject\",\"inLanguage\":\"de\",\"@id\":\"https:\\\/\\\/radioleinewelle.de\\\/#\\\/schema\\\/logo\\\/image\\\/\",\"url\":\"https:\\\/\\\/radioleinewelle.de\\\/wp-content\\\/uploads\\\/2023\\\/11\\\/cropped-Leinewelle_Logo_weiss.png\",\"contentUrl\":\"https:\\\/\\\/radioleinewelle.de\\\/wp-content\\\/uploads\\\/2023\\\/11\\\/cropped-Leinewelle_Logo_weiss.png\",\"width\":854,\"height\":260,\"caption\":\"Radio Leinewelle\"},\"image\":{\"@id\":\"https:\\\/\\\/radioleinewelle.de\\\/#\\\/schema\\\/logo\\\/image\\\/\"},\"sameAs\":[\"https:\\\/\\\/www.facebook.com\\\/radioleinewelle\",\"https:\\\/\\\/x.com\\\/RLeinewelle\",\"https:\\\/\\\/www.instagram.com\\\/radioleinewelle\\\/?hl=de\"]},{\"@type\":\"Person\",\"@id\":\"https:\\\/\\\/radioleinewelle.de\\\/#\\\/schema\\\/person\\\/45606f348637df637192dc1b68399a63\",\"name\":\"Leinewelle\",\"image\":{\"@type\":\"ImageObject\",\"inLanguage\":\"de\",\"@id\":\"https:\\\/\\\/secure.gravatar.com\\\/avatar\\\/05c9a17bc973052ee5d91549bd32fb4dd0dc85b7b85ae94b2e2b4943476bbea5?s=96&d=blank&r=g\",\"url\":\"https:\\\/\\\/secure.gravatar.com\\\/avatar\\\/05c9a17bc973052ee5d91549bd32fb4dd0dc85b7b85ae94b2e2b4943476bbea5?s=96&d=blank&r=g\",\"contentUrl\":\"https:\\\/\\\/secure.gravatar.com\\\/avatar\\\/05c9a17bc973052ee5d91549bd32fb4dd0dc85b7b85ae94b2e2b4943476bbea5?s=96&d=blank&r=g\",\"caption\":\"Leinewelle\"},\"sameAs\":[\"http:\\\/\\\/localhost\\\/radio%20leinewelle\\\/wordpress\",\"https:\\\/\\\/www.facebook.com\\\/radioleinewelle\",\"https:\\\/\\\/www.instagram.com\\\/radioleinewelle\",\"https:\\\/\\\/x.com\\\/https:\\\/\\\/twitter.com\\\/RLeinewelle?ref_src=twsrcgoogletwcampserptwgrauthor\",\"https:\\\/\\\/soundcloud.com\\\/foerderverein-lokalradio?utm_source=clipboard&utm_medium=text&utm_campaign=social_sharing\"],\"url\":\"https:\\\/\\\/radioleinewelle.de\\\/index.php\\\/author\\\/leinewelle\\\/\"}]}<\/script>\n<!-- \/ Yoast SEO plugin. -->","yoast_head_json":{"title":"Mann in Alfeld durch Messerstich lebensgef\u00e4hrlich verletzt - Radio Leinewelle","robots":{"index":"index","follow":"follow","max-snippet":"max-snippet:-1","max-image-preview":"max-image-preview:large","max-video-preview":"max-video-preview:-1"},"canonical":"https:\/\/radioleinewelle.de\/index.php\/2023\/01\/10\/mann-in-alfeld-durch-messerstich-lebensgefaehrlich-verletzt\/","og_locale":"de_DE","og_type":"article","og_title":"Mann in Alfeld durch Messerstich lebensgef\u00e4hrlich verletzt - Radio Leinewelle","og_description":"Ein 42-j\u00e4hriger Mann wurde am vergangenen Donnerstagabend , bei einer Auseinandersetzung in einem Wohnhaus im Warzer Weg (Alfeld) mit einem Messer lebensbedrohlich verletzt. In diesem Zusammenhang wurde ein 39-j\u00e4hriger Tatverd\u00e4chtiger vorl\u00e4ufig festgenommen. Nach ersten Erkenntnissen sollen die beiden unter Alkoholeinfluss stehenden M\u00e4nner aus bisher nicht bekannter Ursache in Streit geraten sein, in dessen Verlauf der [&hellip;]","og_url":"https:\/\/radioleinewelle.de\/index.php\/2023\/01\/10\/mann-in-alfeld-durch-messerstich-lebensgefaehrlich-verletzt\/","og_site_name":"Radio Leinewelle","article_publisher":"https:\/\/www.facebook.com\/radioleinewelle","article_author":"https:\/\/www.facebook.com\/radioleinewelle","article_published_time":"2023-01-10T05:58:45+00:00","article_modified_time":"2023-01-31T11:43:11+00:00","og_image":[{"url":"https:\/\/radioleinewelle.de\/wp-content\/uploads\/2023\/01\/News.jpg","width":1024,"height":1024,"type":"image\/jpeg"}],"author":"Leinewelle","twitter_card":"summary_large_image","twitter_creator":"@https:\/\/twitter.com\/RLeinewelle?ref_src=twsrcgoogletwcampserptwgrauthor","twitter_site":"@RLeinewelle","twitter_misc":{"Verfasst von":"Leinewelle"},"schema":{"@context":"https:\/\/schema.org","@graph":[{"@type":"Article","@id":"https:\/\/radioleinewelle.de\/index.php\/2023\/01\/10\/mann-in-alfeld-durch-messerstich-lebensgefaehrlich-verletzt\/#article","isPartOf":{"@id":"https:\/\/radioleinewelle.de\/index.php\/2023\/01\/10\/mann-in-alfeld-durch-messerstich-lebensgefaehrlich-verletzt\/"},"author":{"name":"Leinewelle","@id":"https:\/\/radioleinewelle.de\/#\/schema\/person\/45606f348637df637192dc1b68399a63"},"headline":"Mann in Alfeld durch Messerstich lebensgef\u00e4hrlich verletzt","datePublished":"2023-01-10T05:58:45+00:00","dateModified":"2023-01-31T11:43:11+00:00","mainEntityOfPage":{"@id":"https:\/\/radioleinewelle.de\/index.php\/2023\/01\/10\/mann-in-alfeld-durch-messerstich-lebensgefaehrlich-verletzt\/"},"wordCount":171,"publisher":{"@id":"https:\/\/radioleinewelle.de\/#organization"},"image":{"@id":"https:\/\/radioleinewelle.de\/index.php\/2023\/01\/10\/mann-in-alfeld-durch-messerstich-lebensgefaehrlich-verletzt\/#primaryimage"},"thumbnailUrl":"https:\/\/radioleinewelle.de\/wp-content\/uploads\/2023\/01\/News.jpg","inLanguage":"de"},{"@type":"WebPage","@id":"https:\/\/radioleinewelle.de\/index.php\/2023\/01\/10\/mann-in-alfeld-durch-messerstich-lebensgefaehrlich-verletzt\/","url":"https:\/\/radioleinewelle.de\/index.php\/2023\/01\/10\/mann-in-alfeld-durch-messerstich-lebensgefaehrlich-verletzt\/","name":"Mann in Alfeld durch Messerstich lebensgef\u00e4hrlich verletzt - Radio Leinewelle","isPartOf":{"@id":"https:\/\/radioleinewelle.de\/#website"},"primaryImageOfPage":{"@id":"https:\/\/radioleinewelle.de\/index.php\/2023\/01\/10\/mann-in-alfeld-durch-messerstich-lebensgefaehrlich-verletzt\/#primaryimage"},"image":{"@id":"https:\/\/radioleinewelle.de\/index.php\/2023\/01\/10\/mann-in-alfeld-durch-messerstich-lebensgefaehrlich-verletzt\/#primaryimage"},"thumbnailUrl":"https:\/\/radioleinewelle.de\/wp-content\/uploads\/2023\/01\/News.jpg","datePublished":"2023-01-10T05:58:45+00:00","dateModified":"2023-01-31T11:43:11+00:00","breadcrumb":{"@id":"https:\/\/radioleinewelle.de\/index.php\/2023\/01\/10\/mann-in-alfeld-durch-messerstich-lebensgefaehrlich-verletzt\/#breadcrumb"},"inLanguage":"de","potentialAction":[{"@type":"ReadAction","target":["https:\/\/radioleinewelle.de\/index.php\/2023\/01\/10\/mann-in-alfeld-durch-messerstich-lebensgefaehrlich-verletzt\/"]}]},{"@type":"ImageObject","inLanguage":"de","@id":"https:\/\/radioleinewelle.de\/index.php\/2023\/01\/10\/mann-in-alfeld-durch-messerstich-lebensgefaehrlich-verletzt\/#primaryimage","url":"https:\/\/radioleinewelle.de\/wp-content\/uploads\/2023\/01\/News.jpg","contentUrl":"https:\/\/radioleinewelle.de\/wp-content\/uploads\/2023\/01\/News.jpg","width":3709,"height":3709},{"@type":"BreadcrumbList","@id":"https:\/\/radioleinewelle.de\/index.php\/2023\/01\/10\/mann-in-alfeld-durch-messerstich-lebensgefaehrlich-verletzt\/#breadcrumb","itemListElement":[{"@type":"ListItem","position":1,"name":"Startseite","item":"https:\/\/radioleinewelle.de\/"},{"@type":"ListItem","position":2,"name":"Mann in Alfeld durch Messerstich lebensgef\u00e4hrlich verletzt"}]},{"@type":"WebSite","@id":"https:\/\/radioleinewelle.de\/#website","url":"https:\/\/radioleinewelle.de\/","name":"Radio Leinewelle","description":"","publisher":{"@id":"https:\/\/radioleinewelle.de\/#organization"},"potentialAction":[{"@type":"SearchAction","target":{"@type":"EntryPoint","urlTemplate":"https:\/\/radioleinewelle.de\/?s={search_term_string}"},"query-input":{"@type":"PropertyValueSpecification","valueRequired":true,"valueName":"search_term_string"}}],"inLanguage":"de"},{"@type":"Organization","@id":"https:\/\/radioleinewelle.de\/#organization","name":"Radio Leinewelle","alternateName":"Mein Radio f\u00fcr S\u00fcdniedersachsen","url":"https:\/\/radioleinewelle.de\/","logo":{"@type":"ImageObject","inLanguage":"de","@id":"https:\/\/radioleinewelle.de\/#\/schema\/logo\/image\/","url":"https:\/\/radioleinewelle.de\/wp-content\/uploads\/2023\/11\/cropped-Leinewelle_Logo_weiss.png","contentUrl":"https:\/\/radioleinewelle.de\/wp-content\/uploads\/2023\/11\/cropped-Leinewelle_Logo_weiss.png","width":854,"height":260,"caption":"Radio Leinewelle"},"image":{"@id":"https:\/\/radioleinewelle.de\/#\/schema\/logo\/image\/"},"sameAs":["https:\/\/www.facebook.com\/radioleinewelle","https:\/\/x.com\/RLeinewelle","https:\/\/www.instagram.com\/radioleinewelle\/?hl=de"]},{"@type":"Person","@id":"https:\/\/radioleinewelle.de\/#\/schema\/person\/45606f348637df637192dc1b68399a63","name":"Leinewelle","image":{"@type":"ImageObject","inLanguage":"de","@id":"https:\/\/secure.gravatar.com\/avatar\/05c9a17bc973052ee5d91549bd32fb4dd0dc85b7b85ae94b2e2b4943476bbea5?s=96&d=blank&r=g","url":"https:\/\/secure.gravatar.com\/avatar\/05c9a17bc973052ee5d91549bd32fb4dd0dc85b7b85ae94b2e2b4943476bbea5?s=96&d=blank&r=g","contentUrl":"https:\/\/secure.gravatar.com\/avatar\/05c9a17bc973052ee5d91549bd32fb4dd0dc85b7b85ae94b2e2b4943476bbea5?s=96&d=blank&r=g","caption":"Leinewelle"},"sameAs":["http:\/\/localhost\/radio%20leinewelle\/wordpress","https:\/\/www.facebook.com\/radioleinewelle","https:\/\/www.instagram.com\/radioleinewelle","https:\/\/x.com\/https:\/\/twitter.com\/RLeinewelle?ref_src=twsrcgoogletwcampserptwgrauthor","https:\/\/soundcloud.com\/foerderverein-lokalradio?utm_source=clipboard&utm_medium=text&utm_campaign=social_sharing"],"url":"https:\/\/radioleinewelle.de\/index.php\/author\/leinewelle\/"}]}},"_links":{"self":[{"href":"https:\/\/radioleinewelle.de\/index.php\/wp-json\/wp\/v2\/posts\/17549","targetHints":{"allow":["GET"]}}],"collection":[{"href":"https:\/\/radioleinewelle.de\/index.php\/wp-json\/wp\/v2\/posts"}],"about":[{"href":"https:\/\/radioleinewelle.de\/index.php\/wp-json\/wp\/v2\/types\/post"}],"author":[{"embeddable":true,"href":"https:\/\/radioleinewelle.de\/index.php\/wp-json\/wp\/v2\/users\/1"}],"replies":[{"embeddable":true,"href":"https:\/\/radioleinewelle.de\/index.php\/wp-json\/wp\/v2\/comments?post=17549"}],"version-history":[{"count":1,"href":"https:\/\/radioleinewelle.de\/index.php\/wp-json\/wp\/v2\/posts\/17549\/revisions"}],"predecessor-version":[{"id":20932,"href":"https:\/\/radioleinewelle.de\/index.php\/wp-json\/wp\/v2\/posts\/17549\/revisions\/20932"}],"wp:featuredmedia":[{"embeddable":true,"href":"https:\/\/radioleinewelle.de\/index.php\/wp-json\/wp\/v2\/media\/20875"}],"wp:attachment":[{"href":"https:\/\/radioleinewelle.de\/index.php\/wp-json\/wp\/v2\/media?parent=17549"}],"wp:term":[{"taxonomy":"category","embeddable":true,"href":"https:\/\/radioleinewelle.de\/index.php\/wp-json\/wp\/v2\/categories?post=17549"},{"taxonomy":"post_tag","embeddable":true,"href":"https:\/\/radioleinewelle.de\/index.php\/wp-json\/wp\/v2\/tags?post=17549"}],"curies":[{"name":"wp","href":"https:\/\/api.w.org\/{rel}","templated":true}]}}