{"id":17573,"date":"2023-01-11T06:56:11","date_gmt":"2023-01-11T05:56:11","guid":{"rendered":"https:\/\/radioleinewelle.de\/?p=17573"},"modified":"2023-01-11T06:56:11","modified_gmt":"2023-01-11T05:56:11","slug":"a7-weiter-in-suedrichtung-gesperrt-erste-hinweise-auf-moeglichen-verursacher","status":"publish","type":"post","link":"https:\/\/radioleinewelle.de\/index.php\/2023\/01\/11\/a7-weiter-in-suedrichtung-gesperrt-erste-hinweise-auf-moeglichen-verursacher\/","title":{"rendered":"A7 weiter in S\u00fcdrichtung gesperrt &#8211; erste Hinweise auf m\u00f6glichen Verursacher"},"content":{"rendered":"\n<p>Die Autobahn in Fahrtrichtung Kassel (Hessen) ist seit Sonntagnacht (08.01.23) zwischen den Anschlussstellen Northeim-Nord und Hann. M\u00fcnden-Lutterberg auf einer Gesamtl\u00e4nge von rund 60 Kilometern f\u00fcr die umfangreichen und sehr aufwendigen Reinigungsarbeiten voll gesperrt. Die Verkehrslage auf den Umleitungsstrecken bleibt angespannt. Die Polizei empfiehlt, den Bereich nach M\u00f6glichkeit weitr\u00e4umig zu umfahren.<\/p>\n\n\n\n<p><strong>Verursacher noch unbekannt &#8211; Autobahnpolizei geht ersten Hinweisen nach<\/strong><\/p>\n\n\n\n<p>Bei der Autobahnpolizei sind inzwischen einige Hinweise zum m\u00f6glichen Verursacher eingegangen, die derzeit gepr\u00fcft und abgearbeitet werden. Unabh\u00e4ngig davon werden weitere Zeugen gesucht und gebeten, sich zu melden. Die Wache der Autobahnpolizei ist 24\/7 unter der 0551\/491-6515 erreichbar.<\/p>\n\n\n\n<p>Aufgrund der bislang eingegangenen Meldungen verdichten sich die Hinweise auf einen Sattelzug mit einem sehr hellem Tankauflieger mit seitlichem gelben Aufdruck als m\u00f6glichen Verursacher. Die Insassen eines am Sonntagabend (08.01.23) auf der A 7 in Richtung Hann. M\u00fcnden fahrenden PKW gaben an, gegen 23.10 Uhr in H\u00f6he des Autobahndreiecks Drammetal zun\u00e4chst eine &#8222;flockige&#8220; Verunreinigung der Fahrbahn bemerkt zu haben. Wenig sp\u00e4ter habe man den besagten Tanklaster \u00fcberholt und danach festgestellt, dass die Fahrbahn v\u00f6llig sauber gewesen sei.<\/p>\n\n\n\n<p>Ein weiterer Zeuge berichtete den Beamten davon, dass ein &#8222;LKW mit Tankauflieger&#8220; zwischen 22.30 und 22.45 Uhr an der AS Northeim-Nord vorbeigefahren sei. Die Weg-Zeit-Berechnung legt den Verdacht nahe, dass es sich um dasselbe Fahrzeug gehandelt haben k\u00f6nnte. Die Ermittlungen dazu dauern an.<\/p>\n\n\n\n<p><strong>Ermittlungsverfahren<\/strong><\/p>\n\n\n\n<p>Die Verunreinigung der Fahrbahn hat nach gegenw\u00e4rtigem Stand bislang weder eine straf- noch eine ordnungswidigkeitenrechtliche Relevanz. Eventuell in Betracht kommende Straftatbest\u00e4nde, wie z. B. der Verdacht einer Umweltstraftat oder eine fahrl\u00e4ssige Gew\u00e4sserverunreinigung, k\u00f6nnen zum jetzigen Zeitpunkt nicht begr\u00fcndet werden. Nach abschlie\u00dfender chemischer Analyse der wachsartigen Substanz werden die einschl\u00e4gigen Tatbest\u00e4nde eventuell einer neuen rechtlichen Pr\u00fcfung unterzogen.<\/p>\n\n\n\n<p>Im Bereich der Ordnungswidrigkeiten k\u00f6nnten eine mangelnde Ladungssicherung oder aber die \u00fcberm\u00e4\u00dfige Verschmutzung der Fahrbahn verwarn- bzw. bu\u00dfgeldbewehrte Tatbest\u00e4nde verwirklichen. F\u00fcr eine Verfolgung\/Ahndung der Verst\u00f6\u00dfe ist allerdings zwingend die Ermittlung des Fahrers Voraussetzung. Hinweise darauf, dass Klimaaktivsten f\u00fcr das Geschehen verantwortlich sein k\u00f6nnten, liegen nicht vor.<\/p>\n","protected":false},"excerpt":{"rendered":"<p>Die Autobahn in Fahrtrichtung Kassel (Hessen) ist seit Sonntagnacht (08.01.23) zwischen den Anschlussstellen Northeim-Nord und Hann. M\u00fcnden-Lutterberg auf einer Gesamtl\u00e4nge von rund 60 Kilometern f\u00fcr die umfangreichen und sehr aufwendigen Reinigungsarbeiten voll gesperrt. Die Verkehrslage auf den Umleitungsstrecken bleibt angespannt. Die Polizei empfiehlt, den Bereich nach M\u00f6glichkeit weitr\u00e4umig zu umfahren. Verursacher noch unbekannt &#8211; Autobahnpolizei [&hellip;]<\/p>\n","protected":false},"author":1,"featured_media":17540,"comment_status":"closed","ping_status":"closed","sticky":false,"template":"","format":"standard","meta":{"saved_in_kubio":false,"footnotes":""},"categories":[1],"tags":[],"class_list":["post-17573","post","type-post","status-publish","format-standard","has-post-thumbnail","hentry","category-allgemein"],"yoast_head":"<!-- This site is optimized with the Yoast SEO plugin v27.5 - https:\/\/yoast.com\/product\/yoast-seo-wordpress\/ -->\n<title>A7 weiter in S\u00fcdrichtung gesperrt - erste Hinweise auf m\u00f6glichen Verursacher - Radio Leinewelle<\/title>\n<meta name=\"robots\" content=\"index, follow, max-snippet:-1, max-image-preview:large, max-video-preview:-1\" \/>\n<link rel=\"canonical\" href=\"https:\/\/radioleinewelle.de\/index.php\/2023\/01\/11\/a7-weiter-in-suedrichtung-gesperrt-erste-hinweise-auf-moeglichen-verursacher\/\" \/>\n<meta property=\"og:locale\" content=\"de_DE\" \/>\n<meta property=\"og:type\" content=\"article\" \/>\n<meta property=\"og:title\" content=\"A7 weiter in S\u00fcdrichtung gesperrt - erste Hinweise auf m\u00f6glichen Verursacher - Radio Leinewelle\" \/>\n<meta property=\"og:description\" content=\"Die Autobahn in Fahrtrichtung Kassel (Hessen) ist seit Sonntagnacht (08.01.23) zwischen den Anschlussstellen Northeim-Nord und Hann. M\u00fcnden-Lutterberg auf einer Gesamtl\u00e4nge von rund 60 Kilometern f\u00fcr die umfangreichen und sehr aufwendigen Reinigungsarbeiten voll gesperrt. Die Verkehrslage auf den Umleitungsstrecken bleibt angespannt. Die Polizei empfiehlt, den Bereich nach M\u00f6glichkeit weitr\u00e4umig zu umfahren. Verursacher noch unbekannt &#8211; Autobahnpolizei [&hellip;]\" \/>\n<meta property=\"og:url\" content=\"https:\/\/radioleinewelle.de\/index.php\/2023\/01\/11\/a7-weiter-in-suedrichtung-gesperrt-erste-hinweise-auf-moeglichen-verursacher\/\" \/>\n<meta property=\"og:site_name\" content=\"Radio Leinewelle\" \/>\n<meta property=\"article:publisher\" content=\"https:\/\/www.facebook.com\/radioleinewelle\" \/>\n<meta property=\"article:author\" content=\"https:\/\/www.facebook.com\/radioleinewelle\" \/>\n<meta property=\"article:published_time\" content=\"2023-01-11T05:56:11+00:00\" \/>\n<meta property=\"og:image\" content=\"https:\/\/radioleinewelle.de\/wp-content\/uploads\/2023\/01\/230109_Paraffinverschmutzung_A7_I_Quelle_DieAutobahn-scaled-e1673275403499.jpg\" \/>\n\t<meta property=\"og:image:width\" content=\"600\" \/>\n\t<meta property=\"og:image:height\" content=\"450\" \/>\n\t<meta property=\"og:image:type\" content=\"image\/jpeg\" \/>\n<meta name=\"author\" content=\"Leinewelle\" \/>\n<meta name=\"twitter:card\" content=\"summary_large_image\" \/>\n<meta name=\"twitter:creator\" content=\"@https:\/\/twitter.com\/RLeinewelle?ref_src=twsrcgoogletwcampserptwgrauthor\" \/>\n<meta name=\"twitter:site\" content=\"@RLeinewelle\" \/>\n<meta name=\"twitter:label1\" content=\"Verfasst von\" \/>\n\t<meta name=\"twitter:data1\" content=\"Leinewelle\" \/>\n\t<meta name=\"twitter:label2\" content=\"Gesch\u00e4tzte Lesezeit\" \/>\n\t<meta name=\"twitter:data2\" content=\"2\u00a0Minuten\" \/>\n<script type=\"application\/ld+json\" class=\"yoast-schema-graph\">{\"@context\":\"https:\\\/\\\/schema.org\",\"@graph\":[{\"@type\":\"Article\",\"@id\":\"https:\\\/\\\/radioleinewelle.de\\\/index.php\\\/2023\\\/01\\\/11\\\/a7-weiter-in-suedrichtung-gesperrt-erste-hinweise-auf-moeglichen-verursacher\\\/#article\",\"isPartOf\":{\"@id\":\"https:\\\/\\\/radioleinewelle.de\\\/index.php\\\/2023\\\/01\\\/11\\\/a7-weiter-in-suedrichtung-gesperrt-erste-hinweise-auf-moeglichen-verursacher\\\/\"},\"author\":{\"name\":\"Leinewelle\",\"@id\":\"https:\\\/\\\/radioleinewelle.de\\\/#\\\/schema\\\/person\\\/45606f348637df637192dc1b68399a63\"},\"headline\":\"A7 weiter in S\u00fcdrichtung gesperrt &#8211; erste Hinweise auf m\u00f6glichen Verursacher\",\"datePublished\":\"2023-01-11T05:56:11+00:00\",\"mainEntityOfPage\":{\"@id\":\"https:\\\/\\\/radioleinewelle.de\\\/index.php\\\/2023\\\/01\\\/11\\\/a7-weiter-in-suedrichtung-gesperrt-erste-hinweise-auf-moeglichen-verursacher\\\/\"},\"wordCount\":359,\"publisher\":{\"@id\":\"https:\\\/\\\/radioleinewelle.de\\\/#organization\"},\"image\":{\"@id\":\"https:\\\/\\\/radioleinewelle.de\\\/index.php\\\/2023\\\/01\\\/11\\\/a7-weiter-in-suedrichtung-gesperrt-erste-hinweise-auf-moeglichen-verursacher\\\/#primaryimage\"},\"thumbnailUrl\":\"https:\\\/\\\/radioleinewelle.de\\\/wp-content\\\/uploads\\\/2023\\\/01\\\/230109_Paraffinverschmutzung_A7_I_Quelle_DieAutobahn-scaled-e1673275403499.jpg\",\"inLanguage\":\"de\"},{\"@type\":\"WebPage\",\"@id\":\"https:\\\/\\\/radioleinewelle.de\\\/index.php\\\/2023\\\/01\\\/11\\\/a7-weiter-in-suedrichtung-gesperrt-erste-hinweise-auf-moeglichen-verursacher\\\/\",\"url\":\"https:\\\/\\\/radioleinewelle.de\\\/index.php\\\/2023\\\/01\\\/11\\\/a7-weiter-in-suedrichtung-gesperrt-erste-hinweise-auf-moeglichen-verursacher\\\/\",\"name\":\"A7 weiter in S\u00fcdrichtung gesperrt - erste Hinweise auf m\u00f6glichen Verursacher - Radio Leinewelle\",\"isPartOf\":{\"@id\":\"https:\\\/\\\/radioleinewelle.de\\\/#website\"},\"primaryImageOfPage\":{\"@id\":\"https:\\\/\\\/radioleinewelle.de\\\/index.php\\\/2023\\\/01\\\/11\\\/a7-weiter-in-suedrichtung-gesperrt-erste-hinweise-auf-moeglichen-verursacher\\\/#primaryimage\"},\"image\":{\"@id\":\"https:\\\/\\\/radioleinewelle.de\\\/index.php\\\/2023\\\/01\\\/11\\\/a7-weiter-in-suedrichtung-gesperrt-erste-hinweise-auf-moeglichen-verursacher\\\/#primaryimage\"},\"thumbnailUrl\":\"https:\\\/\\\/radioleinewelle.de\\\/wp-content\\\/uploads\\\/2023\\\/01\\\/230109_Paraffinverschmutzung_A7_I_Quelle_DieAutobahn-scaled-e1673275403499.jpg\",\"datePublished\":\"2023-01-11T05:56:11+00:00\",\"breadcrumb\":{\"@id\":\"https:\\\/\\\/radioleinewelle.de\\\/index.php\\\/2023\\\/01\\\/11\\\/a7-weiter-in-suedrichtung-gesperrt-erste-hinweise-auf-moeglichen-verursacher\\\/#breadcrumb\"},\"inLanguage\":\"de\",\"potentialAction\":[{\"@type\":\"ReadAction\",\"target\":[\"https:\\\/\\\/radioleinewelle.de\\\/index.php\\\/2023\\\/01\\\/11\\\/a7-weiter-in-suedrichtung-gesperrt-erste-hinweise-auf-moeglichen-verursacher\\\/\"]}]},{\"@type\":\"ImageObject\",\"inLanguage\":\"de\",\"@id\":\"https:\\\/\\\/radioleinewelle.de\\\/index.php\\\/2023\\\/01\\\/11\\\/a7-weiter-in-suedrichtung-gesperrt-erste-hinweise-auf-moeglichen-verursacher\\\/#primaryimage\",\"url\":\"https:\\\/\\\/radioleinewelle.de\\\/wp-content\\\/uploads\\\/2023\\\/01\\\/230109_Paraffinverschmutzung_A7_I_Quelle_DieAutobahn-scaled-e1673275403499.jpg\",\"contentUrl\":\"https:\\\/\\\/radioleinewelle.de\\\/wp-content\\\/uploads\\\/2023\\\/01\\\/230109_Paraffinverschmutzung_A7_I_Quelle_DieAutobahn-scaled-e1673275403499.jpg\",\"width\":600,\"height\":450},{\"@type\":\"BreadcrumbList\",\"@id\":\"https:\\\/\\\/radioleinewelle.de\\\/index.php\\\/2023\\\/01\\\/11\\\/a7-weiter-in-suedrichtung-gesperrt-erste-hinweise-auf-moeglichen-verursacher\\\/#breadcrumb\",\"itemListElement\":[{\"@type\":\"ListItem\",\"position\":1,\"name\":\"Startseite\",\"item\":\"https:\\\/\\\/radioleinewelle.de\\\/\"},{\"@type\":\"ListItem\",\"position\":2,\"name\":\"A7 weiter in S\u00fcdrichtung gesperrt &#8211; erste Hinweise auf m\u00f6glichen Verursacher\"}]},{\"@type\":\"WebSite\",\"@id\":\"https:\\\/\\\/radioleinewelle.de\\\/#website\",\"url\":\"https:\\\/\\\/radioleinewelle.de\\\/\",\"name\":\"Radio Leinewelle\",\"description\":\"\",\"publisher\":{\"@id\":\"https:\\\/\\\/radioleinewelle.de\\\/#organization\"},\"potentialAction\":[{\"@type\":\"SearchAction\",\"target\":{\"@type\":\"EntryPoint\",\"urlTemplate\":\"https:\\\/\\\/radioleinewelle.de\\\/?s={search_term_string}\"},\"query-input\":{\"@type\":\"PropertyValueSpecification\",\"valueRequired\":true,\"valueName\":\"search_term_string\"}}],\"inLanguage\":\"de\"},{\"@type\":\"Organization\",\"@id\":\"https:\\\/\\\/radioleinewelle.de\\\/#organization\",\"name\":\"Radio Leinewelle\",\"alternateName\":\"Mein Radio f\u00fcr S\u00fcdniedersachsen\",\"url\":\"https:\\\/\\\/radioleinewelle.de\\\/\",\"logo\":{\"@type\":\"ImageObject\",\"inLanguage\":\"de\",\"@id\":\"https:\\\/\\\/radioleinewelle.de\\\/#\\\/schema\\\/logo\\\/image\\\/\",\"url\":\"https:\\\/\\\/radioleinewelle.de\\\/wp-content\\\/uploads\\\/2023\\\/11\\\/cropped-Leinewelle_Logo_weiss.png\",\"contentUrl\":\"https:\\\/\\\/radioleinewelle.de\\\/wp-content\\\/uploads\\\/2023\\\/11\\\/cropped-Leinewelle_Logo_weiss.png\",\"width\":854,\"height\":260,\"caption\":\"Radio Leinewelle\"},\"image\":{\"@id\":\"https:\\\/\\\/radioleinewelle.de\\\/#\\\/schema\\\/logo\\\/image\\\/\"},\"sameAs\":[\"https:\\\/\\\/www.facebook.com\\\/radioleinewelle\",\"https:\\\/\\\/x.com\\\/RLeinewelle\",\"https:\\\/\\\/www.instagram.com\\\/radioleinewelle\\\/?hl=de\"]},{\"@type\":\"Person\",\"@id\":\"https:\\\/\\\/radioleinewelle.de\\\/#\\\/schema\\\/person\\\/45606f348637df637192dc1b68399a63\",\"name\":\"Leinewelle\",\"image\":{\"@type\":\"ImageObject\",\"inLanguage\":\"de\",\"@id\":\"https:\\\/\\\/secure.gravatar.com\\\/avatar\\\/05c9a17bc973052ee5d91549bd32fb4dd0dc85b7b85ae94b2e2b4943476bbea5?s=96&d=blank&r=g\",\"url\":\"https:\\\/\\\/secure.gravatar.com\\\/avatar\\\/05c9a17bc973052ee5d91549bd32fb4dd0dc85b7b85ae94b2e2b4943476bbea5?s=96&d=blank&r=g\",\"contentUrl\":\"https:\\\/\\\/secure.gravatar.com\\\/avatar\\\/05c9a17bc973052ee5d91549bd32fb4dd0dc85b7b85ae94b2e2b4943476bbea5?s=96&d=blank&r=g\",\"caption\":\"Leinewelle\"},\"sameAs\":[\"http:\\\/\\\/localhost\\\/radio%20leinewelle\\\/wordpress\",\"https:\\\/\\\/www.facebook.com\\\/radioleinewelle\",\"https:\\\/\\\/www.instagram.com\\\/radioleinewelle\",\"https:\\\/\\\/x.com\\\/https:\\\/\\\/twitter.com\\\/RLeinewelle?ref_src=twsrcgoogletwcampserptwgrauthor\",\"https:\\\/\\\/soundcloud.com\\\/foerderverein-lokalradio?utm_source=clipboard&utm_medium=text&utm_campaign=social_sharing\"],\"url\":\"https:\\\/\\\/radioleinewelle.de\\\/index.php\\\/author\\\/leinewelle\\\/\"}]}<\/script>\n<!-- \/ Yoast SEO plugin. -->","yoast_head_json":{"title":"A7 weiter in S\u00fcdrichtung gesperrt - erste Hinweise auf m\u00f6glichen Verursacher - Radio Leinewelle","robots":{"index":"index","follow":"follow","max-snippet":"max-snippet:-1","max-image-preview":"max-image-preview:large","max-video-preview":"max-video-preview:-1"},"canonical":"https:\/\/radioleinewelle.de\/index.php\/2023\/01\/11\/a7-weiter-in-suedrichtung-gesperrt-erste-hinweise-auf-moeglichen-verursacher\/","og_locale":"de_DE","og_type":"article","og_title":"A7 weiter in S\u00fcdrichtung gesperrt - erste Hinweise auf m\u00f6glichen Verursacher - Radio Leinewelle","og_description":"Die Autobahn in Fahrtrichtung Kassel (Hessen) ist seit Sonntagnacht (08.01.23) zwischen den Anschlussstellen Northeim-Nord und Hann. M\u00fcnden-Lutterberg auf einer Gesamtl\u00e4nge von rund 60 Kilometern f\u00fcr die umfangreichen und sehr aufwendigen Reinigungsarbeiten voll gesperrt. Die Verkehrslage auf den Umleitungsstrecken bleibt angespannt. Die Polizei empfiehlt, den Bereich nach M\u00f6glichkeit weitr\u00e4umig zu umfahren. Verursacher noch unbekannt &#8211; Autobahnpolizei [&hellip;]","og_url":"https:\/\/radioleinewelle.de\/index.php\/2023\/01\/11\/a7-weiter-in-suedrichtung-gesperrt-erste-hinweise-auf-moeglichen-verursacher\/","og_site_name":"Radio Leinewelle","article_publisher":"https:\/\/www.facebook.com\/radioleinewelle","article_author":"https:\/\/www.facebook.com\/radioleinewelle","article_published_time":"2023-01-11T05:56:11+00:00","og_image":[{"width":600,"height":450,"url":"https:\/\/radioleinewelle.de\/wp-content\/uploads\/2023\/01\/230109_Paraffinverschmutzung_A7_I_Quelle_DieAutobahn-scaled-e1673275403499.jpg","type":"image\/jpeg"}],"author":"Leinewelle","twitter_card":"summary_large_image","twitter_creator":"@https:\/\/twitter.com\/RLeinewelle?ref_src=twsrcgoogletwcampserptwgrauthor","twitter_site":"@RLeinewelle","twitter_misc":{"Verfasst von":"Leinewelle","Gesch\u00e4tzte Lesezeit":"2\u00a0Minuten"},"schema":{"@context":"https:\/\/schema.org","@graph":[{"@type":"Article","@id":"https:\/\/radioleinewelle.de\/index.php\/2023\/01\/11\/a7-weiter-in-suedrichtung-gesperrt-erste-hinweise-auf-moeglichen-verursacher\/#article","isPartOf":{"@id":"https:\/\/radioleinewelle.de\/index.php\/2023\/01\/11\/a7-weiter-in-suedrichtung-gesperrt-erste-hinweise-auf-moeglichen-verursacher\/"},"author":{"name":"Leinewelle","@id":"https:\/\/radioleinewelle.de\/#\/schema\/person\/45606f348637df637192dc1b68399a63"},"headline":"A7 weiter in S\u00fcdrichtung gesperrt &#8211; erste Hinweise auf m\u00f6glichen Verursacher","datePublished":"2023-01-11T05:56:11+00:00","mainEntityOfPage":{"@id":"https:\/\/radioleinewelle.de\/index.php\/2023\/01\/11\/a7-weiter-in-suedrichtung-gesperrt-erste-hinweise-auf-moeglichen-verursacher\/"},"wordCount":359,"publisher":{"@id":"https:\/\/radioleinewelle.de\/#organization"},"image":{"@id":"https:\/\/radioleinewelle.de\/index.php\/2023\/01\/11\/a7-weiter-in-suedrichtung-gesperrt-erste-hinweise-auf-moeglichen-verursacher\/#primaryimage"},"thumbnailUrl":"https:\/\/radioleinewelle.de\/wp-content\/uploads\/2023\/01\/230109_Paraffinverschmutzung_A7_I_Quelle_DieAutobahn-scaled-e1673275403499.jpg","inLanguage":"de"},{"@type":"WebPage","@id":"https:\/\/radioleinewelle.de\/index.php\/2023\/01\/11\/a7-weiter-in-suedrichtung-gesperrt-erste-hinweise-auf-moeglichen-verursacher\/","url":"https:\/\/radioleinewelle.de\/index.php\/2023\/01\/11\/a7-weiter-in-suedrichtung-gesperrt-erste-hinweise-auf-moeglichen-verursacher\/","name":"A7 weiter in S\u00fcdrichtung gesperrt - erste Hinweise auf m\u00f6glichen Verursacher - Radio Leinewelle","isPartOf":{"@id":"https:\/\/radioleinewelle.de\/#website"},"primaryImageOfPage":{"@id":"https:\/\/radioleinewelle.de\/index.php\/2023\/01\/11\/a7-weiter-in-suedrichtung-gesperrt-erste-hinweise-auf-moeglichen-verursacher\/#primaryimage"},"image":{"@id":"https:\/\/radioleinewelle.de\/index.php\/2023\/01\/11\/a7-weiter-in-suedrichtung-gesperrt-erste-hinweise-auf-moeglichen-verursacher\/#primaryimage"},"thumbnailUrl":"https:\/\/radioleinewelle.de\/wp-content\/uploads\/2023\/01\/230109_Paraffinverschmutzung_A7_I_Quelle_DieAutobahn-scaled-e1673275403499.jpg","datePublished":"2023-01-11T05:56:11+00:00","breadcrumb":{"@id":"https:\/\/radioleinewelle.de\/index.php\/2023\/01\/11\/a7-weiter-in-suedrichtung-gesperrt-erste-hinweise-auf-moeglichen-verursacher\/#breadcrumb"},"inLanguage":"de","potentialAction":[{"@type":"ReadAction","target":["https:\/\/radioleinewelle.de\/index.php\/2023\/01\/11\/a7-weiter-in-suedrichtung-gesperrt-erste-hinweise-auf-moeglichen-verursacher\/"]}]},{"@type":"ImageObject","inLanguage":"de","@id":"https:\/\/radioleinewelle.de\/index.php\/2023\/01\/11\/a7-weiter-in-suedrichtung-gesperrt-erste-hinweise-auf-moeglichen-verursacher\/#primaryimage","url":"https:\/\/radioleinewelle.de\/wp-content\/uploads\/2023\/01\/230109_Paraffinverschmutzung_A7_I_Quelle_DieAutobahn-scaled-e1673275403499.jpg","contentUrl":"https:\/\/radioleinewelle.de\/wp-content\/uploads\/2023\/01\/230109_Paraffinverschmutzung_A7_I_Quelle_DieAutobahn-scaled-e1673275403499.jpg","width":600,"height":450},{"@type":"BreadcrumbList","@id":"https:\/\/radioleinewelle.de\/index.php\/2023\/01\/11\/a7-weiter-in-suedrichtung-gesperrt-erste-hinweise-auf-moeglichen-verursacher\/#breadcrumb","itemListElement":[{"@type":"ListItem","position":1,"name":"Startseite","item":"https:\/\/radioleinewelle.de\/"},{"@type":"ListItem","position":2,"name":"A7 weiter in S\u00fcdrichtung gesperrt &#8211; erste Hinweise auf m\u00f6glichen Verursacher"}]},{"@type":"WebSite","@id":"https:\/\/radioleinewelle.de\/#website","url":"https:\/\/radioleinewelle.de\/","name":"Radio Leinewelle","description":"","publisher":{"@id":"https:\/\/radioleinewelle.de\/#organization"},"potentialAction":[{"@type":"SearchAction","target":{"@type":"EntryPoint","urlTemplate":"https:\/\/radioleinewelle.de\/?s={search_term_string}"},"query-input":{"@type":"PropertyValueSpecification","valueRequired":true,"valueName":"search_term_string"}}],"inLanguage":"de"},{"@type":"Organization","@id":"https:\/\/radioleinewelle.de\/#organization","name":"Radio Leinewelle","alternateName":"Mein Radio f\u00fcr S\u00fcdniedersachsen","url":"https:\/\/radioleinewelle.de\/","logo":{"@type":"ImageObject","inLanguage":"de","@id":"https:\/\/radioleinewelle.de\/#\/schema\/logo\/image\/","url":"https:\/\/radioleinewelle.de\/wp-content\/uploads\/2023\/11\/cropped-Leinewelle_Logo_weiss.png","contentUrl":"https:\/\/radioleinewelle.de\/wp-content\/uploads\/2023\/11\/cropped-Leinewelle_Logo_weiss.png","width":854,"height":260,"caption":"Radio Leinewelle"},"image":{"@id":"https:\/\/radioleinewelle.de\/#\/schema\/logo\/image\/"},"sameAs":["https:\/\/www.facebook.com\/radioleinewelle","https:\/\/x.com\/RLeinewelle","https:\/\/www.instagram.com\/radioleinewelle\/?hl=de"]},{"@type":"Person","@id":"https:\/\/radioleinewelle.de\/#\/schema\/person\/45606f348637df637192dc1b68399a63","name":"Leinewelle","image":{"@type":"ImageObject","inLanguage":"de","@id":"https:\/\/secure.gravatar.com\/avatar\/05c9a17bc973052ee5d91549bd32fb4dd0dc85b7b85ae94b2e2b4943476bbea5?s=96&d=blank&r=g","url":"https:\/\/secure.gravatar.com\/avatar\/05c9a17bc973052ee5d91549bd32fb4dd0dc85b7b85ae94b2e2b4943476bbea5?s=96&d=blank&r=g","contentUrl":"https:\/\/secure.gravatar.com\/avatar\/05c9a17bc973052ee5d91549bd32fb4dd0dc85b7b85ae94b2e2b4943476bbea5?s=96&d=blank&r=g","caption":"Leinewelle"},"sameAs":["http:\/\/localhost\/radio%20leinewelle\/wordpress","https:\/\/www.facebook.com\/radioleinewelle","https:\/\/www.instagram.com\/radioleinewelle","https:\/\/x.com\/https:\/\/twitter.com\/RLeinewelle?ref_src=twsrcgoogletwcampserptwgrauthor","https:\/\/soundcloud.com\/foerderverein-lokalradio?utm_source=clipboard&utm_medium=text&utm_campaign=social_sharing"],"url":"https:\/\/radioleinewelle.de\/index.php\/author\/leinewelle\/"}]}},"_links":{"self":[{"href":"https:\/\/radioleinewelle.de\/index.php\/wp-json\/wp\/v2\/posts\/17573","targetHints":{"allow":["GET"]}}],"collection":[{"href":"https:\/\/radioleinewelle.de\/index.php\/wp-json\/wp\/v2\/posts"}],"about":[{"href":"https:\/\/radioleinewelle.de\/index.php\/wp-json\/wp\/v2\/types\/post"}],"author":[{"embeddable":true,"href":"https:\/\/radioleinewelle.de\/index.php\/wp-json\/wp\/v2\/users\/1"}],"replies":[{"embeddable":true,"href":"https:\/\/radioleinewelle.de\/index.php\/wp-json\/wp\/v2\/comments?post=17573"}],"version-history":[{"count":0,"href":"https:\/\/radioleinewelle.de\/index.php\/wp-json\/wp\/v2\/posts\/17573\/revisions"}],"wp:featuredmedia":[{"embeddable":true,"href":"https:\/\/radioleinewelle.de\/index.php\/wp-json\/wp\/v2\/media\/17540"}],"wp:attachment":[{"href":"https:\/\/radioleinewelle.de\/index.php\/wp-json\/wp\/v2\/media?parent=17573"}],"wp:term":[{"taxonomy":"category","embeddable":true,"href":"https:\/\/radioleinewelle.de\/index.php\/wp-json\/wp\/v2\/categories?post=17573"},{"taxonomy":"post_tag","embeddable":true,"href":"https:\/\/radioleinewelle.de\/index.php\/wp-json\/wp\/v2\/tags?post=17573"}],"curies":[{"name":"wp","href":"https:\/\/api.w.org\/{rel}","templated":true}]}}