{"id":1758,"date":"2020-09-21T05:30:41","date_gmt":"2020-09-21T03:30:41","guid":{"rendered":"https:\/\/radioleinewelle.de\/?p=1758"},"modified":"2020-09-21T05:30:41","modified_gmt":"2020-09-21T03:30:41","slug":"start-in-die-lehre-nach-wie-vor-moeglich-robuster-ausbildungsmarkt-im-aufholprozess","status":"publish","type":"post","link":"https:\/\/radioleinewelle.de\/index.php\/2020\/09\/21\/start-in-die-lehre-nach-wie-vor-moeglich-robuster-ausbildungsmarkt-im-aufholprozess\/","title":{"rendered":"Start in die Lehre nach wie vor m\u00f6glich: Robuster Ausbildungsmarkt im Aufholprozess"},"content":{"rendered":"<p>Bis zum 1. September sind bei der IHK Hannover 8.035 Ausbildungsvertr\u00e4ge eingereicht worden. Das ist ein Minus von 14,9 Prozent gegen\u00fcber dem gleichen Zeitpunkt des Vorjahres und leicht unter dem nieders\u00e4chsischen Durchschnitt (14,2 %). Zum Ausbildungsstart 2019 hatte die IHK Hannover noch knapp 9450 Vertr\u00e4ge gez\u00e4hlt.\u00a0In den vergangenen Wochen hat sich der R\u00fcckstand gegen\u00fcber dem jeweiligen Vorjahresstand allerdings deutlich verringert. Anfang August lag die Zahl der Ausbildungsvertr\u00e4ge noch 22,5 Prozent unter dem Vorjahresniveau. Im Fr\u00fchjahr erreichte das Minus gegen\u00fcber dem Vorjahr zweitweise Werte von deutlich \u00fcber 30 Prozent.<\/p>\n<p>Dieser Aufholprozess wird sich aus Sicht der IHK weiter fortsetzen. Aktuell gehen noch immer neue Ausbildungsvertr\u00e4ge bei der IHK ein. Corona hat sowohl die Berufsorientierung als auch die Auswahlphase in diesem Jahr deutlich beeintr\u00e4chtigt und verz\u00f6gert. Insgesamt ist der Ausbildungsmarkt aber robust. Ohnehin mussten sich die Unternehmen auf einen deutlich kleineren Abiturjahrgang durch die wieder auf neun Jahre verl\u00e4ngerte gymnasiale Schulzeit einstellen.\u00a0\u201eDie Unternehmen bilden weiterhin auf hohem Niveau aus und sichern so den Fachkr\u00e4ftenachwuchs auch in schwierigen Zeiten\u201c, kommentiert IHK-Pr\u00e4sident Gerhard Oppermann diese Zahlen. \u201eDie Unternehmen haben die Herausforderungen der Demografie nicht \u00fcber der Pandemie vergessen.\u201c<\/p>\n<p>Allerdings: die gewerblich-technischen Berufe konnten sich insgesamt bislang dem Negativtrend auch nicht ganz entziehen. Rund 2900 Ausbildungsvertr\u00e4ge wurden in diesem Bereich abgeschlossen. Das Minus fiel mit \u2013 2,3 Prozent deutlich moderater aus als bei den Kaufm\u00e4nnischen Berufen. Hier liegen die Ausbildungszahlen im Bereich der IHK Hannover mit Stand Anfang September um 20,7 Prozent unter Vorjahresniveau. Rund 5340 Vertr\u00e4ge wurden bislang bei der IHK eingereicht.<\/p>\n<p>Durch den verz\u00f6gerten Start ins Ausbildungsjahr haben Jugendliche, die bisher keinen Ausbildungsplatz gefunden haben, noch bis weit in den Herbst eine breite Auswahl an Ausbildungsberufen und damit sehr gute Chancen, auch f\u00fcr dieses Jahr einen guten Ausbildungsplatz zu erlangen. Bis Jahresende ist der Einstieg in eine Ausbildung auf jeden Fall m\u00f6glich. \u201eUnternehmen k\u00f6nnen sich bei der IHK Hannover beraten lassen, wenn sie in den kommenden Wochen noch einen Ausbildungsplatz besetzen wollen\u201c, so IHK-Chefin Bielfeldt.<\/p>\n<p>Jugendlichen empfiehlt die IHK, sich im Internet in Ausbildungsplatzb\u00f6rsen umzusehen, etwa in der <strong>IHK-Lehrstellenb\u00f6rse (<a class=\"external-link-new-window\" title=\"\u00d6ffnet einen externen Link in einem neuen Fenster\" href=\"https:\/\/www.ihk-lehrstellenboerse.de\/\" target=\"_blank\" rel=\"noopener\">www.ihk-lehrstellenboerse.de<\/a>)<\/strong>, oder auch auf interessante Ausbildungsunternehmen mit einer Initiativbewerbung direkt zuzugehen.<\/p>\n<p>Bild von <a href=\"https:\/\/pixabay.com\/de\/users\/geralt-9301\/?utm_source=link-attribution&amp;utm_medium=referral&amp;utm_campaign=image&amp;utm_content=1257233\">Gerd Altmann<\/a> auf <a href=\"https:\/\/pixabay.com\/de\/?utm_source=link-attribution&amp;utm_medium=referral&amp;utm_campaign=image&amp;utm_content=1257233\">Pixabay<\/a><\/p>\n","protected":false},"excerpt":{"rendered":"<p>Bis zum 1. September sind bei der IHK Hannover 8.035 Ausbildungsvertr\u00e4ge eingereicht worden. Das ist ein Minus von 14,9 Prozent gegen\u00fcber dem gleichen Zeitpunkt des Vorjahres und leicht unter dem nieders\u00e4chsischen Durchschnitt (14,2 %). Zum Ausbildungsstart 2019 hatte die IHK Hannover noch knapp 9450 Vertr\u00e4ge gez\u00e4hlt.\u00a0In den vergangenen Wochen hat sich der R\u00fcckstand gegen\u00fcber dem [&hellip;]<\/p>\n","protected":false},"author":1,"featured_media":1399,"comment_status":"closed","ping_status":"closed","sticky":false,"template":"","format":"standard","meta":{"saved_in_kubio":false,"footnotes":""},"categories":[1],"tags":[],"class_list":["post-1758","post","type-post","status-publish","format-standard","has-post-thumbnail","hentry","category-allgemein"],"yoast_head":"<!-- This site is optimized with the Yoast SEO plugin v27.5 - https:\/\/yoast.com\/product\/yoast-seo-wordpress\/ -->\n<title>Start in die Lehre nach wie vor m\u00f6glich: Robuster Ausbildungsmarkt im Aufholprozess - Radio Leinewelle<\/title>\n<meta name=\"robots\" content=\"index, follow, max-snippet:-1, max-image-preview:large, max-video-preview:-1\" \/>\n<link rel=\"canonical\" href=\"https:\/\/radioleinewelle.de\/index.php\/2020\/09\/21\/start-in-die-lehre-nach-wie-vor-moeglich-robuster-ausbildungsmarkt-im-aufholprozess\/\" \/>\n<meta property=\"og:locale\" content=\"de_DE\" \/>\n<meta property=\"og:type\" content=\"article\" \/>\n<meta property=\"og:title\" content=\"Start in die Lehre nach wie vor m\u00f6glich: Robuster Ausbildungsmarkt im Aufholprozess - Radio Leinewelle\" \/>\n<meta property=\"og:description\" content=\"Bis zum 1. September sind bei der IHK Hannover 8.035 Ausbildungsvertr\u00e4ge eingereicht worden. Das ist ein Minus von 14,9 Prozent gegen\u00fcber dem gleichen Zeitpunkt des Vorjahres und leicht unter dem nieders\u00e4chsischen Durchschnitt (14,2 %). Zum Ausbildungsstart 2019 hatte die IHK Hannover noch knapp 9450 Vertr\u00e4ge gez\u00e4hlt.\u00a0In den vergangenen Wochen hat sich der R\u00fcckstand gegen\u00fcber dem [&hellip;]\" \/>\n<meta property=\"og:url\" content=\"https:\/\/radioleinewelle.de\/index.php\/2020\/09\/21\/start-in-die-lehre-nach-wie-vor-moeglich-robuster-ausbildungsmarkt-im-aufholprozess\/\" \/>\n<meta property=\"og:site_name\" content=\"Radio Leinewelle\" \/>\n<meta property=\"article:publisher\" content=\"https:\/\/www.facebook.com\/radioleinewelle\" \/>\n<meta property=\"article:author\" content=\"https:\/\/www.facebook.com\/radioleinewelle\" \/>\n<meta property=\"article:published_time\" content=\"2020-09-21T03:30:41+00:00\" \/>\n<meta property=\"og:image\" content=\"https:\/\/radioleinewelle.de\/wp-content\/uploads\/2020\/09\/looking-for-a-job-1257233_640.jpg\" \/>\n\t<meta property=\"og:image:width\" content=\"640\" \/>\n\t<meta property=\"og:image:height\" content=\"436\" \/>\n\t<meta property=\"og:image:type\" content=\"image\/jpeg\" \/>\n<meta name=\"author\" content=\"Leinewelle\" \/>\n<meta name=\"twitter:card\" content=\"summary_large_image\" \/>\n<meta name=\"twitter:creator\" content=\"@https:\/\/twitter.com\/RLeinewelle?ref_src=twsrcgoogletwcampserptwgrauthor\" \/>\n<meta name=\"twitter:site\" content=\"@RLeinewelle\" \/>\n<meta name=\"twitter:label1\" content=\"Verfasst von\" \/>\n\t<meta name=\"twitter:data1\" content=\"Leinewelle\" \/>\n\t<meta name=\"twitter:label2\" content=\"Gesch\u00e4tzte Lesezeit\" \/>\n\t<meta name=\"twitter:data2\" content=\"2\u00a0Minuten\" \/>\n<script type=\"application\/ld+json\" class=\"yoast-schema-graph\">{\"@context\":\"https:\\\/\\\/schema.org\",\"@graph\":[{\"@type\":\"Article\",\"@id\":\"https:\\\/\\\/radioleinewelle.de\\\/index.php\\\/2020\\\/09\\\/21\\\/start-in-die-lehre-nach-wie-vor-moeglich-robuster-ausbildungsmarkt-im-aufholprozess\\\/#article\",\"isPartOf\":{\"@id\":\"https:\\\/\\\/radioleinewelle.de\\\/index.php\\\/2020\\\/09\\\/21\\\/start-in-die-lehre-nach-wie-vor-moeglich-robuster-ausbildungsmarkt-im-aufholprozess\\\/\"},\"author\":{\"name\":\"Leinewelle\",\"@id\":\"https:\\\/\\\/radioleinewelle.de\\\/#\\\/schema\\\/person\\\/45606f348637df637192dc1b68399a63\"},\"headline\":\"Start in die Lehre nach wie vor m\u00f6glich: Robuster Ausbildungsmarkt im Aufholprozess\",\"datePublished\":\"2020-09-21T03:30:41+00:00\",\"mainEntityOfPage\":{\"@id\":\"https:\\\/\\\/radioleinewelle.de\\\/index.php\\\/2020\\\/09\\\/21\\\/start-in-die-lehre-nach-wie-vor-moeglich-robuster-ausbildungsmarkt-im-aufholprozess\\\/\"},\"wordCount\":381,\"publisher\":{\"@id\":\"https:\\\/\\\/radioleinewelle.de\\\/#organization\"},\"image\":{\"@id\":\"https:\\\/\\\/radioleinewelle.de\\\/index.php\\\/2020\\\/09\\\/21\\\/start-in-die-lehre-nach-wie-vor-moeglich-robuster-ausbildungsmarkt-im-aufholprozess\\\/#primaryimage\"},\"thumbnailUrl\":\"https:\\\/\\\/radioleinewelle.de\\\/wp-content\\\/uploads\\\/2020\\\/09\\\/looking-for-a-job-1257233_640.jpg\",\"inLanguage\":\"de\"},{\"@type\":\"WebPage\",\"@id\":\"https:\\\/\\\/radioleinewelle.de\\\/index.php\\\/2020\\\/09\\\/21\\\/start-in-die-lehre-nach-wie-vor-moeglich-robuster-ausbildungsmarkt-im-aufholprozess\\\/\",\"url\":\"https:\\\/\\\/radioleinewelle.de\\\/index.php\\\/2020\\\/09\\\/21\\\/start-in-die-lehre-nach-wie-vor-moeglich-robuster-ausbildungsmarkt-im-aufholprozess\\\/\",\"name\":\"Start in die Lehre nach wie vor m\u00f6glich: Robuster Ausbildungsmarkt im Aufholprozess - Radio Leinewelle\",\"isPartOf\":{\"@id\":\"https:\\\/\\\/radioleinewelle.de\\\/#website\"},\"primaryImageOfPage\":{\"@id\":\"https:\\\/\\\/radioleinewelle.de\\\/index.php\\\/2020\\\/09\\\/21\\\/start-in-die-lehre-nach-wie-vor-moeglich-robuster-ausbildungsmarkt-im-aufholprozess\\\/#primaryimage\"},\"image\":{\"@id\":\"https:\\\/\\\/radioleinewelle.de\\\/index.php\\\/2020\\\/09\\\/21\\\/start-in-die-lehre-nach-wie-vor-moeglich-robuster-ausbildungsmarkt-im-aufholprozess\\\/#primaryimage\"},\"thumbnailUrl\":\"https:\\\/\\\/radioleinewelle.de\\\/wp-content\\\/uploads\\\/2020\\\/09\\\/looking-for-a-job-1257233_640.jpg\",\"datePublished\":\"2020-09-21T03:30:41+00:00\",\"breadcrumb\":{\"@id\":\"https:\\\/\\\/radioleinewelle.de\\\/index.php\\\/2020\\\/09\\\/21\\\/start-in-die-lehre-nach-wie-vor-moeglich-robuster-ausbildungsmarkt-im-aufholprozess\\\/#breadcrumb\"},\"inLanguage\":\"de\",\"potentialAction\":[{\"@type\":\"ReadAction\",\"target\":[\"https:\\\/\\\/radioleinewelle.de\\\/index.php\\\/2020\\\/09\\\/21\\\/start-in-die-lehre-nach-wie-vor-moeglich-robuster-ausbildungsmarkt-im-aufholprozess\\\/\"]}]},{\"@type\":\"ImageObject\",\"inLanguage\":\"de\",\"@id\":\"https:\\\/\\\/radioleinewelle.de\\\/index.php\\\/2020\\\/09\\\/21\\\/start-in-die-lehre-nach-wie-vor-moeglich-robuster-ausbildungsmarkt-im-aufholprozess\\\/#primaryimage\",\"url\":\"https:\\\/\\\/radioleinewelle.de\\\/wp-content\\\/uploads\\\/2020\\\/09\\\/looking-for-a-job-1257233_640.jpg\",\"contentUrl\":\"https:\\\/\\\/radioleinewelle.de\\\/wp-content\\\/uploads\\\/2020\\\/09\\\/looking-for-a-job-1257233_640.jpg\",\"width\":640,\"height\":436},{\"@type\":\"BreadcrumbList\",\"@id\":\"https:\\\/\\\/radioleinewelle.de\\\/index.php\\\/2020\\\/09\\\/21\\\/start-in-die-lehre-nach-wie-vor-moeglich-robuster-ausbildungsmarkt-im-aufholprozess\\\/#breadcrumb\",\"itemListElement\":[{\"@type\":\"ListItem\",\"position\":1,\"name\":\"Startseite\",\"item\":\"https:\\\/\\\/radioleinewelle.de\\\/\"},{\"@type\":\"ListItem\",\"position\":2,\"name\":\"Start in die Lehre nach wie vor m\u00f6glich: Robuster Ausbildungsmarkt im Aufholprozess\"}]},{\"@type\":\"WebSite\",\"@id\":\"https:\\\/\\\/radioleinewelle.de\\\/#website\",\"url\":\"https:\\\/\\\/radioleinewelle.de\\\/\",\"name\":\"Radio Leinewelle\",\"description\":\"\",\"publisher\":{\"@id\":\"https:\\\/\\\/radioleinewelle.de\\\/#organization\"},\"potentialAction\":[{\"@type\":\"SearchAction\",\"target\":{\"@type\":\"EntryPoint\",\"urlTemplate\":\"https:\\\/\\\/radioleinewelle.de\\\/?s={search_term_string}\"},\"query-input\":{\"@type\":\"PropertyValueSpecification\",\"valueRequired\":true,\"valueName\":\"search_term_string\"}}],\"inLanguage\":\"de\"},{\"@type\":\"Organization\",\"@id\":\"https:\\\/\\\/radioleinewelle.de\\\/#organization\",\"name\":\"Radio Leinewelle\",\"alternateName\":\"Mein Radio f\u00fcr S\u00fcdniedersachsen\",\"url\":\"https:\\\/\\\/radioleinewelle.de\\\/\",\"logo\":{\"@type\":\"ImageObject\",\"inLanguage\":\"de\",\"@id\":\"https:\\\/\\\/radioleinewelle.de\\\/#\\\/schema\\\/logo\\\/image\\\/\",\"url\":\"https:\\\/\\\/radioleinewelle.de\\\/wp-content\\\/uploads\\\/2023\\\/11\\\/cropped-Leinewelle_Logo_weiss.png\",\"contentUrl\":\"https:\\\/\\\/radioleinewelle.de\\\/wp-content\\\/uploads\\\/2023\\\/11\\\/cropped-Leinewelle_Logo_weiss.png\",\"width\":854,\"height\":260,\"caption\":\"Radio Leinewelle\"},\"image\":{\"@id\":\"https:\\\/\\\/radioleinewelle.de\\\/#\\\/schema\\\/logo\\\/image\\\/\"},\"sameAs\":[\"https:\\\/\\\/www.facebook.com\\\/radioleinewelle\",\"https:\\\/\\\/x.com\\\/RLeinewelle\",\"https:\\\/\\\/www.instagram.com\\\/radioleinewelle\\\/?hl=de\"]},{\"@type\":\"Person\",\"@id\":\"https:\\\/\\\/radioleinewelle.de\\\/#\\\/schema\\\/person\\\/45606f348637df637192dc1b68399a63\",\"name\":\"Leinewelle\",\"image\":{\"@type\":\"ImageObject\",\"inLanguage\":\"de\",\"@id\":\"https:\\\/\\\/secure.gravatar.com\\\/avatar\\\/05c9a17bc973052ee5d91549bd32fb4dd0dc85b7b85ae94b2e2b4943476bbea5?s=96&d=blank&r=g\",\"url\":\"https:\\\/\\\/secure.gravatar.com\\\/avatar\\\/05c9a17bc973052ee5d91549bd32fb4dd0dc85b7b85ae94b2e2b4943476bbea5?s=96&d=blank&r=g\",\"contentUrl\":\"https:\\\/\\\/secure.gravatar.com\\\/avatar\\\/05c9a17bc973052ee5d91549bd32fb4dd0dc85b7b85ae94b2e2b4943476bbea5?s=96&d=blank&r=g\",\"caption\":\"Leinewelle\"},\"sameAs\":[\"http:\\\/\\\/localhost\\\/radio%20leinewelle\\\/wordpress\",\"https:\\\/\\\/www.facebook.com\\\/radioleinewelle\",\"https:\\\/\\\/www.instagram.com\\\/radioleinewelle\",\"https:\\\/\\\/x.com\\\/https:\\\/\\\/twitter.com\\\/RLeinewelle?ref_src=twsrcgoogletwcampserptwgrauthor\",\"https:\\\/\\\/soundcloud.com\\\/foerderverein-lokalradio?utm_source=clipboard&utm_medium=text&utm_campaign=social_sharing\"],\"url\":\"https:\\\/\\\/radioleinewelle.de\\\/index.php\\\/author\\\/leinewelle\\\/\"}]}<\/script>\n<!-- \/ Yoast SEO plugin. -->","yoast_head_json":{"title":"Start in die Lehre nach wie vor m\u00f6glich: Robuster Ausbildungsmarkt im Aufholprozess - Radio Leinewelle","robots":{"index":"index","follow":"follow","max-snippet":"max-snippet:-1","max-image-preview":"max-image-preview:large","max-video-preview":"max-video-preview:-1"},"canonical":"https:\/\/radioleinewelle.de\/index.php\/2020\/09\/21\/start-in-die-lehre-nach-wie-vor-moeglich-robuster-ausbildungsmarkt-im-aufholprozess\/","og_locale":"de_DE","og_type":"article","og_title":"Start in die Lehre nach wie vor m\u00f6glich: Robuster Ausbildungsmarkt im Aufholprozess - Radio Leinewelle","og_description":"Bis zum 1. September sind bei der IHK Hannover 8.035 Ausbildungsvertr\u00e4ge eingereicht worden. Das ist ein Minus von 14,9 Prozent gegen\u00fcber dem gleichen Zeitpunkt des Vorjahres und leicht unter dem nieders\u00e4chsischen Durchschnitt (14,2 %). Zum Ausbildungsstart 2019 hatte die IHK Hannover noch knapp 9450 Vertr\u00e4ge gez\u00e4hlt.\u00a0In den vergangenen Wochen hat sich der R\u00fcckstand gegen\u00fcber dem [&hellip;]","og_url":"https:\/\/radioleinewelle.de\/index.php\/2020\/09\/21\/start-in-die-lehre-nach-wie-vor-moeglich-robuster-ausbildungsmarkt-im-aufholprozess\/","og_site_name":"Radio Leinewelle","article_publisher":"https:\/\/www.facebook.com\/radioleinewelle","article_author":"https:\/\/www.facebook.com\/radioleinewelle","article_published_time":"2020-09-21T03:30:41+00:00","og_image":[{"width":640,"height":436,"url":"https:\/\/radioleinewelle.de\/wp-content\/uploads\/2020\/09\/looking-for-a-job-1257233_640.jpg","type":"image\/jpeg"}],"author":"Leinewelle","twitter_card":"summary_large_image","twitter_creator":"@https:\/\/twitter.com\/RLeinewelle?ref_src=twsrcgoogletwcampserptwgrauthor","twitter_site":"@RLeinewelle","twitter_misc":{"Verfasst von":"Leinewelle","Gesch\u00e4tzte Lesezeit":"2\u00a0Minuten"},"schema":{"@context":"https:\/\/schema.org","@graph":[{"@type":"Article","@id":"https:\/\/radioleinewelle.de\/index.php\/2020\/09\/21\/start-in-die-lehre-nach-wie-vor-moeglich-robuster-ausbildungsmarkt-im-aufholprozess\/#article","isPartOf":{"@id":"https:\/\/radioleinewelle.de\/index.php\/2020\/09\/21\/start-in-die-lehre-nach-wie-vor-moeglich-robuster-ausbildungsmarkt-im-aufholprozess\/"},"author":{"name":"Leinewelle","@id":"https:\/\/radioleinewelle.de\/#\/schema\/person\/45606f348637df637192dc1b68399a63"},"headline":"Start in die Lehre nach wie vor m\u00f6glich: Robuster Ausbildungsmarkt im Aufholprozess","datePublished":"2020-09-21T03:30:41+00:00","mainEntityOfPage":{"@id":"https:\/\/radioleinewelle.de\/index.php\/2020\/09\/21\/start-in-die-lehre-nach-wie-vor-moeglich-robuster-ausbildungsmarkt-im-aufholprozess\/"},"wordCount":381,"publisher":{"@id":"https:\/\/radioleinewelle.de\/#organization"},"image":{"@id":"https:\/\/radioleinewelle.de\/index.php\/2020\/09\/21\/start-in-die-lehre-nach-wie-vor-moeglich-robuster-ausbildungsmarkt-im-aufholprozess\/#primaryimage"},"thumbnailUrl":"https:\/\/radioleinewelle.de\/wp-content\/uploads\/2020\/09\/looking-for-a-job-1257233_640.jpg","inLanguage":"de"},{"@type":"WebPage","@id":"https:\/\/radioleinewelle.de\/index.php\/2020\/09\/21\/start-in-die-lehre-nach-wie-vor-moeglich-robuster-ausbildungsmarkt-im-aufholprozess\/","url":"https:\/\/radioleinewelle.de\/index.php\/2020\/09\/21\/start-in-die-lehre-nach-wie-vor-moeglich-robuster-ausbildungsmarkt-im-aufholprozess\/","name":"Start in die Lehre nach wie vor m\u00f6glich: Robuster Ausbildungsmarkt im Aufholprozess - Radio Leinewelle","isPartOf":{"@id":"https:\/\/radioleinewelle.de\/#website"},"primaryImageOfPage":{"@id":"https:\/\/radioleinewelle.de\/index.php\/2020\/09\/21\/start-in-die-lehre-nach-wie-vor-moeglich-robuster-ausbildungsmarkt-im-aufholprozess\/#primaryimage"},"image":{"@id":"https:\/\/radioleinewelle.de\/index.php\/2020\/09\/21\/start-in-die-lehre-nach-wie-vor-moeglich-robuster-ausbildungsmarkt-im-aufholprozess\/#primaryimage"},"thumbnailUrl":"https:\/\/radioleinewelle.de\/wp-content\/uploads\/2020\/09\/looking-for-a-job-1257233_640.jpg","datePublished":"2020-09-21T03:30:41+00:00","breadcrumb":{"@id":"https:\/\/radioleinewelle.de\/index.php\/2020\/09\/21\/start-in-die-lehre-nach-wie-vor-moeglich-robuster-ausbildungsmarkt-im-aufholprozess\/#breadcrumb"},"inLanguage":"de","potentialAction":[{"@type":"ReadAction","target":["https:\/\/radioleinewelle.de\/index.php\/2020\/09\/21\/start-in-die-lehre-nach-wie-vor-moeglich-robuster-ausbildungsmarkt-im-aufholprozess\/"]}]},{"@type":"ImageObject","inLanguage":"de","@id":"https:\/\/radioleinewelle.de\/index.php\/2020\/09\/21\/start-in-die-lehre-nach-wie-vor-moeglich-robuster-ausbildungsmarkt-im-aufholprozess\/#primaryimage","url":"https:\/\/radioleinewelle.de\/wp-content\/uploads\/2020\/09\/looking-for-a-job-1257233_640.jpg","contentUrl":"https:\/\/radioleinewelle.de\/wp-content\/uploads\/2020\/09\/looking-for-a-job-1257233_640.jpg","width":640,"height":436},{"@type":"BreadcrumbList","@id":"https:\/\/radioleinewelle.de\/index.php\/2020\/09\/21\/start-in-die-lehre-nach-wie-vor-moeglich-robuster-ausbildungsmarkt-im-aufholprozess\/#breadcrumb","itemListElement":[{"@type":"ListItem","position":1,"name":"Startseite","item":"https:\/\/radioleinewelle.de\/"},{"@type":"ListItem","position":2,"name":"Start in die Lehre nach wie vor m\u00f6glich: Robuster Ausbildungsmarkt im Aufholprozess"}]},{"@type":"WebSite","@id":"https:\/\/radioleinewelle.de\/#website","url":"https:\/\/radioleinewelle.de\/","name":"Radio Leinewelle","description":"","publisher":{"@id":"https:\/\/radioleinewelle.de\/#organization"},"potentialAction":[{"@type":"SearchAction","target":{"@type":"EntryPoint","urlTemplate":"https:\/\/radioleinewelle.de\/?s={search_term_string}"},"query-input":{"@type":"PropertyValueSpecification","valueRequired":true,"valueName":"search_term_string"}}],"inLanguage":"de"},{"@type":"Organization","@id":"https:\/\/radioleinewelle.de\/#organization","name":"Radio Leinewelle","alternateName":"Mein Radio f\u00fcr S\u00fcdniedersachsen","url":"https:\/\/radioleinewelle.de\/","logo":{"@type":"ImageObject","inLanguage":"de","@id":"https:\/\/radioleinewelle.de\/#\/schema\/logo\/image\/","url":"https:\/\/radioleinewelle.de\/wp-content\/uploads\/2023\/11\/cropped-Leinewelle_Logo_weiss.png","contentUrl":"https:\/\/radioleinewelle.de\/wp-content\/uploads\/2023\/11\/cropped-Leinewelle_Logo_weiss.png","width":854,"height":260,"caption":"Radio Leinewelle"},"image":{"@id":"https:\/\/radioleinewelle.de\/#\/schema\/logo\/image\/"},"sameAs":["https:\/\/www.facebook.com\/radioleinewelle","https:\/\/x.com\/RLeinewelle","https:\/\/www.instagram.com\/radioleinewelle\/?hl=de"]},{"@type":"Person","@id":"https:\/\/radioleinewelle.de\/#\/schema\/person\/45606f348637df637192dc1b68399a63","name":"Leinewelle","image":{"@type":"ImageObject","inLanguage":"de","@id":"https:\/\/secure.gravatar.com\/avatar\/05c9a17bc973052ee5d91549bd32fb4dd0dc85b7b85ae94b2e2b4943476bbea5?s=96&d=blank&r=g","url":"https:\/\/secure.gravatar.com\/avatar\/05c9a17bc973052ee5d91549bd32fb4dd0dc85b7b85ae94b2e2b4943476bbea5?s=96&d=blank&r=g","contentUrl":"https:\/\/secure.gravatar.com\/avatar\/05c9a17bc973052ee5d91549bd32fb4dd0dc85b7b85ae94b2e2b4943476bbea5?s=96&d=blank&r=g","caption":"Leinewelle"},"sameAs":["http:\/\/localhost\/radio%20leinewelle\/wordpress","https:\/\/www.facebook.com\/radioleinewelle","https:\/\/www.instagram.com\/radioleinewelle","https:\/\/x.com\/https:\/\/twitter.com\/RLeinewelle?ref_src=twsrcgoogletwcampserptwgrauthor","https:\/\/soundcloud.com\/foerderverein-lokalradio?utm_source=clipboard&utm_medium=text&utm_campaign=social_sharing"],"url":"https:\/\/radioleinewelle.de\/index.php\/author\/leinewelle\/"}]}},"_links":{"self":[{"href":"https:\/\/radioleinewelle.de\/index.php\/wp-json\/wp\/v2\/posts\/1758","targetHints":{"allow":["GET"]}}],"collection":[{"href":"https:\/\/radioleinewelle.de\/index.php\/wp-json\/wp\/v2\/posts"}],"about":[{"href":"https:\/\/radioleinewelle.de\/index.php\/wp-json\/wp\/v2\/types\/post"}],"author":[{"embeddable":true,"href":"https:\/\/radioleinewelle.de\/index.php\/wp-json\/wp\/v2\/users\/1"}],"replies":[{"embeddable":true,"href":"https:\/\/radioleinewelle.de\/index.php\/wp-json\/wp\/v2\/comments?post=1758"}],"version-history":[{"count":0,"href":"https:\/\/radioleinewelle.de\/index.php\/wp-json\/wp\/v2\/posts\/1758\/revisions"}],"wp:featuredmedia":[{"embeddable":true,"href":"https:\/\/radioleinewelle.de\/index.php\/wp-json\/wp\/v2\/media\/1399"}],"wp:attachment":[{"href":"https:\/\/radioleinewelle.de\/index.php\/wp-json\/wp\/v2\/media?parent=1758"}],"wp:term":[{"taxonomy":"category","embeddable":true,"href":"https:\/\/radioleinewelle.de\/index.php\/wp-json\/wp\/v2\/categories?post=1758"},{"taxonomy":"post_tag","embeddable":true,"href":"https:\/\/radioleinewelle.de\/index.php\/wp-json\/wp\/v2\/tags?post=1758"}],"curies":[{"name":"wp","href":"https:\/\/api.w.org\/{rel}","templated":true}]}}